{"id":37493,"date":"2019-10-28T08:50:13","date_gmt":"2019-10-28T11:50:13","guid":{"rendered":"https:\/\/www.isletasnoticias.com.ar\/?p=37493"},"modified":"2019-10-28T08:51:10","modified_gmt":"2019-10-28T11:51:10","slug":"estos-son-los-legisladores-entrerrianos-que-llegaran-al-congreso-de-la-nacion","status":"publish","type":"post","link":"https:\/\/informelitoral.com.ar\/estos-son-los-legisladores-entrerrianos-que-llegaran-al-congreso-de-la-nacion\/","title":{"rendered":"Estos son los legisladores entrerrianos que llegar\u00e1n al Congreso de la Naci\u00f3n"},"content":{"rendered":"<p style=\"font-weight: 400;\">Este domingo 27 los entrerrianos no s\u00f3lo eligieron presidente, sino tambi\u00e9n siete bancas de Entre R\u00edos en el Congreso nacional: tres para el Senado y cuatro para Diputados. Seg\u00fan los datos provisorios de la C\u00e1mara Nacional Electoral, con la victoria de Juntos por el Cambio (JxC) en la provincia el reparto de bancas ser\u00eda de la siguiente manera: <strong>dos Senadores para JxC, y uno para el Frente de Todos (FdT); y dos para JxC y dos para el FdT.<\/strong><\/p>\n<p style=\"font-weight: 400;\">En el Senado repite <strong>Alfredo De Angeli,<\/strong> que consigue la reelecci\u00f3n, y lo acompa\u00f1ar\u00e1 \u00a0la radical <strong>Stella Olalla<\/strong>. En tanto, por el PJ asume <strong>Edgardo Kueider<\/strong>, actual secretario general de la Gobernaci\u00f3n. Para Diputados ingresan la radical <strong>Gabriela Lena<\/strong> y el macrista <strong>Gustavo Hein<\/strong>; y por el peronismo <strong>Marcelo Casaretto<\/strong> y <strong>Blanca Osuna.<\/strong><\/p>\n<h3><em><strong>NOTA RELACIONADA:<\/strong><\/em><\/h3>\n<blockquote class=\"wp-embedded-content\" data-secret=\"ZCg0eNGWX5\"><p><a href=\"https:\/\/www.isletasnoticias.com.ar\/entre-rios-la-renida-eleccion-en-cada-uno-de-los-17-departamentos\/\">Entre R\u00edos: la re\u00f1ida elecci\u00f3n en cada uno de los 17 departamentos<\/a><\/p><\/blockquote>\n<p><iframe loading=\"lazy\" title=\"&#171;Entre R\u00edos: la re\u00f1ida elecci\u00f3n en cada uno de los 17 departamentos&#187; &#8212; Isletas Noticias\" class=\"wp-embedded-content\" sandbox=\"allow-scripts\" security=\"restricted\" style=\"position: absolute; clip: rect(1px, 1px, 1px, 1px);\" src=\"https:\/\/www.isletasnoticias.com.ar\/entre-rios-la-renida-eleccion-en-cada-uno-de-los-17-departamentos\/embed\/#?secret=ZCg0eNGWX5\" data-secret=\"ZCg0eNGWX5\" width=\"600\" height=\"338\" frameborder=\"0\" marginwidth=\"0\" marginheight=\"0\" scrolling=\"no\"><\/iframe><\/p>\n","protected":false},"excerpt":{"rendered":"<p>Si se mantiene el resultado provisorio, ingresar\u00edan dos senadores de Juntos por el Cambio, uno por el PJ; y se repartir\u00e1n dos bancas cada uno para Diputados. <\/p>\n","protected":false},"author":2,"featured_media":37495,"comment_status":"open","ping_status":"open","sticky":false,"template":"","format":"standard","meta":{"fifu_image_url":"","fifu_image_alt":"","footnotes":""},"categories":[16],"tags":[846,196,415,421,468],"class_list":{"0":"post-37493","1":"post","2":"type-post","3":"status-publish","4":"format-standard","5":"has-post-thumbnail","7":"category-politi","8":"tag-congreso-nacional","9":"tag-diputados","10":"tag-elecciones","11":"tag-elecciones-2019","12":"tag-senadores"},"yoast_head":"<title>Estos son los legisladores entrerrianos que llegar\u00e1n al Congreso de la Naci\u00f3n - Informe Litoral<\/title>\n<meta name=\"robots\" content=\"index, follow, max-snippet:-1, max-image-preview:large, max-video-preview:-1\" \/>\n<link rel=\"canonical\" href=\"https:\/\/informelitoral.com.ar\/estos-son-los-legisladores-entrerrianos-que-llegaran-al-congreso-de-la-nacion\/\" \/>\n<meta property=\"og:locale\" content=\"es_ES\" \/>\n<meta property=\"og:type\" content=\"article\" \/>\n<meta property=\"og:title\" content=\"Estos son los legisladores entrerrianos que llegar\u00e1n al Congreso de la Naci\u00f3n - Informe Litoral\" \/>\n<meta property=\"og:description\" content=\"Si se mantiene el resultado provisorio, ingresar\u00edan dos senadores de Juntos por el Cambio, uno por el PJ; y se repartir\u00e1n dos bancas cada uno para Diputados.\" \/>\n<meta property=\"og:url\" content=\"https:\/\/informelitoral.com.ar\/estos-son-los-legisladores-entrerrianos-que-llegaran-al-congreso-de-la-nacion\/\" \/>\n<meta property=\"og:site_name\" content=\"Informe Litoral\" \/>\n<meta property=\"article:publisher\" content=\"https:\/\/www.facebook.com\/informelitoral\/\" \/>\n<meta property=\"article:published_time\" content=\"2019-10-28T11:50:13+00:00\" \/>\n<meta property=\"article:modified_time\" content=\"2019-10-28T11:51:10+00:00\" \/>\n<meta property=\"og:image\" content=\"https:\/\/informelitoral.com.ar\/%77%70%2d%63%6f%6e%74%65%6e%74\/uploads\/2019\/10\/o_1572236291.jpg\" \/>\n\t<meta property=\"og:image:width\" content=\"800\" \/>\n\t<meta property=\"og:image:height\" content=\"450\" \/>\n\t<meta property=\"og:image:type\" content=\"image\/jpeg\" \/>\n<meta name=\"author\" content=\"Gonzalo Schmidt\" \/>\n<meta name=\"twitter:card\" content=\"summary_large_image\" \/>\n<meta name=\"twitter:creator\" content=\"@InformeLitoral\" \/>\n<meta name=\"twitter:site\" content=\"@InformeLitoral\" \/>\n<meta name=\"twitter:label1\" content=\"Escrito por\" \/>\n\t<meta name=\"twitter:data1\" content=\"Gonzalo Schmidt\" \/>\n\t<meta name=\"twitter:label2\" content=\"Tiempo de lectura\" \/>\n\t<meta name=\"twitter:data2\" content=\"1 minuto\" \/>\n<script type=\"application\/ld+json\" class=\"yoast-schema-graph\">{\"@context\":\"https:\\\/\\\/schema.org\",\"@graph\":[{\"@type\":\"Article\",\"@id\":\"https:\\\/\\\/informelitoral.com.ar\\\/estos-son-los-legisladores-entrerrianos-que-llegaran-al-congreso-de-la-nacion\\\/#article\",\"isPartOf\":{\"@id\":\"https:\\\/\\\/informelitoral.com.ar\\\/estos-son-los-legisladores-entrerrianos-que-llegaran-al-congreso-de-la-nacion\\\/\"},\"author\":{\"name\":\"Gonzalo Schmidt\",\"@id\":\"https:\\\/\\\/informelitoral.com.ar\\\/#\\\/schema\\\/person\\\/b9d00407c836482871ef1d57bf8e3180\"},\"headline\":\"Estos son los legisladores entrerrianos que llegar\u00e1n al Congreso de la Naci\u00f3n\",\"datePublished\":\"2019-10-28T11:50:13+00:00\",\"dateModified\":\"2019-10-28T11:51:10+00:00\",\"mainEntityOfPage\":{\"@id\":\"https:\\\/\\\/informelitoral.com.ar\\\/estos-son-los-legisladores-entrerrianos-que-llegaran-al-congreso-de-la-nacion\\\/\"},\"wordCount\":163,\"commentCount\":0,\"publisher\":{\"@id\":\"https:\\\/\\\/informelitoral.com.ar\\\/#organization\"},\"image\":{\"@id\":\"https:\\\/\\\/informelitoral.com.ar\\\/estos-son-los-legisladores-entrerrianos-que-llegaran-al-congreso-de-la-nacion\\\/#primaryimage\"},\"thumbnailUrl\":\"https:\\\/\\\/informelitoral.com.ar\\\/%77%70%2d%63%6f%6e%74%65%6e%74\\\/uploads\\\/2019\\\/10\\\/o_1572236291.jpg\",\"keywords\":[\"Congreso nacional\",\"Diputados\",\"Elecciones\",\"Elecciones 2019\",\"Senadores\"],\"articleSection\":[\"Politica\"],\"inLanguage\":\"es\",\"potentialAction\":[{\"@type\":\"CommentAction\",\"name\":\"Comment\",\"target\":[\"https:\\\/\\\/informelitoral.com.ar\\\/estos-son-los-legisladores-entrerrianos-que-llegaran-al-congreso-de-la-nacion\\\/#respond\"]}]},{\"@type\":\"WebPage\",\"@id\":\"https:\\\/\\\/informelitoral.com.ar\\\/estos-son-los-legisladores-entrerrianos-que-llegaran-al-congreso-de-la-nacion\\\/\",\"url\":\"https:\\\/\\\/informelitoral.com.ar\\\/estos-son-los-legisladores-entrerrianos-que-llegaran-al-congreso-de-la-nacion\\\/\",\"name\":\"Estos son los legisladores entrerrianos que llegar\u00e1n al Congreso de la Naci\u00f3n - Informe Litoral\",\"isPartOf\":{\"@id\":\"https:\\\/\\\/informelitoral.com.ar\\\/#website\"},\"primaryImageOfPage\":{\"@id\":\"https:\\\/\\\/informelitoral.com.ar\\\/estos-son-los-legisladores-entrerrianos-que-llegaran-al-congreso-de-la-nacion\\\/#primaryimage\"},\"image\":{\"@id\":\"https:\\\/\\\/informelitoral.com.ar\\\/estos-son-los-legisladores-entrerrianos-que-llegaran-al-congreso-de-la-nacion\\\/#primaryimage\"},\"thumbnailUrl\":\"https:\\\/\\\/informelitoral.com.ar\\\/%77%70%2d%63%6f%6e%74%65%6e%74\\\/uploads\\\/2019\\\/10\\\/o_1572236291.jpg\",\"datePublished\":\"2019-10-28T11:50:13+00:00\",\"dateModified\":\"2019-10-28T11:51:10+00:00\",\"breadcrumb\":{\"@id\":\"https:\\\/\\\/informelitoral.com.ar\\\/estos-son-los-legisladores-entrerrianos-que-llegaran-al-congreso-de-la-nacion\\\/#breadcrumb\"},\"inLanguage\":\"es\",\"potentialAction\":[{\"@type\":\"ReadAction\",\"target\":[\"https:\\\/\\\/informelitoral.com.ar\\\/estos-son-los-legisladores-entrerrianos-que-llegaran-al-congreso-de-la-nacion\\\/\"]}]},{\"@type\":\"ImageObject\",\"inLanguage\":\"es\",\"@id\":\"https:\\\/\\\/informelitoral.com.ar\\\/estos-son-los-legisladores-entrerrianos-que-llegaran-al-congreso-de-la-nacion\\\/#primaryimage\",\"url\":\"https:\\\/\\\/informelitoral.com.ar\\\/%77%70%2d%63%6f%6e%74%65%6e%74\\\/uploads\\\/2019\\\/10\\\/o_1572236291.jpg\",\"contentUrl\":\"https:\\\/\\\/informelitoral.com.ar\\\/%77%70%2d%63%6f%6e%74%65%6e%74\\\/uploads\\\/2019\\\/10\\\/o_1572236291.jpg\",\"width\":800,\"height\":450},{\"@type\":\"BreadcrumbList\",\"@id\":\"https:\\\/\\\/informelitoral.com.ar\\\/estos-son-los-legisladores-entrerrianos-que-llegaran-al-congreso-de-la-nacion\\\/#breadcrumb\",\"itemListElement\":[{\"@type\":\"ListItem\",\"position\":1,\"name\":\"Portada\",\"item\":\"https:\\\/\\\/informelitoral.com.ar\\\/\"},{\"@type\":\"ListItem\",\"position\":2,\"name\":\"Estos son los legisladores entrerrianos que llegar\u00e1n al Congreso de la Naci\u00f3n\"}]},{\"@type\":\"WebSite\",\"@id\":\"https:\\\/\\\/informelitoral.com.ar\\\/#website\",\"url\":\"https:\\\/\\\/informelitoral.com.ar\\\/\",\"name\":\"Informe Litoral\",\"description\":\"&quot;Nos informamos&quot; \",\"publisher\":{\"@id\":\"https:\\\/\\\/informelitoral.com.ar\\\/#organization\"},\"potentialAction\":[{\"@type\":\"SearchAction\",\"target\":{\"@type\":\"EntryPoint\",\"urlTemplate\":\"https:\\\/\\\/informelitoral.com.ar\\\/?s={search_term_string}\"},\"query-input\":{\"@type\":\"PropertyValueSpecification\",\"valueRequired\":true,\"valueName\":\"search_term_string\"}}],\"inLanguage\":\"es\"},{\"@type\":\"Organization\",\"@id\":\"https:\\\/\\\/informelitoral.com.ar\\\/#organization\",\"name\":\"Informe Litoral\",\"url\":\"https:\\\/\\\/informelitoral.com.ar\\\/\",\"logo\":{\"@type\":\"ImageObject\",\"inLanguage\":\"es\",\"@id\":\"https:\\\/\\\/informelitoral.com.ar\\\/#\\\/schema\\\/logo\\\/image\\\/\",\"url\":\"https:\\\/\\\/informelitoral.com.ar\\\/%77%70%2d%63%6f%6e%74%65%6e%74\\\/uploads\\\/2021\\\/01\\\/circulo.png\",\"contentUrl\":\"https:\\\/\\\/informelitoral.com.ar\\\/%77%70%2d%63%6f%6e%74%65%6e%74\\\/uploads\\\/2021\\\/01\\\/circulo.png\",\"width\":723,\"height\":731,\"caption\":\"Informe Litoral\"},\"image\":{\"@id\":\"https:\\\/\\\/informelitoral.com.ar\\\/#\\\/schema\\\/logo\\\/image\\\/\"},\"sameAs\":[\"https:\\\/\\\/www.facebook.com\\\/informelitoral\\\/\",\"https:\\\/\\\/x.com\\\/InformeLitoral\",\"https:\\\/\\\/www.instagram.com\\\/informelitoral\\\/\",\"https:\\\/\\\/www.youtube.com\\\/channel\\\/UCua4Qvz8Icb6MYqhoq9xLXw\"]},{\"@type\":\"Person\",\"@id\":\"https:\\\/\\\/informelitoral.com.ar\\\/#\\\/schema\\\/person\\\/b9d00407c836482871ef1d57bf8e3180\",\"name\":\"Gonzalo Schmidt\",\"image\":{\"@type\":\"ImageObject\",\"inLanguage\":\"es\",\"@id\":\"https:\\\/\\\/secure.gravatar.com\\\/avatar\\\/31a1a7b66ff2de83bd0e9fd79d026630d2d99e55e8bfe501287647b4fd9743de?s=96&d=mm&r=g\",\"url\":\"https:\\\/\\\/secure.gravatar.com\\\/avatar\\\/31a1a7b66ff2de83bd0e9fd79d026630d2d99e55e8bfe501287647b4fd9743de?s=96&d=mm&r=g\",\"contentUrl\":\"https:\\\/\\\/secure.gravatar.com\\\/avatar\\\/31a1a7b66ff2de83bd0e9fd79d026630d2d99e55e8bfe501287647b4fd9743de?s=96&d=mm&r=g\",\"caption\":\"Gonzalo Schmidt\"},\"description\":\"Sitio web de noticias de la provincia de Entre R\u00edos, Argentina. Informaci\u00f3n y entretenimiento. Informe Litoral, nos informamos.\",\"sameAs\":[\"http:\\\/\\\/www.isletasnoticias.com.ar\"],\"url\":\"https:\\\/\\\/informelitoral.com.ar\\\/author\\\/gonzalo\\\/\"}]}<\/script>","yoast_head_json":{"title":"Estos son los legisladores entrerrianos que llegar\u00e1n al Congreso de la Naci\u00f3n - Informe Litoral","robots":{"index":"index","follow":"follow","max-snippet":"max-snippet:-1","max-image-preview":"max-image-preview:large","max-video-preview":"max-video-preview:-1"},"canonical":"https:\/\/informelitoral.com.ar\/estos-son-los-legisladores-entrerrianos-que-llegaran-al-congreso-de-la-nacion\/","og_locale":"es_ES","og_type":"article","og_title":"Estos son los legisladores entrerrianos que llegar\u00e1n al Congreso de la Naci\u00f3n - Informe Litoral","og_description":"Si se mantiene el resultado provisorio, ingresar\u00edan dos senadores de Juntos por el Cambio, uno por el PJ; y se repartir\u00e1n dos bancas cada uno para Diputados.","og_url":"https:\/\/informelitoral.com.ar\/estos-son-los-legisladores-entrerrianos-que-llegaran-al-congreso-de-la-nacion\/","og_site_name":"Informe Litoral","article_publisher":"https:\/\/www.facebook.com\/informelitoral\/","article_published_time":"2019-10-28T11:50:13+00:00","article_modified_time":"2019-10-28T11:51:10+00:00","og_image":[{"width":800,"height":450,"url":"https:\/\/informelitoral.com.ar\/%77%70%2d%63%6f%6e%74%65%6e%74\/uploads\/2019\/10\/o_1572236291.jpg","type":"image\/jpeg"}],"author":"Gonzalo Schmidt","twitter_card":"summary_large_image","twitter_creator":"@InformeLitoral","twitter_site":"@InformeLitoral","twitter_misc":{"Escrito por":"Gonzalo Schmidt","Tiempo de lectura":"1 minuto"},"schema":{"@context":"https:\/\/schema.org","@graph":[{"@type":"Article","@id":"https:\/\/informelitoral.com.ar\/estos-son-los-legisladores-entrerrianos-que-llegaran-al-congreso-de-la-nacion\/#article","isPartOf":{"@id":"https:\/\/informelitoral.com.ar\/estos-son-los-legisladores-entrerrianos-que-llegaran-al-congreso-de-la-nacion\/"},"author":{"name":"Gonzalo Schmidt","@id":"https:\/\/informelitoral.com.ar\/#\/schema\/person\/b9d00407c836482871ef1d57bf8e3180"},"headline":"Estos son los legisladores entrerrianos que llegar\u00e1n al Congreso de la Naci\u00f3n","datePublished":"2019-10-28T11:50:13+00:00","dateModified":"2019-10-28T11:51:10+00:00","mainEntityOfPage":{"@id":"https:\/\/informelitoral.com.ar\/estos-son-los-legisladores-entrerrianos-que-llegaran-al-congreso-de-la-nacion\/"},"wordCount":163,"commentCount":0,"publisher":{"@id":"https:\/\/informelitoral.com.ar\/#organization"},"image":{"@id":"https:\/\/informelitoral.com.ar\/estos-son-los-legisladores-entrerrianos-que-llegaran-al-congreso-de-la-nacion\/#primaryimage"},"thumbnailUrl":"https:\/\/informelitoral.com.ar\/%77%70%2d%63%6f%6e%74%65%6e%74\/uploads\/2019\/10\/o_1572236291.jpg","keywords":["Congreso nacional","Diputados","Elecciones","Elecciones 2019","Senadores"],"articleSection":["Politica"],"inLanguage":"es","potentialAction":[{"@type":"CommentAction","name":"Comment","target":["https:\/\/informelitoral.com.ar\/estos-son-los-legisladores-entrerrianos-que-llegaran-al-congreso-de-la-nacion\/#respond"]}]},{"@type":"WebPage","@id":"https:\/\/informelitoral.com.ar\/estos-son-los-legisladores-entrerrianos-que-llegaran-al-congreso-de-la-nacion\/","url":"https:\/\/informelitoral.com.ar\/estos-son-los-legisladores-entrerrianos-que-llegaran-al-congreso-de-la-nacion\/","name":"Estos son los legisladores entrerrianos que llegar\u00e1n al Congreso de la Naci\u00f3n - Informe Litoral","isPartOf":{"@id":"https:\/\/informelitoral.com.ar\/#website"},"primaryImageOfPage":{"@id":"https:\/\/informelitoral.com.ar\/estos-son-los-legisladores-entrerrianos-que-llegaran-al-congreso-de-la-nacion\/#primaryimage"},"image":{"@id":"https:\/\/informelitoral.com.ar\/estos-son-los-legisladores-entrerrianos-que-llegaran-al-congreso-de-la-nacion\/#primaryimage"},"thumbnailUrl":"https:\/\/informelitoral.com.ar\/%77%70%2d%63%6f%6e%74%65%6e%74\/uploads\/2019\/10\/o_1572236291.jpg","datePublished":"2019-10-28T11:50:13+00:00","dateModified":"2019-10-28T11:51:10+00:00","breadcrumb":{"@id":"https:\/\/informelitoral.com.ar\/estos-son-los-legisladores-entrerrianos-que-llegaran-al-congreso-de-la-nacion\/#breadcrumb"},"inLanguage":"es","potentialAction":[{"@type":"ReadAction","target":["https:\/\/informelitoral.com.ar\/estos-son-los-legisladores-entrerrianos-que-llegaran-al-congreso-de-la-nacion\/"]}]},{"@type":"ImageObject","inLanguage":"es","@id":"https:\/\/informelitoral.com.ar\/estos-son-los-legisladores-entrerrianos-que-llegaran-al-congreso-de-la-nacion\/#primaryimage","url":"https:\/\/informelitoral.com.ar\/%77%70%2d%63%6f%6e%74%65%6e%74\/uploads\/2019\/10\/o_1572236291.jpg","contentUrl":"https:\/\/informelitoral.com.ar\/%77%70%2d%63%6f%6e%74%65%6e%74\/uploads\/2019\/10\/o_1572236291.jpg","width":800,"height":450},{"@type":"BreadcrumbList","@id":"https:\/\/informelitoral.com.ar\/estos-son-los-legisladores-entrerrianos-que-llegaran-al-congreso-de-la-nacion\/#breadcrumb","itemListElement":[{"@type":"ListItem","position":1,"name":"Portada","item":"https:\/\/informelitoral.com.ar\/"},{"@type":"ListItem","position":2,"name":"Estos son los legisladores entrerrianos que llegar\u00e1n al Congreso de la Naci\u00f3n"}]},{"@type":"WebSite","@id":"https:\/\/informelitoral.com.ar\/#website","url":"https:\/\/informelitoral.com.ar\/","name":"Informe Litoral","description":"&quot;Nos informamos&quot; ","publisher":{"@id":"https:\/\/informelitoral.com.ar\/#organization"},"potentialAction":[{"@type":"SearchAction","target":{"@type":"EntryPoint","urlTemplate":"https:\/\/informelitoral.com.ar\/?s={search_term_string}"},"query-input":{"@type":"PropertyValueSpecification","valueRequired":true,"valueName":"search_term_string"}}],"inLanguage":"es"},{"@type":"Organization","@id":"https:\/\/informelitoral.com.ar\/#organization","name":"Informe Litoral","url":"https:\/\/informelitoral.com.ar\/","logo":{"@type":"ImageObject","inLanguage":"es","@id":"https:\/\/informelitoral.com.ar\/#\/schema\/logo\/image\/","url":"https:\/\/informelitoral.com.ar\/%77%70%2d%63%6f%6e%74%65%6e%74\/uploads\/2021\/01\/circulo.png","contentUrl":"https:\/\/informelitoral.com.ar\/%77%70%2d%63%6f%6e%74%65%6e%74\/uploads\/2021\/01\/circulo.png","width":723,"height":731,"caption":"Informe Litoral"},"image":{"@id":"https:\/\/informelitoral.com.ar\/#\/schema\/logo\/image\/"},"sameAs":["https:\/\/www.facebook.com\/informelitoral\/","https:\/\/x.com\/InformeLitoral","https:\/\/www.instagram.com\/informelitoral\/","https:\/\/www.youtube.com\/channel\/UCua4Qvz8Icb6MYqhoq9xLXw"]},{"@type":"Person","@id":"https:\/\/informelitoral.com.ar\/#\/schema\/person\/b9d00407c836482871ef1d57bf8e3180","name":"Gonzalo Schmidt","image":{"@type":"ImageObject","inLanguage":"es","@id":"https:\/\/secure.gravatar.com\/avatar\/31a1a7b66ff2de83bd0e9fd79d026630d2d99e55e8bfe501287647b4fd9743de?s=96&d=mm&r=g","url":"https:\/\/secure.gravatar.com\/avatar\/31a1a7b66ff2de83bd0e9fd79d026630d2d99e55e8bfe501287647b4fd9743de?s=96&d=mm&r=g","contentUrl":"https:\/\/secure.gravatar.com\/avatar\/31a1a7b66ff2de83bd0e9fd79d026630d2d99e55e8bfe501287647b4fd9743de?s=96&d=mm&r=g","caption":"Gonzalo Schmidt"},"description":"Sitio web de noticias de la provincia de Entre R\u00edos, Argentina. Informaci\u00f3n y entretenimiento. Informe Litoral, nos informamos.","sameAs":["http:\/\/www.isletasnoticias.com.ar"],"url":"https:\/\/informelitoral.com.ar\/author\/gonzalo\/"}]}},"_links":{"self":[{"href":"https:\/\/informelitoral.com.ar\/%77%70%2d%6a%73%6f%6e\/wp\/v2\/posts\/37493","targetHints":{"allow":["GET"]}}],"collection":[{"href":"https:\/\/informelitoral.com.ar\/%77%70%2d%6a%73%6f%6e\/wp\/v2\/posts"}],"about":[{"href":"https:\/\/informelitoral.com.ar\/%77%70%2d%6a%73%6f%6e\/wp\/v2\/types\/post"}],"author":[{"embeddable":true,"href":"https:\/\/informelitoral.com.ar\/%77%70%2d%6a%73%6f%6e\/wp\/v2\/users\/2"}],"replies":[{"embeddable":true,"href":"https:\/\/informelitoral.com.ar\/%77%70%2d%6a%73%6f%6e\/wp\/v2\/comments?post=37493"}],"version-history":[{"count":0,"href":"https:\/\/informelitoral.com.ar\/%77%70%2d%6a%73%6f%6e\/wp\/v2\/posts\/37493\/revisions"}],"wp:featuredmedia":[{"embeddable":true,"href":"https:\/\/informelitoral.com.ar\/%77%70%2d%6a%73%6f%6e\/wp\/v2\/media\/37495"}],"wp:attachment":[{"href":"https:\/\/informelitoral.com.ar\/%77%70%2d%6a%73%6f%6e\/wp\/v2\/media?parent=37493"}],"wp:term":[{"taxonomy":"category","embeddable":true,"href":"https:\/\/informelitoral.com.ar\/%77%70%2d%6a%73%6f%6e\/wp\/v2\/categories?post=37493"},{"taxonomy":"post_tag","embeddable":true,"href":"https:\/\/informelitoral.com.ar\/%77%70%2d%6a%73%6f%6e\/wp\/v2\/tags?post=37493"}],"curies":[{"name":"wp","href":"https:\/\/api.w.org\/{rel}","templated":true}]}}