{"id":37487,"date":"2019-10-28T08:32:49","date_gmt":"2019-10-28T11:32:49","guid":{"rendered":"https:\/\/www.isletasnoticias.com.ar\/?p=37487"},"modified":"2019-10-28T08:35:52","modified_gmt":"2019-10-28T11:35:52","slug":"alberto-fernandez-pinto-la-argentina-de-celeste-y-se-impuso-en-18-provincias","status":"publish","type":"post","link":"https:\/\/informelitoral.com.ar\/alberto-fernandez-pinto-la-argentina-de-celeste-y-se-impuso-en-18-provincias\/","title":{"rendered":"Alberto Fern\u00e1ndez pint\u00f3 la Argentina de celeste y se impuso en 18 provincias"},"content":{"rendered":"<p>Tras la victoria de\u00a0<strong>Alberto Fern\u00e1ndez\u00a0<\/strong>en las urnas ante\u00a0<strong>Mauricio Macri,<\/strong>\u00a0<strong>el mapa de la Rep\u00fablica Argentina qued\u00f3 pintado, en buena parte, de celeste<\/strong>. El Frente de Todos se impuso en 18 distritos, mientras que Juntos por el Cambio obtuvo el apoyo de cuatro de los bastiones m\u00e1s populosos, entre estos La Ciudad, C\u00f3rdoba, Santa Fe, Mendoza, y de Entre R\u00edos y San Luis.<\/p>\n<p>El binomio <strong>Alberto Fern\u00e1ndez-Cristina Fern\u00e1ndez<\/strong>\u00a0cosech\u00f3, al cierre de esta nota,\u00a0<strong>el 48,03% de los votos y le sac\u00f3 m\u00e1s de 8 a la f\u00f3rmula<\/strong>\u00a0<strong>Mauricio Macri-Miguel \u00c1ngel Pichetto<\/strong>, que cosech\u00f3 el 40,44%. En estos comicios, el macrismo recuper\u00f3 algunos de los distritos que hab\u00eda perdido en las PASO, como Santa Fe y Entre R\u00edos.<\/p>\n<p>Como era previsible el kirchnerismo gan\u00f3 en toda la Patagonia: <strong>Tierra del Fuego<\/strong>\u00a0(56,99%);\u00a0<strong>Santa Cruz\u00a0<\/strong>(59,67%),\u00a0<strong>R\u00edo Negro<\/strong>\u00a0(57,44%) y\u00a0<strong>Neuqu\u00e9n (47,64%).\u00a0<\/strong>Por su parte, en La Pampa, cosech\u00f3 el 50,08 por ciento.<\/p>\n<p>La zona centro esta vez qued\u00f3 en manos de Mauricio Macri, que <strong>se impuso en Santa Fe (43,51%); C\u00f3rdoba (61,30%); Mendoza (50,02%); La Ciudad (52,31%), Entre R\u00edos (44,49%) y San Luis (45,09%)<\/strong>. En el Gobierno atribuyen esta remontada a las marchas del S\u00ed se puede que se realizaron tras la derrota en las PASO, en las que Macri se mostr\u00f3 cercano al electorado. Sin embargo, ese acompa\u00f1amiento no alcanz\u00f3 para revertir la elecci\u00f3n.<\/p>\n<p>Por otra parte, en <strong>San Juan<\/strong>, el peronismo recibi\u00f3 un fuerte apoyo al conseguir el 53 por ciento de los votos, mientras que en el norte del pa\u00eds, el Frente de Todos gan\u00f3 en los cl\u00e1sicos bastiones peronistas como\u00a0<strong>Formosa<\/strong>\u00a0(65,08%),\u00a0<strong>Chaco<\/strong>\u00a0(55,56%) y\u00a0<strong>Santiago del Estero<\/strong>\u00a0(74,80%), aunque dio la sorpresa en otros, como el caso de\u00a0<strong>Jujuy<\/strong>, gobernadora por Gerardo Morales, en donde Alberto Fern\u00e1ndez derrot\u00f3 a Mauricio Macri al obtener el 46,07 por ciento.<\/p>\n<p>En Tucum\u00e1n, otro de los distritos m\u00e1s cercanos al kirchnerismo, Fern\u00e1ndez alcanz\u00f3 el 57,78 por ciento de los votos, mientras que en Salta cosecharon el 48,83%. En Misiones, arras\u00f3 con el 48,26 por ciento; en <strong>La Rioja,<\/strong>\u00a0el kirchnerismo obtuvo el 47,87%; en\u00a0<strong>La Pampa,<\/strong>\u00a0el 50,08 y en\u00a0<strong>Catamarca<\/strong>\u00a0el 56,63.<\/p>\n<p>Seg\u00fan los datos oficiales, la f\u00f3rmula del Frente de Todos se impon\u00eda en Jujuy con el\u00a0<strong>46,06% de los votos<\/strong>, mientras que Juntos por el Cambio obten\u00eda\u00a0<strong>el 41,55%<\/strong>. En el caso de Corrientes, macrismo no pudo contra el 50,75 por ciento del kirchnerismo, public\u00f3 <em>TN.<\/em><\/p>\n","protected":false},"excerpt":{"rendered":"<p>Macri obtuvo el apoyo del electorado en la Ciudad de Buenos Aires, C\u00f3rdoba, Santa Fe, Mendoza, Entre R\u00edos y San Luis. El Conurbano fue clave en la victoria del kirchnerismo.<\/p>\n","protected":false},"author":2,"featured_media":37488,"comment_status":"open","ping_status":"open","sticky":false,"template":"","format":"standard","meta":{"fifu_image_url":"","fifu_image_alt":"","footnotes":""},"categories":[16],"tags":[1311,29,415,421,80,197],"class_list":{"0":"post-37487","1":"post","2":"type-post","3":"status-publish","4":"format-standard","5":"has-post-thumbnail","7":"category-politi","8":"tag-alberto-fernandez","9":"tag-cambiemos","10":"tag-elecciones","11":"tag-elecciones-2019","12":"tag-mauricio-macri","13":"tag-pj"},"yoast_head":"<title>Alberto Fern\u00e1ndez pint\u00f3 la Argentina de celeste y se impuso en 18 provincias - Informe Litoral<\/title>\n<meta name=\"robots\" content=\"index, follow, max-snippet:-1, max-image-preview:large, max-video-preview:-1\" \/>\n<link rel=\"canonical\" href=\"https:\/\/informelitoral.com.ar\/alberto-fernandez-pinto-la-argentina-de-celeste-y-se-impuso-en-18-provincias\/\" \/>\n<meta property=\"og:locale\" content=\"es_ES\" \/>\n<meta property=\"og:type\" content=\"article\" \/>\n<meta property=\"og:title\" content=\"Alberto Fern\u00e1ndez pint\u00f3 la Argentina de celeste y se impuso en 18 provincias - Informe Litoral\" \/>\n<meta property=\"og:description\" content=\"Macri obtuvo el apoyo del electorado en la Ciudad de Buenos Aires, C\u00f3rdoba, Santa Fe, Mendoza, Entre R\u00edos y San Luis. El Conurbano fue clave en la victoria del kirchnerismo.\" \/>\n<meta property=\"og:url\" content=\"https:\/\/informelitoral.com.ar\/alberto-fernandez-pinto-la-argentina-de-celeste-y-se-impuso-en-18-provincias\/\" \/>\n<meta property=\"og:site_name\" content=\"Informe Litoral\" \/>\n<meta property=\"article:publisher\" content=\"https:\/\/www.facebook.com\/informelitoral\/\" \/>\n<meta property=\"article:published_time\" content=\"2019-10-28T11:32:49+00:00\" \/>\n<meta property=\"article:modified_time\" content=\"2019-10-28T11:35:52+00:00\" \/>\n<meta property=\"og:image\" content=\"https:\/\/informelitoral.com.ar\/%77%70%2d%63%6f%6e%74%65%6e%74\/uploads\/2019\/10\/mapa_del_pais.jpg\" \/>\n\t<meta property=\"og:image:width\" content=\"1366\" \/>\n\t<meta property=\"og:image:height\" content=\"765\" \/>\n\t<meta property=\"og:image:type\" content=\"image\/jpeg\" \/>\n<meta name=\"author\" content=\"Gonzalo Schmidt\" \/>\n<meta name=\"twitter:card\" content=\"summary_large_image\" \/>\n<meta name=\"twitter:creator\" content=\"@InformeLitoral\" \/>\n<meta name=\"twitter:site\" content=\"@InformeLitoral\" \/>\n<meta name=\"twitter:label1\" content=\"Escrito por\" \/>\n\t<meta name=\"twitter:data1\" content=\"Gonzalo Schmidt\" \/>\n\t<meta name=\"twitter:label2\" content=\"Tiempo de lectura\" \/>\n\t<meta name=\"twitter:data2\" content=\"2 minutos\" \/>\n<script type=\"application\/ld+json\" class=\"yoast-schema-graph\">{\"@context\":\"https:\\\/\\\/schema.org\",\"@graph\":[{\"@type\":\"Article\",\"@id\":\"https:\\\/\\\/informelitoral.com.ar\\\/alberto-fernandez-pinto-la-argentina-de-celeste-y-se-impuso-en-18-provincias\\\/#article\",\"isPartOf\":{\"@id\":\"https:\\\/\\\/informelitoral.com.ar\\\/alberto-fernandez-pinto-la-argentina-de-celeste-y-se-impuso-en-18-provincias\\\/\"},\"author\":{\"name\":\"Gonzalo Schmidt\",\"@id\":\"https:\\\/\\\/informelitoral.com.ar\\\/#\\\/schema\\\/person\\\/b9d00407c836482871ef1d57bf8e3180\"},\"headline\":\"Alberto Fern\u00e1ndez pint\u00f3 la Argentina de celeste y se impuso en 18 provincias\",\"datePublished\":\"2019-10-28T11:32:49+00:00\",\"dateModified\":\"2019-10-28T11:35:52+00:00\",\"mainEntityOfPage\":{\"@id\":\"https:\\\/\\\/informelitoral.com.ar\\\/alberto-fernandez-pinto-la-argentina-de-celeste-y-se-impuso-en-18-provincias\\\/\"},\"wordCount\":413,\"commentCount\":0,\"publisher\":{\"@id\":\"https:\\\/\\\/informelitoral.com.ar\\\/#organization\"},\"image\":{\"@id\":\"https:\\\/\\\/informelitoral.com.ar\\\/alberto-fernandez-pinto-la-argentina-de-celeste-y-se-impuso-en-18-provincias\\\/#primaryimage\"},\"thumbnailUrl\":\"https:\\\/\\\/informelitoral.com.ar\\\/%77%70%2d%63%6f%6e%74%65%6e%74\\\/uploads\\\/2019\\\/10\\\/mapa_del_pais.jpg\",\"keywords\":[\"Alberto Fern\u00e1ndez\",\"Cambiemos\",\"Elecciones\",\"Elecciones 2019\",\"Mauricio Macri\",\"PJ\"],\"articleSection\":[\"Politica\"],\"inLanguage\":\"es\",\"potentialAction\":[{\"@type\":\"CommentAction\",\"name\":\"Comment\",\"target\":[\"https:\\\/\\\/informelitoral.com.ar\\\/alberto-fernandez-pinto-la-argentina-de-celeste-y-se-impuso-en-18-provincias\\\/#respond\"]}]},{\"@type\":\"WebPage\",\"@id\":\"https:\\\/\\\/informelitoral.com.ar\\\/alberto-fernandez-pinto-la-argentina-de-celeste-y-se-impuso-en-18-provincias\\\/\",\"url\":\"https:\\\/\\\/informelitoral.com.ar\\\/alberto-fernandez-pinto-la-argentina-de-celeste-y-se-impuso-en-18-provincias\\\/\",\"name\":\"Alberto Fern\u00e1ndez pint\u00f3 la Argentina de celeste y se impuso en 18 provincias - Informe Litoral\",\"isPartOf\":{\"@id\":\"https:\\\/\\\/informelitoral.com.ar\\\/#website\"},\"primaryImageOfPage\":{\"@id\":\"https:\\\/\\\/informelitoral.com.ar\\\/alberto-fernandez-pinto-la-argentina-de-celeste-y-se-impuso-en-18-provincias\\\/#primaryimage\"},\"image\":{\"@id\":\"https:\\\/\\\/informelitoral.com.ar\\\/alberto-fernandez-pinto-la-argentina-de-celeste-y-se-impuso-en-18-provincias\\\/#primaryimage\"},\"thumbnailUrl\":\"https:\\\/\\\/informelitoral.com.ar\\\/%77%70%2d%63%6f%6e%74%65%6e%74\\\/uploads\\\/2019\\\/10\\\/mapa_del_pais.jpg\",\"datePublished\":\"2019-10-28T11:32:49+00:00\",\"dateModified\":\"2019-10-28T11:35:52+00:00\",\"breadcrumb\":{\"@id\":\"https:\\\/\\\/informelitoral.com.ar\\\/alberto-fernandez-pinto-la-argentina-de-celeste-y-se-impuso-en-18-provincias\\\/#breadcrumb\"},\"inLanguage\":\"es\",\"potentialAction\":[{\"@type\":\"ReadAction\",\"target\":[\"https:\\\/\\\/informelitoral.com.ar\\\/alberto-fernandez-pinto-la-argentina-de-celeste-y-se-impuso-en-18-provincias\\\/\"]}]},{\"@type\":\"ImageObject\",\"inLanguage\":\"es\",\"@id\":\"https:\\\/\\\/informelitoral.com.ar\\\/alberto-fernandez-pinto-la-argentina-de-celeste-y-se-impuso-en-18-provincias\\\/#primaryimage\",\"url\":\"https:\\\/\\\/informelitoral.com.ar\\\/%77%70%2d%63%6f%6e%74%65%6e%74\\\/uploads\\\/2019\\\/10\\\/mapa_del_pais.jpg\",\"contentUrl\":\"https:\\\/\\\/informelitoral.com.ar\\\/%77%70%2d%63%6f%6e%74%65%6e%74\\\/uploads\\\/2019\\\/10\\\/mapa_del_pais.jpg\",\"width\":1366,\"height\":765},{\"@type\":\"BreadcrumbList\",\"@id\":\"https:\\\/\\\/informelitoral.com.ar\\\/alberto-fernandez-pinto-la-argentina-de-celeste-y-se-impuso-en-18-provincias\\\/#breadcrumb\",\"itemListElement\":[{\"@type\":\"ListItem\",\"position\":1,\"name\":\"Portada\",\"item\":\"https:\\\/\\\/informelitoral.com.ar\\\/\"},{\"@type\":\"ListItem\",\"position\":2,\"name\":\"Alberto Fern\u00e1ndez pint\u00f3 la Argentina de celeste y se impuso en 18 provincias\"}]},{\"@type\":\"WebSite\",\"@id\":\"https:\\\/\\\/informelitoral.com.ar\\\/#website\",\"url\":\"https:\\\/\\\/informelitoral.com.ar\\\/\",\"name\":\"Informe Litoral\",\"description\":\"&quot;Nos informamos&quot; \",\"publisher\":{\"@id\":\"https:\\\/\\\/informelitoral.com.ar\\\/#organization\"},\"potentialAction\":[{\"@type\":\"SearchAction\",\"target\":{\"@type\":\"EntryPoint\",\"urlTemplate\":\"https:\\\/\\\/informelitoral.com.ar\\\/?s={search_term_string}\"},\"query-input\":{\"@type\":\"PropertyValueSpecification\",\"valueRequired\":true,\"valueName\":\"search_term_string\"}}],\"inLanguage\":\"es\"},{\"@type\":\"Organization\",\"@id\":\"https:\\\/\\\/informelitoral.com.ar\\\/#organization\",\"name\":\"Informe Litoral\",\"url\":\"https:\\\/\\\/informelitoral.com.ar\\\/\",\"logo\":{\"@type\":\"ImageObject\",\"inLanguage\":\"es\",\"@id\":\"https:\\\/\\\/informelitoral.com.ar\\\/#\\\/schema\\\/logo\\\/image\\\/\",\"url\":\"https:\\\/\\\/informelitoral.com.ar\\\/%77%70%2d%63%6f%6e%74%65%6e%74\\\/uploads\\\/2021\\\/01\\\/circulo.png\",\"contentUrl\":\"https:\\\/\\\/informelitoral.com.ar\\\/%77%70%2d%63%6f%6e%74%65%6e%74\\\/uploads\\\/2021\\\/01\\\/circulo.png\",\"width\":723,\"height\":731,\"caption\":\"Informe Litoral\"},\"image\":{\"@id\":\"https:\\\/\\\/informelitoral.com.ar\\\/#\\\/schema\\\/logo\\\/image\\\/\"},\"sameAs\":[\"https:\\\/\\\/www.facebook.com\\\/informelitoral\\\/\",\"https:\\\/\\\/x.com\\\/InformeLitoral\",\"https:\\\/\\\/www.instagram.com\\\/informelitoral\\\/\",\"https:\\\/\\\/www.youtube.com\\\/channel\\\/UCua4Qvz8Icb6MYqhoq9xLXw\"]},{\"@type\":\"Person\",\"@id\":\"https:\\\/\\\/informelitoral.com.ar\\\/#\\\/schema\\\/person\\\/b9d00407c836482871ef1d57bf8e3180\",\"name\":\"Gonzalo Schmidt\",\"image\":{\"@type\":\"ImageObject\",\"inLanguage\":\"es\",\"@id\":\"https:\\\/\\\/secure.gravatar.com\\\/avatar\\\/31a1a7b66ff2de83bd0e9fd79d026630d2d99e55e8bfe501287647b4fd9743de?s=96&d=mm&r=g\",\"url\":\"https:\\\/\\\/secure.gravatar.com\\\/avatar\\\/31a1a7b66ff2de83bd0e9fd79d026630d2d99e55e8bfe501287647b4fd9743de?s=96&d=mm&r=g\",\"contentUrl\":\"https:\\\/\\\/secure.gravatar.com\\\/avatar\\\/31a1a7b66ff2de83bd0e9fd79d026630d2d99e55e8bfe501287647b4fd9743de?s=96&d=mm&r=g\",\"caption\":\"Gonzalo Schmidt\"},\"description\":\"Sitio web de noticias de la provincia de Entre R\u00edos, Argentina. Informaci\u00f3n y entretenimiento. Informe Litoral, nos informamos.\",\"sameAs\":[\"http:\\\/\\\/www.isletasnoticias.com.ar\"],\"url\":\"https:\\\/\\\/informelitoral.com.ar\\\/author\\\/gonzalo\\\/\"}]}<\/script>","yoast_head_json":{"title":"Alberto Fern\u00e1ndez pint\u00f3 la Argentina de celeste y se impuso en 18 provincias - Informe Litoral","robots":{"index":"index","follow":"follow","max-snippet":"max-snippet:-1","max-image-preview":"max-image-preview:large","max-video-preview":"max-video-preview:-1"},"canonical":"https:\/\/informelitoral.com.ar\/alberto-fernandez-pinto-la-argentina-de-celeste-y-se-impuso-en-18-provincias\/","og_locale":"es_ES","og_type":"article","og_title":"Alberto Fern\u00e1ndez pint\u00f3 la Argentina de celeste y se impuso en 18 provincias - Informe Litoral","og_description":"Macri obtuvo el apoyo del electorado en la Ciudad de Buenos Aires, C\u00f3rdoba, Santa Fe, Mendoza, Entre R\u00edos y San Luis. El Conurbano fue clave en la victoria del kirchnerismo.","og_url":"https:\/\/informelitoral.com.ar\/alberto-fernandez-pinto-la-argentina-de-celeste-y-se-impuso-en-18-provincias\/","og_site_name":"Informe Litoral","article_publisher":"https:\/\/www.facebook.com\/informelitoral\/","article_published_time":"2019-10-28T11:32:49+00:00","article_modified_time":"2019-10-28T11:35:52+00:00","og_image":[{"width":1366,"height":765,"url":"https:\/\/informelitoral.com.ar\/%77%70%2d%63%6f%6e%74%65%6e%74\/uploads\/2019\/10\/mapa_del_pais.jpg","type":"image\/jpeg"}],"author":"Gonzalo Schmidt","twitter_card":"summary_large_image","twitter_creator":"@InformeLitoral","twitter_site":"@InformeLitoral","twitter_misc":{"Escrito por":"Gonzalo Schmidt","Tiempo de lectura":"2 minutos"},"schema":{"@context":"https:\/\/schema.org","@graph":[{"@type":"Article","@id":"https:\/\/informelitoral.com.ar\/alberto-fernandez-pinto-la-argentina-de-celeste-y-se-impuso-en-18-provincias\/#article","isPartOf":{"@id":"https:\/\/informelitoral.com.ar\/alberto-fernandez-pinto-la-argentina-de-celeste-y-se-impuso-en-18-provincias\/"},"author":{"name":"Gonzalo Schmidt","@id":"https:\/\/informelitoral.com.ar\/#\/schema\/person\/b9d00407c836482871ef1d57bf8e3180"},"headline":"Alberto Fern\u00e1ndez pint\u00f3 la Argentina de celeste y se impuso en 18 provincias","datePublished":"2019-10-28T11:32:49+00:00","dateModified":"2019-10-28T11:35:52+00:00","mainEntityOfPage":{"@id":"https:\/\/informelitoral.com.ar\/alberto-fernandez-pinto-la-argentina-de-celeste-y-se-impuso-en-18-provincias\/"},"wordCount":413,"commentCount":0,"publisher":{"@id":"https:\/\/informelitoral.com.ar\/#organization"},"image":{"@id":"https:\/\/informelitoral.com.ar\/alberto-fernandez-pinto-la-argentina-de-celeste-y-se-impuso-en-18-provincias\/#primaryimage"},"thumbnailUrl":"https:\/\/informelitoral.com.ar\/%77%70%2d%63%6f%6e%74%65%6e%74\/uploads\/2019\/10\/mapa_del_pais.jpg","keywords":["Alberto Fern\u00e1ndez","Cambiemos","Elecciones","Elecciones 2019","Mauricio Macri","PJ"],"articleSection":["Politica"],"inLanguage":"es","potentialAction":[{"@type":"CommentAction","name":"Comment","target":["https:\/\/informelitoral.com.ar\/alberto-fernandez-pinto-la-argentina-de-celeste-y-se-impuso-en-18-provincias\/#respond"]}]},{"@type":"WebPage","@id":"https:\/\/informelitoral.com.ar\/alberto-fernandez-pinto-la-argentina-de-celeste-y-se-impuso-en-18-provincias\/","url":"https:\/\/informelitoral.com.ar\/alberto-fernandez-pinto-la-argentina-de-celeste-y-se-impuso-en-18-provincias\/","name":"Alberto Fern\u00e1ndez pint\u00f3 la Argentina de celeste y se impuso en 18 provincias - Informe Litoral","isPartOf":{"@id":"https:\/\/informelitoral.com.ar\/#website"},"primaryImageOfPage":{"@id":"https:\/\/informelitoral.com.ar\/alberto-fernandez-pinto-la-argentina-de-celeste-y-se-impuso-en-18-provincias\/#primaryimage"},"image":{"@id":"https:\/\/informelitoral.com.ar\/alberto-fernandez-pinto-la-argentina-de-celeste-y-se-impuso-en-18-provincias\/#primaryimage"},"thumbnailUrl":"https:\/\/informelitoral.com.ar\/%77%70%2d%63%6f%6e%74%65%6e%74\/uploads\/2019\/10\/mapa_del_pais.jpg","datePublished":"2019-10-28T11:32:49+00:00","dateModified":"2019-10-28T11:35:52+00:00","breadcrumb":{"@id":"https:\/\/informelitoral.com.ar\/alberto-fernandez-pinto-la-argentina-de-celeste-y-se-impuso-en-18-provincias\/#breadcrumb"},"inLanguage":"es","potentialAction":[{"@type":"ReadAction","target":["https:\/\/informelitoral.com.ar\/alberto-fernandez-pinto-la-argentina-de-celeste-y-se-impuso-en-18-provincias\/"]}]},{"@type":"ImageObject","inLanguage":"es","@id":"https:\/\/informelitoral.com.ar\/alberto-fernandez-pinto-la-argentina-de-celeste-y-se-impuso-en-18-provincias\/#primaryimage","url":"https:\/\/informelitoral.com.ar\/%77%70%2d%63%6f%6e%74%65%6e%74\/uploads\/2019\/10\/mapa_del_pais.jpg","contentUrl":"https:\/\/informelitoral.com.ar\/%77%70%2d%63%6f%6e%74%65%6e%74\/uploads\/2019\/10\/mapa_del_pais.jpg","width":1366,"height":765},{"@type":"BreadcrumbList","@id":"https:\/\/informelitoral.com.ar\/alberto-fernandez-pinto-la-argentina-de-celeste-y-se-impuso-en-18-provincias\/#breadcrumb","itemListElement":[{"@type":"ListItem","position":1,"name":"Portada","item":"https:\/\/informelitoral.com.ar\/"},{"@type":"ListItem","position":2,"name":"Alberto Fern\u00e1ndez pint\u00f3 la Argentina de celeste y se impuso en 18 provincias"}]},{"@type":"WebSite","@id":"https:\/\/informelitoral.com.ar\/#website","url":"https:\/\/informelitoral.com.ar\/","name":"Informe Litoral","description":"&quot;Nos informamos&quot; ","publisher":{"@id":"https:\/\/informelitoral.com.ar\/#organization"},"potentialAction":[{"@type":"SearchAction","target":{"@type":"EntryPoint","urlTemplate":"https:\/\/informelitoral.com.ar\/?s={search_term_string}"},"query-input":{"@type":"PropertyValueSpecification","valueRequired":true,"valueName":"search_term_string"}}],"inLanguage":"es"},{"@type":"Organization","@id":"https:\/\/informelitoral.com.ar\/#organization","name":"Informe Litoral","url":"https:\/\/informelitoral.com.ar\/","logo":{"@type":"ImageObject","inLanguage":"es","@id":"https:\/\/informelitoral.com.ar\/#\/schema\/logo\/image\/","url":"https:\/\/informelitoral.com.ar\/%77%70%2d%63%6f%6e%74%65%6e%74\/uploads\/2021\/01\/circulo.png","contentUrl":"https:\/\/informelitoral.com.ar\/%77%70%2d%63%6f%6e%74%65%6e%74\/uploads\/2021\/01\/circulo.png","width":723,"height":731,"caption":"Informe Litoral"},"image":{"@id":"https:\/\/informelitoral.com.ar\/#\/schema\/logo\/image\/"},"sameAs":["https:\/\/www.facebook.com\/informelitoral\/","https:\/\/x.com\/InformeLitoral","https:\/\/www.instagram.com\/informelitoral\/","https:\/\/www.youtube.com\/channel\/UCua4Qvz8Icb6MYqhoq9xLXw"]},{"@type":"Person","@id":"https:\/\/informelitoral.com.ar\/#\/schema\/person\/b9d00407c836482871ef1d57bf8e3180","name":"Gonzalo Schmidt","image":{"@type":"ImageObject","inLanguage":"es","@id":"https:\/\/secure.gravatar.com\/avatar\/31a1a7b66ff2de83bd0e9fd79d026630d2d99e55e8bfe501287647b4fd9743de?s=96&d=mm&r=g","url":"https:\/\/secure.gravatar.com\/avatar\/31a1a7b66ff2de83bd0e9fd79d026630d2d99e55e8bfe501287647b4fd9743de?s=96&d=mm&r=g","contentUrl":"https:\/\/secure.gravatar.com\/avatar\/31a1a7b66ff2de83bd0e9fd79d026630d2d99e55e8bfe501287647b4fd9743de?s=96&d=mm&r=g","caption":"Gonzalo Schmidt"},"description":"Sitio web de noticias de la provincia de Entre R\u00edos, Argentina. Informaci\u00f3n y entretenimiento. Informe Litoral, nos informamos.","sameAs":["http:\/\/www.isletasnoticias.com.ar"],"url":"https:\/\/informelitoral.com.ar\/author\/gonzalo\/"}]}},"_links":{"self":[{"href":"https:\/\/informelitoral.com.ar\/%77%70%2d%6a%73%6f%6e\/wp\/v2\/posts\/37487","targetHints":{"allow":["GET"]}}],"collection":[{"href":"https:\/\/informelitoral.com.ar\/%77%70%2d%6a%73%6f%6e\/wp\/v2\/posts"}],"about":[{"href":"https:\/\/informelitoral.com.ar\/%77%70%2d%6a%73%6f%6e\/wp\/v2\/types\/post"}],"author":[{"embeddable":true,"href":"https:\/\/informelitoral.com.ar\/%77%70%2d%6a%73%6f%6e\/wp\/v2\/users\/2"}],"replies":[{"embeddable":true,"href":"https:\/\/informelitoral.com.ar\/%77%70%2d%6a%73%6f%6e\/wp\/v2\/comments?post=37487"}],"version-history":[{"count":0,"href":"https:\/\/informelitoral.com.ar\/%77%70%2d%6a%73%6f%6e\/wp\/v2\/posts\/37487\/revisions"}],"wp:featuredmedia":[{"embeddable":true,"href":"https:\/\/informelitoral.com.ar\/%77%70%2d%6a%73%6f%6e\/wp\/v2\/media\/37488"}],"wp:attachment":[{"href":"https:\/\/informelitoral.com.ar\/%77%70%2d%6a%73%6f%6e\/wp\/v2\/media?parent=37487"}],"wp:term":[{"taxonomy":"category","embeddable":true,"href":"https:\/\/informelitoral.com.ar\/%77%70%2d%6a%73%6f%6e\/wp\/v2\/categories?post=37487"},{"taxonomy":"post_tag","embeddable":true,"href":"https:\/\/informelitoral.com.ar\/%77%70%2d%6a%73%6f%6e\/wp\/v2\/tags?post=37487"}],"curies":[{"name":"wp","href":"https:\/\/api.w.org\/{rel}","templated":true}]}}