{"id":37452,"date":"2019-10-27T21:55:01","date_gmt":"2019-10-28T00:55:01","guid":{"rendered":"https:\/\/www.isletasnoticias.com.ar\/?p=37452"},"modified":"2019-10-27T21:56:53","modified_gmt":"2019-10-28T00:56:53","slug":"isletas-mauricio-macri-gano-por-91-votos","status":"publish","type":"post","link":"https:\/\/informelitoral.com.ar\/isletas-mauricio-macri-gano-por-91-votos\/","title":{"rendered":"Isletas: Mauricio Macri gan\u00f3 por 91 votos"},"content":{"rendered":"<p>Juntos por el Cambio hizo otra elecci\u00f3n hist\u00f3rica en la localidad de Isletas. Es que se impuso por 91 sufragios sobre el candidato del Frente de Todos, Alberto Fern\u00e1ndez.<\/p>\n<h3><strong>Los resultados:\u00a0<\/strong><\/h3>\n<p>Juntos por el Cambio (<strong>Mauricio Macri<\/strong>) 239 votos; Frente de Todos (<strong>Alberto Fern\u00e1ndez<\/strong>) 148 sufragios; Consenso Federal &#8211; Partido Socialista (<strong>Roberto Lavagna<\/strong>) 19; el Frente de Izquieda &#8211; Nueva Izquierda (<strong>Nicol\u00e1s del Ca\u00f1o<\/strong>) 5 votos; Unite por la Libertad y la Dignidad (<strong>Jos\u00e9 Luis Espert<\/strong>) 4; y el Frente Nos (<strong>Juan Jos\u00e9 G\u00f3mez Centuri\u00f3n<\/strong>) cosech\u00f3 dos votos.<\/p>\n<h3><strong>As\u00ed vot\u00f3 cada mesa:<\/strong><\/h3>\n<h3><strong><a href=\"https:\/\/www.isletasnoticias.com.ar\/%77%70%2d%63%6f%6e%74%65%6e%74\/uploads\/2019\/10\/8a232403-ce02-4a13-9a15-0675983a81f2.jpg\"><img loading=\"lazy\" decoding=\"async\" class=\"size-medium wp-image-37455 alignright\" src=\"https:\/\/www.isletasnoticias.com.ar\/%77%70%2d%63%6f%6e%74%65%6e%74\/uploads\/2019\/10\/8a232403-ce02-4a13-9a15-0675983a81f2-225x300.jpg\" alt=\"\" width=\"225\" height=\"300\" srcset=\"https:\/\/informelitoral.com.ar\/%77%70%2d%63%6f%6e%74%65%6e%74\/uploads\/2019\/10\/8a232403-ce02-4a13-9a15-0675983a81f2-225x300.jpg 225w, https:\/\/informelitoral.com.ar\/%77%70%2d%63%6f%6e%74%65%6e%74\/uploads\/2019\/10\/8a232403-ce02-4a13-9a15-0675983a81f2-768x1024.jpg 768w, https:\/\/informelitoral.com.ar\/%77%70%2d%63%6f%6e%74%65%6e%74\/uploads\/2019\/10\/8a232403-ce02-4a13-9a15-0675983a81f2-696x928.jpg 696w, https:\/\/informelitoral.com.ar\/%77%70%2d%63%6f%6e%74%65%6e%74\/uploads\/2019\/10\/8a232403-ce02-4a13-9a15-0675983a81f2-315x420.jpg 315w, https:\/\/informelitoral.com.ar\/%77%70%2d%63%6f%6e%74%65%6e%74\/uploads\/2019\/10\/8a232403-ce02-4a13-9a15-0675983a81f2.jpg 774w\" sizes=\"auto, (max-width: 225px) 100vw, 225px\" \/><\/a><\/strong><\/h3>\n<p><a href=\"https:\/\/www.isletasnoticias.com.ar\/%77%70%2d%63%6f%6e%74%65%6e%74\/uploads\/2019\/10\/9f2b2725-097c-4dd4-8649-82b3bb3ace9d.jpg\"><img loading=\"lazy\" decoding=\"async\" class=\"size-medium wp-image-37454 alignnone\" src=\"https:\/\/www.isletasnoticias.com.ar\/%77%70%2d%63%6f%6e%74%65%6e%74\/uploads\/2019\/10\/9f2b2725-097c-4dd4-8649-82b3bb3ace9d-225x300.jpg\" alt=\"\" width=\"225\" height=\"300\" srcset=\"https:\/\/informelitoral.com.ar\/%77%70%2d%63%6f%6e%74%65%6e%74\/uploads\/2019\/10\/9f2b2725-097c-4dd4-8649-82b3bb3ace9d-225x300.jpg 225w, https:\/\/informelitoral.com.ar\/%77%70%2d%63%6f%6e%74%65%6e%74\/uploads\/2019\/10\/9f2b2725-097c-4dd4-8649-82b3bb3ace9d-768x1024.jpg 768w, https:\/\/informelitoral.com.ar\/%77%70%2d%63%6f%6e%74%65%6e%74\/uploads\/2019\/10\/9f2b2725-097c-4dd4-8649-82b3bb3ace9d-696x928.jpg 696w, https:\/\/informelitoral.com.ar\/%77%70%2d%63%6f%6e%74%65%6e%74\/uploads\/2019\/10\/9f2b2725-097c-4dd4-8649-82b3bb3ace9d-315x420.jpg 315w, https:\/\/informelitoral.com.ar\/%77%70%2d%63%6f%6e%74%65%6e%74\/uploads\/2019\/10\/9f2b2725-097c-4dd4-8649-82b3bb3ace9d.jpg 774w\" sizes=\"auto, (max-width: 225px) 100vw, 225px\" \/><\/a><\/p>\n<p>En la localidad vot\u00f3 cerca del 85% del padr\u00f3n, es decir 418 de un total de 492 ciudadanos habilitados para sufragar.\u00a0\u00a0<em>(IN)<\/em><\/p>\n<p><em><a href=\"https:\/\/www.isletasnoticias.com.ar\/%77%70%2d%63%6f%6e%74%65%6e%74\/uploads\/2019\/10\/83b39886-88e9-4f51-ac3b-d2aed4954b9d.jpg\"><img loading=\"lazy\" decoding=\"async\" class=\"aligncenter wp-image-37447 size-large\" src=\"https:\/\/www.isletasnoticias.com.ar\/%77%70%2d%63%6f%6e%74%65%6e%74\/uploads\/2019\/10\/83b39886-88e9-4f51-ac3b-d2aed4954b9d-1024x768.jpg\" alt=\"\" width=\"696\" height=\"522\" srcset=\"https:\/\/informelitoral.com.ar\/%77%70%2d%63%6f%6e%74%65%6e%74\/uploads\/2019\/10\/83b39886-88e9-4f51-ac3b-d2aed4954b9d-1024x768.jpg 1024w, https:\/\/informelitoral.com.ar\/%77%70%2d%63%6f%6e%74%65%6e%74\/uploads\/2019\/10\/83b39886-88e9-4f51-ac3b-d2aed4954b9d-300x225.jpg 300w, https:\/\/informelitoral.com.ar\/%77%70%2d%63%6f%6e%74%65%6e%74\/uploads\/2019\/10\/83b39886-88e9-4f51-ac3b-d2aed4954b9d-768x576.jpg 768w, https:\/\/informelitoral.com.ar\/%77%70%2d%63%6f%6e%74%65%6e%74\/uploads\/2019\/10\/83b39886-88e9-4f51-ac3b-d2aed4954b9d-80x60.jpg 80w, https:\/\/informelitoral.com.ar\/%77%70%2d%63%6f%6e%74%65%6e%74\/uploads\/2019\/10\/83b39886-88e9-4f51-ac3b-d2aed4954b9d-265x198.jpg 265w, https:\/\/informelitoral.com.ar\/%77%70%2d%63%6f%6e%74%65%6e%74\/uploads\/2019\/10\/83b39886-88e9-4f51-ac3b-d2aed4954b9d-696x522.jpg 696w, https:\/\/informelitoral.com.ar\/%77%70%2d%63%6f%6e%74%65%6e%74\/uploads\/2019\/10\/83b39886-88e9-4f51-ac3b-d2aed4954b9d-1068x801.jpg 1068w, https:\/\/informelitoral.com.ar\/%77%70%2d%63%6f%6e%74%65%6e%74\/uploads\/2019\/10\/83b39886-88e9-4f51-ac3b-d2aed4954b9d-560x420.jpg 560w, https:\/\/informelitoral.com.ar\/%77%70%2d%63%6f%6e%74%65%6e%74\/uploads\/2019\/10\/83b39886-88e9-4f51-ac3b-d2aed4954b9d.jpg 1152w\" sizes=\"auto, (max-width: 696px) 100vw, 696px\" \/><\/a><\/em><\/p>\n","protected":false},"excerpt":{"rendered":"<p>El candidato a presidente de Juntos por el Cambio obtuvo 239 sufragios contra 148 del Frente de Todos. Macri le sac\u00f3 91 votos de diferencia a Alberto Fern\u00e1ndez. <\/p>\n","protected":false},"author":2,"featured_media":37453,"comment_status":"open","ping_status":"open","sticky":false,"template":"","format":"standard","meta":{"fifu_image_url":"","fifu_image_alt":"","footnotes":""},"categories":[4,16],"tags":[1311,421,1262,69,80],"class_list":{"0":"post-37452","1":"post","2":"type-post","3":"status-publish","4":"format-standard","5":"has-post-thumbnail","7":"category-locales","8":"category-politi","9":"tag-alberto-fernandez","10":"tag-elecciones-2019","11":"tag-escuela-14","12":"tag-isletas","13":"tag-mauricio-macri"},"yoast_head":"<title>Isletas: Mauricio Macri gan\u00f3 por 91 votos - Informe Litoral<\/title>\n<meta name=\"robots\" content=\"index, follow, max-snippet:-1, max-image-preview:large, max-video-preview:-1\" \/>\n<link rel=\"canonical\" href=\"https:\/\/informelitoral.com.ar\/isletas-mauricio-macri-gano-por-91-votos\/\" \/>\n<meta property=\"og:locale\" content=\"es_ES\" \/>\n<meta property=\"og:type\" content=\"article\" \/>\n<meta property=\"og:title\" content=\"Isletas: Mauricio Macri gan\u00f3 por 91 votos - Informe Litoral\" \/>\n<meta property=\"og:description\" content=\"El candidato a presidente de Juntos por el Cambio obtuvo 239 sufragios contra 148 del Frente de Todos. Macri le sac\u00f3 91 votos de diferencia a Alberto Fern\u00e1ndez.\" \/>\n<meta property=\"og:url\" content=\"https:\/\/informelitoral.com.ar\/isletas-mauricio-macri-gano-por-91-votos\/\" \/>\n<meta property=\"og:site_name\" content=\"Informe Litoral\" \/>\n<meta property=\"article:publisher\" content=\"https:\/\/www.facebook.com\/informelitoral\/\" \/>\n<meta property=\"article:published_time\" content=\"2019-10-28T00:55:01+00:00\" \/>\n<meta property=\"article:modified_time\" content=\"2019-10-28T00:56:53+00:00\" \/>\n<meta property=\"og:image\" content=\"https:\/\/informelitoral.com.ar\/%77%70%2d%63%6f%6e%74%65%6e%74\/uploads\/2019\/10\/Macri_1551500298.jpg\" \/>\n\t<meta property=\"og:image:width\" content=\"1072\" \/>\n\t<meta property=\"og:image:height\" content=\"589\" \/>\n\t<meta property=\"og:image:type\" content=\"image\/jpeg\" \/>\n<meta name=\"author\" content=\"Gonzalo Schmidt\" \/>\n<meta name=\"twitter:card\" content=\"summary_large_image\" \/>\n<meta name=\"twitter:creator\" content=\"@InformeLitoral\" \/>\n<meta name=\"twitter:site\" content=\"@InformeLitoral\" \/>\n<meta name=\"twitter:label1\" content=\"Escrito por\" \/>\n\t<meta name=\"twitter:data1\" content=\"Gonzalo Schmidt\" \/>\n\t<meta name=\"twitter:label2\" content=\"Tiempo de lectura\" \/>\n\t<meta name=\"twitter:data2\" content=\"1 minuto\" \/>\n<script type=\"application\/ld+json\" class=\"yoast-schema-graph\">{\"@context\":\"https:\\\/\\\/schema.org\",\"@graph\":[{\"@type\":\"Article\",\"@id\":\"https:\\\/\\\/informelitoral.com.ar\\\/isletas-mauricio-macri-gano-por-91-votos\\\/#article\",\"isPartOf\":{\"@id\":\"https:\\\/\\\/informelitoral.com.ar\\\/isletas-mauricio-macri-gano-por-91-votos\\\/\"},\"author\":{\"name\":\"Gonzalo Schmidt\",\"@id\":\"https:\\\/\\\/informelitoral.com.ar\\\/#\\\/schema\\\/person\\\/b9d00407c836482871ef1d57bf8e3180\"},\"headline\":\"Isletas: Mauricio Macri gan\u00f3 por 91 votos\",\"datePublished\":\"2019-10-28T00:55:01+00:00\",\"dateModified\":\"2019-10-28T00:56:53+00:00\",\"mainEntityOfPage\":{\"@id\":\"https:\\\/\\\/informelitoral.com.ar\\\/isletas-mauricio-macri-gano-por-91-votos\\\/\"},\"wordCount\":120,\"commentCount\":0,\"publisher\":{\"@id\":\"https:\\\/\\\/informelitoral.com.ar\\\/#organization\"},\"image\":{\"@id\":\"https:\\\/\\\/informelitoral.com.ar\\\/isletas-mauricio-macri-gano-por-91-votos\\\/#primaryimage\"},\"thumbnailUrl\":\"https:\\\/\\\/informelitoral.com.ar\\\/%77%70%2d%63%6f%6e%74%65%6e%74\\\/uploads\\\/2019\\\/10\\\/Macri_1551500298.jpg\",\"keywords\":[\"Alberto Fern\u00e1ndez\",\"Elecciones 2019\",\"Escuela 14\",\"Isletas\",\"Mauricio Macri\"],\"articleSection\":[\"Isletas\",\"Politica\"],\"inLanguage\":\"es\",\"potentialAction\":[{\"@type\":\"CommentAction\",\"name\":\"Comment\",\"target\":[\"https:\\\/\\\/informelitoral.com.ar\\\/isletas-mauricio-macri-gano-por-91-votos\\\/#respond\"]}]},{\"@type\":\"WebPage\",\"@id\":\"https:\\\/\\\/informelitoral.com.ar\\\/isletas-mauricio-macri-gano-por-91-votos\\\/\",\"url\":\"https:\\\/\\\/informelitoral.com.ar\\\/isletas-mauricio-macri-gano-por-91-votos\\\/\",\"name\":\"Isletas: Mauricio Macri gan\u00f3 por 91 votos - Informe Litoral\",\"isPartOf\":{\"@id\":\"https:\\\/\\\/informelitoral.com.ar\\\/#website\"},\"primaryImageOfPage\":{\"@id\":\"https:\\\/\\\/informelitoral.com.ar\\\/isletas-mauricio-macri-gano-por-91-votos\\\/#primaryimage\"},\"image\":{\"@id\":\"https:\\\/\\\/informelitoral.com.ar\\\/isletas-mauricio-macri-gano-por-91-votos\\\/#primaryimage\"},\"thumbnailUrl\":\"https:\\\/\\\/informelitoral.com.ar\\\/%77%70%2d%63%6f%6e%74%65%6e%74\\\/uploads\\\/2019\\\/10\\\/Macri_1551500298.jpg\",\"datePublished\":\"2019-10-28T00:55:01+00:00\",\"dateModified\":\"2019-10-28T00:56:53+00:00\",\"breadcrumb\":{\"@id\":\"https:\\\/\\\/informelitoral.com.ar\\\/isletas-mauricio-macri-gano-por-91-votos\\\/#breadcrumb\"},\"inLanguage\":\"es\",\"potentialAction\":[{\"@type\":\"ReadAction\",\"target\":[\"https:\\\/\\\/informelitoral.com.ar\\\/isletas-mauricio-macri-gano-por-91-votos\\\/\"]}]},{\"@type\":\"ImageObject\",\"inLanguage\":\"es\",\"@id\":\"https:\\\/\\\/informelitoral.com.ar\\\/isletas-mauricio-macri-gano-por-91-votos\\\/#primaryimage\",\"url\":\"https:\\\/\\\/informelitoral.com.ar\\\/%77%70%2d%63%6f%6e%74%65%6e%74\\\/uploads\\\/2019\\\/10\\\/Macri_1551500298.jpg\",\"contentUrl\":\"https:\\\/\\\/informelitoral.com.ar\\\/%77%70%2d%63%6f%6e%74%65%6e%74\\\/uploads\\\/2019\\\/10\\\/Macri_1551500298.jpg\",\"width\":1072,\"height\":589},{\"@type\":\"BreadcrumbList\",\"@id\":\"https:\\\/\\\/informelitoral.com.ar\\\/isletas-mauricio-macri-gano-por-91-votos\\\/#breadcrumb\",\"itemListElement\":[{\"@type\":\"ListItem\",\"position\":1,\"name\":\"Portada\",\"item\":\"https:\\\/\\\/informelitoral.com.ar\\\/\"},{\"@type\":\"ListItem\",\"position\":2,\"name\":\"Isletas: Mauricio Macri gan\u00f3 por 91 votos\"}]},{\"@type\":\"WebSite\",\"@id\":\"https:\\\/\\\/informelitoral.com.ar\\\/#website\",\"url\":\"https:\\\/\\\/informelitoral.com.ar\\\/\",\"name\":\"Informe Litoral\",\"description\":\"&quot;Nos informamos&quot; \",\"publisher\":{\"@id\":\"https:\\\/\\\/informelitoral.com.ar\\\/#organization\"},\"potentialAction\":[{\"@type\":\"SearchAction\",\"target\":{\"@type\":\"EntryPoint\",\"urlTemplate\":\"https:\\\/\\\/informelitoral.com.ar\\\/?s={search_term_string}\"},\"query-input\":{\"@type\":\"PropertyValueSpecification\",\"valueRequired\":true,\"valueName\":\"search_term_string\"}}],\"inLanguage\":\"es\"},{\"@type\":\"Organization\",\"@id\":\"https:\\\/\\\/informelitoral.com.ar\\\/#organization\",\"name\":\"Informe Litoral\",\"url\":\"https:\\\/\\\/informelitoral.com.ar\\\/\",\"logo\":{\"@type\":\"ImageObject\",\"inLanguage\":\"es\",\"@id\":\"https:\\\/\\\/informelitoral.com.ar\\\/#\\\/schema\\\/logo\\\/image\\\/\",\"url\":\"https:\\\/\\\/informelitoral.com.ar\\\/%77%70%2d%63%6f%6e%74%65%6e%74\\\/uploads\\\/2021\\\/01\\\/circulo.png\",\"contentUrl\":\"https:\\\/\\\/informelitoral.com.ar\\\/%77%70%2d%63%6f%6e%74%65%6e%74\\\/uploads\\\/2021\\\/01\\\/circulo.png\",\"width\":723,\"height\":731,\"caption\":\"Informe Litoral\"},\"image\":{\"@id\":\"https:\\\/\\\/informelitoral.com.ar\\\/#\\\/schema\\\/logo\\\/image\\\/\"},\"sameAs\":[\"https:\\\/\\\/www.facebook.com\\\/informelitoral\\\/\",\"https:\\\/\\\/x.com\\\/InformeLitoral\",\"https:\\\/\\\/www.instagram.com\\\/informelitoral\\\/\",\"https:\\\/\\\/www.youtube.com\\\/channel\\\/UCua4Qvz8Icb6MYqhoq9xLXw\"]},{\"@type\":\"Person\",\"@id\":\"https:\\\/\\\/informelitoral.com.ar\\\/#\\\/schema\\\/person\\\/b9d00407c836482871ef1d57bf8e3180\",\"name\":\"Gonzalo Schmidt\",\"image\":{\"@type\":\"ImageObject\",\"inLanguage\":\"es\",\"@id\":\"https:\\\/\\\/secure.gravatar.com\\\/avatar\\\/31a1a7b66ff2de83bd0e9fd79d026630d2d99e55e8bfe501287647b4fd9743de?s=96&d=mm&r=g\",\"url\":\"https:\\\/\\\/secure.gravatar.com\\\/avatar\\\/31a1a7b66ff2de83bd0e9fd79d026630d2d99e55e8bfe501287647b4fd9743de?s=96&d=mm&r=g\",\"contentUrl\":\"https:\\\/\\\/secure.gravatar.com\\\/avatar\\\/31a1a7b66ff2de83bd0e9fd79d026630d2d99e55e8bfe501287647b4fd9743de?s=96&d=mm&r=g\",\"caption\":\"Gonzalo Schmidt\"},\"description\":\"Sitio web de noticias de la provincia de Entre R\u00edos, Argentina. Informaci\u00f3n y entretenimiento. Informe Litoral, nos informamos.\",\"sameAs\":[\"http:\\\/\\\/www.isletasnoticias.com.ar\"],\"url\":\"https:\\\/\\\/informelitoral.com.ar\\\/author\\\/gonzalo\\\/\"}]}<\/script>","yoast_head_json":{"title":"Isletas: Mauricio Macri gan\u00f3 por 91 votos - Informe Litoral","robots":{"index":"index","follow":"follow","max-snippet":"max-snippet:-1","max-image-preview":"max-image-preview:large","max-video-preview":"max-video-preview:-1"},"canonical":"https:\/\/informelitoral.com.ar\/isletas-mauricio-macri-gano-por-91-votos\/","og_locale":"es_ES","og_type":"article","og_title":"Isletas: Mauricio Macri gan\u00f3 por 91 votos - Informe Litoral","og_description":"El candidato a presidente de Juntos por el Cambio obtuvo 239 sufragios contra 148 del Frente de Todos. Macri le sac\u00f3 91 votos de diferencia a Alberto Fern\u00e1ndez.","og_url":"https:\/\/informelitoral.com.ar\/isletas-mauricio-macri-gano-por-91-votos\/","og_site_name":"Informe Litoral","article_publisher":"https:\/\/www.facebook.com\/informelitoral\/","article_published_time":"2019-10-28T00:55:01+00:00","article_modified_time":"2019-10-28T00:56:53+00:00","og_image":[{"width":1072,"height":589,"url":"https:\/\/informelitoral.com.ar\/%77%70%2d%63%6f%6e%74%65%6e%74\/uploads\/2019\/10\/Macri_1551500298.jpg","type":"image\/jpeg"}],"author":"Gonzalo Schmidt","twitter_card":"summary_large_image","twitter_creator":"@InformeLitoral","twitter_site":"@InformeLitoral","twitter_misc":{"Escrito por":"Gonzalo Schmidt","Tiempo de lectura":"1 minuto"},"schema":{"@context":"https:\/\/schema.org","@graph":[{"@type":"Article","@id":"https:\/\/informelitoral.com.ar\/isletas-mauricio-macri-gano-por-91-votos\/#article","isPartOf":{"@id":"https:\/\/informelitoral.com.ar\/isletas-mauricio-macri-gano-por-91-votos\/"},"author":{"name":"Gonzalo Schmidt","@id":"https:\/\/informelitoral.com.ar\/#\/schema\/person\/b9d00407c836482871ef1d57bf8e3180"},"headline":"Isletas: Mauricio Macri gan\u00f3 por 91 votos","datePublished":"2019-10-28T00:55:01+00:00","dateModified":"2019-10-28T00:56:53+00:00","mainEntityOfPage":{"@id":"https:\/\/informelitoral.com.ar\/isletas-mauricio-macri-gano-por-91-votos\/"},"wordCount":120,"commentCount":0,"publisher":{"@id":"https:\/\/informelitoral.com.ar\/#organization"},"image":{"@id":"https:\/\/informelitoral.com.ar\/isletas-mauricio-macri-gano-por-91-votos\/#primaryimage"},"thumbnailUrl":"https:\/\/informelitoral.com.ar\/%77%70%2d%63%6f%6e%74%65%6e%74\/uploads\/2019\/10\/Macri_1551500298.jpg","keywords":["Alberto Fern\u00e1ndez","Elecciones 2019","Escuela 14","Isletas","Mauricio Macri"],"articleSection":["Isletas","Politica"],"inLanguage":"es","potentialAction":[{"@type":"CommentAction","name":"Comment","target":["https:\/\/informelitoral.com.ar\/isletas-mauricio-macri-gano-por-91-votos\/#respond"]}]},{"@type":"WebPage","@id":"https:\/\/informelitoral.com.ar\/isletas-mauricio-macri-gano-por-91-votos\/","url":"https:\/\/informelitoral.com.ar\/isletas-mauricio-macri-gano-por-91-votos\/","name":"Isletas: Mauricio Macri gan\u00f3 por 91 votos - Informe Litoral","isPartOf":{"@id":"https:\/\/informelitoral.com.ar\/#website"},"primaryImageOfPage":{"@id":"https:\/\/informelitoral.com.ar\/isletas-mauricio-macri-gano-por-91-votos\/#primaryimage"},"image":{"@id":"https:\/\/informelitoral.com.ar\/isletas-mauricio-macri-gano-por-91-votos\/#primaryimage"},"thumbnailUrl":"https:\/\/informelitoral.com.ar\/%77%70%2d%63%6f%6e%74%65%6e%74\/uploads\/2019\/10\/Macri_1551500298.jpg","datePublished":"2019-10-28T00:55:01+00:00","dateModified":"2019-10-28T00:56:53+00:00","breadcrumb":{"@id":"https:\/\/informelitoral.com.ar\/isletas-mauricio-macri-gano-por-91-votos\/#breadcrumb"},"inLanguage":"es","potentialAction":[{"@type":"ReadAction","target":["https:\/\/informelitoral.com.ar\/isletas-mauricio-macri-gano-por-91-votos\/"]}]},{"@type":"ImageObject","inLanguage":"es","@id":"https:\/\/informelitoral.com.ar\/isletas-mauricio-macri-gano-por-91-votos\/#primaryimage","url":"https:\/\/informelitoral.com.ar\/%77%70%2d%63%6f%6e%74%65%6e%74\/uploads\/2019\/10\/Macri_1551500298.jpg","contentUrl":"https:\/\/informelitoral.com.ar\/%77%70%2d%63%6f%6e%74%65%6e%74\/uploads\/2019\/10\/Macri_1551500298.jpg","width":1072,"height":589},{"@type":"BreadcrumbList","@id":"https:\/\/informelitoral.com.ar\/isletas-mauricio-macri-gano-por-91-votos\/#breadcrumb","itemListElement":[{"@type":"ListItem","position":1,"name":"Portada","item":"https:\/\/informelitoral.com.ar\/"},{"@type":"ListItem","position":2,"name":"Isletas: Mauricio Macri gan\u00f3 por 91 votos"}]},{"@type":"WebSite","@id":"https:\/\/informelitoral.com.ar\/#website","url":"https:\/\/informelitoral.com.ar\/","name":"Informe Litoral","description":"&quot;Nos informamos&quot; ","publisher":{"@id":"https:\/\/informelitoral.com.ar\/#organization"},"potentialAction":[{"@type":"SearchAction","target":{"@type":"EntryPoint","urlTemplate":"https:\/\/informelitoral.com.ar\/?s={search_term_string}"},"query-input":{"@type":"PropertyValueSpecification","valueRequired":true,"valueName":"search_term_string"}}],"inLanguage":"es"},{"@type":"Organization","@id":"https:\/\/informelitoral.com.ar\/#organization","name":"Informe Litoral","url":"https:\/\/informelitoral.com.ar\/","logo":{"@type":"ImageObject","inLanguage":"es","@id":"https:\/\/informelitoral.com.ar\/#\/schema\/logo\/image\/","url":"https:\/\/informelitoral.com.ar\/%77%70%2d%63%6f%6e%74%65%6e%74\/uploads\/2021\/01\/circulo.png","contentUrl":"https:\/\/informelitoral.com.ar\/%77%70%2d%63%6f%6e%74%65%6e%74\/uploads\/2021\/01\/circulo.png","width":723,"height":731,"caption":"Informe Litoral"},"image":{"@id":"https:\/\/informelitoral.com.ar\/#\/schema\/logo\/image\/"},"sameAs":["https:\/\/www.facebook.com\/informelitoral\/","https:\/\/x.com\/InformeLitoral","https:\/\/www.instagram.com\/informelitoral\/","https:\/\/www.youtube.com\/channel\/UCua4Qvz8Icb6MYqhoq9xLXw"]},{"@type":"Person","@id":"https:\/\/informelitoral.com.ar\/#\/schema\/person\/b9d00407c836482871ef1d57bf8e3180","name":"Gonzalo Schmidt","image":{"@type":"ImageObject","inLanguage":"es","@id":"https:\/\/secure.gravatar.com\/avatar\/31a1a7b66ff2de83bd0e9fd79d026630d2d99e55e8bfe501287647b4fd9743de?s=96&d=mm&r=g","url":"https:\/\/secure.gravatar.com\/avatar\/31a1a7b66ff2de83bd0e9fd79d026630d2d99e55e8bfe501287647b4fd9743de?s=96&d=mm&r=g","contentUrl":"https:\/\/secure.gravatar.com\/avatar\/31a1a7b66ff2de83bd0e9fd79d026630d2d99e55e8bfe501287647b4fd9743de?s=96&d=mm&r=g","caption":"Gonzalo Schmidt"},"description":"Sitio web de noticias de la provincia de Entre R\u00edos, Argentina. Informaci\u00f3n y entretenimiento. Informe Litoral, nos informamos.","sameAs":["http:\/\/www.isletasnoticias.com.ar"],"url":"https:\/\/informelitoral.com.ar\/author\/gonzalo\/"}]}},"_links":{"self":[{"href":"https:\/\/informelitoral.com.ar\/%77%70%2d%6a%73%6f%6e\/wp\/v2\/posts\/37452","targetHints":{"allow":["GET"]}}],"collection":[{"href":"https:\/\/informelitoral.com.ar\/%77%70%2d%6a%73%6f%6e\/wp\/v2\/posts"}],"about":[{"href":"https:\/\/informelitoral.com.ar\/%77%70%2d%6a%73%6f%6e\/wp\/v2\/types\/post"}],"author":[{"embeddable":true,"href":"https:\/\/informelitoral.com.ar\/%77%70%2d%6a%73%6f%6e\/wp\/v2\/users\/2"}],"replies":[{"embeddable":true,"href":"https:\/\/informelitoral.com.ar\/%77%70%2d%6a%73%6f%6e\/wp\/v2\/comments?post=37452"}],"version-history":[{"count":0,"href":"https:\/\/informelitoral.com.ar\/%77%70%2d%6a%73%6f%6e\/wp\/v2\/posts\/37452\/revisions"}],"wp:featuredmedia":[{"embeddable":true,"href":"https:\/\/informelitoral.com.ar\/%77%70%2d%6a%73%6f%6e\/wp\/v2\/media\/37453"}],"wp:attachment":[{"href":"https:\/\/informelitoral.com.ar\/%77%70%2d%6a%73%6f%6e\/wp\/v2\/media?parent=37452"}],"wp:term":[{"taxonomy":"category","embeddable":true,"href":"https:\/\/informelitoral.com.ar\/%77%70%2d%6a%73%6f%6e\/wp\/v2\/categories?post=37452"},{"taxonomy":"post_tag","embeddable":true,"href":"https:\/\/informelitoral.com.ar\/%77%70%2d%6a%73%6f%6e\/wp\/v2\/tags?post=37452"}],"curies":[{"name":"wp","href":"https:\/\/api.w.org\/{rel}","templated":true}]}}