{"id":37414,"date":"2019-10-25T06:00:07","date_gmt":"2019-10-25T09:00:07","guid":{"rendered":"https:\/\/www.isletasnoticias.com.ar\/?p=37414"},"modified":"2019-10-25T08:07:29","modified_gmt":"2019-10-25T11:07:29","slug":"chile-cual-es-el-costo-de-vida-en-comparacion-con-otros-paises-de-america-latina","status":"publish","type":"post","link":"https:\/\/informelitoral.com.ar\/chile-cual-es-el-costo-de-vida-en-comparacion-con-otros-paises-de-america-latina\/","title":{"rendered":"Chile: cu\u00e1l es el costo de vida en comparaci\u00f3n con otros pa\u00edses de Am\u00e9rica latina"},"content":{"rendered":"<p class=\"capital\">Aunque esa no es la \u00fanica raz\u00f3n detr\u00e1s del estallido social que se tom\u00f3 las calles del pa\u00eds sudamericano, s\u00ed que hay un claro descontento por los altos precios de productos y servicios esenciales, y por la desigualdad que existe en un pa\u00eds en el que, pese a haber registrado un sostenido crecimiento econ\u00f3mico en las \u00faltimas d\u00e9cadas, la riqueza se concentra en un peque\u00f1o sector de la poblaci\u00f3n.<\/p>\n<p class=\"capital\">Despu\u00e9s de que el gobierno desplegara a los militares para contener las protestas y el pa\u00eds quedara sumido en el caos a causa de una crisis que ya dej\u00f3 18 muertos, <b>el presidente Sebasti\u00e1n Pi\u00f1era pidi\u00f3 perd\u00f3n \u00abpor la falta de visi\u00f3n\u00bb<\/b>\u00a0en cadena nacional este martes en la noche.<\/p>\n<p>\u00abEs verdad que los problemas se acumulaban desde hace muchas d\u00e9cadas y que los distintos gobiernos no fueron ni fuimos capaces de reconocer esta situaci\u00f3n en toda su magnitud\u00bb, dijo el mandatario.<\/p>\n<p>Acto seguido Pi\u00f1era anunci\u00f3 <b>una serie de reformas para tratar de responder al estallido social y asegur\u00f3 que el gobierno hab\u00eda escuchado \u00ablas leg\u00edtimas demandas\u00bb de la ciudadan\u00eda<\/b>, tras cinco d\u00edas de masivas manifestaciones pac\u00edficas contra su gobierno, que se vieron opacadas por escenas de violencia, saqueos y disturbios en algunas partes del pa\u00eds.<\/p>\n<figure id=\"figure_3125231\" class=\"L epigrafe\" data-is=\"imagen\"><picture><source srcset=\"\/\/bucket1.glanacion.com\/anexos\/fotos\/31\/3125231w740.jpg\" media=\"(min-width: 768px)\" \/><source srcset=\"\/\/bucket1.glanacion.com\/anexos\/fotos\/31\/3125231w768.jpg\" media=\"(min-width: 380px)\" \/><img decoding=\"async\" class=\"aligncenter\" src=\"https:\/\/bucket1.glanacion.com\/anexos\/fotos\/31\/3125231w380.jpg\" alt=\"El gobierno dej\u00f3 sin efecto el alza del pasaje de metro, pero las protestas continuaron\" \/><\/picture><figcaption><\/figcaption><\/figure>\n<p>El detonante de las protestas fue el\u00a0<b>alza del pasaje en el metro de Santiago<\/b>\u00a0(hasta los US$1,17 aproximadamente), medida que posteriormente el gobierno dej\u00f3 sin efecto, lo que no calm\u00f3 las manifestaciones, que el Ejecutivo de Pi\u00f1era trat\u00f3 de contener declarando el estado de emergencia y un toque de queda, algo no visto desde el r\u00e9gimen militar hace tres d\u00e9cadas.<\/p>\n<h3><b>Pero \u00bfqu\u00e9 tan caro es el costo de vida en Chile con relaci\u00f3n a otros pa\u00edses?<\/b><\/h3>\n<p>Depende de c\u00f3mo se mire: una opci\u00f3n es elegir algunos indicadores b\u00e1sicos y ponerlos en el contexto del salario medio o el salario m\u00ednimo del pa\u00eds, para hacerse una idea de los precios que paga la poblaci\u00f3n.<\/p>\n<h2 id=\"salarios\" class=\"subtitulo-1\"><strong>Salarios<\/strong><\/h2>\n<p><b>La media de ingresos de un chileno es de US$550 al mes.<\/b>\u00a0Este es el salario que recibe el 50% de la poblaci\u00f3n activa, seg\u00fan la Encuesta Suplementaria de Ingresos elaborada por el Instituto Nacional de Estad\u00edsticas (INE), mientras que el sueldo m\u00ednimo actual es de US$414.<\/p>\n<p>En el caso de los jubilados,\u00a0<b>el promedio de la pensi\u00f3n de vejez est\u00e1 en US$286 mensuales.<\/b><\/p>\n<p>Este ha sido\u00a0<b>uno de los asuntos m\u00e1s pol\u00e9micos en los \u00faltimos a\u00f1os<\/b>\u00a0porque la poblaci\u00f3n envejece r\u00e1pidamente y en el pa\u00eds sudamericano existe un sistema privado de capitalizaci\u00f3n individual, por el que tu pensi\u00f3n depende principalmente de tus ahorros.<\/p>\n<p>Otro concepto que se puede comparar son los sueldos m\u00ednimos que se pagan en los diferentes pa\u00edses de la regi\u00f3n.<\/p>\n<p>La siguiente tabla incluye los sueldos m\u00ednimos en Am\u00e9rica Latina en 2018, expresados en d\u00f3lares. El m\u00e1s alto es el que se paga en\u00a0<b>Panam\u00e1, seguido por los de Costa Rica, Uruguay, Chile y Ecuador.<\/b><\/p>\n<p>En la lista tambi\u00e9n est\u00e1n los salarios en \u00abd\u00f3lares comparables\u00bb (ajustados por la paridad del poder de compra, PPP), es decir, incorporando el poder adquisitivo.<\/p>\n<figure id=\"figure_3125364\" class=\"L epigrafe\" data-is=\"imagen\"><picture><source srcset=\"\/\/bucket2.glanacion.com\/anexos\/fotos\/64\/3125364w740.jpg\" media=\"(min-width: 768px)\" \/><source srcset=\"\/\/bucket2.glanacion.com\/anexos\/fotos\/64\/3125364w768.jpg\" media=\"(min-width: 380px)\" \/><img decoding=\"async\" class=\"aligncenter\" src=\"https:\/\/bucket2.glanacion.com\/anexos\/fotos\/64\/3125364w380.jpg\" alt=\"Cu\u00e1l es el salario m\u00ednimo en Am\u00e9rica latina\" \/><\/picture><figcaption><em>Cu\u00e1l es el salario m\u00ednimo en Am\u00e9rica latina<\/em><\/figcaption><\/figure>\n<p>En el caso de Chile, despu\u00e9s de la alimentaci\u00f3n,\u00a0<b>el transporte es el segundo gasto m\u00e1s importante de las familias<\/b>, seguido por la vivienda y los servicios b\u00e1sicos, seg\u00fan datos de la Encuesta de Presupuestos Familiares.<\/p>\n<p>Pero como los salarios de la mayor parte de la poblaci\u00f3n no son suficientes para cubrir los gastos habituales (que adem\u00e1s incluyen salud, educaci\u00f3n y otros), el 60% de los hogares gasta m\u00e1s de lo que recibe como ingresos, lo cual explica por qu\u00e9 hay tantas familias endeudadas.<\/p>\n<h2 id=\"supermercado\" class=\"subtitulo-1\"><strong>Supermercado<\/strong><\/h2>\n<figure id=\"figure_3125240\" class=\"L epigrafe\" data-is=\"imagen\"><picture><source srcset=\"\/\/bucket1.glanacion.com\/anexos\/fotos\/40\/3125240w740.jpg\" media=\"(min-width: 768px)\" \/><source srcset=\"\/\/bucket1.glanacion.com\/anexos\/fotos\/40\/3125240w768.jpg\" media=\"(min-width: 380px)\" \/><img decoding=\"async\" class=\"aligncenter\" src=\"https:\/\/bucket1.glanacion.com\/anexos\/fotos\/40\/3125240w380.jpg\" alt=\"Precios de los productos de supermercado\" \/><\/picture><figcaption><em>Precios de los productos de supermercado<\/em><\/figcaption><\/figure>\n<p>Con informaci\u00f3n suministrada por los corresponsales de <em>BBC Mundo,<\/em> seleccionamos algunos de los productos m\u00e1s comunes en la cesta de la compra en Santiago, Buenos Aires y Ciudad de M\u00e9xico.<\/p>\n<h2 id=\"alquiler\" class=\"subtitulo-1\"><strong>Alquiler<\/strong><\/h2>\n<p>Al comparar el costo de alquilar un departamento de una habitaci\u00f3n en una zona c\u00e9ntrica,\u00a0<b>el valor m\u00e1s alto se da en Chile<\/b>, seguido de Per\u00fa y M\u00e9xico, seg\u00fan datos de la p\u00e1gina web Preciosmundi.<picture><source srcset=\"\/\/bucket3.glanacion.com\/anexos\/fotos\/39\/3125239w740.jpg\" media=\"(min-width: 768px)\" \/><source srcset=\"\/\/bucket3.glanacion.com\/anexos\/fotos\/39\/3125239w768.jpg\" media=\"(min-width: 380px)\" \/><img decoding=\"async\" class=\"aligncenter\" src=\"https:\/\/bucket3.glanacion.com\/anexos\/fotos\/39\/3125239w380.jpg\" alt=\"Alquiler mensual de un departamento de 1 dormitorio en zona c\u00e9ntrica (en d\u00f3lares)\" \/><\/picture>\n<p>El c\u00e1lculo fue hecho en base a un promedio del valor de la renta en las principales ciudades de los pa\u00edses estudiados.<\/p>\n<p>En el caso de la compra de vivienda, las grandes ciudades latinoamericanas han experimentado un sostenido aumento de los precios, especialmente en barrios de clase media.<\/p>\n<p>Buenos Aires es la ciudad con el metro cuadrado m\u00e1s caro de Am\u00e9rica Latina, seguida por Santiago, Montevideo y R\u00edo de Janeiro, seg\u00fan un estudio de la Universidad Torcuato Di Tella (Argentina) y la consultora Navent, en el que se analizaron 14 grandes ciudades de la regi\u00f3n.<\/p>\n<h2 id=\"transporte-publico\" class=\"subtitulo-1\"><strong>Transporte p\u00fablico<\/strong><\/h2>\n<p>La chispa que encendi\u00f3 las protestas en Chile fue el\u00a0<b>alza del pasaje en el metro en Santiago<\/b>\u00a0(hasta los US$1,17 aproximadamente), medida que posteriormente el gobierno dej\u00f3 sin efecto.<\/p>\n<figure id=\"figure_3125238\" class=\"L epigrafe\" data-is=\"imagen\"><picture><source srcset=\"\/\/bucket3.glanacion.com\/anexos\/fotos\/38\/3125238w740.jpg\" media=\"(min-width: 768px)\" \/><source srcset=\"\/\/bucket3.glanacion.com\/anexos\/fotos\/38\/3125238w768.jpg\" media=\"(min-width: 380px)\" \/><img decoding=\"async\" src=\"https:\/\/bucket3.glanacion.com\/anexos\/fotos\/38\/3125238w380.jpg\" alt=\"Precio promedio del transporte p\u00fablico en algunas ciudades de la regi\u00f3n\" \/><\/picture><figcaption><em>Precio promedio del transporte p\u00fablico en algunas ciudades de la regi\u00f3n<\/em><\/figcaption><\/figure>\n<p>La siguiente lista considera el valor de un pasaje en el transporte p\u00fablico a partir de un promedio de las tarifas de bus, metro y tranv\u00eda.\u00a0<b>El promedio en Santiago es similar al de ciudades internacionales como Hong Kong y m\u00e1s alto que el de Mosc\u00fa.<\/b><\/p>\n<figure id=\"figure_3125237\" class=\"L epigrafe\" data-is=\"imagen\"><picture><source srcset=\"\/\/bucket3.glanacion.com\/anexos\/fotos\/37\/3125237w740.jpg\" media=\"(min-width: 768px)\" \/><source srcset=\"\/\/bucket3.glanacion.com\/anexos\/fotos\/37\/3125237w768.jpg\" media=\"(min-width: 380px)\" \/><img decoding=\"async\" src=\"https:\/\/bucket3.glanacion.com\/anexos\/fotos\/37\/3125237w380.jpg\" alt=\"Precio del subte en algunas ciudades de la regi\u00f3n\" \/><\/picture><figcaption><em>Precio del subte en algunas ciudades de la regi\u00f3n<\/em><\/figcaption><\/figure>\n<p>En el caso espec\u00edfico de las tarifas del metro, el precio de\u00a0<b>un pasaje en Chile en horario pico es de US$1,1<\/b>. Estas son las tarifas del metro en algunas capitales latinoamericanas (en d\u00f3lares).<\/p>\n<h2 id=\"electricidad\" class=\"subtitulo-1\"><strong>Electricidad<\/strong><\/h2>\n<p>Al inicio de este mes las facturas de la luz de los chilenos subieron 9,2% en promedio. En la capital el alza lleg\u00f3 al 10%.<picture><source srcset=\"\/\/bucket2.glanacion.com\/anexos\/fotos\/35\/3125235w740.jpg\" media=\"(min-width: 768px)\" \/><source srcset=\"\/\/bucket2.glanacion.com\/anexos\/fotos\/35\/3125235w768.jpg\" media=\"(min-width: 380px)\" \/><img decoding=\"async\" src=\"https:\/\/bucket2.glanacion.com\/anexos\/fotos\/35\/3125235w380.jpg\" alt=\"Precio de la energ\u00eda el\u00e9ctrica\" \/><\/picture>\n<p>El primer aumento de la tarifa en mayo este a\u00f1o fue de 10,5%, por lo que el\u00a0<b>alza promedio acumulada en 2019 escal\u00f3 a 19,7%.<\/b><\/p>\n<p>Considerando la tarifa residencial de la energ\u00eda el\u00e9ctrica -medida por el valor del megavatio\/hora (en d\u00f3lares)- Uruguay tiene el precio m\u00e1s alto de Sudam\u00e9rica, seguido por Brasil y Chile.<\/p>\n<p>Los siguientes datos son parte de un estudio hecho por la consultora SEG Ingenier\u00eda, que incluye exclusivamente a Uruguay, Brasil, Chile, Argentina y Paraguay. Por esa raz\u00f3n, es solo una aproximaci\u00f3n parcial a los costos de la energ\u00eda el\u00e9ctrica en la regi\u00f3n.<\/p>\n<h2 id=\"agua\" class=\"subtitulo-1\"><strong>Agua<\/strong><\/h2>\n<p>La Superintendencia de Servicios Sanitarios de Chile hizo un estudio comparativo de la tarifa por metro c\u00fabico del agua potable y saneamiento en 2017 en algunas urbes del mundo.<\/p>\n<figure id=\"figure_3125234\" class=\"L epigrafe\" data-is=\"imagen\"><picture><source srcset=\"\/\/bucket2.glanacion.com\/anexos\/fotos\/34\/3125234w740.jpg\" media=\"(min-width: 768px)\" \/><source srcset=\"\/\/bucket2.glanacion.com\/anexos\/fotos\/34\/3125234w768.jpg\" media=\"(min-width: 380px)\" \/><img decoding=\"async\" src=\"https:\/\/bucket2.glanacion.com\/anexos\/fotos\/34\/3125234w380.jpg\" alt=\"Precio del agua en algunas ciudades de Am\u00e9rica latina\" \/><\/picture><figcaption><em>Precio del agua en algunas ciudades de Am\u00e9rica latina<\/em><\/figcaption><\/figure>\n<p>De acuerdo al informe, el precio en Santiago es de US$1,45 por m3, un valor que supera a muchas ciudades latinoamericanas, pero que est\u00e1 por debajo de la tarifa promedio de los pa\u00edses m\u00e1s desarrollados.<\/p>\n<h2 id=\"medicamentos\" class=\"subtitulo-1\"><strong>Medicamentos<\/strong><\/h2>\n<p>Seg\u00fan un estudio hecho por la consultora estadounidense IMS Health (IQVIA) publicado en 2018, el valor promedio de venta a p\u00fablico de un medicamento en Chile es de US$9,3 (un 23% m\u00e1s barato que en el resto de Latinoam\u00e9rica).<\/p>\n<p>Pero cuando se trata de f\u00e1rmacos originales (que tienen la patente comercial del principio activo),\u00a0<b>es el pa\u00eds con el precio promedio m\u00e1s alto de la regi\u00f3n: US$28,5.<\/b><\/p>\n<h2 id=\"indice-big-mac\" class=\"subtitulo-1\"><strong>\u00cdndice Big Mac<\/strong><\/h2>\n<p>Creado en 1986 por la revista brit\u00e1nica\u00a0<b>The Economist<\/b>, el \u00edndice Big Mac compara el precio de esta hamburguesa que vende la cadena McDonald&#8217;s en diferentes pa\u00edses.<\/p>\n<figure id=\"figure_3125233\" class=\"L epigrafe\" data-is=\"imagen\"><picture><source srcset=\"\/\/bucket2.glanacion.com\/anexos\/fotos\/33\/3125233w740.jpg\" media=\"(min-width: 768px)\" \/><source srcset=\"\/\/bucket2.glanacion.com\/anexos\/fotos\/33\/3125233w768.jpg\" media=\"(min-width: 380px)\" \/><img decoding=\"async\" class=\"alignleft\" src=\"https:\/\/bucket2.glanacion.com\/anexos\/fotos\/33\/3125233w380.jpg\" alt=\"\u00cdndice Big Mac\" \/><\/picture><figcaption><em>\u00cdndice Big Mag<\/em><\/figcaption><\/figure>\n<p>Seg\u00fan el \u00edndice de 2019, Brasil es el pa\u00eds latinoamericano con el Big Mac m\u00e1s costoso de la regi\u00f3n, con un precio aproximado de US$4,5 por unidad, mientras que en Chile es de US$3,9.<\/p>\n<p>Algunos pa\u00edses no fueron incluidos en el \u00edndice, como es el caso de Bolivia, mercado en el que la cadena McDonald&#8217;s dej\u00f3 de operar por falta de rentabilidad, o el de Venezuela, el cual ha sido excluido temporalmente del \u00edndice debido a la crisis que vive el pa\u00eds.<\/p>\n<h2 id=\"combustible\" class=\"subtitulo-1\"><strong>Combustible<\/strong><\/h2>\n<p>El precio de los combustibles es uno de los asuntos m\u00e1s sensibles para los bolsillos de los consumidores, sean propietarios o no de un veh\u00edculo.<\/p>\n<p>Lo que se paga por el combustible no solo determina cu\u00e1nto gasta una persona que utiliza su autom\u00f3vil, sino que tambi\u00e9n influye en los precios de productos b\u00e1sicos y de, por ejemplo, el transporte de personas y mercader\u00edas.<\/p>\n<figure id=\"figure_3125227\" class=\"L epigrafe\" data-is=\"imagen\"><picture><source srcset=\"\/\/bucket3.glanacion.com\/anexos\/fotos\/27\/3125227w740.jpg\" media=\"(min-width: 768px)\" \/><source srcset=\"\/\/bucket3.glanacion.com\/anexos\/fotos\/27\/3125227w768.jpg\" media=\"(min-width: 380px)\" \/><img decoding=\"async\" class=\"aligncenter\" src=\"https:\/\/bucket3.glanacion.com\/anexos\/fotos\/27\/3125227w380.jpg\" alt=\"Precio de la nafta en Am\u00e9rica latina\" \/><\/picture><figcaption><em>Precio de la nafta en Am\u00e9rica latina<\/em><\/figcaption><\/figure>\n<p><b>El precio medio del combustible regular en Am\u00e9rica Latina ronda los US$0,86 por litro<\/b>, seg\u00fan el \u00edndice Global Petro Prices con datos del 30 de septiembre de 2019.<\/p>\n<p>En la regi\u00f3n hay casos extremos, pues en Venezuela el costo es de US$0,001 por litro, mientras que en el otro extremo, Uruguay es el pa\u00eds donde m\u00e1s se paga por cada litro, llegando a los US$1,49.<\/p>\n<p>En esta mirada al costo de la vida en Chile y otros pa\u00edses latinoamericanos, quedaron excluidos algunos indicadores que son esenciales en el presupuesto familiar, como la salud y la educaci\u00f3n.<\/p>\n<p><em>Cecilia Barr\u00eda &#8211; BBC News Mundo<\/em><\/p>\n","protected":false},"excerpt":{"rendered":"<p>Muchos de los que se est\u00e1n manifestando estos d\u00edas en Chile se quejan de que sus salarios no les alcanzan para cubrir el costo de la vida.<\/p>\n","protected":false},"author":2,"featured_media":37415,"comment_status":"open","ping_status":"open","sticky":false,"template":"","format":"standard","meta":{"fifu_image_url":"","fifu_image_alt":"","footnotes":""},"categories":[8],"tags":[733,502],"class_list":{"0":"post-37414","1":"post","2":"type-post","3":"status-publish","4":"format-standard","5":"has-post-thumbnail","7":"category-internacionales","8":"tag-chile","9":"tag-protesta"},"yoast_head":"<title>Chile: cu\u00e1l es el costo de vida en comparaci\u00f3n con otros pa\u00edses de Am\u00e9rica latina - Informe Litoral<\/title>\n<meta name=\"robots\" content=\"index, follow, max-snippet:-1, max-image-preview:large, max-video-preview:-1\" \/>\n<link rel=\"canonical\" href=\"https:\/\/informelitoral.com.ar\/chile-cual-es-el-costo-de-vida-en-comparacion-con-otros-paises-de-america-latina\/\" \/>\n<meta property=\"og:locale\" content=\"es_ES\" \/>\n<meta property=\"og:type\" content=\"article\" \/>\n<meta property=\"og:title\" content=\"Chile: cu\u00e1l es el costo de vida en comparaci\u00f3n con otros pa\u00edses de Am\u00e9rica latina - Informe Litoral\" \/>\n<meta property=\"og:description\" content=\"Muchos de los que se est\u00e1n manifestando estos d\u00edas en Chile se quejan de que sus salarios no les alcanzan para cubrir el costo de la vida.\" \/>\n<meta property=\"og:url\" content=\"https:\/\/informelitoral.com.ar\/chile-cual-es-el-costo-de-vida-en-comparacion-con-otros-paises-de-america-latina\/\" \/>\n<meta property=\"og:site_name\" content=\"Informe Litoral\" \/>\n<meta property=\"article:publisher\" content=\"https:\/\/www.facebook.com\/informelitoral\/\" \/>\n<meta property=\"article:published_time\" content=\"2019-10-25T09:00:07+00:00\" \/>\n<meta property=\"article:modified_time\" content=\"2019-10-25T11:07:29+00:00\" \/>\n<meta property=\"og:image\" content=\"https:\/\/informelitoral.com.ar\/%77%70%2d%63%6f%6e%74%65%6e%74\/uploads\/2019\/10\/protestas-chile.jpg\" \/>\n\t<meta property=\"og:image:width\" content=\"1680\" \/>\n\t<meta property=\"og:image:height\" content=\"1120\" \/>\n\t<meta property=\"og:image:type\" content=\"image\/jpeg\" \/>\n<meta name=\"author\" content=\"Gonzalo Schmidt\" \/>\n<meta name=\"twitter:card\" content=\"summary_large_image\" \/>\n<meta name=\"twitter:creator\" content=\"@InformeLitoral\" \/>\n<meta name=\"twitter:site\" content=\"@InformeLitoral\" \/>\n<meta name=\"twitter:label1\" content=\"Escrito por\" \/>\n\t<meta name=\"twitter:data1\" content=\"Gonzalo Schmidt\" \/>\n\t<meta name=\"twitter:label2\" content=\"Tiempo de lectura\" \/>\n\t<meta name=\"twitter:data2\" content=\"8 minutos\" \/>\n<script type=\"application\/ld+json\" class=\"yoast-schema-graph\">{\"@context\":\"https:\\\/\\\/schema.org\",\"@graph\":[{\"@type\":\"Article\",\"@id\":\"https:\\\/\\\/informelitoral.com.ar\\\/chile-cual-es-el-costo-de-vida-en-comparacion-con-otros-paises-de-america-latina\\\/#article\",\"isPartOf\":{\"@id\":\"https:\\\/\\\/informelitoral.com.ar\\\/chile-cual-es-el-costo-de-vida-en-comparacion-con-otros-paises-de-america-latina\\\/\"},\"author\":{\"name\":\"Gonzalo Schmidt\",\"@id\":\"https:\\\/\\\/informelitoral.com.ar\\\/#\\\/schema\\\/person\\\/b9d00407c836482871ef1d57bf8e3180\"},\"headline\":\"Chile: cu\u00e1l es el costo de vida en comparaci\u00f3n con otros pa\u00edses de Am\u00e9rica latina\",\"datePublished\":\"2019-10-25T09:00:07+00:00\",\"dateModified\":\"2019-10-25T11:07:29+00:00\",\"mainEntityOfPage\":{\"@id\":\"https:\\\/\\\/informelitoral.com.ar\\\/chile-cual-es-el-costo-de-vida-en-comparacion-con-otros-paises-de-america-latina\\\/\"},\"wordCount\":1596,\"commentCount\":0,\"publisher\":{\"@id\":\"https:\\\/\\\/informelitoral.com.ar\\\/#organization\"},\"image\":{\"@id\":\"https:\\\/\\\/informelitoral.com.ar\\\/chile-cual-es-el-costo-de-vida-en-comparacion-con-otros-paises-de-america-latina\\\/#primaryimage\"},\"thumbnailUrl\":\"https:\\\/\\\/informelitoral.com.ar\\\/%77%70%2d%63%6f%6e%74%65%6e%74\\\/uploads\\\/2019\\\/10\\\/protestas-chile.jpg\",\"keywords\":[\"Chile\",\"Protesta\"],\"articleSection\":[\"Internacionales\"],\"inLanguage\":\"es\",\"potentialAction\":[{\"@type\":\"CommentAction\",\"name\":\"Comment\",\"target\":[\"https:\\\/\\\/informelitoral.com.ar\\\/chile-cual-es-el-costo-de-vida-en-comparacion-con-otros-paises-de-america-latina\\\/#respond\"]}]},{\"@type\":\"WebPage\",\"@id\":\"https:\\\/\\\/informelitoral.com.ar\\\/chile-cual-es-el-costo-de-vida-en-comparacion-con-otros-paises-de-america-latina\\\/\",\"url\":\"https:\\\/\\\/informelitoral.com.ar\\\/chile-cual-es-el-costo-de-vida-en-comparacion-con-otros-paises-de-america-latina\\\/\",\"name\":\"Chile: cu\u00e1l es el costo de vida en comparaci\u00f3n con otros pa\u00edses de Am\u00e9rica latina - Informe Litoral\",\"isPartOf\":{\"@id\":\"https:\\\/\\\/informelitoral.com.ar\\\/#website\"},\"primaryImageOfPage\":{\"@id\":\"https:\\\/\\\/informelitoral.com.ar\\\/chile-cual-es-el-costo-de-vida-en-comparacion-con-otros-paises-de-america-latina\\\/#primaryimage\"},\"image\":{\"@id\":\"https:\\\/\\\/informelitoral.com.ar\\\/chile-cual-es-el-costo-de-vida-en-comparacion-con-otros-paises-de-america-latina\\\/#primaryimage\"},\"thumbnailUrl\":\"https:\\\/\\\/informelitoral.com.ar\\\/%77%70%2d%63%6f%6e%74%65%6e%74\\\/uploads\\\/2019\\\/10\\\/protestas-chile.jpg\",\"datePublished\":\"2019-10-25T09:00:07+00:00\",\"dateModified\":\"2019-10-25T11:07:29+00:00\",\"breadcrumb\":{\"@id\":\"https:\\\/\\\/informelitoral.com.ar\\\/chile-cual-es-el-costo-de-vida-en-comparacion-con-otros-paises-de-america-latina\\\/#breadcrumb\"},\"inLanguage\":\"es\",\"potentialAction\":[{\"@type\":\"ReadAction\",\"target\":[\"https:\\\/\\\/informelitoral.com.ar\\\/chile-cual-es-el-costo-de-vida-en-comparacion-con-otros-paises-de-america-latina\\\/\"]}]},{\"@type\":\"ImageObject\",\"inLanguage\":\"es\",\"@id\":\"https:\\\/\\\/informelitoral.com.ar\\\/chile-cual-es-el-costo-de-vida-en-comparacion-con-otros-paises-de-america-latina\\\/#primaryimage\",\"url\":\"https:\\\/\\\/informelitoral.com.ar\\\/%77%70%2d%63%6f%6e%74%65%6e%74\\\/uploads\\\/2019\\\/10\\\/protestas-chile.jpg\",\"contentUrl\":\"https:\\\/\\\/informelitoral.com.ar\\\/%77%70%2d%63%6f%6e%74%65%6e%74\\\/uploads\\\/2019\\\/10\\\/protestas-chile.jpg\",\"width\":1680,\"height\":1120},{\"@type\":\"BreadcrumbList\",\"@id\":\"https:\\\/\\\/informelitoral.com.ar\\\/chile-cual-es-el-costo-de-vida-en-comparacion-con-otros-paises-de-america-latina\\\/#breadcrumb\",\"itemListElement\":[{\"@type\":\"ListItem\",\"position\":1,\"name\":\"Portada\",\"item\":\"https:\\\/\\\/informelitoral.com.ar\\\/\"},{\"@type\":\"ListItem\",\"position\":2,\"name\":\"Chile: cu\u00e1l es el costo de vida en comparaci\u00f3n con otros pa\u00edses de Am\u00e9rica latina\"}]},{\"@type\":\"WebSite\",\"@id\":\"https:\\\/\\\/informelitoral.com.ar\\\/#website\",\"url\":\"https:\\\/\\\/informelitoral.com.ar\\\/\",\"name\":\"Informe Litoral\",\"description\":\"&quot;Nos informamos&quot; \",\"publisher\":{\"@id\":\"https:\\\/\\\/informelitoral.com.ar\\\/#organization\"},\"potentialAction\":[{\"@type\":\"SearchAction\",\"target\":{\"@type\":\"EntryPoint\",\"urlTemplate\":\"https:\\\/\\\/informelitoral.com.ar\\\/?s={search_term_string}\"},\"query-input\":{\"@type\":\"PropertyValueSpecification\",\"valueRequired\":true,\"valueName\":\"search_term_string\"}}],\"inLanguage\":\"es\"},{\"@type\":\"Organization\",\"@id\":\"https:\\\/\\\/informelitoral.com.ar\\\/#organization\",\"name\":\"Informe Litoral\",\"url\":\"https:\\\/\\\/informelitoral.com.ar\\\/\",\"logo\":{\"@type\":\"ImageObject\",\"inLanguage\":\"es\",\"@id\":\"https:\\\/\\\/informelitoral.com.ar\\\/#\\\/schema\\\/logo\\\/image\\\/\",\"url\":\"https:\\\/\\\/informelitoral.com.ar\\\/%77%70%2d%63%6f%6e%74%65%6e%74\\\/uploads\\\/2021\\\/01\\\/circulo.png\",\"contentUrl\":\"https:\\\/\\\/informelitoral.com.ar\\\/%77%70%2d%63%6f%6e%74%65%6e%74\\\/uploads\\\/2021\\\/01\\\/circulo.png\",\"width\":723,\"height\":731,\"caption\":\"Informe Litoral\"},\"image\":{\"@id\":\"https:\\\/\\\/informelitoral.com.ar\\\/#\\\/schema\\\/logo\\\/image\\\/\"},\"sameAs\":[\"https:\\\/\\\/www.facebook.com\\\/informelitoral\\\/\",\"https:\\\/\\\/x.com\\\/InformeLitoral\",\"https:\\\/\\\/www.instagram.com\\\/informelitoral\\\/\",\"https:\\\/\\\/www.youtube.com\\\/channel\\\/UCua4Qvz8Icb6MYqhoq9xLXw\"]},{\"@type\":\"Person\",\"@id\":\"https:\\\/\\\/informelitoral.com.ar\\\/#\\\/schema\\\/person\\\/b9d00407c836482871ef1d57bf8e3180\",\"name\":\"Gonzalo Schmidt\",\"image\":{\"@type\":\"ImageObject\",\"inLanguage\":\"es\",\"@id\":\"https:\\\/\\\/secure.gravatar.com\\\/avatar\\\/31a1a7b66ff2de83bd0e9fd79d026630d2d99e55e8bfe501287647b4fd9743de?s=96&d=mm&r=g\",\"url\":\"https:\\\/\\\/secure.gravatar.com\\\/avatar\\\/31a1a7b66ff2de83bd0e9fd79d026630d2d99e55e8bfe501287647b4fd9743de?s=96&d=mm&r=g\",\"contentUrl\":\"https:\\\/\\\/secure.gravatar.com\\\/avatar\\\/31a1a7b66ff2de83bd0e9fd79d026630d2d99e55e8bfe501287647b4fd9743de?s=96&d=mm&r=g\",\"caption\":\"Gonzalo Schmidt\"},\"description\":\"Sitio web de noticias de la provincia de Entre R\u00edos, Argentina. Informaci\u00f3n y entretenimiento. Informe Litoral, nos informamos.\",\"sameAs\":[\"http:\\\/\\\/www.isletasnoticias.com.ar\"],\"url\":\"https:\\\/\\\/informelitoral.com.ar\\\/author\\\/gonzalo\\\/\"}]}<\/script>","yoast_head_json":{"title":"Chile: cu\u00e1l es el costo de vida en comparaci\u00f3n con otros pa\u00edses de Am\u00e9rica latina - Informe Litoral","robots":{"index":"index","follow":"follow","max-snippet":"max-snippet:-1","max-image-preview":"max-image-preview:large","max-video-preview":"max-video-preview:-1"},"canonical":"https:\/\/informelitoral.com.ar\/chile-cual-es-el-costo-de-vida-en-comparacion-con-otros-paises-de-america-latina\/","og_locale":"es_ES","og_type":"article","og_title":"Chile: cu\u00e1l es el costo de vida en comparaci\u00f3n con otros pa\u00edses de Am\u00e9rica latina - Informe Litoral","og_description":"Muchos de los que se est\u00e1n manifestando estos d\u00edas en Chile se quejan de que sus salarios no les alcanzan para cubrir el costo de la vida.","og_url":"https:\/\/informelitoral.com.ar\/chile-cual-es-el-costo-de-vida-en-comparacion-con-otros-paises-de-america-latina\/","og_site_name":"Informe Litoral","article_publisher":"https:\/\/www.facebook.com\/informelitoral\/","article_published_time":"2019-10-25T09:00:07+00:00","article_modified_time":"2019-10-25T11:07:29+00:00","og_image":[{"width":1680,"height":1120,"url":"https:\/\/informelitoral.com.ar\/%77%70%2d%63%6f%6e%74%65%6e%74\/uploads\/2019\/10\/protestas-chile.jpg","type":"image\/jpeg"}],"author":"Gonzalo Schmidt","twitter_card":"summary_large_image","twitter_creator":"@InformeLitoral","twitter_site":"@InformeLitoral","twitter_misc":{"Escrito por":"Gonzalo Schmidt","Tiempo de lectura":"8 minutos"},"schema":{"@context":"https:\/\/schema.org","@graph":[{"@type":"Article","@id":"https:\/\/informelitoral.com.ar\/chile-cual-es-el-costo-de-vida-en-comparacion-con-otros-paises-de-america-latina\/#article","isPartOf":{"@id":"https:\/\/informelitoral.com.ar\/chile-cual-es-el-costo-de-vida-en-comparacion-con-otros-paises-de-america-latina\/"},"author":{"name":"Gonzalo Schmidt","@id":"https:\/\/informelitoral.com.ar\/#\/schema\/person\/b9d00407c836482871ef1d57bf8e3180"},"headline":"Chile: cu\u00e1l es el costo de vida en comparaci\u00f3n con otros pa\u00edses de Am\u00e9rica latina","datePublished":"2019-10-25T09:00:07+00:00","dateModified":"2019-10-25T11:07:29+00:00","mainEntityOfPage":{"@id":"https:\/\/informelitoral.com.ar\/chile-cual-es-el-costo-de-vida-en-comparacion-con-otros-paises-de-america-latina\/"},"wordCount":1596,"commentCount":0,"publisher":{"@id":"https:\/\/informelitoral.com.ar\/#organization"},"image":{"@id":"https:\/\/informelitoral.com.ar\/chile-cual-es-el-costo-de-vida-en-comparacion-con-otros-paises-de-america-latina\/#primaryimage"},"thumbnailUrl":"https:\/\/informelitoral.com.ar\/%77%70%2d%63%6f%6e%74%65%6e%74\/uploads\/2019\/10\/protestas-chile.jpg","keywords":["Chile","Protesta"],"articleSection":["Internacionales"],"inLanguage":"es","potentialAction":[{"@type":"CommentAction","name":"Comment","target":["https:\/\/informelitoral.com.ar\/chile-cual-es-el-costo-de-vida-en-comparacion-con-otros-paises-de-america-latina\/#respond"]}]},{"@type":"WebPage","@id":"https:\/\/informelitoral.com.ar\/chile-cual-es-el-costo-de-vida-en-comparacion-con-otros-paises-de-america-latina\/","url":"https:\/\/informelitoral.com.ar\/chile-cual-es-el-costo-de-vida-en-comparacion-con-otros-paises-de-america-latina\/","name":"Chile: cu\u00e1l es el costo de vida en comparaci\u00f3n con otros pa\u00edses de Am\u00e9rica latina - Informe Litoral","isPartOf":{"@id":"https:\/\/informelitoral.com.ar\/#website"},"primaryImageOfPage":{"@id":"https:\/\/informelitoral.com.ar\/chile-cual-es-el-costo-de-vida-en-comparacion-con-otros-paises-de-america-latina\/#primaryimage"},"image":{"@id":"https:\/\/informelitoral.com.ar\/chile-cual-es-el-costo-de-vida-en-comparacion-con-otros-paises-de-america-latina\/#primaryimage"},"thumbnailUrl":"https:\/\/informelitoral.com.ar\/%77%70%2d%63%6f%6e%74%65%6e%74\/uploads\/2019\/10\/protestas-chile.jpg","datePublished":"2019-10-25T09:00:07+00:00","dateModified":"2019-10-25T11:07:29+00:00","breadcrumb":{"@id":"https:\/\/informelitoral.com.ar\/chile-cual-es-el-costo-de-vida-en-comparacion-con-otros-paises-de-america-latina\/#breadcrumb"},"inLanguage":"es","potentialAction":[{"@type":"ReadAction","target":["https:\/\/informelitoral.com.ar\/chile-cual-es-el-costo-de-vida-en-comparacion-con-otros-paises-de-america-latina\/"]}]},{"@type":"ImageObject","inLanguage":"es","@id":"https:\/\/informelitoral.com.ar\/chile-cual-es-el-costo-de-vida-en-comparacion-con-otros-paises-de-america-latina\/#primaryimage","url":"https:\/\/informelitoral.com.ar\/%77%70%2d%63%6f%6e%74%65%6e%74\/uploads\/2019\/10\/protestas-chile.jpg","contentUrl":"https:\/\/informelitoral.com.ar\/%77%70%2d%63%6f%6e%74%65%6e%74\/uploads\/2019\/10\/protestas-chile.jpg","width":1680,"height":1120},{"@type":"BreadcrumbList","@id":"https:\/\/informelitoral.com.ar\/chile-cual-es-el-costo-de-vida-en-comparacion-con-otros-paises-de-america-latina\/#breadcrumb","itemListElement":[{"@type":"ListItem","position":1,"name":"Portada","item":"https:\/\/informelitoral.com.ar\/"},{"@type":"ListItem","position":2,"name":"Chile: cu\u00e1l es el costo de vida en comparaci\u00f3n con otros pa\u00edses de Am\u00e9rica latina"}]},{"@type":"WebSite","@id":"https:\/\/informelitoral.com.ar\/#website","url":"https:\/\/informelitoral.com.ar\/","name":"Informe Litoral","description":"&quot;Nos informamos&quot; ","publisher":{"@id":"https:\/\/informelitoral.com.ar\/#organization"},"potentialAction":[{"@type":"SearchAction","target":{"@type":"EntryPoint","urlTemplate":"https:\/\/informelitoral.com.ar\/?s={search_term_string}"},"query-input":{"@type":"PropertyValueSpecification","valueRequired":true,"valueName":"search_term_string"}}],"inLanguage":"es"},{"@type":"Organization","@id":"https:\/\/informelitoral.com.ar\/#organization","name":"Informe Litoral","url":"https:\/\/informelitoral.com.ar\/","logo":{"@type":"ImageObject","inLanguage":"es","@id":"https:\/\/informelitoral.com.ar\/#\/schema\/logo\/image\/","url":"https:\/\/informelitoral.com.ar\/%77%70%2d%63%6f%6e%74%65%6e%74\/uploads\/2021\/01\/circulo.png","contentUrl":"https:\/\/informelitoral.com.ar\/%77%70%2d%63%6f%6e%74%65%6e%74\/uploads\/2021\/01\/circulo.png","width":723,"height":731,"caption":"Informe Litoral"},"image":{"@id":"https:\/\/informelitoral.com.ar\/#\/schema\/logo\/image\/"},"sameAs":["https:\/\/www.facebook.com\/informelitoral\/","https:\/\/x.com\/InformeLitoral","https:\/\/www.instagram.com\/informelitoral\/","https:\/\/www.youtube.com\/channel\/UCua4Qvz8Icb6MYqhoq9xLXw"]},{"@type":"Person","@id":"https:\/\/informelitoral.com.ar\/#\/schema\/person\/b9d00407c836482871ef1d57bf8e3180","name":"Gonzalo Schmidt","image":{"@type":"ImageObject","inLanguage":"es","@id":"https:\/\/secure.gravatar.com\/avatar\/31a1a7b66ff2de83bd0e9fd79d026630d2d99e55e8bfe501287647b4fd9743de?s=96&d=mm&r=g","url":"https:\/\/secure.gravatar.com\/avatar\/31a1a7b66ff2de83bd0e9fd79d026630d2d99e55e8bfe501287647b4fd9743de?s=96&d=mm&r=g","contentUrl":"https:\/\/secure.gravatar.com\/avatar\/31a1a7b66ff2de83bd0e9fd79d026630d2d99e55e8bfe501287647b4fd9743de?s=96&d=mm&r=g","caption":"Gonzalo Schmidt"},"description":"Sitio web de noticias de la provincia de Entre R\u00edos, Argentina. Informaci\u00f3n y entretenimiento. Informe Litoral, nos informamos.","sameAs":["http:\/\/www.isletasnoticias.com.ar"],"url":"https:\/\/informelitoral.com.ar\/author\/gonzalo\/"}]}},"_links":{"self":[{"href":"https:\/\/informelitoral.com.ar\/%77%70%2d%6a%73%6f%6e\/wp\/v2\/posts\/37414","targetHints":{"allow":["GET"]}}],"collection":[{"href":"https:\/\/informelitoral.com.ar\/%77%70%2d%6a%73%6f%6e\/wp\/v2\/posts"}],"about":[{"href":"https:\/\/informelitoral.com.ar\/%77%70%2d%6a%73%6f%6e\/wp\/v2\/types\/post"}],"author":[{"embeddable":true,"href":"https:\/\/informelitoral.com.ar\/%77%70%2d%6a%73%6f%6e\/wp\/v2\/users\/2"}],"replies":[{"embeddable":true,"href":"https:\/\/informelitoral.com.ar\/%77%70%2d%6a%73%6f%6e\/wp\/v2\/comments?post=37414"}],"version-history":[{"count":0,"href":"https:\/\/informelitoral.com.ar\/%77%70%2d%6a%73%6f%6e\/wp\/v2\/posts\/37414\/revisions"}],"wp:featuredmedia":[{"embeddable":true,"href":"https:\/\/informelitoral.com.ar\/%77%70%2d%6a%73%6f%6e\/wp\/v2\/media\/37415"}],"wp:attachment":[{"href":"https:\/\/informelitoral.com.ar\/%77%70%2d%6a%73%6f%6e\/wp\/v2\/media?parent=37414"}],"wp:term":[{"taxonomy":"category","embeddable":true,"href":"https:\/\/informelitoral.com.ar\/%77%70%2d%6a%73%6f%6e\/wp\/v2\/categories?post=37414"},{"taxonomy":"post_tag","embeddable":true,"href":"https:\/\/informelitoral.com.ar\/%77%70%2d%6a%73%6f%6e\/wp\/v2\/tags?post=37414"}],"curies":[{"name":"wp","href":"https:\/\/api.w.org\/{rel}","templated":true}]}}