{"id":37406,"date":"2019-10-25T07:31:01","date_gmt":"2019-10-25T10:31:01","guid":{"rendered":"https:\/\/www.isletasnoticias.com.ar\/?p=37406"},"modified":"2019-10-25T07:35:46","modified_gmt":"2019-10-25T10:35:46","slug":"fotos-el-granizo-afecto-a-cordoba-y-san-luis","status":"publish","type":"post","link":"https:\/\/informelitoral.com.ar\/fotos-el-granizo-afecto-a-cordoba-y-san-luis\/","title":{"rendered":"Fotos: el granizo afect\u00f3 a C\u00f3rdoba y San Luis"},"content":{"rendered":"<p>Si bien fue de corta de duraci\u00f3n, la intensa ca\u00edda de granizo durante la tarde del jueves en el <strong>sur de C\u00f3rdoba y parte de San Luis<\/strong> cubri\u00f3 de blanco los caminos que parec\u00edan tapizados en nieve.<\/p>\n<figure class=\"embed\"><img decoding=\"async\" class=\"alignnone\" title=\"\" src=\"https:\/\/elonce-media.elonce.com\/fotos-nuevo\/2019\/10\/25\/o_1571991585.jpg\" alt=\"\" width=\"640\" \/><\/figure>\n<p><strong>El fen\u00f3meno estuvo acompa\u00f1ado de una abundante lluvia<\/strong>. La ciudad cordobesa de <strong>R\u00edo Cuarto<\/strong> fue una de las zonas afectadas. Otro lugar donde se sinti\u00f3 con fuerza fue en las <strong>cercan\u00edas de la localidad de La Punilla y el Morro,<\/strong> a pocos kil\u00f3metros del l\u00edmite de San Luis con C\u00f3rdoba.<\/p>\n<p>All\u00ed, los empleados del peaje de esa localidad y de El Portezuelo se vieron sorprendidos por las piedras y la acumulaci\u00f3n de hielo que ti\u00f1eron la ruta de blanco. <strong>El tr\u00e1nsito estuvo inhabilitado en las rutas N\u00ba 1 y N\u00ba 10 de San Luis.<\/strong><\/p>\n<figure class=\"embed\"><img decoding=\"async\" class=\"aligncenter\" title=\"\" src=\"https:\/\/elonce-media.elonce.com\/fotos-nuevo\/2019\/10\/25\/o_1571991584.jpg\" alt=\"\" width=\"640\" \/><\/figure>\n<p>Seg\u00fan inform\u00f3 <em>Cadena 3,<\/em> un automovilista sufri\u00f3 un despiste en ese sector, pero solo hubo da\u00f1os materiales.<\/p>\n<blockquote class=\"twitter-tweet\" data-width=\"550\" data-dnt=\"true\">\n<p lang=\"es\" dir=\"ltr\"><a href=\"https:\/\/twitter.com\/hashtag\/Argentina?src=hash&amp;ref_src=twsrc%5Etfw\">#Argentina<\/a> ?? <a href=\"https:\/\/twitter.com\/hashtag\/C%C3%B3rdoba?src=hash&amp;ref_src=twsrc%5Etfw\">#C\u00f3rdoba<\/a>: Intenso granizo en <a href=\"https:\/\/twitter.com\/hashtag\/R%C3%ADoCuarto?src=hash&amp;ref_src=twsrc%5Etfw\">#R\u00edoCuarto<\/a>  <a href=\"https:\/\/t.co\/bsuzj4ssBD\">pic.twitter.com\/bsuzj4ssBD<\/a><\/p>\n<p>&mdash; Estaci\u00f3n bcp Meteorolog\u00eda (@Estacion_bcp) <a href=\"https:\/\/twitter.com\/Estacion_bcp\/status\/1187478882644946945?ref_src=twsrc%5Etfw\">October 24, 2019<\/a><\/p><\/blockquote>\n<p><script async src=\"https:\/\/platform.twitter.com\/widgets.js\" charset=\"utf-8\"><\/script><\/p>\n<blockquote class=\"twitter-tweet\" data-width=\"550\" data-dnt=\"true\">\n<p lang=\"es\" dir=\"ltr\">Impresionante ca\u00edda de granizo en La Punilla <a href=\"https:\/\/t.co\/KnZRuW5MUe\">pic.twitter.com\/KnZRuW5MUe<\/a><\/p>\n<p>&mdash; El Chorrillero (@elchorrilleroSL) <a href=\"https:\/\/twitter.com\/elchorrilleroSL\/status\/1187497329567383552?ref_src=twsrc%5Etfw\">October 24, 2019<\/a><\/p><\/blockquote>\n<p><script async src=\"https:\/\/platform.twitter.com\/widgets.js\" charset=\"utf-8\"><\/script><\/p>\n<p>El Servicio Meteorol\u00f3gico Nacional -SMN- hab\u00eda emitido un alerta por tormentas fuertes con r\u00e1fagas y ocasional ca\u00edda de granizo sobre la regi\u00f3n noroeste de San Luis, que afecta a los departamentos de Chacabuco, General Pedernera y Jun\u00edn, y a las localidades cordobesas de Calamuchita, Ju\u00e1rez Celman y R\u00edo Cuarto.<\/p>\n<blockquote class=\"twitter-tweet\" data-width=\"550\" data-dnt=\"true\">\n<p lang=\"es\" dir=\"ltr\">Granizo en La Punilla, San Luis <a href=\"https:\/\/t.co\/oSjGmdmi86\">pic.twitter.com\/oSjGmdmi86<\/a><\/p>\n<p>&mdash; Agroargentina (@PortalAgroArg) <a href=\"https:\/\/twitter.com\/PortalAgroArg\/status\/1187484288771678209?ref_src=twsrc%5Etfw\">October 24, 2019<\/a><\/p><\/blockquote>\n<p><script async src=\"https:\/\/platform.twitter.com\/widgets.js\" charset=\"utf-8\"><\/script><\/p>\n<blockquote class=\"twitter-tweet\" data-width=\"550\" data-dnt=\"true\">\n<p lang=\"es\" dir=\"ltr\">[AHORA]<br \/>Im\u00e1genes que nos llegan desde el peaje de La Punilla y El Morro luego de una gran ca\u00edda de granizo. <a href=\"https:\/\/t.co\/pkgpwPWECy\">pic.twitter.com\/pkgpwPWECy<\/a><\/p>\n<p>&mdash; La Red San Luis (@LaRedSanLuis) <a href=\"https:\/\/twitter.com\/LaRedSanLuis\/status\/1187510614987591680?ref_src=twsrc%5Etfw\">October 24, 2019<\/a><\/p><\/blockquote>\n<p><script async src=\"https:\/\/platform.twitter.com\/widgets.js\" charset=\"utf-8\"><\/script><\/p>\n<blockquote class=\"twitter-tweet\" data-width=\"550\" data-dnt=\"true\">\n<p lang=\"es\" dir=\"ltr\"><a href=\"https:\/\/twitter.com\/hashtag\/Granizo?src=hash&amp;ref_src=twsrc%5Etfw\">#Granizo<\/a> en La Punilla, San Luis <a href=\"https:\/\/twitter.com\/hashtag\/Argentina?src=hash&amp;ref_src=twsrc%5Etfw\">#Argentina<\/a> <a href=\"https:\/\/t.co\/RKUnoCKtXq\">pic.twitter.com\/RKUnoCKtXq<\/a><\/p>\n<p>&mdash; Estaci\u00f3n bcp Meteorolog\u00eda (@Estacion_bcp) <a href=\"https:\/\/twitter.com\/Estacion_bcp\/status\/1187552049602404353?ref_src=twsrc%5Etfw\">October 25, 2019<\/a><\/p><\/blockquote>\n<p><script async src=\"https:\/\/platform.twitter.com\/widgets.js\" charset=\"utf-8\"><\/script><\/p>\n","protected":false},"excerpt":{"rendered":"<p>La fuerte ca\u00edda de granizo afect\u00f3 a localidades de C\u00f3rdoba y San Luis. El fen\u00f3meno fue de corta duraci\u00f3n y estuvo acompa\u00f1ado de una abundante ca\u00edda lluvia.<\/p>\n","protected":false},"author":2,"featured_media":37407,"comment_status":"open","ping_status":"open","sticky":false,"template":"","format":"standard","meta":{"fifu_image_url":"","fifu_image_alt":"","footnotes":""},"categories":[7],"tags":[324,525,1067,527],"class_list":{"0":"post-37406","1":"post","2":"type-post","3":"status-publish","4":"format-standard","5":"has-post-thumbnail","7":"category-nacionales","8":"tag-cordoba","9":"tag-granizo","10":"tag-san-luis","11":"tag-temporal"},"yoast_head":"<title>Fotos: el granizo afect\u00f3 a C\u00f3rdoba y San Luis - Informe Litoral<\/title>\n<meta name=\"robots\" content=\"index, follow, max-snippet:-1, max-image-preview:large, max-video-preview:-1\" \/>\n<link rel=\"canonical\" href=\"https:\/\/informelitoral.com.ar\/fotos-el-granizo-afecto-a-cordoba-y-san-luis\/\" \/>\n<meta property=\"og:locale\" content=\"es_ES\" \/>\n<meta property=\"og:type\" content=\"article\" \/>\n<meta property=\"og:title\" content=\"Fotos: el granizo afect\u00f3 a C\u00f3rdoba y San Luis - Informe Litoral\" \/>\n<meta property=\"og:description\" content=\"La fuerte ca\u00edda de granizo afect\u00f3 a localidades de C\u00f3rdoba y San Luis. El fen\u00f3meno fue de corta duraci\u00f3n y estuvo acompa\u00f1ado de una abundante ca\u00edda lluvia.\" \/>\n<meta property=\"og:url\" content=\"https:\/\/informelitoral.com.ar\/fotos-el-granizo-afecto-a-cordoba-y-san-luis\/\" \/>\n<meta property=\"og:site_name\" content=\"Informe Litoral\" \/>\n<meta property=\"article:publisher\" content=\"https:\/\/www.facebook.com\/informelitoral\/\" \/>\n<meta property=\"article:published_time\" content=\"2019-10-25T10:31:01+00:00\" \/>\n<meta property=\"article:modified_time\" content=\"2019-10-25T10:35:46+00:00\" \/>\n<meta property=\"og:image\" content=\"https:\/\/informelitoral.com.ar\/%77%70%2d%63%6f%6e%74%65%6e%74\/uploads\/2019\/10\/o_1571991585.jpg\" \/>\n\t<meta property=\"og:image:width\" content=\"800\" \/>\n\t<meta property=\"og:image:height\" content=\"450\" \/>\n\t<meta property=\"og:image:type\" content=\"image\/jpeg\" \/>\n<meta name=\"author\" content=\"Gonzalo Schmidt\" \/>\n<meta name=\"twitter:card\" content=\"summary_large_image\" \/>\n<meta name=\"twitter:creator\" content=\"@InformeLitoral\" \/>\n<meta name=\"twitter:site\" content=\"@InformeLitoral\" \/>\n<meta name=\"twitter:label1\" content=\"Escrito por\" \/>\n\t<meta name=\"twitter:data1\" content=\"Gonzalo Schmidt\" \/>\n\t<meta name=\"twitter:label2\" content=\"Tiempo de lectura\" \/>\n\t<meta name=\"twitter:data2\" content=\"1 minuto\" \/>\n<script type=\"application\/ld+json\" class=\"yoast-schema-graph\">{\"@context\":\"https:\\\/\\\/schema.org\",\"@graph\":[{\"@type\":\"Article\",\"@id\":\"https:\\\/\\\/informelitoral.com.ar\\\/fotos-el-granizo-afecto-a-cordoba-y-san-luis\\\/#article\",\"isPartOf\":{\"@id\":\"https:\\\/\\\/informelitoral.com.ar\\\/fotos-el-granizo-afecto-a-cordoba-y-san-luis\\\/\"},\"author\":{\"name\":\"Gonzalo Schmidt\",\"@id\":\"https:\\\/\\\/informelitoral.com.ar\\\/#\\\/schema\\\/person\\\/b9d00407c836482871ef1d57bf8e3180\"},\"headline\":\"Fotos: el granizo afect\u00f3 a C\u00f3rdoba y San Luis\",\"datePublished\":\"2019-10-25T10:31:01+00:00\",\"dateModified\":\"2019-10-25T10:35:46+00:00\",\"mainEntityOfPage\":{\"@id\":\"https:\\\/\\\/informelitoral.com.ar\\\/fotos-el-granizo-afecto-a-cordoba-y-san-luis\\\/\"},\"wordCount\":255,\"commentCount\":0,\"publisher\":{\"@id\":\"https:\\\/\\\/informelitoral.com.ar\\\/#organization\"},\"image\":{\"@id\":\"https:\\\/\\\/informelitoral.com.ar\\\/fotos-el-granizo-afecto-a-cordoba-y-san-luis\\\/#primaryimage\"},\"thumbnailUrl\":\"https:\\\/\\\/informelitoral.com.ar\\\/%77%70%2d%63%6f%6e%74%65%6e%74\\\/uploads\\\/2019\\\/10\\\/o_1571991585.jpg\",\"keywords\":[\"C\u00f3rdoba\",\"Granizo\",\"San Luis\",\"Temporal\"],\"articleSection\":[\"Nacionales\"],\"inLanguage\":\"es\",\"potentialAction\":[{\"@type\":\"CommentAction\",\"name\":\"Comment\",\"target\":[\"https:\\\/\\\/informelitoral.com.ar\\\/fotos-el-granizo-afecto-a-cordoba-y-san-luis\\\/#respond\"]}]},{\"@type\":\"WebPage\",\"@id\":\"https:\\\/\\\/informelitoral.com.ar\\\/fotos-el-granizo-afecto-a-cordoba-y-san-luis\\\/\",\"url\":\"https:\\\/\\\/informelitoral.com.ar\\\/fotos-el-granizo-afecto-a-cordoba-y-san-luis\\\/\",\"name\":\"Fotos: el granizo afect\u00f3 a C\u00f3rdoba y San Luis - Informe Litoral\",\"isPartOf\":{\"@id\":\"https:\\\/\\\/informelitoral.com.ar\\\/#website\"},\"primaryImageOfPage\":{\"@id\":\"https:\\\/\\\/informelitoral.com.ar\\\/fotos-el-granizo-afecto-a-cordoba-y-san-luis\\\/#primaryimage\"},\"image\":{\"@id\":\"https:\\\/\\\/informelitoral.com.ar\\\/fotos-el-granizo-afecto-a-cordoba-y-san-luis\\\/#primaryimage\"},\"thumbnailUrl\":\"https:\\\/\\\/informelitoral.com.ar\\\/%77%70%2d%63%6f%6e%74%65%6e%74\\\/uploads\\\/2019\\\/10\\\/o_1571991585.jpg\",\"datePublished\":\"2019-10-25T10:31:01+00:00\",\"dateModified\":\"2019-10-25T10:35:46+00:00\",\"breadcrumb\":{\"@id\":\"https:\\\/\\\/informelitoral.com.ar\\\/fotos-el-granizo-afecto-a-cordoba-y-san-luis\\\/#breadcrumb\"},\"inLanguage\":\"es\",\"potentialAction\":[{\"@type\":\"ReadAction\",\"target\":[\"https:\\\/\\\/informelitoral.com.ar\\\/fotos-el-granizo-afecto-a-cordoba-y-san-luis\\\/\"]}]},{\"@type\":\"ImageObject\",\"inLanguage\":\"es\",\"@id\":\"https:\\\/\\\/informelitoral.com.ar\\\/fotos-el-granizo-afecto-a-cordoba-y-san-luis\\\/#primaryimage\",\"url\":\"https:\\\/\\\/informelitoral.com.ar\\\/%77%70%2d%63%6f%6e%74%65%6e%74\\\/uploads\\\/2019\\\/10\\\/o_1571991585.jpg\",\"contentUrl\":\"https:\\\/\\\/informelitoral.com.ar\\\/%77%70%2d%63%6f%6e%74%65%6e%74\\\/uploads\\\/2019\\\/10\\\/o_1571991585.jpg\",\"width\":800,\"height\":450},{\"@type\":\"BreadcrumbList\",\"@id\":\"https:\\\/\\\/informelitoral.com.ar\\\/fotos-el-granizo-afecto-a-cordoba-y-san-luis\\\/#breadcrumb\",\"itemListElement\":[{\"@type\":\"ListItem\",\"position\":1,\"name\":\"Portada\",\"item\":\"https:\\\/\\\/informelitoral.com.ar\\\/\"},{\"@type\":\"ListItem\",\"position\":2,\"name\":\"Fotos: el granizo afect\u00f3 a C\u00f3rdoba y San Luis\"}]},{\"@type\":\"WebSite\",\"@id\":\"https:\\\/\\\/informelitoral.com.ar\\\/#website\",\"url\":\"https:\\\/\\\/informelitoral.com.ar\\\/\",\"name\":\"Informe Litoral\",\"description\":\"&quot;Nos informamos&quot; \",\"publisher\":{\"@id\":\"https:\\\/\\\/informelitoral.com.ar\\\/#organization\"},\"potentialAction\":[{\"@type\":\"SearchAction\",\"target\":{\"@type\":\"EntryPoint\",\"urlTemplate\":\"https:\\\/\\\/informelitoral.com.ar\\\/?s={search_term_string}\"},\"query-input\":{\"@type\":\"PropertyValueSpecification\",\"valueRequired\":true,\"valueName\":\"search_term_string\"}}],\"inLanguage\":\"es\"},{\"@type\":\"Organization\",\"@id\":\"https:\\\/\\\/informelitoral.com.ar\\\/#organization\",\"name\":\"Informe Litoral\",\"url\":\"https:\\\/\\\/informelitoral.com.ar\\\/\",\"logo\":{\"@type\":\"ImageObject\",\"inLanguage\":\"es\",\"@id\":\"https:\\\/\\\/informelitoral.com.ar\\\/#\\\/schema\\\/logo\\\/image\\\/\",\"url\":\"https:\\\/\\\/informelitoral.com.ar\\\/%77%70%2d%63%6f%6e%74%65%6e%74\\\/uploads\\\/2021\\\/01\\\/circulo.png\",\"contentUrl\":\"https:\\\/\\\/informelitoral.com.ar\\\/%77%70%2d%63%6f%6e%74%65%6e%74\\\/uploads\\\/2021\\\/01\\\/circulo.png\",\"width\":723,\"height\":731,\"caption\":\"Informe Litoral\"},\"image\":{\"@id\":\"https:\\\/\\\/informelitoral.com.ar\\\/#\\\/schema\\\/logo\\\/image\\\/\"},\"sameAs\":[\"https:\\\/\\\/www.facebook.com\\\/informelitoral\\\/\",\"https:\\\/\\\/x.com\\\/InformeLitoral\",\"https:\\\/\\\/www.instagram.com\\\/informelitoral\\\/\",\"https:\\\/\\\/www.youtube.com\\\/channel\\\/UCua4Qvz8Icb6MYqhoq9xLXw\"]},{\"@type\":\"Person\",\"@id\":\"https:\\\/\\\/informelitoral.com.ar\\\/#\\\/schema\\\/person\\\/b9d00407c836482871ef1d57bf8e3180\",\"name\":\"Gonzalo Schmidt\",\"image\":{\"@type\":\"ImageObject\",\"inLanguage\":\"es\",\"@id\":\"https:\\\/\\\/secure.gravatar.com\\\/avatar\\\/31a1a7b66ff2de83bd0e9fd79d026630d2d99e55e8bfe501287647b4fd9743de?s=96&d=mm&r=g\",\"url\":\"https:\\\/\\\/secure.gravatar.com\\\/avatar\\\/31a1a7b66ff2de83bd0e9fd79d026630d2d99e55e8bfe501287647b4fd9743de?s=96&d=mm&r=g\",\"contentUrl\":\"https:\\\/\\\/secure.gravatar.com\\\/avatar\\\/31a1a7b66ff2de83bd0e9fd79d026630d2d99e55e8bfe501287647b4fd9743de?s=96&d=mm&r=g\",\"caption\":\"Gonzalo Schmidt\"},\"description\":\"Sitio web de noticias de la provincia de Entre R\u00edos, Argentina. Informaci\u00f3n y entretenimiento. Informe Litoral, nos informamos.\",\"sameAs\":[\"http:\\\/\\\/www.isletasnoticias.com.ar\"],\"url\":\"https:\\\/\\\/informelitoral.com.ar\\\/author\\\/gonzalo\\\/\"}]}<\/script>","yoast_head_json":{"title":"Fotos: el granizo afect\u00f3 a C\u00f3rdoba y San Luis - Informe Litoral","robots":{"index":"index","follow":"follow","max-snippet":"max-snippet:-1","max-image-preview":"max-image-preview:large","max-video-preview":"max-video-preview:-1"},"canonical":"https:\/\/informelitoral.com.ar\/fotos-el-granizo-afecto-a-cordoba-y-san-luis\/","og_locale":"es_ES","og_type":"article","og_title":"Fotos: el granizo afect\u00f3 a C\u00f3rdoba y San Luis - Informe Litoral","og_description":"La fuerte ca\u00edda de granizo afect\u00f3 a localidades de C\u00f3rdoba y San Luis. El fen\u00f3meno fue de corta duraci\u00f3n y estuvo acompa\u00f1ado de una abundante ca\u00edda lluvia.","og_url":"https:\/\/informelitoral.com.ar\/fotos-el-granizo-afecto-a-cordoba-y-san-luis\/","og_site_name":"Informe Litoral","article_publisher":"https:\/\/www.facebook.com\/informelitoral\/","article_published_time":"2019-10-25T10:31:01+00:00","article_modified_time":"2019-10-25T10:35:46+00:00","og_image":[{"width":800,"height":450,"url":"https:\/\/informelitoral.com.ar\/%77%70%2d%63%6f%6e%74%65%6e%74\/uploads\/2019\/10\/o_1571991585.jpg","type":"image\/jpeg"}],"author":"Gonzalo Schmidt","twitter_card":"summary_large_image","twitter_creator":"@InformeLitoral","twitter_site":"@InformeLitoral","twitter_misc":{"Escrito por":"Gonzalo Schmidt","Tiempo de lectura":"1 minuto"},"schema":{"@context":"https:\/\/schema.org","@graph":[{"@type":"Article","@id":"https:\/\/informelitoral.com.ar\/fotos-el-granizo-afecto-a-cordoba-y-san-luis\/#article","isPartOf":{"@id":"https:\/\/informelitoral.com.ar\/fotos-el-granizo-afecto-a-cordoba-y-san-luis\/"},"author":{"name":"Gonzalo Schmidt","@id":"https:\/\/informelitoral.com.ar\/#\/schema\/person\/b9d00407c836482871ef1d57bf8e3180"},"headline":"Fotos: el granizo afect\u00f3 a C\u00f3rdoba y San Luis","datePublished":"2019-10-25T10:31:01+00:00","dateModified":"2019-10-25T10:35:46+00:00","mainEntityOfPage":{"@id":"https:\/\/informelitoral.com.ar\/fotos-el-granizo-afecto-a-cordoba-y-san-luis\/"},"wordCount":255,"commentCount":0,"publisher":{"@id":"https:\/\/informelitoral.com.ar\/#organization"},"image":{"@id":"https:\/\/informelitoral.com.ar\/fotos-el-granizo-afecto-a-cordoba-y-san-luis\/#primaryimage"},"thumbnailUrl":"https:\/\/informelitoral.com.ar\/%77%70%2d%63%6f%6e%74%65%6e%74\/uploads\/2019\/10\/o_1571991585.jpg","keywords":["C\u00f3rdoba","Granizo","San Luis","Temporal"],"articleSection":["Nacionales"],"inLanguage":"es","potentialAction":[{"@type":"CommentAction","name":"Comment","target":["https:\/\/informelitoral.com.ar\/fotos-el-granizo-afecto-a-cordoba-y-san-luis\/#respond"]}]},{"@type":"WebPage","@id":"https:\/\/informelitoral.com.ar\/fotos-el-granizo-afecto-a-cordoba-y-san-luis\/","url":"https:\/\/informelitoral.com.ar\/fotos-el-granizo-afecto-a-cordoba-y-san-luis\/","name":"Fotos: el granizo afect\u00f3 a C\u00f3rdoba y San Luis - Informe Litoral","isPartOf":{"@id":"https:\/\/informelitoral.com.ar\/#website"},"primaryImageOfPage":{"@id":"https:\/\/informelitoral.com.ar\/fotos-el-granizo-afecto-a-cordoba-y-san-luis\/#primaryimage"},"image":{"@id":"https:\/\/informelitoral.com.ar\/fotos-el-granizo-afecto-a-cordoba-y-san-luis\/#primaryimage"},"thumbnailUrl":"https:\/\/informelitoral.com.ar\/%77%70%2d%63%6f%6e%74%65%6e%74\/uploads\/2019\/10\/o_1571991585.jpg","datePublished":"2019-10-25T10:31:01+00:00","dateModified":"2019-10-25T10:35:46+00:00","breadcrumb":{"@id":"https:\/\/informelitoral.com.ar\/fotos-el-granizo-afecto-a-cordoba-y-san-luis\/#breadcrumb"},"inLanguage":"es","potentialAction":[{"@type":"ReadAction","target":["https:\/\/informelitoral.com.ar\/fotos-el-granizo-afecto-a-cordoba-y-san-luis\/"]}]},{"@type":"ImageObject","inLanguage":"es","@id":"https:\/\/informelitoral.com.ar\/fotos-el-granizo-afecto-a-cordoba-y-san-luis\/#primaryimage","url":"https:\/\/informelitoral.com.ar\/%77%70%2d%63%6f%6e%74%65%6e%74\/uploads\/2019\/10\/o_1571991585.jpg","contentUrl":"https:\/\/informelitoral.com.ar\/%77%70%2d%63%6f%6e%74%65%6e%74\/uploads\/2019\/10\/o_1571991585.jpg","width":800,"height":450},{"@type":"BreadcrumbList","@id":"https:\/\/informelitoral.com.ar\/fotos-el-granizo-afecto-a-cordoba-y-san-luis\/#breadcrumb","itemListElement":[{"@type":"ListItem","position":1,"name":"Portada","item":"https:\/\/informelitoral.com.ar\/"},{"@type":"ListItem","position":2,"name":"Fotos: el granizo afect\u00f3 a C\u00f3rdoba y San Luis"}]},{"@type":"WebSite","@id":"https:\/\/informelitoral.com.ar\/#website","url":"https:\/\/informelitoral.com.ar\/","name":"Informe Litoral","description":"&quot;Nos informamos&quot; ","publisher":{"@id":"https:\/\/informelitoral.com.ar\/#organization"},"potentialAction":[{"@type":"SearchAction","target":{"@type":"EntryPoint","urlTemplate":"https:\/\/informelitoral.com.ar\/?s={search_term_string}"},"query-input":{"@type":"PropertyValueSpecification","valueRequired":true,"valueName":"search_term_string"}}],"inLanguage":"es"},{"@type":"Organization","@id":"https:\/\/informelitoral.com.ar\/#organization","name":"Informe Litoral","url":"https:\/\/informelitoral.com.ar\/","logo":{"@type":"ImageObject","inLanguage":"es","@id":"https:\/\/informelitoral.com.ar\/#\/schema\/logo\/image\/","url":"https:\/\/informelitoral.com.ar\/%77%70%2d%63%6f%6e%74%65%6e%74\/uploads\/2021\/01\/circulo.png","contentUrl":"https:\/\/informelitoral.com.ar\/%77%70%2d%63%6f%6e%74%65%6e%74\/uploads\/2021\/01\/circulo.png","width":723,"height":731,"caption":"Informe Litoral"},"image":{"@id":"https:\/\/informelitoral.com.ar\/#\/schema\/logo\/image\/"},"sameAs":["https:\/\/www.facebook.com\/informelitoral\/","https:\/\/x.com\/InformeLitoral","https:\/\/www.instagram.com\/informelitoral\/","https:\/\/www.youtube.com\/channel\/UCua4Qvz8Icb6MYqhoq9xLXw"]},{"@type":"Person","@id":"https:\/\/informelitoral.com.ar\/#\/schema\/person\/b9d00407c836482871ef1d57bf8e3180","name":"Gonzalo Schmidt","image":{"@type":"ImageObject","inLanguage":"es","@id":"https:\/\/secure.gravatar.com\/avatar\/31a1a7b66ff2de83bd0e9fd79d026630d2d99e55e8bfe501287647b4fd9743de?s=96&d=mm&r=g","url":"https:\/\/secure.gravatar.com\/avatar\/31a1a7b66ff2de83bd0e9fd79d026630d2d99e55e8bfe501287647b4fd9743de?s=96&d=mm&r=g","contentUrl":"https:\/\/secure.gravatar.com\/avatar\/31a1a7b66ff2de83bd0e9fd79d026630d2d99e55e8bfe501287647b4fd9743de?s=96&d=mm&r=g","caption":"Gonzalo Schmidt"},"description":"Sitio web de noticias de la provincia de Entre R\u00edos, Argentina. Informaci\u00f3n y entretenimiento. Informe Litoral, nos informamos.","sameAs":["http:\/\/www.isletasnoticias.com.ar"],"url":"https:\/\/informelitoral.com.ar\/author\/gonzalo\/"}]}},"_links":{"self":[{"href":"https:\/\/informelitoral.com.ar\/%77%70%2d%6a%73%6f%6e\/wp\/v2\/posts\/37406","targetHints":{"allow":["GET"]}}],"collection":[{"href":"https:\/\/informelitoral.com.ar\/%77%70%2d%6a%73%6f%6e\/wp\/v2\/posts"}],"about":[{"href":"https:\/\/informelitoral.com.ar\/%77%70%2d%6a%73%6f%6e\/wp\/v2\/types\/post"}],"author":[{"embeddable":true,"href":"https:\/\/informelitoral.com.ar\/%77%70%2d%6a%73%6f%6e\/wp\/v2\/users\/2"}],"replies":[{"embeddable":true,"href":"https:\/\/informelitoral.com.ar\/%77%70%2d%6a%73%6f%6e\/wp\/v2\/comments?post=37406"}],"version-history":[{"count":0,"href":"https:\/\/informelitoral.com.ar\/%77%70%2d%6a%73%6f%6e\/wp\/v2\/posts\/37406\/revisions"}],"wp:featuredmedia":[{"embeddable":true,"href":"https:\/\/informelitoral.com.ar\/%77%70%2d%6a%73%6f%6e\/wp\/v2\/media\/37407"}],"wp:attachment":[{"href":"https:\/\/informelitoral.com.ar\/%77%70%2d%6a%73%6f%6e\/wp\/v2\/media?parent=37406"}],"wp:term":[{"taxonomy":"category","embeddable":true,"href":"https:\/\/informelitoral.com.ar\/%77%70%2d%6a%73%6f%6e\/wp\/v2\/categories?post=37406"},{"taxonomy":"post_tag","embeddable":true,"href":"https:\/\/informelitoral.com.ar\/%77%70%2d%6a%73%6f%6e\/wp\/v2\/tags?post=37406"}],"curies":[{"name":"wp","href":"https:\/\/api.w.org\/{rel}","templated":true}]}}