{"id":37397,"date":"2019-10-24T19:16:39","date_gmt":"2019-10-24T22:16:39","guid":{"rendered":"https:\/\/www.isletasnoticias.com.ar\/?p=37397"},"modified":"2019-10-24T23:32:08","modified_gmt":"2019-10-25T02:32:08","slug":"espert-cerro-su-campana-con-una-fiesta-y-aseguro-que-ganara-en-2023","status":"publish","type":"post","link":"https:\/\/informelitoral.com.ar\/espert-cerro-su-campana-con-una-fiesta-y-aseguro-que-ganara-en-2023\/","title":{"rendered":"Espert cerr\u00f3 su campa\u00f1a con una fiesta y asegur\u00f3 que ganar\u00e1 en 2023"},"content":{"rendered":"<p>El candidato a presidente por Despertar,<strong> Jos\u00e9 Luis Espert<\/strong>, cerr\u00f3 esta noche su campa\u00f1a preelectoral con un encuentro en un boliche del barrio porte\u00f1o de Palermo, donde asegur\u00f3 que va a \u00ab<strong>ganar la presidencia en 2023<\/strong>\u00bb porque <strong>\u00abel futuro es liberal y ya lleg\u00f3\u00bb.<\/strong><\/p>\n<p>En un acto con m\u00e1s semejanzas a una fiesta juvenil que a acto proselitista, Espert volvi\u00f3 a cargar contra pol\u00edticos, sindicalistas y empresarios y celebr\u00f3 el haber llegado hasta las elecciones generales \u00aba pesar de las miserias de propios y extra\u00f1os\u00bb.<\/p>\n<p>\u00abArgentina tiene un gran futuro. Vamos a ganar la presidencia en 2023; el futuro es liberal y ya lleg\u00f3\u00bb, areng\u00f3 Espert a los seguidores que asistieron a la \u00abEspert Fest\u00bb en Sitio Palermo, en Humboldt al 1400 de la capital.<\/p>\n<p>\u00ab<strong>En los debates pudimos decirles a los pol\u00edticos chorros que vamos por ellos, a los sindicalistas delincuentes que la corten, a los empresarios prebendarios que dejen de cobrar todo m\u00e1s caro y a los piqueteros, que el que corte la calle va preso\u00bb<\/strong>, sentenci\u00f3 Espert, entre v\u00edtores y aplausos.<\/p>\n<p>Y agreg\u00f3: \u00abDespu\u00e9s de d\u00e9cadas, el liberalismo tienen una f\u00f3rmula que lo represente en sus ideas\u00bb.<\/p>\n<p>El trayecto del candidato liberal a las elecciones de este domingo estuvo cerca de quedar trunco en numerosas ocasiones, que incluyeron desde la renuncia a horas del cierre de listas del jefe del partido Unir, Alberto Aseff, hasta la invalidaci\u00f3n por la Justicia de sus candidatos en la provincia de Buenos Aires, tanto ejecutivos como legislativos.<\/p>\n<p>\u00ab<strong>Nos vaciaron las candidaturas, nos quisieron bajar. Pero ac\u00e1 estamos, muy felices y con muchas ganas de que llegue el domingo<\/strong>\u00ab, afirm\u00f3 Espert entre los aplausos del p\u00fablico.<\/p>\n<p>M\u00fasica electr\u00f3nica, bolas de cristal, luces led y cervezas gratis animaron la previa del acto para dar un \u00faltimo apoyo al economista liberal que, tras largo tiempo expresando sus ideas en medios de comunicaci\u00f3n, dio el salto a la pol\u00edtica.<\/p>\n<p>El clima festivo lo complet\u00f3 un p\u00fablico compuesto sobre todo por j\u00f3venes de entre 18 y 30 a\u00f1os que, inseparables de sus tel\u00e9fonos m\u00f3viles, compartieron a trav\u00e9s de las redes sociales las palabras del candidato, una consigna que repitieron desde la organizaci\u00f3n del espacio durante toda la campa\u00f1a a sus militantes.<\/p>\n<p>De la presentaci\u00f3n tambi\u00e9n particip\u00f3 su compa\u00f1ero de f\u00f3rmula, el periodista y consultor Luis Rosales, que celebr\u00f3 la aparici\u00f3n de Espert en el debate pol\u00edtico ya que <strong>\u00abhab\u00eda una infinidad enorme de gente que no estaba representada\u00bb, a pesar de defender \u00ablas ideas que siguen la mitad de los pa\u00edses para salir adelante\u00bb.<\/strong><\/p>\n<p>En las PASO del 11 de agosto la f\u00f3rmula Espert-Rosales obtuvo el 2,11% de los sufragios v\u00e1lidos y qued\u00f3 como la sexta m\u00e1s votada, aunque con oportunidades de sumar diputados nacionales por la provincia de Santa Fe y la ciudad de Buenos Aires para \u00abhacer una verdadera oposici\u00f3n\u00bb, como repiti\u00f3 Espert en el tramo final de la campa\u00f1a.<\/p>\n","protected":false},"excerpt":{"rendered":"<p>El evento, que se desarroll\u00f3 en un boliche porte\u00f1o, se llam\u00f3 \u00abEspert Fest\u00bb. \u00abArgentina tiene un gran futuro, que es liberal y ya comenz\u00f3\u00bb, se\u00f1al\u00f3 el candidato presidencial. <\/p>\n","protected":false},"author":2,"featured_media":37398,"comment_status":"open","ping_status":"open","sticky":false,"template":"","format":"standard","meta":{"fifu_image_url":"","fifu_image_alt":"","footnotes":""},"categories":[16],"tags":[415,421,1352],"class_list":{"0":"post-37397","1":"post","2":"type-post","3":"status-publish","4":"format-standard","5":"has-post-thumbnail","7":"category-politi","8":"tag-elecciones","9":"tag-elecciones-2019","10":"tag-jose-luis-espert"},"yoast_head":"<title>Espert cerr\u00f3 su campa\u00f1a con una fiesta y asegur\u00f3 que ganar\u00e1 en 2023 - Informe Litoral<\/title>\n<meta name=\"robots\" content=\"index, follow, max-snippet:-1, max-image-preview:large, max-video-preview:-1\" \/>\n<link rel=\"canonical\" href=\"https:\/\/informelitoral.com.ar\/espert-cerro-su-campana-con-una-fiesta-y-aseguro-que-ganara-en-2023\/\" \/>\n<meta property=\"og:locale\" content=\"es_ES\" \/>\n<meta property=\"og:type\" content=\"article\" \/>\n<meta property=\"og:title\" content=\"Espert cerr\u00f3 su campa\u00f1a con una fiesta y asegur\u00f3 que ganar\u00e1 en 2023 - Informe Litoral\" \/>\n<meta property=\"og:description\" content=\"El evento, que se desarroll\u00f3 en un boliche porte\u00f1o, se llam\u00f3 &quot;Espert Fest&quot;. &quot;Argentina tiene un gran futuro, que es liberal y ya comenz\u00f3&quot;, se\u00f1al\u00f3 el candidato presidencial.\" \/>\n<meta property=\"og:url\" content=\"https:\/\/informelitoral.com.ar\/espert-cerro-su-campana-con-una-fiesta-y-aseguro-que-ganara-en-2023\/\" \/>\n<meta property=\"og:site_name\" content=\"Informe Litoral\" \/>\n<meta property=\"article:publisher\" content=\"https:\/\/www.facebook.com\/informelitoral\/\" \/>\n<meta property=\"article:published_time\" content=\"2019-10-24T22:16:39+00:00\" \/>\n<meta property=\"article:modified_time\" content=\"2019-10-25T02:32:08+00:00\" \/>\n<meta property=\"og:image\" content=\"https:\/\/informelitoral.com.ar\/%77%70%2d%63%6f%6e%74%65%6e%74\/uploads\/2019\/10\/jose-luis-espert.jpg\" \/>\n\t<meta property=\"og:image:width\" content=\"760\" \/>\n\t<meta property=\"og:image:height\" content=\"506\" \/>\n\t<meta property=\"og:image:type\" content=\"image\/jpeg\" \/>\n<meta name=\"author\" content=\"Gonzalo Schmidt\" \/>\n<meta name=\"twitter:card\" content=\"summary_large_image\" \/>\n<meta name=\"twitter:creator\" content=\"@InformeLitoral\" \/>\n<meta name=\"twitter:site\" content=\"@InformeLitoral\" \/>\n<meta name=\"twitter:label1\" content=\"Escrito por\" \/>\n\t<meta name=\"twitter:data1\" content=\"Gonzalo Schmidt\" \/>\n\t<meta name=\"twitter:label2\" content=\"Tiempo de lectura\" \/>\n\t<meta name=\"twitter:data2\" content=\"3 minutos\" \/>\n<script type=\"application\/ld+json\" class=\"yoast-schema-graph\">{\"@context\":\"https:\\\/\\\/schema.org\",\"@graph\":[{\"@type\":\"Article\",\"@id\":\"https:\\\/\\\/informelitoral.com.ar\\\/espert-cerro-su-campana-con-una-fiesta-y-aseguro-que-ganara-en-2023\\\/#article\",\"isPartOf\":{\"@id\":\"https:\\\/\\\/informelitoral.com.ar\\\/espert-cerro-su-campana-con-una-fiesta-y-aseguro-que-ganara-en-2023\\\/\"},\"author\":{\"name\":\"Gonzalo Schmidt\",\"@id\":\"https:\\\/\\\/informelitoral.com.ar\\\/#\\\/schema\\\/person\\\/b9d00407c836482871ef1d57bf8e3180\"},\"headline\":\"Espert cerr\u00f3 su campa\u00f1a con una fiesta y asegur\u00f3 que ganar\u00e1 en 2023\",\"datePublished\":\"2019-10-24T22:16:39+00:00\",\"dateModified\":\"2019-10-25T02:32:08+00:00\",\"mainEntityOfPage\":{\"@id\":\"https:\\\/\\\/informelitoral.com.ar\\\/espert-cerro-su-campana-con-una-fiesta-y-aseguro-que-ganara-en-2023\\\/\"},\"wordCount\":520,\"commentCount\":0,\"publisher\":{\"@id\":\"https:\\\/\\\/informelitoral.com.ar\\\/#organization\"},\"image\":{\"@id\":\"https:\\\/\\\/informelitoral.com.ar\\\/espert-cerro-su-campana-con-una-fiesta-y-aseguro-que-ganara-en-2023\\\/#primaryimage\"},\"thumbnailUrl\":\"https:\\\/\\\/informelitoral.com.ar\\\/%77%70%2d%63%6f%6e%74%65%6e%74\\\/uploads\\\/2019\\\/10\\\/jose-luis-espert.jpg\",\"keywords\":[\"Elecciones\",\"Elecciones 2019\",\"Jos\u00e9 Luis Espert\"],\"articleSection\":[\"Politica\"],\"inLanguage\":\"es\",\"potentialAction\":[{\"@type\":\"CommentAction\",\"name\":\"Comment\",\"target\":[\"https:\\\/\\\/informelitoral.com.ar\\\/espert-cerro-su-campana-con-una-fiesta-y-aseguro-que-ganara-en-2023\\\/#respond\"]}]},{\"@type\":\"WebPage\",\"@id\":\"https:\\\/\\\/informelitoral.com.ar\\\/espert-cerro-su-campana-con-una-fiesta-y-aseguro-que-ganara-en-2023\\\/\",\"url\":\"https:\\\/\\\/informelitoral.com.ar\\\/espert-cerro-su-campana-con-una-fiesta-y-aseguro-que-ganara-en-2023\\\/\",\"name\":\"Espert cerr\u00f3 su campa\u00f1a con una fiesta y asegur\u00f3 que ganar\u00e1 en 2023 - Informe Litoral\",\"isPartOf\":{\"@id\":\"https:\\\/\\\/informelitoral.com.ar\\\/#website\"},\"primaryImageOfPage\":{\"@id\":\"https:\\\/\\\/informelitoral.com.ar\\\/espert-cerro-su-campana-con-una-fiesta-y-aseguro-que-ganara-en-2023\\\/#primaryimage\"},\"image\":{\"@id\":\"https:\\\/\\\/informelitoral.com.ar\\\/espert-cerro-su-campana-con-una-fiesta-y-aseguro-que-ganara-en-2023\\\/#primaryimage\"},\"thumbnailUrl\":\"https:\\\/\\\/informelitoral.com.ar\\\/%77%70%2d%63%6f%6e%74%65%6e%74\\\/uploads\\\/2019\\\/10\\\/jose-luis-espert.jpg\",\"datePublished\":\"2019-10-24T22:16:39+00:00\",\"dateModified\":\"2019-10-25T02:32:08+00:00\",\"breadcrumb\":{\"@id\":\"https:\\\/\\\/informelitoral.com.ar\\\/espert-cerro-su-campana-con-una-fiesta-y-aseguro-que-ganara-en-2023\\\/#breadcrumb\"},\"inLanguage\":\"es\",\"potentialAction\":[{\"@type\":\"ReadAction\",\"target\":[\"https:\\\/\\\/informelitoral.com.ar\\\/espert-cerro-su-campana-con-una-fiesta-y-aseguro-que-ganara-en-2023\\\/\"]}]},{\"@type\":\"ImageObject\",\"inLanguage\":\"es\",\"@id\":\"https:\\\/\\\/informelitoral.com.ar\\\/espert-cerro-su-campana-con-una-fiesta-y-aseguro-que-ganara-en-2023\\\/#primaryimage\",\"url\":\"https:\\\/\\\/informelitoral.com.ar\\\/%77%70%2d%63%6f%6e%74%65%6e%74\\\/uploads\\\/2019\\\/10\\\/jose-luis-espert.jpg\",\"contentUrl\":\"https:\\\/\\\/informelitoral.com.ar\\\/%77%70%2d%63%6f%6e%74%65%6e%74\\\/uploads\\\/2019\\\/10\\\/jose-luis-espert.jpg\",\"width\":760,\"height\":506},{\"@type\":\"BreadcrumbList\",\"@id\":\"https:\\\/\\\/informelitoral.com.ar\\\/espert-cerro-su-campana-con-una-fiesta-y-aseguro-que-ganara-en-2023\\\/#breadcrumb\",\"itemListElement\":[{\"@type\":\"ListItem\",\"position\":1,\"name\":\"Portada\",\"item\":\"https:\\\/\\\/informelitoral.com.ar\\\/\"},{\"@type\":\"ListItem\",\"position\":2,\"name\":\"Espert cerr\u00f3 su campa\u00f1a con una fiesta y asegur\u00f3 que ganar\u00e1 en 2023\"}]},{\"@type\":\"WebSite\",\"@id\":\"https:\\\/\\\/informelitoral.com.ar\\\/#website\",\"url\":\"https:\\\/\\\/informelitoral.com.ar\\\/\",\"name\":\"Informe Litoral\",\"description\":\"&quot;Nos informamos&quot; \",\"publisher\":{\"@id\":\"https:\\\/\\\/informelitoral.com.ar\\\/#organization\"},\"potentialAction\":[{\"@type\":\"SearchAction\",\"target\":{\"@type\":\"EntryPoint\",\"urlTemplate\":\"https:\\\/\\\/informelitoral.com.ar\\\/?s={search_term_string}\"},\"query-input\":{\"@type\":\"PropertyValueSpecification\",\"valueRequired\":true,\"valueName\":\"search_term_string\"}}],\"inLanguage\":\"es\"},{\"@type\":\"Organization\",\"@id\":\"https:\\\/\\\/informelitoral.com.ar\\\/#organization\",\"name\":\"Informe Litoral\",\"url\":\"https:\\\/\\\/informelitoral.com.ar\\\/\",\"logo\":{\"@type\":\"ImageObject\",\"inLanguage\":\"es\",\"@id\":\"https:\\\/\\\/informelitoral.com.ar\\\/#\\\/schema\\\/logo\\\/image\\\/\",\"url\":\"https:\\\/\\\/informelitoral.com.ar\\\/%77%70%2d%63%6f%6e%74%65%6e%74\\\/uploads\\\/2021\\\/01\\\/circulo.png\",\"contentUrl\":\"https:\\\/\\\/informelitoral.com.ar\\\/%77%70%2d%63%6f%6e%74%65%6e%74\\\/uploads\\\/2021\\\/01\\\/circulo.png\",\"width\":723,\"height\":731,\"caption\":\"Informe Litoral\"},\"image\":{\"@id\":\"https:\\\/\\\/informelitoral.com.ar\\\/#\\\/schema\\\/logo\\\/image\\\/\"},\"sameAs\":[\"https:\\\/\\\/www.facebook.com\\\/informelitoral\\\/\",\"https:\\\/\\\/x.com\\\/InformeLitoral\",\"https:\\\/\\\/www.instagram.com\\\/informelitoral\\\/\",\"https:\\\/\\\/www.youtube.com\\\/channel\\\/UCua4Qvz8Icb6MYqhoq9xLXw\"]},{\"@type\":\"Person\",\"@id\":\"https:\\\/\\\/informelitoral.com.ar\\\/#\\\/schema\\\/person\\\/b9d00407c836482871ef1d57bf8e3180\",\"name\":\"Gonzalo Schmidt\",\"image\":{\"@type\":\"ImageObject\",\"inLanguage\":\"es\",\"@id\":\"https:\\\/\\\/secure.gravatar.com\\\/avatar\\\/31a1a7b66ff2de83bd0e9fd79d026630d2d99e55e8bfe501287647b4fd9743de?s=96&d=mm&r=g\",\"url\":\"https:\\\/\\\/secure.gravatar.com\\\/avatar\\\/31a1a7b66ff2de83bd0e9fd79d026630d2d99e55e8bfe501287647b4fd9743de?s=96&d=mm&r=g\",\"contentUrl\":\"https:\\\/\\\/secure.gravatar.com\\\/avatar\\\/31a1a7b66ff2de83bd0e9fd79d026630d2d99e55e8bfe501287647b4fd9743de?s=96&d=mm&r=g\",\"caption\":\"Gonzalo Schmidt\"},\"description\":\"Sitio web de noticias de la provincia de Entre R\u00edos, Argentina. Informaci\u00f3n y entretenimiento. Informe Litoral, nos informamos.\",\"sameAs\":[\"http:\\\/\\\/www.isletasnoticias.com.ar\"],\"url\":\"https:\\\/\\\/informelitoral.com.ar\\\/author\\\/gonzalo\\\/\"}]}<\/script>","yoast_head_json":{"title":"Espert cerr\u00f3 su campa\u00f1a con una fiesta y asegur\u00f3 que ganar\u00e1 en 2023 - Informe Litoral","robots":{"index":"index","follow":"follow","max-snippet":"max-snippet:-1","max-image-preview":"max-image-preview:large","max-video-preview":"max-video-preview:-1"},"canonical":"https:\/\/informelitoral.com.ar\/espert-cerro-su-campana-con-una-fiesta-y-aseguro-que-ganara-en-2023\/","og_locale":"es_ES","og_type":"article","og_title":"Espert cerr\u00f3 su campa\u00f1a con una fiesta y asegur\u00f3 que ganar\u00e1 en 2023 - Informe Litoral","og_description":"El evento, que se desarroll\u00f3 en un boliche porte\u00f1o, se llam\u00f3 \"Espert Fest\". \"Argentina tiene un gran futuro, que es liberal y ya comenz\u00f3\", se\u00f1al\u00f3 el candidato presidencial.","og_url":"https:\/\/informelitoral.com.ar\/espert-cerro-su-campana-con-una-fiesta-y-aseguro-que-ganara-en-2023\/","og_site_name":"Informe Litoral","article_publisher":"https:\/\/www.facebook.com\/informelitoral\/","article_published_time":"2019-10-24T22:16:39+00:00","article_modified_time":"2019-10-25T02:32:08+00:00","og_image":[{"width":760,"height":506,"url":"https:\/\/informelitoral.com.ar\/%77%70%2d%63%6f%6e%74%65%6e%74\/uploads\/2019\/10\/jose-luis-espert.jpg","type":"image\/jpeg"}],"author":"Gonzalo Schmidt","twitter_card":"summary_large_image","twitter_creator":"@InformeLitoral","twitter_site":"@InformeLitoral","twitter_misc":{"Escrito por":"Gonzalo Schmidt","Tiempo de lectura":"3 minutos"},"schema":{"@context":"https:\/\/schema.org","@graph":[{"@type":"Article","@id":"https:\/\/informelitoral.com.ar\/espert-cerro-su-campana-con-una-fiesta-y-aseguro-que-ganara-en-2023\/#article","isPartOf":{"@id":"https:\/\/informelitoral.com.ar\/espert-cerro-su-campana-con-una-fiesta-y-aseguro-que-ganara-en-2023\/"},"author":{"name":"Gonzalo Schmidt","@id":"https:\/\/informelitoral.com.ar\/#\/schema\/person\/b9d00407c836482871ef1d57bf8e3180"},"headline":"Espert cerr\u00f3 su campa\u00f1a con una fiesta y asegur\u00f3 que ganar\u00e1 en 2023","datePublished":"2019-10-24T22:16:39+00:00","dateModified":"2019-10-25T02:32:08+00:00","mainEntityOfPage":{"@id":"https:\/\/informelitoral.com.ar\/espert-cerro-su-campana-con-una-fiesta-y-aseguro-que-ganara-en-2023\/"},"wordCount":520,"commentCount":0,"publisher":{"@id":"https:\/\/informelitoral.com.ar\/#organization"},"image":{"@id":"https:\/\/informelitoral.com.ar\/espert-cerro-su-campana-con-una-fiesta-y-aseguro-que-ganara-en-2023\/#primaryimage"},"thumbnailUrl":"https:\/\/informelitoral.com.ar\/%77%70%2d%63%6f%6e%74%65%6e%74\/uploads\/2019\/10\/jose-luis-espert.jpg","keywords":["Elecciones","Elecciones 2019","Jos\u00e9 Luis Espert"],"articleSection":["Politica"],"inLanguage":"es","potentialAction":[{"@type":"CommentAction","name":"Comment","target":["https:\/\/informelitoral.com.ar\/espert-cerro-su-campana-con-una-fiesta-y-aseguro-que-ganara-en-2023\/#respond"]}]},{"@type":"WebPage","@id":"https:\/\/informelitoral.com.ar\/espert-cerro-su-campana-con-una-fiesta-y-aseguro-que-ganara-en-2023\/","url":"https:\/\/informelitoral.com.ar\/espert-cerro-su-campana-con-una-fiesta-y-aseguro-que-ganara-en-2023\/","name":"Espert cerr\u00f3 su campa\u00f1a con una fiesta y asegur\u00f3 que ganar\u00e1 en 2023 - Informe Litoral","isPartOf":{"@id":"https:\/\/informelitoral.com.ar\/#website"},"primaryImageOfPage":{"@id":"https:\/\/informelitoral.com.ar\/espert-cerro-su-campana-con-una-fiesta-y-aseguro-que-ganara-en-2023\/#primaryimage"},"image":{"@id":"https:\/\/informelitoral.com.ar\/espert-cerro-su-campana-con-una-fiesta-y-aseguro-que-ganara-en-2023\/#primaryimage"},"thumbnailUrl":"https:\/\/informelitoral.com.ar\/%77%70%2d%63%6f%6e%74%65%6e%74\/uploads\/2019\/10\/jose-luis-espert.jpg","datePublished":"2019-10-24T22:16:39+00:00","dateModified":"2019-10-25T02:32:08+00:00","breadcrumb":{"@id":"https:\/\/informelitoral.com.ar\/espert-cerro-su-campana-con-una-fiesta-y-aseguro-que-ganara-en-2023\/#breadcrumb"},"inLanguage":"es","potentialAction":[{"@type":"ReadAction","target":["https:\/\/informelitoral.com.ar\/espert-cerro-su-campana-con-una-fiesta-y-aseguro-que-ganara-en-2023\/"]}]},{"@type":"ImageObject","inLanguage":"es","@id":"https:\/\/informelitoral.com.ar\/espert-cerro-su-campana-con-una-fiesta-y-aseguro-que-ganara-en-2023\/#primaryimage","url":"https:\/\/informelitoral.com.ar\/%77%70%2d%63%6f%6e%74%65%6e%74\/uploads\/2019\/10\/jose-luis-espert.jpg","contentUrl":"https:\/\/informelitoral.com.ar\/%77%70%2d%63%6f%6e%74%65%6e%74\/uploads\/2019\/10\/jose-luis-espert.jpg","width":760,"height":506},{"@type":"BreadcrumbList","@id":"https:\/\/informelitoral.com.ar\/espert-cerro-su-campana-con-una-fiesta-y-aseguro-que-ganara-en-2023\/#breadcrumb","itemListElement":[{"@type":"ListItem","position":1,"name":"Portada","item":"https:\/\/informelitoral.com.ar\/"},{"@type":"ListItem","position":2,"name":"Espert cerr\u00f3 su campa\u00f1a con una fiesta y asegur\u00f3 que ganar\u00e1 en 2023"}]},{"@type":"WebSite","@id":"https:\/\/informelitoral.com.ar\/#website","url":"https:\/\/informelitoral.com.ar\/","name":"Informe Litoral","description":"&quot;Nos informamos&quot; ","publisher":{"@id":"https:\/\/informelitoral.com.ar\/#organization"},"potentialAction":[{"@type":"SearchAction","target":{"@type":"EntryPoint","urlTemplate":"https:\/\/informelitoral.com.ar\/?s={search_term_string}"},"query-input":{"@type":"PropertyValueSpecification","valueRequired":true,"valueName":"search_term_string"}}],"inLanguage":"es"},{"@type":"Organization","@id":"https:\/\/informelitoral.com.ar\/#organization","name":"Informe Litoral","url":"https:\/\/informelitoral.com.ar\/","logo":{"@type":"ImageObject","inLanguage":"es","@id":"https:\/\/informelitoral.com.ar\/#\/schema\/logo\/image\/","url":"https:\/\/informelitoral.com.ar\/%77%70%2d%63%6f%6e%74%65%6e%74\/uploads\/2021\/01\/circulo.png","contentUrl":"https:\/\/informelitoral.com.ar\/%77%70%2d%63%6f%6e%74%65%6e%74\/uploads\/2021\/01\/circulo.png","width":723,"height":731,"caption":"Informe Litoral"},"image":{"@id":"https:\/\/informelitoral.com.ar\/#\/schema\/logo\/image\/"},"sameAs":["https:\/\/www.facebook.com\/informelitoral\/","https:\/\/x.com\/InformeLitoral","https:\/\/www.instagram.com\/informelitoral\/","https:\/\/www.youtube.com\/channel\/UCua4Qvz8Icb6MYqhoq9xLXw"]},{"@type":"Person","@id":"https:\/\/informelitoral.com.ar\/#\/schema\/person\/b9d00407c836482871ef1d57bf8e3180","name":"Gonzalo Schmidt","image":{"@type":"ImageObject","inLanguage":"es","@id":"https:\/\/secure.gravatar.com\/avatar\/31a1a7b66ff2de83bd0e9fd79d026630d2d99e55e8bfe501287647b4fd9743de?s=96&d=mm&r=g","url":"https:\/\/secure.gravatar.com\/avatar\/31a1a7b66ff2de83bd0e9fd79d026630d2d99e55e8bfe501287647b4fd9743de?s=96&d=mm&r=g","contentUrl":"https:\/\/secure.gravatar.com\/avatar\/31a1a7b66ff2de83bd0e9fd79d026630d2d99e55e8bfe501287647b4fd9743de?s=96&d=mm&r=g","caption":"Gonzalo Schmidt"},"description":"Sitio web de noticias de la provincia de Entre R\u00edos, Argentina. Informaci\u00f3n y entretenimiento. Informe Litoral, nos informamos.","sameAs":["http:\/\/www.isletasnoticias.com.ar"],"url":"https:\/\/informelitoral.com.ar\/author\/gonzalo\/"}]}},"_links":{"self":[{"href":"https:\/\/informelitoral.com.ar\/%77%70%2d%6a%73%6f%6e\/wp\/v2\/posts\/37397","targetHints":{"allow":["GET"]}}],"collection":[{"href":"https:\/\/informelitoral.com.ar\/%77%70%2d%6a%73%6f%6e\/wp\/v2\/posts"}],"about":[{"href":"https:\/\/informelitoral.com.ar\/%77%70%2d%6a%73%6f%6e\/wp\/v2\/types\/post"}],"author":[{"embeddable":true,"href":"https:\/\/informelitoral.com.ar\/%77%70%2d%6a%73%6f%6e\/wp\/v2\/users\/2"}],"replies":[{"embeddable":true,"href":"https:\/\/informelitoral.com.ar\/%77%70%2d%6a%73%6f%6e\/wp\/v2\/comments?post=37397"}],"version-history":[{"count":0,"href":"https:\/\/informelitoral.com.ar\/%77%70%2d%6a%73%6f%6e\/wp\/v2\/posts\/37397\/revisions"}],"wp:featuredmedia":[{"embeddable":true,"href":"https:\/\/informelitoral.com.ar\/%77%70%2d%6a%73%6f%6e\/wp\/v2\/media\/37398"}],"wp:attachment":[{"href":"https:\/\/informelitoral.com.ar\/%77%70%2d%6a%73%6f%6e\/wp\/v2\/media?parent=37397"}],"wp:term":[{"taxonomy":"category","embeddable":true,"href":"https:\/\/informelitoral.com.ar\/%77%70%2d%6a%73%6f%6e\/wp\/v2\/categories?post=37397"},{"taxonomy":"post_tag","embeddable":true,"href":"https:\/\/informelitoral.com.ar\/%77%70%2d%6a%73%6f%6e\/wp\/v2\/tags?post=37397"}],"curies":[{"name":"wp","href":"https:\/\/api.w.org\/{rel}","templated":true}]}}