{"id":37380,"date":"2019-10-24T22:16:06","date_gmt":"2019-10-25T01:16:06","guid":{"rendered":"https:\/\/www.isletasnoticias.com.ar\/?p=37380"},"modified":"2019-10-24T23:35:31","modified_gmt":"2019-10-25T02:35:31","slug":"alberto-fernandez-desde-el-primer-dia-vamos-a-ocuparnos-de-los-5-millones-de-pobres-que-deja-macri","status":"publish","type":"post","link":"https:\/\/informelitoral.com.ar\/alberto-fernandez-desde-el-primer-dia-vamos-a-ocuparnos-de-los-5-millones-de-pobres-que-deja-macri\/","title":{"rendered":"Alberto Fern\u00e1ndez: \u201cDesde el primer d\u00eda, vamos a ocuparnos de los 5 millones de pobres que deja Macri\u201d"},"content":{"rendered":"<div class=\"row pb-content-type-text\">\n<div class=\"col-xs-12 col-print-12\">\n<p class=\"element element-paragraph\"><b>\u201cUn d\u00eda me llam\u00f3 Cristina y me dijo: &#8216;Alberto, es tu turno\u201d.<\/b>\u00a0Alberto Fern\u00e1ndez cerr\u00f3 al campa\u00f1a nacional en Mar del Plata junto a su compa\u00f1era de f\u00f3rmula, la ex presidenta Cristina Kirchner, y record\u00f3 en una oraci\u00f3n el momento en que pas\u00f3 de ser un dirigente que trabajaba para unir al peronismo y se convirti\u00f3 en el candidato a presidente de fuerza pol\u00edtica opositora m\u00e1s importante del pa\u00eds.\u00a0<b>\u201cUno que es un militante se sac\u00f3 el saco del que operaba por la unidad y se puso el saco del que tiene que conducir este tiempo\u201d<\/b>, afirm\u00f3.<\/p>\n<p class=\"element element-paragraph\">El acto de cierre se llev\u00f3 a cabo en la rambla que est\u00e1 detr\u00e1s del Casino de Mar del Plata. Frente al mar y acompa\u00f1ado por un grupo de gobernadores del PJ que estuvieron arriba del escenario principal, el candidato a presidente del <b>Frente de Todos\u00a0<\/b>le pidi\u00f3 a la militancia \u201cponer dentro de las urnas la boleta completa\u201d para que \u201cla Argentina que queremos sea una realidad\u201d. Fue la forma de respaldar a la candidata local, la diputada nacional\u00a0<b>Fernanda Raverta, quien abri\u00f3 el \u00faltimo acto antes de las elecciones.<\/b><\/p>\n<p class=\"element element-paragraph\">\u201cComo dijo (Ra\u00fal) Alfons\u00edn, vamos a aplicar la \u00e9tica de la solidaridad. A aquel que se cay\u00f3 del pozo vamos a tenderle la mano para que vuelva a estar con nosotros\u201d, indic\u00f3 Fern\u00e1ndez durante su discurso de cierre, para luego apuntar contra el Presidente de la Naci\u00f3n y asumir el compromiso de luchar contra la pobreza desde el inicio de su posible gesti\u00f3n. <mark class=\"hl_yellow\"><b>\u201cDesde el primer d\u00eda vamos a ocuparnos de sacar del lugar en el que han quedado a los 5 millones de pobres que Macri ha dejado\u201d<\/b><\/mark>, afirm\u00f3.<\/p>\n<\/div>\n<\/div>\n<div class=\"row pb-content-type-text\">\n<div class=\"col-xs-12 col-print-12\">\n<p class=\"element element-paragraph\">El candidato peronista asegur\u00f3 que en cada discurso que brindaron durante la campa\u00f1a \u201cfirmamos un contrato moral y \u00e9tico para ser una Argentina que atienda a los olvidados\u00bb. \u201cHemos visto cerrar 43 pymes por d\u00eda y que miles de argentinos pierdan su trabajo\u201d, sostuvo Fern\u00e1ndez, y luego dijo: \u201cTodo eso pas\u00f3 con un gobierno que no tuvo ning\u00fan empacho en dejar que los bancos se enriquezcan mientras toda la Argentina se empobrec\u00eda\u201d.<\/p>\n<p class=\"element element-paragraph\">En dos momentos del acto a Fern\u00e1ndez se le llenaron los ojos de l\u00e1grimas. El primero fue cuando Raverta pidi\u00f3 \u201chomenajear a N\u00e9stor Kirchner el domingo cuando vayamos a votar\u00bb y el segundo cuando Cristina Kirchner record\u00f3 su rol clave en el gobierno de su esposo<mark class=\"hl_yellow\">:\u00a0<b>\u201cAlberto fue el jefe de Gabinete del proyecto pol\u00edtico que les devolvi\u00f3 la dignidad a los argentinos en el 2003, del gobierno que le pag\u00f3 al FMI la deuda que arrastr\u00e1bamos desde 1957 y el del que comenz\u00f3 a reconstruir el salario\u201d<\/b><\/mark>.<\/p>\n<\/div>\n<\/div>\n<div class=\"row pb-content-type-text\">\n<div class=\"col-xs-12 col-print-12\">\n<p class=\"element element-paragraph\">La ex mandataria asegur\u00f3 que las candidaturas de Axel Kicillof y Fernanda Raverta configuran una renovaci\u00f3n pol\u00edtica y dijo que ambos legisladores \u201cno sucumbieron cuando se hab\u00eda instalado el neoliberalismo de la Argentina\u201d. En ese momento empezaron los silbidos y los insultos para Mauricio Macri. Cristina Kirchner los fren\u00f3.\u00a0<b>\u201cNo hay que silbar, ni gritar, ni insultar. Hay que votar\u201d,<\/b> afirm\u00f3.<\/p>\n<p class=\"element element-paragraph\"><a href=\"https:\/\/www.isletasnoticias.com.ar\/%77%70%2d%63%6f%6e%74%65%6e%74\/uploads\/2019\/10\/o_1571952742.jpg\"><img loading=\"lazy\" decoding=\"async\" class=\"aligncenter wp-image-37402 size-full\" src=\"https:\/\/www.isletasnoticias.com.ar\/%77%70%2d%63%6f%6e%74%65%6e%74\/uploads\/2019\/10\/o_1571952742.jpg\" alt=\"\" width=\"800\" height=\"450\" srcset=\"https:\/\/informelitoral.com.ar\/%77%70%2d%63%6f%6e%74%65%6e%74\/uploads\/2019\/10\/o_1571952742.jpg 800w, https:\/\/informelitoral.com.ar\/%77%70%2d%63%6f%6e%74%65%6e%74\/uploads\/2019\/10\/o_1571952742-300x169.jpg 300w, https:\/\/informelitoral.com.ar\/%77%70%2d%63%6f%6e%74%65%6e%74\/uploads\/2019\/10\/o_1571952742-768x432.jpg 768w, https:\/\/informelitoral.com.ar\/%77%70%2d%63%6f%6e%74%65%6e%74\/uploads\/2019\/10\/o_1571952742-696x392.jpg 696w, https:\/\/informelitoral.com.ar\/%77%70%2d%63%6f%6e%74%65%6e%74\/uploads\/2019\/10\/o_1571952742-747x420.jpg 747w\" sizes=\"auto, (max-width: 800px) 100vw, 800px\" \/><\/a><\/p>\n<p class=\"element element-paragraph\">\u201cNo estamos cerrando una campa\u00f1a electoral, estamos cerrando un ciclo hist\u00f3rico que debe hacer que la patria no vuelva a caer en manos del neoliberalismo\u201d, precis\u00f3 Cristina Kirchner en el tramo final de su participaci\u00f3n. Y, finalmente, agreg\u00f3: \u201cQueremos evitarles el dolor a los argentinos y por eso estamos todos juntos aqu\u00ed. Nunca m\u00e1s a estas pol\u00edticas\u201d.<\/p>\n<\/div>\n<\/div>\n<div class=\"row pb-content-type-text\">\n<div class=\"col-xs-12 col-print-12\">\n<p class=\"element element-paragraph\">El candidato a gobernador del Frente de Todos,\u00a0<b>Axel Kicillof<\/b>, tambi\u00e9n tuvo su tiempo. \u201cHoy podemos decir que fracas\u00f3 el neoliberalismo en la Argentina. Buscaban una forma de vida basada en el ego\u00edsmo\u201d, indic\u00f3. En esa l\u00ednea, ampli\u00f3:\u00a0<b>\u201cArgentina, la provincia de Buenos Aires y Mar del Plata no quieren un proyecto individual. Quieren un proyecto colectivo y solidario. Y un gobierno que est\u00e9 a la altura\u201d.<\/b><\/p>\n<p class=\"element element-paragraph\">Kicillof apunt\u00f3 contra los intendentes de Cambiemos que despu\u00e9s de las PASO evitaron hacer campa\u00f1a junto a Mar\u00eda Eugenia Vidal y Mauricio Macri. \u201cAhora se dedican a esconder al Presidente y la gobernadora como si cada uno fuera de un partido vecinalista\u201d, afirm\u00f3. Luego, mir\u00f3 hacia atr\u00e1s, donde estaban los gobernadores del PJ, y dijo:<b>\u00a0\u201cAc\u00e1 estamos todos. No tenemos que esconder a nadie\u201d.<\/b><\/p>\n<\/div>\n<\/div>\n<div class=\"row pb-content-type-text\">\n<div class=\"col-xs-12 col-print-12\">\n<p class=\"element element-paragraph\">La candidata a conducir el municipio de Mar del Plata,\u00a0<b>Fernanda Raverta<\/b>, tambi\u00e9n les dej\u00f3 un mensaje a los militantes. \u201cTenemos un enorme entusiasmo en lo que va a pasar el 27 de octubre. Ese entusiasmo radica en saber que hubo un 9 de diciembre cuando Cristina nos dej\u00f3 el legado del empoderamiento ciudadano\u201d, se\u00f1al\u00f3. En ese sentido, afirm\u00f3:\u00a0<b>\u201cNo hay mayor poder que poner en las urnas nuestras ilusiones, que en cada voto est\u00e9 nuestra voz y ponerle fin a este tiempo de retrocesos y frustraciones\u201d<\/b>, dijo, seg\u00fan public\u00f3 <em>Infobae.<\/em><\/p>\n<div class=\"youtube-embed\" data-video_id=\"r8ak423ZjE8\"><iframe loading=\"lazy\" title=\"EN VIVO | Cierre de campa\u00f1a del @frentedetodos en Mar del Plata junto a @CFKArgentina \u2600\" width=\"696\" height=\"392\" src=\"https:\/\/www.youtube.com\/embed\/r8ak423ZjE8?feature=oembed&#038;enablejsapi=1\" frameborder=\"0\" allow=\"accelerometer; autoplay; encrypted-media; gyroscope; picture-in-picture\" allowfullscreen><\/iframe><\/div>\n<p>&nbsp;<\/p>\n<\/div>\n<\/div>\n","protected":false},"excerpt":{"rendered":"<p>\u00abEl domingo tenemos que empezar a dar vuelta una p\u00e1gina oprobiosa que empez\u00f3 a escribirse el 10 de diciembre del 2015\u00bb, exhort\u00f3 el candidato presidencial del Frente de Todos, Alberto Fern\u00e1ndez.<\/p>\n","protected":false},"author":2,"featured_media":37381,"comment_status":"open","ping_status":"open","sticky":false,"template":"","format":"standard","meta":{"fifu_image_url":"","fifu_image_alt":"","footnotes":""},"categories":[16],"tags":[1311,239,415,421,1349,197],"class_list":{"0":"post-37380","1":"post","2":"type-post","3":"status-publish","4":"format-standard","5":"has-post-thumbnail","7":"category-politi","8":"tag-alberto-fernandez","9":"tag-cristina-kirchner","10":"tag-elecciones","11":"tag-elecciones-2019","12":"tag-mar-del-plata","13":"tag-pj"},"yoast_head":"<title>Alberto Fern\u00e1ndez: \u201cDesde el primer d\u00eda, vamos a ocuparnos de los 5 millones de pobres que deja Macri\u201d - Informe Litoral<\/title>\n<meta name=\"robots\" content=\"index, follow, max-snippet:-1, max-image-preview:large, max-video-preview:-1\" \/>\n<link rel=\"canonical\" href=\"https:\/\/informelitoral.com.ar\/alberto-fernandez-desde-el-primer-dia-vamos-a-ocuparnos-de-los-5-millones-de-pobres-que-deja-macri\/\" \/>\n<meta property=\"og:locale\" content=\"es_ES\" \/>\n<meta property=\"og:type\" content=\"article\" \/>\n<meta property=\"og:title\" content=\"Alberto Fern\u00e1ndez: \u201cDesde el primer d\u00eda, vamos a ocuparnos de los 5 millones de pobres que deja Macri\u201d - Informe Litoral\" \/>\n<meta property=\"og:description\" content=\"&quot;El domingo tenemos que empezar a dar vuelta una p\u00e1gina oprobiosa que empez\u00f3 a escribirse el 10 de diciembre del 2015&quot;, exhort\u00f3 el candidato presidencial del Frente de Todos, Alberto Fern\u00e1ndez.\" \/>\n<meta property=\"og:url\" content=\"https:\/\/informelitoral.com.ar\/alberto-fernandez-desde-el-primer-dia-vamos-a-ocuparnos-de-los-5-millones-de-pobres-que-deja-macri\/\" \/>\n<meta property=\"og:site_name\" content=\"Informe Litoral\" \/>\n<meta property=\"article:publisher\" content=\"https:\/\/www.facebook.com\/informelitoral\/\" \/>\n<meta property=\"article:published_time\" content=\"2019-10-25T01:16:06+00:00\" \/>\n<meta property=\"article:modified_time\" content=\"2019-10-25T02:35:31+00:00\" \/>\n<meta property=\"og:image\" content=\"https:\/\/informelitoral.com.ar\/%77%70%2d%63%6f%6e%74%65%6e%74\/uploads\/2019\/10\/o_1571953543.jpg\" \/>\n\t<meta property=\"og:image:width\" content=\"800\" \/>\n\t<meta property=\"og:image:height\" content=\"450\" \/>\n\t<meta property=\"og:image:type\" content=\"image\/jpeg\" \/>\n<meta name=\"author\" content=\"Gonzalo Schmidt\" \/>\n<meta name=\"twitter:card\" content=\"summary_large_image\" \/>\n<meta name=\"twitter:creator\" content=\"@InformeLitoral\" \/>\n<meta name=\"twitter:site\" content=\"@InformeLitoral\" \/>\n<meta name=\"twitter:label1\" content=\"Escrito por\" \/>\n\t<meta name=\"twitter:data1\" content=\"Gonzalo Schmidt\" \/>\n\t<meta name=\"twitter:label2\" content=\"Tiempo de lectura\" \/>\n\t<meta name=\"twitter:data2\" content=\"4 minutos\" \/>\n<script type=\"application\/ld+json\" class=\"yoast-schema-graph\">{\"@context\":\"https:\\\/\\\/schema.org\",\"@graph\":[{\"@type\":\"Article\",\"@id\":\"https:\\\/\\\/informelitoral.com.ar\\\/alberto-fernandez-desde-el-primer-dia-vamos-a-ocuparnos-de-los-5-millones-de-pobres-que-deja-macri\\\/#article\",\"isPartOf\":{\"@id\":\"https:\\\/\\\/informelitoral.com.ar\\\/alberto-fernandez-desde-el-primer-dia-vamos-a-ocuparnos-de-los-5-millones-de-pobres-que-deja-macri\\\/\"},\"author\":{\"name\":\"Gonzalo Schmidt\",\"@id\":\"https:\\\/\\\/informelitoral.com.ar\\\/#\\\/schema\\\/person\\\/b9d00407c836482871ef1d57bf8e3180\"},\"headline\":\"Alberto Fern\u00e1ndez: \u201cDesde el primer d\u00eda, vamos a ocuparnos de los 5 millones de pobres que deja Macri\u201d\",\"datePublished\":\"2019-10-25T01:16:06+00:00\",\"dateModified\":\"2019-10-25T02:35:31+00:00\",\"mainEntityOfPage\":{\"@id\":\"https:\\\/\\\/informelitoral.com.ar\\\/alberto-fernandez-desde-el-primer-dia-vamos-a-ocuparnos-de-los-5-millones-de-pobres-que-deja-macri\\\/\"},\"wordCount\":846,\"commentCount\":0,\"publisher\":{\"@id\":\"https:\\\/\\\/informelitoral.com.ar\\\/#organization\"},\"image\":{\"@id\":\"https:\\\/\\\/informelitoral.com.ar\\\/alberto-fernandez-desde-el-primer-dia-vamos-a-ocuparnos-de-los-5-millones-de-pobres-que-deja-macri\\\/#primaryimage\"},\"thumbnailUrl\":\"https:\\\/\\\/informelitoral.com.ar\\\/%77%70%2d%63%6f%6e%74%65%6e%74\\\/uploads\\\/2019\\\/10\\\/o_1571953543.jpg\",\"keywords\":[\"Alberto Fern\u00e1ndez\",\"Cristina Kirchner\",\"Elecciones\",\"Elecciones 2019\",\"Mar del Plata\",\"PJ\"],\"articleSection\":[\"Politica\"],\"inLanguage\":\"es\",\"potentialAction\":[{\"@type\":\"CommentAction\",\"name\":\"Comment\",\"target\":[\"https:\\\/\\\/informelitoral.com.ar\\\/alberto-fernandez-desde-el-primer-dia-vamos-a-ocuparnos-de-los-5-millones-de-pobres-que-deja-macri\\\/#respond\"]}]},{\"@type\":\"WebPage\",\"@id\":\"https:\\\/\\\/informelitoral.com.ar\\\/alberto-fernandez-desde-el-primer-dia-vamos-a-ocuparnos-de-los-5-millones-de-pobres-que-deja-macri\\\/\",\"url\":\"https:\\\/\\\/informelitoral.com.ar\\\/alberto-fernandez-desde-el-primer-dia-vamos-a-ocuparnos-de-los-5-millones-de-pobres-que-deja-macri\\\/\",\"name\":\"Alberto Fern\u00e1ndez: \u201cDesde el primer d\u00eda, vamos a ocuparnos de los 5 millones de pobres que deja Macri\u201d - Informe Litoral\",\"isPartOf\":{\"@id\":\"https:\\\/\\\/informelitoral.com.ar\\\/#website\"},\"primaryImageOfPage\":{\"@id\":\"https:\\\/\\\/informelitoral.com.ar\\\/alberto-fernandez-desde-el-primer-dia-vamos-a-ocuparnos-de-los-5-millones-de-pobres-que-deja-macri\\\/#primaryimage\"},\"image\":{\"@id\":\"https:\\\/\\\/informelitoral.com.ar\\\/alberto-fernandez-desde-el-primer-dia-vamos-a-ocuparnos-de-los-5-millones-de-pobres-que-deja-macri\\\/#primaryimage\"},\"thumbnailUrl\":\"https:\\\/\\\/informelitoral.com.ar\\\/%77%70%2d%63%6f%6e%74%65%6e%74\\\/uploads\\\/2019\\\/10\\\/o_1571953543.jpg\",\"datePublished\":\"2019-10-25T01:16:06+00:00\",\"dateModified\":\"2019-10-25T02:35:31+00:00\",\"breadcrumb\":{\"@id\":\"https:\\\/\\\/informelitoral.com.ar\\\/alberto-fernandez-desde-el-primer-dia-vamos-a-ocuparnos-de-los-5-millones-de-pobres-que-deja-macri\\\/#breadcrumb\"},\"inLanguage\":\"es\",\"potentialAction\":[{\"@type\":\"ReadAction\",\"target\":[\"https:\\\/\\\/informelitoral.com.ar\\\/alberto-fernandez-desde-el-primer-dia-vamos-a-ocuparnos-de-los-5-millones-de-pobres-que-deja-macri\\\/\"]}]},{\"@type\":\"ImageObject\",\"inLanguage\":\"es\",\"@id\":\"https:\\\/\\\/informelitoral.com.ar\\\/alberto-fernandez-desde-el-primer-dia-vamos-a-ocuparnos-de-los-5-millones-de-pobres-que-deja-macri\\\/#primaryimage\",\"url\":\"https:\\\/\\\/informelitoral.com.ar\\\/%77%70%2d%63%6f%6e%74%65%6e%74\\\/uploads\\\/2019\\\/10\\\/o_1571953543.jpg\",\"contentUrl\":\"https:\\\/\\\/informelitoral.com.ar\\\/%77%70%2d%63%6f%6e%74%65%6e%74\\\/uploads\\\/2019\\\/10\\\/o_1571953543.jpg\",\"width\":800,\"height\":450},{\"@type\":\"BreadcrumbList\",\"@id\":\"https:\\\/\\\/informelitoral.com.ar\\\/alberto-fernandez-desde-el-primer-dia-vamos-a-ocuparnos-de-los-5-millones-de-pobres-que-deja-macri\\\/#breadcrumb\",\"itemListElement\":[{\"@type\":\"ListItem\",\"position\":1,\"name\":\"Portada\",\"item\":\"https:\\\/\\\/informelitoral.com.ar\\\/\"},{\"@type\":\"ListItem\",\"position\":2,\"name\":\"Alberto Fern\u00e1ndez: \u201cDesde el primer d\u00eda, vamos a ocuparnos de los 5 millones de pobres que deja Macri\u201d\"}]},{\"@type\":\"WebSite\",\"@id\":\"https:\\\/\\\/informelitoral.com.ar\\\/#website\",\"url\":\"https:\\\/\\\/informelitoral.com.ar\\\/\",\"name\":\"Informe Litoral\",\"description\":\"&quot;Nos informamos&quot; \",\"publisher\":{\"@id\":\"https:\\\/\\\/informelitoral.com.ar\\\/#organization\"},\"potentialAction\":[{\"@type\":\"SearchAction\",\"target\":{\"@type\":\"EntryPoint\",\"urlTemplate\":\"https:\\\/\\\/informelitoral.com.ar\\\/?s={search_term_string}\"},\"query-input\":{\"@type\":\"PropertyValueSpecification\",\"valueRequired\":true,\"valueName\":\"search_term_string\"}}],\"inLanguage\":\"es\"},{\"@type\":\"Organization\",\"@id\":\"https:\\\/\\\/informelitoral.com.ar\\\/#organization\",\"name\":\"Informe Litoral\",\"url\":\"https:\\\/\\\/informelitoral.com.ar\\\/\",\"logo\":{\"@type\":\"ImageObject\",\"inLanguage\":\"es\",\"@id\":\"https:\\\/\\\/informelitoral.com.ar\\\/#\\\/schema\\\/logo\\\/image\\\/\",\"url\":\"https:\\\/\\\/informelitoral.com.ar\\\/%77%70%2d%63%6f%6e%74%65%6e%74\\\/uploads\\\/2021\\\/01\\\/circulo.png\",\"contentUrl\":\"https:\\\/\\\/informelitoral.com.ar\\\/%77%70%2d%63%6f%6e%74%65%6e%74\\\/uploads\\\/2021\\\/01\\\/circulo.png\",\"width\":723,\"height\":731,\"caption\":\"Informe Litoral\"},\"image\":{\"@id\":\"https:\\\/\\\/informelitoral.com.ar\\\/#\\\/schema\\\/logo\\\/image\\\/\"},\"sameAs\":[\"https:\\\/\\\/www.facebook.com\\\/informelitoral\\\/\",\"https:\\\/\\\/x.com\\\/InformeLitoral\",\"https:\\\/\\\/www.instagram.com\\\/informelitoral\\\/\",\"https:\\\/\\\/www.youtube.com\\\/channel\\\/UCua4Qvz8Icb6MYqhoq9xLXw\"]},{\"@type\":\"Person\",\"@id\":\"https:\\\/\\\/informelitoral.com.ar\\\/#\\\/schema\\\/person\\\/b9d00407c836482871ef1d57bf8e3180\",\"name\":\"Gonzalo Schmidt\",\"image\":{\"@type\":\"ImageObject\",\"inLanguage\":\"es\",\"@id\":\"https:\\\/\\\/secure.gravatar.com\\\/avatar\\\/31a1a7b66ff2de83bd0e9fd79d026630d2d99e55e8bfe501287647b4fd9743de?s=96&d=mm&r=g\",\"url\":\"https:\\\/\\\/secure.gravatar.com\\\/avatar\\\/31a1a7b66ff2de83bd0e9fd79d026630d2d99e55e8bfe501287647b4fd9743de?s=96&d=mm&r=g\",\"contentUrl\":\"https:\\\/\\\/secure.gravatar.com\\\/avatar\\\/31a1a7b66ff2de83bd0e9fd79d026630d2d99e55e8bfe501287647b4fd9743de?s=96&d=mm&r=g\",\"caption\":\"Gonzalo Schmidt\"},\"description\":\"Sitio web de noticias de la provincia de Entre R\u00edos, Argentina. Informaci\u00f3n y entretenimiento. Informe Litoral, nos informamos.\",\"sameAs\":[\"http:\\\/\\\/www.isletasnoticias.com.ar\"],\"url\":\"https:\\\/\\\/informelitoral.com.ar\\\/author\\\/gonzalo\\\/\"}]}<\/script>","yoast_head_json":{"title":"Alberto Fern\u00e1ndez: \u201cDesde el primer d\u00eda, vamos a ocuparnos de los 5 millones de pobres que deja Macri\u201d - Informe Litoral","robots":{"index":"index","follow":"follow","max-snippet":"max-snippet:-1","max-image-preview":"max-image-preview:large","max-video-preview":"max-video-preview:-1"},"canonical":"https:\/\/informelitoral.com.ar\/alberto-fernandez-desde-el-primer-dia-vamos-a-ocuparnos-de-los-5-millones-de-pobres-que-deja-macri\/","og_locale":"es_ES","og_type":"article","og_title":"Alberto Fern\u00e1ndez: \u201cDesde el primer d\u00eda, vamos a ocuparnos de los 5 millones de pobres que deja Macri\u201d - Informe Litoral","og_description":"\"El domingo tenemos que empezar a dar vuelta una p\u00e1gina oprobiosa que empez\u00f3 a escribirse el 10 de diciembre del 2015\", exhort\u00f3 el candidato presidencial del Frente de Todos, Alberto Fern\u00e1ndez.","og_url":"https:\/\/informelitoral.com.ar\/alberto-fernandez-desde-el-primer-dia-vamos-a-ocuparnos-de-los-5-millones-de-pobres-que-deja-macri\/","og_site_name":"Informe Litoral","article_publisher":"https:\/\/www.facebook.com\/informelitoral\/","article_published_time":"2019-10-25T01:16:06+00:00","article_modified_time":"2019-10-25T02:35:31+00:00","og_image":[{"width":800,"height":450,"url":"https:\/\/informelitoral.com.ar\/%77%70%2d%63%6f%6e%74%65%6e%74\/uploads\/2019\/10\/o_1571953543.jpg","type":"image\/jpeg"}],"author":"Gonzalo Schmidt","twitter_card":"summary_large_image","twitter_creator":"@InformeLitoral","twitter_site":"@InformeLitoral","twitter_misc":{"Escrito por":"Gonzalo Schmidt","Tiempo de lectura":"4 minutos"},"schema":{"@context":"https:\/\/schema.org","@graph":[{"@type":"Article","@id":"https:\/\/informelitoral.com.ar\/alberto-fernandez-desde-el-primer-dia-vamos-a-ocuparnos-de-los-5-millones-de-pobres-que-deja-macri\/#article","isPartOf":{"@id":"https:\/\/informelitoral.com.ar\/alberto-fernandez-desde-el-primer-dia-vamos-a-ocuparnos-de-los-5-millones-de-pobres-que-deja-macri\/"},"author":{"name":"Gonzalo Schmidt","@id":"https:\/\/informelitoral.com.ar\/#\/schema\/person\/b9d00407c836482871ef1d57bf8e3180"},"headline":"Alberto Fern\u00e1ndez: \u201cDesde el primer d\u00eda, vamos a ocuparnos de los 5 millones de pobres que deja Macri\u201d","datePublished":"2019-10-25T01:16:06+00:00","dateModified":"2019-10-25T02:35:31+00:00","mainEntityOfPage":{"@id":"https:\/\/informelitoral.com.ar\/alberto-fernandez-desde-el-primer-dia-vamos-a-ocuparnos-de-los-5-millones-de-pobres-que-deja-macri\/"},"wordCount":846,"commentCount":0,"publisher":{"@id":"https:\/\/informelitoral.com.ar\/#organization"},"image":{"@id":"https:\/\/informelitoral.com.ar\/alberto-fernandez-desde-el-primer-dia-vamos-a-ocuparnos-de-los-5-millones-de-pobres-que-deja-macri\/#primaryimage"},"thumbnailUrl":"https:\/\/informelitoral.com.ar\/%77%70%2d%63%6f%6e%74%65%6e%74\/uploads\/2019\/10\/o_1571953543.jpg","keywords":["Alberto Fern\u00e1ndez","Cristina Kirchner","Elecciones","Elecciones 2019","Mar del Plata","PJ"],"articleSection":["Politica"],"inLanguage":"es","potentialAction":[{"@type":"CommentAction","name":"Comment","target":["https:\/\/informelitoral.com.ar\/alberto-fernandez-desde-el-primer-dia-vamos-a-ocuparnos-de-los-5-millones-de-pobres-que-deja-macri\/#respond"]}]},{"@type":"WebPage","@id":"https:\/\/informelitoral.com.ar\/alberto-fernandez-desde-el-primer-dia-vamos-a-ocuparnos-de-los-5-millones-de-pobres-que-deja-macri\/","url":"https:\/\/informelitoral.com.ar\/alberto-fernandez-desde-el-primer-dia-vamos-a-ocuparnos-de-los-5-millones-de-pobres-que-deja-macri\/","name":"Alberto Fern\u00e1ndez: \u201cDesde el primer d\u00eda, vamos a ocuparnos de los 5 millones de pobres que deja Macri\u201d - Informe Litoral","isPartOf":{"@id":"https:\/\/informelitoral.com.ar\/#website"},"primaryImageOfPage":{"@id":"https:\/\/informelitoral.com.ar\/alberto-fernandez-desde-el-primer-dia-vamos-a-ocuparnos-de-los-5-millones-de-pobres-que-deja-macri\/#primaryimage"},"image":{"@id":"https:\/\/informelitoral.com.ar\/alberto-fernandez-desde-el-primer-dia-vamos-a-ocuparnos-de-los-5-millones-de-pobres-que-deja-macri\/#primaryimage"},"thumbnailUrl":"https:\/\/informelitoral.com.ar\/%77%70%2d%63%6f%6e%74%65%6e%74\/uploads\/2019\/10\/o_1571953543.jpg","datePublished":"2019-10-25T01:16:06+00:00","dateModified":"2019-10-25T02:35:31+00:00","breadcrumb":{"@id":"https:\/\/informelitoral.com.ar\/alberto-fernandez-desde-el-primer-dia-vamos-a-ocuparnos-de-los-5-millones-de-pobres-que-deja-macri\/#breadcrumb"},"inLanguage":"es","potentialAction":[{"@type":"ReadAction","target":["https:\/\/informelitoral.com.ar\/alberto-fernandez-desde-el-primer-dia-vamos-a-ocuparnos-de-los-5-millones-de-pobres-que-deja-macri\/"]}]},{"@type":"ImageObject","inLanguage":"es","@id":"https:\/\/informelitoral.com.ar\/alberto-fernandez-desde-el-primer-dia-vamos-a-ocuparnos-de-los-5-millones-de-pobres-que-deja-macri\/#primaryimage","url":"https:\/\/informelitoral.com.ar\/%77%70%2d%63%6f%6e%74%65%6e%74\/uploads\/2019\/10\/o_1571953543.jpg","contentUrl":"https:\/\/informelitoral.com.ar\/%77%70%2d%63%6f%6e%74%65%6e%74\/uploads\/2019\/10\/o_1571953543.jpg","width":800,"height":450},{"@type":"BreadcrumbList","@id":"https:\/\/informelitoral.com.ar\/alberto-fernandez-desde-el-primer-dia-vamos-a-ocuparnos-de-los-5-millones-de-pobres-que-deja-macri\/#breadcrumb","itemListElement":[{"@type":"ListItem","position":1,"name":"Portada","item":"https:\/\/informelitoral.com.ar\/"},{"@type":"ListItem","position":2,"name":"Alberto Fern\u00e1ndez: \u201cDesde el primer d\u00eda, vamos a ocuparnos de los 5 millones de pobres que deja Macri\u201d"}]},{"@type":"WebSite","@id":"https:\/\/informelitoral.com.ar\/#website","url":"https:\/\/informelitoral.com.ar\/","name":"Informe Litoral","description":"&quot;Nos informamos&quot; ","publisher":{"@id":"https:\/\/informelitoral.com.ar\/#organization"},"potentialAction":[{"@type":"SearchAction","target":{"@type":"EntryPoint","urlTemplate":"https:\/\/informelitoral.com.ar\/?s={search_term_string}"},"query-input":{"@type":"PropertyValueSpecification","valueRequired":true,"valueName":"search_term_string"}}],"inLanguage":"es"},{"@type":"Organization","@id":"https:\/\/informelitoral.com.ar\/#organization","name":"Informe Litoral","url":"https:\/\/informelitoral.com.ar\/","logo":{"@type":"ImageObject","inLanguage":"es","@id":"https:\/\/informelitoral.com.ar\/#\/schema\/logo\/image\/","url":"https:\/\/informelitoral.com.ar\/%77%70%2d%63%6f%6e%74%65%6e%74\/uploads\/2021\/01\/circulo.png","contentUrl":"https:\/\/informelitoral.com.ar\/%77%70%2d%63%6f%6e%74%65%6e%74\/uploads\/2021\/01\/circulo.png","width":723,"height":731,"caption":"Informe Litoral"},"image":{"@id":"https:\/\/informelitoral.com.ar\/#\/schema\/logo\/image\/"},"sameAs":["https:\/\/www.facebook.com\/informelitoral\/","https:\/\/x.com\/InformeLitoral","https:\/\/www.instagram.com\/informelitoral\/","https:\/\/www.youtube.com\/channel\/UCua4Qvz8Icb6MYqhoq9xLXw"]},{"@type":"Person","@id":"https:\/\/informelitoral.com.ar\/#\/schema\/person\/b9d00407c836482871ef1d57bf8e3180","name":"Gonzalo Schmidt","image":{"@type":"ImageObject","inLanguage":"es","@id":"https:\/\/secure.gravatar.com\/avatar\/31a1a7b66ff2de83bd0e9fd79d026630d2d99e55e8bfe501287647b4fd9743de?s=96&d=mm&r=g","url":"https:\/\/secure.gravatar.com\/avatar\/31a1a7b66ff2de83bd0e9fd79d026630d2d99e55e8bfe501287647b4fd9743de?s=96&d=mm&r=g","contentUrl":"https:\/\/secure.gravatar.com\/avatar\/31a1a7b66ff2de83bd0e9fd79d026630d2d99e55e8bfe501287647b4fd9743de?s=96&d=mm&r=g","caption":"Gonzalo Schmidt"},"description":"Sitio web de noticias de la provincia de Entre R\u00edos, Argentina. Informaci\u00f3n y entretenimiento. Informe Litoral, nos informamos.","sameAs":["http:\/\/www.isletasnoticias.com.ar"],"url":"https:\/\/informelitoral.com.ar\/author\/gonzalo\/"}]}},"_links":{"self":[{"href":"https:\/\/informelitoral.com.ar\/%77%70%2d%6a%73%6f%6e\/wp\/v2\/posts\/37380","targetHints":{"allow":["GET"]}}],"collection":[{"href":"https:\/\/informelitoral.com.ar\/%77%70%2d%6a%73%6f%6e\/wp\/v2\/posts"}],"about":[{"href":"https:\/\/informelitoral.com.ar\/%77%70%2d%6a%73%6f%6e\/wp\/v2\/types\/post"}],"author":[{"embeddable":true,"href":"https:\/\/informelitoral.com.ar\/%77%70%2d%6a%73%6f%6e\/wp\/v2\/users\/2"}],"replies":[{"embeddable":true,"href":"https:\/\/informelitoral.com.ar\/%77%70%2d%6a%73%6f%6e\/wp\/v2\/comments?post=37380"}],"version-history":[{"count":0,"href":"https:\/\/informelitoral.com.ar\/%77%70%2d%6a%73%6f%6e\/wp\/v2\/posts\/37380\/revisions"}],"wp:featuredmedia":[{"embeddable":true,"href":"https:\/\/informelitoral.com.ar\/%77%70%2d%6a%73%6f%6e\/wp\/v2\/media\/37381"}],"wp:attachment":[{"href":"https:\/\/informelitoral.com.ar\/%77%70%2d%6a%73%6f%6e\/wp\/v2\/media?parent=37380"}],"wp:term":[{"taxonomy":"category","embeddable":true,"href":"https:\/\/informelitoral.com.ar\/%77%70%2d%6a%73%6f%6e\/wp\/v2\/categories?post=37380"},{"taxonomy":"post_tag","embeddable":true,"href":"https:\/\/informelitoral.com.ar\/%77%70%2d%6a%73%6f%6e\/wp\/v2\/tags?post=37380"}],"curies":[{"name":"wp","href":"https:\/\/api.w.org\/{rel}","templated":true}]}}