{"id":37377,"date":"2019-10-24T22:01:26","date_gmt":"2019-10-25T01:01:26","guid":{"rendered":"https:\/\/www.isletasnoticias.com.ar\/?p=37377"},"modified":"2019-10-24T23:36:58","modified_gmt":"2019-10-25T02:36:58","slug":"macri-cerro-su-campana-ante-una-multitud-en-cordoba-el-domingo-nos-jugamos-el-presente-y-el-futuro","status":"publish","type":"post","link":"https:\/\/informelitoral.com.ar\/macri-cerro-su-campana-ante-una-multitud-en-cordoba-el-domingo-nos-jugamos-el-presente-y-el-futuro\/","title":{"rendered":"Macri cerr\u00f3 su campa\u00f1a ante una multitud en C\u00f3rdoba: \u201cEl domingo nos jugamos el presente y el futuro\u201d"},"content":{"rendered":"<div class=\"row pb-content-type-text\">\n<div class=\"col-xs-12 col-print-12\">\n<p class=\"element element-paragraph\"><b>\u201c\u00a1C\u00f3mo los amo, queridos cordobeses, c\u00f3mo los amo!\u00bb<\/b>, inici\u00f3 su discurso el presidente\u00a0<b>Mauricio Macri<\/b>\u00a0frente a una multitud que llen\u00f3 la Plaza V\u00e9lez Sarsfield, frente a la Casa Radical, y core\u00f3 su nombre mientras el mandatario, junto a su mujer\u00a0<b>Juliana Awada<\/b>, saludaban desde el escenario en el que tambi\u00e9n permanecieron\u00a0<b>Miguel \u00c1ngel Pichetto y Mario Negri<\/b>.<\/p>\n<p class=\"element element-paragraph\">\u201cEsto depende de nosotros y de nadie m\u00e1s. <mark class=\"hl_yellow\"><b>Que esta marcha maravillosa no termina hoy ac\u00e1: tenemos una parada m\u00e1s que es el 27 de octubre y el 24 de noviembre,<\/b><\/mark><b>\u00a0donde tenemos que consolidar esta esperanza con el voto que cambie la Argentina para siempre<\/b>\u00ab, expres\u00f3 el Presidente en una movilizaci\u00f3n de la que<b>\u00a0<\/b><mark class=\"hl_yellow\"><b>participaron cerca de 100 mil personas.<\/b><\/mark><\/p>\n<\/div>\n<\/div>\n<div class=\"row pb-content-type-text\">\n<div class=\"col-xs-12 col-print-12\">\n<p class=\"element element-paragraph\">\u201cAdem\u00e1s de venir a gritar \u2018S\u00ed, se puede\u2019, estamos ac\u00e1 para decir que no nos vamos a quedar callados, en silencio, viendo c\u00f3mo nos roban el futuro.\u00a0<b>Ya demasiadas veces nos aguantamos el dedito, el atril y la prepotencia.<\/b>\u00a0<b>Basta de esa forma de gobernar, no queremos m\u00e1s esa forma de gobernar.<\/b>\u00a0Somos una mayor\u00eda que pensamos as\u00ed, que queremos convivir de una manera. Pero tenemos que asumir que somos una enorme mayor\u00eda que durante muchos a\u00f1os estuvimos en silencio, con miedo.\u00a0<b>Y eso fue un error porque dejamos un espacio vac\u00edo y lo ocuparon aquellos que se creen due\u00f1os del Estado y de lo p\u00fablico.<\/b> Y quisieron ir por todo. Por nuestra libertad, que es innegociable, quisieron ir por nuestra libertad\u201d, manifest\u00f3 Macri.<\/p>\n<p class=\"element element-paragraph\">Y agreg\u00f3: \u201cNos dimos cuenta de que la verdadera fuerza la tenemos nosotros. Los que salimos a trabajar desde temprano todos los d\u00edas para sacar este pa\u00eds adelante. Nosotros tenemos esa fuerza. <b>La ejercemos en paz, no queremos la violencia.\u00a0<\/b>Justamente queremos convivir de esta manera, sana, en la que estamos hoy reuni\u00e9ndonos. Libre, independiente que nos lleg\u00f3 hasta ac\u00e1.\u00a0<mark class=\"hl_yellow\"><b>\u00bfD\u00f3nde est\u00e1n los colectivos? \u00bfC\u00f3mo vinieron hasta ac\u00e1? Nadie les dio nada, nadie les pidi\u00f3 nada.\u00a0<\/b><\/mark>Claro que no\u201d.<\/p>\n<p class=\"element element-paragraph\"><a href=\"https:\/\/www.isletasnoticias.com.ar\/%77%70%2d%63%6f%6e%74%65%6e%74\/uploads\/2019\/10\/o_1571962376.jpg\"><img loading=\"lazy\" decoding=\"async\" class=\"aligncenter wp-image-37404 size-full\" src=\"https:\/\/www.isletasnoticias.com.ar\/%77%70%2d%63%6f%6e%74%65%6e%74\/uploads\/2019\/10\/o_1571962376.jpg\" alt=\"\" width=\"800\" height=\"450\" srcset=\"https:\/\/informelitoral.com.ar\/%77%70%2d%63%6f%6e%74%65%6e%74\/uploads\/2019\/10\/o_1571962376.jpg 800w, https:\/\/informelitoral.com.ar\/%77%70%2d%63%6f%6e%74%65%6e%74\/uploads\/2019\/10\/o_1571962376-300x169.jpg 300w, https:\/\/informelitoral.com.ar\/%77%70%2d%63%6f%6e%74%65%6e%74\/uploads\/2019\/10\/o_1571962376-768x432.jpg 768w, https:\/\/informelitoral.com.ar\/%77%70%2d%63%6f%6e%74%65%6e%74\/uploads\/2019\/10\/o_1571962376-696x392.jpg 696w, https:\/\/informelitoral.com.ar\/%77%70%2d%63%6f%6e%74%65%6e%74\/uploads\/2019\/10\/o_1571962376-747x420.jpg 747w\" sizes=\"auto, (max-width: 800px) 100vw, 800px\" \/><\/a><\/p>\n<\/div>\n<\/div>\n<div class=\"row pb-content-type-text\">\n<div class=\"col-xs-12 col-print-12\">\n<p class=\"element element-paragraph\"><b>\u201cPara Mauricio, la reelecci\u00f3n\u201d<\/b>, gritaron los miles de cordobeses que llenaron la emblem\u00e1tica plaza. \u201cEsta noche no se me va a olvidar nunca en la vida. Llegar hasta ac\u00e1 nos cost\u00f3 m\u00e1s de lo que pens\u00e1bamos. Como ustedes saben lleva tiempo resolver los problemas.\u00a0<b>No nos equivocamos cuando dijimos que el cambio era posible. Y tampoco nos equivocamos que juntos somos capaces de encarar cualquier desaf\u00edo.<\/b>\u00a0Demostramos que se puede gobernar sin generar odios o miedos, que se puede dialogar sentados alrededor de una mesa, buscando creativamente generar trabajo. Y tambi\u00e9n demostramos que se puede tener una pol\u00edtica social sin clientelismo.\u00a0<b>Tratando de igual a igual a los adversarios y a los amigos.<\/b> Se pueden construir obras en todo el pa\u00eds sin corrupci\u00f3n\u201d, indic\u00f3 el candidato presidencial de Juntos por el Cambio, quien buscar\u00e1 revertir el resultado adverso de las PASO y forzar el balotaje.<\/p>\n<p class=\"element element-paragraph\">\u201cTodo eso que hemos hecho son esas bases que necesit\u00e1bamos, esos cimientos s\u00f3lidos sobre los cuales hoy tenemos la tranquilidad de un futuro distinto que hace cuatro a\u00f1os Sobre esas bases van a venir una etapa de crecimiento, de generaci\u00f3n de empleo, mejora del salario y alivio para todos los argentinos. <mark class=\"hl_yellow\"><b>No caigamos en escuchar a aquellos que destruyeron la Argentina, con el dedito levantado, decir que son los que saben. \u00bfQu\u00e9 saben qu\u00e9, por favor? Tantos a\u00f1os gobernaron y nos dejaron el pa\u00eds destruido<\/b><\/mark>\u201d, continu\u00f3.<\/p>\n<\/div>\n<\/div>\n<div class=\"row pb-content-type-text\">\n<div class=\"col-xs-12 col-print-12\">\n<p class=\"element element-paragraph\">\u201c<b>Les quiero pedir desde el fondo del coraz\u00f3n que las dificultades nos hagan dudar de las cosas que hemos logrado.\u00a0<\/b>Y mucho m\u00e1s que nos hagan abandonar los sue\u00f1os que tenemos y son posibles. Son momentos de reunirnos con convicci\u00f3n e ir para adelante sin tropezar con la misma piedra. Voy a estar siempre para cuidarlos y que se puede. Y que no nos digan que tenemos que resignarnos porque s\u00ed se puede\u201d, expres\u00f3 Macri.<\/p>\n<\/div>\n<\/div>\n<div class=\"row pb-content-type-text\">\n<div class=\"col-xs-12 col-print-12\">\n<p class=\"element element-paragraph\">\u201cEstamos cambiando la historia y cuando sus hijos y nietos les pregunten d\u00f3nde estaban en octubre le van a poder responder que est\u00e1bamos haciendo patria. Claro que patria. Vamos, C\u00f3rdoba.\u00a0<mark class=\"hl_yellow\"><b>Quedan pocas horas para la elecci\u00f3n. El domingo nos jugamos el presente y el futuro<\/b><\/mark>\u201d, complet\u00f3 el mandatario.<\/p>\n<p class=\"element element-paragraph\">\u201cQue energ\u00eda incre\u00edble que hay ac\u00e1. Muchas gracias a todos los que nos acompa\u00f1aron en las diferentes marchas del \u2018S\u00ed, se puede\u2019 por todo el pa\u00eds. <b>Siempre unidos por los mismos valores, con respeto y con amor<\/b>\u201d, indic\u00f3\u00a0<b>Juliana Awada<\/b>, a quien su marido le cedi\u00f3 el micr\u00f3fono en el medio de su discurso.<\/p>\n<\/div>\n<\/div>\n<div class=\"row pb-content-type-text\">\n<div class=\"col-xs-12 col-print-12\">\n<p class=\"element element-paragraph\">Y agreg\u00f3:\u00a0<b>\u201cPor nosotros , por nuestros hijos, por el futuro de nuestro pa\u00eds, y por nuestra querida Argentina. \u00a1Vamos argentina! \u00a1S\u00ed, se puede!\u201d.<\/b><\/p>\n<p class=\"element element-paragraph\">Luego, Macri sostuvo: \u201c<b>Ac\u00e1 no estamos dando vuelta una elecci\u00f3n, estamos dando vuelta una historia de frustraciones y mentiras.<\/b>\u00a0Somos gente de trabajo, paz, di\u00e1logo y amor. Les digo gracias, gracias de coraz\u00f3n. Me quedar\u00eda toda la vida.\u00a0<b>El gato no se quiere ir de C\u00f3rdoba. Ah\u00ed veo todos los gatitos<\/b>\u201d.<\/p>\n<\/div>\n<\/div>\n<div class=\"row pb-content-type-text\">\n<div class=\"col-xs-12 col-print-12\">\n<p class=\"element element-paragraph\">Y culmin\u00f3: \u00ab\u00bbLas otras seis vidas voy a volver a C\u00f3rdoba siempre. Cada vida voy a estar ac\u00e1 con ustedes.\u00a0<b>Este es nuestro pa\u00eds. \u00a1Fuerza, Argentina! \u00a1Aguante, C\u00f3rdoba! \u00a1Los amo con locura! \u00a1Vamos!<\/b>\u00ab.<\/p>\n<p class=\"element element-paragraph\">\u201cQuiero decir que respetamos al gobierno de la provincia de C\u00f3rdoba y a sus autoridades. No venimos aqu\u00ed a presionar o a interpelar al gobernador sobre cu\u00e1l ha sido su definici\u00f3n pol\u00edtica en esta elecci\u00f3n. <b>Respetamos a C\u00f3rdoba y a sus gobernantes. Y estamos seguros que si Mauricio Macri sigue siendo el presidente de la Naci\u00f3n va a seguir respetando a C\u00f3rdoba<\/b>\u201d, expres\u00f3\u00a0<b>Miguel \u00c1ngel Pichetto, saludado por la gente en el d\u00eda de su cumplea\u00f1os n\u00famero 69 y a quien el propio Macri pidi\u00f3 que le cantaran el feliz cumplea\u00f1os.<\/b><\/p>\n<\/div>\n<\/div>\n<div class=\"row pb-content-type-text\">\n<div class=\"col-xs-12 col-print-12\">\n<p class=\"element element-paragraph\">\u201cNo queremos reformar la Constituci\u00f3n.\u00a0<b>No queremos la patria de (Juan) Grabois.<\/b>\u00a0No queremos la reforma agraria porque la Argentina tiene una potencia agroexportadora que hay que defender. No queremos que se ocupen los inmuebles urbanos desocupados. No queremos la violencia como ha ocurrido hoy a la tarde en San Miguel de Tucum\u00e1n en un acto del peronismo. Eso es lo que viene en la Argentina: la diferencia de sectores que se pelean impunemente de cara a la sociedad.\u00a0<mark class=\"hl_yellow\"><b>No queremos de ninguna manera volver a humillar a C\u00f3rdoba como lo ha hecho la candidata a vicepresidente de la Naci\u00f3n, Cristina Kirchner, quien abandon\u00f3 a C\u00f3rdoba en momentos dif\u00edciles<\/b><\/mark>\u201d, expres\u00f3 Pichetto, quien concluy\u00f3 su discurso asegurando que\u00a0<b>\u201cse puede dar vuelta esta elecci\u00f3n\u201d<\/b>.<\/p>\n<p class=\"element element-paragraph\">Previo a la oratoria del senador nacional, <b>Mario Negri<\/b>, diputado nacional por la provincia de C\u00f3rdoba, sostuvo: \u201cEse dedo de patr\u00f3n de estancia se termin\u00f3 hace cuatro a\u00f1os cuando Mauricio Macri lleg\u00f3 al gobierno para terminar con la discriminaci\u00f3n.\u00a0<b>Hoy es la vez n\u00famero 25 que viene a C\u00f3rdoba. Ella vino 4 veces y nos retaba. Mauricio Macri dio m\u00e1s fondos de los que correspond\u00edan a todas las provincias.<\/b>\u00a0A C\u00f3rdoba nos devolvieron el 15 por ciento de la Anses y nos llen\u00f3 de obras\u201d.<\/p>\n<\/div>\n<\/div>\n<div class=\"row pb-content-type-video\">\n<figure class=\"element element-video\">\n<div class=\"col-md-12\">\n<div id=\"arc-player-47fc0ca9-765f-474b-a1de-824055a03708\" class=\"powa powa-processed\" data-org=\"infobae\" data-uuid=\"47fc0ca9-765f-474b-a1de-824055a03708\" data-powa-index=\"3\" data-env=\"prod\">\n<div class=\"powa-shot\">\n<div class=\"powa-shot-image powa-click-promo-play\">\n<div class=\"powa-shot-play-btn powa-click-promo-play\"><\/div>\n<\/div>\n<\/div>\n<\/div>\n<\/div>\n<\/figure>\n<\/div>\n<div class=\"row pb-content-type-text\">\n<div class=\"col-xs-12 col-print-12\">\n<p class=\"element element-paragraph\">Y complet\u00f3: \u201cYa estamos en el balotaje.\u00a0<b>Vamos a darles una peque\u00f1a ventaja. Queremos que Mauricio Macri y Alberto Fern\u00e1ndez en un mano a mano hablen del futuro.\u00a0<\/b>\u00bfSaben por qu\u00e9? Porque hoy solamente lo que nos proponen ellos es volver al puerto de 2015. Ah\u00ed ni locos volvemos\u201d.<\/p>\n<p><em>Fuente: Infobae\u00a0<\/em><\/p>\n<\/div>\n<\/div>\n","protected":false},"excerpt":{"rendered":"<p>\u201cAc\u00e1 no estamos dando vuelta una elecci\u00f3n, estamos dando vuelta una historia de frustraciones y mentiras\u201d, dijo el Presidente junto a Juliana Awada y Miguel Angel Pichetto.<\/p>\n","protected":false},"author":2,"featured_media":37378,"comment_status":"open","ping_status":"open","sticky":false,"template":"","format":"standard","meta":{"fifu_image_url":"","fifu_image_alt":"","footnotes":""},"categories":[16],"tags":[29,324,415,421,80],"class_list":{"0":"post-37377","1":"post","2":"type-post","3":"status-publish","4":"format-standard","5":"has-post-thumbnail","7":"category-politi","8":"tag-cambiemos","9":"tag-cordoba","10":"tag-elecciones","11":"tag-elecciones-2019","12":"tag-mauricio-macri"},"yoast_head":"<title>Macri cerr\u00f3 su campa\u00f1a ante una multitud en C\u00f3rdoba: \u201cEl domingo nos jugamos el presente y el futuro\u201d - Informe Litoral<\/title>\n<meta name=\"robots\" content=\"index, follow, max-snippet:-1, max-image-preview:large, max-video-preview:-1\" \/>\n<link rel=\"canonical\" href=\"https:\/\/informelitoral.com.ar\/macri-cerro-su-campana-ante-una-multitud-en-cordoba-el-domingo-nos-jugamos-el-presente-y-el-futuro\/\" \/>\n<meta property=\"og:locale\" content=\"es_ES\" \/>\n<meta property=\"og:type\" content=\"article\" \/>\n<meta property=\"og:title\" content=\"Macri cerr\u00f3 su campa\u00f1a ante una multitud en C\u00f3rdoba: \u201cEl domingo nos jugamos el presente y el futuro\u201d - Informe Litoral\" \/>\n<meta property=\"og:description\" content=\"\u201cAc\u00e1 no estamos dando vuelta una elecci\u00f3n, estamos dando vuelta una historia de frustraciones y mentiras\u201d, dijo el Presidente junto a Juliana Awada y Miguel Angel Pichetto.\" \/>\n<meta property=\"og:url\" content=\"https:\/\/informelitoral.com.ar\/macri-cerro-su-campana-ante-una-multitud-en-cordoba-el-domingo-nos-jugamos-el-presente-y-el-futuro\/\" \/>\n<meta property=\"og:site_name\" content=\"Informe Litoral\" \/>\n<meta property=\"article:publisher\" content=\"https:\/\/www.facebook.com\/informelitoral\/\" \/>\n<meta property=\"article:published_time\" content=\"2019-10-25T01:01:26+00:00\" \/>\n<meta property=\"article:modified_time\" content=\"2019-10-25T02:36:58+00:00\" \/>\n<meta property=\"og:image\" content=\"https:\/\/informelitoral.com.ar\/%77%70%2d%63%6f%6e%74%65%6e%74\/uploads\/2019\/10\/macri-cordoba.jpg\" \/>\n\t<meta property=\"og:image:width\" content=\"960\" \/>\n\t<meta property=\"og:image:height\" content=\"664\" \/>\n\t<meta property=\"og:image:type\" content=\"image\/jpeg\" \/>\n<meta name=\"author\" content=\"Gonzalo Schmidt\" \/>\n<meta name=\"twitter:card\" content=\"summary_large_image\" \/>\n<meta name=\"twitter:creator\" content=\"@InformeLitoral\" \/>\n<meta name=\"twitter:site\" content=\"@InformeLitoral\" \/>\n<meta name=\"twitter:label1\" content=\"Escrito por\" \/>\n\t<meta name=\"twitter:data1\" content=\"Gonzalo Schmidt\" \/>\n\t<meta name=\"twitter:label2\" content=\"Tiempo de lectura\" \/>\n\t<meta name=\"twitter:data2\" content=\"6 minutos\" \/>\n<script type=\"application\/ld+json\" class=\"yoast-schema-graph\">{\"@context\":\"https:\\\/\\\/schema.org\",\"@graph\":[{\"@type\":\"Article\",\"@id\":\"https:\\\/\\\/informelitoral.com.ar\\\/macri-cerro-su-campana-ante-una-multitud-en-cordoba-el-domingo-nos-jugamos-el-presente-y-el-futuro\\\/#article\",\"isPartOf\":{\"@id\":\"https:\\\/\\\/informelitoral.com.ar\\\/macri-cerro-su-campana-ante-una-multitud-en-cordoba-el-domingo-nos-jugamos-el-presente-y-el-futuro\\\/\"},\"author\":{\"name\":\"Gonzalo Schmidt\",\"@id\":\"https:\\\/\\\/informelitoral.com.ar\\\/#\\\/schema\\\/person\\\/b9d00407c836482871ef1d57bf8e3180\"},\"headline\":\"Macri cerr\u00f3 su campa\u00f1a ante una multitud en C\u00f3rdoba: \u201cEl domingo nos jugamos el presente y el futuro\u201d\",\"datePublished\":\"2019-10-25T01:01:26+00:00\",\"dateModified\":\"2019-10-25T02:36:58+00:00\",\"mainEntityOfPage\":{\"@id\":\"https:\\\/\\\/informelitoral.com.ar\\\/macri-cerro-su-campana-ante-una-multitud-en-cordoba-el-domingo-nos-jugamos-el-presente-y-el-futuro\\\/\"},\"wordCount\":1288,\"commentCount\":0,\"publisher\":{\"@id\":\"https:\\\/\\\/informelitoral.com.ar\\\/#organization\"},\"image\":{\"@id\":\"https:\\\/\\\/informelitoral.com.ar\\\/macri-cerro-su-campana-ante-una-multitud-en-cordoba-el-domingo-nos-jugamos-el-presente-y-el-futuro\\\/#primaryimage\"},\"thumbnailUrl\":\"https:\\\/\\\/informelitoral.com.ar\\\/%77%70%2d%63%6f%6e%74%65%6e%74\\\/uploads\\\/2019\\\/10\\\/macri-cordoba.jpg\",\"keywords\":[\"Cambiemos\",\"C\u00f3rdoba\",\"Elecciones\",\"Elecciones 2019\",\"Mauricio Macri\"],\"articleSection\":[\"Politica\"],\"inLanguage\":\"es\",\"potentialAction\":[{\"@type\":\"CommentAction\",\"name\":\"Comment\",\"target\":[\"https:\\\/\\\/informelitoral.com.ar\\\/macri-cerro-su-campana-ante-una-multitud-en-cordoba-el-domingo-nos-jugamos-el-presente-y-el-futuro\\\/#respond\"]}]},{\"@type\":\"WebPage\",\"@id\":\"https:\\\/\\\/informelitoral.com.ar\\\/macri-cerro-su-campana-ante-una-multitud-en-cordoba-el-domingo-nos-jugamos-el-presente-y-el-futuro\\\/\",\"url\":\"https:\\\/\\\/informelitoral.com.ar\\\/macri-cerro-su-campana-ante-una-multitud-en-cordoba-el-domingo-nos-jugamos-el-presente-y-el-futuro\\\/\",\"name\":\"Macri cerr\u00f3 su campa\u00f1a ante una multitud en C\u00f3rdoba: \u201cEl domingo nos jugamos el presente y el futuro\u201d - Informe Litoral\",\"isPartOf\":{\"@id\":\"https:\\\/\\\/informelitoral.com.ar\\\/#website\"},\"primaryImageOfPage\":{\"@id\":\"https:\\\/\\\/informelitoral.com.ar\\\/macri-cerro-su-campana-ante-una-multitud-en-cordoba-el-domingo-nos-jugamos-el-presente-y-el-futuro\\\/#primaryimage\"},\"image\":{\"@id\":\"https:\\\/\\\/informelitoral.com.ar\\\/macri-cerro-su-campana-ante-una-multitud-en-cordoba-el-domingo-nos-jugamos-el-presente-y-el-futuro\\\/#primaryimage\"},\"thumbnailUrl\":\"https:\\\/\\\/informelitoral.com.ar\\\/%77%70%2d%63%6f%6e%74%65%6e%74\\\/uploads\\\/2019\\\/10\\\/macri-cordoba.jpg\",\"datePublished\":\"2019-10-25T01:01:26+00:00\",\"dateModified\":\"2019-10-25T02:36:58+00:00\",\"breadcrumb\":{\"@id\":\"https:\\\/\\\/informelitoral.com.ar\\\/macri-cerro-su-campana-ante-una-multitud-en-cordoba-el-domingo-nos-jugamos-el-presente-y-el-futuro\\\/#breadcrumb\"},\"inLanguage\":\"es\",\"potentialAction\":[{\"@type\":\"ReadAction\",\"target\":[\"https:\\\/\\\/informelitoral.com.ar\\\/macri-cerro-su-campana-ante-una-multitud-en-cordoba-el-domingo-nos-jugamos-el-presente-y-el-futuro\\\/\"]}]},{\"@type\":\"ImageObject\",\"inLanguage\":\"es\",\"@id\":\"https:\\\/\\\/informelitoral.com.ar\\\/macri-cerro-su-campana-ante-una-multitud-en-cordoba-el-domingo-nos-jugamos-el-presente-y-el-futuro\\\/#primaryimage\",\"url\":\"https:\\\/\\\/informelitoral.com.ar\\\/%77%70%2d%63%6f%6e%74%65%6e%74\\\/uploads\\\/2019\\\/10\\\/macri-cordoba.jpg\",\"contentUrl\":\"https:\\\/\\\/informelitoral.com.ar\\\/%77%70%2d%63%6f%6e%74%65%6e%74\\\/uploads\\\/2019\\\/10\\\/macri-cordoba.jpg\",\"width\":960,\"height\":664},{\"@type\":\"BreadcrumbList\",\"@id\":\"https:\\\/\\\/informelitoral.com.ar\\\/macri-cerro-su-campana-ante-una-multitud-en-cordoba-el-domingo-nos-jugamos-el-presente-y-el-futuro\\\/#breadcrumb\",\"itemListElement\":[{\"@type\":\"ListItem\",\"position\":1,\"name\":\"Portada\",\"item\":\"https:\\\/\\\/informelitoral.com.ar\\\/\"},{\"@type\":\"ListItem\",\"position\":2,\"name\":\"Macri cerr\u00f3 su campa\u00f1a ante una multitud en C\u00f3rdoba: \u201cEl domingo nos jugamos el presente y el futuro\u201d\"}]},{\"@type\":\"WebSite\",\"@id\":\"https:\\\/\\\/informelitoral.com.ar\\\/#website\",\"url\":\"https:\\\/\\\/informelitoral.com.ar\\\/\",\"name\":\"Informe Litoral\",\"description\":\"&quot;Nos informamos&quot; \",\"publisher\":{\"@id\":\"https:\\\/\\\/informelitoral.com.ar\\\/#organization\"},\"potentialAction\":[{\"@type\":\"SearchAction\",\"target\":{\"@type\":\"EntryPoint\",\"urlTemplate\":\"https:\\\/\\\/informelitoral.com.ar\\\/?s={search_term_string}\"},\"query-input\":{\"@type\":\"PropertyValueSpecification\",\"valueRequired\":true,\"valueName\":\"search_term_string\"}}],\"inLanguage\":\"es\"},{\"@type\":\"Organization\",\"@id\":\"https:\\\/\\\/informelitoral.com.ar\\\/#organization\",\"name\":\"Informe Litoral\",\"url\":\"https:\\\/\\\/informelitoral.com.ar\\\/\",\"logo\":{\"@type\":\"ImageObject\",\"inLanguage\":\"es\",\"@id\":\"https:\\\/\\\/informelitoral.com.ar\\\/#\\\/schema\\\/logo\\\/image\\\/\",\"url\":\"https:\\\/\\\/informelitoral.com.ar\\\/%77%70%2d%63%6f%6e%74%65%6e%74\\\/uploads\\\/2021\\\/01\\\/circulo.png\",\"contentUrl\":\"https:\\\/\\\/informelitoral.com.ar\\\/%77%70%2d%63%6f%6e%74%65%6e%74\\\/uploads\\\/2021\\\/01\\\/circulo.png\",\"width\":723,\"height\":731,\"caption\":\"Informe Litoral\"},\"image\":{\"@id\":\"https:\\\/\\\/informelitoral.com.ar\\\/#\\\/schema\\\/logo\\\/image\\\/\"},\"sameAs\":[\"https:\\\/\\\/www.facebook.com\\\/informelitoral\\\/\",\"https:\\\/\\\/x.com\\\/InformeLitoral\",\"https:\\\/\\\/www.instagram.com\\\/informelitoral\\\/\",\"https:\\\/\\\/www.youtube.com\\\/channel\\\/UCua4Qvz8Icb6MYqhoq9xLXw\"]},{\"@type\":\"Person\",\"@id\":\"https:\\\/\\\/informelitoral.com.ar\\\/#\\\/schema\\\/person\\\/b9d00407c836482871ef1d57bf8e3180\",\"name\":\"Gonzalo Schmidt\",\"image\":{\"@type\":\"ImageObject\",\"inLanguage\":\"es\",\"@id\":\"https:\\\/\\\/secure.gravatar.com\\\/avatar\\\/31a1a7b66ff2de83bd0e9fd79d026630d2d99e55e8bfe501287647b4fd9743de?s=96&d=mm&r=g\",\"url\":\"https:\\\/\\\/secure.gravatar.com\\\/avatar\\\/31a1a7b66ff2de83bd0e9fd79d026630d2d99e55e8bfe501287647b4fd9743de?s=96&d=mm&r=g\",\"contentUrl\":\"https:\\\/\\\/secure.gravatar.com\\\/avatar\\\/31a1a7b66ff2de83bd0e9fd79d026630d2d99e55e8bfe501287647b4fd9743de?s=96&d=mm&r=g\",\"caption\":\"Gonzalo Schmidt\"},\"description\":\"Sitio web de noticias de la provincia de Entre R\u00edos, Argentina. Informaci\u00f3n y entretenimiento. Informe Litoral, nos informamos.\",\"sameAs\":[\"http:\\\/\\\/www.isletasnoticias.com.ar\"],\"url\":\"https:\\\/\\\/informelitoral.com.ar\\\/author\\\/gonzalo\\\/\"}]}<\/script>","yoast_head_json":{"title":"Macri cerr\u00f3 su campa\u00f1a ante una multitud en C\u00f3rdoba: \u201cEl domingo nos jugamos el presente y el futuro\u201d - Informe Litoral","robots":{"index":"index","follow":"follow","max-snippet":"max-snippet:-1","max-image-preview":"max-image-preview:large","max-video-preview":"max-video-preview:-1"},"canonical":"https:\/\/informelitoral.com.ar\/macri-cerro-su-campana-ante-una-multitud-en-cordoba-el-domingo-nos-jugamos-el-presente-y-el-futuro\/","og_locale":"es_ES","og_type":"article","og_title":"Macri cerr\u00f3 su campa\u00f1a ante una multitud en C\u00f3rdoba: \u201cEl domingo nos jugamos el presente y el futuro\u201d - Informe Litoral","og_description":"\u201cAc\u00e1 no estamos dando vuelta una elecci\u00f3n, estamos dando vuelta una historia de frustraciones y mentiras\u201d, dijo el Presidente junto a Juliana Awada y Miguel Angel Pichetto.","og_url":"https:\/\/informelitoral.com.ar\/macri-cerro-su-campana-ante-una-multitud-en-cordoba-el-domingo-nos-jugamos-el-presente-y-el-futuro\/","og_site_name":"Informe Litoral","article_publisher":"https:\/\/www.facebook.com\/informelitoral\/","article_published_time":"2019-10-25T01:01:26+00:00","article_modified_time":"2019-10-25T02:36:58+00:00","og_image":[{"width":960,"height":664,"url":"https:\/\/informelitoral.com.ar\/%77%70%2d%63%6f%6e%74%65%6e%74\/uploads\/2019\/10\/macri-cordoba.jpg","type":"image\/jpeg"}],"author":"Gonzalo Schmidt","twitter_card":"summary_large_image","twitter_creator":"@InformeLitoral","twitter_site":"@InformeLitoral","twitter_misc":{"Escrito por":"Gonzalo Schmidt","Tiempo de lectura":"6 minutos"},"schema":{"@context":"https:\/\/schema.org","@graph":[{"@type":"Article","@id":"https:\/\/informelitoral.com.ar\/macri-cerro-su-campana-ante-una-multitud-en-cordoba-el-domingo-nos-jugamos-el-presente-y-el-futuro\/#article","isPartOf":{"@id":"https:\/\/informelitoral.com.ar\/macri-cerro-su-campana-ante-una-multitud-en-cordoba-el-domingo-nos-jugamos-el-presente-y-el-futuro\/"},"author":{"name":"Gonzalo Schmidt","@id":"https:\/\/informelitoral.com.ar\/#\/schema\/person\/b9d00407c836482871ef1d57bf8e3180"},"headline":"Macri cerr\u00f3 su campa\u00f1a ante una multitud en C\u00f3rdoba: \u201cEl domingo nos jugamos el presente y el futuro\u201d","datePublished":"2019-10-25T01:01:26+00:00","dateModified":"2019-10-25T02:36:58+00:00","mainEntityOfPage":{"@id":"https:\/\/informelitoral.com.ar\/macri-cerro-su-campana-ante-una-multitud-en-cordoba-el-domingo-nos-jugamos-el-presente-y-el-futuro\/"},"wordCount":1288,"commentCount":0,"publisher":{"@id":"https:\/\/informelitoral.com.ar\/#organization"},"image":{"@id":"https:\/\/informelitoral.com.ar\/macri-cerro-su-campana-ante-una-multitud-en-cordoba-el-domingo-nos-jugamos-el-presente-y-el-futuro\/#primaryimage"},"thumbnailUrl":"https:\/\/informelitoral.com.ar\/%77%70%2d%63%6f%6e%74%65%6e%74\/uploads\/2019\/10\/macri-cordoba.jpg","keywords":["Cambiemos","C\u00f3rdoba","Elecciones","Elecciones 2019","Mauricio Macri"],"articleSection":["Politica"],"inLanguage":"es","potentialAction":[{"@type":"CommentAction","name":"Comment","target":["https:\/\/informelitoral.com.ar\/macri-cerro-su-campana-ante-una-multitud-en-cordoba-el-domingo-nos-jugamos-el-presente-y-el-futuro\/#respond"]}]},{"@type":"WebPage","@id":"https:\/\/informelitoral.com.ar\/macri-cerro-su-campana-ante-una-multitud-en-cordoba-el-domingo-nos-jugamos-el-presente-y-el-futuro\/","url":"https:\/\/informelitoral.com.ar\/macri-cerro-su-campana-ante-una-multitud-en-cordoba-el-domingo-nos-jugamos-el-presente-y-el-futuro\/","name":"Macri cerr\u00f3 su campa\u00f1a ante una multitud en C\u00f3rdoba: \u201cEl domingo nos jugamos el presente y el futuro\u201d - Informe Litoral","isPartOf":{"@id":"https:\/\/informelitoral.com.ar\/#website"},"primaryImageOfPage":{"@id":"https:\/\/informelitoral.com.ar\/macri-cerro-su-campana-ante-una-multitud-en-cordoba-el-domingo-nos-jugamos-el-presente-y-el-futuro\/#primaryimage"},"image":{"@id":"https:\/\/informelitoral.com.ar\/macri-cerro-su-campana-ante-una-multitud-en-cordoba-el-domingo-nos-jugamos-el-presente-y-el-futuro\/#primaryimage"},"thumbnailUrl":"https:\/\/informelitoral.com.ar\/%77%70%2d%63%6f%6e%74%65%6e%74\/uploads\/2019\/10\/macri-cordoba.jpg","datePublished":"2019-10-25T01:01:26+00:00","dateModified":"2019-10-25T02:36:58+00:00","breadcrumb":{"@id":"https:\/\/informelitoral.com.ar\/macri-cerro-su-campana-ante-una-multitud-en-cordoba-el-domingo-nos-jugamos-el-presente-y-el-futuro\/#breadcrumb"},"inLanguage":"es","potentialAction":[{"@type":"ReadAction","target":["https:\/\/informelitoral.com.ar\/macri-cerro-su-campana-ante-una-multitud-en-cordoba-el-domingo-nos-jugamos-el-presente-y-el-futuro\/"]}]},{"@type":"ImageObject","inLanguage":"es","@id":"https:\/\/informelitoral.com.ar\/macri-cerro-su-campana-ante-una-multitud-en-cordoba-el-domingo-nos-jugamos-el-presente-y-el-futuro\/#primaryimage","url":"https:\/\/informelitoral.com.ar\/%77%70%2d%63%6f%6e%74%65%6e%74\/uploads\/2019\/10\/macri-cordoba.jpg","contentUrl":"https:\/\/informelitoral.com.ar\/%77%70%2d%63%6f%6e%74%65%6e%74\/uploads\/2019\/10\/macri-cordoba.jpg","width":960,"height":664},{"@type":"BreadcrumbList","@id":"https:\/\/informelitoral.com.ar\/macri-cerro-su-campana-ante-una-multitud-en-cordoba-el-domingo-nos-jugamos-el-presente-y-el-futuro\/#breadcrumb","itemListElement":[{"@type":"ListItem","position":1,"name":"Portada","item":"https:\/\/informelitoral.com.ar\/"},{"@type":"ListItem","position":2,"name":"Macri cerr\u00f3 su campa\u00f1a ante una multitud en C\u00f3rdoba: \u201cEl domingo nos jugamos el presente y el futuro\u201d"}]},{"@type":"WebSite","@id":"https:\/\/informelitoral.com.ar\/#website","url":"https:\/\/informelitoral.com.ar\/","name":"Informe Litoral","description":"&quot;Nos informamos&quot; ","publisher":{"@id":"https:\/\/informelitoral.com.ar\/#organization"},"potentialAction":[{"@type":"SearchAction","target":{"@type":"EntryPoint","urlTemplate":"https:\/\/informelitoral.com.ar\/?s={search_term_string}"},"query-input":{"@type":"PropertyValueSpecification","valueRequired":true,"valueName":"search_term_string"}}],"inLanguage":"es"},{"@type":"Organization","@id":"https:\/\/informelitoral.com.ar\/#organization","name":"Informe Litoral","url":"https:\/\/informelitoral.com.ar\/","logo":{"@type":"ImageObject","inLanguage":"es","@id":"https:\/\/informelitoral.com.ar\/#\/schema\/logo\/image\/","url":"https:\/\/informelitoral.com.ar\/%77%70%2d%63%6f%6e%74%65%6e%74\/uploads\/2021\/01\/circulo.png","contentUrl":"https:\/\/informelitoral.com.ar\/%77%70%2d%63%6f%6e%74%65%6e%74\/uploads\/2021\/01\/circulo.png","width":723,"height":731,"caption":"Informe Litoral"},"image":{"@id":"https:\/\/informelitoral.com.ar\/#\/schema\/logo\/image\/"},"sameAs":["https:\/\/www.facebook.com\/informelitoral\/","https:\/\/x.com\/InformeLitoral","https:\/\/www.instagram.com\/informelitoral\/","https:\/\/www.youtube.com\/channel\/UCua4Qvz8Icb6MYqhoq9xLXw"]},{"@type":"Person","@id":"https:\/\/informelitoral.com.ar\/#\/schema\/person\/b9d00407c836482871ef1d57bf8e3180","name":"Gonzalo Schmidt","image":{"@type":"ImageObject","inLanguage":"es","@id":"https:\/\/secure.gravatar.com\/avatar\/31a1a7b66ff2de83bd0e9fd79d026630d2d99e55e8bfe501287647b4fd9743de?s=96&d=mm&r=g","url":"https:\/\/secure.gravatar.com\/avatar\/31a1a7b66ff2de83bd0e9fd79d026630d2d99e55e8bfe501287647b4fd9743de?s=96&d=mm&r=g","contentUrl":"https:\/\/secure.gravatar.com\/avatar\/31a1a7b66ff2de83bd0e9fd79d026630d2d99e55e8bfe501287647b4fd9743de?s=96&d=mm&r=g","caption":"Gonzalo Schmidt"},"description":"Sitio web de noticias de la provincia de Entre R\u00edos, Argentina. Informaci\u00f3n y entretenimiento. Informe Litoral, nos informamos.","sameAs":["http:\/\/www.isletasnoticias.com.ar"],"url":"https:\/\/informelitoral.com.ar\/author\/gonzalo\/"}]}},"_links":{"self":[{"href":"https:\/\/informelitoral.com.ar\/%77%70%2d%6a%73%6f%6e\/wp\/v2\/posts\/37377","targetHints":{"allow":["GET"]}}],"collection":[{"href":"https:\/\/informelitoral.com.ar\/%77%70%2d%6a%73%6f%6e\/wp\/v2\/posts"}],"about":[{"href":"https:\/\/informelitoral.com.ar\/%77%70%2d%6a%73%6f%6e\/wp\/v2\/types\/post"}],"author":[{"embeddable":true,"href":"https:\/\/informelitoral.com.ar\/%77%70%2d%6a%73%6f%6e\/wp\/v2\/users\/2"}],"replies":[{"embeddable":true,"href":"https:\/\/informelitoral.com.ar\/%77%70%2d%6a%73%6f%6e\/wp\/v2\/comments?post=37377"}],"version-history":[{"count":0,"href":"https:\/\/informelitoral.com.ar\/%77%70%2d%6a%73%6f%6e\/wp\/v2\/posts\/37377\/revisions"}],"wp:featuredmedia":[{"embeddable":true,"href":"https:\/\/informelitoral.com.ar\/%77%70%2d%6a%73%6f%6e\/wp\/v2\/media\/37378"}],"wp:attachment":[{"href":"https:\/\/informelitoral.com.ar\/%77%70%2d%6a%73%6f%6e\/wp\/v2\/media?parent=37377"}],"wp:term":[{"taxonomy":"category","embeddable":true,"href":"https:\/\/informelitoral.com.ar\/%77%70%2d%6a%73%6f%6e\/wp\/v2\/categories?post=37377"},{"taxonomy":"post_tag","embeddable":true,"href":"https:\/\/informelitoral.com.ar\/%77%70%2d%6a%73%6f%6e\/wp\/v2\/tags?post=37377"}],"curies":[{"name":"wp","href":"https:\/\/api.w.org\/{rel}","templated":true}]}}