{"id":37303,"date":"2019-10-22T08:44:44","date_gmt":"2019-10-22T11:44:44","guid":{"rendered":"https:\/\/www.isletasnoticias.com.ar\/?p=37303"},"modified":"2019-10-22T08:44:44","modified_gmt":"2019-10-22T11:44:44","slug":"nacion-transfirio-100-hectareas-a-entre-rios-en-la-zona-portuaria-de-ibicuy","status":"publish","type":"post","link":"https:\/\/informelitoral.com.ar\/nacion-transfirio-100-hectareas-a-entre-rios-en-la-zona-portuaria-de-ibicuy\/","title":{"rendered":"Naci\u00f3n transfiri\u00f3 100 hect\u00e1reas a Entre R\u00edos en la zona portuaria de Ibicuy"},"content":{"rendered":"<p>El fiscal de Estado,\u00a0<strong>Julio Rodr\u00edguez Signes<\/strong>, explic\u00f3 que\u00a0<strong>este hecho es \u201cfundamental para el desarrollo del puerto de Ibicuy\u201d.<\/strong><\/p>\n<p>Al respecto, el funcionario indic\u00f3 que la resoluci\u00f3n de la Administradora de los Bienes del Estado es \u00abfundamental\u00bb, e implica la \u00ab<strong>transferencia a favor de la provincia de Entre R\u00edos por parte del gobierno nacional de 100 hect\u00e1reas en la zona portuaria de Ibicuy<\/strong>\u00ab.<\/p>\n<p>En ese sentido, detall\u00f3 que la transferencia se logr\u00f3 en un trabajo conjunto entre Fiscal\u00eda de Estado y la Escriban\u00eda Mayor de Gobierno, con la colaboraci\u00f3n del diputado provincial Esteban Vittor.<\/p>\n<p>Asimismo, detall\u00f3 que la provincia actualmente tiene 7,9 hect\u00e1reas en el puerto de Ibicuy escrituradas a favor, y que \u201cesta resoluci\u00f3n significa que ahora podemos escriturar 100 hect\u00e1reas m\u00e1s. En esa l\u00ednea, puntualiz\u00f3 que esa resoluci\u00f3n\u00a0<strong>implica \u201cdos cargos; el primero, que hay que hacer obras de infraestructura de acuerdo a un plan que enviamos a la ABE; y en segundo lugar, no podemos transferir a terceros o a privados esa superficie. S\u00ed la podemos dar en concesi\u00f3n, en permiso de uso para el desarrollo portuario<\/strong>\u201d.<\/p>\n<p>\u201c<strong>Este es un paso fundamental para el desarrollo del puerto de Ibicuy\u00a0<\/strong>porque sin la escrituraci\u00f3n de estas 100 hect\u00e1reas est\u00e1bamos restringidos respecto al \u00e1rea a usarse, ahora podemos decir que tenemos la certeza jur\u00eddica de que la provincia escritura las 100 hect\u00e1reas y por lo tanto puede desarrollar con mucha firmeza legal los proyectos que tiene para Ibicuy\u201d, continu\u00f3.<\/p>\n<p><span style=\"text-align: center;\">Adem\u00e1s mencion\u00f3 que a ese desarrollo \u201cse suma la construcci\u00f3n de la ruta (en el acceso a Ibicuy) que se hizo en 2011, la reconstrucci\u00f3n del muelle continental recientemente habilitado, la futura reparaci\u00f3n y puesta en valor del muelle isla; estamos frente los pasos concretos de desarrollo de la zona portuaria de Ibicuy\u201d.<\/span><\/p>\n<h3><strong>Desarrollo portuario<\/strong><\/h3>\n<figure class=\"wp-block-image\"><img decoding=\"async\" class=\"wp-image-17007 jetpack-lazy-image jetpack-lazy-image--handled aligncenter\" src=\"https:\/\/i1.wp.com\/www.entremediosweb.com\/v2\/%77%70%2d%63%6f%6e%74%65%6e%74\/uploads\/2019\/10\/1571662747jpeg.jpeg?resize=1024%2C768&amp;ssl=1\" sizes=\"(max-width: 1024px) 100vw, 1024px\" srcset=\"https:\/\/i1.wp.com\/www.entremediosweb.com\/v2\/%77%70%2d%63%6f%6e%74%65%6e%74\/uploads\/2019\/10\/1571662747jpeg.jpeg?resize=1024%2C768&amp;ssl=1 1024w, https:\/\/i1.wp.com\/www.entremediosweb.com\/v2\/%77%70%2d%63%6f%6e%74%65%6e%74\/uploads\/2019\/10\/1571662747jpeg.jpeg?resize=300%2C225&amp;ssl=1 300w, https:\/\/i1.wp.com\/www.entremediosweb.com\/v2\/%77%70%2d%63%6f%6e%74%65%6e%74\/uploads\/2019\/10\/1571662747jpeg.jpeg?resize=768%2C576&amp;ssl=1 768w\" alt=\"\" data-attachment-id=\"17007\" data-permalink=\"https:\/\/www.entremediosweb.com\/v2\/zona-portuaria-de-ibicuy\/1571662747jpeg\/\" data-orig-file=\"https:\/\/i1.wp.com\/www.entremediosweb.com\/v2\/%77%70%2d%63%6f%6e%74%65%6e%74\/uploads\/2019\/10\/1571662747jpeg.jpeg?fit=1920%2C1440&amp;ssl=1\" data-orig-size=\"1920,1440\" data-comments-opened=\"0\" data-image-meta=\"{&quot;aperture&quot;:&quot;0&quot;,&quot;credit&quot;:&quot;&quot;,&quot;camera&quot;:&quot;&quot;,&quot;caption&quot;:&quot;&quot;,&quot;created_timestamp&quot;:&quot;0&quot;,&quot;copyright&quot;:&quot;&quot;,&quot;focal_length&quot;:&quot;0&quot;,&quot;iso&quot;:&quot;0&quot;,&quot;shutter_speed&quot;:&quot;0&quot;,&quot;title&quot;:&quot;&quot;,&quot;orientation&quot;:&quot;1&quot;}\" data-image-title=\"1571662747jpeg\" data-image-description=\"\" data-medium-file=\"https:\/\/i1.wp.com\/www.entremediosweb.com\/v2\/%77%70%2d%63%6f%6e%74%65%6e%74\/uploads\/2019\/10\/1571662747jpeg.jpeg?fit=300%2C225&amp;ssl=1\" data-large-file=\"https:\/\/i1.wp.com\/www.entremediosweb.com\/v2\/%77%70%2d%63%6f%6e%74%65%6e%74\/uploads\/2019\/10\/1571662747jpeg.jpeg?fit=1024%2C768&amp;ssl=1\" data-recalc-dims=\"1\" data-lazy-loaded=\"1\" \/><\/figure>\n<p>En 2018 el puerto Ibicuy qued\u00f3 habilitado para operar con buques de ultramar y su profundidad se equipar\u00f3 con el canal troncal de la hidrov\u00eda del Paran\u00e1. En tanto, sobre el r\u00edo Uruguay, el puerto que tiene Argentina es Concepci\u00f3n del Uruguay, con capacidad operativa para exportar tanto a granel como con contenedores que permiten garantizar la cadena de fr\u00edo.<\/p>\n<p>Esta complementariedad entre los puertos entrerrianos forma parte de un plan estrat\u00e9gico impulsado por el gobernador Bordet, donde se tuvo en cuenta la demanda comercial y las necesidades de las cadenas productivas de la regi\u00f3n.<\/p>\n<p>De este modo, el sistema portuario de Entre R\u00edos potenci\u00f3 la exportaci\u00f3n de producci\u00f3n forestal, agr\u00edcola, av\u00edcola y citr\u00edcola. Esta din\u00e1mica que se est\u00e1 implementando en la provincia posibilita que el transporte fluvial sea una herramienta v\u00e1lida para aumentar la cantidad de carga con una mejor ecuaci\u00f3n en relaci\u00f3n a los costos.<\/p>\n<p>El puerto del sur entrerriano, ubicado a orillas del r\u00edo Paran\u00e1 Ibicuy, es uno de los m\u00e1s importantes del litoral argentino, por su ubicaci\u00f3n geogr\u00e1fica y sus condiciones naturales de profundidad, alcanzando luego de los dragados realizados alrededor de 34 pies. Adem\u00e1s, se suma que la terminal tiene 10,80 metros de pie de muelle, lo que le da una caracter\u00edstica casi \u00fanica en el pa\u00eds.<\/p>\n<p>All\u00ed tambi\u00e9n se reconstruy\u00f3 a nuevo el muelle de 160 metros de largo, apto para que amarren buques de ultramar Panamax, barcos que tienen una capacidad de carga de m\u00e1s de 40.000 toneladas.<\/p>\n<p>La operatividad del puerto de Ibicuy genera en promedio el trabajo de 360 estibadores diarios y un importante movimiento para trasladar la carga de productos como arroz o madera, que se carga a un buque ultramarino con destinos como Irak o China, hacia donde han partido varias naves.<\/p>\n<p>Son seis los que partieron completos desde el puerto de Ibicuy; se exportaron 14.000 toneladas de arroz en bolsa con destino a Irak; cuatro buques con un total de 159.728 toneladas de madera de pino para China; y 36.000 toneladas de madera de pino, eucalipto y \u00e1lamo tambi\u00e9n para el mercado chino.<\/p>\n","protected":false},"excerpt":{"rendered":"<p>La provincia recibi\u00f3 la transferencia de 100 hect\u00e1reas en la zona del puerto de Ibicuy, con lo cual podr\u00e1 escriturar y comenzar desarrollar un proyecto de infraestructura portuaria vinculado a la concreci\u00f3n de una terminal multiprop\u00f3sito.<\/p>\n","protected":false},"author":2,"featured_media":37304,"comment_status":"open","ping_status":"open","sticky":false,"template":"","format":"standard","meta":{"fifu_image_url":"","fifu_image_alt":"","footnotes":""},"categories":[6],"tags":[171,81,83,233,952,121],"class_list":{"0":"post-37303","1":"post","2":"type-post","3":"status-publish","4":"format-standard","5":"has-post-thumbnail","7":"category-entre-rios","8":"tag-concepcion-del-uruguay","9":"tag-entre-rios","10":"tag-exportaciones","11":"tag-gobierno-nacional","12":"tag-puerto-ibicuy","13":"tag-puertos"},"yoast_head":"<title>Naci\u00f3n transfiri\u00f3 100 hect\u00e1reas a Entre R\u00edos en la zona portuaria de Ibicuy - Informe Litoral<\/title>\n<meta name=\"robots\" content=\"index, follow, max-snippet:-1, max-image-preview:large, max-video-preview:-1\" \/>\n<link rel=\"canonical\" href=\"https:\/\/informelitoral.com.ar\/nacion-transfirio-100-hectareas-a-entre-rios-en-la-zona-portuaria-de-ibicuy\/\" \/>\n<meta property=\"og:locale\" content=\"es_ES\" \/>\n<meta property=\"og:type\" content=\"article\" \/>\n<meta property=\"og:title\" content=\"Naci\u00f3n transfiri\u00f3 100 hect\u00e1reas a Entre R\u00edos en la zona portuaria de Ibicuy - Informe Litoral\" \/>\n<meta property=\"og:description\" content=\"La provincia recibi\u00f3 la transferencia de 100 hect\u00e1reas en la zona del puerto de Ibicuy, con lo cual podr\u00e1 escriturar y comenzar desarrollar un proyecto de infraestructura portuaria vinculado a la concreci\u00f3n de una terminal multiprop\u00f3sito.\" \/>\n<meta property=\"og:url\" content=\"https:\/\/informelitoral.com.ar\/nacion-transfirio-100-hectareas-a-entre-rios-en-la-zona-portuaria-de-ibicuy\/\" \/>\n<meta property=\"og:site_name\" content=\"Informe Litoral\" \/>\n<meta property=\"article:publisher\" content=\"https:\/\/www.facebook.com\/informelitoral\/\" \/>\n<meta property=\"article:published_time\" content=\"2019-10-22T11:44:44+00:00\" \/>\n<meta property=\"og:image\" content=\"https:\/\/informelitoral.com.ar\/%77%70%2d%63%6f%6e%74%65%6e%74\/uploads\/2019\/10\/1571663156jpg.jpg\" \/>\n\t<meta property=\"og:image:width\" content=\"1920\" \/>\n\t<meta property=\"og:image:height\" content=\"1280\" \/>\n\t<meta property=\"og:image:type\" content=\"image\/jpeg\" \/>\n<meta name=\"author\" content=\"Gonzalo Schmidt\" \/>\n<meta name=\"twitter:card\" content=\"summary_large_image\" \/>\n<meta name=\"twitter:creator\" content=\"@InformeLitoral\" \/>\n<meta name=\"twitter:site\" content=\"@InformeLitoral\" \/>\n<meta name=\"twitter:label1\" content=\"Escrito por\" \/>\n\t<meta name=\"twitter:data1\" content=\"Gonzalo Schmidt\" \/>\n\t<meta name=\"twitter:label2\" content=\"Tiempo de lectura\" \/>\n\t<meta name=\"twitter:data2\" content=\"3 minutos\" \/>\n<script type=\"application\/ld+json\" class=\"yoast-schema-graph\">{\"@context\":\"https:\\\/\\\/schema.org\",\"@graph\":[{\"@type\":\"Article\",\"@id\":\"https:\\\/\\\/informelitoral.com.ar\\\/nacion-transfirio-100-hectareas-a-entre-rios-en-la-zona-portuaria-de-ibicuy\\\/#article\",\"isPartOf\":{\"@id\":\"https:\\\/\\\/informelitoral.com.ar\\\/nacion-transfirio-100-hectareas-a-entre-rios-en-la-zona-portuaria-de-ibicuy\\\/\"},\"author\":{\"name\":\"Gonzalo Schmidt\",\"@id\":\"https:\\\/\\\/informelitoral.com.ar\\\/#\\\/schema\\\/person\\\/b9d00407c836482871ef1d57bf8e3180\"},\"headline\":\"Naci\u00f3n transfiri\u00f3 100 hect\u00e1reas a Entre R\u00edos en la zona portuaria de Ibicuy\",\"datePublished\":\"2019-10-22T11:44:44+00:00\",\"mainEntityOfPage\":{\"@id\":\"https:\\\/\\\/informelitoral.com.ar\\\/nacion-transfirio-100-hectareas-a-entre-rios-en-la-zona-portuaria-de-ibicuy\\\/\"},\"wordCount\":690,\"commentCount\":0,\"publisher\":{\"@id\":\"https:\\\/\\\/informelitoral.com.ar\\\/#organization\"},\"image\":{\"@id\":\"https:\\\/\\\/informelitoral.com.ar\\\/nacion-transfirio-100-hectareas-a-entre-rios-en-la-zona-portuaria-de-ibicuy\\\/#primaryimage\"},\"thumbnailUrl\":\"https:\\\/\\\/informelitoral.com.ar\\\/%77%70%2d%63%6f%6e%74%65%6e%74\\\/uploads\\\/2019\\\/10\\\/1571663156jpg.jpg\",\"keywords\":[\"Concepci\u00f3n del Uruguay\",\"Entre R\u00edos\",\"Exportaciones\",\"Gobierno nacional\",\"Puerto Ibicuy\",\"Puertos\"],\"articleSection\":[\"Entre R\u00edos\"],\"inLanguage\":\"es\",\"potentialAction\":[{\"@type\":\"CommentAction\",\"name\":\"Comment\",\"target\":[\"https:\\\/\\\/informelitoral.com.ar\\\/nacion-transfirio-100-hectareas-a-entre-rios-en-la-zona-portuaria-de-ibicuy\\\/#respond\"]}]},{\"@type\":\"WebPage\",\"@id\":\"https:\\\/\\\/informelitoral.com.ar\\\/nacion-transfirio-100-hectareas-a-entre-rios-en-la-zona-portuaria-de-ibicuy\\\/\",\"url\":\"https:\\\/\\\/informelitoral.com.ar\\\/nacion-transfirio-100-hectareas-a-entre-rios-en-la-zona-portuaria-de-ibicuy\\\/\",\"name\":\"Naci\u00f3n transfiri\u00f3 100 hect\u00e1reas a Entre R\u00edos en la zona portuaria de Ibicuy - Informe Litoral\",\"isPartOf\":{\"@id\":\"https:\\\/\\\/informelitoral.com.ar\\\/#website\"},\"primaryImageOfPage\":{\"@id\":\"https:\\\/\\\/informelitoral.com.ar\\\/nacion-transfirio-100-hectareas-a-entre-rios-en-la-zona-portuaria-de-ibicuy\\\/#primaryimage\"},\"image\":{\"@id\":\"https:\\\/\\\/informelitoral.com.ar\\\/nacion-transfirio-100-hectareas-a-entre-rios-en-la-zona-portuaria-de-ibicuy\\\/#primaryimage\"},\"thumbnailUrl\":\"https:\\\/\\\/informelitoral.com.ar\\\/%77%70%2d%63%6f%6e%74%65%6e%74\\\/uploads\\\/2019\\\/10\\\/1571663156jpg.jpg\",\"datePublished\":\"2019-10-22T11:44:44+00:00\",\"breadcrumb\":{\"@id\":\"https:\\\/\\\/informelitoral.com.ar\\\/nacion-transfirio-100-hectareas-a-entre-rios-en-la-zona-portuaria-de-ibicuy\\\/#breadcrumb\"},\"inLanguage\":\"es\",\"potentialAction\":[{\"@type\":\"ReadAction\",\"target\":[\"https:\\\/\\\/informelitoral.com.ar\\\/nacion-transfirio-100-hectareas-a-entre-rios-en-la-zona-portuaria-de-ibicuy\\\/\"]}]},{\"@type\":\"ImageObject\",\"inLanguage\":\"es\",\"@id\":\"https:\\\/\\\/informelitoral.com.ar\\\/nacion-transfirio-100-hectareas-a-entre-rios-en-la-zona-portuaria-de-ibicuy\\\/#primaryimage\",\"url\":\"https:\\\/\\\/informelitoral.com.ar\\\/%77%70%2d%63%6f%6e%74%65%6e%74\\\/uploads\\\/2019\\\/10\\\/1571663156jpg.jpg\",\"contentUrl\":\"https:\\\/\\\/informelitoral.com.ar\\\/%77%70%2d%63%6f%6e%74%65%6e%74\\\/uploads\\\/2019\\\/10\\\/1571663156jpg.jpg\",\"width\":1920,\"height\":1280},{\"@type\":\"BreadcrumbList\",\"@id\":\"https:\\\/\\\/informelitoral.com.ar\\\/nacion-transfirio-100-hectareas-a-entre-rios-en-la-zona-portuaria-de-ibicuy\\\/#breadcrumb\",\"itemListElement\":[{\"@type\":\"ListItem\",\"position\":1,\"name\":\"Portada\",\"item\":\"https:\\\/\\\/informelitoral.com.ar\\\/\"},{\"@type\":\"ListItem\",\"position\":2,\"name\":\"Naci\u00f3n transfiri\u00f3 100 hect\u00e1reas a Entre R\u00edos en la zona portuaria de Ibicuy\"}]},{\"@type\":\"WebSite\",\"@id\":\"https:\\\/\\\/informelitoral.com.ar\\\/#website\",\"url\":\"https:\\\/\\\/informelitoral.com.ar\\\/\",\"name\":\"Informe Litoral\",\"description\":\"&quot;Nos informamos&quot; \",\"publisher\":{\"@id\":\"https:\\\/\\\/informelitoral.com.ar\\\/#organization\"},\"potentialAction\":[{\"@type\":\"SearchAction\",\"target\":{\"@type\":\"EntryPoint\",\"urlTemplate\":\"https:\\\/\\\/informelitoral.com.ar\\\/?s={search_term_string}\"},\"query-input\":{\"@type\":\"PropertyValueSpecification\",\"valueRequired\":true,\"valueName\":\"search_term_string\"}}],\"inLanguage\":\"es\"},{\"@type\":\"Organization\",\"@id\":\"https:\\\/\\\/informelitoral.com.ar\\\/#organization\",\"name\":\"Informe Litoral\",\"url\":\"https:\\\/\\\/informelitoral.com.ar\\\/\",\"logo\":{\"@type\":\"ImageObject\",\"inLanguage\":\"es\",\"@id\":\"https:\\\/\\\/informelitoral.com.ar\\\/#\\\/schema\\\/logo\\\/image\\\/\",\"url\":\"https:\\\/\\\/informelitoral.com.ar\\\/%77%70%2d%63%6f%6e%74%65%6e%74\\\/uploads\\\/2021\\\/01\\\/circulo.png\",\"contentUrl\":\"https:\\\/\\\/informelitoral.com.ar\\\/%77%70%2d%63%6f%6e%74%65%6e%74\\\/uploads\\\/2021\\\/01\\\/circulo.png\",\"width\":723,\"height\":731,\"caption\":\"Informe Litoral\"},\"image\":{\"@id\":\"https:\\\/\\\/informelitoral.com.ar\\\/#\\\/schema\\\/logo\\\/image\\\/\"},\"sameAs\":[\"https:\\\/\\\/www.facebook.com\\\/informelitoral\\\/\",\"https:\\\/\\\/x.com\\\/InformeLitoral\",\"https:\\\/\\\/www.instagram.com\\\/informelitoral\\\/\",\"https:\\\/\\\/www.youtube.com\\\/channel\\\/UCua4Qvz8Icb6MYqhoq9xLXw\"]},{\"@type\":\"Person\",\"@id\":\"https:\\\/\\\/informelitoral.com.ar\\\/#\\\/schema\\\/person\\\/b9d00407c836482871ef1d57bf8e3180\",\"name\":\"Gonzalo Schmidt\",\"image\":{\"@type\":\"ImageObject\",\"inLanguage\":\"es\",\"@id\":\"https:\\\/\\\/secure.gravatar.com\\\/avatar\\\/31a1a7b66ff2de83bd0e9fd79d026630d2d99e55e8bfe501287647b4fd9743de?s=96&d=mm&r=g\",\"url\":\"https:\\\/\\\/secure.gravatar.com\\\/avatar\\\/31a1a7b66ff2de83bd0e9fd79d026630d2d99e55e8bfe501287647b4fd9743de?s=96&d=mm&r=g\",\"contentUrl\":\"https:\\\/\\\/secure.gravatar.com\\\/avatar\\\/31a1a7b66ff2de83bd0e9fd79d026630d2d99e55e8bfe501287647b4fd9743de?s=96&d=mm&r=g\",\"caption\":\"Gonzalo Schmidt\"},\"description\":\"Sitio web de noticias de la provincia de Entre R\u00edos, Argentina. Informaci\u00f3n y entretenimiento. Informe Litoral, nos informamos.\",\"sameAs\":[\"http:\\\/\\\/www.isletasnoticias.com.ar\"],\"url\":\"https:\\\/\\\/informelitoral.com.ar\\\/author\\\/gonzalo\\\/\"}]}<\/script>","yoast_head_json":{"title":"Naci\u00f3n transfiri\u00f3 100 hect\u00e1reas a Entre R\u00edos en la zona portuaria de Ibicuy - Informe Litoral","robots":{"index":"index","follow":"follow","max-snippet":"max-snippet:-1","max-image-preview":"max-image-preview:large","max-video-preview":"max-video-preview:-1"},"canonical":"https:\/\/informelitoral.com.ar\/nacion-transfirio-100-hectareas-a-entre-rios-en-la-zona-portuaria-de-ibicuy\/","og_locale":"es_ES","og_type":"article","og_title":"Naci\u00f3n transfiri\u00f3 100 hect\u00e1reas a Entre R\u00edos en la zona portuaria de Ibicuy - Informe Litoral","og_description":"La provincia recibi\u00f3 la transferencia de 100 hect\u00e1reas en la zona del puerto de Ibicuy, con lo cual podr\u00e1 escriturar y comenzar desarrollar un proyecto de infraestructura portuaria vinculado a la concreci\u00f3n de una terminal multiprop\u00f3sito.","og_url":"https:\/\/informelitoral.com.ar\/nacion-transfirio-100-hectareas-a-entre-rios-en-la-zona-portuaria-de-ibicuy\/","og_site_name":"Informe Litoral","article_publisher":"https:\/\/www.facebook.com\/informelitoral\/","article_published_time":"2019-10-22T11:44:44+00:00","og_image":[{"width":1920,"height":1280,"url":"https:\/\/informelitoral.com.ar\/%77%70%2d%63%6f%6e%74%65%6e%74\/uploads\/2019\/10\/1571663156jpg.jpg","type":"image\/jpeg"}],"author":"Gonzalo Schmidt","twitter_card":"summary_large_image","twitter_creator":"@InformeLitoral","twitter_site":"@InformeLitoral","twitter_misc":{"Escrito por":"Gonzalo Schmidt","Tiempo de lectura":"3 minutos"},"schema":{"@context":"https:\/\/schema.org","@graph":[{"@type":"Article","@id":"https:\/\/informelitoral.com.ar\/nacion-transfirio-100-hectareas-a-entre-rios-en-la-zona-portuaria-de-ibicuy\/#article","isPartOf":{"@id":"https:\/\/informelitoral.com.ar\/nacion-transfirio-100-hectareas-a-entre-rios-en-la-zona-portuaria-de-ibicuy\/"},"author":{"name":"Gonzalo Schmidt","@id":"https:\/\/informelitoral.com.ar\/#\/schema\/person\/b9d00407c836482871ef1d57bf8e3180"},"headline":"Naci\u00f3n transfiri\u00f3 100 hect\u00e1reas a Entre R\u00edos en la zona portuaria de Ibicuy","datePublished":"2019-10-22T11:44:44+00:00","mainEntityOfPage":{"@id":"https:\/\/informelitoral.com.ar\/nacion-transfirio-100-hectareas-a-entre-rios-en-la-zona-portuaria-de-ibicuy\/"},"wordCount":690,"commentCount":0,"publisher":{"@id":"https:\/\/informelitoral.com.ar\/#organization"},"image":{"@id":"https:\/\/informelitoral.com.ar\/nacion-transfirio-100-hectareas-a-entre-rios-en-la-zona-portuaria-de-ibicuy\/#primaryimage"},"thumbnailUrl":"https:\/\/informelitoral.com.ar\/%77%70%2d%63%6f%6e%74%65%6e%74\/uploads\/2019\/10\/1571663156jpg.jpg","keywords":["Concepci\u00f3n del Uruguay","Entre R\u00edos","Exportaciones","Gobierno nacional","Puerto Ibicuy","Puertos"],"articleSection":["Entre R\u00edos"],"inLanguage":"es","potentialAction":[{"@type":"CommentAction","name":"Comment","target":["https:\/\/informelitoral.com.ar\/nacion-transfirio-100-hectareas-a-entre-rios-en-la-zona-portuaria-de-ibicuy\/#respond"]}]},{"@type":"WebPage","@id":"https:\/\/informelitoral.com.ar\/nacion-transfirio-100-hectareas-a-entre-rios-en-la-zona-portuaria-de-ibicuy\/","url":"https:\/\/informelitoral.com.ar\/nacion-transfirio-100-hectareas-a-entre-rios-en-la-zona-portuaria-de-ibicuy\/","name":"Naci\u00f3n transfiri\u00f3 100 hect\u00e1reas a Entre R\u00edos en la zona portuaria de Ibicuy - Informe Litoral","isPartOf":{"@id":"https:\/\/informelitoral.com.ar\/#website"},"primaryImageOfPage":{"@id":"https:\/\/informelitoral.com.ar\/nacion-transfirio-100-hectareas-a-entre-rios-en-la-zona-portuaria-de-ibicuy\/#primaryimage"},"image":{"@id":"https:\/\/informelitoral.com.ar\/nacion-transfirio-100-hectareas-a-entre-rios-en-la-zona-portuaria-de-ibicuy\/#primaryimage"},"thumbnailUrl":"https:\/\/informelitoral.com.ar\/%77%70%2d%63%6f%6e%74%65%6e%74\/uploads\/2019\/10\/1571663156jpg.jpg","datePublished":"2019-10-22T11:44:44+00:00","breadcrumb":{"@id":"https:\/\/informelitoral.com.ar\/nacion-transfirio-100-hectareas-a-entre-rios-en-la-zona-portuaria-de-ibicuy\/#breadcrumb"},"inLanguage":"es","potentialAction":[{"@type":"ReadAction","target":["https:\/\/informelitoral.com.ar\/nacion-transfirio-100-hectareas-a-entre-rios-en-la-zona-portuaria-de-ibicuy\/"]}]},{"@type":"ImageObject","inLanguage":"es","@id":"https:\/\/informelitoral.com.ar\/nacion-transfirio-100-hectareas-a-entre-rios-en-la-zona-portuaria-de-ibicuy\/#primaryimage","url":"https:\/\/informelitoral.com.ar\/%77%70%2d%63%6f%6e%74%65%6e%74\/uploads\/2019\/10\/1571663156jpg.jpg","contentUrl":"https:\/\/informelitoral.com.ar\/%77%70%2d%63%6f%6e%74%65%6e%74\/uploads\/2019\/10\/1571663156jpg.jpg","width":1920,"height":1280},{"@type":"BreadcrumbList","@id":"https:\/\/informelitoral.com.ar\/nacion-transfirio-100-hectareas-a-entre-rios-en-la-zona-portuaria-de-ibicuy\/#breadcrumb","itemListElement":[{"@type":"ListItem","position":1,"name":"Portada","item":"https:\/\/informelitoral.com.ar\/"},{"@type":"ListItem","position":2,"name":"Naci\u00f3n transfiri\u00f3 100 hect\u00e1reas a Entre R\u00edos en la zona portuaria de Ibicuy"}]},{"@type":"WebSite","@id":"https:\/\/informelitoral.com.ar\/#website","url":"https:\/\/informelitoral.com.ar\/","name":"Informe Litoral","description":"&quot;Nos informamos&quot; ","publisher":{"@id":"https:\/\/informelitoral.com.ar\/#organization"},"potentialAction":[{"@type":"SearchAction","target":{"@type":"EntryPoint","urlTemplate":"https:\/\/informelitoral.com.ar\/?s={search_term_string}"},"query-input":{"@type":"PropertyValueSpecification","valueRequired":true,"valueName":"search_term_string"}}],"inLanguage":"es"},{"@type":"Organization","@id":"https:\/\/informelitoral.com.ar\/#organization","name":"Informe Litoral","url":"https:\/\/informelitoral.com.ar\/","logo":{"@type":"ImageObject","inLanguage":"es","@id":"https:\/\/informelitoral.com.ar\/#\/schema\/logo\/image\/","url":"https:\/\/informelitoral.com.ar\/%77%70%2d%63%6f%6e%74%65%6e%74\/uploads\/2021\/01\/circulo.png","contentUrl":"https:\/\/informelitoral.com.ar\/%77%70%2d%63%6f%6e%74%65%6e%74\/uploads\/2021\/01\/circulo.png","width":723,"height":731,"caption":"Informe Litoral"},"image":{"@id":"https:\/\/informelitoral.com.ar\/#\/schema\/logo\/image\/"},"sameAs":["https:\/\/www.facebook.com\/informelitoral\/","https:\/\/x.com\/InformeLitoral","https:\/\/www.instagram.com\/informelitoral\/","https:\/\/www.youtube.com\/channel\/UCua4Qvz8Icb6MYqhoq9xLXw"]},{"@type":"Person","@id":"https:\/\/informelitoral.com.ar\/#\/schema\/person\/b9d00407c836482871ef1d57bf8e3180","name":"Gonzalo Schmidt","image":{"@type":"ImageObject","inLanguage":"es","@id":"https:\/\/secure.gravatar.com\/avatar\/31a1a7b66ff2de83bd0e9fd79d026630d2d99e55e8bfe501287647b4fd9743de?s=96&d=mm&r=g","url":"https:\/\/secure.gravatar.com\/avatar\/31a1a7b66ff2de83bd0e9fd79d026630d2d99e55e8bfe501287647b4fd9743de?s=96&d=mm&r=g","contentUrl":"https:\/\/secure.gravatar.com\/avatar\/31a1a7b66ff2de83bd0e9fd79d026630d2d99e55e8bfe501287647b4fd9743de?s=96&d=mm&r=g","caption":"Gonzalo Schmidt"},"description":"Sitio web de noticias de la provincia de Entre R\u00edos, Argentina. Informaci\u00f3n y entretenimiento. Informe Litoral, nos informamos.","sameAs":["http:\/\/www.isletasnoticias.com.ar"],"url":"https:\/\/informelitoral.com.ar\/author\/gonzalo\/"}]}},"_links":{"self":[{"href":"https:\/\/informelitoral.com.ar\/%77%70%2d%6a%73%6f%6e\/wp\/v2\/posts\/37303","targetHints":{"allow":["GET"]}}],"collection":[{"href":"https:\/\/informelitoral.com.ar\/%77%70%2d%6a%73%6f%6e\/wp\/v2\/posts"}],"about":[{"href":"https:\/\/informelitoral.com.ar\/%77%70%2d%6a%73%6f%6e\/wp\/v2\/types\/post"}],"author":[{"embeddable":true,"href":"https:\/\/informelitoral.com.ar\/%77%70%2d%6a%73%6f%6e\/wp\/v2\/users\/2"}],"replies":[{"embeddable":true,"href":"https:\/\/informelitoral.com.ar\/%77%70%2d%6a%73%6f%6e\/wp\/v2\/comments?post=37303"}],"version-history":[{"count":0,"href":"https:\/\/informelitoral.com.ar\/%77%70%2d%6a%73%6f%6e\/wp\/v2\/posts\/37303\/revisions"}],"wp:featuredmedia":[{"embeddable":true,"href":"https:\/\/informelitoral.com.ar\/%77%70%2d%6a%73%6f%6e\/wp\/v2\/media\/37304"}],"wp:attachment":[{"href":"https:\/\/informelitoral.com.ar\/%77%70%2d%6a%73%6f%6e\/wp\/v2\/media?parent=37303"}],"wp:term":[{"taxonomy":"category","embeddable":true,"href":"https:\/\/informelitoral.com.ar\/%77%70%2d%6a%73%6f%6e\/wp\/v2\/categories?post=37303"},{"taxonomy":"post_tag","embeddable":true,"href":"https:\/\/informelitoral.com.ar\/%77%70%2d%6a%73%6f%6e\/wp\/v2\/tags?post=37303"}],"curies":[{"name":"wp","href":"https:\/\/api.w.org\/{rel}","templated":true}]}}