{"id":37234,"date":"2019-10-17T10:11:21","date_gmt":"2019-10-17T13:11:21","guid":{"rendered":"https:\/\/www.isletasnoticias.com.ar\/?p=37234"},"modified":"2019-10-17T10:11:21","modified_gmt":"2019-10-17T13:11:21","slug":"en-cuatro-anos-de-gobierno-de-cambiemos-la-inflacion-acumulara-una-suba-de-300","status":"publish","type":"post","link":"https:\/\/informelitoral.com.ar\/en-cuatro-anos-de-gobierno-de-cambiemos-la-inflacion-acumulara-una-suba-de-300\/","title":{"rendered":"En cuatro a\u00f1os de gobierno de Cambiemos la inflaci\u00f3n acumular\u00e1 una suba de 300%"},"content":{"rendered":"<div class=\"row pb-content-type-text\">\n<div class=\"col-xs-12 col-print-12\">\n<p class=\"element element-paragraph\">El avance del\u00a0<b>tipo de cambio<\/b>\u00a0y el incremento de las\u00a0<b>tarifas<\/b> este a\u00f1o fue m\u00e1s atenuado que en 2018, mientras que el <b>Banco Central\u00a0<\/b>ajust\u00f3 la cantidad de dinero en circulaci\u00f3n, en base a altas tasas.<\/p>\n<\/div>\n<\/div>\n<div class=\"row pb-content-type-text\">\n<div class=\"col-xs-12 col-print-12\">\n<p class=\"element element-paragraph\">Pero la<b>\u00a0inercia inflacionaria no se detuvo<\/b>\u00a0y el 2019 apunta a terminar con una<b>\u00a0inflaci\u00f3n m\u00e1s alta que en 2018<\/b>, cuando complet\u00f3 los doce meses en 47,6 por ciento. La econom\u00eda argentina experimenta una\u00a0<b>inflaci\u00f3n superior al 50% anual hace ocho meses<\/b>, desde febrero pasado.<\/p>\n<\/div>\n<\/div>\n<div class=\"row pb-content-type-text\">\n<div class=\"col-xs-12 col-print-12\">\n<p class=\"element element-paragraph\">Sin contar alg\u00fan evento cambiario en torno a las elecciones presidenciales, este a\u00f1o podr\u00eda finalizar con una\u00a0<b>inflaci\u00f3n minorista del orden del 55%<\/b>, unos ocho puntos por encima del a\u00f1o anterior y la\u00a0<b>m\u00e1s alta desde 1991<\/b>, cuando trep\u00f3 un 84%, en el tramo final de la hist\u00f3rica hiperinflaci\u00f3n.<\/p>\n<p class=\"element element-paragraph\">Lejos qued\u00f3 el 24,8% anual de 2017, donde influy\u00f3 un ostensible atraso cambiario afianzado por el fuerte endeudamiento en d\u00f3lares. Con estas proyecciones el gobierno de <b>Mauricio Macri<\/b>\u00a0acumular\u00eda en\u00a0<b>cuatro a\u00f1os de mandato una inflaci\u00f3n de 300%<\/b>, al considerar una inflaci\u00f3n de 40,3% en 2016, seg\u00fan el \u00cdndice Congreso.<\/p>\n<\/div>\n<\/div>\n<div class=\"row pb-content-type-text\">\n<div class=\"col-xs-12 col-print-12\">\n<p class=\"element element-paragraph\">Esto quiere decir que, en promedio, los\u00a0<b>precios al p\u00fablico se multiplicaron por cuatro<\/b>\u00a0en cuatro a\u00f1os.<\/p>\n<\/div>\n<\/div>\n<div class=\"row pb-content-type-text\">\n<div class=\"col-xs-12 col-print-12\">\n<p class=\"element element-paragraph\">Adem\u00e1s de la\u00a0<b>tensi\u00f3n pol\u00edtica<\/b>\u00a0por las elecciones, la\u00a0<b>extrema fragilidad financiera<\/b>\u00a0se traduce en\u00a0<b>presi\u00f3n sobre los precios y el tipo de cambio<\/b> para el corto plazo, en un marco de un parcial \u201ccepo\u201d al d\u00f3lar, reperfilamiento de deuda, ca\u00edda de reservas, cr\u00e9dito externo inaccesible, salida de dep\u00f3sitos y un acuerdo con el FMI en modo \u201cpausa\u201d.<\/p>\n<p class=\"element element-paragraph\">\u201cEn t\u00e9rminos anuales, la <b>inflaci\u00f3n cerrar\u00e1 entre 55% y 60%<\/b>, y el a\u00f1o que viene se proyecta en 45%. A eso se suma que hay\u00a0<b>riesgos de monetizaci\u00f3n<\/b>\u00a0hacia el final de a\u00f1o que pueden influir en una mayor din\u00e1mica de precios\u201d, advirti\u00f3\u00a0<b>Eduardo Luis Fracchia<\/b>, experto del IAE de la Universidad Austral.<\/p>\n<\/div>\n<\/div>\n<div class=\"row pb-content-type-text\">\n<div class=\"col-xs-12 col-print-12\">\n<p class=\"element element-paragraph\">\u201cPensamos que lo m\u00e1s sensato para el sector privado ser\u00eda\u00a0<b>esperar m\u00e1s inflaci\u00f3n<\/b>\u00a0que terminar\u00e1 significando tambi\u00e9n peor nivel de actividad y\u00a0<b>m\u00e1s ca\u00edda del PIB<\/b>\u00a0per c\u00e1pita en 2020\u201d, revel\u00f3 la consultora\u00a0<b>Econom\u00eda &amp; Regiones<\/b>.<\/p>\n<p class=\"element element-paragraph\"><span style=\"text-align: center;\">El <\/span><b style=\"font-style: italic; text-align: center;\">Fondo Monetario<\/b><span style=\"text-align: center;\">\u00a0Internacional (FMI) present\u00f3 en Washington sus \u00faltimos pron\u00f3sticos en su Panorama Econ\u00f3mico Global (<\/span>World Economic Outlook<span style=\"text-align: center;\">), que la inflaci\u00f3n aumentar\u00e1 otra vez respecto del a\u00f1o previo, y ser\u00e1 la\u00a0<\/span><b>tercera m\u00e1s alta del mundo<\/b><span style=\"text-align: center;\">.<\/span><\/p>\n<\/div>\n<\/div>\n<div class=\"row pb-content-type-text\">\n<div class=\"col-xs-12 col-print-12\">\n<p class=\"element element-paragraph\"><b>Solo 17 pa\u00edses\u00a0<\/b>registrar\u00e1n en 2019 un alza de precios minoristas\u00a0<b>por encima de dos d\u00edgitos<\/b>\u00a0en promedio. El FMI proyecta una inflaci\u00f3n en Argentina de<b>\u00a057,3% para todo el a\u00f1o<\/b>, superada por<b>\u00a0Venezuela<\/b>\u00a0(un estratosf\u00e9rico 200.000% anual) y\u00a0<b>Zimbabue<\/b>, con un 182,9 por ciento.<\/p>\n<\/div>\n<\/div>\n<div class=\"row pb-content-type-text\">\n<div class=\"col-xs-12 col-print-12\">\n<p class=\"element element-paragraph\">Argentina dej\u00f3 rezagado a un territorio partido en dos pa\u00edses por la secesi\u00f3n, pues le siguen\u00a0<b>Sud\u00e1n<\/b>\u00a0(56,9%) y\u00a0<b>Sud\u00e1n del Sur<\/b>\u00a0(35,9%).<\/p>\n<\/div>\n<\/div>\n<div class=\"row pb-content-type-text\">\n<div class=\"col-xs-12 col-print-12\">\n<p class=\"element element-paragraph\">El \u00faltimo Relevamiento de Expectativas de Mercado (<b>REM<\/b>) del Banco Central, que consulta a economistas del sector privado e instituciones acad\u00e9micas, arroj\u00f3 una\u00a0<b>previsi\u00f3n de inflaci\u00f3n del 54,9%<\/b> anual para diciembre de 2019. <em>(Fuente: Infobae)<\/em><\/p>\n<\/div>\n<\/div>\n","protected":false},"excerpt":{"rendered":"<p>Argentina enfrenta un cierre de a\u00f1o con m\u00e1s inflaci\u00f3n que en 2018 y por encima del 50% anual, la m\u00e1s elevada desde 1991.<\/p>\n","protected":false},"author":2,"featured_media":24321,"comment_status":"open","ping_status":"open","sticky":false,"template":"","format":"standard","meta":{"fifu_image_url":"","fifu_image_alt":"","footnotes":""},"categories":[7],"tags":[29,78,95,80,32],"class_list":{"0":"post-37234","1":"post","2":"type-post","3":"status-publish","4":"format-standard","5":"has-post-thumbnail","7":"category-nacionales","8":"tag-cambiemos","9":"tag-indec","10":"tag-inflacion","11":"tag-mauricio-macri","12":"tag-precios"},"yoast_head":"<title>En cuatro a\u00f1os de gobierno de Cambiemos la inflaci\u00f3n acumular\u00e1 una suba de 300% - Informe Litoral<\/title>\n<meta name=\"robots\" content=\"index, follow, max-snippet:-1, max-image-preview:large, max-video-preview:-1\" \/>\n<link rel=\"canonical\" href=\"https:\/\/informelitoral.com.ar\/en-cuatro-anos-de-gobierno-de-cambiemos-la-inflacion-acumulara-una-suba-de-300\/\" \/>\n<meta property=\"og:locale\" content=\"es_ES\" \/>\n<meta property=\"og:type\" content=\"article\" \/>\n<meta property=\"og:title\" content=\"En cuatro a\u00f1os de gobierno de Cambiemos la inflaci\u00f3n acumular\u00e1 una suba de 300% - Informe Litoral\" \/>\n<meta property=\"og:description\" content=\"Argentina enfrenta un cierre de a\u00f1o con m\u00e1s inflaci\u00f3n que en 2018 y por encima del 50% anual, la m\u00e1s elevada desde 1991.\" \/>\n<meta property=\"og:url\" content=\"https:\/\/informelitoral.com.ar\/en-cuatro-anos-de-gobierno-de-cambiemos-la-inflacion-acumulara-una-suba-de-300\/\" \/>\n<meta property=\"og:site_name\" content=\"Informe Litoral\" \/>\n<meta property=\"article:publisher\" content=\"https:\/\/www.facebook.com\/informelitoral\/\" \/>\n<meta property=\"article:published_time\" content=\"2019-10-17T13:11:21+00:00\" \/>\n<meta property=\"og:image\" content=\"https:\/\/informelitoral.com.ar\/%77%70%2d%63%6f%6e%74%65%6e%74\/uploads\/2017\/12\/inflacion-y-precios-2451203w620.jpg\" \/>\n\t<meta property=\"og:image:width\" content=\"620\" \/>\n\t<meta property=\"og:image:height\" content=\"348\" \/>\n\t<meta property=\"og:image:type\" content=\"image\/jpeg\" \/>\n<meta name=\"author\" content=\"Gonzalo Schmidt\" \/>\n<meta name=\"twitter:card\" content=\"summary_large_image\" \/>\n<meta name=\"twitter:creator\" content=\"@InformeLitoral\" \/>\n<meta name=\"twitter:site\" content=\"@InformeLitoral\" \/>\n<meta name=\"twitter:label1\" content=\"Escrito por\" \/>\n\t<meta name=\"twitter:data1\" content=\"Gonzalo Schmidt\" \/>\n\t<meta name=\"twitter:label2\" content=\"Tiempo de lectura\" \/>\n\t<meta name=\"twitter:data2\" content=\"3 minutos\" \/>\n<script type=\"application\/ld+json\" class=\"yoast-schema-graph\">{\"@context\":\"https:\\\/\\\/schema.org\",\"@graph\":[{\"@type\":\"Article\",\"@id\":\"https:\\\/\\\/informelitoral.com.ar\\\/en-cuatro-anos-de-gobierno-de-cambiemos-la-inflacion-acumulara-una-suba-de-300\\\/#article\",\"isPartOf\":{\"@id\":\"https:\\\/\\\/informelitoral.com.ar\\\/en-cuatro-anos-de-gobierno-de-cambiemos-la-inflacion-acumulara-una-suba-de-300\\\/\"},\"author\":{\"name\":\"Gonzalo Schmidt\",\"@id\":\"https:\\\/\\\/informelitoral.com.ar\\\/#\\\/schema\\\/person\\\/b9d00407c836482871ef1d57bf8e3180\"},\"headline\":\"En cuatro a\u00f1os de gobierno de Cambiemos la inflaci\u00f3n acumular\u00e1 una suba de 300%\",\"datePublished\":\"2019-10-17T13:11:21+00:00\",\"mainEntityOfPage\":{\"@id\":\"https:\\\/\\\/informelitoral.com.ar\\\/en-cuatro-anos-de-gobierno-de-cambiemos-la-inflacion-acumulara-una-suba-de-300\\\/\"},\"wordCount\":539,\"commentCount\":0,\"publisher\":{\"@id\":\"https:\\\/\\\/informelitoral.com.ar\\\/#organization\"},\"image\":{\"@id\":\"https:\\\/\\\/informelitoral.com.ar\\\/en-cuatro-anos-de-gobierno-de-cambiemos-la-inflacion-acumulara-una-suba-de-300\\\/#primaryimage\"},\"thumbnailUrl\":\"https:\\\/\\\/informelitoral.com.ar\\\/%77%70%2d%63%6f%6e%74%65%6e%74\\\/uploads\\\/2017\\\/12\\\/inflacion-y-precios-2451203w620.jpg\",\"keywords\":[\"Cambiemos\",\"Indec\",\"Inflaci\u00f3n\",\"Mauricio Macri\",\"precios\"],\"articleSection\":[\"Nacionales\"],\"inLanguage\":\"es\",\"potentialAction\":[{\"@type\":\"CommentAction\",\"name\":\"Comment\",\"target\":[\"https:\\\/\\\/informelitoral.com.ar\\\/en-cuatro-anos-de-gobierno-de-cambiemos-la-inflacion-acumulara-una-suba-de-300\\\/#respond\"]}]},{\"@type\":\"WebPage\",\"@id\":\"https:\\\/\\\/informelitoral.com.ar\\\/en-cuatro-anos-de-gobierno-de-cambiemos-la-inflacion-acumulara-una-suba-de-300\\\/\",\"url\":\"https:\\\/\\\/informelitoral.com.ar\\\/en-cuatro-anos-de-gobierno-de-cambiemos-la-inflacion-acumulara-una-suba-de-300\\\/\",\"name\":\"En cuatro a\u00f1os de gobierno de Cambiemos la inflaci\u00f3n acumular\u00e1 una suba de 300% - Informe Litoral\",\"isPartOf\":{\"@id\":\"https:\\\/\\\/informelitoral.com.ar\\\/#website\"},\"primaryImageOfPage\":{\"@id\":\"https:\\\/\\\/informelitoral.com.ar\\\/en-cuatro-anos-de-gobierno-de-cambiemos-la-inflacion-acumulara-una-suba-de-300\\\/#primaryimage\"},\"image\":{\"@id\":\"https:\\\/\\\/informelitoral.com.ar\\\/en-cuatro-anos-de-gobierno-de-cambiemos-la-inflacion-acumulara-una-suba-de-300\\\/#primaryimage\"},\"thumbnailUrl\":\"https:\\\/\\\/informelitoral.com.ar\\\/%77%70%2d%63%6f%6e%74%65%6e%74\\\/uploads\\\/2017\\\/12\\\/inflacion-y-precios-2451203w620.jpg\",\"datePublished\":\"2019-10-17T13:11:21+00:00\",\"breadcrumb\":{\"@id\":\"https:\\\/\\\/informelitoral.com.ar\\\/en-cuatro-anos-de-gobierno-de-cambiemos-la-inflacion-acumulara-una-suba-de-300\\\/#breadcrumb\"},\"inLanguage\":\"es\",\"potentialAction\":[{\"@type\":\"ReadAction\",\"target\":[\"https:\\\/\\\/informelitoral.com.ar\\\/en-cuatro-anos-de-gobierno-de-cambiemos-la-inflacion-acumulara-una-suba-de-300\\\/\"]}]},{\"@type\":\"ImageObject\",\"inLanguage\":\"es\",\"@id\":\"https:\\\/\\\/informelitoral.com.ar\\\/en-cuatro-anos-de-gobierno-de-cambiemos-la-inflacion-acumulara-una-suba-de-300\\\/#primaryimage\",\"url\":\"https:\\\/\\\/informelitoral.com.ar\\\/%77%70%2d%63%6f%6e%74%65%6e%74\\\/uploads\\\/2017\\\/12\\\/inflacion-y-precios-2451203w620.jpg\",\"contentUrl\":\"https:\\\/\\\/informelitoral.com.ar\\\/%77%70%2d%63%6f%6e%74%65%6e%74\\\/uploads\\\/2017\\\/12\\\/inflacion-y-precios-2451203w620.jpg\",\"width\":620,\"height\":348},{\"@type\":\"BreadcrumbList\",\"@id\":\"https:\\\/\\\/informelitoral.com.ar\\\/en-cuatro-anos-de-gobierno-de-cambiemos-la-inflacion-acumulara-una-suba-de-300\\\/#breadcrumb\",\"itemListElement\":[{\"@type\":\"ListItem\",\"position\":1,\"name\":\"Portada\",\"item\":\"https:\\\/\\\/informelitoral.com.ar\\\/\"},{\"@type\":\"ListItem\",\"position\":2,\"name\":\"En cuatro a\u00f1os de gobierno de Cambiemos la inflaci\u00f3n acumular\u00e1 una suba de 300%\"}]},{\"@type\":\"WebSite\",\"@id\":\"https:\\\/\\\/informelitoral.com.ar\\\/#website\",\"url\":\"https:\\\/\\\/informelitoral.com.ar\\\/\",\"name\":\"Informe Litoral\",\"description\":\"&quot;Nos informamos&quot; \",\"publisher\":{\"@id\":\"https:\\\/\\\/informelitoral.com.ar\\\/#organization\"},\"potentialAction\":[{\"@type\":\"SearchAction\",\"target\":{\"@type\":\"EntryPoint\",\"urlTemplate\":\"https:\\\/\\\/informelitoral.com.ar\\\/?s={search_term_string}\"},\"query-input\":{\"@type\":\"PropertyValueSpecification\",\"valueRequired\":true,\"valueName\":\"search_term_string\"}}],\"inLanguage\":\"es\"},{\"@type\":\"Organization\",\"@id\":\"https:\\\/\\\/informelitoral.com.ar\\\/#organization\",\"name\":\"Informe Litoral\",\"url\":\"https:\\\/\\\/informelitoral.com.ar\\\/\",\"logo\":{\"@type\":\"ImageObject\",\"inLanguage\":\"es\",\"@id\":\"https:\\\/\\\/informelitoral.com.ar\\\/#\\\/schema\\\/logo\\\/image\\\/\",\"url\":\"https:\\\/\\\/informelitoral.com.ar\\\/%77%70%2d%63%6f%6e%74%65%6e%74\\\/uploads\\\/2021\\\/01\\\/circulo.png\",\"contentUrl\":\"https:\\\/\\\/informelitoral.com.ar\\\/%77%70%2d%63%6f%6e%74%65%6e%74\\\/uploads\\\/2021\\\/01\\\/circulo.png\",\"width\":723,\"height\":731,\"caption\":\"Informe Litoral\"},\"image\":{\"@id\":\"https:\\\/\\\/informelitoral.com.ar\\\/#\\\/schema\\\/logo\\\/image\\\/\"},\"sameAs\":[\"https:\\\/\\\/www.facebook.com\\\/informelitoral\\\/\",\"https:\\\/\\\/x.com\\\/InformeLitoral\",\"https:\\\/\\\/www.instagram.com\\\/informelitoral\\\/\",\"https:\\\/\\\/www.youtube.com\\\/channel\\\/UCua4Qvz8Icb6MYqhoq9xLXw\"]},{\"@type\":\"Person\",\"@id\":\"https:\\\/\\\/informelitoral.com.ar\\\/#\\\/schema\\\/person\\\/b9d00407c836482871ef1d57bf8e3180\",\"name\":\"Gonzalo Schmidt\",\"image\":{\"@type\":\"ImageObject\",\"inLanguage\":\"es\",\"@id\":\"https:\\\/\\\/secure.gravatar.com\\\/avatar\\\/31a1a7b66ff2de83bd0e9fd79d026630d2d99e55e8bfe501287647b4fd9743de?s=96&d=mm&r=g\",\"url\":\"https:\\\/\\\/secure.gravatar.com\\\/avatar\\\/31a1a7b66ff2de83bd0e9fd79d026630d2d99e55e8bfe501287647b4fd9743de?s=96&d=mm&r=g\",\"contentUrl\":\"https:\\\/\\\/secure.gravatar.com\\\/avatar\\\/31a1a7b66ff2de83bd0e9fd79d026630d2d99e55e8bfe501287647b4fd9743de?s=96&d=mm&r=g\",\"caption\":\"Gonzalo Schmidt\"},\"description\":\"Sitio web de noticias de la provincia de Entre R\u00edos, Argentina. Informaci\u00f3n y entretenimiento. Informe Litoral, nos informamos.\",\"sameAs\":[\"http:\\\/\\\/www.isletasnoticias.com.ar\"],\"url\":\"https:\\\/\\\/informelitoral.com.ar\\\/author\\\/gonzalo\\\/\"}]}<\/script>","yoast_head_json":{"title":"En cuatro a\u00f1os de gobierno de Cambiemos la inflaci\u00f3n acumular\u00e1 una suba de 300% - Informe Litoral","robots":{"index":"index","follow":"follow","max-snippet":"max-snippet:-1","max-image-preview":"max-image-preview:large","max-video-preview":"max-video-preview:-1"},"canonical":"https:\/\/informelitoral.com.ar\/en-cuatro-anos-de-gobierno-de-cambiemos-la-inflacion-acumulara-una-suba-de-300\/","og_locale":"es_ES","og_type":"article","og_title":"En cuatro a\u00f1os de gobierno de Cambiemos la inflaci\u00f3n acumular\u00e1 una suba de 300% - Informe Litoral","og_description":"Argentina enfrenta un cierre de a\u00f1o con m\u00e1s inflaci\u00f3n que en 2018 y por encima del 50% anual, la m\u00e1s elevada desde 1991.","og_url":"https:\/\/informelitoral.com.ar\/en-cuatro-anos-de-gobierno-de-cambiemos-la-inflacion-acumulara-una-suba-de-300\/","og_site_name":"Informe Litoral","article_publisher":"https:\/\/www.facebook.com\/informelitoral\/","article_published_time":"2019-10-17T13:11:21+00:00","og_image":[{"width":620,"height":348,"url":"https:\/\/informelitoral.com.ar\/%77%70%2d%63%6f%6e%74%65%6e%74\/uploads\/2017\/12\/inflacion-y-precios-2451203w620.jpg","type":"image\/jpeg"}],"author":"Gonzalo Schmidt","twitter_card":"summary_large_image","twitter_creator":"@InformeLitoral","twitter_site":"@InformeLitoral","twitter_misc":{"Escrito por":"Gonzalo Schmidt","Tiempo de lectura":"3 minutos"},"schema":{"@context":"https:\/\/schema.org","@graph":[{"@type":"Article","@id":"https:\/\/informelitoral.com.ar\/en-cuatro-anos-de-gobierno-de-cambiemos-la-inflacion-acumulara-una-suba-de-300\/#article","isPartOf":{"@id":"https:\/\/informelitoral.com.ar\/en-cuatro-anos-de-gobierno-de-cambiemos-la-inflacion-acumulara-una-suba-de-300\/"},"author":{"name":"Gonzalo Schmidt","@id":"https:\/\/informelitoral.com.ar\/#\/schema\/person\/b9d00407c836482871ef1d57bf8e3180"},"headline":"En cuatro a\u00f1os de gobierno de Cambiemos la inflaci\u00f3n acumular\u00e1 una suba de 300%","datePublished":"2019-10-17T13:11:21+00:00","mainEntityOfPage":{"@id":"https:\/\/informelitoral.com.ar\/en-cuatro-anos-de-gobierno-de-cambiemos-la-inflacion-acumulara-una-suba-de-300\/"},"wordCount":539,"commentCount":0,"publisher":{"@id":"https:\/\/informelitoral.com.ar\/#organization"},"image":{"@id":"https:\/\/informelitoral.com.ar\/en-cuatro-anos-de-gobierno-de-cambiemos-la-inflacion-acumulara-una-suba-de-300\/#primaryimage"},"thumbnailUrl":"https:\/\/informelitoral.com.ar\/%77%70%2d%63%6f%6e%74%65%6e%74\/uploads\/2017\/12\/inflacion-y-precios-2451203w620.jpg","keywords":["Cambiemos","Indec","Inflaci\u00f3n","Mauricio Macri","precios"],"articleSection":["Nacionales"],"inLanguage":"es","potentialAction":[{"@type":"CommentAction","name":"Comment","target":["https:\/\/informelitoral.com.ar\/en-cuatro-anos-de-gobierno-de-cambiemos-la-inflacion-acumulara-una-suba-de-300\/#respond"]}]},{"@type":"WebPage","@id":"https:\/\/informelitoral.com.ar\/en-cuatro-anos-de-gobierno-de-cambiemos-la-inflacion-acumulara-una-suba-de-300\/","url":"https:\/\/informelitoral.com.ar\/en-cuatro-anos-de-gobierno-de-cambiemos-la-inflacion-acumulara-una-suba-de-300\/","name":"En cuatro a\u00f1os de gobierno de Cambiemos la inflaci\u00f3n acumular\u00e1 una suba de 300% - Informe Litoral","isPartOf":{"@id":"https:\/\/informelitoral.com.ar\/#website"},"primaryImageOfPage":{"@id":"https:\/\/informelitoral.com.ar\/en-cuatro-anos-de-gobierno-de-cambiemos-la-inflacion-acumulara-una-suba-de-300\/#primaryimage"},"image":{"@id":"https:\/\/informelitoral.com.ar\/en-cuatro-anos-de-gobierno-de-cambiemos-la-inflacion-acumulara-una-suba-de-300\/#primaryimage"},"thumbnailUrl":"https:\/\/informelitoral.com.ar\/%77%70%2d%63%6f%6e%74%65%6e%74\/uploads\/2017\/12\/inflacion-y-precios-2451203w620.jpg","datePublished":"2019-10-17T13:11:21+00:00","breadcrumb":{"@id":"https:\/\/informelitoral.com.ar\/en-cuatro-anos-de-gobierno-de-cambiemos-la-inflacion-acumulara-una-suba-de-300\/#breadcrumb"},"inLanguage":"es","potentialAction":[{"@type":"ReadAction","target":["https:\/\/informelitoral.com.ar\/en-cuatro-anos-de-gobierno-de-cambiemos-la-inflacion-acumulara-una-suba-de-300\/"]}]},{"@type":"ImageObject","inLanguage":"es","@id":"https:\/\/informelitoral.com.ar\/en-cuatro-anos-de-gobierno-de-cambiemos-la-inflacion-acumulara-una-suba-de-300\/#primaryimage","url":"https:\/\/informelitoral.com.ar\/%77%70%2d%63%6f%6e%74%65%6e%74\/uploads\/2017\/12\/inflacion-y-precios-2451203w620.jpg","contentUrl":"https:\/\/informelitoral.com.ar\/%77%70%2d%63%6f%6e%74%65%6e%74\/uploads\/2017\/12\/inflacion-y-precios-2451203w620.jpg","width":620,"height":348},{"@type":"BreadcrumbList","@id":"https:\/\/informelitoral.com.ar\/en-cuatro-anos-de-gobierno-de-cambiemos-la-inflacion-acumulara-una-suba-de-300\/#breadcrumb","itemListElement":[{"@type":"ListItem","position":1,"name":"Portada","item":"https:\/\/informelitoral.com.ar\/"},{"@type":"ListItem","position":2,"name":"En cuatro a\u00f1os de gobierno de Cambiemos la inflaci\u00f3n acumular\u00e1 una suba de 300%"}]},{"@type":"WebSite","@id":"https:\/\/informelitoral.com.ar\/#website","url":"https:\/\/informelitoral.com.ar\/","name":"Informe Litoral","description":"&quot;Nos informamos&quot; ","publisher":{"@id":"https:\/\/informelitoral.com.ar\/#organization"},"potentialAction":[{"@type":"SearchAction","target":{"@type":"EntryPoint","urlTemplate":"https:\/\/informelitoral.com.ar\/?s={search_term_string}"},"query-input":{"@type":"PropertyValueSpecification","valueRequired":true,"valueName":"search_term_string"}}],"inLanguage":"es"},{"@type":"Organization","@id":"https:\/\/informelitoral.com.ar\/#organization","name":"Informe Litoral","url":"https:\/\/informelitoral.com.ar\/","logo":{"@type":"ImageObject","inLanguage":"es","@id":"https:\/\/informelitoral.com.ar\/#\/schema\/logo\/image\/","url":"https:\/\/informelitoral.com.ar\/%77%70%2d%63%6f%6e%74%65%6e%74\/uploads\/2021\/01\/circulo.png","contentUrl":"https:\/\/informelitoral.com.ar\/%77%70%2d%63%6f%6e%74%65%6e%74\/uploads\/2021\/01\/circulo.png","width":723,"height":731,"caption":"Informe Litoral"},"image":{"@id":"https:\/\/informelitoral.com.ar\/#\/schema\/logo\/image\/"},"sameAs":["https:\/\/www.facebook.com\/informelitoral\/","https:\/\/x.com\/InformeLitoral","https:\/\/www.instagram.com\/informelitoral\/","https:\/\/www.youtube.com\/channel\/UCua4Qvz8Icb6MYqhoq9xLXw"]},{"@type":"Person","@id":"https:\/\/informelitoral.com.ar\/#\/schema\/person\/b9d00407c836482871ef1d57bf8e3180","name":"Gonzalo Schmidt","image":{"@type":"ImageObject","inLanguage":"es","@id":"https:\/\/secure.gravatar.com\/avatar\/31a1a7b66ff2de83bd0e9fd79d026630d2d99e55e8bfe501287647b4fd9743de?s=96&d=mm&r=g","url":"https:\/\/secure.gravatar.com\/avatar\/31a1a7b66ff2de83bd0e9fd79d026630d2d99e55e8bfe501287647b4fd9743de?s=96&d=mm&r=g","contentUrl":"https:\/\/secure.gravatar.com\/avatar\/31a1a7b66ff2de83bd0e9fd79d026630d2d99e55e8bfe501287647b4fd9743de?s=96&d=mm&r=g","caption":"Gonzalo Schmidt"},"description":"Sitio web de noticias de la provincia de Entre R\u00edos, Argentina. Informaci\u00f3n y entretenimiento. Informe Litoral, nos informamos.","sameAs":["http:\/\/www.isletasnoticias.com.ar"],"url":"https:\/\/informelitoral.com.ar\/author\/gonzalo\/"}]}},"_links":{"self":[{"href":"https:\/\/informelitoral.com.ar\/%77%70%2d%6a%73%6f%6e\/wp\/v2\/posts\/37234","targetHints":{"allow":["GET"]}}],"collection":[{"href":"https:\/\/informelitoral.com.ar\/%77%70%2d%6a%73%6f%6e\/wp\/v2\/posts"}],"about":[{"href":"https:\/\/informelitoral.com.ar\/%77%70%2d%6a%73%6f%6e\/wp\/v2\/types\/post"}],"author":[{"embeddable":true,"href":"https:\/\/informelitoral.com.ar\/%77%70%2d%6a%73%6f%6e\/wp\/v2\/users\/2"}],"replies":[{"embeddable":true,"href":"https:\/\/informelitoral.com.ar\/%77%70%2d%6a%73%6f%6e\/wp\/v2\/comments?post=37234"}],"version-history":[{"count":0,"href":"https:\/\/informelitoral.com.ar\/%77%70%2d%6a%73%6f%6e\/wp\/v2\/posts\/37234\/revisions"}],"wp:featuredmedia":[{"embeddable":true,"href":"https:\/\/informelitoral.com.ar\/%77%70%2d%6a%73%6f%6e\/wp\/v2\/media\/24321"}],"wp:attachment":[{"href":"https:\/\/informelitoral.com.ar\/%77%70%2d%6a%73%6f%6e\/wp\/v2\/media?parent=37234"}],"wp:term":[{"taxonomy":"category","embeddable":true,"href":"https:\/\/informelitoral.com.ar\/%77%70%2d%6a%73%6f%6e\/wp\/v2\/categories?post=37234"},{"taxonomy":"post_tag","embeddable":true,"href":"https:\/\/informelitoral.com.ar\/%77%70%2d%6a%73%6f%6e\/wp\/v2\/tags?post=37234"}],"curies":[{"name":"wp","href":"https:\/\/api.w.org\/{rel}","templated":true}]}}