{"id":37231,"date":"2019-10-17T10:01:45","date_gmt":"2019-10-17T13:01:45","guid":{"rendered":"https:\/\/www.isletasnoticias.com.ar\/?p=37231"},"modified":"2019-10-17T10:01:45","modified_gmt":"2019-10-17T13:01:45","slug":"de-angeli-casi-triplico-su-patrimonio-durante-el-gobierno-de-macri","status":"publish","type":"post","link":"https:\/\/informelitoral.com.ar\/de-angeli-casi-triplico-su-patrimonio-durante-el-gobierno-de-macri\/","title":{"rendered":"De Angeli casi triplic\u00f3 su patrimonio durante el gobierno de Macri"},"content":{"rendered":"<p>El senador nacional entrerriano de Cambiemos,<strong> Alfredo De Angeli<\/strong>, no result\u00f3 perjudicado por los problemas de la econom\u00eda argentina durante el gobierno de su l\u00edder pol\u00edtico, Mauricio Macri.<strong> Entre fines de 2015, cuando el presidente asumi\u00f3 en la Casa Rosada, hasta finales de 2018, el patrimonio del legislador creci\u00f3 un 292%, casi el triple.<\/strong><\/p>\n<p>As\u00ed se desprende de las declaraciones juradas presentadas por el dirigente entrerriano del PRO ante la Oficina Anticorrupci\u00f3n en los a\u00f1os transcurridos con Macri en el sill\u00f3n de Rivadavia. El \u00faltimo dato sobre su patrimonio publicado por el organismo nacional conducido por la funcionaria macrista Laura Alonso registra sus tenencias a finales de 2018.<\/p>\n<h3><strong>Funci\u00f3n<\/strong><\/h3>\n<p>Seg\u00fan ordena la ley de \u00c9tica de la Funci\u00f3n P\u00fablica (1999), los senadores y diputados de la Naci\u00f3n deben \u201cpresentar una declaraci\u00f3n jurada patrimonial integral dentro de los treinta d\u00edas h\u00e1biles desde la asunci\u00f3n de sus cargos\u201d. El entrerriano asumi\u00f3 la representaci\u00f3n de Entre R\u00edos en la C\u00e1mara Alta nacional el 10 de diciembre de 2015.<\/p>\n<p>La presidencia la ejerc\u00eda Cristina Fern\u00e1ndez de Kirchner y De Angeli hab\u00eda sido electo por el frente Uni\u00f3n por Entre R\u00edos, una alianza provincial cuyos partidos hegem\u00f3nicos eran el PRO, liderado por Macri y un todav\u00eda poco conocido Rogelio Frigerio en la provincia, y el Frente Entrerriano Federal, de Jorge Busti.<\/p>\n<h3><strong>Datos<\/strong><\/h3>\n<p>Seg\u00fan su primer informe ante la Oficina Anticorrupci\u00f3n, con datos actualizados de finales de 2013, De Angeli al ser electo contaba bienes, dep\u00f3sitos y dinero al final del a\u00f1o por un total de 4.098.926,80 de pesos. Tambi\u00e9n consigna el informe que el ex dirigente agrario ten\u00eda deudas, al final de aquel a\u00f1o, por 2.356.580,45 de pesos, public\u00f3<em> Informe Digital.<\/em><\/p>\n<p><span style=\"text-align: center;\">Durante sus dos primeros a\u00f1os en el Congreso, los \u00faltimos dos per\u00edodos de CFK en la Casa Rosada, el ex l\u00edder de la revuelta agraria de 2008 no vio su patrimonio incrementado significativamente. Al momento del enroque presidencial entre Cristina y Macri, a finales de 2015, el entrerriano contaba con bienes, dep\u00f3sitos y dinero por $4.394.405: un aumento del 7,20% desde finales de 2013, siempre seg\u00fan datos ofrecidos por la Oficina Anticorrupci\u00f3n en su p\u00e1gina web, accesibles a todo p\u00fablico.<\/span><\/p>\n<h3><strong>N\u00fameros<\/strong><\/h3>\n<p>Si se busca la Declaraci\u00f3n Jurada de De Angeli ante la oficina conducida por su compa\u00f1era de partido, Laura Alonso, del a\u00f1o 2018, puede verse que sus bienes, dep\u00f3sitos y dinero al final del a\u00f1o pasado sumaban $12.845.686,67, mientras que sus deudas llegaban a $893.070,72. Los $8.451.281 que sum\u00f3 De Angeli a su Declaraci\u00f3n Jurada entre fines de 2015 y finales de 2018 representan un 292,31% de crecimiento.<\/p>\n<p>Cabe se\u00f1alar que entre diciembre de 2015 y el mismo mes de 2018, es decir en los primeros tres a\u00f1os de Macri en la presidencia, la inflaci\u00f3n acumulada totaliz\u00f3 un 158,44%. El legislador entrerriano, a\u00fan as\u00ed, le gan\u00f3 ampliamente con su patrimonio a la medici\u00f3n del \u00cdndice de Precios al Consumidor.<\/p>\n<h3><strong>Crecimiento<\/strong><\/h3>\n<p>A finales de 2016, a un a\u00f1o de la llegada de Cambiemos a la Rosada, el senador entrerriano declar\u00f3 ante la O.A. un patrimonio de $4.986.578,08. A fines de 2017, hacia la mitad del mandato de Mauricio Macri, hab\u00eda sumado casi $2 millones: declar\u00f3 bienes, dep\u00f3sitos y dinero por $6.897.139,77.<\/p>\n<p>Las Declaraciones Juradas disponibles en la web de la Oficina Anticorrupci\u00f3n confirman que el 2018 fue \u201cel a\u00f1o\u201d de crecimiento patrimonial del dirigente oriundo de Mar\u00eda Grande y arraigado en Gualeguaych\u00fa: casi lo duplic\u00f3 en relaci\u00f3n a diciembre de 2017 y alcanz\u00f3 $12.845.686,67, la \u00faltima cifra conocida al d\u00eda de hoy.<\/p>\n<p>El legislador va por su reelecci\u00f3n al tope de la boleta de candidatos a senadores nacionales de Juntos por el Cambio, secundado por la radical Stella Olalla. Todo indica que el 27 de octubre De Angeli ser\u00e1 revalidado para representar a Entre R\u00edos durante seis a\u00f1os m\u00e1s en el Senado.<\/p>\n","protected":false},"excerpt":{"rendered":"<p>El senador nacional declar\u00f3 $4,4 millones en bienes, dep\u00f3sitos y dinero cuando asumi\u00f3 Macri en diciembre de 2015. En 2018, revel\u00f3 que posee $12,8 millones.<\/p>\n","protected":false},"author":2,"featured_media":37232,"comment_status":"open","ping_status":"open","sticky":false,"template":"","format":"standard","meta":{"fifu_image_url":"","fifu_image_alt":"","footnotes":""},"categories":[16],"tags":[464],"class_list":{"0":"post-37231","1":"post","2":"type-post","3":"status-publish","4":"format-standard","5":"has-post-thumbnail","7":"category-politi","8":"tag-senado"},"yoast_head":"<title>De Angeli casi triplic\u00f3 su patrimonio durante el gobierno de Macri - Informe Litoral<\/title>\n<meta name=\"robots\" content=\"index, follow, max-snippet:-1, max-image-preview:large, max-video-preview:-1\" \/>\n<link rel=\"canonical\" href=\"https:\/\/informelitoral.com.ar\/de-angeli-casi-triplico-su-patrimonio-durante-el-gobierno-de-macri\/\" \/>\n<meta property=\"og:locale\" content=\"es_ES\" \/>\n<meta property=\"og:type\" content=\"article\" \/>\n<meta property=\"og:title\" content=\"De Angeli casi triplic\u00f3 su patrimonio durante el gobierno de Macri - Informe Litoral\" \/>\n<meta property=\"og:description\" content=\"El senador nacional declar\u00f3 $4,4 millones en bienes, dep\u00f3sitos y dinero cuando asumi\u00f3 Macri en diciembre de 2015. En 2018, revel\u00f3 que posee $12,8 millones.\" \/>\n<meta property=\"og:url\" content=\"https:\/\/informelitoral.com.ar\/de-angeli-casi-triplico-su-patrimonio-durante-el-gobierno-de-macri\/\" \/>\n<meta property=\"og:site_name\" content=\"Informe Litoral\" \/>\n<meta property=\"article:publisher\" content=\"https:\/\/www.facebook.com\/informelitoral\/\" \/>\n<meta property=\"article:published_time\" content=\"2019-10-17T13:01:45+00:00\" \/>\n<meta property=\"og:image\" content=\"https:\/\/informelitoral.com.ar\/%77%70%2d%63%6f%6e%74%65%6e%74\/uploads\/2019\/10\/alfredo-de-angeli.jpg\" \/>\n\t<meta property=\"og:image:width\" content=\"1200\" \/>\n\t<meta property=\"og:image:height\" content=\"701\" \/>\n\t<meta property=\"og:image:type\" content=\"image\/jpeg\" \/>\n<meta name=\"author\" content=\"Gonzalo Schmidt\" \/>\n<meta name=\"twitter:card\" content=\"summary_large_image\" \/>\n<meta name=\"twitter:creator\" content=\"@InformeLitoral\" \/>\n<meta name=\"twitter:site\" content=\"@InformeLitoral\" \/>\n<meta name=\"twitter:label1\" content=\"Escrito por\" \/>\n\t<meta name=\"twitter:data1\" content=\"Gonzalo Schmidt\" \/>\n\t<meta name=\"twitter:label2\" content=\"Tiempo de lectura\" \/>\n\t<meta name=\"twitter:data2\" content=\"3 minutos\" \/>\n<script type=\"application\/ld+json\" class=\"yoast-schema-graph\">{\"@context\":\"https:\\\/\\\/schema.org\",\"@graph\":[{\"@type\":\"Article\",\"@id\":\"https:\\\/\\\/informelitoral.com.ar\\\/de-angeli-casi-triplico-su-patrimonio-durante-el-gobierno-de-macri\\\/#article\",\"isPartOf\":{\"@id\":\"https:\\\/\\\/informelitoral.com.ar\\\/de-angeli-casi-triplico-su-patrimonio-durante-el-gobierno-de-macri\\\/\"},\"author\":{\"name\":\"Gonzalo Schmidt\",\"@id\":\"https:\\\/\\\/informelitoral.com.ar\\\/#\\\/schema\\\/person\\\/b9d00407c836482871ef1d57bf8e3180\"},\"headline\":\"De Angeli casi triplic\u00f3 su patrimonio durante el gobierno de Macri\",\"datePublished\":\"2019-10-17T13:01:45+00:00\",\"mainEntityOfPage\":{\"@id\":\"https:\\\/\\\/informelitoral.com.ar\\\/de-angeli-casi-triplico-su-patrimonio-durante-el-gobierno-de-macri\\\/\"},\"wordCount\":670,\"commentCount\":0,\"publisher\":{\"@id\":\"https:\\\/\\\/informelitoral.com.ar\\\/#organization\"},\"image\":{\"@id\":\"https:\\\/\\\/informelitoral.com.ar\\\/de-angeli-casi-triplico-su-patrimonio-durante-el-gobierno-de-macri\\\/#primaryimage\"},\"thumbnailUrl\":\"https:\\\/\\\/informelitoral.com.ar\\\/%77%70%2d%63%6f%6e%74%65%6e%74\\\/uploads\\\/2019\\\/10\\\/alfredo-de-angeli.jpg\",\"keywords\":[\"Senado\"],\"articleSection\":[\"Politica\"],\"inLanguage\":\"es\",\"potentialAction\":[{\"@type\":\"CommentAction\",\"name\":\"Comment\",\"target\":[\"https:\\\/\\\/informelitoral.com.ar\\\/de-angeli-casi-triplico-su-patrimonio-durante-el-gobierno-de-macri\\\/#respond\"]}]},{\"@type\":\"WebPage\",\"@id\":\"https:\\\/\\\/informelitoral.com.ar\\\/de-angeli-casi-triplico-su-patrimonio-durante-el-gobierno-de-macri\\\/\",\"url\":\"https:\\\/\\\/informelitoral.com.ar\\\/de-angeli-casi-triplico-su-patrimonio-durante-el-gobierno-de-macri\\\/\",\"name\":\"De Angeli casi triplic\u00f3 su patrimonio durante el gobierno de Macri - Informe Litoral\",\"isPartOf\":{\"@id\":\"https:\\\/\\\/informelitoral.com.ar\\\/#website\"},\"primaryImageOfPage\":{\"@id\":\"https:\\\/\\\/informelitoral.com.ar\\\/de-angeli-casi-triplico-su-patrimonio-durante-el-gobierno-de-macri\\\/#primaryimage\"},\"image\":{\"@id\":\"https:\\\/\\\/informelitoral.com.ar\\\/de-angeli-casi-triplico-su-patrimonio-durante-el-gobierno-de-macri\\\/#primaryimage\"},\"thumbnailUrl\":\"https:\\\/\\\/informelitoral.com.ar\\\/%77%70%2d%63%6f%6e%74%65%6e%74\\\/uploads\\\/2019\\\/10\\\/alfredo-de-angeli.jpg\",\"datePublished\":\"2019-10-17T13:01:45+00:00\",\"breadcrumb\":{\"@id\":\"https:\\\/\\\/informelitoral.com.ar\\\/de-angeli-casi-triplico-su-patrimonio-durante-el-gobierno-de-macri\\\/#breadcrumb\"},\"inLanguage\":\"es\",\"potentialAction\":[{\"@type\":\"ReadAction\",\"target\":[\"https:\\\/\\\/informelitoral.com.ar\\\/de-angeli-casi-triplico-su-patrimonio-durante-el-gobierno-de-macri\\\/\"]}]},{\"@type\":\"ImageObject\",\"inLanguage\":\"es\",\"@id\":\"https:\\\/\\\/informelitoral.com.ar\\\/de-angeli-casi-triplico-su-patrimonio-durante-el-gobierno-de-macri\\\/#primaryimage\",\"url\":\"https:\\\/\\\/informelitoral.com.ar\\\/%77%70%2d%63%6f%6e%74%65%6e%74\\\/uploads\\\/2019\\\/10\\\/alfredo-de-angeli.jpg\",\"contentUrl\":\"https:\\\/\\\/informelitoral.com.ar\\\/%77%70%2d%63%6f%6e%74%65%6e%74\\\/uploads\\\/2019\\\/10\\\/alfredo-de-angeli.jpg\",\"width\":1200,\"height\":701},{\"@type\":\"BreadcrumbList\",\"@id\":\"https:\\\/\\\/informelitoral.com.ar\\\/de-angeli-casi-triplico-su-patrimonio-durante-el-gobierno-de-macri\\\/#breadcrumb\",\"itemListElement\":[{\"@type\":\"ListItem\",\"position\":1,\"name\":\"Portada\",\"item\":\"https:\\\/\\\/informelitoral.com.ar\\\/\"},{\"@type\":\"ListItem\",\"position\":2,\"name\":\"De Angeli casi triplic\u00f3 su patrimonio durante el gobierno de Macri\"}]},{\"@type\":\"WebSite\",\"@id\":\"https:\\\/\\\/informelitoral.com.ar\\\/#website\",\"url\":\"https:\\\/\\\/informelitoral.com.ar\\\/\",\"name\":\"Informe Litoral\",\"description\":\"&quot;Nos informamos&quot; \",\"publisher\":{\"@id\":\"https:\\\/\\\/informelitoral.com.ar\\\/#organization\"},\"potentialAction\":[{\"@type\":\"SearchAction\",\"target\":{\"@type\":\"EntryPoint\",\"urlTemplate\":\"https:\\\/\\\/informelitoral.com.ar\\\/?s={search_term_string}\"},\"query-input\":{\"@type\":\"PropertyValueSpecification\",\"valueRequired\":true,\"valueName\":\"search_term_string\"}}],\"inLanguage\":\"es\"},{\"@type\":\"Organization\",\"@id\":\"https:\\\/\\\/informelitoral.com.ar\\\/#organization\",\"name\":\"Informe Litoral\",\"url\":\"https:\\\/\\\/informelitoral.com.ar\\\/\",\"logo\":{\"@type\":\"ImageObject\",\"inLanguage\":\"es\",\"@id\":\"https:\\\/\\\/informelitoral.com.ar\\\/#\\\/schema\\\/logo\\\/image\\\/\",\"url\":\"https:\\\/\\\/informelitoral.com.ar\\\/%77%70%2d%63%6f%6e%74%65%6e%74\\\/uploads\\\/2021\\\/01\\\/circulo.png\",\"contentUrl\":\"https:\\\/\\\/informelitoral.com.ar\\\/%77%70%2d%63%6f%6e%74%65%6e%74\\\/uploads\\\/2021\\\/01\\\/circulo.png\",\"width\":723,\"height\":731,\"caption\":\"Informe Litoral\"},\"image\":{\"@id\":\"https:\\\/\\\/informelitoral.com.ar\\\/#\\\/schema\\\/logo\\\/image\\\/\"},\"sameAs\":[\"https:\\\/\\\/www.facebook.com\\\/informelitoral\\\/\",\"https:\\\/\\\/x.com\\\/InformeLitoral\",\"https:\\\/\\\/www.instagram.com\\\/informelitoral\\\/\",\"https:\\\/\\\/www.youtube.com\\\/channel\\\/UCua4Qvz8Icb6MYqhoq9xLXw\"]},{\"@type\":\"Person\",\"@id\":\"https:\\\/\\\/informelitoral.com.ar\\\/#\\\/schema\\\/person\\\/b9d00407c836482871ef1d57bf8e3180\",\"name\":\"Gonzalo Schmidt\",\"image\":{\"@type\":\"ImageObject\",\"inLanguage\":\"es\",\"@id\":\"https:\\\/\\\/secure.gravatar.com\\\/avatar\\\/31a1a7b66ff2de83bd0e9fd79d026630d2d99e55e8bfe501287647b4fd9743de?s=96&d=mm&r=g\",\"url\":\"https:\\\/\\\/secure.gravatar.com\\\/avatar\\\/31a1a7b66ff2de83bd0e9fd79d026630d2d99e55e8bfe501287647b4fd9743de?s=96&d=mm&r=g\",\"contentUrl\":\"https:\\\/\\\/secure.gravatar.com\\\/avatar\\\/31a1a7b66ff2de83bd0e9fd79d026630d2d99e55e8bfe501287647b4fd9743de?s=96&d=mm&r=g\",\"caption\":\"Gonzalo Schmidt\"},\"description\":\"Sitio web de noticias de la provincia de Entre R\u00edos, Argentina. Informaci\u00f3n y entretenimiento. Informe Litoral, nos informamos.\",\"sameAs\":[\"http:\\\/\\\/www.isletasnoticias.com.ar\"],\"url\":\"https:\\\/\\\/informelitoral.com.ar\\\/author\\\/gonzalo\\\/\"}]}<\/script>","yoast_head_json":{"title":"De Angeli casi triplic\u00f3 su patrimonio durante el gobierno de Macri - Informe Litoral","robots":{"index":"index","follow":"follow","max-snippet":"max-snippet:-1","max-image-preview":"max-image-preview:large","max-video-preview":"max-video-preview:-1"},"canonical":"https:\/\/informelitoral.com.ar\/de-angeli-casi-triplico-su-patrimonio-durante-el-gobierno-de-macri\/","og_locale":"es_ES","og_type":"article","og_title":"De Angeli casi triplic\u00f3 su patrimonio durante el gobierno de Macri - Informe Litoral","og_description":"El senador nacional declar\u00f3 $4,4 millones en bienes, dep\u00f3sitos y dinero cuando asumi\u00f3 Macri en diciembre de 2015. En 2018, revel\u00f3 que posee $12,8 millones.","og_url":"https:\/\/informelitoral.com.ar\/de-angeli-casi-triplico-su-patrimonio-durante-el-gobierno-de-macri\/","og_site_name":"Informe Litoral","article_publisher":"https:\/\/www.facebook.com\/informelitoral\/","article_published_time":"2019-10-17T13:01:45+00:00","og_image":[{"width":1200,"height":701,"url":"https:\/\/informelitoral.com.ar\/%77%70%2d%63%6f%6e%74%65%6e%74\/uploads\/2019\/10\/alfredo-de-angeli.jpg","type":"image\/jpeg"}],"author":"Gonzalo Schmidt","twitter_card":"summary_large_image","twitter_creator":"@InformeLitoral","twitter_site":"@InformeLitoral","twitter_misc":{"Escrito por":"Gonzalo Schmidt","Tiempo de lectura":"3 minutos"},"schema":{"@context":"https:\/\/schema.org","@graph":[{"@type":"Article","@id":"https:\/\/informelitoral.com.ar\/de-angeli-casi-triplico-su-patrimonio-durante-el-gobierno-de-macri\/#article","isPartOf":{"@id":"https:\/\/informelitoral.com.ar\/de-angeli-casi-triplico-su-patrimonio-durante-el-gobierno-de-macri\/"},"author":{"name":"Gonzalo Schmidt","@id":"https:\/\/informelitoral.com.ar\/#\/schema\/person\/b9d00407c836482871ef1d57bf8e3180"},"headline":"De Angeli casi triplic\u00f3 su patrimonio durante el gobierno de Macri","datePublished":"2019-10-17T13:01:45+00:00","mainEntityOfPage":{"@id":"https:\/\/informelitoral.com.ar\/de-angeli-casi-triplico-su-patrimonio-durante-el-gobierno-de-macri\/"},"wordCount":670,"commentCount":0,"publisher":{"@id":"https:\/\/informelitoral.com.ar\/#organization"},"image":{"@id":"https:\/\/informelitoral.com.ar\/de-angeli-casi-triplico-su-patrimonio-durante-el-gobierno-de-macri\/#primaryimage"},"thumbnailUrl":"https:\/\/informelitoral.com.ar\/%77%70%2d%63%6f%6e%74%65%6e%74\/uploads\/2019\/10\/alfredo-de-angeli.jpg","keywords":["Senado"],"articleSection":["Politica"],"inLanguage":"es","potentialAction":[{"@type":"CommentAction","name":"Comment","target":["https:\/\/informelitoral.com.ar\/de-angeli-casi-triplico-su-patrimonio-durante-el-gobierno-de-macri\/#respond"]}]},{"@type":"WebPage","@id":"https:\/\/informelitoral.com.ar\/de-angeli-casi-triplico-su-patrimonio-durante-el-gobierno-de-macri\/","url":"https:\/\/informelitoral.com.ar\/de-angeli-casi-triplico-su-patrimonio-durante-el-gobierno-de-macri\/","name":"De Angeli casi triplic\u00f3 su patrimonio durante el gobierno de Macri - Informe Litoral","isPartOf":{"@id":"https:\/\/informelitoral.com.ar\/#website"},"primaryImageOfPage":{"@id":"https:\/\/informelitoral.com.ar\/de-angeli-casi-triplico-su-patrimonio-durante-el-gobierno-de-macri\/#primaryimage"},"image":{"@id":"https:\/\/informelitoral.com.ar\/de-angeli-casi-triplico-su-patrimonio-durante-el-gobierno-de-macri\/#primaryimage"},"thumbnailUrl":"https:\/\/informelitoral.com.ar\/%77%70%2d%63%6f%6e%74%65%6e%74\/uploads\/2019\/10\/alfredo-de-angeli.jpg","datePublished":"2019-10-17T13:01:45+00:00","breadcrumb":{"@id":"https:\/\/informelitoral.com.ar\/de-angeli-casi-triplico-su-patrimonio-durante-el-gobierno-de-macri\/#breadcrumb"},"inLanguage":"es","potentialAction":[{"@type":"ReadAction","target":["https:\/\/informelitoral.com.ar\/de-angeli-casi-triplico-su-patrimonio-durante-el-gobierno-de-macri\/"]}]},{"@type":"ImageObject","inLanguage":"es","@id":"https:\/\/informelitoral.com.ar\/de-angeli-casi-triplico-su-patrimonio-durante-el-gobierno-de-macri\/#primaryimage","url":"https:\/\/informelitoral.com.ar\/%77%70%2d%63%6f%6e%74%65%6e%74\/uploads\/2019\/10\/alfredo-de-angeli.jpg","contentUrl":"https:\/\/informelitoral.com.ar\/%77%70%2d%63%6f%6e%74%65%6e%74\/uploads\/2019\/10\/alfredo-de-angeli.jpg","width":1200,"height":701},{"@type":"BreadcrumbList","@id":"https:\/\/informelitoral.com.ar\/de-angeli-casi-triplico-su-patrimonio-durante-el-gobierno-de-macri\/#breadcrumb","itemListElement":[{"@type":"ListItem","position":1,"name":"Portada","item":"https:\/\/informelitoral.com.ar\/"},{"@type":"ListItem","position":2,"name":"De Angeli casi triplic\u00f3 su patrimonio durante el gobierno de Macri"}]},{"@type":"WebSite","@id":"https:\/\/informelitoral.com.ar\/#website","url":"https:\/\/informelitoral.com.ar\/","name":"Informe Litoral","description":"&quot;Nos informamos&quot; ","publisher":{"@id":"https:\/\/informelitoral.com.ar\/#organization"},"potentialAction":[{"@type":"SearchAction","target":{"@type":"EntryPoint","urlTemplate":"https:\/\/informelitoral.com.ar\/?s={search_term_string}"},"query-input":{"@type":"PropertyValueSpecification","valueRequired":true,"valueName":"search_term_string"}}],"inLanguage":"es"},{"@type":"Organization","@id":"https:\/\/informelitoral.com.ar\/#organization","name":"Informe Litoral","url":"https:\/\/informelitoral.com.ar\/","logo":{"@type":"ImageObject","inLanguage":"es","@id":"https:\/\/informelitoral.com.ar\/#\/schema\/logo\/image\/","url":"https:\/\/informelitoral.com.ar\/%77%70%2d%63%6f%6e%74%65%6e%74\/uploads\/2021\/01\/circulo.png","contentUrl":"https:\/\/informelitoral.com.ar\/%77%70%2d%63%6f%6e%74%65%6e%74\/uploads\/2021\/01\/circulo.png","width":723,"height":731,"caption":"Informe Litoral"},"image":{"@id":"https:\/\/informelitoral.com.ar\/#\/schema\/logo\/image\/"},"sameAs":["https:\/\/www.facebook.com\/informelitoral\/","https:\/\/x.com\/InformeLitoral","https:\/\/www.instagram.com\/informelitoral\/","https:\/\/www.youtube.com\/channel\/UCua4Qvz8Icb6MYqhoq9xLXw"]},{"@type":"Person","@id":"https:\/\/informelitoral.com.ar\/#\/schema\/person\/b9d00407c836482871ef1d57bf8e3180","name":"Gonzalo Schmidt","image":{"@type":"ImageObject","inLanguage":"es","@id":"https:\/\/secure.gravatar.com\/avatar\/31a1a7b66ff2de83bd0e9fd79d026630d2d99e55e8bfe501287647b4fd9743de?s=96&d=mm&r=g","url":"https:\/\/secure.gravatar.com\/avatar\/31a1a7b66ff2de83bd0e9fd79d026630d2d99e55e8bfe501287647b4fd9743de?s=96&d=mm&r=g","contentUrl":"https:\/\/secure.gravatar.com\/avatar\/31a1a7b66ff2de83bd0e9fd79d026630d2d99e55e8bfe501287647b4fd9743de?s=96&d=mm&r=g","caption":"Gonzalo Schmidt"},"description":"Sitio web de noticias de la provincia de Entre R\u00edos, Argentina. Informaci\u00f3n y entretenimiento. Informe Litoral, nos informamos.","sameAs":["http:\/\/www.isletasnoticias.com.ar"],"url":"https:\/\/informelitoral.com.ar\/author\/gonzalo\/"}]}},"_links":{"self":[{"href":"https:\/\/informelitoral.com.ar\/%77%70%2d%6a%73%6f%6e\/wp\/v2\/posts\/37231","targetHints":{"allow":["GET"]}}],"collection":[{"href":"https:\/\/informelitoral.com.ar\/%77%70%2d%6a%73%6f%6e\/wp\/v2\/posts"}],"about":[{"href":"https:\/\/informelitoral.com.ar\/%77%70%2d%6a%73%6f%6e\/wp\/v2\/types\/post"}],"author":[{"embeddable":true,"href":"https:\/\/informelitoral.com.ar\/%77%70%2d%6a%73%6f%6e\/wp\/v2\/users\/2"}],"replies":[{"embeddable":true,"href":"https:\/\/informelitoral.com.ar\/%77%70%2d%6a%73%6f%6e\/wp\/v2\/comments?post=37231"}],"version-history":[{"count":0,"href":"https:\/\/informelitoral.com.ar\/%77%70%2d%6a%73%6f%6e\/wp\/v2\/posts\/37231\/revisions"}],"wp:featuredmedia":[{"embeddable":true,"href":"https:\/\/informelitoral.com.ar\/%77%70%2d%6a%73%6f%6e\/wp\/v2\/media\/37232"}],"wp:attachment":[{"href":"https:\/\/informelitoral.com.ar\/%77%70%2d%6a%73%6f%6e\/wp\/v2\/media?parent=37231"}],"wp:term":[{"taxonomy":"category","embeddable":true,"href":"https:\/\/informelitoral.com.ar\/%77%70%2d%6a%73%6f%6e\/wp\/v2\/categories?post=37231"},{"taxonomy":"post_tag","embeddable":true,"href":"https:\/\/informelitoral.com.ar\/%77%70%2d%6a%73%6f%6e\/wp\/v2\/tags?post=37231"}],"curies":[{"name":"wp","href":"https:\/\/api.w.org\/{rel}","templated":true}]}}