{"id":371,"date":"2013-03-20T01:18:10","date_gmt":"2013-03-20T04:18:10","guid":{"rendered":"http:\/\/www.isletasnoticias.com.ar\/?p=371"},"modified":"2013-03-20T01:18:10","modified_gmt":"2013-03-20T04:18:10","slug":"politica-el-senado-tratara-el-proyecto-que-impone-penas-por-explotacion-laboral-infantil","status":"publish","type":"post","link":"https:\/\/informelitoral.com.ar\/politica-el-senado-tratara-el-proyecto-que-impone-penas-por-explotacion-laboral-infantil\/","title":{"rendered":"Pol\u00edtica: el Senado tratar\u00e1 el proyecto que impone penas por explotaci\u00f3n laboral infantil"},"content":{"rendered":"<p><strong>La C\u00e1mara alta sesionar\u00e1 este mi\u00e9rcoles, desde las 13.30, para sancionar una iniciativa avalada por Diputados el 21 de noviembre del a\u00f1o pasado. Adem\u00e1s se debatir\u00e1n cuatro acuerdos internacionales y la aprobaci\u00f3n de pliegos.<\/strong><a href=\"http:\/\/www.isletasnoticias.com.ar\/%77%70%2d%63%6f%6e%74%65%6e%74\/uploads\/2013\/03\/senado.jpg\"><img loading=\"lazy\" decoding=\"async\" class=\"size-medium wp-image-372 aligncenter\" alt=\"senado\" src=\"http:\/\/www.isletasnoticias.com.ar\/%77%70%2d%63%6f%6e%74%65%6e%74\/uploads\/2013\/03\/senado-300x225.jpg\" width=\"300\" height=\"225\" srcset=\"https:\/\/informelitoral.com.ar\/%77%70%2d%63%6f%6e%74%65%6e%74\/uploads\/2013\/03\/senado-300x225.jpg 300w, https:\/\/informelitoral.com.ar\/%77%70%2d%63%6f%6e%74%65%6e%74\/uploads\/2013\/03\/senado.jpg 432w\" sizes=\"auto, (max-width: 300px) 100vw, 300px\" \/><\/a><strong><\/strong><\/p>\n<p>El pleno del Senado sesionar\u00e1 este mi\u00e9rcoles, desde las 13.30, para sancionar un proyecto de ley que propone una pena de uno a cuatro a\u00f1os de prisi\u00f3n a quien ejerza la explotaci\u00f3n laboral de menores.<\/p>\n<p>La iniciativa en cuesti\u00f3n, que ya cuenta con el aval de la C\u00e1mara baja, establece que la pena afecte al \u201cque promoviere, facilitare, aprovechare o explotare econ\u00f3micamente el trabajo de un ni\u00f1o o ni\u00f1a en violaci\u00f3n de las normas nacionales que proh\u00edben el trabajo infantil, siempre que el hecho no importe un delito m\u00e1s grave\u201d.<\/p>\n<p>Adem\u00e1s, el texto \u2013se incorpora el art\u00edculo 148 bis al C\u00f3digo Penal- se\u00f1ala que \u201cquedan exceptuadas las tareas que tuvieren fines pedag\u00f3gicos o de capacitaci\u00f3n exclusivamente\u201d, y que \u201cno ser\u00e1 punible el padre, madre, tutor o guardador del ni\u00f1o o ni\u00f1a que incurriere en la conducta descripta\u201d.<\/p>\n<p style=\"text-align: left;\">Durante la sesi\u00f3n que realizar\u00e1 el pleno de la C\u00e1mara alta tambi\u00e9n se debatir\u00e1n cuatro acuerdos internacionales, y la aprobaci\u00f3n de los pliegos de un juez y un militar.<\/p>\n<p>Fuente: Elonce.com<\/p>\n","protected":false},"excerpt":{"rendered":"<p>La C&aacute;mara alta sesionar&aacute; este mi&eacute;rcoles, desde las 13.30, para sancionar una iniciativa avalada por Diputados el 21 de noviembre del a&ntilde;o pasado. Adem&aacute;s se debatir&aacute;n cuatro acuerdos internacionales y la aprobaci&oacute;n de pliegos. El pleno del Senado sesionar&aacute; este mi&eacute;rcoles, desde las 13.30, para sancionar un proyecto de ley que propone una pena de [&hellip;]<\/p>\n","protected":false},"author":2,"featured_media":0,"comment_status":"open","ping_status":"open","sticky":false,"template":"","format":"standard","meta":{"fifu_image_url":"","fifu_image_alt":"","footnotes":""},"categories":[6],"tags":[],"class_list":{"0":"post-371","1":"post","2":"type-post","3":"status-publish","4":"format-standard","6":"category-entre-rios"},"yoast_head":"<title>Pol\u00edtica: el Senado tratar\u00e1 el proyecto que impone penas por explotaci\u00f3n laboral infantil - Informe Litoral<\/title>\n<meta name=\"robots\" content=\"index, follow, max-snippet:-1, max-image-preview:large, max-video-preview:-1\" \/>\n<link rel=\"canonical\" href=\"https:\/\/informelitoral.com.ar\/politica-el-senado-tratara-el-proyecto-que-impone-penas-por-explotacion-laboral-infantil\/\" \/>\n<meta property=\"og:locale\" content=\"es_ES\" \/>\n<meta property=\"og:type\" content=\"article\" \/>\n<meta property=\"og:title\" content=\"Pol\u00edtica: el Senado tratar\u00e1 el proyecto que impone penas por explotaci\u00f3n laboral infantil - Informe Litoral\" \/>\n<meta property=\"og:description\" content=\"La C&aacute;mara alta sesionar&aacute; este mi&eacute;rcoles, desde las 13.30, para sancionar una iniciativa avalada por Diputados el 21 de noviembre del a&ntilde;o pasado. Adem&aacute;s se debatir&aacute;n cuatro acuerdos internacionales y la aprobaci&oacute;n de pliegos. El pleno del Senado sesionar&aacute; este mi&eacute;rcoles, desde las 13.30, para sancionar un proyecto de ley que propone una pena de [&hellip;]\" \/>\n<meta property=\"og:url\" content=\"https:\/\/informelitoral.com.ar\/politica-el-senado-tratara-el-proyecto-que-impone-penas-por-explotacion-laboral-infantil\/\" \/>\n<meta property=\"og:site_name\" content=\"Informe Litoral\" \/>\n<meta property=\"article:publisher\" content=\"https:\/\/www.facebook.com\/informelitoral\/\" \/>\n<meta property=\"article:published_time\" content=\"2013-03-20T04:18:10+00:00\" \/>\n<meta property=\"og:image\" content=\"https:\/\/informelitoral.com.ar\/%77%70%2d%63%6f%6e%74%65%6e%74\/uploads\/2013\/03\/senado.jpg\" \/>\n\t<meta property=\"og:image:width\" content=\"432\" \/>\n\t<meta property=\"og:image:height\" content=\"324\" \/>\n\t<meta property=\"og:image:type\" content=\"image\/jpeg\" \/>\n<meta name=\"author\" content=\"Gonzalo Schmidt\" \/>\n<meta name=\"twitter:card\" content=\"summary_large_image\" \/>\n<meta name=\"twitter:creator\" content=\"@InformeLitoral\" \/>\n<meta name=\"twitter:site\" content=\"@InformeLitoral\" \/>\n<meta name=\"twitter:label1\" content=\"Escrito por\" \/>\n\t<meta name=\"twitter:data1\" content=\"Gonzalo Schmidt\" \/>\n\t<meta name=\"twitter:label2\" content=\"Tiempo de lectura\" \/>\n\t<meta name=\"twitter:data2\" content=\"1 minuto\" \/>\n<script type=\"application\/ld+json\" class=\"yoast-schema-graph\">{\"@context\":\"https:\\\/\\\/schema.org\",\"@graph\":[{\"@type\":\"Article\",\"@id\":\"https:\\\/\\\/informelitoral.com.ar\\\/politica-el-senado-tratara-el-proyecto-que-impone-penas-por-explotacion-laboral-infantil\\\/#article\",\"isPartOf\":{\"@id\":\"https:\\\/\\\/informelitoral.com.ar\\\/politica-el-senado-tratara-el-proyecto-que-impone-penas-por-explotacion-laboral-infantil\\\/\"},\"author\":{\"name\":\"Gonzalo Schmidt\",\"@id\":\"https:\\\/\\\/informelitoral.com.ar\\\/#\\\/schema\\\/person\\\/b9d00407c836482871ef1d57bf8e3180\"},\"headline\":\"Pol\u00edtica: el Senado tratar\u00e1 el proyecto que impone penas por explotaci\u00f3n laboral infantil\",\"datePublished\":\"2013-03-20T04:18:10+00:00\",\"mainEntityOfPage\":{\"@id\":\"https:\\\/\\\/informelitoral.com.ar\\\/politica-el-senado-tratara-el-proyecto-que-impone-penas-por-explotacion-laboral-infantil\\\/\"},\"wordCount\":245,\"commentCount\":0,\"publisher\":{\"@id\":\"https:\\\/\\\/informelitoral.com.ar\\\/#organization\"},\"image\":{\"@id\":\"https:\\\/\\\/informelitoral.com.ar\\\/politica-el-senado-tratara-el-proyecto-que-impone-penas-por-explotacion-laboral-infantil\\\/#primaryimage\"},\"thumbnailUrl\":\"http:\\\/\\\/www.isletasnoticias.com.ar\\\/%77%70%2d%63%6f%6e%74%65%6e%74\\\/uploads\\\/2013\\\/03\\\/senado-300x225.jpg\",\"articleSection\":[\"Entre R\u00edos\"],\"inLanguage\":\"es\",\"potentialAction\":[{\"@type\":\"CommentAction\",\"name\":\"Comment\",\"target\":[\"https:\\\/\\\/informelitoral.com.ar\\\/politica-el-senado-tratara-el-proyecto-que-impone-penas-por-explotacion-laboral-infantil\\\/#respond\"]}]},{\"@type\":\"WebPage\",\"@id\":\"https:\\\/\\\/informelitoral.com.ar\\\/politica-el-senado-tratara-el-proyecto-que-impone-penas-por-explotacion-laboral-infantil\\\/\",\"url\":\"https:\\\/\\\/informelitoral.com.ar\\\/politica-el-senado-tratara-el-proyecto-que-impone-penas-por-explotacion-laboral-infantil\\\/\",\"name\":\"Pol\u00edtica: el Senado tratar\u00e1 el proyecto que impone penas por explotaci\u00f3n laboral infantil - Informe Litoral\",\"isPartOf\":{\"@id\":\"https:\\\/\\\/informelitoral.com.ar\\\/#website\"},\"primaryImageOfPage\":{\"@id\":\"https:\\\/\\\/informelitoral.com.ar\\\/politica-el-senado-tratara-el-proyecto-que-impone-penas-por-explotacion-laboral-infantil\\\/#primaryimage\"},\"image\":{\"@id\":\"https:\\\/\\\/informelitoral.com.ar\\\/politica-el-senado-tratara-el-proyecto-que-impone-penas-por-explotacion-laboral-infantil\\\/#primaryimage\"},\"thumbnailUrl\":\"http:\\\/\\\/www.isletasnoticias.com.ar\\\/%77%70%2d%63%6f%6e%74%65%6e%74\\\/uploads\\\/2013\\\/03\\\/senado-300x225.jpg\",\"datePublished\":\"2013-03-20T04:18:10+00:00\",\"breadcrumb\":{\"@id\":\"https:\\\/\\\/informelitoral.com.ar\\\/politica-el-senado-tratara-el-proyecto-que-impone-penas-por-explotacion-laboral-infantil\\\/#breadcrumb\"},\"inLanguage\":\"es\",\"potentialAction\":[{\"@type\":\"ReadAction\",\"target\":[\"https:\\\/\\\/informelitoral.com.ar\\\/politica-el-senado-tratara-el-proyecto-que-impone-penas-por-explotacion-laboral-infantil\\\/\"]}]},{\"@type\":\"ImageObject\",\"inLanguage\":\"es\",\"@id\":\"https:\\\/\\\/informelitoral.com.ar\\\/politica-el-senado-tratara-el-proyecto-que-impone-penas-por-explotacion-laboral-infantil\\\/#primaryimage\",\"url\":\"http:\\\/\\\/www.isletasnoticias.com.ar\\\/%77%70%2d%63%6f%6e%74%65%6e%74\\\/uploads\\\/2013\\\/03\\\/senado-300x225.jpg\",\"contentUrl\":\"http:\\\/\\\/www.isletasnoticias.com.ar\\\/%77%70%2d%63%6f%6e%74%65%6e%74\\\/uploads\\\/2013\\\/03\\\/senado-300x225.jpg\"},{\"@type\":\"BreadcrumbList\",\"@id\":\"https:\\\/\\\/informelitoral.com.ar\\\/politica-el-senado-tratara-el-proyecto-que-impone-penas-por-explotacion-laboral-infantil\\\/#breadcrumb\",\"itemListElement\":[{\"@type\":\"ListItem\",\"position\":1,\"name\":\"Portada\",\"item\":\"https:\\\/\\\/informelitoral.com.ar\\\/\"},{\"@type\":\"ListItem\",\"position\":2,\"name\":\"Pol\u00edtica: el Senado tratar\u00e1 el proyecto que impone penas por explotaci\u00f3n laboral infantil\"}]},{\"@type\":\"WebSite\",\"@id\":\"https:\\\/\\\/informelitoral.com.ar\\\/#website\",\"url\":\"https:\\\/\\\/informelitoral.com.ar\\\/\",\"name\":\"Informe Litoral\",\"description\":\"&quot;Nos informamos&quot; \",\"publisher\":{\"@id\":\"https:\\\/\\\/informelitoral.com.ar\\\/#organization\"},\"potentialAction\":[{\"@type\":\"SearchAction\",\"target\":{\"@type\":\"EntryPoint\",\"urlTemplate\":\"https:\\\/\\\/informelitoral.com.ar\\\/?s={search_term_string}\"},\"query-input\":{\"@type\":\"PropertyValueSpecification\",\"valueRequired\":true,\"valueName\":\"search_term_string\"}}],\"inLanguage\":\"es\"},{\"@type\":\"Organization\",\"@id\":\"https:\\\/\\\/informelitoral.com.ar\\\/#organization\",\"name\":\"Informe Litoral\",\"url\":\"https:\\\/\\\/informelitoral.com.ar\\\/\",\"logo\":{\"@type\":\"ImageObject\",\"inLanguage\":\"es\",\"@id\":\"https:\\\/\\\/informelitoral.com.ar\\\/#\\\/schema\\\/logo\\\/image\\\/\",\"url\":\"https:\\\/\\\/informelitoral.com.ar\\\/%77%70%2d%63%6f%6e%74%65%6e%74\\\/uploads\\\/2021\\\/01\\\/circulo.png\",\"contentUrl\":\"https:\\\/\\\/informelitoral.com.ar\\\/%77%70%2d%63%6f%6e%74%65%6e%74\\\/uploads\\\/2021\\\/01\\\/circulo.png\",\"width\":723,\"height\":731,\"caption\":\"Informe Litoral\"},\"image\":{\"@id\":\"https:\\\/\\\/informelitoral.com.ar\\\/#\\\/schema\\\/logo\\\/image\\\/\"},\"sameAs\":[\"https:\\\/\\\/www.facebook.com\\\/informelitoral\\\/\",\"https:\\\/\\\/x.com\\\/InformeLitoral\",\"https:\\\/\\\/www.instagram.com\\\/informelitoral\\\/\",\"https:\\\/\\\/www.youtube.com\\\/channel\\\/UCua4Qvz8Icb6MYqhoq9xLXw\"]},{\"@type\":\"Person\",\"@id\":\"https:\\\/\\\/informelitoral.com.ar\\\/#\\\/schema\\\/person\\\/b9d00407c836482871ef1d57bf8e3180\",\"name\":\"Gonzalo Schmidt\",\"image\":{\"@type\":\"ImageObject\",\"inLanguage\":\"es\",\"@id\":\"https:\\\/\\\/secure.gravatar.com\\\/avatar\\\/31a1a7b66ff2de83bd0e9fd79d026630d2d99e55e8bfe501287647b4fd9743de?s=96&d=mm&r=g\",\"url\":\"https:\\\/\\\/secure.gravatar.com\\\/avatar\\\/31a1a7b66ff2de83bd0e9fd79d026630d2d99e55e8bfe501287647b4fd9743de?s=96&d=mm&r=g\",\"contentUrl\":\"https:\\\/\\\/secure.gravatar.com\\\/avatar\\\/31a1a7b66ff2de83bd0e9fd79d026630d2d99e55e8bfe501287647b4fd9743de?s=96&d=mm&r=g\",\"caption\":\"Gonzalo Schmidt\"},\"description\":\"Sitio web de noticias de la provincia de Entre R\u00edos, Argentina. Informaci\u00f3n y entretenimiento. Informe Litoral, nos informamos.\",\"sameAs\":[\"http:\\\/\\\/www.isletasnoticias.com.ar\"],\"url\":\"https:\\\/\\\/informelitoral.com.ar\\\/author\\\/gonzalo\\\/\"}]}<\/script>","yoast_head_json":{"title":"Pol\u00edtica: el Senado tratar\u00e1 el proyecto que impone penas por explotaci\u00f3n laboral infantil - Informe Litoral","robots":{"index":"index","follow":"follow","max-snippet":"max-snippet:-1","max-image-preview":"max-image-preview:large","max-video-preview":"max-video-preview:-1"},"canonical":"https:\/\/informelitoral.com.ar\/politica-el-senado-tratara-el-proyecto-que-impone-penas-por-explotacion-laboral-infantil\/","og_locale":"es_ES","og_type":"article","og_title":"Pol\u00edtica: el Senado tratar\u00e1 el proyecto que impone penas por explotaci\u00f3n laboral infantil - Informe Litoral","og_description":"La C&aacute;mara alta sesionar&aacute; este mi&eacute;rcoles, desde las 13.30, para sancionar una iniciativa avalada por Diputados el 21 de noviembre del a&ntilde;o pasado. Adem&aacute;s se debatir&aacute;n cuatro acuerdos internacionales y la aprobaci&oacute;n de pliegos. El pleno del Senado sesionar&aacute; este mi&eacute;rcoles, desde las 13.30, para sancionar un proyecto de ley que propone una pena de [&hellip;]","og_url":"https:\/\/informelitoral.com.ar\/politica-el-senado-tratara-el-proyecto-que-impone-penas-por-explotacion-laboral-infantil\/","og_site_name":"Informe Litoral","article_publisher":"https:\/\/www.facebook.com\/informelitoral\/","article_published_time":"2013-03-20T04:18:10+00:00","og_image":[{"width":432,"height":324,"url":"https:\/\/informelitoral.com.ar\/%77%70%2d%63%6f%6e%74%65%6e%74\/uploads\/2013\/03\/senado.jpg","type":"image\/jpeg"}],"author":"Gonzalo Schmidt","twitter_card":"summary_large_image","twitter_creator":"@InformeLitoral","twitter_site":"@InformeLitoral","twitter_misc":{"Escrito por":"Gonzalo Schmidt","Tiempo de lectura":"1 minuto"},"schema":{"@context":"https:\/\/schema.org","@graph":[{"@type":"Article","@id":"https:\/\/informelitoral.com.ar\/politica-el-senado-tratara-el-proyecto-que-impone-penas-por-explotacion-laboral-infantil\/#article","isPartOf":{"@id":"https:\/\/informelitoral.com.ar\/politica-el-senado-tratara-el-proyecto-que-impone-penas-por-explotacion-laboral-infantil\/"},"author":{"name":"Gonzalo Schmidt","@id":"https:\/\/informelitoral.com.ar\/#\/schema\/person\/b9d00407c836482871ef1d57bf8e3180"},"headline":"Pol\u00edtica: el Senado tratar\u00e1 el proyecto que impone penas por explotaci\u00f3n laboral infantil","datePublished":"2013-03-20T04:18:10+00:00","mainEntityOfPage":{"@id":"https:\/\/informelitoral.com.ar\/politica-el-senado-tratara-el-proyecto-que-impone-penas-por-explotacion-laboral-infantil\/"},"wordCount":245,"commentCount":0,"publisher":{"@id":"https:\/\/informelitoral.com.ar\/#organization"},"image":{"@id":"https:\/\/informelitoral.com.ar\/politica-el-senado-tratara-el-proyecto-que-impone-penas-por-explotacion-laboral-infantil\/#primaryimage"},"thumbnailUrl":"http:\/\/www.isletasnoticias.com.ar\/%77%70%2d%63%6f%6e%74%65%6e%74\/uploads\/2013\/03\/senado-300x225.jpg","articleSection":["Entre R\u00edos"],"inLanguage":"es","potentialAction":[{"@type":"CommentAction","name":"Comment","target":["https:\/\/informelitoral.com.ar\/politica-el-senado-tratara-el-proyecto-que-impone-penas-por-explotacion-laboral-infantil\/#respond"]}]},{"@type":"WebPage","@id":"https:\/\/informelitoral.com.ar\/politica-el-senado-tratara-el-proyecto-que-impone-penas-por-explotacion-laboral-infantil\/","url":"https:\/\/informelitoral.com.ar\/politica-el-senado-tratara-el-proyecto-que-impone-penas-por-explotacion-laboral-infantil\/","name":"Pol\u00edtica: el Senado tratar\u00e1 el proyecto que impone penas por explotaci\u00f3n laboral infantil - Informe Litoral","isPartOf":{"@id":"https:\/\/informelitoral.com.ar\/#website"},"primaryImageOfPage":{"@id":"https:\/\/informelitoral.com.ar\/politica-el-senado-tratara-el-proyecto-que-impone-penas-por-explotacion-laboral-infantil\/#primaryimage"},"image":{"@id":"https:\/\/informelitoral.com.ar\/politica-el-senado-tratara-el-proyecto-que-impone-penas-por-explotacion-laboral-infantil\/#primaryimage"},"thumbnailUrl":"http:\/\/www.isletasnoticias.com.ar\/%77%70%2d%63%6f%6e%74%65%6e%74\/uploads\/2013\/03\/senado-300x225.jpg","datePublished":"2013-03-20T04:18:10+00:00","breadcrumb":{"@id":"https:\/\/informelitoral.com.ar\/politica-el-senado-tratara-el-proyecto-que-impone-penas-por-explotacion-laboral-infantil\/#breadcrumb"},"inLanguage":"es","potentialAction":[{"@type":"ReadAction","target":["https:\/\/informelitoral.com.ar\/politica-el-senado-tratara-el-proyecto-que-impone-penas-por-explotacion-laboral-infantil\/"]}]},{"@type":"ImageObject","inLanguage":"es","@id":"https:\/\/informelitoral.com.ar\/politica-el-senado-tratara-el-proyecto-que-impone-penas-por-explotacion-laboral-infantil\/#primaryimage","url":"http:\/\/www.isletasnoticias.com.ar\/%77%70%2d%63%6f%6e%74%65%6e%74\/uploads\/2013\/03\/senado-300x225.jpg","contentUrl":"http:\/\/www.isletasnoticias.com.ar\/%77%70%2d%63%6f%6e%74%65%6e%74\/uploads\/2013\/03\/senado-300x225.jpg"},{"@type":"BreadcrumbList","@id":"https:\/\/informelitoral.com.ar\/politica-el-senado-tratara-el-proyecto-que-impone-penas-por-explotacion-laboral-infantil\/#breadcrumb","itemListElement":[{"@type":"ListItem","position":1,"name":"Portada","item":"https:\/\/informelitoral.com.ar\/"},{"@type":"ListItem","position":2,"name":"Pol\u00edtica: el Senado tratar\u00e1 el proyecto que impone penas por explotaci\u00f3n laboral infantil"}]},{"@type":"WebSite","@id":"https:\/\/informelitoral.com.ar\/#website","url":"https:\/\/informelitoral.com.ar\/","name":"Informe Litoral","description":"&quot;Nos informamos&quot; ","publisher":{"@id":"https:\/\/informelitoral.com.ar\/#organization"},"potentialAction":[{"@type":"SearchAction","target":{"@type":"EntryPoint","urlTemplate":"https:\/\/informelitoral.com.ar\/?s={search_term_string}"},"query-input":{"@type":"PropertyValueSpecification","valueRequired":true,"valueName":"search_term_string"}}],"inLanguage":"es"},{"@type":"Organization","@id":"https:\/\/informelitoral.com.ar\/#organization","name":"Informe Litoral","url":"https:\/\/informelitoral.com.ar\/","logo":{"@type":"ImageObject","inLanguage":"es","@id":"https:\/\/informelitoral.com.ar\/#\/schema\/logo\/image\/","url":"https:\/\/informelitoral.com.ar\/%77%70%2d%63%6f%6e%74%65%6e%74\/uploads\/2021\/01\/circulo.png","contentUrl":"https:\/\/informelitoral.com.ar\/%77%70%2d%63%6f%6e%74%65%6e%74\/uploads\/2021\/01\/circulo.png","width":723,"height":731,"caption":"Informe Litoral"},"image":{"@id":"https:\/\/informelitoral.com.ar\/#\/schema\/logo\/image\/"},"sameAs":["https:\/\/www.facebook.com\/informelitoral\/","https:\/\/x.com\/InformeLitoral","https:\/\/www.instagram.com\/informelitoral\/","https:\/\/www.youtube.com\/channel\/UCua4Qvz8Icb6MYqhoq9xLXw"]},{"@type":"Person","@id":"https:\/\/informelitoral.com.ar\/#\/schema\/person\/b9d00407c836482871ef1d57bf8e3180","name":"Gonzalo Schmidt","image":{"@type":"ImageObject","inLanguage":"es","@id":"https:\/\/secure.gravatar.com\/avatar\/31a1a7b66ff2de83bd0e9fd79d026630d2d99e55e8bfe501287647b4fd9743de?s=96&d=mm&r=g","url":"https:\/\/secure.gravatar.com\/avatar\/31a1a7b66ff2de83bd0e9fd79d026630d2d99e55e8bfe501287647b4fd9743de?s=96&d=mm&r=g","contentUrl":"https:\/\/secure.gravatar.com\/avatar\/31a1a7b66ff2de83bd0e9fd79d026630d2d99e55e8bfe501287647b4fd9743de?s=96&d=mm&r=g","caption":"Gonzalo Schmidt"},"description":"Sitio web de noticias de la provincia de Entre R\u00edos, Argentina. Informaci\u00f3n y entretenimiento. Informe Litoral, nos informamos.","sameAs":["http:\/\/www.isletasnoticias.com.ar"],"url":"https:\/\/informelitoral.com.ar\/author\/gonzalo\/"}]}},"_links":{"self":[{"href":"https:\/\/informelitoral.com.ar\/%77%70%2d%6a%73%6f%6e\/wp\/v2\/posts\/371","targetHints":{"allow":["GET"]}}],"collection":[{"href":"https:\/\/informelitoral.com.ar\/%77%70%2d%6a%73%6f%6e\/wp\/v2\/posts"}],"about":[{"href":"https:\/\/informelitoral.com.ar\/%77%70%2d%6a%73%6f%6e\/wp\/v2\/types\/post"}],"author":[{"embeddable":true,"href":"https:\/\/informelitoral.com.ar\/%77%70%2d%6a%73%6f%6e\/wp\/v2\/users\/2"}],"replies":[{"embeddable":true,"href":"https:\/\/informelitoral.com.ar\/%77%70%2d%6a%73%6f%6e\/wp\/v2\/comments?post=371"}],"version-history":[{"count":0,"href":"https:\/\/informelitoral.com.ar\/%77%70%2d%6a%73%6f%6e\/wp\/v2\/posts\/371\/revisions"}],"wp:attachment":[{"href":"https:\/\/informelitoral.com.ar\/%77%70%2d%6a%73%6f%6e\/wp\/v2\/media?parent=371"}],"wp:term":[{"taxonomy":"category","embeddable":true,"href":"https:\/\/informelitoral.com.ar\/%77%70%2d%6a%73%6f%6e\/wp\/v2\/categories?post=371"},{"taxonomy":"post_tag","embeddable":true,"href":"https:\/\/informelitoral.com.ar\/%77%70%2d%6a%73%6f%6e\/wp\/v2\/tags?post=371"}],"curies":[{"name":"wp","href":"https:\/\/api.w.org\/{rel}","templated":true}]}}