{"id":37042,"date":"2019-10-09T07:24:20","date_gmt":"2019-10-09T10:24:20","guid":{"rendered":"https:\/\/www.isletasnoticias.com.ar\/?p=37042"},"modified":"2019-10-09T07:24:20","modified_gmt":"2019-10-09T10:24:20","slug":"la-faena-de-hembras-sigue-en-niveles-record-y-ahora-alcanza-a-las-vaquillonas","status":"publish","type":"post","link":"https:\/\/informelitoral.com.ar\/la-faena-de-hembras-sigue-en-niveles-record-y-ahora-alcanza-a-las-vaquillonas\/","title":{"rendered":"La faena de hembras sigue en niveles r\u00e9cord y ahora alcanza a las vaquillonas"},"content":{"rendered":"<p>La faena de hembras sigue en aumento y ya alcanza el 49,1% del total enviado al matadero, ante la necesidad de los ganaderos de cubrir sus deudas. En el sector advierten que ahora el fen\u00f3meno se extendi\u00f3 a las vaquillonas, las futuras madres, que son absorbidas por la exportaci\u00f3n frente a un mercado interno que sigue retra\u00eddo. En ese marco, las ventas al exterior tocaron su m\u00e1ximo en agosto.<\/p>\n<p>\u00abLos productores ganaderos continuaron reduciendo sus rodeos y la participaci\u00f3n de las hembras en la faena total fue superior a la observada en septiembre del a\u00f1o pasado\u00bb, sostuvo en su informe mensual la C\u00e1mara de la Industria y Comercio de Carnes y Derivados de la Rep\u00fablica Argentina ( Ciccra).<\/p>\n<figure class=\"embed\">\n<div class=\"cl-cl-14 margin-0\"><img decoding=\"async\" class=\"lazy-lotta aligncenter\" src=\"https:\/\/www.campoenaccion.com\/galeria\/fotos\/2019\/10\/08\/o_1570537512.jpg\" alt=\"\" width=\"100%\" \/><\/div>\n<\/figure>\n<p>Seg\u00fan la entidad, la participaci\u00f3n de las hembras en el total se ubic\u00f3 en 49,1% entre enero y septiembre, creciendo 10,8% anual mientras que la de machos disminuy\u00f3 6,3% anual, public\u00f3 <em>BAE Negocios.<\/em><\/p>\n<p>Al desagregar la faena de hembras se observa que la categor\u00eda vacas se mantuvo en 206.000 animales sobre lo visto en agosto, aunque cay\u00f3 un 17,1% en comparaci\u00f3n a 2018. El dato es que las vaquillonas, ascendieron a 350.000 cabezas, mostrando un crecimiento de 33,4% interanual. De esta forma, su participaci\u00f3n en la faena total lleg\u00f3 a 29,1%.<\/p>\n<p>\u00abLa exportaci\u00f3n se est\u00e1 llevando cualquier cosa, hasta el novillo que va al consumo interno\u00bb, alert\u00f3 el presidente de Ciccra, Miguel Schiariti, quien agreg\u00f3: \u00abno vamos a tener vacas el a\u00f1o que viene y por ende tampoco los terneros\u00bb.<\/p>\n<p>Desde la Confederaci\u00f3n de Asociaciones Rurales de Buenos Aires y La Pampa (Carbap), su vicepresidente tercero, Mariano Williams se mostr\u00f3 contrario a lo dicho por Ciccra y afirm\u00f3 que \u00abno se est\u00e1 embargando a las futuras madres porque el stock crecer\u00e1 gracias a los servicios de 2017 desde donde se viene creciendo\u00bb.<\/p>\n<p>Por otro lado, el productor reconoci\u00f3 que si no estuviera presente la exportaci\u00f3n, el ganadero tendr\u00eda a enviar m\u00e1s animales a Liniers para pagar sus deudas. \u00abHoy en vez de mandar 3 o 4 animales, manda uno y con eso cubre los gastos dado que la industria paga mucho m\u00e1s\u00bb, dijo.<\/p>\n<p>Los env\u00edos cerraron agosto con un m\u00e1ximo de 53.000 toneladas peso producto. En relaci\u00f3n a un a\u00f1o atr\u00e1s se observ\u00f3 un crecimiento de 51,2% y al mismo tiempo, se super\u00f3 en 2,5% el pico de noviembre de 2005. Con estos guarismos, la cadena de valor de la carne vacuna est\u00e1 a las puertas de establecer un nuevo m\u00e1ximo hist\u00f3rico en materia de exportaciones. Hasta el momento el r\u00e9cord est\u00e1 ubicado en 1969 con 775 mil la tonelada de res con hueso. China sigue siendo el principal comprador. A la fecha exportaci\u00f3n ya se lleva un 25% de lo que se faena, afirm\u00f3 Ciccra.<\/p>\n<p>Por \u00faltimo subray\u00f3 que el consumo per c\u00e1pita de carne vacuna en septiembre se ubic\u00f3 en 52,3 kg. Al tomar el promedio m\u00f3vil de los \u00faltimos 12 meses se observa una baja del 9,3% anual o de 5 kg. Por su parte, el acumulado de lo que va de 2019 es de 50,8 kg, con una merma del 10,5%.<\/p>\n","protected":false},"excerpt":{"rendered":"<p>Es seg\u00fan el informe mensual la C\u00e1mara de la Industria y Comercio de Carnes y Derivados de la Rep\u00fablica Argentina ( Ciccra). Es debido al notable aumento de las exportaciones. Sin embargo, el consumo interno sigue en baja. <\/p>\n","protected":false},"author":2,"featured_media":19549,"comment_status":"open","ping_status":"open","sticky":false,"template":"","format":"standard","meta":{"fifu_image_url":"","fifu_image_alt":"","footnotes":""},"categories":[10],"tags":[389,751,650,162],"class_list":{"0":"post-37042","1":"post","2":"type-post","3":"status-publish","4":"format-standard","5":"has-post-thumbnail","7":"category-campo","8":"tag-carne","9":"tag-carne-vacuna","10":"tag-frigorifico","11":"tag-ganaderia"},"yoast_head":"<title>La faena de hembras sigue en niveles r\u00e9cord y ahora alcanza a las vaquillonas - Informe Litoral<\/title>\n<meta name=\"robots\" content=\"index, follow, max-snippet:-1, max-image-preview:large, max-video-preview:-1\" \/>\n<link rel=\"canonical\" href=\"https:\/\/informelitoral.com.ar\/la-faena-de-hembras-sigue-en-niveles-record-y-ahora-alcanza-a-las-vaquillonas\/\" \/>\n<meta property=\"og:locale\" content=\"es_ES\" \/>\n<meta property=\"og:type\" content=\"article\" \/>\n<meta property=\"og:title\" content=\"La faena de hembras sigue en niveles r\u00e9cord y ahora alcanza a las vaquillonas - Informe Litoral\" \/>\n<meta property=\"og:description\" content=\"Es seg\u00fan el informe mensual la C\u00e1mara de la Industria y Comercio de Carnes y Derivados de la Rep\u00fablica Argentina ( Ciccra). Es debido al notable aumento de las exportaciones. Sin embargo, el consumo interno sigue en baja.\" \/>\n<meta property=\"og:url\" content=\"https:\/\/informelitoral.com.ar\/la-faena-de-hembras-sigue-en-niveles-record-y-ahora-alcanza-a-las-vaquillonas\/\" \/>\n<meta property=\"og:site_name\" content=\"Informe Litoral\" \/>\n<meta property=\"article:publisher\" content=\"https:\/\/www.facebook.com\/informelitoral\/\" \/>\n<meta property=\"article:published_time\" content=\"2019-10-09T10:24:20+00:00\" \/>\n<meta property=\"og:image\" content=\"https:\/\/informelitoral.com.ar\/%77%70%2d%63%6f%6e%74%65%6e%74\/uploads\/2016\/12\/Carne-bovina-960.jpg\" \/>\n\t<meta property=\"og:image:width\" content=\"960\" \/>\n\t<meta property=\"og:image:height\" content=\"426\" \/>\n\t<meta property=\"og:image:type\" content=\"image\/jpeg\" \/>\n<meta name=\"author\" content=\"Gonzalo Schmidt\" \/>\n<meta name=\"twitter:card\" content=\"summary_large_image\" \/>\n<meta name=\"twitter:creator\" content=\"@InformeLitoral\" \/>\n<meta name=\"twitter:site\" content=\"@InformeLitoral\" \/>\n<meta name=\"twitter:label1\" content=\"Escrito por\" \/>\n\t<meta name=\"twitter:data1\" content=\"Gonzalo Schmidt\" \/>\n\t<meta name=\"twitter:label2\" content=\"Tiempo de lectura\" \/>\n\t<meta name=\"twitter:data2\" content=\"3 minutos\" \/>\n<script type=\"application\/ld+json\" class=\"yoast-schema-graph\">{\"@context\":\"https:\\\/\\\/schema.org\",\"@graph\":[{\"@type\":\"Article\",\"@id\":\"https:\\\/\\\/informelitoral.com.ar\\\/la-faena-de-hembras-sigue-en-niveles-record-y-ahora-alcanza-a-las-vaquillonas\\\/#article\",\"isPartOf\":{\"@id\":\"https:\\\/\\\/informelitoral.com.ar\\\/la-faena-de-hembras-sigue-en-niveles-record-y-ahora-alcanza-a-las-vaquillonas\\\/\"},\"author\":{\"name\":\"Gonzalo Schmidt\",\"@id\":\"https:\\\/\\\/informelitoral.com.ar\\\/#\\\/schema\\\/person\\\/b9d00407c836482871ef1d57bf8e3180\"},\"headline\":\"La faena de hembras sigue en niveles r\u00e9cord y ahora alcanza a las vaquillonas\",\"datePublished\":\"2019-10-09T10:24:20+00:00\",\"mainEntityOfPage\":{\"@id\":\"https:\\\/\\\/informelitoral.com.ar\\\/la-faena-de-hembras-sigue-en-niveles-record-y-ahora-alcanza-a-las-vaquillonas\\\/\"},\"wordCount\":531,\"commentCount\":0,\"publisher\":{\"@id\":\"https:\\\/\\\/informelitoral.com.ar\\\/#organization\"},\"image\":{\"@id\":\"https:\\\/\\\/informelitoral.com.ar\\\/la-faena-de-hembras-sigue-en-niveles-record-y-ahora-alcanza-a-las-vaquillonas\\\/#primaryimage\"},\"thumbnailUrl\":\"https:\\\/\\\/informelitoral.com.ar\\\/%77%70%2d%63%6f%6e%74%65%6e%74\\\/uploads\\\/2016\\\/12\\\/Carne-bovina-960.jpg\",\"keywords\":[\"Carne\",\"Carne vacuna\",\"Frigor\u00edfico\",\"Ganader\u00eda\"],\"articleSection\":[\"Campo\"],\"inLanguage\":\"es\",\"potentialAction\":[{\"@type\":\"CommentAction\",\"name\":\"Comment\",\"target\":[\"https:\\\/\\\/informelitoral.com.ar\\\/la-faena-de-hembras-sigue-en-niveles-record-y-ahora-alcanza-a-las-vaquillonas\\\/#respond\"]}]},{\"@type\":\"WebPage\",\"@id\":\"https:\\\/\\\/informelitoral.com.ar\\\/la-faena-de-hembras-sigue-en-niveles-record-y-ahora-alcanza-a-las-vaquillonas\\\/\",\"url\":\"https:\\\/\\\/informelitoral.com.ar\\\/la-faena-de-hembras-sigue-en-niveles-record-y-ahora-alcanza-a-las-vaquillonas\\\/\",\"name\":\"La faena de hembras sigue en niveles r\u00e9cord y ahora alcanza a las vaquillonas - Informe Litoral\",\"isPartOf\":{\"@id\":\"https:\\\/\\\/informelitoral.com.ar\\\/#website\"},\"primaryImageOfPage\":{\"@id\":\"https:\\\/\\\/informelitoral.com.ar\\\/la-faena-de-hembras-sigue-en-niveles-record-y-ahora-alcanza-a-las-vaquillonas\\\/#primaryimage\"},\"image\":{\"@id\":\"https:\\\/\\\/informelitoral.com.ar\\\/la-faena-de-hembras-sigue-en-niveles-record-y-ahora-alcanza-a-las-vaquillonas\\\/#primaryimage\"},\"thumbnailUrl\":\"https:\\\/\\\/informelitoral.com.ar\\\/%77%70%2d%63%6f%6e%74%65%6e%74\\\/uploads\\\/2016\\\/12\\\/Carne-bovina-960.jpg\",\"datePublished\":\"2019-10-09T10:24:20+00:00\",\"breadcrumb\":{\"@id\":\"https:\\\/\\\/informelitoral.com.ar\\\/la-faena-de-hembras-sigue-en-niveles-record-y-ahora-alcanza-a-las-vaquillonas\\\/#breadcrumb\"},\"inLanguage\":\"es\",\"potentialAction\":[{\"@type\":\"ReadAction\",\"target\":[\"https:\\\/\\\/informelitoral.com.ar\\\/la-faena-de-hembras-sigue-en-niveles-record-y-ahora-alcanza-a-las-vaquillonas\\\/\"]}]},{\"@type\":\"ImageObject\",\"inLanguage\":\"es\",\"@id\":\"https:\\\/\\\/informelitoral.com.ar\\\/la-faena-de-hembras-sigue-en-niveles-record-y-ahora-alcanza-a-las-vaquillonas\\\/#primaryimage\",\"url\":\"https:\\\/\\\/informelitoral.com.ar\\\/%77%70%2d%63%6f%6e%74%65%6e%74\\\/uploads\\\/2016\\\/12\\\/Carne-bovina-960.jpg\",\"contentUrl\":\"https:\\\/\\\/informelitoral.com.ar\\\/%77%70%2d%63%6f%6e%74%65%6e%74\\\/uploads\\\/2016\\\/12\\\/Carne-bovina-960.jpg\",\"width\":960,\"height\":426},{\"@type\":\"BreadcrumbList\",\"@id\":\"https:\\\/\\\/informelitoral.com.ar\\\/la-faena-de-hembras-sigue-en-niveles-record-y-ahora-alcanza-a-las-vaquillonas\\\/#breadcrumb\",\"itemListElement\":[{\"@type\":\"ListItem\",\"position\":1,\"name\":\"Portada\",\"item\":\"https:\\\/\\\/informelitoral.com.ar\\\/\"},{\"@type\":\"ListItem\",\"position\":2,\"name\":\"La faena de hembras sigue en niveles r\u00e9cord y ahora alcanza a las vaquillonas\"}]},{\"@type\":\"WebSite\",\"@id\":\"https:\\\/\\\/informelitoral.com.ar\\\/#website\",\"url\":\"https:\\\/\\\/informelitoral.com.ar\\\/\",\"name\":\"Informe Litoral\",\"description\":\"&quot;Nos informamos&quot; \",\"publisher\":{\"@id\":\"https:\\\/\\\/informelitoral.com.ar\\\/#organization\"},\"potentialAction\":[{\"@type\":\"SearchAction\",\"target\":{\"@type\":\"EntryPoint\",\"urlTemplate\":\"https:\\\/\\\/informelitoral.com.ar\\\/?s={search_term_string}\"},\"query-input\":{\"@type\":\"PropertyValueSpecification\",\"valueRequired\":true,\"valueName\":\"search_term_string\"}}],\"inLanguage\":\"es\"},{\"@type\":\"Organization\",\"@id\":\"https:\\\/\\\/informelitoral.com.ar\\\/#organization\",\"name\":\"Informe Litoral\",\"url\":\"https:\\\/\\\/informelitoral.com.ar\\\/\",\"logo\":{\"@type\":\"ImageObject\",\"inLanguage\":\"es\",\"@id\":\"https:\\\/\\\/informelitoral.com.ar\\\/#\\\/schema\\\/logo\\\/image\\\/\",\"url\":\"https:\\\/\\\/informelitoral.com.ar\\\/%77%70%2d%63%6f%6e%74%65%6e%74\\\/uploads\\\/2021\\\/01\\\/circulo.png\",\"contentUrl\":\"https:\\\/\\\/informelitoral.com.ar\\\/%77%70%2d%63%6f%6e%74%65%6e%74\\\/uploads\\\/2021\\\/01\\\/circulo.png\",\"width\":723,\"height\":731,\"caption\":\"Informe Litoral\"},\"image\":{\"@id\":\"https:\\\/\\\/informelitoral.com.ar\\\/#\\\/schema\\\/logo\\\/image\\\/\"},\"sameAs\":[\"https:\\\/\\\/www.facebook.com\\\/informelitoral\\\/\",\"https:\\\/\\\/x.com\\\/InformeLitoral\",\"https:\\\/\\\/www.instagram.com\\\/informelitoral\\\/\",\"https:\\\/\\\/www.youtube.com\\\/channel\\\/UCua4Qvz8Icb6MYqhoq9xLXw\"]},{\"@type\":\"Person\",\"@id\":\"https:\\\/\\\/informelitoral.com.ar\\\/#\\\/schema\\\/person\\\/b9d00407c836482871ef1d57bf8e3180\",\"name\":\"Gonzalo Schmidt\",\"image\":{\"@type\":\"ImageObject\",\"inLanguage\":\"es\",\"@id\":\"https:\\\/\\\/secure.gravatar.com\\\/avatar\\\/31a1a7b66ff2de83bd0e9fd79d026630d2d99e55e8bfe501287647b4fd9743de?s=96&d=mm&r=g\",\"url\":\"https:\\\/\\\/secure.gravatar.com\\\/avatar\\\/31a1a7b66ff2de83bd0e9fd79d026630d2d99e55e8bfe501287647b4fd9743de?s=96&d=mm&r=g\",\"contentUrl\":\"https:\\\/\\\/secure.gravatar.com\\\/avatar\\\/31a1a7b66ff2de83bd0e9fd79d026630d2d99e55e8bfe501287647b4fd9743de?s=96&d=mm&r=g\",\"caption\":\"Gonzalo Schmidt\"},\"description\":\"Sitio web de noticias de la provincia de Entre R\u00edos, Argentina. Informaci\u00f3n y entretenimiento. Informe Litoral, nos informamos.\",\"sameAs\":[\"http:\\\/\\\/www.isletasnoticias.com.ar\"],\"url\":\"https:\\\/\\\/informelitoral.com.ar\\\/author\\\/gonzalo\\\/\"}]}<\/script>","yoast_head_json":{"title":"La faena de hembras sigue en niveles r\u00e9cord y ahora alcanza a las vaquillonas - Informe Litoral","robots":{"index":"index","follow":"follow","max-snippet":"max-snippet:-1","max-image-preview":"max-image-preview:large","max-video-preview":"max-video-preview:-1"},"canonical":"https:\/\/informelitoral.com.ar\/la-faena-de-hembras-sigue-en-niveles-record-y-ahora-alcanza-a-las-vaquillonas\/","og_locale":"es_ES","og_type":"article","og_title":"La faena de hembras sigue en niveles r\u00e9cord y ahora alcanza a las vaquillonas - Informe Litoral","og_description":"Es seg\u00fan el informe mensual la C\u00e1mara de la Industria y Comercio de Carnes y Derivados de la Rep\u00fablica Argentina ( Ciccra). Es debido al notable aumento de las exportaciones. Sin embargo, el consumo interno sigue en baja.","og_url":"https:\/\/informelitoral.com.ar\/la-faena-de-hembras-sigue-en-niveles-record-y-ahora-alcanza-a-las-vaquillonas\/","og_site_name":"Informe Litoral","article_publisher":"https:\/\/www.facebook.com\/informelitoral\/","article_published_time":"2019-10-09T10:24:20+00:00","og_image":[{"width":960,"height":426,"url":"https:\/\/informelitoral.com.ar\/%77%70%2d%63%6f%6e%74%65%6e%74\/uploads\/2016\/12\/Carne-bovina-960.jpg","type":"image\/jpeg"}],"author":"Gonzalo Schmidt","twitter_card":"summary_large_image","twitter_creator":"@InformeLitoral","twitter_site":"@InformeLitoral","twitter_misc":{"Escrito por":"Gonzalo Schmidt","Tiempo de lectura":"3 minutos"},"schema":{"@context":"https:\/\/schema.org","@graph":[{"@type":"Article","@id":"https:\/\/informelitoral.com.ar\/la-faena-de-hembras-sigue-en-niveles-record-y-ahora-alcanza-a-las-vaquillonas\/#article","isPartOf":{"@id":"https:\/\/informelitoral.com.ar\/la-faena-de-hembras-sigue-en-niveles-record-y-ahora-alcanza-a-las-vaquillonas\/"},"author":{"name":"Gonzalo Schmidt","@id":"https:\/\/informelitoral.com.ar\/#\/schema\/person\/b9d00407c836482871ef1d57bf8e3180"},"headline":"La faena de hembras sigue en niveles r\u00e9cord y ahora alcanza a las vaquillonas","datePublished":"2019-10-09T10:24:20+00:00","mainEntityOfPage":{"@id":"https:\/\/informelitoral.com.ar\/la-faena-de-hembras-sigue-en-niveles-record-y-ahora-alcanza-a-las-vaquillonas\/"},"wordCount":531,"commentCount":0,"publisher":{"@id":"https:\/\/informelitoral.com.ar\/#organization"},"image":{"@id":"https:\/\/informelitoral.com.ar\/la-faena-de-hembras-sigue-en-niveles-record-y-ahora-alcanza-a-las-vaquillonas\/#primaryimage"},"thumbnailUrl":"https:\/\/informelitoral.com.ar\/%77%70%2d%63%6f%6e%74%65%6e%74\/uploads\/2016\/12\/Carne-bovina-960.jpg","keywords":["Carne","Carne vacuna","Frigor\u00edfico","Ganader\u00eda"],"articleSection":["Campo"],"inLanguage":"es","potentialAction":[{"@type":"CommentAction","name":"Comment","target":["https:\/\/informelitoral.com.ar\/la-faena-de-hembras-sigue-en-niveles-record-y-ahora-alcanza-a-las-vaquillonas\/#respond"]}]},{"@type":"WebPage","@id":"https:\/\/informelitoral.com.ar\/la-faena-de-hembras-sigue-en-niveles-record-y-ahora-alcanza-a-las-vaquillonas\/","url":"https:\/\/informelitoral.com.ar\/la-faena-de-hembras-sigue-en-niveles-record-y-ahora-alcanza-a-las-vaquillonas\/","name":"La faena de hembras sigue en niveles r\u00e9cord y ahora alcanza a las vaquillonas - Informe Litoral","isPartOf":{"@id":"https:\/\/informelitoral.com.ar\/#website"},"primaryImageOfPage":{"@id":"https:\/\/informelitoral.com.ar\/la-faena-de-hembras-sigue-en-niveles-record-y-ahora-alcanza-a-las-vaquillonas\/#primaryimage"},"image":{"@id":"https:\/\/informelitoral.com.ar\/la-faena-de-hembras-sigue-en-niveles-record-y-ahora-alcanza-a-las-vaquillonas\/#primaryimage"},"thumbnailUrl":"https:\/\/informelitoral.com.ar\/%77%70%2d%63%6f%6e%74%65%6e%74\/uploads\/2016\/12\/Carne-bovina-960.jpg","datePublished":"2019-10-09T10:24:20+00:00","breadcrumb":{"@id":"https:\/\/informelitoral.com.ar\/la-faena-de-hembras-sigue-en-niveles-record-y-ahora-alcanza-a-las-vaquillonas\/#breadcrumb"},"inLanguage":"es","potentialAction":[{"@type":"ReadAction","target":["https:\/\/informelitoral.com.ar\/la-faena-de-hembras-sigue-en-niveles-record-y-ahora-alcanza-a-las-vaquillonas\/"]}]},{"@type":"ImageObject","inLanguage":"es","@id":"https:\/\/informelitoral.com.ar\/la-faena-de-hembras-sigue-en-niveles-record-y-ahora-alcanza-a-las-vaquillonas\/#primaryimage","url":"https:\/\/informelitoral.com.ar\/%77%70%2d%63%6f%6e%74%65%6e%74\/uploads\/2016\/12\/Carne-bovina-960.jpg","contentUrl":"https:\/\/informelitoral.com.ar\/%77%70%2d%63%6f%6e%74%65%6e%74\/uploads\/2016\/12\/Carne-bovina-960.jpg","width":960,"height":426},{"@type":"BreadcrumbList","@id":"https:\/\/informelitoral.com.ar\/la-faena-de-hembras-sigue-en-niveles-record-y-ahora-alcanza-a-las-vaquillonas\/#breadcrumb","itemListElement":[{"@type":"ListItem","position":1,"name":"Portada","item":"https:\/\/informelitoral.com.ar\/"},{"@type":"ListItem","position":2,"name":"La faena de hembras sigue en niveles r\u00e9cord y ahora alcanza a las vaquillonas"}]},{"@type":"WebSite","@id":"https:\/\/informelitoral.com.ar\/#website","url":"https:\/\/informelitoral.com.ar\/","name":"Informe Litoral","description":"&quot;Nos informamos&quot; ","publisher":{"@id":"https:\/\/informelitoral.com.ar\/#organization"},"potentialAction":[{"@type":"SearchAction","target":{"@type":"EntryPoint","urlTemplate":"https:\/\/informelitoral.com.ar\/?s={search_term_string}"},"query-input":{"@type":"PropertyValueSpecification","valueRequired":true,"valueName":"search_term_string"}}],"inLanguage":"es"},{"@type":"Organization","@id":"https:\/\/informelitoral.com.ar\/#organization","name":"Informe Litoral","url":"https:\/\/informelitoral.com.ar\/","logo":{"@type":"ImageObject","inLanguage":"es","@id":"https:\/\/informelitoral.com.ar\/#\/schema\/logo\/image\/","url":"https:\/\/informelitoral.com.ar\/%77%70%2d%63%6f%6e%74%65%6e%74\/uploads\/2021\/01\/circulo.png","contentUrl":"https:\/\/informelitoral.com.ar\/%77%70%2d%63%6f%6e%74%65%6e%74\/uploads\/2021\/01\/circulo.png","width":723,"height":731,"caption":"Informe Litoral"},"image":{"@id":"https:\/\/informelitoral.com.ar\/#\/schema\/logo\/image\/"},"sameAs":["https:\/\/www.facebook.com\/informelitoral\/","https:\/\/x.com\/InformeLitoral","https:\/\/www.instagram.com\/informelitoral\/","https:\/\/www.youtube.com\/channel\/UCua4Qvz8Icb6MYqhoq9xLXw"]},{"@type":"Person","@id":"https:\/\/informelitoral.com.ar\/#\/schema\/person\/b9d00407c836482871ef1d57bf8e3180","name":"Gonzalo Schmidt","image":{"@type":"ImageObject","inLanguage":"es","@id":"https:\/\/secure.gravatar.com\/avatar\/31a1a7b66ff2de83bd0e9fd79d026630d2d99e55e8bfe501287647b4fd9743de?s=96&d=mm&r=g","url":"https:\/\/secure.gravatar.com\/avatar\/31a1a7b66ff2de83bd0e9fd79d026630d2d99e55e8bfe501287647b4fd9743de?s=96&d=mm&r=g","contentUrl":"https:\/\/secure.gravatar.com\/avatar\/31a1a7b66ff2de83bd0e9fd79d026630d2d99e55e8bfe501287647b4fd9743de?s=96&d=mm&r=g","caption":"Gonzalo Schmidt"},"description":"Sitio web de noticias de la provincia de Entre R\u00edos, Argentina. Informaci\u00f3n y entretenimiento. Informe Litoral, nos informamos.","sameAs":["http:\/\/www.isletasnoticias.com.ar"],"url":"https:\/\/informelitoral.com.ar\/author\/gonzalo\/"}]}},"_links":{"self":[{"href":"https:\/\/informelitoral.com.ar\/%77%70%2d%6a%73%6f%6e\/wp\/v2\/posts\/37042","targetHints":{"allow":["GET"]}}],"collection":[{"href":"https:\/\/informelitoral.com.ar\/%77%70%2d%6a%73%6f%6e\/wp\/v2\/posts"}],"about":[{"href":"https:\/\/informelitoral.com.ar\/%77%70%2d%6a%73%6f%6e\/wp\/v2\/types\/post"}],"author":[{"embeddable":true,"href":"https:\/\/informelitoral.com.ar\/%77%70%2d%6a%73%6f%6e\/wp\/v2\/users\/2"}],"replies":[{"embeddable":true,"href":"https:\/\/informelitoral.com.ar\/%77%70%2d%6a%73%6f%6e\/wp\/v2\/comments?post=37042"}],"version-history":[{"count":0,"href":"https:\/\/informelitoral.com.ar\/%77%70%2d%6a%73%6f%6e\/wp\/v2\/posts\/37042\/revisions"}],"wp:featuredmedia":[{"embeddable":true,"href":"https:\/\/informelitoral.com.ar\/%77%70%2d%6a%73%6f%6e\/wp\/v2\/media\/19549"}],"wp:attachment":[{"href":"https:\/\/informelitoral.com.ar\/%77%70%2d%6a%73%6f%6e\/wp\/v2\/media?parent=37042"}],"wp:term":[{"taxonomy":"category","embeddable":true,"href":"https:\/\/informelitoral.com.ar\/%77%70%2d%6a%73%6f%6e\/wp\/v2\/categories?post=37042"},{"taxonomy":"post_tag","embeddable":true,"href":"https:\/\/informelitoral.com.ar\/%77%70%2d%6a%73%6f%6e\/wp\/v2\/tags?post=37042"}],"curies":[{"name":"wp","href":"https:\/\/api.w.org\/{rel}","templated":true}]}}