{"id":37027,"date":"2019-10-08T16:03:22","date_gmt":"2019-10-08T19:03:22","guid":{"rendered":"https:\/\/www.isletasnoticias.com.ar\/?p=37027"},"modified":"2019-10-08T16:03:22","modified_gmt":"2019-10-08T19:03:22","slug":"convocan-a-interesados-para-adoptar-a-un-adolescente-de-13-anos","status":"publish","type":"post","link":"https:\/\/informelitoral.com.ar\/convocan-a-interesados-para-adoptar-a-un-adolescente-de-13-anos\/","title":{"rendered":"Convocan a interesados para adoptar a un adolescente de 13 a\u00f1os"},"content":{"rendered":"<p>Convocan a adoptar a un adolescente de 13 a\u00f1os.\u00a0<strong>Las inscripciones se recepcionar\u00e1n desde el pr\u00f3ximo jueves 10 de octubre y por diez d\u00edas<\/strong>, completando un formulario que se encontrar\u00e1 disponible en la p\u00e1gina web del Ministerio P\u00fablico de la Defensa\u00a0<a href=\"http:\/\/www.mpd.jusentrerios.gov.ar\/\" target=\"_blank\" rel=\"noreferrer noopener\">www.mpd.jusentrerios.gov.ar<\/a>.\u00a0<strong>Pueden anotarse personas residentes en Argentina y que ya tengan un legajo tr\u00e1mite ante alg\u00fan Registro de Adoptantes, como tambi\u00e9n quienes nunca lo hayan gestionado<\/strong>.<ins><\/ins><\/p>\n<p>Este llamado para ser guardadores con fines adoptivos de\u00a0<strong>un ni\u00f1o de 13 a\u00f1os, alojado desde hace un tiempo en una residencia socioeducativa de Entre R\u00edos y que desea una familia<\/strong>, es realizado por el\u00a0<strong>Juzgado de Familia N\u00ba 3 de Paran\u00e1<\/strong>, a cargo de Mar\u00eda Eleonora Murga, Secretar\u00eda a cargo de Mar\u00eda Cecilia Nesa, y del Registro \u00danico de Aspirantes a Guarda con Fines Adoptivos de la provincia de Entre R\u00edos (RUAER).<\/p>\n<p><strong>El ni\u00f1o ha manifestado que preferir\u00eda que su familia sea de una zona rural<\/strong>, en la cual pueda aprender junto a otros de su amor por la naturaleza, desarrollando\u00a0<strong>su inter\u00e9s por el cuidado de animales de granja y dom\u00e9sticos, como as\u00ed tambi\u00e9n de plantas y \u00e1rboles<\/strong>. De todos modos, esto no es un requisito excluyente.<\/p>\n<p>Las personas que est\u00e9n interesadas deber\u00e1n estar dispuestas a alojar y contener; dar confianza y amor desde los tiempos del ni\u00f1o; tener disposici\u00f3n para la escucha de su historia personal; garantizar el apoyo profesional como la contenci\u00f3n que el mismo requiere, respetando la singularidad que lo caracteriza; contar con capacidad y comprender que el ni\u00f1o necesita sostener los v\u00ednculos con sus hermanos, quienes se encuentran actualmente integrados a familias adoptivas.<\/p>\n<p>Por\u00a0<strong>consultas<\/strong>\u00a0dirigirse al RUAER\u00a0<strong>(Santa Fe 278, de Paran\u00e1<\/strong>) o comunicarse al tel\u00e9fono<strong>\u00a0(0343) 4209575\/6 (de lunes a viernes, de 7 a 13 horas)<\/strong>\u00a0o enviar un correo electr\u00f3nico a<strong>\u00a0ruaer@jusentrerios.gov.ar.<\/strong><\/p>\n","protected":false},"excerpt":{"rendered":"<p>El ni\u00f1o manifest\u00f3 que preferir\u00eda que su familia sea de una zona rural, para aprender de su amor por la naturaleza. Adem\u00e1s, necesita sostener los v\u00ednculos con sus hermanos que tambi\u00e9n conviven con familias adoptivas. Los requisitos.<\/p>\n","protected":false},"author":2,"featured_media":37028,"comment_status":"open","ping_status":"open","sticky":false,"template":"","format":"standard","meta":{"fifu_image_url":"","fifu_image_alt":"","footnotes":""},"categories":[9],"tags":[81],"class_list":{"0":"post-37027","1":"post","2":"type-post","3":"status-publish","4":"format-standard","5":"has-post-thumbnail","7":"category-sociedad","8":"tag-entre-rios"},"yoast_head":"<title>Convocan a interesados para adoptar a un adolescente de 13 a\u00f1os - Informe Litoral<\/title>\n<meta name=\"robots\" content=\"index, follow, max-snippet:-1, max-image-preview:large, max-video-preview:-1\" \/>\n<link rel=\"canonical\" href=\"https:\/\/informelitoral.com.ar\/convocan-a-interesados-para-adoptar-a-un-adolescente-de-13-anos\/\" \/>\n<meta property=\"og:locale\" content=\"es_ES\" \/>\n<meta property=\"og:type\" content=\"article\" \/>\n<meta property=\"og:title\" content=\"Convocan a interesados para adoptar a un adolescente de 13 a\u00f1os - Informe Litoral\" \/>\n<meta property=\"og:description\" content=\"El ni\u00f1o manifest\u00f3 que preferir\u00eda que su familia sea de una zona rural, para aprender de su amor por la naturaleza. Adem\u00e1s, necesita sostener los v\u00ednculos con sus hermanos que tambi\u00e9n conviven con familias adoptivas. Los requisitos.\" \/>\n<meta property=\"og:url\" content=\"https:\/\/informelitoral.com.ar\/convocan-a-interesados-para-adoptar-a-un-adolescente-de-13-anos\/\" \/>\n<meta property=\"og:site_name\" content=\"Informe Litoral\" \/>\n<meta property=\"article:publisher\" content=\"https:\/\/www.facebook.com\/informelitoral\/\" \/>\n<meta property=\"article:published_time\" content=\"2019-10-08T19:03:22+00:00\" \/>\n<meta property=\"og:image\" content=\"https:\/\/informelitoral.com.ar\/%77%70%2d%63%6f%6e%74%65%6e%74\/uploads\/2019\/10\/adopcion-adolescente.jpg\" \/>\n\t<meta property=\"og:image:width\" content=\"800\" \/>\n\t<meta property=\"og:image:height\" content=\"445\" \/>\n\t<meta property=\"og:image:type\" content=\"image\/jpeg\" \/>\n<meta name=\"author\" content=\"Gonzalo Schmidt\" \/>\n<meta name=\"twitter:card\" content=\"summary_large_image\" \/>\n<meta name=\"twitter:creator\" content=\"@InformeLitoral\" \/>\n<meta name=\"twitter:site\" content=\"@InformeLitoral\" \/>\n<meta name=\"twitter:label1\" content=\"Escrito por\" \/>\n\t<meta name=\"twitter:data1\" content=\"Gonzalo Schmidt\" \/>\n\t<meta name=\"twitter:label2\" content=\"Tiempo de lectura\" \/>\n\t<meta name=\"twitter:data2\" content=\"2 minutos\" \/>\n<script type=\"application\/ld+json\" class=\"yoast-schema-graph\">{\"@context\":\"https:\\\/\\\/schema.org\",\"@graph\":[{\"@type\":\"Article\",\"@id\":\"https:\\\/\\\/informelitoral.com.ar\\\/convocan-a-interesados-para-adoptar-a-un-adolescente-de-13-anos\\\/#article\",\"isPartOf\":{\"@id\":\"https:\\\/\\\/informelitoral.com.ar\\\/convocan-a-interesados-para-adoptar-a-un-adolescente-de-13-anos\\\/\"},\"author\":{\"name\":\"Gonzalo Schmidt\",\"@id\":\"https:\\\/\\\/informelitoral.com.ar\\\/#\\\/schema\\\/person\\\/b9d00407c836482871ef1d57bf8e3180\"},\"headline\":\"Convocan a interesados para adoptar a un adolescente de 13 a\u00f1os\",\"datePublished\":\"2019-10-08T19:03:22+00:00\",\"mainEntityOfPage\":{\"@id\":\"https:\\\/\\\/informelitoral.com.ar\\\/convocan-a-interesados-para-adoptar-a-un-adolescente-de-13-anos\\\/\"},\"wordCount\":337,\"commentCount\":0,\"publisher\":{\"@id\":\"https:\\\/\\\/informelitoral.com.ar\\\/#organization\"},\"image\":{\"@id\":\"https:\\\/\\\/informelitoral.com.ar\\\/convocan-a-interesados-para-adoptar-a-un-adolescente-de-13-anos\\\/#primaryimage\"},\"thumbnailUrl\":\"https:\\\/\\\/informelitoral.com.ar\\\/%77%70%2d%63%6f%6e%74%65%6e%74\\\/uploads\\\/2019\\\/10\\\/adopcion-adolescente.jpg\",\"keywords\":[\"Entre R\u00edos\"],\"articleSection\":[\"Sociedad\"],\"inLanguage\":\"es\",\"potentialAction\":[{\"@type\":\"CommentAction\",\"name\":\"Comment\",\"target\":[\"https:\\\/\\\/informelitoral.com.ar\\\/convocan-a-interesados-para-adoptar-a-un-adolescente-de-13-anos\\\/#respond\"]}]},{\"@type\":\"WebPage\",\"@id\":\"https:\\\/\\\/informelitoral.com.ar\\\/convocan-a-interesados-para-adoptar-a-un-adolescente-de-13-anos\\\/\",\"url\":\"https:\\\/\\\/informelitoral.com.ar\\\/convocan-a-interesados-para-adoptar-a-un-adolescente-de-13-anos\\\/\",\"name\":\"Convocan a interesados para adoptar a un adolescente de 13 a\u00f1os - Informe Litoral\",\"isPartOf\":{\"@id\":\"https:\\\/\\\/informelitoral.com.ar\\\/#website\"},\"primaryImageOfPage\":{\"@id\":\"https:\\\/\\\/informelitoral.com.ar\\\/convocan-a-interesados-para-adoptar-a-un-adolescente-de-13-anos\\\/#primaryimage\"},\"image\":{\"@id\":\"https:\\\/\\\/informelitoral.com.ar\\\/convocan-a-interesados-para-adoptar-a-un-adolescente-de-13-anos\\\/#primaryimage\"},\"thumbnailUrl\":\"https:\\\/\\\/informelitoral.com.ar\\\/%77%70%2d%63%6f%6e%74%65%6e%74\\\/uploads\\\/2019\\\/10\\\/adopcion-adolescente.jpg\",\"datePublished\":\"2019-10-08T19:03:22+00:00\",\"breadcrumb\":{\"@id\":\"https:\\\/\\\/informelitoral.com.ar\\\/convocan-a-interesados-para-adoptar-a-un-adolescente-de-13-anos\\\/#breadcrumb\"},\"inLanguage\":\"es\",\"potentialAction\":[{\"@type\":\"ReadAction\",\"target\":[\"https:\\\/\\\/informelitoral.com.ar\\\/convocan-a-interesados-para-adoptar-a-un-adolescente-de-13-anos\\\/\"]}]},{\"@type\":\"ImageObject\",\"inLanguage\":\"es\",\"@id\":\"https:\\\/\\\/informelitoral.com.ar\\\/convocan-a-interesados-para-adoptar-a-un-adolescente-de-13-anos\\\/#primaryimage\",\"url\":\"https:\\\/\\\/informelitoral.com.ar\\\/%77%70%2d%63%6f%6e%74%65%6e%74\\\/uploads\\\/2019\\\/10\\\/adopcion-adolescente.jpg\",\"contentUrl\":\"https:\\\/\\\/informelitoral.com.ar\\\/%77%70%2d%63%6f%6e%74%65%6e%74\\\/uploads\\\/2019\\\/10\\\/adopcion-adolescente.jpg\",\"width\":800,\"height\":445},{\"@type\":\"BreadcrumbList\",\"@id\":\"https:\\\/\\\/informelitoral.com.ar\\\/convocan-a-interesados-para-adoptar-a-un-adolescente-de-13-anos\\\/#breadcrumb\",\"itemListElement\":[{\"@type\":\"ListItem\",\"position\":1,\"name\":\"Portada\",\"item\":\"https:\\\/\\\/informelitoral.com.ar\\\/\"},{\"@type\":\"ListItem\",\"position\":2,\"name\":\"Convocan a interesados para adoptar a un adolescente de 13 a\u00f1os\"}]},{\"@type\":\"WebSite\",\"@id\":\"https:\\\/\\\/informelitoral.com.ar\\\/#website\",\"url\":\"https:\\\/\\\/informelitoral.com.ar\\\/\",\"name\":\"Informe Litoral\",\"description\":\"&quot;Nos informamos&quot; \",\"publisher\":{\"@id\":\"https:\\\/\\\/informelitoral.com.ar\\\/#organization\"},\"potentialAction\":[{\"@type\":\"SearchAction\",\"target\":{\"@type\":\"EntryPoint\",\"urlTemplate\":\"https:\\\/\\\/informelitoral.com.ar\\\/?s={search_term_string}\"},\"query-input\":{\"@type\":\"PropertyValueSpecification\",\"valueRequired\":true,\"valueName\":\"search_term_string\"}}],\"inLanguage\":\"es\"},{\"@type\":\"Organization\",\"@id\":\"https:\\\/\\\/informelitoral.com.ar\\\/#organization\",\"name\":\"Informe Litoral\",\"url\":\"https:\\\/\\\/informelitoral.com.ar\\\/\",\"logo\":{\"@type\":\"ImageObject\",\"inLanguage\":\"es\",\"@id\":\"https:\\\/\\\/informelitoral.com.ar\\\/#\\\/schema\\\/logo\\\/image\\\/\",\"url\":\"https:\\\/\\\/informelitoral.com.ar\\\/%77%70%2d%63%6f%6e%74%65%6e%74\\\/uploads\\\/2021\\\/01\\\/circulo.png\",\"contentUrl\":\"https:\\\/\\\/informelitoral.com.ar\\\/%77%70%2d%63%6f%6e%74%65%6e%74\\\/uploads\\\/2021\\\/01\\\/circulo.png\",\"width\":723,\"height\":731,\"caption\":\"Informe Litoral\"},\"image\":{\"@id\":\"https:\\\/\\\/informelitoral.com.ar\\\/#\\\/schema\\\/logo\\\/image\\\/\"},\"sameAs\":[\"https:\\\/\\\/www.facebook.com\\\/informelitoral\\\/\",\"https:\\\/\\\/x.com\\\/InformeLitoral\",\"https:\\\/\\\/www.instagram.com\\\/informelitoral\\\/\",\"https:\\\/\\\/www.youtube.com\\\/channel\\\/UCua4Qvz8Icb6MYqhoq9xLXw\"]},{\"@type\":\"Person\",\"@id\":\"https:\\\/\\\/informelitoral.com.ar\\\/#\\\/schema\\\/person\\\/b9d00407c836482871ef1d57bf8e3180\",\"name\":\"Gonzalo Schmidt\",\"image\":{\"@type\":\"ImageObject\",\"inLanguage\":\"es\",\"@id\":\"https:\\\/\\\/secure.gravatar.com\\\/avatar\\\/31a1a7b66ff2de83bd0e9fd79d026630d2d99e55e8bfe501287647b4fd9743de?s=96&d=mm&r=g\",\"url\":\"https:\\\/\\\/secure.gravatar.com\\\/avatar\\\/31a1a7b66ff2de83bd0e9fd79d026630d2d99e55e8bfe501287647b4fd9743de?s=96&d=mm&r=g\",\"contentUrl\":\"https:\\\/\\\/secure.gravatar.com\\\/avatar\\\/31a1a7b66ff2de83bd0e9fd79d026630d2d99e55e8bfe501287647b4fd9743de?s=96&d=mm&r=g\",\"caption\":\"Gonzalo Schmidt\"},\"description\":\"Sitio web de noticias de la provincia de Entre R\u00edos, Argentina. Informaci\u00f3n y entretenimiento. Informe Litoral, nos informamos.\",\"sameAs\":[\"http:\\\/\\\/www.isletasnoticias.com.ar\"],\"url\":\"https:\\\/\\\/informelitoral.com.ar\\\/author\\\/gonzalo\\\/\"}]}<\/script>","yoast_head_json":{"title":"Convocan a interesados para adoptar a un adolescente de 13 a\u00f1os - Informe Litoral","robots":{"index":"index","follow":"follow","max-snippet":"max-snippet:-1","max-image-preview":"max-image-preview:large","max-video-preview":"max-video-preview:-1"},"canonical":"https:\/\/informelitoral.com.ar\/convocan-a-interesados-para-adoptar-a-un-adolescente-de-13-anos\/","og_locale":"es_ES","og_type":"article","og_title":"Convocan a interesados para adoptar a un adolescente de 13 a\u00f1os - Informe Litoral","og_description":"El ni\u00f1o manifest\u00f3 que preferir\u00eda que su familia sea de una zona rural, para aprender de su amor por la naturaleza. Adem\u00e1s, necesita sostener los v\u00ednculos con sus hermanos que tambi\u00e9n conviven con familias adoptivas. Los requisitos.","og_url":"https:\/\/informelitoral.com.ar\/convocan-a-interesados-para-adoptar-a-un-adolescente-de-13-anos\/","og_site_name":"Informe Litoral","article_publisher":"https:\/\/www.facebook.com\/informelitoral\/","article_published_time":"2019-10-08T19:03:22+00:00","og_image":[{"width":800,"height":445,"url":"https:\/\/informelitoral.com.ar\/%77%70%2d%63%6f%6e%74%65%6e%74\/uploads\/2019\/10\/adopcion-adolescente.jpg","type":"image\/jpeg"}],"author":"Gonzalo Schmidt","twitter_card":"summary_large_image","twitter_creator":"@InformeLitoral","twitter_site":"@InformeLitoral","twitter_misc":{"Escrito por":"Gonzalo Schmidt","Tiempo de lectura":"2 minutos"},"schema":{"@context":"https:\/\/schema.org","@graph":[{"@type":"Article","@id":"https:\/\/informelitoral.com.ar\/convocan-a-interesados-para-adoptar-a-un-adolescente-de-13-anos\/#article","isPartOf":{"@id":"https:\/\/informelitoral.com.ar\/convocan-a-interesados-para-adoptar-a-un-adolescente-de-13-anos\/"},"author":{"name":"Gonzalo Schmidt","@id":"https:\/\/informelitoral.com.ar\/#\/schema\/person\/b9d00407c836482871ef1d57bf8e3180"},"headline":"Convocan a interesados para adoptar a un adolescente de 13 a\u00f1os","datePublished":"2019-10-08T19:03:22+00:00","mainEntityOfPage":{"@id":"https:\/\/informelitoral.com.ar\/convocan-a-interesados-para-adoptar-a-un-adolescente-de-13-anos\/"},"wordCount":337,"commentCount":0,"publisher":{"@id":"https:\/\/informelitoral.com.ar\/#organization"},"image":{"@id":"https:\/\/informelitoral.com.ar\/convocan-a-interesados-para-adoptar-a-un-adolescente-de-13-anos\/#primaryimage"},"thumbnailUrl":"https:\/\/informelitoral.com.ar\/%77%70%2d%63%6f%6e%74%65%6e%74\/uploads\/2019\/10\/adopcion-adolescente.jpg","keywords":["Entre R\u00edos"],"articleSection":["Sociedad"],"inLanguage":"es","potentialAction":[{"@type":"CommentAction","name":"Comment","target":["https:\/\/informelitoral.com.ar\/convocan-a-interesados-para-adoptar-a-un-adolescente-de-13-anos\/#respond"]}]},{"@type":"WebPage","@id":"https:\/\/informelitoral.com.ar\/convocan-a-interesados-para-adoptar-a-un-adolescente-de-13-anos\/","url":"https:\/\/informelitoral.com.ar\/convocan-a-interesados-para-adoptar-a-un-adolescente-de-13-anos\/","name":"Convocan a interesados para adoptar a un adolescente de 13 a\u00f1os - Informe Litoral","isPartOf":{"@id":"https:\/\/informelitoral.com.ar\/#website"},"primaryImageOfPage":{"@id":"https:\/\/informelitoral.com.ar\/convocan-a-interesados-para-adoptar-a-un-adolescente-de-13-anos\/#primaryimage"},"image":{"@id":"https:\/\/informelitoral.com.ar\/convocan-a-interesados-para-adoptar-a-un-adolescente-de-13-anos\/#primaryimage"},"thumbnailUrl":"https:\/\/informelitoral.com.ar\/%77%70%2d%63%6f%6e%74%65%6e%74\/uploads\/2019\/10\/adopcion-adolescente.jpg","datePublished":"2019-10-08T19:03:22+00:00","breadcrumb":{"@id":"https:\/\/informelitoral.com.ar\/convocan-a-interesados-para-adoptar-a-un-adolescente-de-13-anos\/#breadcrumb"},"inLanguage":"es","potentialAction":[{"@type":"ReadAction","target":["https:\/\/informelitoral.com.ar\/convocan-a-interesados-para-adoptar-a-un-adolescente-de-13-anos\/"]}]},{"@type":"ImageObject","inLanguage":"es","@id":"https:\/\/informelitoral.com.ar\/convocan-a-interesados-para-adoptar-a-un-adolescente-de-13-anos\/#primaryimage","url":"https:\/\/informelitoral.com.ar\/%77%70%2d%63%6f%6e%74%65%6e%74\/uploads\/2019\/10\/adopcion-adolescente.jpg","contentUrl":"https:\/\/informelitoral.com.ar\/%77%70%2d%63%6f%6e%74%65%6e%74\/uploads\/2019\/10\/adopcion-adolescente.jpg","width":800,"height":445},{"@type":"BreadcrumbList","@id":"https:\/\/informelitoral.com.ar\/convocan-a-interesados-para-adoptar-a-un-adolescente-de-13-anos\/#breadcrumb","itemListElement":[{"@type":"ListItem","position":1,"name":"Portada","item":"https:\/\/informelitoral.com.ar\/"},{"@type":"ListItem","position":2,"name":"Convocan a interesados para adoptar a un adolescente de 13 a\u00f1os"}]},{"@type":"WebSite","@id":"https:\/\/informelitoral.com.ar\/#website","url":"https:\/\/informelitoral.com.ar\/","name":"Informe Litoral","description":"&quot;Nos informamos&quot; ","publisher":{"@id":"https:\/\/informelitoral.com.ar\/#organization"},"potentialAction":[{"@type":"SearchAction","target":{"@type":"EntryPoint","urlTemplate":"https:\/\/informelitoral.com.ar\/?s={search_term_string}"},"query-input":{"@type":"PropertyValueSpecification","valueRequired":true,"valueName":"search_term_string"}}],"inLanguage":"es"},{"@type":"Organization","@id":"https:\/\/informelitoral.com.ar\/#organization","name":"Informe Litoral","url":"https:\/\/informelitoral.com.ar\/","logo":{"@type":"ImageObject","inLanguage":"es","@id":"https:\/\/informelitoral.com.ar\/#\/schema\/logo\/image\/","url":"https:\/\/informelitoral.com.ar\/%77%70%2d%63%6f%6e%74%65%6e%74\/uploads\/2021\/01\/circulo.png","contentUrl":"https:\/\/informelitoral.com.ar\/%77%70%2d%63%6f%6e%74%65%6e%74\/uploads\/2021\/01\/circulo.png","width":723,"height":731,"caption":"Informe Litoral"},"image":{"@id":"https:\/\/informelitoral.com.ar\/#\/schema\/logo\/image\/"},"sameAs":["https:\/\/www.facebook.com\/informelitoral\/","https:\/\/x.com\/InformeLitoral","https:\/\/www.instagram.com\/informelitoral\/","https:\/\/www.youtube.com\/channel\/UCua4Qvz8Icb6MYqhoq9xLXw"]},{"@type":"Person","@id":"https:\/\/informelitoral.com.ar\/#\/schema\/person\/b9d00407c836482871ef1d57bf8e3180","name":"Gonzalo Schmidt","image":{"@type":"ImageObject","inLanguage":"es","@id":"https:\/\/secure.gravatar.com\/avatar\/31a1a7b66ff2de83bd0e9fd79d026630d2d99e55e8bfe501287647b4fd9743de?s=96&d=mm&r=g","url":"https:\/\/secure.gravatar.com\/avatar\/31a1a7b66ff2de83bd0e9fd79d026630d2d99e55e8bfe501287647b4fd9743de?s=96&d=mm&r=g","contentUrl":"https:\/\/secure.gravatar.com\/avatar\/31a1a7b66ff2de83bd0e9fd79d026630d2d99e55e8bfe501287647b4fd9743de?s=96&d=mm&r=g","caption":"Gonzalo Schmidt"},"description":"Sitio web de noticias de la provincia de Entre R\u00edos, Argentina. Informaci\u00f3n y entretenimiento. Informe Litoral, nos informamos.","sameAs":["http:\/\/www.isletasnoticias.com.ar"],"url":"https:\/\/informelitoral.com.ar\/author\/gonzalo\/"}]}},"_links":{"self":[{"href":"https:\/\/informelitoral.com.ar\/%77%70%2d%6a%73%6f%6e\/wp\/v2\/posts\/37027","targetHints":{"allow":["GET"]}}],"collection":[{"href":"https:\/\/informelitoral.com.ar\/%77%70%2d%6a%73%6f%6e\/wp\/v2\/posts"}],"about":[{"href":"https:\/\/informelitoral.com.ar\/%77%70%2d%6a%73%6f%6e\/wp\/v2\/types\/post"}],"author":[{"embeddable":true,"href":"https:\/\/informelitoral.com.ar\/%77%70%2d%6a%73%6f%6e\/wp\/v2\/users\/2"}],"replies":[{"embeddable":true,"href":"https:\/\/informelitoral.com.ar\/%77%70%2d%6a%73%6f%6e\/wp\/v2\/comments?post=37027"}],"version-history":[{"count":0,"href":"https:\/\/informelitoral.com.ar\/%77%70%2d%6a%73%6f%6e\/wp\/v2\/posts\/37027\/revisions"}],"wp:featuredmedia":[{"embeddable":true,"href":"https:\/\/informelitoral.com.ar\/%77%70%2d%6a%73%6f%6e\/wp\/v2\/media\/37028"}],"wp:attachment":[{"href":"https:\/\/informelitoral.com.ar\/%77%70%2d%6a%73%6f%6e\/wp\/v2\/media?parent=37027"}],"wp:term":[{"taxonomy":"category","embeddable":true,"href":"https:\/\/informelitoral.com.ar\/%77%70%2d%6a%73%6f%6e\/wp\/v2\/categories?post=37027"},{"taxonomy":"post_tag","embeddable":true,"href":"https:\/\/informelitoral.com.ar\/%77%70%2d%6a%73%6f%6e\/wp\/v2\/tags?post=37027"}],"curies":[{"name":"wp","href":"https:\/\/api.w.org\/{rel}","templated":true}]}}