{"id":37012,"date":"2019-10-08T12:15:49","date_gmt":"2019-10-08T15:15:49","guid":{"rendered":"https:\/\/www.isletasnoticias.com.ar\/?p=37012"},"modified":"2019-10-08T12:15:49","modified_gmt":"2019-10-08T15:15:49","slug":"becas-provinciales-este-es-el-cronograma-de-pagos","status":"publish","type":"post","link":"https:\/\/informelitoral.com.ar\/becas-provinciales-este-es-el-cronograma-de-pagos\/","title":{"rendered":"Becas provinciales: este es el cronograma de pagos"},"content":{"rendered":"<p><strong>Claudia Gieco<\/strong>, directora ejecutiva del\u00a0<strong>Instituto Becario,<\/strong>\u00a0inform\u00f3 que desde este mi\u00e9rcoles 9 de octubre estar\u00e1 disponible la liquidaci\u00f3n correspondiente y se extender\u00e1 hasta el martes 15 inclusive.<\/p>\n<h3><strong>El cronograma qued\u00f3 determinado de la siguiente manera:<\/strong><\/h3>\n<p><strong>Mi\u00e9rcoles 9 de octubre<\/strong>: terminaci\u00f3n de documento del titular de cobro 0, 1 y 2<\/p>\n<p><strong>Jueves 10 de octubre<\/strong>: 3, 4 y 5<\/p>\n<p><strong>Viernes 11 de octubre<\/strong>: 6 y 7<\/p>\n<p><strong style=\"text-align: center;\">Martes 15 de octubre<\/strong><span style=\"text-align: center;\">: 8 y 9<\/span><\/p>\n<p>Cabe recordar que aquellos que fueron notificados y a\u00fan no han retirado su tarjeta de cobro deben hacerlo en la sucursal de Banco Entre R\u00edos que declararon en el formulario. Los menores deben ir acompa\u00f1ados por el titular de cobro, ambos con su DNI, en el horario de 8.00 a 13.00.<\/p>\n<p>Para realizar consultas es necesario el n\u00famero de DNI del estudiante o su apellido y nombre para brindar una mejor informaci\u00f3n.<\/p>\n<h3><strong>Canales de consulta<\/strong><\/h3>\n<p>Autoconsulta en la web:\u00a0<a href=\"http:\/\/www.institutobecario.com.ar\/consulta.php\" target=\"_blank\" rel=\"noreferrer noopener\">www.institutobecario.com.ar\/consulta.php<\/a><\/p>\n<p>L\u00edneas telef\u00f3nicas: 0343 4207978\/79\/80 o 0343 4208015\/16\/17<\/p>\n<p>Delegaciones departamentales que funcionan en las respectivas Direcciones Departamentales de Educaci\u00f3n.<\/p>\n","protected":false},"excerpt":{"rendered":"<p>El Instituto Becario inform\u00f3 que entre este mi\u00e9rcoles y el martes pr\u00f3ximo se extender\u00e1 el pago de becas correspondientes a todos los niveles, es decir secundario y superior, que comprende a terciarios y universitarios. El cronograma abarca becas nuevas y renovaciones.<\/p>\n","protected":false},"author":2,"featured_media":20099,"comment_status":"open","ping_status":"open","sticky":false,"template":"","format":"standard","meta":{"fifu_image_url":"","fifu_image_alt":"","footnotes":""},"categories":[6],"tags":[381,122,81,249,382,418],"class_list":{"0":"post-37012","1":"post","2":"type-post","3":"status-publish","4":"format-standard","5":"has-post-thumbnail","7":"category-entre-rios","8":"tag-becas","9":"tag-cronograma-de-pagos","10":"tag-entre-rios","11":"tag-gobierno-provincial","12":"tag-inaubepro","13":"tag-instituto-becario"},"yoast_head":"<title>Becas provinciales: este es el cronograma de pagos - Informe Litoral<\/title>\n<meta name=\"robots\" content=\"index, follow, max-snippet:-1, max-image-preview:large, max-video-preview:-1\" \/>\n<link rel=\"canonical\" href=\"https:\/\/informelitoral.com.ar\/becas-provinciales-este-es-el-cronograma-de-pagos\/\" \/>\n<meta property=\"og:locale\" content=\"es_ES\" \/>\n<meta property=\"og:type\" content=\"article\" \/>\n<meta property=\"og:title\" content=\"Becas provinciales: este es el cronograma de pagos - Informe Litoral\" \/>\n<meta property=\"og:description\" content=\"El Instituto Becario inform\u00f3 que entre este mi\u00e9rcoles y el martes pr\u00f3ximo se extender\u00e1 el pago de becas correspondientes a todos los niveles, es decir secundario y superior, que comprende a terciarios y universitarios. El cronograma abarca becas nuevas y renovaciones.\" \/>\n<meta property=\"og:url\" content=\"https:\/\/informelitoral.com.ar\/becas-provinciales-este-es-el-cronograma-de-pagos\/\" \/>\n<meta property=\"og:site_name\" content=\"Informe Litoral\" \/>\n<meta property=\"article:publisher\" content=\"https:\/\/www.facebook.com\/informelitoral\/\" \/>\n<meta property=\"article:published_time\" content=\"2019-10-08T15:15:49+00:00\" \/>\n<meta property=\"og:image\" content=\"https:\/\/informelitoral.com.ar\/%77%70%2d%63%6f%6e%74%65%6e%74\/uploads\/2017\/01\/becas-isletas-inaubepro.jpg\" \/>\n\t<meta property=\"og:image:width\" content=\"1754\" \/>\n\t<meta property=\"og:image:height\" content=\"1240\" \/>\n\t<meta property=\"og:image:type\" content=\"image\/jpeg\" \/>\n<meta name=\"author\" content=\"Gonzalo Schmidt\" \/>\n<meta name=\"twitter:card\" content=\"summary_large_image\" \/>\n<meta name=\"twitter:creator\" content=\"@InformeLitoral\" \/>\n<meta name=\"twitter:site\" content=\"@InformeLitoral\" \/>\n<meta name=\"twitter:label1\" content=\"Escrito por\" \/>\n\t<meta name=\"twitter:data1\" content=\"Gonzalo Schmidt\" \/>\n\t<meta name=\"twitter:label2\" content=\"Tiempo de lectura\" \/>\n\t<meta name=\"twitter:data2\" content=\"1 minuto\" \/>\n<script type=\"application\/ld+json\" class=\"yoast-schema-graph\">{\"@context\":\"https:\\\/\\\/schema.org\",\"@graph\":[{\"@type\":\"Article\",\"@id\":\"https:\\\/\\\/informelitoral.com.ar\\\/becas-provinciales-este-es-el-cronograma-de-pagos\\\/#article\",\"isPartOf\":{\"@id\":\"https:\\\/\\\/informelitoral.com.ar\\\/becas-provinciales-este-es-el-cronograma-de-pagos\\\/\"},\"author\":{\"name\":\"Gonzalo Schmidt\",\"@id\":\"https:\\\/\\\/informelitoral.com.ar\\\/#\\\/schema\\\/person\\\/b9d00407c836482871ef1d57bf8e3180\"},\"headline\":\"Becas provinciales: este es el cronograma de pagos\",\"datePublished\":\"2019-10-08T15:15:49+00:00\",\"mainEntityOfPage\":{\"@id\":\"https:\\\/\\\/informelitoral.com.ar\\\/becas-provinciales-este-es-el-cronograma-de-pagos\\\/\"},\"wordCount\":174,\"commentCount\":0,\"publisher\":{\"@id\":\"https:\\\/\\\/informelitoral.com.ar\\\/#organization\"},\"image\":{\"@id\":\"https:\\\/\\\/informelitoral.com.ar\\\/becas-provinciales-este-es-el-cronograma-de-pagos\\\/#primaryimage\"},\"thumbnailUrl\":\"https:\\\/\\\/informelitoral.com.ar\\\/%77%70%2d%63%6f%6e%74%65%6e%74\\\/uploads\\\/2017\\\/01\\\/becas-isletas-inaubepro.jpg\",\"keywords\":[\"Becas\",\"Cronograma de pagos\",\"Entre R\u00edos\",\"Gobierno provincial\",\"InAuBePro\",\"Instituto Becario\"],\"articleSection\":[\"Entre R\u00edos\"],\"inLanguage\":\"es\",\"potentialAction\":[{\"@type\":\"CommentAction\",\"name\":\"Comment\",\"target\":[\"https:\\\/\\\/informelitoral.com.ar\\\/becas-provinciales-este-es-el-cronograma-de-pagos\\\/#respond\"]}]},{\"@type\":\"WebPage\",\"@id\":\"https:\\\/\\\/informelitoral.com.ar\\\/becas-provinciales-este-es-el-cronograma-de-pagos\\\/\",\"url\":\"https:\\\/\\\/informelitoral.com.ar\\\/becas-provinciales-este-es-el-cronograma-de-pagos\\\/\",\"name\":\"Becas provinciales: este es el cronograma de pagos - Informe Litoral\",\"isPartOf\":{\"@id\":\"https:\\\/\\\/informelitoral.com.ar\\\/#website\"},\"primaryImageOfPage\":{\"@id\":\"https:\\\/\\\/informelitoral.com.ar\\\/becas-provinciales-este-es-el-cronograma-de-pagos\\\/#primaryimage\"},\"image\":{\"@id\":\"https:\\\/\\\/informelitoral.com.ar\\\/becas-provinciales-este-es-el-cronograma-de-pagos\\\/#primaryimage\"},\"thumbnailUrl\":\"https:\\\/\\\/informelitoral.com.ar\\\/%77%70%2d%63%6f%6e%74%65%6e%74\\\/uploads\\\/2017\\\/01\\\/becas-isletas-inaubepro.jpg\",\"datePublished\":\"2019-10-08T15:15:49+00:00\",\"breadcrumb\":{\"@id\":\"https:\\\/\\\/informelitoral.com.ar\\\/becas-provinciales-este-es-el-cronograma-de-pagos\\\/#breadcrumb\"},\"inLanguage\":\"es\",\"potentialAction\":[{\"@type\":\"ReadAction\",\"target\":[\"https:\\\/\\\/informelitoral.com.ar\\\/becas-provinciales-este-es-el-cronograma-de-pagos\\\/\"]}]},{\"@type\":\"ImageObject\",\"inLanguage\":\"es\",\"@id\":\"https:\\\/\\\/informelitoral.com.ar\\\/becas-provinciales-este-es-el-cronograma-de-pagos\\\/#primaryimage\",\"url\":\"https:\\\/\\\/informelitoral.com.ar\\\/%77%70%2d%63%6f%6e%74%65%6e%74\\\/uploads\\\/2017\\\/01\\\/becas-isletas-inaubepro.jpg\",\"contentUrl\":\"https:\\\/\\\/informelitoral.com.ar\\\/%77%70%2d%63%6f%6e%74%65%6e%74\\\/uploads\\\/2017\\\/01\\\/becas-isletas-inaubepro.jpg\",\"width\":1754,\"height\":1240},{\"@type\":\"BreadcrumbList\",\"@id\":\"https:\\\/\\\/informelitoral.com.ar\\\/becas-provinciales-este-es-el-cronograma-de-pagos\\\/#breadcrumb\",\"itemListElement\":[{\"@type\":\"ListItem\",\"position\":1,\"name\":\"Portada\",\"item\":\"https:\\\/\\\/informelitoral.com.ar\\\/\"},{\"@type\":\"ListItem\",\"position\":2,\"name\":\"Becas provinciales: este es el cronograma de pagos\"}]},{\"@type\":\"WebSite\",\"@id\":\"https:\\\/\\\/informelitoral.com.ar\\\/#website\",\"url\":\"https:\\\/\\\/informelitoral.com.ar\\\/\",\"name\":\"Informe Litoral\",\"description\":\"&quot;Nos informamos&quot; \",\"publisher\":{\"@id\":\"https:\\\/\\\/informelitoral.com.ar\\\/#organization\"},\"potentialAction\":[{\"@type\":\"SearchAction\",\"target\":{\"@type\":\"EntryPoint\",\"urlTemplate\":\"https:\\\/\\\/informelitoral.com.ar\\\/?s={search_term_string}\"},\"query-input\":{\"@type\":\"PropertyValueSpecification\",\"valueRequired\":true,\"valueName\":\"search_term_string\"}}],\"inLanguage\":\"es\"},{\"@type\":\"Organization\",\"@id\":\"https:\\\/\\\/informelitoral.com.ar\\\/#organization\",\"name\":\"Informe Litoral\",\"url\":\"https:\\\/\\\/informelitoral.com.ar\\\/\",\"logo\":{\"@type\":\"ImageObject\",\"inLanguage\":\"es\",\"@id\":\"https:\\\/\\\/informelitoral.com.ar\\\/#\\\/schema\\\/logo\\\/image\\\/\",\"url\":\"https:\\\/\\\/informelitoral.com.ar\\\/%77%70%2d%63%6f%6e%74%65%6e%74\\\/uploads\\\/2021\\\/01\\\/circulo.png\",\"contentUrl\":\"https:\\\/\\\/informelitoral.com.ar\\\/%77%70%2d%63%6f%6e%74%65%6e%74\\\/uploads\\\/2021\\\/01\\\/circulo.png\",\"width\":723,\"height\":731,\"caption\":\"Informe Litoral\"},\"image\":{\"@id\":\"https:\\\/\\\/informelitoral.com.ar\\\/#\\\/schema\\\/logo\\\/image\\\/\"},\"sameAs\":[\"https:\\\/\\\/www.facebook.com\\\/informelitoral\\\/\",\"https:\\\/\\\/x.com\\\/InformeLitoral\",\"https:\\\/\\\/www.instagram.com\\\/informelitoral\\\/\",\"https:\\\/\\\/www.youtube.com\\\/channel\\\/UCua4Qvz8Icb6MYqhoq9xLXw\"]},{\"@type\":\"Person\",\"@id\":\"https:\\\/\\\/informelitoral.com.ar\\\/#\\\/schema\\\/person\\\/b9d00407c836482871ef1d57bf8e3180\",\"name\":\"Gonzalo Schmidt\",\"image\":{\"@type\":\"ImageObject\",\"inLanguage\":\"es\",\"@id\":\"https:\\\/\\\/secure.gravatar.com\\\/avatar\\\/31a1a7b66ff2de83bd0e9fd79d026630d2d99e55e8bfe501287647b4fd9743de?s=96&d=mm&r=g\",\"url\":\"https:\\\/\\\/secure.gravatar.com\\\/avatar\\\/31a1a7b66ff2de83bd0e9fd79d026630d2d99e55e8bfe501287647b4fd9743de?s=96&d=mm&r=g\",\"contentUrl\":\"https:\\\/\\\/secure.gravatar.com\\\/avatar\\\/31a1a7b66ff2de83bd0e9fd79d026630d2d99e55e8bfe501287647b4fd9743de?s=96&d=mm&r=g\",\"caption\":\"Gonzalo Schmidt\"},\"description\":\"Sitio web de noticias de la provincia de Entre R\u00edos, Argentina. Informaci\u00f3n y entretenimiento. Informe Litoral, nos informamos.\",\"sameAs\":[\"http:\\\/\\\/www.isletasnoticias.com.ar\"],\"url\":\"https:\\\/\\\/informelitoral.com.ar\\\/author\\\/gonzalo\\\/\"}]}<\/script>","yoast_head_json":{"title":"Becas provinciales: este es el cronograma de pagos - Informe Litoral","robots":{"index":"index","follow":"follow","max-snippet":"max-snippet:-1","max-image-preview":"max-image-preview:large","max-video-preview":"max-video-preview:-1"},"canonical":"https:\/\/informelitoral.com.ar\/becas-provinciales-este-es-el-cronograma-de-pagos\/","og_locale":"es_ES","og_type":"article","og_title":"Becas provinciales: este es el cronograma de pagos - Informe Litoral","og_description":"El Instituto Becario inform\u00f3 que entre este mi\u00e9rcoles y el martes pr\u00f3ximo se extender\u00e1 el pago de becas correspondientes a todos los niveles, es decir secundario y superior, que comprende a terciarios y universitarios. El cronograma abarca becas nuevas y renovaciones.","og_url":"https:\/\/informelitoral.com.ar\/becas-provinciales-este-es-el-cronograma-de-pagos\/","og_site_name":"Informe Litoral","article_publisher":"https:\/\/www.facebook.com\/informelitoral\/","article_published_time":"2019-10-08T15:15:49+00:00","og_image":[{"width":1754,"height":1240,"url":"https:\/\/informelitoral.com.ar\/%77%70%2d%63%6f%6e%74%65%6e%74\/uploads\/2017\/01\/becas-isletas-inaubepro.jpg","type":"image\/jpeg"}],"author":"Gonzalo Schmidt","twitter_card":"summary_large_image","twitter_creator":"@InformeLitoral","twitter_site":"@InformeLitoral","twitter_misc":{"Escrito por":"Gonzalo Schmidt","Tiempo de lectura":"1 minuto"},"schema":{"@context":"https:\/\/schema.org","@graph":[{"@type":"Article","@id":"https:\/\/informelitoral.com.ar\/becas-provinciales-este-es-el-cronograma-de-pagos\/#article","isPartOf":{"@id":"https:\/\/informelitoral.com.ar\/becas-provinciales-este-es-el-cronograma-de-pagos\/"},"author":{"name":"Gonzalo Schmidt","@id":"https:\/\/informelitoral.com.ar\/#\/schema\/person\/b9d00407c836482871ef1d57bf8e3180"},"headline":"Becas provinciales: este es el cronograma de pagos","datePublished":"2019-10-08T15:15:49+00:00","mainEntityOfPage":{"@id":"https:\/\/informelitoral.com.ar\/becas-provinciales-este-es-el-cronograma-de-pagos\/"},"wordCount":174,"commentCount":0,"publisher":{"@id":"https:\/\/informelitoral.com.ar\/#organization"},"image":{"@id":"https:\/\/informelitoral.com.ar\/becas-provinciales-este-es-el-cronograma-de-pagos\/#primaryimage"},"thumbnailUrl":"https:\/\/informelitoral.com.ar\/%77%70%2d%63%6f%6e%74%65%6e%74\/uploads\/2017\/01\/becas-isletas-inaubepro.jpg","keywords":["Becas","Cronograma de pagos","Entre R\u00edos","Gobierno provincial","InAuBePro","Instituto Becario"],"articleSection":["Entre R\u00edos"],"inLanguage":"es","potentialAction":[{"@type":"CommentAction","name":"Comment","target":["https:\/\/informelitoral.com.ar\/becas-provinciales-este-es-el-cronograma-de-pagos\/#respond"]}]},{"@type":"WebPage","@id":"https:\/\/informelitoral.com.ar\/becas-provinciales-este-es-el-cronograma-de-pagos\/","url":"https:\/\/informelitoral.com.ar\/becas-provinciales-este-es-el-cronograma-de-pagos\/","name":"Becas provinciales: este es el cronograma de pagos - Informe Litoral","isPartOf":{"@id":"https:\/\/informelitoral.com.ar\/#website"},"primaryImageOfPage":{"@id":"https:\/\/informelitoral.com.ar\/becas-provinciales-este-es-el-cronograma-de-pagos\/#primaryimage"},"image":{"@id":"https:\/\/informelitoral.com.ar\/becas-provinciales-este-es-el-cronograma-de-pagos\/#primaryimage"},"thumbnailUrl":"https:\/\/informelitoral.com.ar\/%77%70%2d%63%6f%6e%74%65%6e%74\/uploads\/2017\/01\/becas-isletas-inaubepro.jpg","datePublished":"2019-10-08T15:15:49+00:00","breadcrumb":{"@id":"https:\/\/informelitoral.com.ar\/becas-provinciales-este-es-el-cronograma-de-pagos\/#breadcrumb"},"inLanguage":"es","potentialAction":[{"@type":"ReadAction","target":["https:\/\/informelitoral.com.ar\/becas-provinciales-este-es-el-cronograma-de-pagos\/"]}]},{"@type":"ImageObject","inLanguage":"es","@id":"https:\/\/informelitoral.com.ar\/becas-provinciales-este-es-el-cronograma-de-pagos\/#primaryimage","url":"https:\/\/informelitoral.com.ar\/%77%70%2d%63%6f%6e%74%65%6e%74\/uploads\/2017\/01\/becas-isletas-inaubepro.jpg","contentUrl":"https:\/\/informelitoral.com.ar\/%77%70%2d%63%6f%6e%74%65%6e%74\/uploads\/2017\/01\/becas-isletas-inaubepro.jpg","width":1754,"height":1240},{"@type":"BreadcrumbList","@id":"https:\/\/informelitoral.com.ar\/becas-provinciales-este-es-el-cronograma-de-pagos\/#breadcrumb","itemListElement":[{"@type":"ListItem","position":1,"name":"Portada","item":"https:\/\/informelitoral.com.ar\/"},{"@type":"ListItem","position":2,"name":"Becas provinciales: este es el cronograma de pagos"}]},{"@type":"WebSite","@id":"https:\/\/informelitoral.com.ar\/#website","url":"https:\/\/informelitoral.com.ar\/","name":"Informe Litoral","description":"&quot;Nos informamos&quot; ","publisher":{"@id":"https:\/\/informelitoral.com.ar\/#organization"},"potentialAction":[{"@type":"SearchAction","target":{"@type":"EntryPoint","urlTemplate":"https:\/\/informelitoral.com.ar\/?s={search_term_string}"},"query-input":{"@type":"PropertyValueSpecification","valueRequired":true,"valueName":"search_term_string"}}],"inLanguage":"es"},{"@type":"Organization","@id":"https:\/\/informelitoral.com.ar\/#organization","name":"Informe Litoral","url":"https:\/\/informelitoral.com.ar\/","logo":{"@type":"ImageObject","inLanguage":"es","@id":"https:\/\/informelitoral.com.ar\/#\/schema\/logo\/image\/","url":"https:\/\/informelitoral.com.ar\/%77%70%2d%63%6f%6e%74%65%6e%74\/uploads\/2021\/01\/circulo.png","contentUrl":"https:\/\/informelitoral.com.ar\/%77%70%2d%63%6f%6e%74%65%6e%74\/uploads\/2021\/01\/circulo.png","width":723,"height":731,"caption":"Informe Litoral"},"image":{"@id":"https:\/\/informelitoral.com.ar\/#\/schema\/logo\/image\/"},"sameAs":["https:\/\/www.facebook.com\/informelitoral\/","https:\/\/x.com\/InformeLitoral","https:\/\/www.instagram.com\/informelitoral\/","https:\/\/www.youtube.com\/channel\/UCua4Qvz8Icb6MYqhoq9xLXw"]},{"@type":"Person","@id":"https:\/\/informelitoral.com.ar\/#\/schema\/person\/b9d00407c836482871ef1d57bf8e3180","name":"Gonzalo Schmidt","image":{"@type":"ImageObject","inLanguage":"es","@id":"https:\/\/secure.gravatar.com\/avatar\/31a1a7b66ff2de83bd0e9fd79d026630d2d99e55e8bfe501287647b4fd9743de?s=96&d=mm&r=g","url":"https:\/\/secure.gravatar.com\/avatar\/31a1a7b66ff2de83bd0e9fd79d026630d2d99e55e8bfe501287647b4fd9743de?s=96&d=mm&r=g","contentUrl":"https:\/\/secure.gravatar.com\/avatar\/31a1a7b66ff2de83bd0e9fd79d026630d2d99e55e8bfe501287647b4fd9743de?s=96&d=mm&r=g","caption":"Gonzalo Schmidt"},"description":"Sitio web de noticias de la provincia de Entre R\u00edos, Argentina. Informaci\u00f3n y entretenimiento. Informe Litoral, nos informamos.","sameAs":["http:\/\/www.isletasnoticias.com.ar"],"url":"https:\/\/informelitoral.com.ar\/author\/gonzalo\/"}]}},"_links":{"self":[{"href":"https:\/\/informelitoral.com.ar\/%77%70%2d%6a%73%6f%6e\/wp\/v2\/posts\/37012","targetHints":{"allow":["GET"]}}],"collection":[{"href":"https:\/\/informelitoral.com.ar\/%77%70%2d%6a%73%6f%6e\/wp\/v2\/posts"}],"about":[{"href":"https:\/\/informelitoral.com.ar\/%77%70%2d%6a%73%6f%6e\/wp\/v2\/types\/post"}],"author":[{"embeddable":true,"href":"https:\/\/informelitoral.com.ar\/%77%70%2d%6a%73%6f%6e\/wp\/v2\/users\/2"}],"replies":[{"embeddable":true,"href":"https:\/\/informelitoral.com.ar\/%77%70%2d%6a%73%6f%6e\/wp\/v2\/comments?post=37012"}],"version-history":[{"count":0,"href":"https:\/\/informelitoral.com.ar\/%77%70%2d%6a%73%6f%6e\/wp\/v2\/posts\/37012\/revisions"}],"wp:featuredmedia":[{"embeddable":true,"href":"https:\/\/informelitoral.com.ar\/%77%70%2d%6a%73%6f%6e\/wp\/v2\/media\/20099"}],"wp:attachment":[{"href":"https:\/\/informelitoral.com.ar\/%77%70%2d%6a%73%6f%6e\/wp\/v2\/media?parent=37012"}],"wp:term":[{"taxonomy":"category","embeddable":true,"href":"https:\/\/informelitoral.com.ar\/%77%70%2d%6a%73%6f%6e\/wp\/v2\/categories?post=37012"},{"taxonomy":"post_tag","embeddable":true,"href":"https:\/\/informelitoral.com.ar\/%77%70%2d%6a%73%6f%6e\/wp\/v2\/tags?post=37012"}],"curies":[{"name":"wp","href":"https:\/\/api.w.org\/{rel}","templated":true}]}}