{"id":37009,"date":"2019-10-08T12:43:37","date_gmt":"2019-10-08T15:43:37","guid":{"rendered":"https:\/\/www.isletasnoticias.com.ar\/?p=37009"},"modified":"2019-10-08T13:07:06","modified_gmt":"2019-10-08T16:07:06","slug":"estudiantes-de-brasil-visitaron-la-ganadera-de-general-ramirez","status":"publish","type":"post","link":"https:\/\/informelitoral.com.ar\/estudiantes-de-brasil-visitaron-la-ganadera-de-general-ramirez\/","title":{"rendered":"Estudiantes de Brasil visitaron La Ganadera de General Ram\u00edrez"},"content":{"rendered":"<p>El 4 de octubre visitaron la sede social y dem\u00e1s instalaciones de <strong>Cooperativa La Ganadera de General Ram\u00edrez<\/strong>, una comitiva de estudiantes de posgrado de la<strong> Facultad de Tecnolog\u00eda del Cooperativismo \u201c<a href=\"http:\/\/escoop.edu.br\/\">Escoop<\/a>\u201d de Brasil<\/strong>.<\/p>\n<p><a href=\"https:\/\/www.isletasnoticias.com.ar\/%77%70%2d%63%6f%6e%74%65%6e%74\/uploads\/2019\/10\/la-ganadera-visita-delegacion-brasil.jpeg\"><img loading=\"lazy\" decoding=\"async\" class=\"aligncenter wp-image-37010 size-full\" src=\"https:\/\/www.isletasnoticias.com.ar\/%77%70%2d%63%6f%6e%74%65%6e%74\/uploads\/2019\/10\/la-ganadera-visita-delegacion-brasil.jpeg\" alt=\"\" width=\"800\" height=\"582\" srcset=\"https:\/\/informelitoral.com.ar\/%77%70%2d%63%6f%6e%74%65%6e%74\/uploads\/2019\/10\/la-ganadera-visita-delegacion-brasil.jpeg 800w, https:\/\/informelitoral.com.ar\/%77%70%2d%63%6f%6e%74%65%6e%74\/uploads\/2019\/10\/la-ganadera-visita-delegacion-brasil-300x218.jpeg 300w, https:\/\/informelitoral.com.ar\/%77%70%2d%63%6f%6e%74%65%6e%74\/uploads\/2019\/10\/la-ganadera-visita-delegacion-brasil-768x559.jpeg 768w, https:\/\/informelitoral.com.ar\/%77%70%2d%63%6f%6e%74%65%6e%74\/uploads\/2019\/10\/la-ganadera-visita-delegacion-brasil-324x235.jpeg 324w, https:\/\/informelitoral.com.ar\/%77%70%2d%63%6f%6e%74%65%6e%74\/uploads\/2019\/10\/la-ganadera-visita-delegacion-brasil-696x506.jpeg 696w, https:\/\/informelitoral.com.ar\/%77%70%2d%63%6f%6e%74%65%6e%74\/uploads\/2019\/10\/la-ganadera-visita-delegacion-brasil-577x420.jpeg 577w\" sizes=\"auto, (max-width: 800px) 100vw, 800px\" \/><\/a><\/p>\n<p>El contingente de <strong>26 estudiantes<\/strong> se capacitan profesionalmente en ESCOOP, tal es la denominaci\u00f3n de la Universidad que se encuentra en el Estado de R\u00edo Grande Do Sul. La casa de estudios tiene entre sus objetivos preparar profesionales para las diversas \u00e1reas de las cooperativas, especialmente para la gesti\u00f3n moderna.<\/p>\n<p>Fueron recibidos en el hall de acceso la cooperativa por autoridades de la instituci\u00f3n, encabezadas por el gerente, <strong>Ra\u00fal Preisz<\/strong>; el consejero, <strong>Fabi\u00e1n Leichner<\/strong> y la secretaria Administrativa del Consejo,<strong> Cecilia C\u00f3rdoba<\/strong>, quienes les dieron la bienvenida y los invitaron al Sal\u00f3n del Consejo.<\/p>\n<p>Una vez all\u00ed, el gerente Ra\u00fal Preisz realiz\u00f3 la presentaci\u00f3n de la cooperativa y la Administraci\u00f3n. Se proyect\u00f3 el video institucional y se anunci\u00f3 la presencia en la sala de los consejeros<strong> Iv\u00e1n Hetze, Fabi\u00e1n Leichner, Osvaldo Barsanti, Rub\u00e9n Leichner<\/strong> y<strong> Diego Brauer<\/strong>.<\/p>\n<p>A su turno, el consejero Fabi\u00e1n Leichner realiz\u00f3 una disertaci\u00f3n cuyo eje fueron la <strong>ACA, FEDECO y CONINAGRO,<\/strong> actividades que desarrollan y su importancia; siguiendo con la presentaci\u00f3n institucional la secretaria Administrativa del Consejo, Cecilia C\u00f3rdoba present\u00f3 la trayectoria de los grupos que integran la entidad ramirense como el <strong>Grupo de Damas de Cambio Rural \u201cEl Despertar, JAC Ram\u00edrez<\/strong> y <strong>J\u00f3venes Productores<\/strong>.<\/p>\n<p>La introducci\u00f3n comercial estuvo conducida por el licenciado<strong> Gonzalo Drasdov<\/strong>, encargado del \u00c1rea de Comunicaci\u00f3n, quien mientras iba desarrollando su exposici\u00f3n, convocaba a los encargados de las distintas \u00e1reas con el objeto de profundizar los quehaceres que desarrollan. Por el \u00e1rea de Agroinsumos y Semillas fue<strong> Fabricio Orsich<\/strong>; el ingeniero agr\u00f3nomo, <strong>Daniel Dechanzi<\/strong> lo hizo como asesor t\u00e9cnico; el martillero <strong>Hugo Brunner,<\/strong> por el sector Hacienda y el m\u00e9dico veterinario, <strong>N\u00e9stor Podversich<\/strong> represent\u00f3 al sector Veterinario.<\/p>\n<p><strong>Paola Richter Londero<\/strong>, coordinadora del Curso de Posgrado, fue la encargada de realizar la presentaci\u00f3n de la ESCOOP, siendo los puntos destacados la formaci\u00f3n profesional para cooperativas, fomentar la producci\u00f3n cient\u00edfica en el campo del cooperativismo y difundir el conocimiento del cooperativismo en sus aspectos sociales y econ\u00f3micos.<\/p>\n<p>Cabe aclarar que mientras se iban desarrollando las distintas exposiciones, los visitantes realizaban preguntas, a las que los representantes de la cooperativa respondieron, generando un debate de experiencias sumamente productivo que se extendi\u00f3 en el almuerzo.<\/p>\n<p>Las actividades continuaron en horas de la tarde, cuando se intercambiaron conocimientos con las distintas \u00e1reas de La Ganadera presentes, como el del Sistemas representado por <strong>Daniel Margulis<\/strong>.<\/p>\n<p>La visita contin\u00fao por las instalaciones del <strong>Molino Harinero General Ram\u00edrez S.A<\/strong>. De all\u00ed la comitiva se dirigi\u00f3 a las instalaciones del <strong>predio remate ferial<\/strong> sobre uno de los accesos a Ram\u00edrez sobre Ruta Nacional N\u00ba 12 y la <strong>Planta N\u00ba 4<\/strong>, que fue la parada siguiente, donde se les mostr\u00f3 el semillero, el sitio de almacenamiento, la zona de extruzado de soja y f\u00e1brica de alimentos.<\/p>\n<p>La recorrida finaliz\u00f3 en la sede social donde se despidi\u00f3 a los visitantes con mate y tortas fritas.<\/p>\n<p><em>Colaboraci\u00f3n de Cooperativa La Ganadera <\/em><\/p>\n","protected":false},"excerpt":{"rendered":"<p>Junto a autoridades de la cooperativa entrerriana recorrieron las instalaciones e intercambiaron experiencias. <\/p>\n","protected":false},"author":2,"featured_media":37010,"comment_status":"open","ping_status":"open","sticky":false,"template":"","format":"standard","meta":{"fifu_image_url":"","fifu_image_alt":"","footnotes":""},"categories":[10,5],"tags":[71,137,303,556,55,120,27],"class_list":{"0":"post-37009","1":"post","2":"type-post","3":"status-publish","4":"format-standard","5":"has-post-thumbnail","7":"category-campo","8":"category-zonales","9":"tag-campo","10":"tag-cooperativa","11":"tag-cooperativismo","12":"tag-general-ramirez","13":"tag-la-ganadera","14":"tag-produccion","15":"tag-ramirez"},"yoast_head":"<title>Estudiantes de Brasil visitaron La Ganadera de General Ram\u00edrez - Informe Litoral<\/title>\n<meta name=\"robots\" content=\"index, follow, max-snippet:-1, max-image-preview:large, max-video-preview:-1\" \/>\n<link rel=\"canonical\" href=\"https:\/\/informelitoral.com.ar\/estudiantes-de-brasil-visitaron-la-ganadera-de-general-ramirez\/\" \/>\n<meta property=\"og:locale\" content=\"es_ES\" \/>\n<meta property=\"og:type\" content=\"article\" \/>\n<meta property=\"og:title\" content=\"Estudiantes de Brasil visitaron La Ganadera de General Ram\u00edrez - Informe Litoral\" \/>\n<meta property=\"og:description\" content=\"Junto a autoridades de la cooperativa entrerriana recorrieron las instalaciones e intercambiaron experiencias.\" \/>\n<meta property=\"og:url\" content=\"https:\/\/informelitoral.com.ar\/estudiantes-de-brasil-visitaron-la-ganadera-de-general-ramirez\/\" \/>\n<meta property=\"og:site_name\" content=\"Informe Litoral\" \/>\n<meta property=\"article:publisher\" content=\"https:\/\/www.facebook.com\/informelitoral\/\" \/>\n<meta property=\"article:published_time\" content=\"2019-10-08T15:43:37+00:00\" \/>\n<meta property=\"article:modified_time\" content=\"2019-10-08T16:07:06+00:00\" \/>\n<meta property=\"og:image\" content=\"https:\/\/informelitoral.com.ar\/%77%70%2d%63%6f%6e%74%65%6e%74\/uploads\/2019\/10\/la-ganadera-visita-delegacion-brasil.jpeg\" \/>\n\t<meta property=\"og:image:width\" content=\"800\" \/>\n\t<meta property=\"og:image:height\" content=\"582\" \/>\n\t<meta property=\"og:image:type\" content=\"image\/jpeg\" \/>\n<meta name=\"author\" content=\"Gonzalo Schmidt\" \/>\n<meta name=\"twitter:card\" content=\"summary_large_image\" \/>\n<meta name=\"twitter:creator\" content=\"@InformeLitoral\" \/>\n<meta name=\"twitter:site\" content=\"@InformeLitoral\" \/>\n<meta name=\"twitter:label1\" content=\"Escrito por\" \/>\n\t<meta name=\"twitter:data1\" content=\"Gonzalo Schmidt\" \/>\n\t<meta name=\"twitter:label2\" content=\"Tiempo de lectura\" \/>\n\t<meta name=\"twitter:data2\" content=\"3 minutos\" \/>\n<script type=\"application\/ld+json\" class=\"yoast-schema-graph\">{\"@context\":\"https:\\\/\\\/schema.org\",\"@graph\":[{\"@type\":\"Article\",\"@id\":\"https:\\\/\\\/informelitoral.com.ar\\\/estudiantes-de-brasil-visitaron-la-ganadera-de-general-ramirez\\\/#article\",\"isPartOf\":{\"@id\":\"https:\\\/\\\/informelitoral.com.ar\\\/estudiantes-de-brasil-visitaron-la-ganadera-de-general-ramirez\\\/\"},\"author\":{\"name\":\"Gonzalo Schmidt\",\"@id\":\"https:\\\/\\\/informelitoral.com.ar\\\/#\\\/schema\\\/person\\\/b9d00407c836482871ef1d57bf8e3180\"},\"headline\":\"Estudiantes de Brasil visitaron La Ganadera de General Ram\u00edrez\",\"datePublished\":\"2019-10-08T15:43:37+00:00\",\"dateModified\":\"2019-10-08T16:07:06+00:00\",\"mainEntityOfPage\":{\"@id\":\"https:\\\/\\\/informelitoral.com.ar\\\/estudiantes-de-brasil-visitaron-la-ganadera-de-general-ramirez\\\/\"},\"wordCount\":558,\"commentCount\":0,\"publisher\":{\"@id\":\"https:\\\/\\\/informelitoral.com.ar\\\/#organization\"},\"image\":{\"@id\":\"https:\\\/\\\/informelitoral.com.ar\\\/estudiantes-de-brasil-visitaron-la-ganadera-de-general-ramirez\\\/#primaryimage\"},\"thumbnailUrl\":\"https:\\\/\\\/informelitoral.com.ar\\\/%77%70%2d%63%6f%6e%74%65%6e%74\\\/uploads\\\/2019\\\/10\\\/la-ganadera-visita-delegacion-brasil.jpeg\",\"keywords\":[\"Campo\",\"Cooperativa\",\"Cooperativismo\",\"General Ram\u00edrez\",\"La Ganadera\",\"Producci\u00f3n\",\"Ram\u00edrez\"],\"articleSection\":[\"Campo\",\"Departamento Diamante\"],\"inLanguage\":\"es\",\"potentialAction\":[{\"@type\":\"CommentAction\",\"name\":\"Comment\",\"target\":[\"https:\\\/\\\/informelitoral.com.ar\\\/estudiantes-de-brasil-visitaron-la-ganadera-de-general-ramirez\\\/#respond\"]}]},{\"@type\":\"WebPage\",\"@id\":\"https:\\\/\\\/informelitoral.com.ar\\\/estudiantes-de-brasil-visitaron-la-ganadera-de-general-ramirez\\\/\",\"url\":\"https:\\\/\\\/informelitoral.com.ar\\\/estudiantes-de-brasil-visitaron-la-ganadera-de-general-ramirez\\\/\",\"name\":\"Estudiantes de Brasil visitaron La Ganadera de General Ram\u00edrez - Informe Litoral\",\"isPartOf\":{\"@id\":\"https:\\\/\\\/informelitoral.com.ar\\\/#website\"},\"primaryImageOfPage\":{\"@id\":\"https:\\\/\\\/informelitoral.com.ar\\\/estudiantes-de-brasil-visitaron-la-ganadera-de-general-ramirez\\\/#primaryimage\"},\"image\":{\"@id\":\"https:\\\/\\\/informelitoral.com.ar\\\/estudiantes-de-brasil-visitaron-la-ganadera-de-general-ramirez\\\/#primaryimage\"},\"thumbnailUrl\":\"https:\\\/\\\/informelitoral.com.ar\\\/%77%70%2d%63%6f%6e%74%65%6e%74\\\/uploads\\\/2019\\\/10\\\/la-ganadera-visita-delegacion-brasil.jpeg\",\"datePublished\":\"2019-10-08T15:43:37+00:00\",\"dateModified\":\"2019-10-08T16:07:06+00:00\",\"breadcrumb\":{\"@id\":\"https:\\\/\\\/informelitoral.com.ar\\\/estudiantes-de-brasil-visitaron-la-ganadera-de-general-ramirez\\\/#breadcrumb\"},\"inLanguage\":\"es\",\"potentialAction\":[{\"@type\":\"ReadAction\",\"target\":[\"https:\\\/\\\/informelitoral.com.ar\\\/estudiantes-de-brasil-visitaron-la-ganadera-de-general-ramirez\\\/\"]}]},{\"@type\":\"ImageObject\",\"inLanguage\":\"es\",\"@id\":\"https:\\\/\\\/informelitoral.com.ar\\\/estudiantes-de-brasil-visitaron-la-ganadera-de-general-ramirez\\\/#primaryimage\",\"url\":\"https:\\\/\\\/informelitoral.com.ar\\\/%77%70%2d%63%6f%6e%74%65%6e%74\\\/uploads\\\/2019\\\/10\\\/la-ganadera-visita-delegacion-brasil.jpeg\",\"contentUrl\":\"https:\\\/\\\/informelitoral.com.ar\\\/%77%70%2d%63%6f%6e%74%65%6e%74\\\/uploads\\\/2019\\\/10\\\/la-ganadera-visita-delegacion-brasil.jpeg\",\"width\":800,\"height\":582},{\"@type\":\"BreadcrumbList\",\"@id\":\"https:\\\/\\\/informelitoral.com.ar\\\/estudiantes-de-brasil-visitaron-la-ganadera-de-general-ramirez\\\/#breadcrumb\",\"itemListElement\":[{\"@type\":\"ListItem\",\"position\":1,\"name\":\"Portada\",\"item\":\"https:\\\/\\\/informelitoral.com.ar\\\/\"},{\"@type\":\"ListItem\",\"position\":2,\"name\":\"Estudiantes de Brasil visitaron La Ganadera de General Ram\u00edrez\"}]},{\"@type\":\"WebSite\",\"@id\":\"https:\\\/\\\/informelitoral.com.ar\\\/#website\",\"url\":\"https:\\\/\\\/informelitoral.com.ar\\\/\",\"name\":\"Informe Litoral\",\"description\":\"&quot;Nos informamos&quot; \",\"publisher\":{\"@id\":\"https:\\\/\\\/informelitoral.com.ar\\\/#organization\"},\"potentialAction\":[{\"@type\":\"SearchAction\",\"target\":{\"@type\":\"EntryPoint\",\"urlTemplate\":\"https:\\\/\\\/informelitoral.com.ar\\\/?s={search_term_string}\"},\"query-input\":{\"@type\":\"PropertyValueSpecification\",\"valueRequired\":true,\"valueName\":\"search_term_string\"}}],\"inLanguage\":\"es\"},{\"@type\":\"Organization\",\"@id\":\"https:\\\/\\\/informelitoral.com.ar\\\/#organization\",\"name\":\"Informe Litoral\",\"url\":\"https:\\\/\\\/informelitoral.com.ar\\\/\",\"logo\":{\"@type\":\"ImageObject\",\"inLanguage\":\"es\",\"@id\":\"https:\\\/\\\/informelitoral.com.ar\\\/#\\\/schema\\\/logo\\\/image\\\/\",\"url\":\"https:\\\/\\\/informelitoral.com.ar\\\/%77%70%2d%63%6f%6e%74%65%6e%74\\\/uploads\\\/2021\\\/01\\\/circulo.png\",\"contentUrl\":\"https:\\\/\\\/informelitoral.com.ar\\\/%77%70%2d%63%6f%6e%74%65%6e%74\\\/uploads\\\/2021\\\/01\\\/circulo.png\",\"width\":723,\"height\":731,\"caption\":\"Informe Litoral\"},\"image\":{\"@id\":\"https:\\\/\\\/informelitoral.com.ar\\\/#\\\/schema\\\/logo\\\/image\\\/\"},\"sameAs\":[\"https:\\\/\\\/www.facebook.com\\\/informelitoral\\\/\",\"https:\\\/\\\/x.com\\\/InformeLitoral\",\"https:\\\/\\\/www.instagram.com\\\/informelitoral\\\/\",\"https:\\\/\\\/www.youtube.com\\\/channel\\\/UCua4Qvz8Icb6MYqhoq9xLXw\"]},{\"@type\":\"Person\",\"@id\":\"https:\\\/\\\/informelitoral.com.ar\\\/#\\\/schema\\\/person\\\/b9d00407c836482871ef1d57bf8e3180\",\"name\":\"Gonzalo Schmidt\",\"image\":{\"@type\":\"ImageObject\",\"inLanguage\":\"es\",\"@id\":\"https:\\\/\\\/secure.gravatar.com\\\/avatar\\\/31a1a7b66ff2de83bd0e9fd79d026630d2d99e55e8bfe501287647b4fd9743de?s=96&d=mm&r=g\",\"url\":\"https:\\\/\\\/secure.gravatar.com\\\/avatar\\\/31a1a7b66ff2de83bd0e9fd79d026630d2d99e55e8bfe501287647b4fd9743de?s=96&d=mm&r=g\",\"contentUrl\":\"https:\\\/\\\/secure.gravatar.com\\\/avatar\\\/31a1a7b66ff2de83bd0e9fd79d026630d2d99e55e8bfe501287647b4fd9743de?s=96&d=mm&r=g\",\"caption\":\"Gonzalo Schmidt\"},\"description\":\"Sitio web de noticias de la provincia de Entre R\u00edos, Argentina. Informaci\u00f3n y entretenimiento. Informe Litoral, nos informamos.\",\"sameAs\":[\"http:\\\/\\\/www.isletasnoticias.com.ar\"],\"url\":\"https:\\\/\\\/informelitoral.com.ar\\\/author\\\/gonzalo\\\/\"}]}<\/script>","yoast_head_json":{"title":"Estudiantes de Brasil visitaron La Ganadera de General Ram\u00edrez - Informe Litoral","robots":{"index":"index","follow":"follow","max-snippet":"max-snippet:-1","max-image-preview":"max-image-preview:large","max-video-preview":"max-video-preview:-1"},"canonical":"https:\/\/informelitoral.com.ar\/estudiantes-de-brasil-visitaron-la-ganadera-de-general-ramirez\/","og_locale":"es_ES","og_type":"article","og_title":"Estudiantes de Brasil visitaron La Ganadera de General Ram\u00edrez - Informe Litoral","og_description":"Junto a autoridades de la cooperativa entrerriana recorrieron las instalaciones e intercambiaron experiencias.","og_url":"https:\/\/informelitoral.com.ar\/estudiantes-de-brasil-visitaron-la-ganadera-de-general-ramirez\/","og_site_name":"Informe Litoral","article_publisher":"https:\/\/www.facebook.com\/informelitoral\/","article_published_time":"2019-10-08T15:43:37+00:00","article_modified_time":"2019-10-08T16:07:06+00:00","og_image":[{"width":800,"height":582,"url":"https:\/\/informelitoral.com.ar\/%77%70%2d%63%6f%6e%74%65%6e%74\/uploads\/2019\/10\/la-ganadera-visita-delegacion-brasil.jpeg","type":"image\/jpeg"}],"author":"Gonzalo Schmidt","twitter_card":"summary_large_image","twitter_creator":"@InformeLitoral","twitter_site":"@InformeLitoral","twitter_misc":{"Escrito por":"Gonzalo Schmidt","Tiempo de lectura":"3 minutos"},"schema":{"@context":"https:\/\/schema.org","@graph":[{"@type":"Article","@id":"https:\/\/informelitoral.com.ar\/estudiantes-de-brasil-visitaron-la-ganadera-de-general-ramirez\/#article","isPartOf":{"@id":"https:\/\/informelitoral.com.ar\/estudiantes-de-brasil-visitaron-la-ganadera-de-general-ramirez\/"},"author":{"name":"Gonzalo Schmidt","@id":"https:\/\/informelitoral.com.ar\/#\/schema\/person\/b9d00407c836482871ef1d57bf8e3180"},"headline":"Estudiantes de Brasil visitaron La Ganadera de General Ram\u00edrez","datePublished":"2019-10-08T15:43:37+00:00","dateModified":"2019-10-08T16:07:06+00:00","mainEntityOfPage":{"@id":"https:\/\/informelitoral.com.ar\/estudiantes-de-brasil-visitaron-la-ganadera-de-general-ramirez\/"},"wordCount":558,"commentCount":0,"publisher":{"@id":"https:\/\/informelitoral.com.ar\/#organization"},"image":{"@id":"https:\/\/informelitoral.com.ar\/estudiantes-de-brasil-visitaron-la-ganadera-de-general-ramirez\/#primaryimage"},"thumbnailUrl":"https:\/\/informelitoral.com.ar\/%77%70%2d%63%6f%6e%74%65%6e%74\/uploads\/2019\/10\/la-ganadera-visita-delegacion-brasil.jpeg","keywords":["Campo","Cooperativa","Cooperativismo","General Ram\u00edrez","La Ganadera","Producci\u00f3n","Ram\u00edrez"],"articleSection":["Campo","Departamento Diamante"],"inLanguage":"es","potentialAction":[{"@type":"CommentAction","name":"Comment","target":["https:\/\/informelitoral.com.ar\/estudiantes-de-brasil-visitaron-la-ganadera-de-general-ramirez\/#respond"]}]},{"@type":"WebPage","@id":"https:\/\/informelitoral.com.ar\/estudiantes-de-brasil-visitaron-la-ganadera-de-general-ramirez\/","url":"https:\/\/informelitoral.com.ar\/estudiantes-de-brasil-visitaron-la-ganadera-de-general-ramirez\/","name":"Estudiantes de Brasil visitaron La Ganadera de General Ram\u00edrez - Informe Litoral","isPartOf":{"@id":"https:\/\/informelitoral.com.ar\/#website"},"primaryImageOfPage":{"@id":"https:\/\/informelitoral.com.ar\/estudiantes-de-brasil-visitaron-la-ganadera-de-general-ramirez\/#primaryimage"},"image":{"@id":"https:\/\/informelitoral.com.ar\/estudiantes-de-brasil-visitaron-la-ganadera-de-general-ramirez\/#primaryimage"},"thumbnailUrl":"https:\/\/informelitoral.com.ar\/%77%70%2d%63%6f%6e%74%65%6e%74\/uploads\/2019\/10\/la-ganadera-visita-delegacion-brasil.jpeg","datePublished":"2019-10-08T15:43:37+00:00","dateModified":"2019-10-08T16:07:06+00:00","breadcrumb":{"@id":"https:\/\/informelitoral.com.ar\/estudiantes-de-brasil-visitaron-la-ganadera-de-general-ramirez\/#breadcrumb"},"inLanguage":"es","potentialAction":[{"@type":"ReadAction","target":["https:\/\/informelitoral.com.ar\/estudiantes-de-brasil-visitaron-la-ganadera-de-general-ramirez\/"]}]},{"@type":"ImageObject","inLanguage":"es","@id":"https:\/\/informelitoral.com.ar\/estudiantes-de-brasil-visitaron-la-ganadera-de-general-ramirez\/#primaryimage","url":"https:\/\/informelitoral.com.ar\/%77%70%2d%63%6f%6e%74%65%6e%74\/uploads\/2019\/10\/la-ganadera-visita-delegacion-brasil.jpeg","contentUrl":"https:\/\/informelitoral.com.ar\/%77%70%2d%63%6f%6e%74%65%6e%74\/uploads\/2019\/10\/la-ganadera-visita-delegacion-brasil.jpeg","width":800,"height":582},{"@type":"BreadcrumbList","@id":"https:\/\/informelitoral.com.ar\/estudiantes-de-brasil-visitaron-la-ganadera-de-general-ramirez\/#breadcrumb","itemListElement":[{"@type":"ListItem","position":1,"name":"Portada","item":"https:\/\/informelitoral.com.ar\/"},{"@type":"ListItem","position":2,"name":"Estudiantes de Brasil visitaron La Ganadera de General Ram\u00edrez"}]},{"@type":"WebSite","@id":"https:\/\/informelitoral.com.ar\/#website","url":"https:\/\/informelitoral.com.ar\/","name":"Informe Litoral","description":"&quot;Nos informamos&quot; ","publisher":{"@id":"https:\/\/informelitoral.com.ar\/#organization"},"potentialAction":[{"@type":"SearchAction","target":{"@type":"EntryPoint","urlTemplate":"https:\/\/informelitoral.com.ar\/?s={search_term_string}"},"query-input":{"@type":"PropertyValueSpecification","valueRequired":true,"valueName":"search_term_string"}}],"inLanguage":"es"},{"@type":"Organization","@id":"https:\/\/informelitoral.com.ar\/#organization","name":"Informe Litoral","url":"https:\/\/informelitoral.com.ar\/","logo":{"@type":"ImageObject","inLanguage":"es","@id":"https:\/\/informelitoral.com.ar\/#\/schema\/logo\/image\/","url":"https:\/\/informelitoral.com.ar\/%77%70%2d%63%6f%6e%74%65%6e%74\/uploads\/2021\/01\/circulo.png","contentUrl":"https:\/\/informelitoral.com.ar\/%77%70%2d%63%6f%6e%74%65%6e%74\/uploads\/2021\/01\/circulo.png","width":723,"height":731,"caption":"Informe Litoral"},"image":{"@id":"https:\/\/informelitoral.com.ar\/#\/schema\/logo\/image\/"},"sameAs":["https:\/\/www.facebook.com\/informelitoral\/","https:\/\/x.com\/InformeLitoral","https:\/\/www.instagram.com\/informelitoral\/","https:\/\/www.youtube.com\/channel\/UCua4Qvz8Icb6MYqhoq9xLXw"]},{"@type":"Person","@id":"https:\/\/informelitoral.com.ar\/#\/schema\/person\/b9d00407c836482871ef1d57bf8e3180","name":"Gonzalo Schmidt","image":{"@type":"ImageObject","inLanguage":"es","@id":"https:\/\/secure.gravatar.com\/avatar\/31a1a7b66ff2de83bd0e9fd79d026630d2d99e55e8bfe501287647b4fd9743de?s=96&d=mm&r=g","url":"https:\/\/secure.gravatar.com\/avatar\/31a1a7b66ff2de83bd0e9fd79d026630d2d99e55e8bfe501287647b4fd9743de?s=96&d=mm&r=g","contentUrl":"https:\/\/secure.gravatar.com\/avatar\/31a1a7b66ff2de83bd0e9fd79d026630d2d99e55e8bfe501287647b4fd9743de?s=96&d=mm&r=g","caption":"Gonzalo Schmidt"},"description":"Sitio web de noticias de la provincia de Entre R\u00edos, Argentina. Informaci\u00f3n y entretenimiento. Informe Litoral, nos informamos.","sameAs":["http:\/\/www.isletasnoticias.com.ar"],"url":"https:\/\/informelitoral.com.ar\/author\/gonzalo\/"}]}},"_links":{"self":[{"href":"https:\/\/informelitoral.com.ar\/%77%70%2d%6a%73%6f%6e\/wp\/v2\/posts\/37009","targetHints":{"allow":["GET"]}}],"collection":[{"href":"https:\/\/informelitoral.com.ar\/%77%70%2d%6a%73%6f%6e\/wp\/v2\/posts"}],"about":[{"href":"https:\/\/informelitoral.com.ar\/%77%70%2d%6a%73%6f%6e\/wp\/v2\/types\/post"}],"author":[{"embeddable":true,"href":"https:\/\/informelitoral.com.ar\/%77%70%2d%6a%73%6f%6e\/wp\/v2\/users\/2"}],"replies":[{"embeddable":true,"href":"https:\/\/informelitoral.com.ar\/%77%70%2d%6a%73%6f%6e\/wp\/v2\/comments?post=37009"}],"version-history":[{"count":0,"href":"https:\/\/informelitoral.com.ar\/%77%70%2d%6a%73%6f%6e\/wp\/v2\/posts\/37009\/revisions"}],"wp:featuredmedia":[{"embeddable":true,"href":"https:\/\/informelitoral.com.ar\/%77%70%2d%6a%73%6f%6e\/wp\/v2\/media\/37010"}],"wp:attachment":[{"href":"https:\/\/informelitoral.com.ar\/%77%70%2d%6a%73%6f%6e\/wp\/v2\/media?parent=37009"}],"wp:term":[{"taxonomy":"category","embeddable":true,"href":"https:\/\/informelitoral.com.ar\/%77%70%2d%6a%73%6f%6e\/wp\/v2\/categories?post=37009"},{"taxonomy":"post_tag","embeddable":true,"href":"https:\/\/informelitoral.com.ar\/%77%70%2d%6a%73%6f%6e\/wp\/v2\/tags?post=37009"}],"curies":[{"name":"wp","href":"https:\/\/api.w.org\/{rel}","templated":true}]}}