{"id":3699,"date":"2013-10-16T18:13:27","date_gmt":"2013-10-16T21:13:27","guid":{"rendered":"http:\/\/www.isletasnoticias.com.ar\/?p=3699"},"modified":"2013-10-16T18:13:27","modified_gmt":"2013-10-16T21:13:27","slug":"inicio-la-campana-de-vacunacion-de-aftosa-en-entre-rios","status":"publish","type":"post","link":"https:\/\/informelitoral.com.ar\/inicio-la-campana-de-vacunacion-de-aftosa-en-entre-rios\/","title":{"rendered":"Inici\u00f3 la campa\u00f1a de vacunaci\u00f3n de aftosa en Entre R\u00edos"},"content":{"rendered":"<p><strong>En el \u00e1mbito provincial se dio inicio a la segunda campa\u00f1a de vacunaci\u00f3n de aftosa, esperando inocular 4.400.000 animales. El precio de la dosis es de 7,70 pesos por cabeza, as\u00ed lo decidieron en la \u00faltima reuni\u00f3n de la FuCoFa.<\/strong><\/p>\n<p style=\"text-align: center;\"><a href=\"http:\/\/www.isletasnoticias.com.ar\/%77%70%2d%63%6f%6e%74%65%6e%74\/uploads\/2013\/10\/vacunacion-66-624x363.jpg\"><img loading=\"lazy\" decoding=\"async\" class=\"size-medium wp-image-3700 aligncenter\" alt=\"vacunacion-66-624x363\" src=\"http:\/\/www.isletasnoticias.com.ar\/%77%70%2d%63%6f%6e%74%65%6e%74\/uploads\/2013\/10\/vacunacion-66-624x363-300x174.jpg\" width=\"300\" height=\"174\" srcset=\"https:\/\/informelitoral.com.ar\/%77%70%2d%63%6f%6e%74%65%6e%74\/uploads\/2013\/10\/vacunacion-66-624x363-300x174.jpg 300w, https:\/\/informelitoral.com.ar\/%77%70%2d%63%6f%6e%74%65%6e%74\/uploads\/2013\/10\/vacunacion-66-624x363.jpg 624w\" sizes=\"auto, (max-width: 300px) 100vw, 300px\" \/><\/a><\/p>\n<p>Iniciaron las campa\u00f1as de vacunaci\u00f3n de aftosa y brucelosis en la que se prev\u00e9 inmunizar un total de 4.400.000 cabezas en toda la provincia. En la Asamblea Ordinaria de la FuCoFa (Fundaci\u00f3n para la Lucha Contra la Fiebre Aftosa), realizada en la sede de la Cooperativa Ganadera de Basavilbaso, se fij\u00f3 el precio de la vacuna de aftosa en $7,70 por dosis aplicada, mientras que la vacuna de brucelosis costar\u00e1 4 pesos por dosis.<\/p>\n<p>\u201cSe aprob\u00f3 el presupuesto tal cual se propuso y se defini\u00f3 el precio de la vacuna en $7,70 para todas las dosis que se apliquen a partir del 15 de octubre, es el precio final aplicada con la infraestructura de veterinarios y agentes sanitarios en cada uno de los animales de nuestro rodeo entrerriano\u201d expres\u00f3 a<em> Campo en Acci\u00f3n<\/em> el titular de FuCoFa, <strong>Jos\u00e9 Carlos Kornschuh<\/strong>.<\/p>\n<p>En cuanto a las variaci\u00f3n de precio respecto a la campa\u00f1a anterior, el titular de la entidad indic\u00f3 que \u201ctenemos un esquema de prorratear los gastos operativos en funci\u00f3n de la cantidad de cabezas que queramos vacunar. Esta campa\u00f1a estimamos 4.400.000 cabezas, una poblaci\u00f3n similar a la campa\u00f1a pasada cuando vacunamos la totalidad del rodeo\u201d.<\/p>\n<p>En cuanto al pago del servicio, desde la instituci\u00f3n indicaron que el plazo de pago sigue siendo l5 d\u00edas con dos alternativas de pago: el productor puede dirigirse a cualquier sucursal del Banco Entre R\u00edos o puede hacerlo en las propias oficinas departamentales de la Fundaci\u00f3n.<\/p>\n<p>\u201cLlevamos a la pr\u00e1ctica el mandato del Estado Nacional que es la vacunaci\u00f3n contra brucelosis en este caso la vacuna aplicada con la caravana inclu\u00eda es de 4 pesos, igual precio fijado en la campa\u00f1a anterior y no ha sufrido variaci\u00f3n. Se vacuna a las terneras entre tres y ocho meses, por lo tanto tendremos una poblaci\u00f3n alrededor de130 a150 mil terneras que han logrado la edad suficiente para ser inoculadas. El grueso de nuestras terneras se vacuna en la primera campa\u00f1a del a\u00f1o que viene, en la segunda campa\u00f1a del a\u00f1o se vacuna la punta de los nacimientos y en la primer campa\u00f1a el grueso de la generaci\u00f3n de terneras de cada una de las campa\u00f1as\u201d explic\u00f3 el titular de la Fundaci\u00f3n.<\/p>\n<p>Para finalizar, Kornschuh sostuvo que \u201cestamos cumpliendo con uno de los aspectos puntualizados por el SENASA, que es la identificaci\u00f3n de aquella ternera que fue inoculada, por lo que desde la pasada campa\u00f1a estamos agreg\u00e1ndole un bot\u00f3n con un color determinado para identificar la ternera que fue identificada. Hemos decidido ir cambiando el color cada a\u00f1o, el a\u00f1o pasado fue un bot\u00f3n entre la gama del verde y celeste, y este a\u00f1o se aplica un bot\u00f3n blanco. Esto permite que un productor que ingrese al campo puede observar en la ternera la edad de la misma en funci\u00f3n de la campa\u00f1a de brucelosis\u201d.<\/p>\n","protected":false},"excerpt":{"rendered":"<p>En el &aacute;mbito provincial se dio inicio a la segunda campa&ntilde;a de vacunaci&oacute;n de aftosa, esperando inocular 4.400.000 animales. El precio de la dosis es de 7,70 pesos por cabeza, as&iacute; lo decidieron en la &uacute;ltima reuni&oacute;n de la FuCoFa. Iniciaron las campa&ntilde;as de vacunaci&oacute;n de aftosa y brucelosis en la que se prev&eacute; inmunizar [&hellip;]<\/p>\n","protected":false},"author":2,"featured_media":0,"comment_status":"open","ping_status":"open","sticky":false,"template":"","format":"standard","meta":{"fifu_image_url":"","fifu_image_alt":"","footnotes":""},"categories":[10],"tags":[],"class_list":{"0":"post-3699","1":"post","2":"type-post","3":"status-publish","4":"format-standard","6":"category-campo"},"yoast_head":"<title>Inici\u00f3 la campa\u00f1a de vacunaci\u00f3n de aftosa en Entre R\u00edos  - Informe Litoral<\/title>\n<meta name=\"robots\" content=\"index, follow, max-snippet:-1, max-image-preview:large, max-video-preview:-1\" \/>\n<link rel=\"canonical\" href=\"https:\/\/informelitoral.com.ar\/inicio-la-campana-de-vacunacion-de-aftosa-en-entre-rios\/\" \/>\n<meta property=\"og:locale\" content=\"es_ES\" \/>\n<meta property=\"og:type\" content=\"article\" \/>\n<meta property=\"og:title\" content=\"Inici\u00f3 la campa\u00f1a de vacunaci\u00f3n de aftosa en Entre R\u00edos  - Informe Litoral\" \/>\n<meta property=\"og:description\" content=\"En el &aacute;mbito provincial se dio inicio a la segunda campa&ntilde;a de vacunaci&oacute;n de aftosa, esperando inocular 4.400.000 animales. El precio de la dosis es de 7,70 pesos por cabeza, as&iacute; lo decidieron en la &uacute;ltima reuni&oacute;n de la FuCoFa. Iniciaron las campa&ntilde;as de vacunaci&oacute;n de aftosa y brucelosis en la que se prev&eacute; inmunizar [&hellip;]\" \/>\n<meta property=\"og:url\" content=\"https:\/\/informelitoral.com.ar\/inicio-la-campana-de-vacunacion-de-aftosa-en-entre-rios\/\" \/>\n<meta property=\"og:site_name\" content=\"Informe Litoral\" \/>\n<meta property=\"article:publisher\" content=\"https:\/\/www.facebook.com\/informelitoral\/\" \/>\n<meta property=\"article:published_time\" content=\"2013-10-16T21:13:27+00:00\" \/>\n<meta property=\"og:image\" content=\"https:\/\/informelitoral.com.ar\/%77%70%2d%63%6f%6e%74%65%6e%74\/uploads\/2013\/10\/vacunacion-66-624x363.jpg\" \/>\n\t<meta property=\"og:image:width\" content=\"624\" \/>\n\t<meta property=\"og:image:height\" content=\"363\" \/>\n\t<meta property=\"og:image:type\" content=\"image\/jpeg\" \/>\n<meta name=\"author\" content=\"Gonzalo Schmidt\" \/>\n<meta name=\"twitter:card\" content=\"summary_large_image\" \/>\n<meta name=\"twitter:creator\" content=\"@InformeLitoral\" \/>\n<meta name=\"twitter:site\" content=\"@InformeLitoral\" \/>\n<meta name=\"twitter:label1\" content=\"Escrito por\" \/>\n\t<meta name=\"twitter:data1\" content=\"Gonzalo Schmidt\" \/>\n\t<meta name=\"twitter:label2\" content=\"Tiempo de lectura\" \/>\n\t<meta name=\"twitter:data2\" content=\"3 minutos\" \/>\n<script type=\"application\/ld+json\" class=\"yoast-schema-graph\">{\"@context\":\"https:\\\/\\\/schema.org\",\"@graph\":[{\"@type\":\"Article\",\"@id\":\"https:\\\/\\\/informelitoral.com.ar\\\/inicio-la-campana-de-vacunacion-de-aftosa-en-entre-rios\\\/#article\",\"isPartOf\":{\"@id\":\"https:\\\/\\\/informelitoral.com.ar\\\/inicio-la-campana-de-vacunacion-de-aftosa-en-entre-rios\\\/\"},\"author\":{\"name\":\"Gonzalo Schmidt\",\"@id\":\"https:\\\/\\\/informelitoral.com.ar\\\/#\\\/schema\\\/person\\\/b9d00407c836482871ef1d57bf8e3180\"},\"headline\":\"Inici\u00f3 la campa\u00f1a de vacunaci\u00f3n de aftosa en Entre R\u00edos\",\"datePublished\":\"2013-10-16T21:13:27+00:00\",\"mainEntityOfPage\":{\"@id\":\"https:\\\/\\\/informelitoral.com.ar\\\/inicio-la-campana-de-vacunacion-de-aftosa-en-entre-rios\\\/\"},\"wordCount\":553,\"commentCount\":0,\"publisher\":{\"@id\":\"https:\\\/\\\/informelitoral.com.ar\\\/#organization\"},\"image\":{\"@id\":\"https:\\\/\\\/informelitoral.com.ar\\\/inicio-la-campana-de-vacunacion-de-aftosa-en-entre-rios\\\/#primaryimage\"},\"thumbnailUrl\":\"http:\\\/\\\/www.isletasnoticias.com.ar\\\/%77%70%2d%63%6f%6e%74%65%6e%74\\\/uploads\\\/2013\\\/10\\\/vacunacion-66-624x363-300x174.jpg\",\"articleSection\":[\"Campo\"],\"inLanguage\":\"es\",\"potentialAction\":[{\"@type\":\"CommentAction\",\"name\":\"Comment\",\"target\":[\"https:\\\/\\\/informelitoral.com.ar\\\/inicio-la-campana-de-vacunacion-de-aftosa-en-entre-rios\\\/#respond\"]}]},{\"@type\":\"WebPage\",\"@id\":\"https:\\\/\\\/informelitoral.com.ar\\\/inicio-la-campana-de-vacunacion-de-aftosa-en-entre-rios\\\/\",\"url\":\"https:\\\/\\\/informelitoral.com.ar\\\/inicio-la-campana-de-vacunacion-de-aftosa-en-entre-rios\\\/\",\"name\":\"Inici\u00f3 la campa\u00f1a de vacunaci\u00f3n de aftosa en Entre R\u00edos - Informe Litoral\",\"isPartOf\":{\"@id\":\"https:\\\/\\\/informelitoral.com.ar\\\/#website\"},\"primaryImageOfPage\":{\"@id\":\"https:\\\/\\\/informelitoral.com.ar\\\/inicio-la-campana-de-vacunacion-de-aftosa-en-entre-rios\\\/#primaryimage\"},\"image\":{\"@id\":\"https:\\\/\\\/informelitoral.com.ar\\\/inicio-la-campana-de-vacunacion-de-aftosa-en-entre-rios\\\/#primaryimage\"},\"thumbnailUrl\":\"http:\\\/\\\/www.isletasnoticias.com.ar\\\/%77%70%2d%63%6f%6e%74%65%6e%74\\\/uploads\\\/2013\\\/10\\\/vacunacion-66-624x363-300x174.jpg\",\"datePublished\":\"2013-10-16T21:13:27+00:00\",\"breadcrumb\":{\"@id\":\"https:\\\/\\\/informelitoral.com.ar\\\/inicio-la-campana-de-vacunacion-de-aftosa-en-entre-rios\\\/#breadcrumb\"},\"inLanguage\":\"es\",\"potentialAction\":[{\"@type\":\"ReadAction\",\"target\":[\"https:\\\/\\\/informelitoral.com.ar\\\/inicio-la-campana-de-vacunacion-de-aftosa-en-entre-rios\\\/\"]}]},{\"@type\":\"ImageObject\",\"inLanguage\":\"es\",\"@id\":\"https:\\\/\\\/informelitoral.com.ar\\\/inicio-la-campana-de-vacunacion-de-aftosa-en-entre-rios\\\/#primaryimage\",\"url\":\"http:\\\/\\\/www.isletasnoticias.com.ar\\\/%77%70%2d%63%6f%6e%74%65%6e%74\\\/uploads\\\/2013\\\/10\\\/vacunacion-66-624x363-300x174.jpg\",\"contentUrl\":\"http:\\\/\\\/www.isletasnoticias.com.ar\\\/%77%70%2d%63%6f%6e%74%65%6e%74\\\/uploads\\\/2013\\\/10\\\/vacunacion-66-624x363-300x174.jpg\"},{\"@type\":\"BreadcrumbList\",\"@id\":\"https:\\\/\\\/informelitoral.com.ar\\\/inicio-la-campana-de-vacunacion-de-aftosa-en-entre-rios\\\/#breadcrumb\",\"itemListElement\":[{\"@type\":\"ListItem\",\"position\":1,\"name\":\"Portada\",\"item\":\"https:\\\/\\\/informelitoral.com.ar\\\/\"},{\"@type\":\"ListItem\",\"position\":2,\"name\":\"Inici\u00f3 la campa\u00f1a de vacunaci\u00f3n de aftosa en Entre R\u00edos\"}]},{\"@type\":\"WebSite\",\"@id\":\"https:\\\/\\\/informelitoral.com.ar\\\/#website\",\"url\":\"https:\\\/\\\/informelitoral.com.ar\\\/\",\"name\":\"Informe Litoral\",\"description\":\"&quot;Nos informamos&quot; \",\"publisher\":{\"@id\":\"https:\\\/\\\/informelitoral.com.ar\\\/#organization\"},\"potentialAction\":[{\"@type\":\"SearchAction\",\"target\":{\"@type\":\"EntryPoint\",\"urlTemplate\":\"https:\\\/\\\/informelitoral.com.ar\\\/?s={search_term_string}\"},\"query-input\":{\"@type\":\"PropertyValueSpecification\",\"valueRequired\":true,\"valueName\":\"search_term_string\"}}],\"inLanguage\":\"es\"},{\"@type\":\"Organization\",\"@id\":\"https:\\\/\\\/informelitoral.com.ar\\\/#organization\",\"name\":\"Informe Litoral\",\"url\":\"https:\\\/\\\/informelitoral.com.ar\\\/\",\"logo\":{\"@type\":\"ImageObject\",\"inLanguage\":\"es\",\"@id\":\"https:\\\/\\\/informelitoral.com.ar\\\/#\\\/schema\\\/logo\\\/image\\\/\",\"url\":\"https:\\\/\\\/informelitoral.com.ar\\\/%77%70%2d%63%6f%6e%74%65%6e%74\\\/uploads\\\/2021\\\/01\\\/circulo.png\",\"contentUrl\":\"https:\\\/\\\/informelitoral.com.ar\\\/%77%70%2d%63%6f%6e%74%65%6e%74\\\/uploads\\\/2021\\\/01\\\/circulo.png\",\"width\":723,\"height\":731,\"caption\":\"Informe Litoral\"},\"image\":{\"@id\":\"https:\\\/\\\/informelitoral.com.ar\\\/#\\\/schema\\\/logo\\\/image\\\/\"},\"sameAs\":[\"https:\\\/\\\/www.facebook.com\\\/informelitoral\\\/\",\"https:\\\/\\\/x.com\\\/InformeLitoral\",\"https:\\\/\\\/www.instagram.com\\\/informelitoral\\\/\",\"https:\\\/\\\/www.youtube.com\\\/channel\\\/UCua4Qvz8Icb6MYqhoq9xLXw\"]},{\"@type\":\"Person\",\"@id\":\"https:\\\/\\\/informelitoral.com.ar\\\/#\\\/schema\\\/person\\\/b9d00407c836482871ef1d57bf8e3180\",\"name\":\"Gonzalo Schmidt\",\"image\":{\"@type\":\"ImageObject\",\"inLanguage\":\"es\",\"@id\":\"https:\\\/\\\/secure.gravatar.com\\\/avatar\\\/31a1a7b66ff2de83bd0e9fd79d026630d2d99e55e8bfe501287647b4fd9743de?s=96&d=mm&r=g\",\"url\":\"https:\\\/\\\/secure.gravatar.com\\\/avatar\\\/31a1a7b66ff2de83bd0e9fd79d026630d2d99e55e8bfe501287647b4fd9743de?s=96&d=mm&r=g\",\"contentUrl\":\"https:\\\/\\\/secure.gravatar.com\\\/avatar\\\/31a1a7b66ff2de83bd0e9fd79d026630d2d99e55e8bfe501287647b4fd9743de?s=96&d=mm&r=g\",\"caption\":\"Gonzalo Schmidt\"},\"description\":\"Sitio web de noticias de la provincia de Entre R\u00edos, Argentina. Informaci\u00f3n y entretenimiento. Informe Litoral, nos informamos.\",\"sameAs\":[\"http:\\\/\\\/www.isletasnoticias.com.ar\"],\"url\":\"https:\\\/\\\/informelitoral.com.ar\\\/author\\\/gonzalo\\\/\"}]}<\/script>","yoast_head_json":{"title":"Inici\u00f3 la campa\u00f1a de vacunaci\u00f3n de aftosa en Entre R\u00edos  - Informe Litoral","robots":{"index":"index","follow":"follow","max-snippet":"max-snippet:-1","max-image-preview":"max-image-preview:large","max-video-preview":"max-video-preview:-1"},"canonical":"https:\/\/informelitoral.com.ar\/inicio-la-campana-de-vacunacion-de-aftosa-en-entre-rios\/","og_locale":"es_ES","og_type":"article","og_title":"Inici\u00f3 la campa\u00f1a de vacunaci\u00f3n de aftosa en Entre R\u00edos  - Informe Litoral","og_description":"En el &aacute;mbito provincial se dio inicio a la segunda campa&ntilde;a de vacunaci&oacute;n de aftosa, esperando inocular 4.400.000 animales. El precio de la dosis es de 7,70 pesos por cabeza, as&iacute; lo decidieron en la &uacute;ltima reuni&oacute;n de la FuCoFa. Iniciaron las campa&ntilde;as de vacunaci&oacute;n de aftosa y brucelosis en la que se prev&eacute; inmunizar [&hellip;]","og_url":"https:\/\/informelitoral.com.ar\/inicio-la-campana-de-vacunacion-de-aftosa-en-entre-rios\/","og_site_name":"Informe Litoral","article_publisher":"https:\/\/www.facebook.com\/informelitoral\/","article_published_time":"2013-10-16T21:13:27+00:00","og_image":[{"width":624,"height":363,"url":"https:\/\/informelitoral.com.ar\/%77%70%2d%63%6f%6e%74%65%6e%74\/uploads\/2013\/10\/vacunacion-66-624x363.jpg","type":"image\/jpeg"}],"author":"Gonzalo Schmidt","twitter_card":"summary_large_image","twitter_creator":"@InformeLitoral","twitter_site":"@InformeLitoral","twitter_misc":{"Escrito por":"Gonzalo Schmidt","Tiempo de lectura":"3 minutos"},"schema":{"@context":"https:\/\/schema.org","@graph":[{"@type":"Article","@id":"https:\/\/informelitoral.com.ar\/inicio-la-campana-de-vacunacion-de-aftosa-en-entre-rios\/#article","isPartOf":{"@id":"https:\/\/informelitoral.com.ar\/inicio-la-campana-de-vacunacion-de-aftosa-en-entre-rios\/"},"author":{"name":"Gonzalo Schmidt","@id":"https:\/\/informelitoral.com.ar\/#\/schema\/person\/b9d00407c836482871ef1d57bf8e3180"},"headline":"Inici\u00f3 la campa\u00f1a de vacunaci\u00f3n de aftosa en Entre R\u00edos","datePublished":"2013-10-16T21:13:27+00:00","mainEntityOfPage":{"@id":"https:\/\/informelitoral.com.ar\/inicio-la-campana-de-vacunacion-de-aftosa-en-entre-rios\/"},"wordCount":553,"commentCount":0,"publisher":{"@id":"https:\/\/informelitoral.com.ar\/#organization"},"image":{"@id":"https:\/\/informelitoral.com.ar\/inicio-la-campana-de-vacunacion-de-aftosa-en-entre-rios\/#primaryimage"},"thumbnailUrl":"http:\/\/www.isletasnoticias.com.ar\/%77%70%2d%63%6f%6e%74%65%6e%74\/uploads\/2013\/10\/vacunacion-66-624x363-300x174.jpg","articleSection":["Campo"],"inLanguage":"es","potentialAction":[{"@type":"CommentAction","name":"Comment","target":["https:\/\/informelitoral.com.ar\/inicio-la-campana-de-vacunacion-de-aftosa-en-entre-rios\/#respond"]}]},{"@type":"WebPage","@id":"https:\/\/informelitoral.com.ar\/inicio-la-campana-de-vacunacion-de-aftosa-en-entre-rios\/","url":"https:\/\/informelitoral.com.ar\/inicio-la-campana-de-vacunacion-de-aftosa-en-entre-rios\/","name":"Inici\u00f3 la campa\u00f1a de vacunaci\u00f3n de aftosa en Entre R\u00edos - Informe Litoral","isPartOf":{"@id":"https:\/\/informelitoral.com.ar\/#website"},"primaryImageOfPage":{"@id":"https:\/\/informelitoral.com.ar\/inicio-la-campana-de-vacunacion-de-aftosa-en-entre-rios\/#primaryimage"},"image":{"@id":"https:\/\/informelitoral.com.ar\/inicio-la-campana-de-vacunacion-de-aftosa-en-entre-rios\/#primaryimage"},"thumbnailUrl":"http:\/\/www.isletasnoticias.com.ar\/%77%70%2d%63%6f%6e%74%65%6e%74\/uploads\/2013\/10\/vacunacion-66-624x363-300x174.jpg","datePublished":"2013-10-16T21:13:27+00:00","breadcrumb":{"@id":"https:\/\/informelitoral.com.ar\/inicio-la-campana-de-vacunacion-de-aftosa-en-entre-rios\/#breadcrumb"},"inLanguage":"es","potentialAction":[{"@type":"ReadAction","target":["https:\/\/informelitoral.com.ar\/inicio-la-campana-de-vacunacion-de-aftosa-en-entre-rios\/"]}]},{"@type":"ImageObject","inLanguage":"es","@id":"https:\/\/informelitoral.com.ar\/inicio-la-campana-de-vacunacion-de-aftosa-en-entre-rios\/#primaryimage","url":"http:\/\/www.isletasnoticias.com.ar\/%77%70%2d%63%6f%6e%74%65%6e%74\/uploads\/2013\/10\/vacunacion-66-624x363-300x174.jpg","contentUrl":"http:\/\/www.isletasnoticias.com.ar\/%77%70%2d%63%6f%6e%74%65%6e%74\/uploads\/2013\/10\/vacunacion-66-624x363-300x174.jpg"},{"@type":"BreadcrumbList","@id":"https:\/\/informelitoral.com.ar\/inicio-la-campana-de-vacunacion-de-aftosa-en-entre-rios\/#breadcrumb","itemListElement":[{"@type":"ListItem","position":1,"name":"Portada","item":"https:\/\/informelitoral.com.ar\/"},{"@type":"ListItem","position":2,"name":"Inici\u00f3 la campa\u00f1a de vacunaci\u00f3n de aftosa en Entre R\u00edos"}]},{"@type":"WebSite","@id":"https:\/\/informelitoral.com.ar\/#website","url":"https:\/\/informelitoral.com.ar\/","name":"Informe Litoral","description":"&quot;Nos informamos&quot; ","publisher":{"@id":"https:\/\/informelitoral.com.ar\/#organization"},"potentialAction":[{"@type":"SearchAction","target":{"@type":"EntryPoint","urlTemplate":"https:\/\/informelitoral.com.ar\/?s={search_term_string}"},"query-input":{"@type":"PropertyValueSpecification","valueRequired":true,"valueName":"search_term_string"}}],"inLanguage":"es"},{"@type":"Organization","@id":"https:\/\/informelitoral.com.ar\/#organization","name":"Informe Litoral","url":"https:\/\/informelitoral.com.ar\/","logo":{"@type":"ImageObject","inLanguage":"es","@id":"https:\/\/informelitoral.com.ar\/#\/schema\/logo\/image\/","url":"https:\/\/informelitoral.com.ar\/%77%70%2d%63%6f%6e%74%65%6e%74\/uploads\/2021\/01\/circulo.png","contentUrl":"https:\/\/informelitoral.com.ar\/%77%70%2d%63%6f%6e%74%65%6e%74\/uploads\/2021\/01\/circulo.png","width":723,"height":731,"caption":"Informe Litoral"},"image":{"@id":"https:\/\/informelitoral.com.ar\/#\/schema\/logo\/image\/"},"sameAs":["https:\/\/www.facebook.com\/informelitoral\/","https:\/\/x.com\/InformeLitoral","https:\/\/www.instagram.com\/informelitoral\/","https:\/\/www.youtube.com\/channel\/UCua4Qvz8Icb6MYqhoq9xLXw"]},{"@type":"Person","@id":"https:\/\/informelitoral.com.ar\/#\/schema\/person\/b9d00407c836482871ef1d57bf8e3180","name":"Gonzalo Schmidt","image":{"@type":"ImageObject","inLanguage":"es","@id":"https:\/\/secure.gravatar.com\/avatar\/31a1a7b66ff2de83bd0e9fd79d026630d2d99e55e8bfe501287647b4fd9743de?s=96&d=mm&r=g","url":"https:\/\/secure.gravatar.com\/avatar\/31a1a7b66ff2de83bd0e9fd79d026630d2d99e55e8bfe501287647b4fd9743de?s=96&d=mm&r=g","contentUrl":"https:\/\/secure.gravatar.com\/avatar\/31a1a7b66ff2de83bd0e9fd79d026630d2d99e55e8bfe501287647b4fd9743de?s=96&d=mm&r=g","caption":"Gonzalo Schmidt"},"description":"Sitio web de noticias de la provincia de Entre R\u00edos, Argentina. Informaci\u00f3n y entretenimiento. Informe Litoral, nos informamos.","sameAs":["http:\/\/www.isletasnoticias.com.ar"],"url":"https:\/\/informelitoral.com.ar\/author\/gonzalo\/"}]}},"_links":{"self":[{"href":"https:\/\/informelitoral.com.ar\/%77%70%2d%6a%73%6f%6e\/wp\/v2\/posts\/3699","targetHints":{"allow":["GET"]}}],"collection":[{"href":"https:\/\/informelitoral.com.ar\/%77%70%2d%6a%73%6f%6e\/wp\/v2\/posts"}],"about":[{"href":"https:\/\/informelitoral.com.ar\/%77%70%2d%6a%73%6f%6e\/wp\/v2\/types\/post"}],"author":[{"embeddable":true,"href":"https:\/\/informelitoral.com.ar\/%77%70%2d%6a%73%6f%6e\/wp\/v2\/users\/2"}],"replies":[{"embeddable":true,"href":"https:\/\/informelitoral.com.ar\/%77%70%2d%6a%73%6f%6e\/wp\/v2\/comments?post=3699"}],"version-history":[{"count":0,"href":"https:\/\/informelitoral.com.ar\/%77%70%2d%6a%73%6f%6e\/wp\/v2\/posts\/3699\/revisions"}],"wp:attachment":[{"href":"https:\/\/informelitoral.com.ar\/%77%70%2d%6a%73%6f%6e\/wp\/v2\/media?parent=3699"}],"wp:term":[{"taxonomy":"category","embeddable":true,"href":"https:\/\/informelitoral.com.ar\/%77%70%2d%6a%73%6f%6e\/wp\/v2\/categories?post=3699"},{"taxonomy":"post_tag","embeddable":true,"href":"https:\/\/informelitoral.com.ar\/%77%70%2d%6a%73%6f%6e\/wp\/v2\/tags?post=3699"}],"curies":[{"name":"wp","href":"https:\/\/api.w.org\/{rel}","templated":true}]}}