{"id":36862,"date":"2019-10-03T08:01:31","date_gmt":"2019-10-03T11:01:31","guid":{"rendered":"https:\/\/www.isletasnoticias.com.ar\/?p=36862"},"modified":"2019-10-03T08:08:27","modified_gmt":"2019-10-03T11:08:27","slug":"bordet-y-darrichon-analizaron-obras-para-diamante","status":"publish","type":"post","link":"https:\/\/informelitoral.com.ar\/bordet-y-darrichon-analizaron-obras-para-diamante\/","title":{"rendered":"Bordet y Darrich\u00f3n analizaron obras para Diamante"},"content":{"rendered":"<p>Al t\u00e9rmino del encuentro realizado en el Centro Provincial de Convenciones, Darrich\u00f3n coment\u00f3: \u201cFue una interesante reuni\u00f3n de trabajo para definir algunas cuestiones que tienen que ver con lo que ser\u00e1 nuestra gesti\u00f3n. Tratamos temas que vamos a tener que abordar apenas asumamos, como el <strong>Festival de Jineteada y Folclore<\/strong>, que es muy importante para los diamantinos y uno de los principales de la provincia con el que se abre el calendario de fiestas, y <strong>al respecto el gobernador se comprometi\u00f3 a darnos una mano con lo que tiene que ver con la organizaci\u00f3n<\/strong>\u201d.<\/p>\n<p>\u201cTambi\u00e9n le plant\u00e9 la necesidad de que el a\u00f1o que viene cuando se est\u00e9 licitando o renegociando lo que tiene que ver con hidrov\u00eda, <strong>que nuestro puerto sea incorporado dentro de lo que es hidrov\u00edas para garantizar el dragado permanente a lo que es el acceso<\/strong>\u201d, coment\u00f3. Y agreg\u00f3 que el gobernador \u201clo ha visto tambi\u00e9n como estrat\u00e9gico y es algo que inclusive ya el fiscal de Estado lo ha planteado que es una necesidad que tiene la provincia de poder definir las obras que considera importante para el desarrollo econ\u00f3mico y que tienen que ver con la ciudad\u201d.<\/p>\n<p>Otro tema tratado fue el perfil de desarrollo que le quiere dar a la ciudad. Al respecto, Darrich\u00f3n indic\u00f3: \u201c<strong>Vamos a apuntarle a lo que tiene que ver con la tecnolog\u00eda, que es algo que en la provincia no hay<\/strong> y que lo m\u00e1s parecido que hemos visto est\u00e1 en Canelones, Rep\u00fablica Oriental del Uruguay\u201d. Agreg\u00f3 que su ciudad cuenta con un Centro de Investigaci\u00f3n Cient\u00edfica y Transferencia Tecnol\u00f3gica \u201cque para nosotros es importante y vamos a trabajar en ese sentido\u201d.<\/p>\n<p>La<strong> consolidaci\u00f3n de las barrancas<\/strong> tambi\u00e9n ocup\u00f3 la atenci\u00f3n de las autoridades y se dialog\u00f3 sobre los estudios encarados en ese sentido, con financiamiento del Consejo Federal de Inversiones (CFI). A ello Darrich\u00f3n acot\u00f3 que \u201c<strong>uno de los problemas que hoy tiene Diamante es la p\u00e9rdida de agua de la ca\u00f1er\u00eda<\/strong>, que ya tiene cerca de 70 a\u00f1os y est\u00e1 obsoleta. Casi se pierde el 50 por ciento de lo que se elabora de agua y queda en las napas y eso tambi\u00e9n contribuye al deslizamiento, por lo que parte de la soluci\u00f3n ser\u00eda tambi\u00e9n el recambio de ca\u00f1er\u00edas\u201d.<\/p>\n<p>\u201c<strong>Le comentaba tambi\u00e9n al gobernador que hay una parte de este proyecto que quedar\u00eda inconcluso, que es desde la parte que ya se hizo, es decir hasta calle Espa\u00f1a hacia el norte,<\/strong> y ahora se ha planteado de calle Pellegrini hacia el sur, y nos queda una franja de casi 200 metros sin incorporar. <strong>Queremos que se incorpore esto tambi\u00e9n y se pueda hacer un trabajo general<\/strong>\u201d, detall\u00f3, al tiempo que indic\u00f3 que \u201cel gobernador lo ha visto con muy buenos ojos porque \u00e9l tambi\u00e9n ha sido intendente y sabe de lo que estoy hablando. Creo que este proyecto va a estar siendo presentado, porque tambi\u00e9n hay otra instancia ahora donde se hace una consultor\u00eda y a partir de ah\u00ed se llamar\u00e1 a licitaci\u00f3n y ojal\u00e1 se haga a la brevedad porque hoy en d\u00eda con la bajante del r\u00edo hay movimientos permanentes en la ciudad\u201d.<\/p>\n","protected":false},"excerpt":{"rendered":"<p>La consolidaci\u00f3n de la barranca, y la realizaci\u00f3n del Festival de Jineteada y Folklore, fueron parte del temario analizado este mi\u00e9rcoles por el gobernador Gustavo Bordet y el intendente electo de esa ciudad, Juan Carlos Darrich\u00f3n.<\/p>\n","protected":false},"author":2,"featured_media":36863,"comment_status":"open","ping_status":"open","sticky":false,"template":"","format":"standard","meta":{"fifu_image_url":"","fifu_image_alt":"","footnotes":""},"categories":[5,16],"tags":[34,167,1281,316],"class_list":{"0":"post-36862","1":"post","2":"type-post","3":"status-publish","4":"format-standard","5":"has-post-thumbnail","7":"category-zonales","8":"category-politi","9":"tag-diamante","10":"tag-gustavo-bordet","11":"tag-juan-carlos-darrichon","12":"tag-obras-publicas"},"yoast_head":"<title>Bordet y Darrich\u00f3n analizaron obras para Diamante - Informe Litoral<\/title>\n<meta name=\"robots\" content=\"index, follow, max-snippet:-1, max-image-preview:large, max-video-preview:-1\" \/>\n<link rel=\"canonical\" href=\"https:\/\/informelitoral.com.ar\/bordet-y-darrichon-analizaron-obras-para-diamante\/\" \/>\n<meta property=\"og:locale\" content=\"es_ES\" \/>\n<meta property=\"og:type\" content=\"article\" \/>\n<meta property=\"og:title\" content=\"Bordet y Darrich\u00f3n analizaron obras para Diamante - Informe Litoral\" \/>\n<meta property=\"og:description\" content=\"La consolidaci\u00f3n de la barranca, y la realizaci\u00f3n del Festival de Jineteada y Folklore, fueron parte del temario analizado este mi\u00e9rcoles por el gobernador Gustavo Bordet y el intendente electo de esa ciudad, Juan Carlos Darrich\u00f3n.\" \/>\n<meta property=\"og:url\" content=\"https:\/\/informelitoral.com.ar\/bordet-y-darrichon-analizaron-obras-para-diamante\/\" \/>\n<meta property=\"og:site_name\" content=\"Informe Litoral\" \/>\n<meta property=\"article:publisher\" content=\"https:\/\/www.facebook.com\/informelitoral\/\" \/>\n<meta property=\"article:published_time\" content=\"2019-10-03T11:01:31+00:00\" \/>\n<meta property=\"article:modified_time\" content=\"2019-10-03T11:08:27+00:00\" \/>\n<meta property=\"og:image\" content=\"https:\/\/informelitoral.com.ar\/%77%70%2d%63%6f%6e%74%65%6e%74\/uploads\/2019\/10\/1570033420jpg.jpg\" \/>\n\t<meta property=\"og:image:width\" content=\"3305\" \/>\n\t<meta property=\"og:image:height\" content=\"2204\" \/>\n\t<meta property=\"og:image:type\" content=\"image\/jpeg\" \/>\n<meta name=\"author\" content=\"Gonzalo Schmidt\" \/>\n<meta name=\"twitter:card\" content=\"summary_large_image\" \/>\n<meta name=\"twitter:creator\" content=\"@InformeLitoral\" \/>\n<meta name=\"twitter:site\" content=\"@InformeLitoral\" \/>\n<meta name=\"twitter:label1\" content=\"Escrito por\" \/>\n\t<meta name=\"twitter:data1\" content=\"Gonzalo Schmidt\" \/>\n\t<meta name=\"twitter:label2\" content=\"Tiempo de lectura\" \/>\n\t<meta name=\"twitter:data2\" content=\"3 minutos\" \/>\n<script type=\"application\/ld+json\" class=\"yoast-schema-graph\">{\"@context\":\"https:\\\/\\\/schema.org\",\"@graph\":[{\"@type\":\"Article\",\"@id\":\"https:\\\/\\\/informelitoral.com.ar\\\/bordet-y-darrichon-analizaron-obras-para-diamante\\\/#article\",\"isPartOf\":{\"@id\":\"https:\\\/\\\/informelitoral.com.ar\\\/bordet-y-darrichon-analizaron-obras-para-diamante\\\/\"},\"author\":{\"name\":\"Gonzalo Schmidt\",\"@id\":\"https:\\\/\\\/informelitoral.com.ar\\\/#\\\/schema\\\/person\\\/b9d00407c836482871ef1d57bf8e3180\"},\"headline\":\"Bordet y Darrich\u00f3n analizaron obras para Diamante\",\"datePublished\":\"2019-10-03T11:01:31+00:00\",\"dateModified\":\"2019-10-03T11:08:27+00:00\",\"mainEntityOfPage\":{\"@id\":\"https:\\\/\\\/informelitoral.com.ar\\\/bordet-y-darrichon-analizaron-obras-para-diamante\\\/\"},\"wordCount\":567,\"commentCount\":0,\"publisher\":{\"@id\":\"https:\\\/\\\/informelitoral.com.ar\\\/#organization\"},\"image\":{\"@id\":\"https:\\\/\\\/informelitoral.com.ar\\\/bordet-y-darrichon-analizaron-obras-para-diamante\\\/#primaryimage\"},\"thumbnailUrl\":\"https:\\\/\\\/informelitoral.com.ar\\\/%77%70%2d%63%6f%6e%74%65%6e%74\\\/uploads\\\/2019\\\/10\\\/1570033420jpg.jpg\",\"keywords\":[\"Diamante\",\"Gustavo Bordet\",\"Juan Carlos Darrich\u00f3n\",\"Obras p\u00fablicas\"],\"articleSection\":[\"Departamento Diamante\",\"Politica\"],\"inLanguage\":\"es\",\"potentialAction\":[{\"@type\":\"CommentAction\",\"name\":\"Comment\",\"target\":[\"https:\\\/\\\/informelitoral.com.ar\\\/bordet-y-darrichon-analizaron-obras-para-diamante\\\/#respond\"]}]},{\"@type\":\"WebPage\",\"@id\":\"https:\\\/\\\/informelitoral.com.ar\\\/bordet-y-darrichon-analizaron-obras-para-diamante\\\/\",\"url\":\"https:\\\/\\\/informelitoral.com.ar\\\/bordet-y-darrichon-analizaron-obras-para-diamante\\\/\",\"name\":\"Bordet y Darrich\u00f3n analizaron obras para Diamante - Informe Litoral\",\"isPartOf\":{\"@id\":\"https:\\\/\\\/informelitoral.com.ar\\\/#website\"},\"primaryImageOfPage\":{\"@id\":\"https:\\\/\\\/informelitoral.com.ar\\\/bordet-y-darrichon-analizaron-obras-para-diamante\\\/#primaryimage\"},\"image\":{\"@id\":\"https:\\\/\\\/informelitoral.com.ar\\\/bordet-y-darrichon-analizaron-obras-para-diamante\\\/#primaryimage\"},\"thumbnailUrl\":\"https:\\\/\\\/informelitoral.com.ar\\\/%77%70%2d%63%6f%6e%74%65%6e%74\\\/uploads\\\/2019\\\/10\\\/1570033420jpg.jpg\",\"datePublished\":\"2019-10-03T11:01:31+00:00\",\"dateModified\":\"2019-10-03T11:08:27+00:00\",\"breadcrumb\":{\"@id\":\"https:\\\/\\\/informelitoral.com.ar\\\/bordet-y-darrichon-analizaron-obras-para-diamante\\\/#breadcrumb\"},\"inLanguage\":\"es\",\"potentialAction\":[{\"@type\":\"ReadAction\",\"target\":[\"https:\\\/\\\/informelitoral.com.ar\\\/bordet-y-darrichon-analizaron-obras-para-diamante\\\/\"]}]},{\"@type\":\"ImageObject\",\"inLanguage\":\"es\",\"@id\":\"https:\\\/\\\/informelitoral.com.ar\\\/bordet-y-darrichon-analizaron-obras-para-diamante\\\/#primaryimage\",\"url\":\"https:\\\/\\\/informelitoral.com.ar\\\/%77%70%2d%63%6f%6e%74%65%6e%74\\\/uploads\\\/2019\\\/10\\\/1570033420jpg.jpg\",\"contentUrl\":\"https:\\\/\\\/informelitoral.com.ar\\\/%77%70%2d%63%6f%6e%74%65%6e%74\\\/uploads\\\/2019\\\/10\\\/1570033420jpg.jpg\",\"width\":3305,\"height\":2204},{\"@type\":\"BreadcrumbList\",\"@id\":\"https:\\\/\\\/informelitoral.com.ar\\\/bordet-y-darrichon-analizaron-obras-para-diamante\\\/#breadcrumb\",\"itemListElement\":[{\"@type\":\"ListItem\",\"position\":1,\"name\":\"Portada\",\"item\":\"https:\\\/\\\/informelitoral.com.ar\\\/\"},{\"@type\":\"ListItem\",\"position\":2,\"name\":\"Bordet y Darrich\u00f3n analizaron obras para Diamante\"}]},{\"@type\":\"WebSite\",\"@id\":\"https:\\\/\\\/informelitoral.com.ar\\\/#website\",\"url\":\"https:\\\/\\\/informelitoral.com.ar\\\/\",\"name\":\"Informe Litoral\",\"description\":\"&quot;Nos informamos&quot; \",\"publisher\":{\"@id\":\"https:\\\/\\\/informelitoral.com.ar\\\/#organization\"},\"potentialAction\":[{\"@type\":\"SearchAction\",\"target\":{\"@type\":\"EntryPoint\",\"urlTemplate\":\"https:\\\/\\\/informelitoral.com.ar\\\/?s={search_term_string}\"},\"query-input\":{\"@type\":\"PropertyValueSpecification\",\"valueRequired\":true,\"valueName\":\"search_term_string\"}}],\"inLanguage\":\"es\"},{\"@type\":\"Organization\",\"@id\":\"https:\\\/\\\/informelitoral.com.ar\\\/#organization\",\"name\":\"Informe Litoral\",\"url\":\"https:\\\/\\\/informelitoral.com.ar\\\/\",\"logo\":{\"@type\":\"ImageObject\",\"inLanguage\":\"es\",\"@id\":\"https:\\\/\\\/informelitoral.com.ar\\\/#\\\/schema\\\/logo\\\/image\\\/\",\"url\":\"https:\\\/\\\/informelitoral.com.ar\\\/%77%70%2d%63%6f%6e%74%65%6e%74\\\/uploads\\\/2021\\\/01\\\/circulo.png\",\"contentUrl\":\"https:\\\/\\\/informelitoral.com.ar\\\/%77%70%2d%63%6f%6e%74%65%6e%74\\\/uploads\\\/2021\\\/01\\\/circulo.png\",\"width\":723,\"height\":731,\"caption\":\"Informe Litoral\"},\"image\":{\"@id\":\"https:\\\/\\\/informelitoral.com.ar\\\/#\\\/schema\\\/logo\\\/image\\\/\"},\"sameAs\":[\"https:\\\/\\\/www.facebook.com\\\/informelitoral\\\/\",\"https:\\\/\\\/x.com\\\/InformeLitoral\",\"https:\\\/\\\/www.instagram.com\\\/informelitoral\\\/\",\"https:\\\/\\\/www.youtube.com\\\/channel\\\/UCua4Qvz8Icb6MYqhoq9xLXw\"]},{\"@type\":\"Person\",\"@id\":\"https:\\\/\\\/informelitoral.com.ar\\\/#\\\/schema\\\/person\\\/b9d00407c836482871ef1d57bf8e3180\",\"name\":\"Gonzalo Schmidt\",\"image\":{\"@type\":\"ImageObject\",\"inLanguage\":\"es\",\"@id\":\"https:\\\/\\\/secure.gravatar.com\\\/avatar\\\/31a1a7b66ff2de83bd0e9fd79d026630d2d99e55e8bfe501287647b4fd9743de?s=96&d=mm&r=g\",\"url\":\"https:\\\/\\\/secure.gravatar.com\\\/avatar\\\/31a1a7b66ff2de83bd0e9fd79d026630d2d99e55e8bfe501287647b4fd9743de?s=96&d=mm&r=g\",\"contentUrl\":\"https:\\\/\\\/secure.gravatar.com\\\/avatar\\\/31a1a7b66ff2de83bd0e9fd79d026630d2d99e55e8bfe501287647b4fd9743de?s=96&d=mm&r=g\",\"caption\":\"Gonzalo Schmidt\"},\"description\":\"Sitio web de noticias de la provincia de Entre R\u00edos, Argentina. Informaci\u00f3n y entretenimiento. Informe Litoral, nos informamos.\",\"sameAs\":[\"http:\\\/\\\/www.isletasnoticias.com.ar\"],\"url\":\"https:\\\/\\\/informelitoral.com.ar\\\/author\\\/gonzalo\\\/\"}]}<\/script>","yoast_head_json":{"title":"Bordet y Darrich\u00f3n analizaron obras para Diamante - Informe Litoral","robots":{"index":"index","follow":"follow","max-snippet":"max-snippet:-1","max-image-preview":"max-image-preview:large","max-video-preview":"max-video-preview:-1"},"canonical":"https:\/\/informelitoral.com.ar\/bordet-y-darrichon-analizaron-obras-para-diamante\/","og_locale":"es_ES","og_type":"article","og_title":"Bordet y Darrich\u00f3n analizaron obras para Diamante - Informe Litoral","og_description":"La consolidaci\u00f3n de la barranca, y la realizaci\u00f3n del Festival de Jineteada y Folklore, fueron parte del temario analizado este mi\u00e9rcoles por el gobernador Gustavo Bordet y el intendente electo de esa ciudad, Juan Carlos Darrich\u00f3n.","og_url":"https:\/\/informelitoral.com.ar\/bordet-y-darrichon-analizaron-obras-para-diamante\/","og_site_name":"Informe Litoral","article_publisher":"https:\/\/www.facebook.com\/informelitoral\/","article_published_time":"2019-10-03T11:01:31+00:00","article_modified_time":"2019-10-03T11:08:27+00:00","og_image":[{"width":3305,"height":2204,"url":"https:\/\/informelitoral.com.ar\/%77%70%2d%63%6f%6e%74%65%6e%74\/uploads\/2019\/10\/1570033420jpg.jpg","type":"image\/jpeg"}],"author":"Gonzalo Schmidt","twitter_card":"summary_large_image","twitter_creator":"@InformeLitoral","twitter_site":"@InformeLitoral","twitter_misc":{"Escrito por":"Gonzalo Schmidt","Tiempo de lectura":"3 minutos"},"schema":{"@context":"https:\/\/schema.org","@graph":[{"@type":"Article","@id":"https:\/\/informelitoral.com.ar\/bordet-y-darrichon-analizaron-obras-para-diamante\/#article","isPartOf":{"@id":"https:\/\/informelitoral.com.ar\/bordet-y-darrichon-analizaron-obras-para-diamante\/"},"author":{"name":"Gonzalo Schmidt","@id":"https:\/\/informelitoral.com.ar\/#\/schema\/person\/b9d00407c836482871ef1d57bf8e3180"},"headline":"Bordet y Darrich\u00f3n analizaron obras para Diamante","datePublished":"2019-10-03T11:01:31+00:00","dateModified":"2019-10-03T11:08:27+00:00","mainEntityOfPage":{"@id":"https:\/\/informelitoral.com.ar\/bordet-y-darrichon-analizaron-obras-para-diamante\/"},"wordCount":567,"commentCount":0,"publisher":{"@id":"https:\/\/informelitoral.com.ar\/#organization"},"image":{"@id":"https:\/\/informelitoral.com.ar\/bordet-y-darrichon-analizaron-obras-para-diamante\/#primaryimage"},"thumbnailUrl":"https:\/\/informelitoral.com.ar\/%77%70%2d%63%6f%6e%74%65%6e%74\/uploads\/2019\/10\/1570033420jpg.jpg","keywords":["Diamante","Gustavo Bordet","Juan Carlos Darrich\u00f3n","Obras p\u00fablicas"],"articleSection":["Departamento Diamante","Politica"],"inLanguage":"es","potentialAction":[{"@type":"CommentAction","name":"Comment","target":["https:\/\/informelitoral.com.ar\/bordet-y-darrichon-analizaron-obras-para-diamante\/#respond"]}]},{"@type":"WebPage","@id":"https:\/\/informelitoral.com.ar\/bordet-y-darrichon-analizaron-obras-para-diamante\/","url":"https:\/\/informelitoral.com.ar\/bordet-y-darrichon-analizaron-obras-para-diamante\/","name":"Bordet y Darrich\u00f3n analizaron obras para Diamante - Informe Litoral","isPartOf":{"@id":"https:\/\/informelitoral.com.ar\/#website"},"primaryImageOfPage":{"@id":"https:\/\/informelitoral.com.ar\/bordet-y-darrichon-analizaron-obras-para-diamante\/#primaryimage"},"image":{"@id":"https:\/\/informelitoral.com.ar\/bordet-y-darrichon-analizaron-obras-para-diamante\/#primaryimage"},"thumbnailUrl":"https:\/\/informelitoral.com.ar\/%77%70%2d%63%6f%6e%74%65%6e%74\/uploads\/2019\/10\/1570033420jpg.jpg","datePublished":"2019-10-03T11:01:31+00:00","dateModified":"2019-10-03T11:08:27+00:00","breadcrumb":{"@id":"https:\/\/informelitoral.com.ar\/bordet-y-darrichon-analizaron-obras-para-diamante\/#breadcrumb"},"inLanguage":"es","potentialAction":[{"@type":"ReadAction","target":["https:\/\/informelitoral.com.ar\/bordet-y-darrichon-analizaron-obras-para-diamante\/"]}]},{"@type":"ImageObject","inLanguage":"es","@id":"https:\/\/informelitoral.com.ar\/bordet-y-darrichon-analizaron-obras-para-diamante\/#primaryimage","url":"https:\/\/informelitoral.com.ar\/%77%70%2d%63%6f%6e%74%65%6e%74\/uploads\/2019\/10\/1570033420jpg.jpg","contentUrl":"https:\/\/informelitoral.com.ar\/%77%70%2d%63%6f%6e%74%65%6e%74\/uploads\/2019\/10\/1570033420jpg.jpg","width":3305,"height":2204},{"@type":"BreadcrumbList","@id":"https:\/\/informelitoral.com.ar\/bordet-y-darrichon-analizaron-obras-para-diamante\/#breadcrumb","itemListElement":[{"@type":"ListItem","position":1,"name":"Portada","item":"https:\/\/informelitoral.com.ar\/"},{"@type":"ListItem","position":2,"name":"Bordet y Darrich\u00f3n analizaron obras para Diamante"}]},{"@type":"WebSite","@id":"https:\/\/informelitoral.com.ar\/#website","url":"https:\/\/informelitoral.com.ar\/","name":"Informe Litoral","description":"&quot;Nos informamos&quot; ","publisher":{"@id":"https:\/\/informelitoral.com.ar\/#organization"},"potentialAction":[{"@type":"SearchAction","target":{"@type":"EntryPoint","urlTemplate":"https:\/\/informelitoral.com.ar\/?s={search_term_string}"},"query-input":{"@type":"PropertyValueSpecification","valueRequired":true,"valueName":"search_term_string"}}],"inLanguage":"es"},{"@type":"Organization","@id":"https:\/\/informelitoral.com.ar\/#organization","name":"Informe Litoral","url":"https:\/\/informelitoral.com.ar\/","logo":{"@type":"ImageObject","inLanguage":"es","@id":"https:\/\/informelitoral.com.ar\/#\/schema\/logo\/image\/","url":"https:\/\/informelitoral.com.ar\/%77%70%2d%63%6f%6e%74%65%6e%74\/uploads\/2021\/01\/circulo.png","contentUrl":"https:\/\/informelitoral.com.ar\/%77%70%2d%63%6f%6e%74%65%6e%74\/uploads\/2021\/01\/circulo.png","width":723,"height":731,"caption":"Informe Litoral"},"image":{"@id":"https:\/\/informelitoral.com.ar\/#\/schema\/logo\/image\/"},"sameAs":["https:\/\/www.facebook.com\/informelitoral\/","https:\/\/x.com\/InformeLitoral","https:\/\/www.instagram.com\/informelitoral\/","https:\/\/www.youtube.com\/channel\/UCua4Qvz8Icb6MYqhoq9xLXw"]},{"@type":"Person","@id":"https:\/\/informelitoral.com.ar\/#\/schema\/person\/b9d00407c836482871ef1d57bf8e3180","name":"Gonzalo Schmidt","image":{"@type":"ImageObject","inLanguage":"es","@id":"https:\/\/secure.gravatar.com\/avatar\/31a1a7b66ff2de83bd0e9fd79d026630d2d99e55e8bfe501287647b4fd9743de?s=96&d=mm&r=g","url":"https:\/\/secure.gravatar.com\/avatar\/31a1a7b66ff2de83bd0e9fd79d026630d2d99e55e8bfe501287647b4fd9743de?s=96&d=mm&r=g","contentUrl":"https:\/\/secure.gravatar.com\/avatar\/31a1a7b66ff2de83bd0e9fd79d026630d2d99e55e8bfe501287647b4fd9743de?s=96&d=mm&r=g","caption":"Gonzalo Schmidt"},"description":"Sitio web de noticias de la provincia de Entre R\u00edos, Argentina. Informaci\u00f3n y entretenimiento. Informe Litoral, nos informamos.","sameAs":["http:\/\/www.isletasnoticias.com.ar"],"url":"https:\/\/informelitoral.com.ar\/author\/gonzalo\/"}]}},"_links":{"self":[{"href":"https:\/\/informelitoral.com.ar\/%77%70%2d%6a%73%6f%6e\/wp\/v2\/posts\/36862","targetHints":{"allow":["GET"]}}],"collection":[{"href":"https:\/\/informelitoral.com.ar\/%77%70%2d%6a%73%6f%6e\/wp\/v2\/posts"}],"about":[{"href":"https:\/\/informelitoral.com.ar\/%77%70%2d%6a%73%6f%6e\/wp\/v2\/types\/post"}],"author":[{"embeddable":true,"href":"https:\/\/informelitoral.com.ar\/%77%70%2d%6a%73%6f%6e\/wp\/v2\/users\/2"}],"replies":[{"embeddable":true,"href":"https:\/\/informelitoral.com.ar\/%77%70%2d%6a%73%6f%6e\/wp\/v2\/comments?post=36862"}],"version-history":[{"count":0,"href":"https:\/\/informelitoral.com.ar\/%77%70%2d%6a%73%6f%6e\/wp\/v2\/posts\/36862\/revisions"}],"wp:featuredmedia":[{"embeddable":true,"href":"https:\/\/informelitoral.com.ar\/%77%70%2d%6a%73%6f%6e\/wp\/v2\/media\/36863"}],"wp:attachment":[{"href":"https:\/\/informelitoral.com.ar\/%77%70%2d%6a%73%6f%6e\/wp\/v2\/media?parent=36862"}],"wp:term":[{"taxonomy":"category","embeddable":true,"href":"https:\/\/informelitoral.com.ar\/%77%70%2d%6a%73%6f%6e\/wp\/v2\/categories?post=36862"},{"taxonomy":"post_tag","embeddable":true,"href":"https:\/\/informelitoral.com.ar\/%77%70%2d%6a%73%6f%6e\/wp\/v2\/tags?post=36862"}],"curies":[{"name":"wp","href":"https:\/\/api.w.org\/{rel}","templated":true}]}}