{"id":36816,"date":"2019-10-01T15:00:04","date_gmt":"2019-10-01T18:00:04","guid":{"rendered":"https:\/\/www.isletasnoticias.com.ar\/?p=36816"},"modified":"2019-10-01T15:00:04","modified_gmt":"2019-10-01T18:00:04","slug":"accidente-en-la-ruta-12-murio-una-mujer-de-84-anos","status":"publish","type":"post","link":"https:\/\/informelitoral.com.ar\/accidente-en-la-ruta-12-murio-una-mujer-de-84-anos\/","title":{"rendered":"Accidente en la ruta 12: muri\u00f3 una mujer de 84 a\u00f1os"},"content":{"rendered":"<p>Una\u00a0<strong>mujer de 84 a\u00f1os falleci\u00f3<\/strong>\u00a0en un\u00a0accidente vial este martes por la ma\u00f1ana cuando viajaba en una camioneta como acompa\u00f1ante, que fue\u00a0<strong>embestida por un cami\u00f3n Scania.<\/strong><\/p>\n<p>El hecho se produjo en el\u00a0<strong>Departamento Nogoy\u00e1<\/strong>, en inmediaciones a la localidad de Hern\u00e1ndez. Seg\u00fan inform\u00f3 el jefe departamental de la Polic\u00eda, tuvo lugar en el\u00a0<strong>kil\u00f3metro 369 de la\u00a0ruta 12.<\/strong><\/p>\n<p><img decoding=\"async\" class=\"wp-image-14161 jetpack-lazy-image jetpack-lazy-image--handled aligncenter\" src=\"https:\/\/i2.wp.com\/www.entremediosweb.com\/v2\/%77%70%2d%63%6f%6e%74%65%6e%74\/uploads\/2019\/10\/accidente-2.jpg?fit=1024%2C498&amp;ssl=1\" sizes=\"(max-width: 1220px) 100vw, 1220px\" srcset=\"https:\/\/i2.wp.com\/www.entremediosweb.com\/v2\/%77%70%2d%63%6f%6e%74%65%6e%74\/uploads\/2019\/10\/accidente-2.jpg?w=1280&amp;ssl=1 1280w, https:\/\/i2.wp.com\/www.entremediosweb.com\/v2\/%77%70%2d%63%6f%6e%74%65%6e%74\/uploads\/2019\/10\/accidente-2.jpg?resize=300%2C146&amp;ssl=1 300w, https:\/\/i2.wp.com\/www.entremediosweb.com\/v2\/%77%70%2d%63%6f%6e%74%65%6e%74\/uploads\/2019\/10\/accidente-2.jpg?resize=768%2C373&amp;ssl=1 768w, https:\/\/i2.wp.com\/www.entremediosweb.com\/v2\/%77%70%2d%63%6f%6e%74%65%6e%74\/uploads\/2019\/10\/accidente-2.jpg?resize=1024%2C498&amp;ssl=1 1024w\" alt=\"\" data-attachment-id=\"14161\" data-permalink=\"https:\/\/www.entremediosweb.com\/v2\/murio-una-mujer-de-84-anos-en-un-accidente-en-la-ruta-12\/accidente-2-2\/\" data-orig-file=\"https:\/\/i2.wp.com\/www.entremediosweb.com\/v2\/%77%70%2d%63%6f%6e%74%65%6e%74\/uploads\/2019\/10\/accidente-2.jpg?fit=1280%2C622&amp;ssl=1\" data-orig-size=\"1280,622\" data-comments-opened=\"0\" data-image-meta=\"{&quot;aperture&quot;:&quot;0&quot;,&quot;credit&quot;:&quot;&quot;,&quot;camera&quot;:&quot;&quot;,&quot;caption&quot;:&quot;&quot;,&quot;created_timestamp&quot;:&quot;0&quot;,&quot;copyright&quot;:&quot;&quot;,&quot;focal_length&quot;:&quot;0&quot;,&quot;iso&quot;:&quot;0&quot;,&quot;shutter_speed&quot;:&quot;0&quot;,&quot;title&quot;:&quot;&quot;,&quot;orientation&quot;:&quot;0&quot;}\" data-image-title=\"accidente-2\" data-image-description=\"\" data-medium-file=\"https:\/\/i2.wp.com\/www.entremediosweb.com\/v2\/%77%70%2d%63%6f%6e%74%65%6e%74\/uploads\/2019\/10\/accidente-2.jpg?fit=300%2C146&amp;ssl=1\" data-large-file=\"https:\/\/i2.wp.com\/www.entremediosweb.com\/v2\/%77%70%2d%63%6f%6e%74%65%6e%74\/uploads\/2019\/10\/accidente-2.jpg?fit=1024%2C498&amp;ssl=1\" data-lazy-loaded=\"1\" \/><\/p>\n<p>El siniestro fue protagonizado por un\u00a0<strong>cami\u00f3n Scania<\/strong>, conducido por un hombre de 44 oriundo de Moreno, Buenos Aires -acompa\u00f1ado por su hijo de 24; y una\u00a0<strong>camioneta BMW X5<\/strong>\u00a0conducido por una\u00a0<strong>mujer de 48 a\u00f1os<\/strong>, acompa\u00f1ada por la v\u00edctima de 84 que fue identificada como Daros Emilce Casilda, oriunda de Paran\u00e1.<\/p>\n<p>Por razones que se tratar\u00e1n de establecer, ambos rodados colisionaron, por lo cual la acompa\u00f1ante del BMW perdi\u00f3 la vida. En tanto, la conductora debi\u00f3 ser\u00a0<strong>trasladada al Hospital San Mart\u00edn de Paran\u00e1<\/strong>. <em>(Fuente: Ahora)<\/em><\/p>\n","protected":false},"excerpt":{"rendered":"<p>La v\u00edctima viajaba como acompa\u00f1ante en una camioneta que impact\u00f3 contra un cami\u00f3n en el departamento Nogoy\u00e1.<\/p>\n","protected":false},"author":2,"featured_media":36817,"comment_status":"open","ping_status":"open","sticky":false,"template":"","format":"standard","meta":{"fifu_image_url":"","fifu_image_alt":"","footnotes":""},"categories":[14],"tags":[801,304,1278,305],"class_list":{"0":"post-36816","1":"post","2":"type-post","3":"status-publish","4":"format-standard","5":"has-post-thumbnail","7":"category-policiales","8":"tag-accidente","9":"tag-accidente-vial","10":"tag-hernandez","11":"tag-ruta-12"},"yoast_head":"<title>Accidente en la ruta 12: muri\u00f3 una mujer de 84 a\u00f1os - Informe Litoral<\/title>\n<meta name=\"robots\" content=\"index, follow, max-snippet:-1, max-image-preview:large, max-video-preview:-1\" \/>\n<link rel=\"canonical\" href=\"https:\/\/informelitoral.com.ar\/accidente-en-la-ruta-12-murio-una-mujer-de-84-anos\/\" \/>\n<meta property=\"og:locale\" content=\"es_ES\" \/>\n<meta property=\"og:type\" content=\"article\" \/>\n<meta property=\"og:title\" content=\"Accidente en la ruta 12: muri\u00f3 una mujer de 84 a\u00f1os - Informe Litoral\" \/>\n<meta property=\"og:description\" content=\"La v\u00edctima viajaba como acompa\u00f1ante en una camioneta que impact\u00f3 contra un cami\u00f3n en el departamento Nogoy\u00e1.\" \/>\n<meta property=\"og:url\" content=\"https:\/\/informelitoral.com.ar\/accidente-en-la-ruta-12-murio-una-mujer-de-84-anos\/\" \/>\n<meta property=\"og:site_name\" content=\"Informe Litoral\" \/>\n<meta property=\"article:publisher\" content=\"https:\/\/www.facebook.com\/informelitoral\/\" \/>\n<meta property=\"article:published_time\" content=\"2019-10-01T18:00:04+00:00\" \/>\n<meta property=\"og:image\" content=\"https:\/\/informelitoral.com.ar\/%77%70%2d%63%6f%6e%74%65%6e%74\/uploads\/2019\/10\/cropped-accidente-1.jpg\" \/>\n\t<meta property=\"og:image:width\" content=\"1105\" \/>\n\t<meta property=\"og:image:height\" content=\"622\" \/>\n\t<meta property=\"og:image:type\" content=\"image\/jpeg\" \/>\n<meta name=\"author\" content=\"Gonzalo Schmidt\" \/>\n<meta name=\"twitter:card\" content=\"summary_large_image\" \/>\n<meta name=\"twitter:creator\" content=\"@InformeLitoral\" \/>\n<meta name=\"twitter:site\" content=\"@InformeLitoral\" \/>\n<meta name=\"twitter:label1\" content=\"Escrito por\" \/>\n\t<meta name=\"twitter:data1\" content=\"Gonzalo Schmidt\" \/>\n\t<meta name=\"twitter:label2\" content=\"Tiempo de lectura\" \/>\n\t<meta name=\"twitter:data2\" content=\"1 minuto\" \/>\n<script type=\"application\/ld+json\" class=\"yoast-schema-graph\">{\"@context\":\"https:\\\/\\\/schema.org\",\"@graph\":[{\"@type\":\"Article\",\"@id\":\"https:\\\/\\\/informelitoral.com.ar\\\/accidente-en-la-ruta-12-murio-una-mujer-de-84-anos\\\/#article\",\"isPartOf\":{\"@id\":\"https:\\\/\\\/informelitoral.com.ar\\\/accidente-en-la-ruta-12-murio-una-mujer-de-84-anos\\\/\"},\"author\":{\"name\":\"Gonzalo Schmidt\",\"@id\":\"https:\\\/\\\/informelitoral.com.ar\\\/#\\\/schema\\\/person\\\/b9d00407c836482871ef1d57bf8e3180\"},\"headline\":\"Accidente en la ruta 12: muri\u00f3 una mujer de 84 a\u00f1os\",\"datePublished\":\"2019-10-01T18:00:04+00:00\",\"mainEntityOfPage\":{\"@id\":\"https:\\\/\\\/informelitoral.com.ar\\\/accidente-en-la-ruta-12-murio-una-mujer-de-84-anos\\\/\"},\"wordCount\":169,\"commentCount\":0,\"publisher\":{\"@id\":\"https:\\\/\\\/informelitoral.com.ar\\\/#organization\"},\"image\":{\"@id\":\"https:\\\/\\\/informelitoral.com.ar\\\/accidente-en-la-ruta-12-murio-una-mujer-de-84-anos\\\/#primaryimage\"},\"thumbnailUrl\":\"https:\\\/\\\/informelitoral.com.ar\\\/%77%70%2d%63%6f%6e%74%65%6e%74\\\/uploads\\\/2019\\\/10\\\/cropped-accidente-1.jpg\",\"keywords\":[\"Accidente\",\"Accidente vial\",\"Hern\u00e1ndez\",\"Ruta 12\"],\"articleSection\":[\"Policiales\"],\"inLanguage\":\"es\",\"potentialAction\":[{\"@type\":\"CommentAction\",\"name\":\"Comment\",\"target\":[\"https:\\\/\\\/informelitoral.com.ar\\\/accidente-en-la-ruta-12-murio-una-mujer-de-84-anos\\\/#respond\"]}]},{\"@type\":\"WebPage\",\"@id\":\"https:\\\/\\\/informelitoral.com.ar\\\/accidente-en-la-ruta-12-murio-una-mujer-de-84-anos\\\/\",\"url\":\"https:\\\/\\\/informelitoral.com.ar\\\/accidente-en-la-ruta-12-murio-una-mujer-de-84-anos\\\/\",\"name\":\"Accidente en la ruta 12: muri\u00f3 una mujer de 84 a\u00f1os - Informe Litoral\",\"isPartOf\":{\"@id\":\"https:\\\/\\\/informelitoral.com.ar\\\/#website\"},\"primaryImageOfPage\":{\"@id\":\"https:\\\/\\\/informelitoral.com.ar\\\/accidente-en-la-ruta-12-murio-una-mujer-de-84-anos\\\/#primaryimage\"},\"image\":{\"@id\":\"https:\\\/\\\/informelitoral.com.ar\\\/accidente-en-la-ruta-12-murio-una-mujer-de-84-anos\\\/#primaryimage\"},\"thumbnailUrl\":\"https:\\\/\\\/informelitoral.com.ar\\\/%77%70%2d%63%6f%6e%74%65%6e%74\\\/uploads\\\/2019\\\/10\\\/cropped-accidente-1.jpg\",\"datePublished\":\"2019-10-01T18:00:04+00:00\",\"breadcrumb\":{\"@id\":\"https:\\\/\\\/informelitoral.com.ar\\\/accidente-en-la-ruta-12-murio-una-mujer-de-84-anos\\\/#breadcrumb\"},\"inLanguage\":\"es\",\"potentialAction\":[{\"@type\":\"ReadAction\",\"target\":[\"https:\\\/\\\/informelitoral.com.ar\\\/accidente-en-la-ruta-12-murio-una-mujer-de-84-anos\\\/\"]}]},{\"@type\":\"ImageObject\",\"inLanguage\":\"es\",\"@id\":\"https:\\\/\\\/informelitoral.com.ar\\\/accidente-en-la-ruta-12-murio-una-mujer-de-84-anos\\\/#primaryimage\",\"url\":\"https:\\\/\\\/informelitoral.com.ar\\\/%77%70%2d%63%6f%6e%74%65%6e%74\\\/uploads\\\/2019\\\/10\\\/cropped-accidente-1.jpg\",\"contentUrl\":\"https:\\\/\\\/informelitoral.com.ar\\\/%77%70%2d%63%6f%6e%74%65%6e%74\\\/uploads\\\/2019\\\/10\\\/cropped-accidente-1.jpg\",\"width\":1105,\"height\":622},{\"@type\":\"BreadcrumbList\",\"@id\":\"https:\\\/\\\/informelitoral.com.ar\\\/accidente-en-la-ruta-12-murio-una-mujer-de-84-anos\\\/#breadcrumb\",\"itemListElement\":[{\"@type\":\"ListItem\",\"position\":1,\"name\":\"Portada\",\"item\":\"https:\\\/\\\/informelitoral.com.ar\\\/\"},{\"@type\":\"ListItem\",\"position\":2,\"name\":\"Accidente en la ruta 12: muri\u00f3 una mujer de 84 a\u00f1os\"}]},{\"@type\":\"WebSite\",\"@id\":\"https:\\\/\\\/informelitoral.com.ar\\\/#website\",\"url\":\"https:\\\/\\\/informelitoral.com.ar\\\/\",\"name\":\"Informe Litoral\",\"description\":\"&quot;Nos informamos&quot; \",\"publisher\":{\"@id\":\"https:\\\/\\\/informelitoral.com.ar\\\/#organization\"},\"potentialAction\":[{\"@type\":\"SearchAction\",\"target\":{\"@type\":\"EntryPoint\",\"urlTemplate\":\"https:\\\/\\\/informelitoral.com.ar\\\/?s={search_term_string}\"},\"query-input\":{\"@type\":\"PropertyValueSpecification\",\"valueRequired\":true,\"valueName\":\"search_term_string\"}}],\"inLanguage\":\"es\"},{\"@type\":\"Organization\",\"@id\":\"https:\\\/\\\/informelitoral.com.ar\\\/#organization\",\"name\":\"Informe Litoral\",\"url\":\"https:\\\/\\\/informelitoral.com.ar\\\/\",\"logo\":{\"@type\":\"ImageObject\",\"inLanguage\":\"es\",\"@id\":\"https:\\\/\\\/informelitoral.com.ar\\\/#\\\/schema\\\/logo\\\/image\\\/\",\"url\":\"https:\\\/\\\/informelitoral.com.ar\\\/%77%70%2d%63%6f%6e%74%65%6e%74\\\/uploads\\\/2021\\\/01\\\/circulo.png\",\"contentUrl\":\"https:\\\/\\\/informelitoral.com.ar\\\/%77%70%2d%63%6f%6e%74%65%6e%74\\\/uploads\\\/2021\\\/01\\\/circulo.png\",\"width\":723,\"height\":731,\"caption\":\"Informe Litoral\"},\"image\":{\"@id\":\"https:\\\/\\\/informelitoral.com.ar\\\/#\\\/schema\\\/logo\\\/image\\\/\"},\"sameAs\":[\"https:\\\/\\\/www.facebook.com\\\/informelitoral\\\/\",\"https:\\\/\\\/x.com\\\/InformeLitoral\",\"https:\\\/\\\/www.instagram.com\\\/informelitoral\\\/\",\"https:\\\/\\\/www.youtube.com\\\/channel\\\/UCua4Qvz8Icb6MYqhoq9xLXw\"]},{\"@type\":\"Person\",\"@id\":\"https:\\\/\\\/informelitoral.com.ar\\\/#\\\/schema\\\/person\\\/b9d00407c836482871ef1d57bf8e3180\",\"name\":\"Gonzalo Schmidt\",\"image\":{\"@type\":\"ImageObject\",\"inLanguage\":\"es\",\"@id\":\"https:\\\/\\\/secure.gravatar.com\\\/avatar\\\/31a1a7b66ff2de83bd0e9fd79d026630d2d99e55e8bfe501287647b4fd9743de?s=96&d=mm&r=g\",\"url\":\"https:\\\/\\\/secure.gravatar.com\\\/avatar\\\/31a1a7b66ff2de83bd0e9fd79d026630d2d99e55e8bfe501287647b4fd9743de?s=96&d=mm&r=g\",\"contentUrl\":\"https:\\\/\\\/secure.gravatar.com\\\/avatar\\\/31a1a7b66ff2de83bd0e9fd79d026630d2d99e55e8bfe501287647b4fd9743de?s=96&d=mm&r=g\",\"caption\":\"Gonzalo Schmidt\"},\"description\":\"Sitio web de noticias de la provincia de Entre R\u00edos, Argentina. Informaci\u00f3n y entretenimiento. Informe Litoral, nos informamos.\",\"sameAs\":[\"http:\\\/\\\/www.isletasnoticias.com.ar\"],\"url\":\"https:\\\/\\\/informelitoral.com.ar\\\/author\\\/gonzalo\\\/\"}]}<\/script>","yoast_head_json":{"title":"Accidente en la ruta 12: muri\u00f3 una mujer de 84 a\u00f1os - Informe Litoral","robots":{"index":"index","follow":"follow","max-snippet":"max-snippet:-1","max-image-preview":"max-image-preview:large","max-video-preview":"max-video-preview:-1"},"canonical":"https:\/\/informelitoral.com.ar\/accidente-en-la-ruta-12-murio-una-mujer-de-84-anos\/","og_locale":"es_ES","og_type":"article","og_title":"Accidente en la ruta 12: muri\u00f3 una mujer de 84 a\u00f1os - Informe Litoral","og_description":"La v\u00edctima viajaba como acompa\u00f1ante en una camioneta que impact\u00f3 contra un cami\u00f3n en el departamento Nogoy\u00e1.","og_url":"https:\/\/informelitoral.com.ar\/accidente-en-la-ruta-12-murio-una-mujer-de-84-anos\/","og_site_name":"Informe Litoral","article_publisher":"https:\/\/www.facebook.com\/informelitoral\/","article_published_time":"2019-10-01T18:00:04+00:00","og_image":[{"width":1105,"height":622,"url":"https:\/\/informelitoral.com.ar\/%77%70%2d%63%6f%6e%74%65%6e%74\/uploads\/2019\/10\/cropped-accidente-1.jpg","type":"image\/jpeg"}],"author":"Gonzalo Schmidt","twitter_card":"summary_large_image","twitter_creator":"@InformeLitoral","twitter_site":"@InformeLitoral","twitter_misc":{"Escrito por":"Gonzalo Schmidt","Tiempo de lectura":"1 minuto"},"schema":{"@context":"https:\/\/schema.org","@graph":[{"@type":"Article","@id":"https:\/\/informelitoral.com.ar\/accidente-en-la-ruta-12-murio-una-mujer-de-84-anos\/#article","isPartOf":{"@id":"https:\/\/informelitoral.com.ar\/accidente-en-la-ruta-12-murio-una-mujer-de-84-anos\/"},"author":{"name":"Gonzalo Schmidt","@id":"https:\/\/informelitoral.com.ar\/#\/schema\/person\/b9d00407c836482871ef1d57bf8e3180"},"headline":"Accidente en la ruta 12: muri\u00f3 una mujer de 84 a\u00f1os","datePublished":"2019-10-01T18:00:04+00:00","mainEntityOfPage":{"@id":"https:\/\/informelitoral.com.ar\/accidente-en-la-ruta-12-murio-una-mujer-de-84-anos\/"},"wordCount":169,"commentCount":0,"publisher":{"@id":"https:\/\/informelitoral.com.ar\/#organization"},"image":{"@id":"https:\/\/informelitoral.com.ar\/accidente-en-la-ruta-12-murio-una-mujer-de-84-anos\/#primaryimage"},"thumbnailUrl":"https:\/\/informelitoral.com.ar\/%77%70%2d%63%6f%6e%74%65%6e%74\/uploads\/2019\/10\/cropped-accidente-1.jpg","keywords":["Accidente","Accidente vial","Hern\u00e1ndez","Ruta 12"],"articleSection":["Policiales"],"inLanguage":"es","potentialAction":[{"@type":"CommentAction","name":"Comment","target":["https:\/\/informelitoral.com.ar\/accidente-en-la-ruta-12-murio-una-mujer-de-84-anos\/#respond"]}]},{"@type":"WebPage","@id":"https:\/\/informelitoral.com.ar\/accidente-en-la-ruta-12-murio-una-mujer-de-84-anos\/","url":"https:\/\/informelitoral.com.ar\/accidente-en-la-ruta-12-murio-una-mujer-de-84-anos\/","name":"Accidente en la ruta 12: muri\u00f3 una mujer de 84 a\u00f1os - Informe Litoral","isPartOf":{"@id":"https:\/\/informelitoral.com.ar\/#website"},"primaryImageOfPage":{"@id":"https:\/\/informelitoral.com.ar\/accidente-en-la-ruta-12-murio-una-mujer-de-84-anos\/#primaryimage"},"image":{"@id":"https:\/\/informelitoral.com.ar\/accidente-en-la-ruta-12-murio-una-mujer-de-84-anos\/#primaryimage"},"thumbnailUrl":"https:\/\/informelitoral.com.ar\/%77%70%2d%63%6f%6e%74%65%6e%74\/uploads\/2019\/10\/cropped-accidente-1.jpg","datePublished":"2019-10-01T18:00:04+00:00","breadcrumb":{"@id":"https:\/\/informelitoral.com.ar\/accidente-en-la-ruta-12-murio-una-mujer-de-84-anos\/#breadcrumb"},"inLanguage":"es","potentialAction":[{"@type":"ReadAction","target":["https:\/\/informelitoral.com.ar\/accidente-en-la-ruta-12-murio-una-mujer-de-84-anos\/"]}]},{"@type":"ImageObject","inLanguage":"es","@id":"https:\/\/informelitoral.com.ar\/accidente-en-la-ruta-12-murio-una-mujer-de-84-anos\/#primaryimage","url":"https:\/\/informelitoral.com.ar\/%77%70%2d%63%6f%6e%74%65%6e%74\/uploads\/2019\/10\/cropped-accidente-1.jpg","contentUrl":"https:\/\/informelitoral.com.ar\/%77%70%2d%63%6f%6e%74%65%6e%74\/uploads\/2019\/10\/cropped-accidente-1.jpg","width":1105,"height":622},{"@type":"BreadcrumbList","@id":"https:\/\/informelitoral.com.ar\/accidente-en-la-ruta-12-murio-una-mujer-de-84-anos\/#breadcrumb","itemListElement":[{"@type":"ListItem","position":1,"name":"Portada","item":"https:\/\/informelitoral.com.ar\/"},{"@type":"ListItem","position":2,"name":"Accidente en la ruta 12: muri\u00f3 una mujer de 84 a\u00f1os"}]},{"@type":"WebSite","@id":"https:\/\/informelitoral.com.ar\/#website","url":"https:\/\/informelitoral.com.ar\/","name":"Informe Litoral","description":"&quot;Nos informamos&quot; ","publisher":{"@id":"https:\/\/informelitoral.com.ar\/#organization"},"potentialAction":[{"@type":"SearchAction","target":{"@type":"EntryPoint","urlTemplate":"https:\/\/informelitoral.com.ar\/?s={search_term_string}"},"query-input":{"@type":"PropertyValueSpecification","valueRequired":true,"valueName":"search_term_string"}}],"inLanguage":"es"},{"@type":"Organization","@id":"https:\/\/informelitoral.com.ar\/#organization","name":"Informe Litoral","url":"https:\/\/informelitoral.com.ar\/","logo":{"@type":"ImageObject","inLanguage":"es","@id":"https:\/\/informelitoral.com.ar\/#\/schema\/logo\/image\/","url":"https:\/\/informelitoral.com.ar\/%77%70%2d%63%6f%6e%74%65%6e%74\/uploads\/2021\/01\/circulo.png","contentUrl":"https:\/\/informelitoral.com.ar\/%77%70%2d%63%6f%6e%74%65%6e%74\/uploads\/2021\/01\/circulo.png","width":723,"height":731,"caption":"Informe Litoral"},"image":{"@id":"https:\/\/informelitoral.com.ar\/#\/schema\/logo\/image\/"},"sameAs":["https:\/\/www.facebook.com\/informelitoral\/","https:\/\/x.com\/InformeLitoral","https:\/\/www.instagram.com\/informelitoral\/","https:\/\/www.youtube.com\/channel\/UCua4Qvz8Icb6MYqhoq9xLXw"]},{"@type":"Person","@id":"https:\/\/informelitoral.com.ar\/#\/schema\/person\/b9d00407c836482871ef1d57bf8e3180","name":"Gonzalo Schmidt","image":{"@type":"ImageObject","inLanguage":"es","@id":"https:\/\/secure.gravatar.com\/avatar\/31a1a7b66ff2de83bd0e9fd79d026630d2d99e55e8bfe501287647b4fd9743de?s=96&d=mm&r=g","url":"https:\/\/secure.gravatar.com\/avatar\/31a1a7b66ff2de83bd0e9fd79d026630d2d99e55e8bfe501287647b4fd9743de?s=96&d=mm&r=g","contentUrl":"https:\/\/secure.gravatar.com\/avatar\/31a1a7b66ff2de83bd0e9fd79d026630d2d99e55e8bfe501287647b4fd9743de?s=96&d=mm&r=g","caption":"Gonzalo Schmidt"},"description":"Sitio web de noticias de la provincia de Entre R\u00edos, Argentina. Informaci\u00f3n y entretenimiento. Informe Litoral, nos informamos.","sameAs":["http:\/\/www.isletasnoticias.com.ar"],"url":"https:\/\/informelitoral.com.ar\/author\/gonzalo\/"}]}},"_links":{"self":[{"href":"https:\/\/informelitoral.com.ar\/%77%70%2d%6a%73%6f%6e\/wp\/v2\/posts\/36816","targetHints":{"allow":["GET"]}}],"collection":[{"href":"https:\/\/informelitoral.com.ar\/%77%70%2d%6a%73%6f%6e\/wp\/v2\/posts"}],"about":[{"href":"https:\/\/informelitoral.com.ar\/%77%70%2d%6a%73%6f%6e\/wp\/v2\/types\/post"}],"author":[{"embeddable":true,"href":"https:\/\/informelitoral.com.ar\/%77%70%2d%6a%73%6f%6e\/wp\/v2\/users\/2"}],"replies":[{"embeddable":true,"href":"https:\/\/informelitoral.com.ar\/%77%70%2d%6a%73%6f%6e\/wp\/v2\/comments?post=36816"}],"version-history":[{"count":0,"href":"https:\/\/informelitoral.com.ar\/%77%70%2d%6a%73%6f%6e\/wp\/v2\/posts\/36816\/revisions"}],"wp:featuredmedia":[{"embeddable":true,"href":"https:\/\/informelitoral.com.ar\/%77%70%2d%6a%73%6f%6e\/wp\/v2\/media\/36817"}],"wp:attachment":[{"href":"https:\/\/informelitoral.com.ar\/%77%70%2d%6a%73%6f%6e\/wp\/v2\/media?parent=36816"}],"wp:term":[{"taxonomy":"category","embeddable":true,"href":"https:\/\/informelitoral.com.ar\/%77%70%2d%6a%73%6f%6e\/wp\/v2\/categories?post=36816"},{"taxonomy":"post_tag","embeddable":true,"href":"https:\/\/informelitoral.com.ar\/%77%70%2d%6a%73%6f%6e\/wp\/v2\/tags?post=36816"}],"curies":[{"name":"wp","href":"https:\/\/api.w.org\/{rel}","templated":true}]}}