{"id":36775,"date":"2019-09-30T14:41:51","date_gmt":"2019-09-30T17:41:51","guid":{"rendered":"https:\/\/www.isletasnoticias.com.ar\/?p=36775"},"modified":"2019-09-30T14:41:51","modified_gmt":"2019-09-30T17:41:51","slug":"bordet-le-prometio-a-las-clinicas-y-sanatorios-trabajar-juntos-ante-la-crisis","status":"publish","type":"post","link":"https:\/\/informelitoral.com.ar\/bordet-le-prometio-a-las-clinicas-y-sanatorios-trabajar-juntos-ante-la-crisis\/","title":{"rendered":"Bordet le prometi\u00f3 a las cl\u00ednicas y sanatorios trabajar juntos ante la crisis"},"content":{"rendered":"<p>El mandatario se comprometi\u00f3 a revisar cuestiones vinculadas a costos de energ\u00eda, alcances impositivos y env\u00edos de fondos por parte de Iosper.<\/p>\n<p>El gobernador <strong>Gustavo Bordet<\/strong> se reuni\u00f3 este lunes con el presidente, la vicepresidente y el tesorero de Acler, <strong>V\u00edctor Lozze, Silvia D\u00b4Agostino<\/strong> y <strong>Daniel Schnitman,<\/strong> respectivamente. Tambi\u00e9n participaron del encuentro la ministra de Salud<strong>, Sonia Vel\u00e1zquez<\/strong>, y el presidente de Iosper,<strong> Fernando Ca\u00f1ete<\/strong>. Durante la reuni\u00f3n se acord\u00f3 hacer \u00abuna hoja de ruta en com\u00fan y empezar a trabajar de manera m\u00e1s estrecha con el Ejecutivo a trav\u00e9s del Ministerio de Salud\u00bb, sostuvieron los directivos de la entidad.<\/p>\n<p>Al respecto, el presidente de Acler sostuvo que \u201ccomo representante del sector de la salud p\u00fablica privada, <strong>nos interesaba que el gobernador conozca las dificultades que se est\u00e1 pasando en este momento y solicitarles el apoyo para poder seguir trabajando juntos los privados y lo p\u00fablico ante una crisis como la que estamos viviendo<\/strong>\u00ab.<\/p>\n<p>Dicho esto, precis\u00f3 que \u00abla principal dificultad es la necesidad de corregir algunos valores como el de la energ\u00eda el\u00e9ctrica porque resulta un costo muy elevado en las instituciones sanatoriales. <strong>No podemos apagar ninguna luz en ning\u00fan momento de la vida de un sanatorio, con lo cual no se puede hacer ninguna econom\u00eda en el sector<\/strong>\u00ab, aclar\u00f3.<\/p>\n<p>Al respecto, el presidente de Acler dijo que la respuesta del mandatario fue que \u00abse ocupar\u00e1 personalmente del tema y seguramente se<strong> tendr\u00e1 una reuni\u00f3n dentro de 15 d\u00edas<\/strong> una vez que \u00e9l hable con los distintos entes que manejan estos rubros y nos dar\u00e1 una respuesta porque considera que as\u00ed debe ser\u00bb.<\/p>\n<p>Por su parte, D\u00b4Agostino sostuvo que \u00bb <strong>le solicitamos que se garantice el flujo de fondos a Iosper<\/strong> porque los sanatorios de Entre R\u00edos somos dependientes de la financiaci\u00f3n de esta obra social \u00ab. En ese sentido, Bordet les transmiti\u00f3 que \u00abse garantizan los fondos, pero un incremento es dif\u00edcil en estas circunstancias\u00bb.<\/p>\n<p>Por \u00faltimo, Schnitman coment\u00f3 que durante el encuentro se acord\u00f3 que \u00ab<strong>se revisar\u00e1 lo referente al impuesto inmobiliario porque a\u00f1os atr\u00e1s hubo una quita a las instituciones de Salud,<\/strong> pero luego se repuso con un nuevo fondo que se empez\u00f3 a cobrar. Esto tambi\u00e9n se revisar\u00e1 para corregirla\u00bb, concluy\u00f3.<\/p>\n<h3><em><strong>TE PUEDE INTERESAR:\u00a0<\/strong><\/em><\/h3>\n<blockquote class=\"wp-embedded-content\" data-secret=\"YmOUewldHQ\"><p><a href=\"https:\/\/www.isletasnoticias.com.ar\/furlan-entre-lagrimas-seguimos-en-pie-porque-los-empleados-estan-poniendo-el-hombro\/\">Furl\u00e1n entre l\u00e1grimas: &#171;Seguimos en pie porque los empleados est\u00e1n poniendo el hombro&#187;<\/a><\/p><\/blockquote>\n<p><iframe loading=\"lazy\" title=\"&#171;Furl\u00e1n entre l\u00e1grimas: &#171;Seguimos en pie porque los empleados est\u00e1n poniendo el hombro&#187;&#187; &#8212; Isletas Noticias\" class=\"wp-embedded-content\" sandbox=\"allow-scripts\" security=\"restricted\" style=\"position: absolute; clip: rect(1px, 1px, 1px, 1px);\" src=\"https:\/\/www.isletasnoticias.com.ar\/furlan-entre-lagrimas-seguimos-en-pie-porque-los-empleados-estan-poniendo-el-hombro\/embed\/#?secret=YmOUewldHQ\" data-secret=\"YmOUewldHQ\" width=\"600\" height=\"338\" frameborder=\"0\" marginwidth=\"0\" marginheight=\"0\" scrolling=\"no\"><\/iframe><\/p>\n","protected":false},"excerpt":{"rendered":"<p>El gobernador Gustavo Bordet mantuvo un encuentro con directivos de la Asociaci\u00f3n de Cl\u00ednicas y Sanatorios de Entre R\u00edos (Acler) que le solicitaron respuestas ante algunas dificultades que les impuso la actual crisis.<\/p>\n","protected":false},"author":2,"featured_media":36776,"comment_status":"open","ping_status":"open","sticky":false,"template":"","format":"standard","meta":{"fifu_image_url":"","fifu_image_alt":"","footnotes":""},"categories":[6],"tags":[1288,81,249,167,82],"class_list":{"0":"post-36775","1":"post","2":"type-post","3":"status-publish","4":"format-standard","5":"has-post-thumbnail","7":"category-entre-rios","8":"tag-crisis-economica","9":"tag-entre-rios","10":"tag-gobierno-provincial","11":"tag-gustavo-bordet","12":"tag-salud"},"yoast_head":"<title>Bordet le prometi\u00f3 a las cl\u00ednicas y sanatorios trabajar juntos ante la crisis - Informe Litoral<\/title>\n<meta name=\"robots\" content=\"index, follow, max-snippet:-1, max-image-preview:large, max-video-preview:-1\" \/>\n<link rel=\"canonical\" href=\"https:\/\/informelitoral.com.ar\/bordet-le-prometio-a-las-clinicas-y-sanatorios-trabajar-juntos-ante-la-crisis\/\" \/>\n<meta property=\"og:locale\" content=\"es_ES\" \/>\n<meta property=\"og:type\" content=\"article\" \/>\n<meta property=\"og:title\" content=\"Bordet le prometi\u00f3 a las cl\u00ednicas y sanatorios trabajar juntos ante la crisis - Informe Litoral\" \/>\n<meta property=\"og:description\" content=\"El gobernador Gustavo Bordet mantuvo un encuentro con directivos de la Asociaci\u00f3n de Cl\u00ednicas y Sanatorios de Entre R\u00edos (Acler) que le solicitaron respuestas ante algunas dificultades que les impuso la actual crisis.\" \/>\n<meta property=\"og:url\" content=\"https:\/\/informelitoral.com.ar\/bordet-le-prometio-a-las-clinicas-y-sanatorios-trabajar-juntos-ante-la-crisis\/\" \/>\n<meta property=\"og:site_name\" content=\"Informe Litoral\" \/>\n<meta property=\"article:publisher\" content=\"https:\/\/www.facebook.com\/informelitoral\/\" \/>\n<meta property=\"article:published_time\" content=\"2019-09-30T17:41:51+00:00\" \/>\n<meta property=\"og:image\" content=\"https:\/\/informelitoral.com.ar\/%77%70%2d%63%6f%6e%74%65%6e%74\/uploads\/2019\/09\/1569861095jpg.jpg\" \/>\n\t<meta property=\"og:image:width\" content=\"1920\" \/>\n\t<meta property=\"og:image:height\" content=\"1280\" \/>\n\t<meta property=\"og:image:type\" content=\"image\/jpeg\" \/>\n<meta name=\"author\" content=\"Gonzalo Schmidt\" \/>\n<meta name=\"twitter:card\" content=\"summary_large_image\" \/>\n<meta name=\"twitter:creator\" content=\"@InformeLitoral\" \/>\n<meta name=\"twitter:site\" content=\"@InformeLitoral\" \/>\n<meta name=\"twitter:label1\" content=\"Escrito por\" \/>\n\t<meta name=\"twitter:data1\" content=\"Gonzalo Schmidt\" \/>\n\t<meta name=\"twitter:label2\" content=\"Tiempo de lectura\" \/>\n\t<meta name=\"twitter:data2\" content=\"2 minutos\" \/>\n<script type=\"application\/ld+json\" class=\"yoast-schema-graph\">{\"@context\":\"https:\\\/\\\/schema.org\",\"@graph\":[{\"@type\":\"Article\",\"@id\":\"https:\\\/\\\/informelitoral.com.ar\\\/bordet-le-prometio-a-las-clinicas-y-sanatorios-trabajar-juntos-ante-la-crisis\\\/#article\",\"isPartOf\":{\"@id\":\"https:\\\/\\\/informelitoral.com.ar\\\/bordet-le-prometio-a-las-clinicas-y-sanatorios-trabajar-juntos-ante-la-crisis\\\/\"},\"author\":{\"name\":\"Gonzalo Schmidt\",\"@id\":\"https:\\\/\\\/informelitoral.com.ar\\\/#\\\/schema\\\/person\\\/b9d00407c836482871ef1d57bf8e3180\"},\"headline\":\"Bordet le prometi\u00f3 a las cl\u00ednicas y sanatorios trabajar juntos ante la crisis\",\"datePublished\":\"2019-09-30T17:41:51+00:00\",\"mainEntityOfPage\":{\"@id\":\"https:\\\/\\\/informelitoral.com.ar\\\/bordet-le-prometio-a-las-clinicas-y-sanatorios-trabajar-juntos-ante-la-crisis\\\/\"},\"wordCount\":412,\"commentCount\":0,\"publisher\":{\"@id\":\"https:\\\/\\\/informelitoral.com.ar\\\/#organization\"},\"image\":{\"@id\":\"https:\\\/\\\/informelitoral.com.ar\\\/bordet-le-prometio-a-las-clinicas-y-sanatorios-trabajar-juntos-ante-la-crisis\\\/#primaryimage\"},\"thumbnailUrl\":\"https:\\\/\\\/informelitoral.com.ar\\\/%77%70%2d%63%6f%6e%74%65%6e%74\\\/uploads\\\/2019\\\/09\\\/1569861095jpg.jpg\",\"keywords\":[\"Crisis econ\u00f3mica\",\"Entre R\u00edos\",\"Gobierno provincial\",\"Gustavo Bordet\",\"Salud\"],\"articleSection\":[\"Entre R\u00edos\"],\"inLanguage\":\"es\",\"potentialAction\":[{\"@type\":\"CommentAction\",\"name\":\"Comment\",\"target\":[\"https:\\\/\\\/informelitoral.com.ar\\\/bordet-le-prometio-a-las-clinicas-y-sanatorios-trabajar-juntos-ante-la-crisis\\\/#respond\"]}]},{\"@type\":\"WebPage\",\"@id\":\"https:\\\/\\\/informelitoral.com.ar\\\/bordet-le-prometio-a-las-clinicas-y-sanatorios-trabajar-juntos-ante-la-crisis\\\/\",\"url\":\"https:\\\/\\\/informelitoral.com.ar\\\/bordet-le-prometio-a-las-clinicas-y-sanatorios-trabajar-juntos-ante-la-crisis\\\/\",\"name\":\"Bordet le prometi\u00f3 a las cl\u00ednicas y sanatorios trabajar juntos ante la crisis - Informe Litoral\",\"isPartOf\":{\"@id\":\"https:\\\/\\\/informelitoral.com.ar\\\/#website\"},\"primaryImageOfPage\":{\"@id\":\"https:\\\/\\\/informelitoral.com.ar\\\/bordet-le-prometio-a-las-clinicas-y-sanatorios-trabajar-juntos-ante-la-crisis\\\/#primaryimage\"},\"image\":{\"@id\":\"https:\\\/\\\/informelitoral.com.ar\\\/bordet-le-prometio-a-las-clinicas-y-sanatorios-trabajar-juntos-ante-la-crisis\\\/#primaryimage\"},\"thumbnailUrl\":\"https:\\\/\\\/informelitoral.com.ar\\\/%77%70%2d%63%6f%6e%74%65%6e%74\\\/uploads\\\/2019\\\/09\\\/1569861095jpg.jpg\",\"datePublished\":\"2019-09-30T17:41:51+00:00\",\"breadcrumb\":{\"@id\":\"https:\\\/\\\/informelitoral.com.ar\\\/bordet-le-prometio-a-las-clinicas-y-sanatorios-trabajar-juntos-ante-la-crisis\\\/#breadcrumb\"},\"inLanguage\":\"es\",\"potentialAction\":[{\"@type\":\"ReadAction\",\"target\":[\"https:\\\/\\\/informelitoral.com.ar\\\/bordet-le-prometio-a-las-clinicas-y-sanatorios-trabajar-juntos-ante-la-crisis\\\/\"]}]},{\"@type\":\"ImageObject\",\"inLanguage\":\"es\",\"@id\":\"https:\\\/\\\/informelitoral.com.ar\\\/bordet-le-prometio-a-las-clinicas-y-sanatorios-trabajar-juntos-ante-la-crisis\\\/#primaryimage\",\"url\":\"https:\\\/\\\/informelitoral.com.ar\\\/%77%70%2d%63%6f%6e%74%65%6e%74\\\/uploads\\\/2019\\\/09\\\/1569861095jpg.jpg\",\"contentUrl\":\"https:\\\/\\\/informelitoral.com.ar\\\/%77%70%2d%63%6f%6e%74%65%6e%74\\\/uploads\\\/2019\\\/09\\\/1569861095jpg.jpg\",\"width\":1920,\"height\":1280},{\"@type\":\"BreadcrumbList\",\"@id\":\"https:\\\/\\\/informelitoral.com.ar\\\/bordet-le-prometio-a-las-clinicas-y-sanatorios-trabajar-juntos-ante-la-crisis\\\/#breadcrumb\",\"itemListElement\":[{\"@type\":\"ListItem\",\"position\":1,\"name\":\"Portada\",\"item\":\"https:\\\/\\\/informelitoral.com.ar\\\/\"},{\"@type\":\"ListItem\",\"position\":2,\"name\":\"Bordet le prometi\u00f3 a las cl\u00ednicas y sanatorios trabajar juntos ante la crisis\"}]},{\"@type\":\"WebSite\",\"@id\":\"https:\\\/\\\/informelitoral.com.ar\\\/#website\",\"url\":\"https:\\\/\\\/informelitoral.com.ar\\\/\",\"name\":\"Informe Litoral\",\"description\":\"&quot;Nos informamos&quot; \",\"publisher\":{\"@id\":\"https:\\\/\\\/informelitoral.com.ar\\\/#organization\"},\"potentialAction\":[{\"@type\":\"SearchAction\",\"target\":{\"@type\":\"EntryPoint\",\"urlTemplate\":\"https:\\\/\\\/informelitoral.com.ar\\\/?s={search_term_string}\"},\"query-input\":{\"@type\":\"PropertyValueSpecification\",\"valueRequired\":true,\"valueName\":\"search_term_string\"}}],\"inLanguage\":\"es\"},{\"@type\":\"Organization\",\"@id\":\"https:\\\/\\\/informelitoral.com.ar\\\/#organization\",\"name\":\"Informe Litoral\",\"url\":\"https:\\\/\\\/informelitoral.com.ar\\\/\",\"logo\":{\"@type\":\"ImageObject\",\"inLanguage\":\"es\",\"@id\":\"https:\\\/\\\/informelitoral.com.ar\\\/#\\\/schema\\\/logo\\\/image\\\/\",\"url\":\"https:\\\/\\\/informelitoral.com.ar\\\/%77%70%2d%63%6f%6e%74%65%6e%74\\\/uploads\\\/2021\\\/01\\\/circulo.png\",\"contentUrl\":\"https:\\\/\\\/informelitoral.com.ar\\\/%77%70%2d%63%6f%6e%74%65%6e%74\\\/uploads\\\/2021\\\/01\\\/circulo.png\",\"width\":723,\"height\":731,\"caption\":\"Informe Litoral\"},\"image\":{\"@id\":\"https:\\\/\\\/informelitoral.com.ar\\\/#\\\/schema\\\/logo\\\/image\\\/\"},\"sameAs\":[\"https:\\\/\\\/www.facebook.com\\\/informelitoral\\\/\",\"https:\\\/\\\/x.com\\\/InformeLitoral\",\"https:\\\/\\\/www.instagram.com\\\/informelitoral\\\/\",\"https:\\\/\\\/www.youtube.com\\\/channel\\\/UCua4Qvz8Icb6MYqhoq9xLXw\"]},{\"@type\":\"Person\",\"@id\":\"https:\\\/\\\/informelitoral.com.ar\\\/#\\\/schema\\\/person\\\/b9d00407c836482871ef1d57bf8e3180\",\"name\":\"Gonzalo Schmidt\",\"image\":{\"@type\":\"ImageObject\",\"inLanguage\":\"es\",\"@id\":\"https:\\\/\\\/secure.gravatar.com\\\/avatar\\\/31a1a7b66ff2de83bd0e9fd79d026630d2d99e55e8bfe501287647b4fd9743de?s=96&d=mm&r=g\",\"url\":\"https:\\\/\\\/secure.gravatar.com\\\/avatar\\\/31a1a7b66ff2de83bd0e9fd79d026630d2d99e55e8bfe501287647b4fd9743de?s=96&d=mm&r=g\",\"contentUrl\":\"https:\\\/\\\/secure.gravatar.com\\\/avatar\\\/31a1a7b66ff2de83bd0e9fd79d026630d2d99e55e8bfe501287647b4fd9743de?s=96&d=mm&r=g\",\"caption\":\"Gonzalo Schmidt\"},\"description\":\"Sitio web de noticias de la provincia de Entre R\u00edos, Argentina. Informaci\u00f3n y entretenimiento. Informe Litoral, nos informamos.\",\"sameAs\":[\"http:\\\/\\\/www.isletasnoticias.com.ar\"],\"url\":\"https:\\\/\\\/informelitoral.com.ar\\\/author\\\/gonzalo\\\/\"}]}<\/script>","yoast_head_json":{"title":"Bordet le prometi\u00f3 a las cl\u00ednicas y sanatorios trabajar juntos ante la crisis - Informe Litoral","robots":{"index":"index","follow":"follow","max-snippet":"max-snippet:-1","max-image-preview":"max-image-preview:large","max-video-preview":"max-video-preview:-1"},"canonical":"https:\/\/informelitoral.com.ar\/bordet-le-prometio-a-las-clinicas-y-sanatorios-trabajar-juntos-ante-la-crisis\/","og_locale":"es_ES","og_type":"article","og_title":"Bordet le prometi\u00f3 a las cl\u00ednicas y sanatorios trabajar juntos ante la crisis - Informe Litoral","og_description":"El gobernador Gustavo Bordet mantuvo un encuentro con directivos de la Asociaci\u00f3n de Cl\u00ednicas y Sanatorios de Entre R\u00edos (Acler) que le solicitaron respuestas ante algunas dificultades que les impuso la actual crisis.","og_url":"https:\/\/informelitoral.com.ar\/bordet-le-prometio-a-las-clinicas-y-sanatorios-trabajar-juntos-ante-la-crisis\/","og_site_name":"Informe Litoral","article_publisher":"https:\/\/www.facebook.com\/informelitoral\/","article_published_time":"2019-09-30T17:41:51+00:00","og_image":[{"width":1920,"height":1280,"url":"https:\/\/informelitoral.com.ar\/%77%70%2d%63%6f%6e%74%65%6e%74\/uploads\/2019\/09\/1569861095jpg.jpg","type":"image\/jpeg"}],"author":"Gonzalo Schmidt","twitter_card":"summary_large_image","twitter_creator":"@InformeLitoral","twitter_site":"@InformeLitoral","twitter_misc":{"Escrito por":"Gonzalo Schmidt","Tiempo de lectura":"2 minutos"},"schema":{"@context":"https:\/\/schema.org","@graph":[{"@type":"Article","@id":"https:\/\/informelitoral.com.ar\/bordet-le-prometio-a-las-clinicas-y-sanatorios-trabajar-juntos-ante-la-crisis\/#article","isPartOf":{"@id":"https:\/\/informelitoral.com.ar\/bordet-le-prometio-a-las-clinicas-y-sanatorios-trabajar-juntos-ante-la-crisis\/"},"author":{"name":"Gonzalo Schmidt","@id":"https:\/\/informelitoral.com.ar\/#\/schema\/person\/b9d00407c836482871ef1d57bf8e3180"},"headline":"Bordet le prometi\u00f3 a las cl\u00ednicas y sanatorios trabajar juntos ante la crisis","datePublished":"2019-09-30T17:41:51+00:00","mainEntityOfPage":{"@id":"https:\/\/informelitoral.com.ar\/bordet-le-prometio-a-las-clinicas-y-sanatorios-trabajar-juntos-ante-la-crisis\/"},"wordCount":412,"commentCount":0,"publisher":{"@id":"https:\/\/informelitoral.com.ar\/#organization"},"image":{"@id":"https:\/\/informelitoral.com.ar\/bordet-le-prometio-a-las-clinicas-y-sanatorios-trabajar-juntos-ante-la-crisis\/#primaryimage"},"thumbnailUrl":"https:\/\/informelitoral.com.ar\/%77%70%2d%63%6f%6e%74%65%6e%74\/uploads\/2019\/09\/1569861095jpg.jpg","keywords":["Crisis econ\u00f3mica","Entre R\u00edos","Gobierno provincial","Gustavo Bordet","Salud"],"articleSection":["Entre R\u00edos"],"inLanguage":"es","potentialAction":[{"@type":"CommentAction","name":"Comment","target":["https:\/\/informelitoral.com.ar\/bordet-le-prometio-a-las-clinicas-y-sanatorios-trabajar-juntos-ante-la-crisis\/#respond"]}]},{"@type":"WebPage","@id":"https:\/\/informelitoral.com.ar\/bordet-le-prometio-a-las-clinicas-y-sanatorios-trabajar-juntos-ante-la-crisis\/","url":"https:\/\/informelitoral.com.ar\/bordet-le-prometio-a-las-clinicas-y-sanatorios-trabajar-juntos-ante-la-crisis\/","name":"Bordet le prometi\u00f3 a las cl\u00ednicas y sanatorios trabajar juntos ante la crisis - Informe Litoral","isPartOf":{"@id":"https:\/\/informelitoral.com.ar\/#website"},"primaryImageOfPage":{"@id":"https:\/\/informelitoral.com.ar\/bordet-le-prometio-a-las-clinicas-y-sanatorios-trabajar-juntos-ante-la-crisis\/#primaryimage"},"image":{"@id":"https:\/\/informelitoral.com.ar\/bordet-le-prometio-a-las-clinicas-y-sanatorios-trabajar-juntos-ante-la-crisis\/#primaryimage"},"thumbnailUrl":"https:\/\/informelitoral.com.ar\/%77%70%2d%63%6f%6e%74%65%6e%74\/uploads\/2019\/09\/1569861095jpg.jpg","datePublished":"2019-09-30T17:41:51+00:00","breadcrumb":{"@id":"https:\/\/informelitoral.com.ar\/bordet-le-prometio-a-las-clinicas-y-sanatorios-trabajar-juntos-ante-la-crisis\/#breadcrumb"},"inLanguage":"es","potentialAction":[{"@type":"ReadAction","target":["https:\/\/informelitoral.com.ar\/bordet-le-prometio-a-las-clinicas-y-sanatorios-trabajar-juntos-ante-la-crisis\/"]}]},{"@type":"ImageObject","inLanguage":"es","@id":"https:\/\/informelitoral.com.ar\/bordet-le-prometio-a-las-clinicas-y-sanatorios-trabajar-juntos-ante-la-crisis\/#primaryimage","url":"https:\/\/informelitoral.com.ar\/%77%70%2d%63%6f%6e%74%65%6e%74\/uploads\/2019\/09\/1569861095jpg.jpg","contentUrl":"https:\/\/informelitoral.com.ar\/%77%70%2d%63%6f%6e%74%65%6e%74\/uploads\/2019\/09\/1569861095jpg.jpg","width":1920,"height":1280},{"@type":"BreadcrumbList","@id":"https:\/\/informelitoral.com.ar\/bordet-le-prometio-a-las-clinicas-y-sanatorios-trabajar-juntos-ante-la-crisis\/#breadcrumb","itemListElement":[{"@type":"ListItem","position":1,"name":"Portada","item":"https:\/\/informelitoral.com.ar\/"},{"@type":"ListItem","position":2,"name":"Bordet le prometi\u00f3 a las cl\u00ednicas y sanatorios trabajar juntos ante la crisis"}]},{"@type":"WebSite","@id":"https:\/\/informelitoral.com.ar\/#website","url":"https:\/\/informelitoral.com.ar\/","name":"Informe Litoral","description":"&quot;Nos informamos&quot; ","publisher":{"@id":"https:\/\/informelitoral.com.ar\/#organization"},"potentialAction":[{"@type":"SearchAction","target":{"@type":"EntryPoint","urlTemplate":"https:\/\/informelitoral.com.ar\/?s={search_term_string}"},"query-input":{"@type":"PropertyValueSpecification","valueRequired":true,"valueName":"search_term_string"}}],"inLanguage":"es"},{"@type":"Organization","@id":"https:\/\/informelitoral.com.ar\/#organization","name":"Informe Litoral","url":"https:\/\/informelitoral.com.ar\/","logo":{"@type":"ImageObject","inLanguage":"es","@id":"https:\/\/informelitoral.com.ar\/#\/schema\/logo\/image\/","url":"https:\/\/informelitoral.com.ar\/%77%70%2d%63%6f%6e%74%65%6e%74\/uploads\/2021\/01\/circulo.png","contentUrl":"https:\/\/informelitoral.com.ar\/%77%70%2d%63%6f%6e%74%65%6e%74\/uploads\/2021\/01\/circulo.png","width":723,"height":731,"caption":"Informe Litoral"},"image":{"@id":"https:\/\/informelitoral.com.ar\/#\/schema\/logo\/image\/"},"sameAs":["https:\/\/www.facebook.com\/informelitoral\/","https:\/\/x.com\/InformeLitoral","https:\/\/www.instagram.com\/informelitoral\/","https:\/\/www.youtube.com\/channel\/UCua4Qvz8Icb6MYqhoq9xLXw"]},{"@type":"Person","@id":"https:\/\/informelitoral.com.ar\/#\/schema\/person\/b9d00407c836482871ef1d57bf8e3180","name":"Gonzalo Schmidt","image":{"@type":"ImageObject","inLanguage":"es","@id":"https:\/\/secure.gravatar.com\/avatar\/31a1a7b66ff2de83bd0e9fd79d026630d2d99e55e8bfe501287647b4fd9743de?s=96&d=mm&r=g","url":"https:\/\/secure.gravatar.com\/avatar\/31a1a7b66ff2de83bd0e9fd79d026630d2d99e55e8bfe501287647b4fd9743de?s=96&d=mm&r=g","contentUrl":"https:\/\/secure.gravatar.com\/avatar\/31a1a7b66ff2de83bd0e9fd79d026630d2d99e55e8bfe501287647b4fd9743de?s=96&d=mm&r=g","caption":"Gonzalo Schmidt"},"description":"Sitio web de noticias de la provincia de Entre R\u00edos, Argentina. Informaci\u00f3n y entretenimiento. Informe Litoral, nos informamos.","sameAs":["http:\/\/www.isletasnoticias.com.ar"],"url":"https:\/\/informelitoral.com.ar\/author\/gonzalo\/"}]}},"_links":{"self":[{"href":"https:\/\/informelitoral.com.ar\/%77%70%2d%6a%73%6f%6e\/wp\/v2\/posts\/36775","targetHints":{"allow":["GET"]}}],"collection":[{"href":"https:\/\/informelitoral.com.ar\/%77%70%2d%6a%73%6f%6e\/wp\/v2\/posts"}],"about":[{"href":"https:\/\/informelitoral.com.ar\/%77%70%2d%6a%73%6f%6e\/wp\/v2\/types\/post"}],"author":[{"embeddable":true,"href":"https:\/\/informelitoral.com.ar\/%77%70%2d%6a%73%6f%6e\/wp\/v2\/users\/2"}],"replies":[{"embeddable":true,"href":"https:\/\/informelitoral.com.ar\/%77%70%2d%6a%73%6f%6e\/wp\/v2\/comments?post=36775"}],"version-history":[{"count":0,"href":"https:\/\/informelitoral.com.ar\/%77%70%2d%6a%73%6f%6e\/wp\/v2\/posts\/36775\/revisions"}],"wp:featuredmedia":[{"embeddable":true,"href":"https:\/\/informelitoral.com.ar\/%77%70%2d%6a%73%6f%6e\/wp\/v2\/media\/36776"}],"wp:attachment":[{"href":"https:\/\/informelitoral.com.ar\/%77%70%2d%6a%73%6f%6e\/wp\/v2\/media?parent=36775"}],"wp:term":[{"taxonomy":"category","embeddable":true,"href":"https:\/\/informelitoral.com.ar\/%77%70%2d%6a%73%6f%6e\/wp\/v2\/categories?post=36775"},{"taxonomy":"post_tag","embeddable":true,"href":"https:\/\/informelitoral.com.ar\/%77%70%2d%6a%73%6f%6e\/wp\/v2\/tags?post=36775"}],"curies":[{"name":"wp","href":"https:\/\/api.w.org\/{rel}","templated":true}]}}