{"id":36772,"date":"2019-09-30T14:22:56","date_gmt":"2019-09-30T17:22:56","guid":{"rendered":"https:\/\/www.isletasnoticias.com.ar\/?p=36772"},"modified":"2019-09-30T14:23:11","modified_gmt":"2019-09-30T17:23:11","slug":"escuela-rural-el-video-de-un-nino-entrerriano-que-es-alumno-unico","status":"publish","type":"post","link":"https:\/\/informelitoral.com.ar\/escuela-rural-el-video-de-un-nino-entrerriano-que-es-alumno-unico\/","title":{"rendered":"Escuela rural: el video de un ni\u00f1o entrerriano que es alumno \u00fanico"},"content":{"rendered":"<p><strong>Domingo Guzm\u00e1n Ju\u00e1rez tiene 9 a\u00f1os<\/strong>\u00a0y es alumno de la\u00a0<strong>Escuela Primaria N\u00b0 54 Ciudad de C\u00f3rdoba, de Crucesitas S\u00e9ptima, en el departamento Nogoy\u00e1.<\/strong>\u00a0El peque\u00f1o alumno hace un recorrido por el aula, el patio, los juegos, la canchita de f\u00fatbol y tambi\u00e9n muestra d\u00f3nde est\u00e1 su casa. \u00abTodo esto es mi escuela\u00bb, repite entusiasmado.<\/p>\n<p>La Escuela Ciudad de C\u00f3rdoba es una m\u00e1s de las instituciones educativas insertas en el \u00e1mbito rural, se\u00f1ala <em>Entre R\u00edos Ahora<\/em>.\u00a0<strong>En la provincia hay 1.114 escuela primarias, 832 son rurales, 524 de personal \u00fanico, de las cuales 23 son de personal \u00fanico con un alumno.<\/strong><\/p>\n<p>Domingo Guzm\u00e1n Ju\u00e1rez est\u00e1 dentro de ese lote: de 23 escuelas con personal \u00fanico y un \u00fanico alumno.<\/p>\n<p><strong>Luis Amilcar Lencina es su maestro;<\/strong> Domingo Guzm\u00e1n Ju\u00e1rez, 9 a\u00f1os, \u00fanico alumno de la Escuela N\u00b0 54 Ciudad de C\u00f3rdoba, de Crucesitas S\u00e9ptima.<\/p>\n<div class=\"youtube-embed\" data-video_id=\"sv-y6t99tRQ\"><iframe loading=\"lazy\" title=\"Escuela 54 Ciudad de C\u00f3rdoba de Crucesitas 7ma (departamento Nogoy\u00e1)\" width=\"696\" height=\"522\" src=\"https:\/\/www.youtube.com\/embed\/sv-y6t99tRQ?feature=oembed&#038;enablejsapi=1\" frameborder=\"0\" allow=\"accelerometer; autoplay; encrypted-media; gyroscope; picture-in-picture\" allowfullscreen><\/iframe><\/div>\n<p><em>Fuente: Entre R\u00edos Ahora\u00a0<\/em><\/p>\n<h3><em><strong>TE PUEDE INTERESAR:\u00a0<\/strong><\/em><\/h3>\n<blockquote class=\"wp-embedded-content\" data-secret=\"jnblEU4ii1\"><p><a href=\"https:\/\/www.isletasnoticias.com.ar\/otra-vez-alumnos-de-escuelas-rurales-lograron-las-mejores-calificaciones\/\">Otra vez, alumnos de escuelas rurales lograron las mejores calificaciones<\/a><\/p><\/blockquote>\n<p><iframe loading=\"lazy\" title=\"&#171;Otra vez, alumnos de escuelas rurales lograron las mejores calificaciones&#187; &#8212; Isletas Noticias\" class=\"wp-embedded-content\" sandbox=\"allow-scripts\" security=\"restricted\" style=\"position: absolute; clip: rect(1px, 1px, 1px, 1px);\" src=\"https:\/\/www.isletasnoticias.com.ar\/otra-vez-alumnos-de-escuelas-rurales-lograron-las-mejores-calificaciones\/embed\/#?secret=jnblEU4ii1\" data-secret=\"jnblEU4ii1\" width=\"600\" height=\"338\" frameborder=\"0\" marginwidth=\"0\" marginheight=\"0\" scrolling=\"no\"><\/iframe><\/p>\n","protected":false},"excerpt":{"rendered":"<p>Domingo muestra orgulloso las instalaciones donde hay un maestro como personal \u00fanico. \u00abNo s\u00e9 si es lindo, pero es tranquilo\u00bb.<\/p>\n","protected":false},"author":2,"featured_media":36773,"comment_status":"open","ping_status":"open","sticky":false,"template":"","format":"standard","meta":{"fifu_image_url":"","fifu_image_alt":"","footnotes":""},"categories":[9],"tags":[98,881,81,1102,74],"class_list":{"0":"post-36772","1":"post","2":"type-post","3":"status-publish","4":"format-standard","5":"has-post-thumbnail","7":"category-sociedad","8":"tag-educacion","9":"tag-educacion-publica","10":"tag-entre-rios","11":"tag-escuela-rural","12":"tag-nogoya"},"yoast_head":"<title>Escuela rural: el video de un ni\u00f1o entrerriano que es alumno \u00fanico - Informe Litoral<\/title>\n<meta name=\"robots\" content=\"index, follow, max-snippet:-1, max-image-preview:large, max-video-preview:-1\" \/>\n<link rel=\"canonical\" href=\"https:\/\/informelitoral.com.ar\/escuela-rural-el-video-de-un-nino-entrerriano-que-es-alumno-unico\/\" \/>\n<meta property=\"og:locale\" content=\"es_ES\" \/>\n<meta property=\"og:type\" content=\"article\" \/>\n<meta property=\"og:title\" content=\"Escuela rural: el video de un ni\u00f1o entrerriano que es alumno \u00fanico - Informe Litoral\" \/>\n<meta property=\"og:description\" content=\"Domingo muestra orgulloso las instalaciones donde hay un maestro como personal \u00fanico. &quot;No s\u00e9 si es lindo, pero es tranquilo&quot;.\" \/>\n<meta property=\"og:url\" content=\"https:\/\/informelitoral.com.ar\/escuela-rural-el-video-de-un-nino-entrerriano-que-es-alumno-unico\/\" \/>\n<meta property=\"og:site_name\" content=\"Informe Litoral\" \/>\n<meta property=\"article:publisher\" content=\"https:\/\/www.facebook.com\/informelitoral\/\" \/>\n<meta property=\"article:published_time\" content=\"2019-09-30T17:22:56+00:00\" \/>\n<meta property=\"article:modified_time\" content=\"2019-09-30T17:23:11+00:00\" \/>\n<meta property=\"og:image\" content=\"https:\/\/informelitoral.com.ar\/%77%70%2d%63%6f%6e%74%65%6e%74\/uploads\/2019\/09\/escuela-rural.png\" \/>\n\t<meta property=\"og:image:width\" content=\"538\" \/>\n\t<meta property=\"og:image:height\" content=\"307\" \/>\n\t<meta property=\"og:image:type\" content=\"image\/png\" \/>\n<meta name=\"author\" content=\"Gonzalo Schmidt\" \/>\n<meta name=\"twitter:card\" content=\"summary_large_image\" \/>\n<meta name=\"twitter:creator\" content=\"@InformeLitoral\" \/>\n<meta name=\"twitter:site\" content=\"@InformeLitoral\" \/>\n<meta name=\"twitter:label1\" content=\"Escrito por\" \/>\n\t<meta name=\"twitter:data1\" content=\"Gonzalo Schmidt\" \/>\n\t<meta name=\"twitter:label2\" content=\"Tiempo de lectura\" \/>\n\t<meta name=\"twitter:data2\" content=\"1 minuto\" \/>\n<script type=\"application\/ld+json\" class=\"yoast-schema-graph\">{\"@context\":\"https:\\\/\\\/schema.org\",\"@graph\":[{\"@type\":\"Article\",\"@id\":\"https:\\\/\\\/informelitoral.com.ar\\\/escuela-rural-el-video-de-un-nino-entrerriano-que-es-alumno-unico\\\/#article\",\"isPartOf\":{\"@id\":\"https:\\\/\\\/informelitoral.com.ar\\\/escuela-rural-el-video-de-un-nino-entrerriano-que-es-alumno-unico\\\/\"},\"author\":{\"name\":\"Gonzalo Schmidt\",\"@id\":\"https:\\\/\\\/informelitoral.com.ar\\\/#\\\/schema\\\/person\\\/b9d00407c836482871ef1d57bf8e3180\"},\"headline\":\"Escuela rural: el video de un ni\u00f1o entrerriano que es alumno \u00fanico\",\"datePublished\":\"2019-09-30T17:22:56+00:00\",\"dateModified\":\"2019-09-30T17:23:11+00:00\",\"mainEntityOfPage\":{\"@id\":\"https:\\\/\\\/informelitoral.com.ar\\\/escuela-rural-el-video-de-un-nino-entrerriano-que-es-alumno-unico\\\/\"},\"wordCount\":191,\"commentCount\":0,\"publisher\":{\"@id\":\"https:\\\/\\\/informelitoral.com.ar\\\/#organization\"},\"image\":{\"@id\":\"https:\\\/\\\/informelitoral.com.ar\\\/escuela-rural-el-video-de-un-nino-entrerriano-que-es-alumno-unico\\\/#primaryimage\"},\"thumbnailUrl\":\"https:\\\/\\\/informelitoral.com.ar\\\/%77%70%2d%63%6f%6e%74%65%6e%74\\\/uploads\\\/2019\\\/09\\\/escuela-rural.png\",\"keywords\":[\"Educaci\u00f3n\",\"Educaci\u00f3n p\u00fablica\",\"Entre R\u00edos\",\"Escuela rural\",\"Nogoy\u00e1\"],\"articleSection\":[\"Sociedad\"],\"inLanguage\":\"es\",\"potentialAction\":[{\"@type\":\"CommentAction\",\"name\":\"Comment\",\"target\":[\"https:\\\/\\\/informelitoral.com.ar\\\/escuela-rural-el-video-de-un-nino-entrerriano-que-es-alumno-unico\\\/#respond\"]}]},{\"@type\":\"WebPage\",\"@id\":\"https:\\\/\\\/informelitoral.com.ar\\\/escuela-rural-el-video-de-un-nino-entrerriano-que-es-alumno-unico\\\/\",\"url\":\"https:\\\/\\\/informelitoral.com.ar\\\/escuela-rural-el-video-de-un-nino-entrerriano-que-es-alumno-unico\\\/\",\"name\":\"Escuela rural: el video de un ni\u00f1o entrerriano que es alumno \u00fanico - Informe Litoral\",\"isPartOf\":{\"@id\":\"https:\\\/\\\/informelitoral.com.ar\\\/#website\"},\"primaryImageOfPage\":{\"@id\":\"https:\\\/\\\/informelitoral.com.ar\\\/escuela-rural-el-video-de-un-nino-entrerriano-que-es-alumno-unico\\\/#primaryimage\"},\"image\":{\"@id\":\"https:\\\/\\\/informelitoral.com.ar\\\/escuela-rural-el-video-de-un-nino-entrerriano-que-es-alumno-unico\\\/#primaryimage\"},\"thumbnailUrl\":\"https:\\\/\\\/informelitoral.com.ar\\\/%77%70%2d%63%6f%6e%74%65%6e%74\\\/uploads\\\/2019\\\/09\\\/escuela-rural.png\",\"datePublished\":\"2019-09-30T17:22:56+00:00\",\"dateModified\":\"2019-09-30T17:23:11+00:00\",\"breadcrumb\":{\"@id\":\"https:\\\/\\\/informelitoral.com.ar\\\/escuela-rural-el-video-de-un-nino-entrerriano-que-es-alumno-unico\\\/#breadcrumb\"},\"inLanguage\":\"es\",\"potentialAction\":[{\"@type\":\"ReadAction\",\"target\":[\"https:\\\/\\\/informelitoral.com.ar\\\/escuela-rural-el-video-de-un-nino-entrerriano-que-es-alumno-unico\\\/\"]}]},{\"@type\":\"ImageObject\",\"inLanguage\":\"es\",\"@id\":\"https:\\\/\\\/informelitoral.com.ar\\\/escuela-rural-el-video-de-un-nino-entrerriano-que-es-alumno-unico\\\/#primaryimage\",\"url\":\"https:\\\/\\\/informelitoral.com.ar\\\/%77%70%2d%63%6f%6e%74%65%6e%74\\\/uploads\\\/2019\\\/09\\\/escuela-rural.png\",\"contentUrl\":\"https:\\\/\\\/informelitoral.com.ar\\\/%77%70%2d%63%6f%6e%74%65%6e%74\\\/uploads\\\/2019\\\/09\\\/escuela-rural.png\",\"width\":538,\"height\":307},{\"@type\":\"BreadcrumbList\",\"@id\":\"https:\\\/\\\/informelitoral.com.ar\\\/escuela-rural-el-video-de-un-nino-entrerriano-que-es-alumno-unico\\\/#breadcrumb\",\"itemListElement\":[{\"@type\":\"ListItem\",\"position\":1,\"name\":\"Portada\",\"item\":\"https:\\\/\\\/informelitoral.com.ar\\\/\"},{\"@type\":\"ListItem\",\"position\":2,\"name\":\"Escuela rural: el video de un ni\u00f1o entrerriano que es alumno \u00fanico\"}]},{\"@type\":\"WebSite\",\"@id\":\"https:\\\/\\\/informelitoral.com.ar\\\/#website\",\"url\":\"https:\\\/\\\/informelitoral.com.ar\\\/\",\"name\":\"Informe Litoral\",\"description\":\"&quot;Nos informamos&quot; \",\"publisher\":{\"@id\":\"https:\\\/\\\/informelitoral.com.ar\\\/#organization\"},\"potentialAction\":[{\"@type\":\"SearchAction\",\"target\":{\"@type\":\"EntryPoint\",\"urlTemplate\":\"https:\\\/\\\/informelitoral.com.ar\\\/?s={search_term_string}\"},\"query-input\":{\"@type\":\"PropertyValueSpecification\",\"valueRequired\":true,\"valueName\":\"search_term_string\"}}],\"inLanguage\":\"es\"},{\"@type\":\"Organization\",\"@id\":\"https:\\\/\\\/informelitoral.com.ar\\\/#organization\",\"name\":\"Informe Litoral\",\"url\":\"https:\\\/\\\/informelitoral.com.ar\\\/\",\"logo\":{\"@type\":\"ImageObject\",\"inLanguage\":\"es\",\"@id\":\"https:\\\/\\\/informelitoral.com.ar\\\/#\\\/schema\\\/logo\\\/image\\\/\",\"url\":\"https:\\\/\\\/informelitoral.com.ar\\\/%77%70%2d%63%6f%6e%74%65%6e%74\\\/uploads\\\/2021\\\/01\\\/circulo.png\",\"contentUrl\":\"https:\\\/\\\/informelitoral.com.ar\\\/%77%70%2d%63%6f%6e%74%65%6e%74\\\/uploads\\\/2021\\\/01\\\/circulo.png\",\"width\":723,\"height\":731,\"caption\":\"Informe Litoral\"},\"image\":{\"@id\":\"https:\\\/\\\/informelitoral.com.ar\\\/#\\\/schema\\\/logo\\\/image\\\/\"},\"sameAs\":[\"https:\\\/\\\/www.facebook.com\\\/informelitoral\\\/\",\"https:\\\/\\\/x.com\\\/InformeLitoral\",\"https:\\\/\\\/www.instagram.com\\\/informelitoral\\\/\",\"https:\\\/\\\/www.youtube.com\\\/channel\\\/UCua4Qvz8Icb6MYqhoq9xLXw\"]},{\"@type\":\"Person\",\"@id\":\"https:\\\/\\\/informelitoral.com.ar\\\/#\\\/schema\\\/person\\\/b9d00407c836482871ef1d57bf8e3180\",\"name\":\"Gonzalo Schmidt\",\"image\":{\"@type\":\"ImageObject\",\"inLanguage\":\"es\",\"@id\":\"https:\\\/\\\/secure.gravatar.com\\\/avatar\\\/31a1a7b66ff2de83bd0e9fd79d026630d2d99e55e8bfe501287647b4fd9743de?s=96&d=mm&r=g\",\"url\":\"https:\\\/\\\/secure.gravatar.com\\\/avatar\\\/31a1a7b66ff2de83bd0e9fd79d026630d2d99e55e8bfe501287647b4fd9743de?s=96&d=mm&r=g\",\"contentUrl\":\"https:\\\/\\\/secure.gravatar.com\\\/avatar\\\/31a1a7b66ff2de83bd0e9fd79d026630d2d99e55e8bfe501287647b4fd9743de?s=96&d=mm&r=g\",\"caption\":\"Gonzalo Schmidt\"},\"description\":\"Sitio web de noticias de la provincia de Entre R\u00edos, Argentina. Informaci\u00f3n y entretenimiento. Informe Litoral, nos informamos.\",\"sameAs\":[\"http:\\\/\\\/www.isletasnoticias.com.ar\"],\"url\":\"https:\\\/\\\/informelitoral.com.ar\\\/author\\\/gonzalo\\\/\"}]}<\/script>","yoast_head_json":{"title":"Escuela rural: el video de un ni\u00f1o entrerriano que es alumno \u00fanico - Informe Litoral","robots":{"index":"index","follow":"follow","max-snippet":"max-snippet:-1","max-image-preview":"max-image-preview:large","max-video-preview":"max-video-preview:-1"},"canonical":"https:\/\/informelitoral.com.ar\/escuela-rural-el-video-de-un-nino-entrerriano-que-es-alumno-unico\/","og_locale":"es_ES","og_type":"article","og_title":"Escuela rural: el video de un ni\u00f1o entrerriano que es alumno \u00fanico - Informe Litoral","og_description":"Domingo muestra orgulloso las instalaciones donde hay un maestro como personal \u00fanico. \"No s\u00e9 si es lindo, pero es tranquilo\".","og_url":"https:\/\/informelitoral.com.ar\/escuela-rural-el-video-de-un-nino-entrerriano-que-es-alumno-unico\/","og_site_name":"Informe Litoral","article_publisher":"https:\/\/www.facebook.com\/informelitoral\/","article_published_time":"2019-09-30T17:22:56+00:00","article_modified_time":"2019-09-30T17:23:11+00:00","og_image":[{"width":538,"height":307,"url":"https:\/\/informelitoral.com.ar\/%77%70%2d%63%6f%6e%74%65%6e%74\/uploads\/2019\/09\/escuela-rural.png","type":"image\/png"}],"author":"Gonzalo Schmidt","twitter_card":"summary_large_image","twitter_creator":"@InformeLitoral","twitter_site":"@InformeLitoral","twitter_misc":{"Escrito por":"Gonzalo Schmidt","Tiempo de lectura":"1 minuto"},"schema":{"@context":"https:\/\/schema.org","@graph":[{"@type":"Article","@id":"https:\/\/informelitoral.com.ar\/escuela-rural-el-video-de-un-nino-entrerriano-que-es-alumno-unico\/#article","isPartOf":{"@id":"https:\/\/informelitoral.com.ar\/escuela-rural-el-video-de-un-nino-entrerriano-que-es-alumno-unico\/"},"author":{"name":"Gonzalo Schmidt","@id":"https:\/\/informelitoral.com.ar\/#\/schema\/person\/b9d00407c836482871ef1d57bf8e3180"},"headline":"Escuela rural: el video de un ni\u00f1o entrerriano que es alumno \u00fanico","datePublished":"2019-09-30T17:22:56+00:00","dateModified":"2019-09-30T17:23:11+00:00","mainEntityOfPage":{"@id":"https:\/\/informelitoral.com.ar\/escuela-rural-el-video-de-un-nino-entrerriano-que-es-alumno-unico\/"},"wordCount":191,"commentCount":0,"publisher":{"@id":"https:\/\/informelitoral.com.ar\/#organization"},"image":{"@id":"https:\/\/informelitoral.com.ar\/escuela-rural-el-video-de-un-nino-entrerriano-que-es-alumno-unico\/#primaryimage"},"thumbnailUrl":"https:\/\/informelitoral.com.ar\/%77%70%2d%63%6f%6e%74%65%6e%74\/uploads\/2019\/09\/escuela-rural.png","keywords":["Educaci\u00f3n","Educaci\u00f3n p\u00fablica","Entre R\u00edos","Escuela rural","Nogoy\u00e1"],"articleSection":["Sociedad"],"inLanguage":"es","potentialAction":[{"@type":"CommentAction","name":"Comment","target":["https:\/\/informelitoral.com.ar\/escuela-rural-el-video-de-un-nino-entrerriano-que-es-alumno-unico\/#respond"]}]},{"@type":"WebPage","@id":"https:\/\/informelitoral.com.ar\/escuela-rural-el-video-de-un-nino-entrerriano-que-es-alumno-unico\/","url":"https:\/\/informelitoral.com.ar\/escuela-rural-el-video-de-un-nino-entrerriano-que-es-alumno-unico\/","name":"Escuela rural: el video de un ni\u00f1o entrerriano que es alumno \u00fanico - Informe Litoral","isPartOf":{"@id":"https:\/\/informelitoral.com.ar\/#website"},"primaryImageOfPage":{"@id":"https:\/\/informelitoral.com.ar\/escuela-rural-el-video-de-un-nino-entrerriano-que-es-alumno-unico\/#primaryimage"},"image":{"@id":"https:\/\/informelitoral.com.ar\/escuela-rural-el-video-de-un-nino-entrerriano-que-es-alumno-unico\/#primaryimage"},"thumbnailUrl":"https:\/\/informelitoral.com.ar\/%77%70%2d%63%6f%6e%74%65%6e%74\/uploads\/2019\/09\/escuela-rural.png","datePublished":"2019-09-30T17:22:56+00:00","dateModified":"2019-09-30T17:23:11+00:00","breadcrumb":{"@id":"https:\/\/informelitoral.com.ar\/escuela-rural-el-video-de-un-nino-entrerriano-que-es-alumno-unico\/#breadcrumb"},"inLanguage":"es","potentialAction":[{"@type":"ReadAction","target":["https:\/\/informelitoral.com.ar\/escuela-rural-el-video-de-un-nino-entrerriano-que-es-alumno-unico\/"]}]},{"@type":"ImageObject","inLanguage":"es","@id":"https:\/\/informelitoral.com.ar\/escuela-rural-el-video-de-un-nino-entrerriano-que-es-alumno-unico\/#primaryimage","url":"https:\/\/informelitoral.com.ar\/%77%70%2d%63%6f%6e%74%65%6e%74\/uploads\/2019\/09\/escuela-rural.png","contentUrl":"https:\/\/informelitoral.com.ar\/%77%70%2d%63%6f%6e%74%65%6e%74\/uploads\/2019\/09\/escuela-rural.png","width":538,"height":307},{"@type":"BreadcrumbList","@id":"https:\/\/informelitoral.com.ar\/escuela-rural-el-video-de-un-nino-entrerriano-que-es-alumno-unico\/#breadcrumb","itemListElement":[{"@type":"ListItem","position":1,"name":"Portada","item":"https:\/\/informelitoral.com.ar\/"},{"@type":"ListItem","position":2,"name":"Escuela rural: el video de un ni\u00f1o entrerriano que es alumno \u00fanico"}]},{"@type":"WebSite","@id":"https:\/\/informelitoral.com.ar\/#website","url":"https:\/\/informelitoral.com.ar\/","name":"Informe Litoral","description":"&quot;Nos informamos&quot; ","publisher":{"@id":"https:\/\/informelitoral.com.ar\/#organization"},"potentialAction":[{"@type":"SearchAction","target":{"@type":"EntryPoint","urlTemplate":"https:\/\/informelitoral.com.ar\/?s={search_term_string}"},"query-input":{"@type":"PropertyValueSpecification","valueRequired":true,"valueName":"search_term_string"}}],"inLanguage":"es"},{"@type":"Organization","@id":"https:\/\/informelitoral.com.ar\/#organization","name":"Informe Litoral","url":"https:\/\/informelitoral.com.ar\/","logo":{"@type":"ImageObject","inLanguage":"es","@id":"https:\/\/informelitoral.com.ar\/#\/schema\/logo\/image\/","url":"https:\/\/informelitoral.com.ar\/%77%70%2d%63%6f%6e%74%65%6e%74\/uploads\/2021\/01\/circulo.png","contentUrl":"https:\/\/informelitoral.com.ar\/%77%70%2d%63%6f%6e%74%65%6e%74\/uploads\/2021\/01\/circulo.png","width":723,"height":731,"caption":"Informe Litoral"},"image":{"@id":"https:\/\/informelitoral.com.ar\/#\/schema\/logo\/image\/"},"sameAs":["https:\/\/www.facebook.com\/informelitoral\/","https:\/\/x.com\/InformeLitoral","https:\/\/www.instagram.com\/informelitoral\/","https:\/\/www.youtube.com\/channel\/UCua4Qvz8Icb6MYqhoq9xLXw"]},{"@type":"Person","@id":"https:\/\/informelitoral.com.ar\/#\/schema\/person\/b9d00407c836482871ef1d57bf8e3180","name":"Gonzalo Schmidt","image":{"@type":"ImageObject","inLanguage":"es","@id":"https:\/\/secure.gravatar.com\/avatar\/31a1a7b66ff2de83bd0e9fd79d026630d2d99e55e8bfe501287647b4fd9743de?s=96&d=mm&r=g","url":"https:\/\/secure.gravatar.com\/avatar\/31a1a7b66ff2de83bd0e9fd79d026630d2d99e55e8bfe501287647b4fd9743de?s=96&d=mm&r=g","contentUrl":"https:\/\/secure.gravatar.com\/avatar\/31a1a7b66ff2de83bd0e9fd79d026630d2d99e55e8bfe501287647b4fd9743de?s=96&d=mm&r=g","caption":"Gonzalo Schmidt"},"description":"Sitio web de noticias de la provincia de Entre R\u00edos, Argentina. Informaci\u00f3n y entretenimiento. Informe Litoral, nos informamos.","sameAs":["http:\/\/www.isletasnoticias.com.ar"],"url":"https:\/\/informelitoral.com.ar\/author\/gonzalo\/"}]}},"_links":{"self":[{"href":"https:\/\/informelitoral.com.ar\/%77%70%2d%6a%73%6f%6e\/wp\/v2\/posts\/36772","targetHints":{"allow":["GET"]}}],"collection":[{"href":"https:\/\/informelitoral.com.ar\/%77%70%2d%6a%73%6f%6e\/wp\/v2\/posts"}],"about":[{"href":"https:\/\/informelitoral.com.ar\/%77%70%2d%6a%73%6f%6e\/wp\/v2\/types\/post"}],"author":[{"embeddable":true,"href":"https:\/\/informelitoral.com.ar\/%77%70%2d%6a%73%6f%6e\/wp\/v2\/users\/2"}],"replies":[{"embeddable":true,"href":"https:\/\/informelitoral.com.ar\/%77%70%2d%6a%73%6f%6e\/wp\/v2\/comments?post=36772"}],"version-history":[{"count":0,"href":"https:\/\/informelitoral.com.ar\/%77%70%2d%6a%73%6f%6e\/wp\/v2\/posts\/36772\/revisions"}],"wp:featuredmedia":[{"embeddable":true,"href":"https:\/\/informelitoral.com.ar\/%77%70%2d%6a%73%6f%6e\/wp\/v2\/media\/36773"}],"wp:attachment":[{"href":"https:\/\/informelitoral.com.ar\/%77%70%2d%6a%73%6f%6e\/wp\/v2\/media?parent=36772"}],"wp:term":[{"taxonomy":"category","embeddable":true,"href":"https:\/\/informelitoral.com.ar\/%77%70%2d%6a%73%6f%6e\/wp\/v2\/categories?post=36772"},{"taxonomy":"post_tag","embeddable":true,"href":"https:\/\/informelitoral.com.ar\/%77%70%2d%6a%73%6f%6e\/wp\/v2\/tags?post=36772"}],"curies":[{"name":"wp","href":"https:\/\/api.w.org\/{rel}","templated":true}]}}