{"id":36712,"date":"2019-09-27T08:47:16","date_gmt":"2019-09-27T11:47:16","guid":{"rendered":"https:\/\/www.isletasnoticias.com.ar\/?p=36712"},"modified":"2019-09-27T08:47:16","modified_gmt":"2019-09-27T11:47:16","slug":"fumigaciones-decretan-la-nulidad-de-tres-articulos-del-decreto","status":"publish","type":"post","link":"https:\/\/informelitoral.com.ar\/fumigaciones-decretan-la-nulidad-de-tres-articulos-del-decreto\/","title":{"rendered":"Fumigaciones: decretan la nulidad de tres art\u00edculos del decreto"},"content":{"rendered":"<p>El vocal de C\u00e1mara Civil y Comercial, Sala III de Paran\u00e1, <strong>Virgilio Galanti,<\/strong> resolvi\u00f3 admitir parcialmente la demanda deducida por el Foro Ecologista de Paran\u00e1 y la Asociaci\u00f3n Gremial del Magisterio de Entre R\u00edos contra el Gobierno de Entre R\u00edos y, en consecuencia, <strong>decretar la nulidad por inconstitucionalidad e ilegalidad de los art\u00edculos 2\u00ba, 3\u00ba y 4\u00ba del <a href=\"https:\/\/www.isletasnoticias.com.ar\/se-conocio-decreto-que-regula-la-aplicacion-de-agroquimicos\/\">Decreto 2.239\/19<\/a>,<\/strong> y de las restantes normas que en el mismo y en su anexo importen reglamentaci\u00f3n y\/o aplicaci\u00f3n de los art\u00edculos cuya inconstitucionalidad se dispone.<\/p>\n<p>Galanti, en su veredicto, sostiene que \u201cacorde a lo que hemos venido desarrollando a lo largo de este pronunciamiento\u201d la demanda del Foro Ecologista de Paran\u00e1 y Agmer \u201cdebe prosperar parcialmente\u201d, y, en consecuencia, \u201cse debe decretar la nulidad por inconstitucionalidad e ilegalidad de los art\u00edculos 2\u00ba, 3\u00ba y 4\u00ba del Decreto 2.239\/19, y de las restantes normas que en el mismo y en su anexo importen reglamentaci\u00f3n y\/o aplicaci\u00f3n de los art\u00edculos cuya inconstitucionalidad aqu\u00ed se dispone\u201d.<\/p>\n<p>Ello as\u00ed, argumenta el vocal de C\u00e1mara Civil y Comercial, Sala III de Paran\u00e1, en tanto \u201cen \u00e9stos no se respeta lo dispuesto en los puntos 1\u00ba), 2\u00ba) y 3\u00ba) de la sentencia del d\u00eda 1 de octubre del a\u00f1o 2018 dictada por el Sr. Vocal de la C\u00e1mara Civil y Comercial de Paran\u00e1, Sala II, Dr. Oscar Daniel Benedetto, en los autos caratulados \u2018Foro Ecologista de Paran\u00e1 y Otra c\/ Superior Gobierno de la Provincia de Entre R\u00edos y Otros\/ Acci\u00f3n de Amparo\u2019 (N\u00ba10.711), pasada en autoridad de cosa juzgada, y por consiguiente la protecci\u00f3n ambiental y de derechos humanos en aquella contenida\u201d.<\/p>\n<p>De este modo, se a\u00f1ade en el fallo, \u201ctransgreden en primer t\u00e9rmino los art\u00edculos 1, 5, 65, 186, 203 de la Constituci\u00f3n de Entre R\u00edos, art\u00edculos 1, 18, 75 inciso 22 de la Constituci\u00f3n Nacional, y art\u00edculo 25, punto.2 inciso c) de la Convenci\u00f3n Americana sobre Derechos Humanos y 33 de la Ley General del Ambiente\u201d.<\/p>\n<p>Y, asimismo, \u201clos derechos humanos y de protecci\u00f3n ambiental que dimanan del mismo fallo firme contenidos en lo dispuesto en los art\u00edculos 41 y 33 de la Constituci\u00f3n Nacional; Ley General del Ambiente N\u00ba 25.675; art\u00edculos 18, 19, 22, 83, y 84 de la Constituci\u00f3n de la Provincia de Entre R\u00edos; y art\u00edculos 3, 24 inc. e) y concs. de la \u2018Convenci\u00f3n de los Derechos del Ni\u00f1o\u2019; art\u00edculos 4 inciso 1, 5 inciso 1, y 19 y conc. de la \u2018Convenci\u00f3n Americana de Derechos Humanos\u2019; art\u00edculo 12 del \u2018Pacto Internacional de Derechos Econ\u00f3micos, Sociales y Culturales\u2019; art\u00edculos 1\u00ba, 2\u00ba, 3\u00ba, 5\u00ba, 8\u00ba, 21\u00ba y conc. de la Ley nacional N\u00ba 26.061, y Ley provincial N\u00ba 9.861 de Protecci\u00f3n Integral de los Derechos de las ni\u00f1as, ni\u00f1os y adolescentes; y art\u00edculos 2, 3, 14, 1.710 y 1.711 y concs. del C\u00f3digo Civil y Comercial\u201d.<\/p>\n<p>Galanti, finalmente, aclara que \u201csi bien la actora ha demandado la nulidad de la totalidad del Decreto, la mayor\u00eda de sus normas no resultan abarcadas por la cosa juzgada del fallo \u2018Foro 1\u2019, tal como ocurriera tambi\u00e9n en caso \u2018Foro 2\u2019 por lo cual no corresponde afectarlas\u201d.<\/p>\n","protected":false},"excerpt":{"rendered":"<p>Lo decidi\u00f3 el juez Virgilio Galanti. Se trata de los art\u00edculos 2\u00ba, 3\u00ba y 4\u00ba, que determinan las distancias.<\/p>\n","protected":false},"author":2,"featured_media":34871,"comment_status":"open","ping_status":"open","sticky":false,"template":"","format":"standard","meta":{"fifu_image_url":"","fifu_image_alt":"","footnotes":""},"categories":[10],"tags":[191,71,81,236,147,120,818],"class_list":{"0":"post-36712","1":"post","2":"type-post","3":"status-publish","4":"format-standard","5":"has-post-thumbnail","7":"category-campo","8":"tag-agricultura","9":"tag-campo","10":"tag-entre-rios","11":"tag-fumigaciones","12":"tag-justicia","13":"tag-produccion","14":"tag-productores"},"yoast_head":"<title>Fumigaciones: decretan la nulidad de tres art\u00edculos del decreto - Informe Litoral<\/title>\n<meta name=\"robots\" content=\"index, follow, max-snippet:-1, max-image-preview:large, max-video-preview:-1\" \/>\n<link rel=\"canonical\" href=\"https:\/\/informelitoral.com.ar\/fumigaciones-decretan-la-nulidad-de-tres-articulos-del-decreto\/\" \/>\n<meta property=\"og:locale\" content=\"es_ES\" \/>\n<meta property=\"og:type\" content=\"article\" \/>\n<meta property=\"og:title\" content=\"Fumigaciones: decretan la nulidad de tres art\u00edculos del decreto - Informe Litoral\" \/>\n<meta property=\"og:description\" content=\"Lo decidi\u00f3 el juez Virgilio Galanti. Se trata de los art\u00edculos 2\u00ba, 3\u00ba y 4\u00ba, que determinan las distancias.\" \/>\n<meta property=\"og:url\" content=\"https:\/\/informelitoral.com.ar\/fumigaciones-decretan-la-nulidad-de-tres-articulos-del-decreto\/\" \/>\n<meta property=\"og:site_name\" content=\"Informe Litoral\" \/>\n<meta property=\"article:publisher\" content=\"https:\/\/www.facebook.com\/informelitoral\/\" \/>\n<meta property=\"article:published_time\" content=\"2019-09-27T11:47:16+00:00\" \/>\n<meta property=\"og:image\" content=\"https:\/\/informelitoral.com.ar\/%77%70%2d%63%6f%6e%74%65%6e%74\/uploads\/2019\/07\/fumigaciones.jpg\" \/>\n\t<meta property=\"og:image:width\" content=\"770\" \/>\n\t<meta property=\"og:image:height\" content=\"536\" \/>\n\t<meta property=\"og:image:type\" content=\"image\/jpeg\" \/>\n<meta name=\"author\" content=\"Gonzalo Schmidt\" \/>\n<meta name=\"twitter:card\" content=\"summary_large_image\" \/>\n<meta name=\"twitter:creator\" content=\"@InformeLitoral\" \/>\n<meta name=\"twitter:site\" content=\"@InformeLitoral\" \/>\n<meta name=\"twitter:label1\" content=\"Escrito por\" \/>\n\t<meta name=\"twitter:data1\" content=\"Gonzalo Schmidt\" \/>\n\t<meta name=\"twitter:label2\" content=\"Tiempo de lectura\" \/>\n\t<meta name=\"twitter:data2\" content=\"3 minutos\" \/>\n<script type=\"application\/ld+json\" class=\"yoast-schema-graph\">{\"@context\":\"https:\\\/\\\/schema.org\",\"@graph\":[{\"@type\":\"Article\",\"@id\":\"https:\\\/\\\/informelitoral.com.ar\\\/fumigaciones-decretan-la-nulidad-de-tres-articulos-del-decreto\\\/#article\",\"isPartOf\":{\"@id\":\"https:\\\/\\\/informelitoral.com.ar\\\/fumigaciones-decretan-la-nulidad-de-tres-articulos-del-decreto\\\/\"},\"author\":{\"name\":\"Gonzalo Schmidt\",\"@id\":\"https:\\\/\\\/informelitoral.com.ar\\\/#\\\/schema\\\/person\\\/b9d00407c836482871ef1d57bf8e3180\"},\"headline\":\"Fumigaciones: decretan la nulidad de tres art\u00edculos del decreto\",\"datePublished\":\"2019-09-27T11:47:16+00:00\",\"mainEntityOfPage\":{\"@id\":\"https:\\\/\\\/informelitoral.com.ar\\\/fumigaciones-decretan-la-nulidad-de-tres-articulos-del-decreto\\\/\"},\"wordCount\":518,\"commentCount\":0,\"publisher\":{\"@id\":\"https:\\\/\\\/informelitoral.com.ar\\\/#organization\"},\"image\":{\"@id\":\"https:\\\/\\\/informelitoral.com.ar\\\/fumigaciones-decretan-la-nulidad-de-tres-articulos-del-decreto\\\/#primaryimage\"},\"thumbnailUrl\":\"https:\\\/\\\/informelitoral.com.ar\\\/%77%70%2d%63%6f%6e%74%65%6e%74\\\/uploads\\\/2019\\\/07\\\/fumigaciones.jpg\",\"keywords\":[\"Agricultura\",\"Campo\",\"Entre R\u00edos\",\"Fumigaciones\",\"Justicia\",\"Producci\u00f3n\",\"Productores\"],\"articleSection\":[\"Campo\"],\"inLanguage\":\"es\",\"potentialAction\":[{\"@type\":\"CommentAction\",\"name\":\"Comment\",\"target\":[\"https:\\\/\\\/informelitoral.com.ar\\\/fumigaciones-decretan-la-nulidad-de-tres-articulos-del-decreto\\\/#respond\"]}]},{\"@type\":\"WebPage\",\"@id\":\"https:\\\/\\\/informelitoral.com.ar\\\/fumigaciones-decretan-la-nulidad-de-tres-articulos-del-decreto\\\/\",\"url\":\"https:\\\/\\\/informelitoral.com.ar\\\/fumigaciones-decretan-la-nulidad-de-tres-articulos-del-decreto\\\/\",\"name\":\"Fumigaciones: decretan la nulidad de tres art\u00edculos del decreto - Informe Litoral\",\"isPartOf\":{\"@id\":\"https:\\\/\\\/informelitoral.com.ar\\\/#website\"},\"primaryImageOfPage\":{\"@id\":\"https:\\\/\\\/informelitoral.com.ar\\\/fumigaciones-decretan-la-nulidad-de-tres-articulos-del-decreto\\\/#primaryimage\"},\"image\":{\"@id\":\"https:\\\/\\\/informelitoral.com.ar\\\/fumigaciones-decretan-la-nulidad-de-tres-articulos-del-decreto\\\/#primaryimage\"},\"thumbnailUrl\":\"https:\\\/\\\/informelitoral.com.ar\\\/%77%70%2d%63%6f%6e%74%65%6e%74\\\/uploads\\\/2019\\\/07\\\/fumigaciones.jpg\",\"datePublished\":\"2019-09-27T11:47:16+00:00\",\"breadcrumb\":{\"@id\":\"https:\\\/\\\/informelitoral.com.ar\\\/fumigaciones-decretan-la-nulidad-de-tres-articulos-del-decreto\\\/#breadcrumb\"},\"inLanguage\":\"es\",\"potentialAction\":[{\"@type\":\"ReadAction\",\"target\":[\"https:\\\/\\\/informelitoral.com.ar\\\/fumigaciones-decretan-la-nulidad-de-tres-articulos-del-decreto\\\/\"]}]},{\"@type\":\"ImageObject\",\"inLanguage\":\"es\",\"@id\":\"https:\\\/\\\/informelitoral.com.ar\\\/fumigaciones-decretan-la-nulidad-de-tres-articulos-del-decreto\\\/#primaryimage\",\"url\":\"https:\\\/\\\/informelitoral.com.ar\\\/%77%70%2d%63%6f%6e%74%65%6e%74\\\/uploads\\\/2019\\\/07\\\/fumigaciones.jpg\",\"contentUrl\":\"https:\\\/\\\/informelitoral.com.ar\\\/%77%70%2d%63%6f%6e%74%65%6e%74\\\/uploads\\\/2019\\\/07\\\/fumigaciones.jpg\",\"width\":770,\"height\":536},{\"@type\":\"BreadcrumbList\",\"@id\":\"https:\\\/\\\/informelitoral.com.ar\\\/fumigaciones-decretan-la-nulidad-de-tres-articulos-del-decreto\\\/#breadcrumb\",\"itemListElement\":[{\"@type\":\"ListItem\",\"position\":1,\"name\":\"Portada\",\"item\":\"https:\\\/\\\/informelitoral.com.ar\\\/\"},{\"@type\":\"ListItem\",\"position\":2,\"name\":\"Fumigaciones: decretan la nulidad de tres art\u00edculos del decreto\"}]},{\"@type\":\"WebSite\",\"@id\":\"https:\\\/\\\/informelitoral.com.ar\\\/#website\",\"url\":\"https:\\\/\\\/informelitoral.com.ar\\\/\",\"name\":\"Informe Litoral\",\"description\":\"&quot;Nos informamos&quot; \",\"publisher\":{\"@id\":\"https:\\\/\\\/informelitoral.com.ar\\\/#organization\"},\"potentialAction\":[{\"@type\":\"SearchAction\",\"target\":{\"@type\":\"EntryPoint\",\"urlTemplate\":\"https:\\\/\\\/informelitoral.com.ar\\\/?s={search_term_string}\"},\"query-input\":{\"@type\":\"PropertyValueSpecification\",\"valueRequired\":true,\"valueName\":\"search_term_string\"}}],\"inLanguage\":\"es\"},{\"@type\":\"Organization\",\"@id\":\"https:\\\/\\\/informelitoral.com.ar\\\/#organization\",\"name\":\"Informe Litoral\",\"url\":\"https:\\\/\\\/informelitoral.com.ar\\\/\",\"logo\":{\"@type\":\"ImageObject\",\"inLanguage\":\"es\",\"@id\":\"https:\\\/\\\/informelitoral.com.ar\\\/#\\\/schema\\\/logo\\\/image\\\/\",\"url\":\"https:\\\/\\\/informelitoral.com.ar\\\/%77%70%2d%63%6f%6e%74%65%6e%74\\\/uploads\\\/2021\\\/01\\\/circulo.png\",\"contentUrl\":\"https:\\\/\\\/informelitoral.com.ar\\\/%77%70%2d%63%6f%6e%74%65%6e%74\\\/uploads\\\/2021\\\/01\\\/circulo.png\",\"width\":723,\"height\":731,\"caption\":\"Informe Litoral\"},\"image\":{\"@id\":\"https:\\\/\\\/informelitoral.com.ar\\\/#\\\/schema\\\/logo\\\/image\\\/\"},\"sameAs\":[\"https:\\\/\\\/www.facebook.com\\\/informelitoral\\\/\",\"https:\\\/\\\/x.com\\\/InformeLitoral\",\"https:\\\/\\\/www.instagram.com\\\/informelitoral\\\/\",\"https:\\\/\\\/www.youtube.com\\\/channel\\\/UCua4Qvz8Icb6MYqhoq9xLXw\"]},{\"@type\":\"Person\",\"@id\":\"https:\\\/\\\/informelitoral.com.ar\\\/#\\\/schema\\\/person\\\/b9d00407c836482871ef1d57bf8e3180\",\"name\":\"Gonzalo Schmidt\",\"image\":{\"@type\":\"ImageObject\",\"inLanguage\":\"es\",\"@id\":\"https:\\\/\\\/secure.gravatar.com\\\/avatar\\\/31a1a7b66ff2de83bd0e9fd79d026630d2d99e55e8bfe501287647b4fd9743de?s=96&d=mm&r=g\",\"url\":\"https:\\\/\\\/secure.gravatar.com\\\/avatar\\\/31a1a7b66ff2de83bd0e9fd79d026630d2d99e55e8bfe501287647b4fd9743de?s=96&d=mm&r=g\",\"contentUrl\":\"https:\\\/\\\/secure.gravatar.com\\\/avatar\\\/31a1a7b66ff2de83bd0e9fd79d026630d2d99e55e8bfe501287647b4fd9743de?s=96&d=mm&r=g\",\"caption\":\"Gonzalo Schmidt\"},\"description\":\"Sitio web de noticias de la provincia de Entre R\u00edos, Argentina. Informaci\u00f3n y entretenimiento. Informe Litoral, nos informamos.\",\"sameAs\":[\"http:\\\/\\\/www.isletasnoticias.com.ar\"],\"url\":\"https:\\\/\\\/informelitoral.com.ar\\\/author\\\/gonzalo\\\/\"}]}<\/script>","yoast_head_json":{"title":"Fumigaciones: decretan la nulidad de tres art\u00edculos del decreto - Informe Litoral","robots":{"index":"index","follow":"follow","max-snippet":"max-snippet:-1","max-image-preview":"max-image-preview:large","max-video-preview":"max-video-preview:-1"},"canonical":"https:\/\/informelitoral.com.ar\/fumigaciones-decretan-la-nulidad-de-tres-articulos-del-decreto\/","og_locale":"es_ES","og_type":"article","og_title":"Fumigaciones: decretan la nulidad de tres art\u00edculos del decreto - Informe Litoral","og_description":"Lo decidi\u00f3 el juez Virgilio Galanti. Se trata de los art\u00edculos 2\u00ba, 3\u00ba y 4\u00ba, que determinan las distancias.","og_url":"https:\/\/informelitoral.com.ar\/fumigaciones-decretan-la-nulidad-de-tres-articulos-del-decreto\/","og_site_name":"Informe Litoral","article_publisher":"https:\/\/www.facebook.com\/informelitoral\/","article_published_time":"2019-09-27T11:47:16+00:00","og_image":[{"width":770,"height":536,"url":"https:\/\/informelitoral.com.ar\/%77%70%2d%63%6f%6e%74%65%6e%74\/uploads\/2019\/07\/fumigaciones.jpg","type":"image\/jpeg"}],"author":"Gonzalo Schmidt","twitter_card":"summary_large_image","twitter_creator":"@InformeLitoral","twitter_site":"@InformeLitoral","twitter_misc":{"Escrito por":"Gonzalo Schmidt","Tiempo de lectura":"3 minutos"},"schema":{"@context":"https:\/\/schema.org","@graph":[{"@type":"Article","@id":"https:\/\/informelitoral.com.ar\/fumigaciones-decretan-la-nulidad-de-tres-articulos-del-decreto\/#article","isPartOf":{"@id":"https:\/\/informelitoral.com.ar\/fumigaciones-decretan-la-nulidad-de-tres-articulos-del-decreto\/"},"author":{"name":"Gonzalo Schmidt","@id":"https:\/\/informelitoral.com.ar\/#\/schema\/person\/b9d00407c836482871ef1d57bf8e3180"},"headline":"Fumigaciones: decretan la nulidad de tres art\u00edculos del decreto","datePublished":"2019-09-27T11:47:16+00:00","mainEntityOfPage":{"@id":"https:\/\/informelitoral.com.ar\/fumigaciones-decretan-la-nulidad-de-tres-articulos-del-decreto\/"},"wordCount":518,"commentCount":0,"publisher":{"@id":"https:\/\/informelitoral.com.ar\/#organization"},"image":{"@id":"https:\/\/informelitoral.com.ar\/fumigaciones-decretan-la-nulidad-de-tres-articulos-del-decreto\/#primaryimage"},"thumbnailUrl":"https:\/\/informelitoral.com.ar\/%77%70%2d%63%6f%6e%74%65%6e%74\/uploads\/2019\/07\/fumigaciones.jpg","keywords":["Agricultura","Campo","Entre R\u00edos","Fumigaciones","Justicia","Producci\u00f3n","Productores"],"articleSection":["Campo"],"inLanguage":"es","potentialAction":[{"@type":"CommentAction","name":"Comment","target":["https:\/\/informelitoral.com.ar\/fumigaciones-decretan-la-nulidad-de-tres-articulos-del-decreto\/#respond"]}]},{"@type":"WebPage","@id":"https:\/\/informelitoral.com.ar\/fumigaciones-decretan-la-nulidad-de-tres-articulos-del-decreto\/","url":"https:\/\/informelitoral.com.ar\/fumigaciones-decretan-la-nulidad-de-tres-articulos-del-decreto\/","name":"Fumigaciones: decretan la nulidad de tres art\u00edculos del decreto - Informe Litoral","isPartOf":{"@id":"https:\/\/informelitoral.com.ar\/#website"},"primaryImageOfPage":{"@id":"https:\/\/informelitoral.com.ar\/fumigaciones-decretan-la-nulidad-de-tres-articulos-del-decreto\/#primaryimage"},"image":{"@id":"https:\/\/informelitoral.com.ar\/fumigaciones-decretan-la-nulidad-de-tres-articulos-del-decreto\/#primaryimage"},"thumbnailUrl":"https:\/\/informelitoral.com.ar\/%77%70%2d%63%6f%6e%74%65%6e%74\/uploads\/2019\/07\/fumigaciones.jpg","datePublished":"2019-09-27T11:47:16+00:00","breadcrumb":{"@id":"https:\/\/informelitoral.com.ar\/fumigaciones-decretan-la-nulidad-de-tres-articulos-del-decreto\/#breadcrumb"},"inLanguage":"es","potentialAction":[{"@type":"ReadAction","target":["https:\/\/informelitoral.com.ar\/fumigaciones-decretan-la-nulidad-de-tres-articulos-del-decreto\/"]}]},{"@type":"ImageObject","inLanguage":"es","@id":"https:\/\/informelitoral.com.ar\/fumigaciones-decretan-la-nulidad-de-tres-articulos-del-decreto\/#primaryimage","url":"https:\/\/informelitoral.com.ar\/%77%70%2d%63%6f%6e%74%65%6e%74\/uploads\/2019\/07\/fumigaciones.jpg","contentUrl":"https:\/\/informelitoral.com.ar\/%77%70%2d%63%6f%6e%74%65%6e%74\/uploads\/2019\/07\/fumigaciones.jpg","width":770,"height":536},{"@type":"BreadcrumbList","@id":"https:\/\/informelitoral.com.ar\/fumigaciones-decretan-la-nulidad-de-tres-articulos-del-decreto\/#breadcrumb","itemListElement":[{"@type":"ListItem","position":1,"name":"Portada","item":"https:\/\/informelitoral.com.ar\/"},{"@type":"ListItem","position":2,"name":"Fumigaciones: decretan la nulidad de tres art\u00edculos del decreto"}]},{"@type":"WebSite","@id":"https:\/\/informelitoral.com.ar\/#website","url":"https:\/\/informelitoral.com.ar\/","name":"Informe Litoral","description":"&quot;Nos informamos&quot; ","publisher":{"@id":"https:\/\/informelitoral.com.ar\/#organization"},"potentialAction":[{"@type":"SearchAction","target":{"@type":"EntryPoint","urlTemplate":"https:\/\/informelitoral.com.ar\/?s={search_term_string}"},"query-input":{"@type":"PropertyValueSpecification","valueRequired":true,"valueName":"search_term_string"}}],"inLanguage":"es"},{"@type":"Organization","@id":"https:\/\/informelitoral.com.ar\/#organization","name":"Informe Litoral","url":"https:\/\/informelitoral.com.ar\/","logo":{"@type":"ImageObject","inLanguage":"es","@id":"https:\/\/informelitoral.com.ar\/#\/schema\/logo\/image\/","url":"https:\/\/informelitoral.com.ar\/%77%70%2d%63%6f%6e%74%65%6e%74\/uploads\/2021\/01\/circulo.png","contentUrl":"https:\/\/informelitoral.com.ar\/%77%70%2d%63%6f%6e%74%65%6e%74\/uploads\/2021\/01\/circulo.png","width":723,"height":731,"caption":"Informe Litoral"},"image":{"@id":"https:\/\/informelitoral.com.ar\/#\/schema\/logo\/image\/"},"sameAs":["https:\/\/www.facebook.com\/informelitoral\/","https:\/\/x.com\/InformeLitoral","https:\/\/www.instagram.com\/informelitoral\/","https:\/\/www.youtube.com\/channel\/UCua4Qvz8Icb6MYqhoq9xLXw"]},{"@type":"Person","@id":"https:\/\/informelitoral.com.ar\/#\/schema\/person\/b9d00407c836482871ef1d57bf8e3180","name":"Gonzalo Schmidt","image":{"@type":"ImageObject","inLanguage":"es","@id":"https:\/\/secure.gravatar.com\/avatar\/31a1a7b66ff2de83bd0e9fd79d026630d2d99e55e8bfe501287647b4fd9743de?s=96&d=mm&r=g","url":"https:\/\/secure.gravatar.com\/avatar\/31a1a7b66ff2de83bd0e9fd79d026630d2d99e55e8bfe501287647b4fd9743de?s=96&d=mm&r=g","contentUrl":"https:\/\/secure.gravatar.com\/avatar\/31a1a7b66ff2de83bd0e9fd79d026630d2d99e55e8bfe501287647b4fd9743de?s=96&d=mm&r=g","caption":"Gonzalo Schmidt"},"description":"Sitio web de noticias de la provincia de Entre R\u00edos, Argentina. Informaci\u00f3n y entretenimiento. Informe Litoral, nos informamos.","sameAs":["http:\/\/www.isletasnoticias.com.ar"],"url":"https:\/\/informelitoral.com.ar\/author\/gonzalo\/"}]}},"_links":{"self":[{"href":"https:\/\/informelitoral.com.ar\/%77%70%2d%6a%73%6f%6e\/wp\/v2\/posts\/36712","targetHints":{"allow":["GET"]}}],"collection":[{"href":"https:\/\/informelitoral.com.ar\/%77%70%2d%6a%73%6f%6e\/wp\/v2\/posts"}],"about":[{"href":"https:\/\/informelitoral.com.ar\/%77%70%2d%6a%73%6f%6e\/wp\/v2\/types\/post"}],"author":[{"embeddable":true,"href":"https:\/\/informelitoral.com.ar\/%77%70%2d%6a%73%6f%6e\/wp\/v2\/users\/2"}],"replies":[{"embeddable":true,"href":"https:\/\/informelitoral.com.ar\/%77%70%2d%6a%73%6f%6e\/wp\/v2\/comments?post=36712"}],"version-history":[{"count":0,"href":"https:\/\/informelitoral.com.ar\/%77%70%2d%6a%73%6f%6e\/wp\/v2\/posts\/36712\/revisions"}],"wp:featuredmedia":[{"embeddable":true,"href":"https:\/\/informelitoral.com.ar\/%77%70%2d%6a%73%6f%6e\/wp\/v2\/media\/34871"}],"wp:attachment":[{"href":"https:\/\/informelitoral.com.ar\/%77%70%2d%6a%73%6f%6e\/wp\/v2\/media?parent=36712"}],"wp:term":[{"taxonomy":"category","embeddable":true,"href":"https:\/\/informelitoral.com.ar\/%77%70%2d%6a%73%6f%6e\/wp\/v2\/categories?post=36712"},{"taxonomy":"post_tag","embeddable":true,"href":"https:\/\/informelitoral.com.ar\/%77%70%2d%6a%73%6f%6e\/wp\/v2\/tags?post=36712"}],"curies":[{"name":"wp","href":"https:\/\/api.w.org\/{rel}","templated":true}]}}