{"id":36652,"date":"2019-09-24T08:28:59","date_gmt":"2019-09-24T11:28:59","guid":{"rendered":"https:\/\/www.isletasnoticias.com.ar\/?p=36652"},"modified":"2019-09-24T11:41:35","modified_gmt":"2019-09-24T14:41:35","slug":"hugo-retamar-participo-de-la-cena-alfonsinista-con-alberto-fernandez","status":"publish","type":"post","link":"https:\/\/informelitoral.com.ar\/hugo-retamar-participo-de-la-cena-alfonsinista-con-alberto-fernandez\/","title":{"rendered":"Hugo Retamar particip\u00f3 de la \u00abcena alfonsinista\u00bb con Alberto Fern\u00e1ndez"},"content":{"rendered":"<p>El presidente del Partido de la Concertaci\u00f3n <strong>Forja Entre R\u00edos<\/strong>,<strong> Hugo Retamar<\/strong> particip\u00f3 anoche, junto a <strong>Gustavo L\u00f3pez<\/strong> y <strong>Gustavo Melella<\/strong>, gobernador electo en Tierra del Fuego, de la cena que el sector alfonsinista, (Radicales Populares y dirigentes de Forja), le organizaron al \u00abfuturo presidente de la Rep\u00fablica Argentina\u00bb.<\/p>\n<p>\u00abNuestro compromiso es sumar a la recuperaci\u00f3n de un proyecto de pa\u00eds, es ir hacia un estado de derecho dijo\u00bb, L\u00f3pez.<\/p>\n<p><img loading=\"lazy\" decoding=\"async\" class=\"aligncenter wp-image-36653 size-large\" src=\"https:\/\/www.isletasnoticias.com.ar\/%77%70%2d%63%6f%6e%74%65%6e%74\/uploads\/2019\/09\/70ca255b-a5bb-4152-af5d-f6f03495ca47-1024x958.jpg\" alt=\"\" width=\"696\" height=\"651\" srcset=\"https:\/\/informelitoral.com.ar\/%77%70%2d%63%6f%6e%74%65%6e%74\/uploads\/2019\/09\/70ca255b-a5bb-4152-af5d-f6f03495ca47-1024x958.jpg 1024w, https:\/\/informelitoral.com.ar\/%77%70%2d%63%6f%6e%74%65%6e%74\/uploads\/2019\/09\/70ca255b-a5bb-4152-af5d-f6f03495ca47-300x281.jpg 300w, https:\/\/informelitoral.com.ar\/%77%70%2d%63%6f%6e%74%65%6e%74\/uploads\/2019\/09\/70ca255b-a5bb-4152-af5d-f6f03495ca47-768x718.jpg 768w, https:\/\/informelitoral.com.ar\/%77%70%2d%63%6f%6e%74%65%6e%74\/uploads\/2019\/09\/70ca255b-a5bb-4152-af5d-f6f03495ca47-696x651.jpg 696w, https:\/\/informelitoral.com.ar\/%77%70%2d%63%6f%6e%74%65%6e%74\/uploads\/2019\/09\/70ca255b-a5bb-4152-af5d-f6f03495ca47-1068x999.jpg 1068w, https:\/\/informelitoral.com.ar\/%77%70%2d%63%6f%6e%74%65%6e%74\/uploads\/2019\/09\/70ca255b-a5bb-4152-af5d-f6f03495ca47-449x420.jpg 449w, https:\/\/informelitoral.com.ar\/%77%70%2d%63%6f%6e%74%65%6e%74\/uploads\/2019\/09\/70ca255b-a5bb-4152-af5d-f6f03495ca47.jpg 1280w\" sizes=\"auto, (max-width: 696px) 100vw, 696px\" \/>\u00abMe siento orgulloso de estar acompa\u00f1ando a compa\u00f1eros que nos unen ideales, porque otro pa\u00eds es posible\u00bb, sostuvo el dirigente.<\/p>\n<p>En declaraciones enviadas a <em><strong>IN<\/strong><\/em>, el presidente de Forja Entre R\u00edos analiz\u00f3: <strong>\u00abSon momentos de construir nuevos modelos pol\u00edticos, de consensos, de tolerancia y mucho di\u00e1logo.<\/strong> Lejos de posiciones antag\u00f3nicas. El pueblo necesita respuesta y la clase pol\u00edtica debe brindarlas para volver a creer en la pol\u00edtica como herramienta transformadora\u00bb, dijo Hugo Retamar.<\/p>\n<p><strong>Plenario provincial<\/strong><\/p>\n<p>El 4 de octubre a las 19.00, en el Sal\u00f3n del Hotel C\u00edrculo de Paran\u00e1, se realizar\u00e1 un plenario Provincial del partido. \u00abEs un punto para encontrarnos entre muchos entrerrianos para hacer de esta fuerza pol\u00edtica, la alternativa para fortalecer gobiernos progresistas\u00bb, expresaron.<\/p>\n","protected":false},"excerpt":{"rendered":"<p>El presidente de Forja Entre R\u00edos comparti\u00f3 la velada junto a dirigentes de otros espacios. El pueblo necesita respuesta y la clase pol\u00edtica debe brindarlas para volver a creer en la pol\u00edtica como herramienta transformadora\u00bb, dijo Hugo Retamar.<\/p>\n","protected":false},"author":2,"featured_media":36654,"comment_status":"open","ping_status":"open","sticky":false,"template":"","format":"standard","meta":{"fifu_image_url":"","fifu_image_alt":"","footnotes":""},"categories":[16],"tags":[1311,421,81,1267,450,197],"class_list":{"0":"post-36652","1":"post","2":"type-post","3":"status-publish","4":"format-standard","5":"has-post-thumbnail","7":"category-politi","8":"tag-alberto-fernandez","9":"tag-elecciones-2019","10":"tag-entre-rios","11":"tag-forja","12":"tag-peronismo","13":"tag-pj"},"yoast_head":"<title>Hugo Retamar particip\u00f3 de la &quot;cena alfonsinista&quot; con Alberto Fern\u00e1ndez - Informe Litoral<\/title>\n<meta name=\"robots\" content=\"index, follow, max-snippet:-1, max-image-preview:large, max-video-preview:-1\" \/>\n<link rel=\"canonical\" href=\"https:\/\/informelitoral.com.ar\/hugo-retamar-participo-de-la-cena-alfonsinista-con-alberto-fernandez\/\" \/>\n<meta property=\"og:locale\" content=\"es_ES\" \/>\n<meta property=\"og:type\" content=\"article\" \/>\n<meta property=\"og:title\" content=\"Hugo Retamar particip\u00f3 de la &quot;cena alfonsinista&quot; con Alberto Fern\u00e1ndez - Informe Litoral\" \/>\n<meta property=\"og:description\" content=\"El presidente de Forja Entre R\u00edos comparti\u00f3 la velada junto a dirigentes de otros espacios. El pueblo necesita respuesta y la clase pol\u00edtica debe brindarlas para volver a creer en la pol\u00edtica como herramienta transformadora&quot;, dijo Hugo Retamar.\" \/>\n<meta property=\"og:url\" content=\"https:\/\/informelitoral.com.ar\/hugo-retamar-participo-de-la-cena-alfonsinista-con-alberto-fernandez\/\" \/>\n<meta property=\"og:site_name\" content=\"Informe Litoral\" \/>\n<meta property=\"article:publisher\" content=\"https:\/\/www.facebook.com\/informelitoral\/\" \/>\n<meta property=\"article:published_time\" content=\"2019-09-24T11:28:59+00:00\" \/>\n<meta property=\"article:modified_time\" content=\"2019-09-24T14:41:35+00:00\" \/>\n<meta property=\"og:image\" content=\"https:\/\/informelitoral.com.ar\/%77%70%2d%63%6f%6e%74%65%6e%74\/uploads\/2019\/09\/137d59f8-7da1-4e7d-aeb4-e5f6ccad3f03.jpg\" \/>\n\t<meta property=\"og:image:width\" content=\"1024\" \/>\n\t<meta property=\"og:image:height\" content=\"768\" \/>\n\t<meta property=\"og:image:type\" content=\"image\/jpeg\" \/>\n<meta name=\"author\" content=\"Gonzalo Schmidt\" \/>\n<meta name=\"twitter:card\" content=\"summary_large_image\" \/>\n<meta name=\"twitter:creator\" content=\"@InformeLitoral\" \/>\n<meta name=\"twitter:site\" content=\"@InformeLitoral\" \/>\n<meta name=\"twitter:label1\" content=\"Escrito por\" \/>\n\t<meta name=\"twitter:data1\" content=\"Gonzalo Schmidt\" \/>\n\t<meta name=\"twitter:label2\" content=\"Tiempo de lectura\" \/>\n\t<meta name=\"twitter:data2\" content=\"1 minuto\" \/>\n<script type=\"application\/ld+json\" class=\"yoast-schema-graph\">{\"@context\":\"https:\\\/\\\/schema.org\",\"@graph\":[{\"@type\":\"Article\",\"@id\":\"https:\\\/\\\/informelitoral.com.ar\\\/hugo-retamar-participo-de-la-cena-alfonsinista-con-alberto-fernandez\\\/#article\",\"isPartOf\":{\"@id\":\"https:\\\/\\\/informelitoral.com.ar\\\/hugo-retamar-participo-de-la-cena-alfonsinista-con-alberto-fernandez\\\/\"},\"author\":{\"name\":\"Gonzalo Schmidt\",\"@id\":\"https:\\\/\\\/informelitoral.com.ar\\\/#\\\/schema\\\/person\\\/b9d00407c836482871ef1d57bf8e3180\"},\"headline\":\"Hugo Retamar particip\u00f3 de la \u00abcena alfonsinista\u00bb con Alberto Fern\u00e1ndez\",\"datePublished\":\"2019-09-24T11:28:59+00:00\",\"dateModified\":\"2019-09-24T14:41:35+00:00\",\"mainEntityOfPage\":{\"@id\":\"https:\\\/\\\/informelitoral.com.ar\\\/hugo-retamar-participo-de-la-cena-alfonsinista-con-alberto-fernandez\\\/\"},\"wordCount\":216,\"commentCount\":0,\"publisher\":{\"@id\":\"https:\\\/\\\/informelitoral.com.ar\\\/#organization\"},\"image\":{\"@id\":\"https:\\\/\\\/informelitoral.com.ar\\\/hugo-retamar-participo-de-la-cena-alfonsinista-con-alberto-fernandez\\\/#primaryimage\"},\"thumbnailUrl\":\"https:\\\/\\\/informelitoral.com.ar\\\/%77%70%2d%63%6f%6e%74%65%6e%74\\\/uploads\\\/2019\\\/09\\\/137d59f8-7da1-4e7d-aeb4-e5f6ccad3f03.jpg\",\"keywords\":[\"Alberto Fern\u00e1ndez\",\"Elecciones 2019\",\"Entre R\u00edos\",\"Forja\",\"Peronismo\",\"PJ\"],\"articleSection\":[\"Politica\"],\"inLanguage\":\"es\",\"potentialAction\":[{\"@type\":\"CommentAction\",\"name\":\"Comment\",\"target\":[\"https:\\\/\\\/informelitoral.com.ar\\\/hugo-retamar-participo-de-la-cena-alfonsinista-con-alberto-fernandez\\\/#respond\"]}]},{\"@type\":\"WebPage\",\"@id\":\"https:\\\/\\\/informelitoral.com.ar\\\/hugo-retamar-participo-de-la-cena-alfonsinista-con-alberto-fernandez\\\/\",\"url\":\"https:\\\/\\\/informelitoral.com.ar\\\/hugo-retamar-participo-de-la-cena-alfonsinista-con-alberto-fernandez\\\/\",\"name\":\"Hugo Retamar particip\u00f3 de la \\\"cena alfonsinista\\\" con Alberto Fern\u00e1ndez - Informe Litoral\",\"isPartOf\":{\"@id\":\"https:\\\/\\\/informelitoral.com.ar\\\/#website\"},\"primaryImageOfPage\":{\"@id\":\"https:\\\/\\\/informelitoral.com.ar\\\/hugo-retamar-participo-de-la-cena-alfonsinista-con-alberto-fernandez\\\/#primaryimage\"},\"image\":{\"@id\":\"https:\\\/\\\/informelitoral.com.ar\\\/hugo-retamar-participo-de-la-cena-alfonsinista-con-alberto-fernandez\\\/#primaryimage\"},\"thumbnailUrl\":\"https:\\\/\\\/informelitoral.com.ar\\\/%77%70%2d%63%6f%6e%74%65%6e%74\\\/uploads\\\/2019\\\/09\\\/137d59f8-7da1-4e7d-aeb4-e5f6ccad3f03.jpg\",\"datePublished\":\"2019-09-24T11:28:59+00:00\",\"dateModified\":\"2019-09-24T14:41:35+00:00\",\"breadcrumb\":{\"@id\":\"https:\\\/\\\/informelitoral.com.ar\\\/hugo-retamar-participo-de-la-cena-alfonsinista-con-alberto-fernandez\\\/#breadcrumb\"},\"inLanguage\":\"es\",\"potentialAction\":[{\"@type\":\"ReadAction\",\"target\":[\"https:\\\/\\\/informelitoral.com.ar\\\/hugo-retamar-participo-de-la-cena-alfonsinista-con-alberto-fernandez\\\/\"]}]},{\"@type\":\"ImageObject\",\"inLanguage\":\"es\",\"@id\":\"https:\\\/\\\/informelitoral.com.ar\\\/hugo-retamar-participo-de-la-cena-alfonsinista-con-alberto-fernandez\\\/#primaryimage\",\"url\":\"https:\\\/\\\/informelitoral.com.ar\\\/%77%70%2d%63%6f%6e%74%65%6e%74\\\/uploads\\\/2019\\\/09\\\/137d59f8-7da1-4e7d-aeb4-e5f6ccad3f03.jpg\",\"contentUrl\":\"https:\\\/\\\/informelitoral.com.ar\\\/%77%70%2d%63%6f%6e%74%65%6e%74\\\/uploads\\\/2019\\\/09\\\/137d59f8-7da1-4e7d-aeb4-e5f6ccad3f03.jpg\",\"width\":1024,\"height\":768},{\"@type\":\"BreadcrumbList\",\"@id\":\"https:\\\/\\\/informelitoral.com.ar\\\/hugo-retamar-participo-de-la-cena-alfonsinista-con-alberto-fernandez\\\/#breadcrumb\",\"itemListElement\":[{\"@type\":\"ListItem\",\"position\":1,\"name\":\"Portada\",\"item\":\"https:\\\/\\\/informelitoral.com.ar\\\/\"},{\"@type\":\"ListItem\",\"position\":2,\"name\":\"Hugo Retamar particip\u00f3 de la \u00abcena alfonsinista\u00bb con Alberto Fern\u00e1ndez\"}]},{\"@type\":\"WebSite\",\"@id\":\"https:\\\/\\\/informelitoral.com.ar\\\/#website\",\"url\":\"https:\\\/\\\/informelitoral.com.ar\\\/\",\"name\":\"Informe Litoral\",\"description\":\"&quot;Nos informamos&quot; \",\"publisher\":{\"@id\":\"https:\\\/\\\/informelitoral.com.ar\\\/#organization\"},\"potentialAction\":[{\"@type\":\"SearchAction\",\"target\":{\"@type\":\"EntryPoint\",\"urlTemplate\":\"https:\\\/\\\/informelitoral.com.ar\\\/?s={search_term_string}\"},\"query-input\":{\"@type\":\"PropertyValueSpecification\",\"valueRequired\":true,\"valueName\":\"search_term_string\"}}],\"inLanguage\":\"es\"},{\"@type\":\"Organization\",\"@id\":\"https:\\\/\\\/informelitoral.com.ar\\\/#organization\",\"name\":\"Informe Litoral\",\"url\":\"https:\\\/\\\/informelitoral.com.ar\\\/\",\"logo\":{\"@type\":\"ImageObject\",\"inLanguage\":\"es\",\"@id\":\"https:\\\/\\\/informelitoral.com.ar\\\/#\\\/schema\\\/logo\\\/image\\\/\",\"url\":\"https:\\\/\\\/informelitoral.com.ar\\\/%77%70%2d%63%6f%6e%74%65%6e%74\\\/uploads\\\/2021\\\/01\\\/circulo.png\",\"contentUrl\":\"https:\\\/\\\/informelitoral.com.ar\\\/%77%70%2d%63%6f%6e%74%65%6e%74\\\/uploads\\\/2021\\\/01\\\/circulo.png\",\"width\":723,\"height\":731,\"caption\":\"Informe Litoral\"},\"image\":{\"@id\":\"https:\\\/\\\/informelitoral.com.ar\\\/#\\\/schema\\\/logo\\\/image\\\/\"},\"sameAs\":[\"https:\\\/\\\/www.facebook.com\\\/informelitoral\\\/\",\"https:\\\/\\\/x.com\\\/InformeLitoral\",\"https:\\\/\\\/www.instagram.com\\\/informelitoral\\\/\",\"https:\\\/\\\/www.youtube.com\\\/channel\\\/UCua4Qvz8Icb6MYqhoq9xLXw\"]},{\"@type\":\"Person\",\"@id\":\"https:\\\/\\\/informelitoral.com.ar\\\/#\\\/schema\\\/person\\\/b9d00407c836482871ef1d57bf8e3180\",\"name\":\"Gonzalo Schmidt\",\"image\":{\"@type\":\"ImageObject\",\"inLanguage\":\"es\",\"@id\":\"https:\\\/\\\/secure.gravatar.com\\\/avatar\\\/31a1a7b66ff2de83bd0e9fd79d026630d2d99e55e8bfe501287647b4fd9743de?s=96&d=mm&r=g\",\"url\":\"https:\\\/\\\/secure.gravatar.com\\\/avatar\\\/31a1a7b66ff2de83bd0e9fd79d026630d2d99e55e8bfe501287647b4fd9743de?s=96&d=mm&r=g\",\"contentUrl\":\"https:\\\/\\\/secure.gravatar.com\\\/avatar\\\/31a1a7b66ff2de83bd0e9fd79d026630d2d99e55e8bfe501287647b4fd9743de?s=96&d=mm&r=g\",\"caption\":\"Gonzalo Schmidt\"},\"description\":\"Sitio web de noticias de la provincia de Entre R\u00edos, Argentina. Informaci\u00f3n y entretenimiento. Informe Litoral, nos informamos.\",\"sameAs\":[\"http:\\\/\\\/www.isletasnoticias.com.ar\"],\"url\":\"https:\\\/\\\/informelitoral.com.ar\\\/author\\\/gonzalo\\\/\"}]}<\/script>","yoast_head_json":{"title":"Hugo Retamar particip\u00f3 de la \"cena alfonsinista\" con Alberto Fern\u00e1ndez - Informe Litoral","robots":{"index":"index","follow":"follow","max-snippet":"max-snippet:-1","max-image-preview":"max-image-preview:large","max-video-preview":"max-video-preview:-1"},"canonical":"https:\/\/informelitoral.com.ar\/hugo-retamar-participo-de-la-cena-alfonsinista-con-alberto-fernandez\/","og_locale":"es_ES","og_type":"article","og_title":"Hugo Retamar particip\u00f3 de la \"cena alfonsinista\" con Alberto Fern\u00e1ndez - Informe Litoral","og_description":"El presidente de Forja Entre R\u00edos comparti\u00f3 la velada junto a dirigentes de otros espacios. El pueblo necesita respuesta y la clase pol\u00edtica debe brindarlas para volver a creer en la pol\u00edtica como herramienta transformadora\", dijo Hugo Retamar.","og_url":"https:\/\/informelitoral.com.ar\/hugo-retamar-participo-de-la-cena-alfonsinista-con-alberto-fernandez\/","og_site_name":"Informe Litoral","article_publisher":"https:\/\/www.facebook.com\/informelitoral\/","article_published_time":"2019-09-24T11:28:59+00:00","article_modified_time":"2019-09-24T14:41:35+00:00","og_image":[{"width":1024,"height":768,"url":"https:\/\/informelitoral.com.ar\/%77%70%2d%63%6f%6e%74%65%6e%74\/uploads\/2019\/09\/137d59f8-7da1-4e7d-aeb4-e5f6ccad3f03.jpg","type":"image\/jpeg"}],"author":"Gonzalo Schmidt","twitter_card":"summary_large_image","twitter_creator":"@InformeLitoral","twitter_site":"@InformeLitoral","twitter_misc":{"Escrito por":"Gonzalo Schmidt","Tiempo de lectura":"1 minuto"},"schema":{"@context":"https:\/\/schema.org","@graph":[{"@type":"Article","@id":"https:\/\/informelitoral.com.ar\/hugo-retamar-participo-de-la-cena-alfonsinista-con-alberto-fernandez\/#article","isPartOf":{"@id":"https:\/\/informelitoral.com.ar\/hugo-retamar-participo-de-la-cena-alfonsinista-con-alberto-fernandez\/"},"author":{"name":"Gonzalo Schmidt","@id":"https:\/\/informelitoral.com.ar\/#\/schema\/person\/b9d00407c836482871ef1d57bf8e3180"},"headline":"Hugo Retamar particip\u00f3 de la \u00abcena alfonsinista\u00bb con Alberto Fern\u00e1ndez","datePublished":"2019-09-24T11:28:59+00:00","dateModified":"2019-09-24T14:41:35+00:00","mainEntityOfPage":{"@id":"https:\/\/informelitoral.com.ar\/hugo-retamar-participo-de-la-cena-alfonsinista-con-alberto-fernandez\/"},"wordCount":216,"commentCount":0,"publisher":{"@id":"https:\/\/informelitoral.com.ar\/#organization"},"image":{"@id":"https:\/\/informelitoral.com.ar\/hugo-retamar-participo-de-la-cena-alfonsinista-con-alberto-fernandez\/#primaryimage"},"thumbnailUrl":"https:\/\/informelitoral.com.ar\/%77%70%2d%63%6f%6e%74%65%6e%74\/uploads\/2019\/09\/137d59f8-7da1-4e7d-aeb4-e5f6ccad3f03.jpg","keywords":["Alberto Fern\u00e1ndez","Elecciones 2019","Entre R\u00edos","Forja","Peronismo","PJ"],"articleSection":["Politica"],"inLanguage":"es","potentialAction":[{"@type":"CommentAction","name":"Comment","target":["https:\/\/informelitoral.com.ar\/hugo-retamar-participo-de-la-cena-alfonsinista-con-alberto-fernandez\/#respond"]}]},{"@type":"WebPage","@id":"https:\/\/informelitoral.com.ar\/hugo-retamar-participo-de-la-cena-alfonsinista-con-alberto-fernandez\/","url":"https:\/\/informelitoral.com.ar\/hugo-retamar-participo-de-la-cena-alfonsinista-con-alberto-fernandez\/","name":"Hugo Retamar particip\u00f3 de la \"cena alfonsinista\" con Alberto Fern\u00e1ndez - Informe Litoral","isPartOf":{"@id":"https:\/\/informelitoral.com.ar\/#website"},"primaryImageOfPage":{"@id":"https:\/\/informelitoral.com.ar\/hugo-retamar-participo-de-la-cena-alfonsinista-con-alberto-fernandez\/#primaryimage"},"image":{"@id":"https:\/\/informelitoral.com.ar\/hugo-retamar-participo-de-la-cena-alfonsinista-con-alberto-fernandez\/#primaryimage"},"thumbnailUrl":"https:\/\/informelitoral.com.ar\/%77%70%2d%63%6f%6e%74%65%6e%74\/uploads\/2019\/09\/137d59f8-7da1-4e7d-aeb4-e5f6ccad3f03.jpg","datePublished":"2019-09-24T11:28:59+00:00","dateModified":"2019-09-24T14:41:35+00:00","breadcrumb":{"@id":"https:\/\/informelitoral.com.ar\/hugo-retamar-participo-de-la-cena-alfonsinista-con-alberto-fernandez\/#breadcrumb"},"inLanguage":"es","potentialAction":[{"@type":"ReadAction","target":["https:\/\/informelitoral.com.ar\/hugo-retamar-participo-de-la-cena-alfonsinista-con-alberto-fernandez\/"]}]},{"@type":"ImageObject","inLanguage":"es","@id":"https:\/\/informelitoral.com.ar\/hugo-retamar-participo-de-la-cena-alfonsinista-con-alberto-fernandez\/#primaryimage","url":"https:\/\/informelitoral.com.ar\/%77%70%2d%63%6f%6e%74%65%6e%74\/uploads\/2019\/09\/137d59f8-7da1-4e7d-aeb4-e5f6ccad3f03.jpg","contentUrl":"https:\/\/informelitoral.com.ar\/%77%70%2d%63%6f%6e%74%65%6e%74\/uploads\/2019\/09\/137d59f8-7da1-4e7d-aeb4-e5f6ccad3f03.jpg","width":1024,"height":768},{"@type":"BreadcrumbList","@id":"https:\/\/informelitoral.com.ar\/hugo-retamar-participo-de-la-cena-alfonsinista-con-alberto-fernandez\/#breadcrumb","itemListElement":[{"@type":"ListItem","position":1,"name":"Portada","item":"https:\/\/informelitoral.com.ar\/"},{"@type":"ListItem","position":2,"name":"Hugo Retamar particip\u00f3 de la \u00abcena alfonsinista\u00bb con Alberto Fern\u00e1ndez"}]},{"@type":"WebSite","@id":"https:\/\/informelitoral.com.ar\/#website","url":"https:\/\/informelitoral.com.ar\/","name":"Informe Litoral","description":"&quot;Nos informamos&quot; ","publisher":{"@id":"https:\/\/informelitoral.com.ar\/#organization"},"potentialAction":[{"@type":"SearchAction","target":{"@type":"EntryPoint","urlTemplate":"https:\/\/informelitoral.com.ar\/?s={search_term_string}"},"query-input":{"@type":"PropertyValueSpecification","valueRequired":true,"valueName":"search_term_string"}}],"inLanguage":"es"},{"@type":"Organization","@id":"https:\/\/informelitoral.com.ar\/#organization","name":"Informe Litoral","url":"https:\/\/informelitoral.com.ar\/","logo":{"@type":"ImageObject","inLanguage":"es","@id":"https:\/\/informelitoral.com.ar\/#\/schema\/logo\/image\/","url":"https:\/\/informelitoral.com.ar\/%77%70%2d%63%6f%6e%74%65%6e%74\/uploads\/2021\/01\/circulo.png","contentUrl":"https:\/\/informelitoral.com.ar\/%77%70%2d%63%6f%6e%74%65%6e%74\/uploads\/2021\/01\/circulo.png","width":723,"height":731,"caption":"Informe Litoral"},"image":{"@id":"https:\/\/informelitoral.com.ar\/#\/schema\/logo\/image\/"},"sameAs":["https:\/\/www.facebook.com\/informelitoral\/","https:\/\/x.com\/InformeLitoral","https:\/\/www.instagram.com\/informelitoral\/","https:\/\/www.youtube.com\/channel\/UCua4Qvz8Icb6MYqhoq9xLXw"]},{"@type":"Person","@id":"https:\/\/informelitoral.com.ar\/#\/schema\/person\/b9d00407c836482871ef1d57bf8e3180","name":"Gonzalo Schmidt","image":{"@type":"ImageObject","inLanguage":"es","@id":"https:\/\/secure.gravatar.com\/avatar\/31a1a7b66ff2de83bd0e9fd79d026630d2d99e55e8bfe501287647b4fd9743de?s=96&d=mm&r=g","url":"https:\/\/secure.gravatar.com\/avatar\/31a1a7b66ff2de83bd0e9fd79d026630d2d99e55e8bfe501287647b4fd9743de?s=96&d=mm&r=g","contentUrl":"https:\/\/secure.gravatar.com\/avatar\/31a1a7b66ff2de83bd0e9fd79d026630d2d99e55e8bfe501287647b4fd9743de?s=96&d=mm&r=g","caption":"Gonzalo Schmidt"},"description":"Sitio web de noticias de la provincia de Entre R\u00edos, Argentina. Informaci\u00f3n y entretenimiento. Informe Litoral, nos informamos.","sameAs":["http:\/\/www.isletasnoticias.com.ar"],"url":"https:\/\/informelitoral.com.ar\/author\/gonzalo\/"}]}},"_links":{"self":[{"href":"https:\/\/informelitoral.com.ar\/%77%70%2d%6a%73%6f%6e\/wp\/v2\/posts\/36652","targetHints":{"allow":["GET"]}}],"collection":[{"href":"https:\/\/informelitoral.com.ar\/%77%70%2d%6a%73%6f%6e\/wp\/v2\/posts"}],"about":[{"href":"https:\/\/informelitoral.com.ar\/%77%70%2d%6a%73%6f%6e\/wp\/v2\/types\/post"}],"author":[{"embeddable":true,"href":"https:\/\/informelitoral.com.ar\/%77%70%2d%6a%73%6f%6e\/wp\/v2\/users\/2"}],"replies":[{"embeddable":true,"href":"https:\/\/informelitoral.com.ar\/%77%70%2d%6a%73%6f%6e\/wp\/v2\/comments?post=36652"}],"version-history":[{"count":0,"href":"https:\/\/informelitoral.com.ar\/%77%70%2d%6a%73%6f%6e\/wp\/v2\/posts\/36652\/revisions"}],"wp:featuredmedia":[{"embeddable":true,"href":"https:\/\/informelitoral.com.ar\/%77%70%2d%6a%73%6f%6e\/wp\/v2\/media\/36654"}],"wp:attachment":[{"href":"https:\/\/informelitoral.com.ar\/%77%70%2d%6a%73%6f%6e\/wp\/v2\/media?parent=36652"}],"wp:term":[{"taxonomy":"category","embeddable":true,"href":"https:\/\/informelitoral.com.ar\/%77%70%2d%6a%73%6f%6e\/wp\/v2\/categories?post=36652"},{"taxonomy":"post_tag","embeddable":true,"href":"https:\/\/informelitoral.com.ar\/%77%70%2d%6a%73%6f%6e\/wp\/v2\/tags?post=36652"}],"curies":[{"name":"wp","href":"https:\/\/api.w.org\/{rel}","templated":true}]}}