{"id":36648,"date":"2019-09-24T06:04:14","date_gmt":"2019-09-24T09:04:14","guid":{"rendered":"https:\/\/www.isletasnoticias.com.ar\/?p=36648"},"modified":"2019-09-24T11:10:56","modified_gmt":"2019-09-24T14:10:56","slug":"cerro-san-javier-un-paraiso-de-tucuman","status":"publish","type":"post","link":"https:\/\/informelitoral.com.ar\/cerro-san-javier-un-paraiso-de-tucuman\/","title":{"rendered":"Cerro San Javier, un para\u00edso de Tucum\u00e1n"},"content":{"rendered":"<p>El\u00a0<strong>cerro San Javier y la villa del mismo nombre que corona su cumbre, a 25 kil\u00f3metros al oeste de San Miguel de Tucum\u00e1n<\/strong>\u00a0y en medio de la yunga, conforman un paisaje ideal tanto para el turismo de aventura como para quienes buscan un tiempo de descanso. Su altura m\u00e1xima es de 1876 metros sobre el nivel del mar, en la cumbre del Taficillo,<strong> un excelente punto para obtener las mejores vistas panor\u00e1micas de la ciudad y los diversos paisajes naturales que lo rodean.<\/strong><\/p>\n<p>En sus laderas escarpadas y cubiertas de la h\u00fameda selva pedemontana, el visitante puede realizar\u00a0<strong>cabalgatas en grupo o lanzarse a descubrir las postales aut\u00f3ctonas a trav\u00e9s del senderismo<\/strong>. La villa veraniega de San Javier, en lo alto del cerro, espera a los turistas con todos los servicios necesarios para una agradable estad\u00eda, con confortables hoteles, posadas y hostels.<\/p>\n<p>Para llegar desde San Miguel se debe atravesar la ciudad de Yerba Buena, y al transitar el camino recorre un paisaje con curvas pronunciadas que permiten apreciar la\u00a0<strong>exhuberante vegetaci\u00f3n subtropical, con helechos, nogales y lapachos<\/strong>. San Javier es una villa ideal para descansar y disfrutar de numerosos atractivos, con una temperatura diferente a la de la capital tucumana -entre 5 y 6 grados menos-, que sumada a sus cerros y a la vegetaci\u00f3n la convierten a en un lugar perfecto para varias actividades deportivas.<\/p>\n<p>Grandes competencias de mountain bike se realizan en la zona, con circuitos con descensos por sendas de monta\u00f1a, que son los preferidos por los amantes del ciclismo, en tanto\u00a0<strong>para quienes prefieren el trekking hay numerosas ecosendas en el cerro<\/strong>. Una de ellas, La Puerta del Cielo, inicia su ascenso desde la zona de Horco Molle (lateral izquierdo del San Javier), y el recorrido atraviesa las yungas hasta la cima, donde se tiene una panor\u00e1mica de San Miguel y alrededores.<\/p>\n<p><a href=\"https:\/\/www.isletasnoticias.com.ar\/%77%70%2d%63%6f%6e%74%65%6e%74\/uploads\/2019\/09\/san-javier-2-625x363.jpg\"><img loading=\"lazy\" decoding=\"async\" class=\"aligncenter wp-image-36649 size-full\" src=\"https:\/\/www.isletasnoticias.com.ar\/%77%70%2d%63%6f%6e%74%65%6e%74\/uploads\/2019\/09\/san-javier-2-625x363.jpg\" alt=\"\" width=\"625\" height=\"363\" srcset=\"https:\/\/informelitoral.com.ar\/%77%70%2d%63%6f%6e%74%65%6e%74\/uploads\/2019\/09\/san-javier-2-625x363.jpg 625w, https:\/\/informelitoral.com.ar\/%77%70%2d%63%6f%6e%74%65%6e%74\/uploads\/2019\/09\/san-javier-2-625x363-300x174.jpg 300w\" sizes=\"auto, (max-width: 625px) 100vw, 625px\" \/><\/a><\/p>\n<p>La geograf\u00eda de San Javier tambi\u00e9n esconde un apacible paraje con la hermosa cascada de r\u00edo Noque, que se ubica en el\u00a0<strong>Parque Sierra de San Javier y es un excelente lugar para pasar el d\u00eda en familia o con amigos<\/strong>. All\u00ed se ubica un imponente p\u00f3rtico instalado por el Ente de Turismo, que cuenta con paneles informativos que contextualizan el lugar, donde las sendas se encuentran perfectamente se\u00f1alizadas.<\/p>\n<p>El cielo tambi\u00e9n tiene un importante protagonismo en San Javier: con vuelos biplaza bajo modalidad libre y con un equipo preparado, se realizan bajadas en parapente durante todo el a\u00f1o en Loma Bola, donde solo hay que dejarse llevar y disfrutar de una de las mejores pistas de vuelo de Sudam\u00e9rica. Uno de los mayores atractivos del cerro San Javier es la\u00a0<strong>escultura del Cristo Bendicente, obra del tucumano Juan Carlos Iram\u00e1in<\/strong>, que con una altura de 28 metros se convirti\u00f3 en la cuarta estatua m\u00e1s alta del mundo de un Cristo, a 1.275 msnm.<\/p>\n<h3><strong>Mir\u00e1 el video:<\/strong><\/h3>\n<div id=\"fb-root\"><\/div>\n<p><script async=\"1\" defer=\"1\" crossorigin=\"anonymous\" src=\"https:\/\/connect.facebook.net\/es_LA\/sdk.js#xfbml=1&amp;version=v4.0\"><\/script><\/p>\n<div class=\"fb-video\" data-href=\"https:\/\/www.facebook.com\/skydronetucuman\/videos\/2107550272815699\/?v=2107550272815699\" data-width=\"696\">\n<blockquote cite=\"https:\/\/www.facebook.com\/skydronetucuman\/videos\/2107550272815699\/\" class=\"fb-xfbml-parse-ignore\"><p><a href=\"https:\/\/www.facebook.com\/skydronetucuman\/videos\/2107550272815699\/\">Cristo Bendiciente &#8211; Cerro San Javier<\/a><\/p>\n<p>El Cristo Bendicente es una escultura que se encuentra en la cima del cerro San Javier, en Yerba Buena ,Tucum\u00e1n.Mide 28 metros de altura y levanta su brazo derecho en signo de bendici\u00f3n.La estatua de Cristo es una de las principales obras del escultor tucumano Juan Carlos Iramain (1900-1973). Fue inaugurada en 1942.En 1973 se inaugur\u00f3 el Museo Iramain, que exhibe las obras de este escultor.Los restos del escultor descansan bajo este Cristo.Con 28 metros de altura ,es la cuarta estatua de un Cristo m\u00e1s alto del mundo. En primer lugar se encuentra el Cristo de la Concordia, en Cochabamba, Bolivia (38,20 m); le sigue el Cristo Redentor, de R\u00edo de Janeiro (38 m), y el tercero es el Cristo del Otero, en Espa\u00f1a (30 m). En todos los casos, no se suma la altura del pedestal.<\/p>\n<p>Publicado por <a href=\"https:\/\/www.facebook.com\/skydronetucuman\/\">Sky Drone Tucuman<\/a> en Mi\u00e9rcoles, 11 de abril de 2018<\/p><\/blockquote>\n<\/div>\n","protected":false},"excerpt":{"rendered":"<p>El trekking y el ciclismo se conjugan con una excelente tradici\u00f3n gastron\u00f3mica. Recorrerlo es una forma de conocer el encanto de las tierras tucumanas.<\/p>\n","protected":false},"author":2,"featured_media":36650,"comment_status":"open","ping_status":"open","sticky":false,"template":"","format":"standard","meta":{"fifu_image_url":"","fifu_image_alt":"","footnotes":""},"categories":[7,9],"tags":[85,104],"class_list":{"0":"post-36648","1":"post","2":"type-post","3":"status-publish","4":"format-standard","5":"has-post-thumbnail","7":"category-nacionales","8":"category-sociedad","9":"tag-tucuman","10":"tag-turismo"},"yoast_head":"<title>Cerro San Javier, un para\u00edso de Tucum\u00e1n - Informe Litoral<\/title>\n<meta name=\"robots\" content=\"index, follow, max-snippet:-1, max-image-preview:large, max-video-preview:-1\" \/>\n<link rel=\"canonical\" href=\"https:\/\/informelitoral.com.ar\/cerro-san-javier-un-paraiso-de-tucuman\/\" \/>\n<meta property=\"og:locale\" content=\"es_ES\" \/>\n<meta property=\"og:type\" content=\"article\" \/>\n<meta property=\"og:title\" content=\"Cerro San Javier, un para\u00edso de Tucum\u00e1n - Informe Litoral\" \/>\n<meta property=\"og:description\" content=\"El trekking y el ciclismo se conjugan con una excelente tradici\u00f3n gastron\u00f3mica. Recorrerlo es una forma de conocer el encanto de las tierras tucumanas.\" \/>\n<meta property=\"og:url\" content=\"https:\/\/informelitoral.com.ar\/cerro-san-javier-un-paraiso-de-tucuman\/\" \/>\n<meta property=\"og:site_name\" content=\"Informe Litoral\" \/>\n<meta property=\"article:publisher\" content=\"https:\/\/www.facebook.com\/informelitoral\/\" \/>\n<meta property=\"article:published_time\" content=\"2019-09-24T09:04:14+00:00\" \/>\n<meta property=\"article:modified_time\" content=\"2019-09-24T14:10:56+00:00\" \/>\n<meta property=\"og:image\" content=\"https:\/\/informelitoral.com.ar\/%77%70%2d%63%6f%6e%74%65%6e%74\/uploads\/2019\/09\/san-javier.jpg\" \/>\n\t<meta property=\"og:image:width\" content=\"823\" \/>\n\t<meta property=\"og:image:height\" content=\"548\" \/>\n\t<meta property=\"og:image:type\" content=\"image\/jpeg\" \/>\n<meta name=\"author\" content=\"Gonzalo Schmidt\" \/>\n<meta name=\"twitter:card\" content=\"summary_large_image\" \/>\n<meta name=\"twitter:creator\" content=\"@InformeLitoral\" \/>\n<meta name=\"twitter:site\" content=\"@InformeLitoral\" \/>\n<meta name=\"twitter:label1\" content=\"Escrito por\" \/>\n\t<meta name=\"twitter:data1\" content=\"Gonzalo Schmidt\" \/>\n\t<meta name=\"twitter:label2\" content=\"Tiempo de lectura\" \/>\n\t<meta name=\"twitter:data2\" content=\"3 minutos\" \/>\n<script type=\"application\/ld+json\" class=\"yoast-schema-graph\">{\"@context\":\"https:\\\/\\\/schema.org\",\"@graph\":[{\"@type\":\"Article\",\"@id\":\"https:\\\/\\\/informelitoral.com.ar\\\/cerro-san-javier-un-paraiso-de-tucuman\\\/#article\",\"isPartOf\":{\"@id\":\"https:\\\/\\\/informelitoral.com.ar\\\/cerro-san-javier-un-paraiso-de-tucuman\\\/\"},\"author\":{\"name\":\"Gonzalo Schmidt\",\"@id\":\"https:\\\/\\\/informelitoral.com.ar\\\/#\\\/schema\\\/person\\\/b9d00407c836482871ef1d57bf8e3180\"},\"headline\":\"Cerro San Javier, un para\u00edso de Tucum\u00e1n\",\"datePublished\":\"2019-09-24T09:04:14+00:00\",\"dateModified\":\"2019-09-24T14:10:56+00:00\",\"mainEntityOfPage\":{\"@id\":\"https:\\\/\\\/informelitoral.com.ar\\\/cerro-san-javier-un-paraiso-de-tucuman\\\/\"},\"wordCount\":509,\"commentCount\":0,\"publisher\":{\"@id\":\"https:\\\/\\\/informelitoral.com.ar\\\/#organization\"},\"image\":{\"@id\":\"https:\\\/\\\/informelitoral.com.ar\\\/cerro-san-javier-un-paraiso-de-tucuman\\\/#primaryimage\"},\"thumbnailUrl\":\"https:\\\/\\\/informelitoral.com.ar\\\/%77%70%2d%63%6f%6e%74%65%6e%74\\\/uploads\\\/2019\\\/09\\\/san-javier.jpg\",\"keywords\":[\"Tucum\u00e1n\",\"Turismo\"],\"articleSection\":[\"Nacionales\",\"Sociedad\"],\"inLanguage\":\"es\",\"potentialAction\":[{\"@type\":\"CommentAction\",\"name\":\"Comment\",\"target\":[\"https:\\\/\\\/informelitoral.com.ar\\\/cerro-san-javier-un-paraiso-de-tucuman\\\/#respond\"]}]},{\"@type\":\"WebPage\",\"@id\":\"https:\\\/\\\/informelitoral.com.ar\\\/cerro-san-javier-un-paraiso-de-tucuman\\\/\",\"url\":\"https:\\\/\\\/informelitoral.com.ar\\\/cerro-san-javier-un-paraiso-de-tucuman\\\/\",\"name\":\"Cerro San Javier, un para\u00edso de Tucum\u00e1n - Informe Litoral\",\"isPartOf\":{\"@id\":\"https:\\\/\\\/informelitoral.com.ar\\\/#website\"},\"primaryImageOfPage\":{\"@id\":\"https:\\\/\\\/informelitoral.com.ar\\\/cerro-san-javier-un-paraiso-de-tucuman\\\/#primaryimage\"},\"image\":{\"@id\":\"https:\\\/\\\/informelitoral.com.ar\\\/cerro-san-javier-un-paraiso-de-tucuman\\\/#primaryimage\"},\"thumbnailUrl\":\"https:\\\/\\\/informelitoral.com.ar\\\/%77%70%2d%63%6f%6e%74%65%6e%74\\\/uploads\\\/2019\\\/09\\\/san-javier.jpg\",\"datePublished\":\"2019-09-24T09:04:14+00:00\",\"dateModified\":\"2019-09-24T14:10:56+00:00\",\"breadcrumb\":{\"@id\":\"https:\\\/\\\/informelitoral.com.ar\\\/cerro-san-javier-un-paraiso-de-tucuman\\\/#breadcrumb\"},\"inLanguage\":\"es\",\"potentialAction\":[{\"@type\":\"ReadAction\",\"target\":[\"https:\\\/\\\/informelitoral.com.ar\\\/cerro-san-javier-un-paraiso-de-tucuman\\\/\"]}]},{\"@type\":\"ImageObject\",\"inLanguage\":\"es\",\"@id\":\"https:\\\/\\\/informelitoral.com.ar\\\/cerro-san-javier-un-paraiso-de-tucuman\\\/#primaryimage\",\"url\":\"https:\\\/\\\/informelitoral.com.ar\\\/%77%70%2d%63%6f%6e%74%65%6e%74\\\/uploads\\\/2019\\\/09\\\/san-javier.jpg\",\"contentUrl\":\"https:\\\/\\\/informelitoral.com.ar\\\/%77%70%2d%63%6f%6e%74%65%6e%74\\\/uploads\\\/2019\\\/09\\\/san-javier.jpg\",\"width\":823,\"height\":548},{\"@type\":\"BreadcrumbList\",\"@id\":\"https:\\\/\\\/informelitoral.com.ar\\\/cerro-san-javier-un-paraiso-de-tucuman\\\/#breadcrumb\",\"itemListElement\":[{\"@type\":\"ListItem\",\"position\":1,\"name\":\"Portada\",\"item\":\"https:\\\/\\\/informelitoral.com.ar\\\/\"},{\"@type\":\"ListItem\",\"position\":2,\"name\":\"Cerro San Javier, un para\u00edso de Tucum\u00e1n\"}]},{\"@type\":\"WebSite\",\"@id\":\"https:\\\/\\\/informelitoral.com.ar\\\/#website\",\"url\":\"https:\\\/\\\/informelitoral.com.ar\\\/\",\"name\":\"Informe Litoral\",\"description\":\"&quot;Nos informamos&quot; \",\"publisher\":{\"@id\":\"https:\\\/\\\/informelitoral.com.ar\\\/#organization\"},\"potentialAction\":[{\"@type\":\"SearchAction\",\"target\":{\"@type\":\"EntryPoint\",\"urlTemplate\":\"https:\\\/\\\/informelitoral.com.ar\\\/?s={search_term_string}\"},\"query-input\":{\"@type\":\"PropertyValueSpecification\",\"valueRequired\":true,\"valueName\":\"search_term_string\"}}],\"inLanguage\":\"es\"},{\"@type\":\"Organization\",\"@id\":\"https:\\\/\\\/informelitoral.com.ar\\\/#organization\",\"name\":\"Informe Litoral\",\"url\":\"https:\\\/\\\/informelitoral.com.ar\\\/\",\"logo\":{\"@type\":\"ImageObject\",\"inLanguage\":\"es\",\"@id\":\"https:\\\/\\\/informelitoral.com.ar\\\/#\\\/schema\\\/logo\\\/image\\\/\",\"url\":\"https:\\\/\\\/informelitoral.com.ar\\\/%77%70%2d%63%6f%6e%74%65%6e%74\\\/uploads\\\/2021\\\/01\\\/circulo.png\",\"contentUrl\":\"https:\\\/\\\/informelitoral.com.ar\\\/%77%70%2d%63%6f%6e%74%65%6e%74\\\/uploads\\\/2021\\\/01\\\/circulo.png\",\"width\":723,\"height\":731,\"caption\":\"Informe Litoral\"},\"image\":{\"@id\":\"https:\\\/\\\/informelitoral.com.ar\\\/#\\\/schema\\\/logo\\\/image\\\/\"},\"sameAs\":[\"https:\\\/\\\/www.facebook.com\\\/informelitoral\\\/\",\"https:\\\/\\\/x.com\\\/InformeLitoral\",\"https:\\\/\\\/www.instagram.com\\\/informelitoral\\\/\",\"https:\\\/\\\/www.youtube.com\\\/channel\\\/UCua4Qvz8Icb6MYqhoq9xLXw\"]},{\"@type\":\"Person\",\"@id\":\"https:\\\/\\\/informelitoral.com.ar\\\/#\\\/schema\\\/person\\\/b9d00407c836482871ef1d57bf8e3180\",\"name\":\"Gonzalo Schmidt\",\"image\":{\"@type\":\"ImageObject\",\"inLanguage\":\"es\",\"@id\":\"https:\\\/\\\/secure.gravatar.com\\\/avatar\\\/31a1a7b66ff2de83bd0e9fd79d026630d2d99e55e8bfe501287647b4fd9743de?s=96&d=mm&r=g\",\"url\":\"https:\\\/\\\/secure.gravatar.com\\\/avatar\\\/31a1a7b66ff2de83bd0e9fd79d026630d2d99e55e8bfe501287647b4fd9743de?s=96&d=mm&r=g\",\"contentUrl\":\"https:\\\/\\\/secure.gravatar.com\\\/avatar\\\/31a1a7b66ff2de83bd0e9fd79d026630d2d99e55e8bfe501287647b4fd9743de?s=96&d=mm&r=g\",\"caption\":\"Gonzalo Schmidt\"},\"description\":\"Sitio web de noticias de la provincia de Entre R\u00edos, Argentina. Informaci\u00f3n y entretenimiento. Informe Litoral, nos informamos.\",\"sameAs\":[\"http:\\\/\\\/www.isletasnoticias.com.ar\"],\"url\":\"https:\\\/\\\/informelitoral.com.ar\\\/author\\\/gonzalo\\\/\"}]}<\/script>","yoast_head_json":{"title":"Cerro San Javier, un para\u00edso de Tucum\u00e1n - Informe Litoral","robots":{"index":"index","follow":"follow","max-snippet":"max-snippet:-1","max-image-preview":"max-image-preview:large","max-video-preview":"max-video-preview:-1"},"canonical":"https:\/\/informelitoral.com.ar\/cerro-san-javier-un-paraiso-de-tucuman\/","og_locale":"es_ES","og_type":"article","og_title":"Cerro San Javier, un para\u00edso de Tucum\u00e1n - Informe Litoral","og_description":"El trekking y el ciclismo se conjugan con una excelente tradici\u00f3n gastron\u00f3mica. Recorrerlo es una forma de conocer el encanto de las tierras tucumanas.","og_url":"https:\/\/informelitoral.com.ar\/cerro-san-javier-un-paraiso-de-tucuman\/","og_site_name":"Informe Litoral","article_publisher":"https:\/\/www.facebook.com\/informelitoral\/","article_published_time":"2019-09-24T09:04:14+00:00","article_modified_time":"2019-09-24T14:10:56+00:00","og_image":[{"width":823,"height":548,"url":"https:\/\/informelitoral.com.ar\/%77%70%2d%63%6f%6e%74%65%6e%74\/uploads\/2019\/09\/san-javier.jpg","type":"image\/jpeg"}],"author":"Gonzalo Schmidt","twitter_card":"summary_large_image","twitter_creator":"@InformeLitoral","twitter_site":"@InformeLitoral","twitter_misc":{"Escrito por":"Gonzalo Schmidt","Tiempo de lectura":"3 minutos"},"schema":{"@context":"https:\/\/schema.org","@graph":[{"@type":"Article","@id":"https:\/\/informelitoral.com.ar\/cerro-san-javier-un-paraiso-de-tucuman\/#article","isPartOf":{"@id":"https:\/\/informelitoral.com.ar\/cerro-san-javier-un-paraiso-de-tucuman\/"},"author":{"name":"Gonzalo Schmidt","@id":"https:\/\/informelitoral.com.ar\/#\/schema\/person\/b9d00407c836482871ef1d57bf8e3180"},"headline":"Cerro San Javier, un para\u00edso de Tucum\u00e1n","datePublished":"2019-09-24T09:04:14+00:00","dateModified":"2019-09-24T14:10:56+00:00","mainEntityOfPage":{"@id":"https:\/\/informelitoral.com.ar\/cerro-san-javier-un-paraiso-de-tucuman\/"},"wordCount":509,"commentCount":0,"publisher":{"@id":"https:\/\/informelitoral.com.ar\/#organization"},"image":{"@id":"https:\/\/informelitoral.com.ar\/cerro-san-javier-un-paraiso-de-tucuman\/#primaryimage"},"thumbnailUrl":"https:\/\/informelitoral.com.ar\/%77%70%2d%63%6f%6e%74%65%6e%74\/uploads\/2019\/09\/san-javier.jpg","keywords":["Tucum\u00e1n","Turismo"],"articleSection":["Nacionales","Sociedad"],"inLanguage":"es","potentialAction":[{"@type":"CommentAction","name":"Comment","target":["https:\/\/informelitoral.com.ar\/cerro-san-javier-un-paraiso-de-tucuman\/#respond"]}]},{"@type":"WebPage","@id":"https:\/\/informelitoral.com.ar\/cerro-san-javier-un-paraiso-de-tucuman\/","url":"https:\/\/informelitoral.com.ar\/cerro-san-javier-un-paraiso-de-tucuman\/","name":"Cerro San Javier, un para\u00edso de Tucum\u00e1n - Informe Litoral","isPartOf":{"@id":"https:\/\/informelitoral.com.ar\/#website"},"primaryImageOfPage":{"@id":"https:\/\/informelitoral.com.ar\/cerro-san-javier-un-paraiso-de-tucuman\/#primaryimage"},"image":{"@id":"https:\/\/informelitoral.com.ar\/cerro-san-javier-un-paraiso-de-tucuman\/#primaryimage"},"thumbnailUrl":"https:\/\/informelitoral.com.ar\/%77%70%2d%63%6f%6e%74%65%6e%74\/uploads\/2019\/09\/san-javier.jpg","datePublished":"2019-09-24T09:04:14+00:00","dateModified":"2019-09-24T14:10:56+00:00","breadcrumb":{"@id":"https:\/\/informelitoral.com.ar\/cerro-san-javier-un-paraiso-de-tucuman\/#breadcrumb"},"inLanguage":"es","potentialAction":[{"@type":"ReadAction","target":["https:\/\/informelitoral.com.ar\/cerro-san-javier-un-paraiso-de-tucuman\/"]}]},{"@type":"ImageObject","inLanguage":"es","@id":"https:\/\/informelitoral.com.ar\/cerro-san-javier-un-paraiso-de-tucuman\/#primaryimage","url":"https:\/\/informelitoral.com.ar\/%77%70%2d%63%6f%6e%74%65%6e%74\/uploads\/2019\/09\/san-javier.jpg","contentUrl":"https:\/\/informelitoral.com.ar\/%77%70%2d%63%6f%6e%74%65%6e%74\/uploads\/2019\/09\/san-javier.jpg","width":823,"height":548},{"@type":"BreadcrumbList","@id":"https:\/\/informelitoral.com.ar\/cerro-san-javier-un-paraiso-de-tucuman\/#breadcrumb","itemListElement":[{"@type":"ListItem","position":1,"name":"Portada","item":"https:\/\/informelitoral.com.ar\/"},{"@type":"ListItem","position":2,"name":"Cerro San Javier, un para\u00edso de Tucum\u00e1n"}]},{"@type":"WebSite","@id":"https:\/\/informelitoral.com.ar\/#website","url":"https:\/\/informelitoral.com.ar\/","name":"Informe Litoral","description":"&quot;Nos informamos&quot; ","publisher":{"@id":"https:\/\/informelitoral.com.ar\/#organization"},"potentialAction":[{"@type":"SearchAction","target":{"@type":"EntryPoint","urlTemplate":"https:\/\/informelitoral.com.ar\/?s={search_term_string}"},"query-input":{"@type":"PropertyValueSpecification","valueRequired":true,"valueName":"search_term_string"}}],"inLanguage":"es"},{"@type":"Organization","@id":"https:\/\/informelitoral.com.ar\/#organization","name":"Informe Litoral","url":"https:\/\/informelitoral.com.ar\/","logo":{"@type":"ImageObject","inLanguage":"es","@id":"https:\/\/informelitoral.com.ar\/#\/schema\/logo\/image\/","url":"https:\/\/informelitoral.com.ar\/%77%70%2d%63%6f%6e%74%65%6e%74\/uploads\/2021\/01\/circulo.png","contentUrl":"https:\/\/informelitoral.com.ar\/%77%70%2d%63%6f%6e%74%65%6e%74\/uploads\/2021\/01\/circulo.png","width":723,"height":731,"caption":"Informe Litoral"},"image":{"@id":"https:\/\/informelitoral.com.ar\/#\/schema\/logo\/image\/"},"sameAs":["https:\/\/www.facebook.com\/informelitoral\/","https:\/\/x.com\/InformeLitoral","https:\/\/www.instagram.com\/informelitoral\/","https:\/\/www.youtube.com\/channel\/UCua4Qvz8Icb6MYqhoq9xLXw"]},{"@type":"Person","@id":"https:\/\/informelitoral.com.ar\/#\/schema\/person\/b9d00407c836482871ef1d57bf8e3180","name":"Gonzalo Schmidt","image":{"@type":"ImageObject","inLanguage":"es","@id":"https:\/\/secure.gravatar.com\/avatar\/31a1a7b66ff2de83bd0e9fd79d026630d2d99e55e8bfe501287647b4fd9743de?s=96&d=mm&r=g","url":"https:\/\/secure.gravatar.com\/avatar\/31a1a7b66ff2de83bd0e9fd79d026630d2d99e55e8bfe501287647b4fd9743de?s=96&d=mm&r=g","contentUrl":"https:\/\/secure.gravatar.com\/avatar\/31a1a7b66ff2de83bd0e9fd79d026630d2d99e55e8bfe501287647b4fd9743de?s=96&d=mm&r=g","caption":"Gonzalo Schmidt"},"description":"Sitio web de noticias de la provincia de Entre R\u00edos, Argentina. Informaci\u00f3n y entretenimiento. Informe Litoral, nos informamos.","sameAs":["http:\/\/www.isletasnoticias.com.ar"],"url":"https:\/\/informelitoral.com.ar\/author\/gonzalo\/"}]}},"_links":{"self":[{"href":"https:\/\/informelitoral.com.ar\/%77%70%2d%6a%73%6f%6e\/wp\/v2\/posts\/36648","targetHints":{"allow":["GET"]}}],"collection":[{"href":"https:\/\/informelitoral.com.ar\/%77%70%2d%6a%73%6f%6e\/wp\/v2\/posts"}],"about":[{"href":"https:\/\/informelitoral.com.ar\/%77%70%2d%6a%73%6f%6e\/wp\/v2\/types\/post"}],"author":[{"embeddable":true,"href":"https:\/\/informelitoral.com.ar\/%77%70%2d%6a%73%6f%6e\/wp\/v2\/users\/2"}],"replies":[{"embeddable":true,"href":"https:\/\/informelitoral.com.ar\/%77%70%2d%6a%73%6f%6e\/wp\/v2\/comments?post=36648"}],"version-history":[{"count":0,"href":"https:\/\/informelitoral.com.ar\/%77%70%2d%6a%73%6f%6e\/wp\/v2\/posts\/36648\/revisions"}],"wp:featuredmedia":[{"embeddable":true,"href":"https:\/\/informelitoral.com.ar\/%77%70%2d%6a%73%6f%6e\/wp\/v2\/media\/36650"}],"wp:attachment":[{"href":"https:\/\/informelitoral.com.ar\/%77%70%2d%6a%73%6f%6e\/wp\/v2\/media?parent=36648"}],"wp:term":[{"taxonomy":"category","embeddable":true,"href":"https:\/\/informelitoral.com.ar\/%77%70%2d%6a%73%6f%6e\/wp\/v2\/categories?post=36648"},{"taxonomy":"post_tag","embeddable":true,"href":"https:\/\/informelitoral.com.ar\/%77%70%2d%6a%73%6f%6e\/wp\/v2\/tags?post=36648"}],"curies":[{"name":"wp","href":"https:\/\/api.w.org\/{rel}","templated":true}]}}