{"id":36528,"date":"2019-09-18T07:59:04","date_gmt":"2019-09-18T10:59:04","guid":{"rendered":"https:\/\/www.isletasnoticias.com.ar\/?p=36528"},"modified":"2019-09-18T07:59:04","modified_gmt":"2019-09-18T10:59:04","slug":"macri-hara-caravanas-en-30-ciudades-del-pais-bajo-el-eslogan-si-se-puede","status":"publish","type":"post","link":"https:\/\/informelitoral.com.ar\/macri-hara-caravanas-en-30-ciudades-del-pais-bajo-el-eslogan-si-se-puede\/","title":{"rendered":"Macri har\u00e1 caravanas en 30 ciudades del pa\u00eds bajo el eslogan \u00abs\u00ed se puede\u00bb"},"content":{"rendered":"<p>El equipo del presidente<strong> Mauricio Macri<\/strong> defini\u00f3 realizar de cara a las elecciones del 27 de octubre una campa\u00f1a bajo el lema<strong> <em>\u00abS\u00ed se puede\u00bb<\/em>,<\/strong> y que se centrar\u00e1 en <strong>caravanas<\/strong> que el mandatario encabezar\u00e1 <strong>por las principales 30 ciudades del pa\u00eds,<\/strong> adem\u00e1s de convocar a una gran marcha en los d\u00edas previos a los comicios.<\/p>\n<p><em>\u00abLa Marcha del S\u00ed se puede. Un mes\/30 ciudades\u00bb,<\/em> escribi\u00f3 el Presidente en Twitter sin mayores precisiones sobre la estrategia electoral que se termin\u00f3 de definir horas antes en una reuni\u00f3n que encabez\u00f3 el jefe de Gabiente, <strong>Marco Pe\u00f1a<\/strong>, con los jefes de campa\u00f1a y referentes de Juntos por el Cambio.<\/p>\n<p>Poco despu\u00e9s del tuit, comenzaron a conocerse mayores detalles sobre el mensaje del mandatario y se supo que la campa\u00f1a del oficialismo se centrar\u00e1 en caravanas por 30 ciudades del pa\u00eds, <strong>a fin de tratar de forzar un balotaje en noviembre<\/strong> frente a<strong> Alberto Fern\u00e1ndez<\/strong>, objetivo que se percibe complicado luego de la derrota por 16 puntos en las PASO del 11 de agosto.<\/p>\n<p>Pe\u00f1a, quien logr\u00f3 mantenerse al frente del armado de campa\u00f1a pese a los cr\u00edticas que cosech\u00f3 puertas adentro de Juntos por el Cambio tras la dura ca\u00edda en las PASO que dej\u00f3 a Fern\u00e1ndez en las puertas de la Presidencia, defini\u00f3 promover caravanas por las provincias para mostrar a un Macri rodeado de gente.<\/p>\n<p>El<em> \u00abS\u00ed se puede\u00bb<\/em> volver\u00e1 a ser la frase principal de campa\u00f1a, la misma que se utiliz\u00f3 en las elecciones de 2015, en las que Macri venci\u00f3 a Daniel Scioli.<\/p>\n<p>A su vez, <strong>se prev\u00e9 convocar a una gran marcha para los \u00faltimos d\u00edas de la campa\u00f1a<\/strong>, como la que logr\u00f3 reunir a una multitud en la Plaza de Mayo en respaldo a Macri luego de la derrota en las PASO, aunque esta nueva movilizaci\u00f3n podr\u00eda ser en C\u00f3rdoba, uno de los dos distritos en los que el Presidente gan\u00f3 el 11 de agosto, junto a la Ciudad de Buenos Aires.<\/p>\n<p>La estrategia se resolvi\u00f3 en la reuni\u00f3n que se realiz\u00f3 al mediod\u00eda en la sede partidaria de Juntos por el Cambio en la calle Balcarce, en la que adem\u00e1s de Pe\u00f1a y los jefes de campa\u00f1a, participaron el candidato a vicepresidente <strong>Miguel \u00c1ngel Pichetto<\/strong>; el ministro del Interior,<strong> Rogelio Frigerio,<\/strong> y los gobernadores <strong>Gerardo Morales<\/strong> (Jujuy) y<strong> Gustavo Vald\u00e9s<\/strong> (Corrientes).<\/p>\n<p>Tambi\u00e9n asistieron los presidentes del interbloque Cambiemos en Diputados,<strong> Mario Negri<\/strong>, y en el Senado, <strong>Luis Naidenoff<\/strong>; los intendentes de Neuqu\u00e9n, <strong>Horacio \u00abPechi\u00bb Quiroga,<\/strong> y de Santa Fe, <strong>Jos\u00e9 Corral<\/strong>; el senador<strong> \u00c1ngel Rozas<\/strong>, los diputados<strong> Jos\u00e9 Cano, Lorena Matzen, Eduardo C\u00e1ceres, Marcelo Wechsler<\/strong> y <strong>Gustavo Mena<\/strong>; el legislador porte\u00f1o y presidente de la Coalici\u00f3n C\u00edvica, <strong>Maxi Ferraro;<\/strong> y los candidatos a diputados <strong>Ximena Garc\u00eda<\/strong> y <strong>Alfredo Schiavoni<\/strong>.<\/p>\n<p>Adem\u00e1s del dise\u00f1o de la estregia, hubo lugar para la autocr\u00edtica, aunque esto \u00faltimo hab\u00eda sido eje de encuentros anteriores en los que se decidi\u00f3 redise\u00f1ar el mensaje oficial para la campa\u00f1a hacia octubre luego del fracaso en las PASO.<\/p>\n","protected":false},"excerpt":{"rendered":"<p>El \u00abS\u00ed se puede\u00bb volver\u00e1 a ser la frase principal de campa\u00f1a, la misma que se utiliz\u00f3 en las elecciones de 2015, en las que Macri venci\u00f3 a Daniel Scioli. A su vez, se prev\u00e9 convocar a una gran marcha.<\/p>\n","protected":false},"author":2,"featured_media":36529,"comment_status":"open","ping_status":"open","sticky":false,"template":"","format":"standard","meta":{"fifu_image_url":"","fifu_image_alt":"","footnotes":""},"categories":[16],"tags":[29,421,80],"class_list":{"0":"post-36528","1":"post","2":"type-post","3":"status-publish","4":"format-standard","5":"has-post-thumbnail","7":"category-politi","8":"tag-cambiemos","9":"tag-elecciones-2019","10":"tag-mauricio-macri"},"yoast_head":"<title>Macri har\u00e1 caravanas en 30 ciudades del pa\u00eds bajo el eslogan &quot;s\u00ed se puede&quot; - Informe Litoral<\/title>\n<meta name=\"robots\" content=\"index, follow, max-snippet:-1, max-image-preview:large, max-video-preview:-1\" \/>\n<link rel=\"canonical\" href=\"https:\/\/informelitoral.com.ar\/macri-hara-caravanas-en-30-ciudades-del-pais-bajo-el-eslogan-si-se-puede\/\" \/>\n<meta property=\"og:locale\" content=\"es_ES\" \/>\n<meta property=\"og:type\" content=\"article\" \/>\n<meta property=\"og:title\" content=\"Macri har\u00e1 caravanas en 30 ciudades del pa\u00eds bajo el eslogan &quot;s\u00ed se puede&quot; - Informe Litoral\" \/>\n<meta property=\"og:description\" content=\"El &quot;S\u00ed se puede&quot; volver\u00e1 a ser la frase principal de campa\u00f1a, la misma que se utiliz\u00f3 en las elecciones de 2015, en las que Macri venci\u00f3 a Daniel Scioli. A su vez, se prev\u00e9 convocar a una gran marcha.\" \/>\n<meta property=\"og:url\" content=\"https:\/\/informelitoral.com.ar\/macri-hara-caravanas-en-30-ciudades-del-pais-bajo-el-eslogan-si-se-puede\/\" \/>\n<meta property=\"og:site_name\" content=\"Informe Litoral\" \/>\n<meta property=\"article:publisher\" content=\"https:\/\/www.facebook.com\/informelitoral\/\" \/>\n<meta property=\"article:published_time\" content=\"2019-09-18T10:59:04+00:00\" \/>\n<meta property=\"og:image\" content=\"https:\/\/informelitoral.com.ar\/%77%70%2d%63%6f%6e%74%65%6e%74\/uploads\/2019\/09\/macri-pichetto.jpg\" \/>\n\t<meta property=\"og:image:width\" content=\"800\" \/>\n\t<meta property=\"og:image:height\" content=\"450\" \/>\n\t<meta property=\"og:image:type\" content=\"image\/jpeg\" \/>\n<meta name=\"author\" content=\"Gonzalo Schmidt\" \/>\n<meta name=\"twitter:card\" content=\"summary_large_image\" \/>\n<meta name=\"twitter:creator\" content=\"@InformeLitoral\" \/>\n<meta name=\"twitter:site\" content=\"@InformeLitoral\" \/>\n<meta name=\"twitter:label1\" content=\"Escrito por\" \/>\n\t<meta name=\"twitter:data1\" content=\"Gonzalo Schmidt\" \/>\n\t<meta name=\"twitter:label2\" content=\"Tiempo de lectura\" \/>\n\t<meta name=\"twitter:data2\" content=\"3 minutos\" \/>\n<script type=\"application\/ld+json\" class=\"yoast-schema-graph\">{\"@context\":\"https:\\\/\\\/schema.org\",\"@graph\":[{\"@type\":\"Article\",\"@id\":\"https:\\\/\\\/informelitoral.com.ar\\\/macri-hara-caravanas-en-30-ciudades-del-pais-bajo-el-eslogan-si-se-puede\\\/#article\",\"isPartOf\":{\"@id\":\"https:\\\/\\\/informelitoral.com.ar\\\/macri-hara-caravanas-en-30-ciudades-del-pais-bajo-el-eslogan-si-se-puede\\\/\"},\"author\":{\"name\":\"Gonzalo Schmidt\",\"@id\":\"https:\\\/\\\/informelitoral.com.ar\\\/#\\\/schema\\\/person\\\/b9d00407c836482871ef1d57bf8e3180\"},\"headline\":\"Macri har\u00e1 caravanas en 30 ciudades del pa\u00eds bajo el eslogan \u00abs\u00ed se puede\u00bb\",\"datePublished\":\"2019-09-18T10:59:04+00:00\",\"mainEntityOfPage\":{\"@id\":\"https:\\\/\\\/informelitoral.com.ar\\\/macri-hara-caravanas-en-30-ciudades-del-pais-bajo-el-eslogan-si-se-puede\\\/\"},\"wordCount\":542,\"commentCount\":0,\"publisher\":{\"@id\":\"https:\\\/\\\/informelitoral.com.ar\\\/#organization\"},\"image\":{\"@id\":\"https:\\\/\\\/informelitoral.com.ar\\\/macri-hara-caravanas-en-30-ciudades-del-pais-bajo-el-eslogan-si-se-puede\\\/#primaryimage\"},\"thumbnailUrl\":\"https:\\\/\\\/informelitoral.com.ar\\\/%77%70%2d%63%6f%6e%74%65%6e%74\\\/uploads\\\/2019\\\/09\\\/macri-pichetto.jpg\",\"keywords\":[\"Cambiemos\",\"Elecciones 2019\",\"Mauricio Macri\"],\"articleSection\":[\"Politica\"],\"inLanguage\":\"es\",\"potentialAction\":[{\"@type\":\"CommentAction\",\"name\":\"Comment\",\"target\":[\"https:\\\/\\\/informelitoral.com.ar\\\/macri-hara-caravanas-en-30-ciudades-del-pais-bajo-el-eslogan-si-se-puede\\\/#respond\"]}]},{\"@type\":\"WebPage\",\"@id\":\"https:\\\/\\\/informelitoral.com.ar\\\/macri-hara-caravanas-en-30-ciudades-del-pais-bajo-el-eslogan-si-se-puede\\\/\",\"url\":\"https:\\\/\\\/informelitoral.com.ar\\\/macri-hara-caravanas-en-30-ciudades-del-pais-bajo-el-eslogan-si-se-puede\\\/\",\"name\":\"Macri har\u00e1 caravanas en 30 ciudades del pa\u00eds bajo el eslogan \\\"s\u00ed se puede\\\" - Informe Litoral\",\"isPartOf\":{\"@id\":\"https:\\\/\\\/informelitoral.com.ar\\\/#website\"},\"primaryImageOfPage\":{\"@id\":\"https:\\\/\\\/informelitoral.com.ar\\\/macri-hara-caravanas-en-30-ciudades-del-pais-bajo-el-eslogan-si-se-puede\\\/#primaryimage\"},\"image\":{\"@id\":\"https:\\\/\\\/informelitoral.com.ar\\\/macri-hara-caravanas-en-30-ciudades-del-pais-bajo-el-eslogan-si-se-puede\\\/#primaryimage\"},\"thumbnailUrl\":\"https:\\\/\\\/informelitoral.com.ar\\\/%77%70%2d%63%6f%6e%74%65%6e%74\\\/uploads\\\/2019\\\/09\\\/macri-pichetto.jpg\",\"datePublished\":\"2019-09-18T10:59:04+00:00\",\"breadcrumb\":{\"@id\":\"https:\\\/\\\/informelitoral.com.ar\\\/macri-hara-caravanas-en-30-ciudades-del-pais-bajo-el-eslogan-si-se-puede\\\/#breadcrumb\"},\"inLanguage\":\"es\",\"potentialAction\":[{\"@type\":\"ReadAction\",\"target\":[\"https:\\\/\\\/informelitoral.com.ar\\\/macri-hara-caravanas-en-30-ciudades-del-pais-bajo-el-eslogan-si-se-puede\\\/\"]}]},{\"@type\":\"ImageObject\",\"inLanguage\":\"es\",\"@id\":\"https:\\\/\\\/informelitoral.com.ar\\\/macri-hara-caravanas-en-30-ciudades-del-pais-bajo-el-eslogan-si-se-puede\\\/#primaryimage\",\"url\":\"https:\\\/\\\/informelitoral.com.ar\\\/%77%70%2d%63%6f%6e%74%65%6e%74\\\/uploads\\\/2019\\\/09\\\/macri-pichetto.jpg\",\"contentUrl\":\"https:\\\/\\\/informelitoral.com.ar\\\/%77%70%2d%63%6f%6e%74%65%6e%74\\\/uploads\\\/2019\\\/09\\\/macri-pichetto.jpg\",\"width\":800,\"height\":450},{\"@type\":\"BreadcrumbList\",\"@id\":\"https:\\\/\\\/informelitoral.com.ar\\\/macri-hara-caravanas-en-30-ciudades-del-pais-bajo-el-eslogan-si-se-puede\\\/#breadcrumb\",\"itemListElement\":[{\"@type\":\"ListItem\",\"position\":1,\"name\":\"Portada\",\"item\":\"https:\\\/\\\/informelitoral.com.ar\\\/\"},{\"@type\":\"ListItem\",\"position\":2,\"name\":\"Macri har\u00e1 caravanas en 30 ciudades del pa\u00eds bajo el eslogan \u00abs\u00ed se puede\u00bb\"}]},{\"@type\":\"WebSite\",\"@id\":\"https:\\\/\\\/informelitoral.com.ar\\\/#website\",\"url\":\"https:\\\/\\\/informelitoral.com.ar\\\/\",\"name\":\"Informe Litoral\",\"description\":\"&quot;Nos informamos&quot; \",\"publisher\":{\"@id\":\"https:\\\/\\\/informelitoral.com.ar\\\/#organization\"},\"potentialAction\":[{\"@type\":\"SearchAction\",\"target\":{\"@type\":\"EntryPoint\",\"urlTemplate\":\"https:\\\/\\\/informelitoral.com.ar\\\/?s={search_term_string}\"},\"query-input\":{\"@type\":\"PropertyValueSpecification\",\"valueRequired\":true,\"valueName\":\"search_term_string\"}}],\"inLanguage\":\"es\"},{\"@type\":\"Organization\",\"@id\":\"https:\\\/\\\/informelitoral.com.ar\\\/#organization\",\"name\":\"Informe Litoral\",\"url\":\"https:\\\/\\\/informelitoral.com.ar\\\/\",\"logo\":{\"@type\":\"ImageObject\",\"inLanguage\":\"es\",\"@id\":\"https:\\\/\\\/informelitoral.com.ar\\\/#\\\/schema\\\/logo\\\/image\\\/\",\"url\":\"https:\\\/\\\/informelitoral.com.ar\\\/%77%70%2d%63%6f%6e%74%65%6e%74\\\/uploads\\\/2021\\\/01\\\/circulo.png\",\"contentUrl\":\"https:\\\/\\\/informelitoral.com.ar\\\/%77%70%2d%63%6f%6e%74%65%6e%74\\\/uploads\\\/2021\\\/01\\\/circulo.png\",\"width\":723,\"height\":731,\"caption\":\"Informe Litoral\"},\"image\":{\"@id\":\"https:\\\/\\\/informelitoral.com.ar\\\/#\\\/schema\\\/logo\\\/image\\\/\"},\"sameAs\":[\"https:\\\/\\\/www.facebook.com\\\/informelitoral\\\/\",\"https:\\\/\\\/x.com\\\/InformeLitoral\",\"https:\\\/\\\/www.instagram.com\\\/informelitoral\\\/\",\"https:\\\/\\\/www.youtube.com\\\/channel\\\/UCua4Qvz8Icb6MYqhoq9xLXw\"]},{\"@type\":\"Person\",\"@id\":\"https:\\\/\\\/informelitoral.com.ar\\\/#\\\/schema\\\/person\\\/b9d00407c836482871ef1d57bf8e3180\",\"name\":\"Gonzalo Schmidt\",\"image\":{\"@type\":\"ImageObject\",\"inLanguage\":\"es\",\"@id\":\"https:\\\/\\\/secure.gravatar.com\\\/avatar\\\/31a1a7b66ff2de83bd0e9fd79d026630d2d99e55e8bfe501287647b4fd9743de?s=96&d=mm&r=g\",\"url\":\"https:\\\/\\\/secure.gravatar.com\\\/avatar\\\/31a1a7b66ff2de83bd0e9fd79d026630d2d99e55e8bfe501287647b4fd9743de?s=96&d=mm&r=g\",\"contentUrl\":\"https:\\\/\\\/secure.gravatar.com\\\/avatar\\\/31a1a7b66ff2de83bd0e9fd79d026630d2d99e55e8bfe501287647b4fd9743de?s=96&d=mm&r=g\",\"caption\":\"Gonzalo Schmidt\"},\"description\":\"Sitio web de noticias de la provincia de Entre R\u00edos, Argentina. Informaci\u00f3n y entretenimiento. Informe Litoral, nos informamos.\",\"sameAs\":[\"http:\\\/\\\/www.isletasnoticias.com.ar\"],\"url\":\"https:\\\/\\\/informelitoral.com.ar\\\/author\\\/gonzalo\\\/\"}]}<\/script>","yoast_head_json":{"title":"Macri har\u00e1 caravanas en 30 ciudades del pa\u00eds bajo el eslogan \"s\u00ed se puede\" - Informe Litoral","robots":{"index":"index","follow":"follow","max-snippet":"max-snippet:-1","max-image-preview":"max-image-preview:large","max-video-preview":"max-video-preview:-1"},"canonical":"https:\/\/informelitoral.com.ar\/macri-hara-caravanas-en-30-ciudades-del-pais-bajo-el-eslogan-si-se-puede\/","og_locale":"es_ES","og_type":"article","og_title":"Macri har\u00e1 caravanas en 30 ciudades del pa\u00eds bajo el eslogan \"s\u00ed se puede\" - Informe Litoral","og_description":"El \"S\u00ed se puede\" volver\u00e1 a ser la frase principal de campa\u00f1a, la misma que se utiliz\u00f3 en las elecciones de 2015, en las que Macri venci\u00f3 a Daniel Scioli. A su vez, se prev\u00e9 convocar a una gran marcha.","og_url":"https:\/\/informelitoral.com.ar\/macri-hara-caravanas-en-30-ciudades-del-pais-bajo-el-eslogan-si-se-puede\/","og_site_name":"Informe Litoral","article_publisher":"https:\/\/www.facebook.com\/informelitoral\/","article_published_time":"2019-09-18T10:59:04+00:00","og_image":[{"width":800,"height":450,"url":"https:\/\/informelitoral.com.ar\/%77%70%2d%63%6f%6e%74%65%6e%74\/uploads\/2019\/09\/macri-pichetto.jpg","type":"image\/jpeg"}],"author":"Gonzalo Schmidt","twitter_card":"summary_large_image","twitter_creator":"@InformeLitoral","twitter_site":"@InformeLitoral","twitter_misc":{"Escrito por":"Gonzalo Schmidt","Tiempo de lectura":"3 minutos"},"schema":{"@context":"https:\/\/schema.org","@graph":[{"@type":"Article","@id":"https:\/\/informelitoral.com.ar\/macri-hara-caravanas-en-30-ciudades-del-pais-bajo-el-eslogan-si-se-puede\/#article","isPartOf":{"@id":"https:\/\/informelitoral.com.ar\/macri-hara-caravanas-en-30-ciudades-del-pais-bajo-el-eslogan-si-se-puede\/"},"author":{"name":"Gonzalo Schmidt","@id":"https:\/\/informelitoral.com.ar\/#\/schema\/person\/b9d00407c836482871ef1d57bf8e3180"},"headline":"Macri har\u00e1 caravanas en 30 ciudades del pa\u00eds bajo el eslogan \u00abs\u00ed se puede\u00bb","datePublished":"2019-09-18T10:59:04+00:00","mainEntityOfPage":{"@id":"https:\/\/informelitoral.com.ar\/macri-hara-caravanas-en-30-ciudades-del-pais-bajo-el-eslogan-si-se-puede\/"},"wordCount":542,"commentCount":0,"publisher":{"@id":"https:\/\/informelitoral.com.ar\/#organization"},"image":{"@id":"https:\/\/informelitoral.com.ar\/macri-hara-caravanas-en-30-ciudades-del-pais-bajo-el-eslogan-si-se-puede\/#primaryimage"},"thumbnailUrl":"https:\/\/informelitoral.com.ar\/%77%70%2d%63%6f%6e%74%65%6e%74\/uploads\/2019\/09\/macri-pichetto.jpg","keywords":["Cambiemos","Elecciones 2019","Mauricio Macri"],"articleSection":["Politica"],"inLanguage":"es","potentialAction":[{"@type":"CommentAction","name":"Comment","target":["https:\/\/informelitoral.com.ar\/macri-hara-caravanas-en-30-ciudades-del-pais-bajo-el-eslogan-si-se-puede\/#respond"]}]},{"@type":"WebPage","@id":"https:\/\/informelitoral.com.ar\/macri-hara-caravanas-en-30-ciudades-del-pais-bajo-el-eslogan-si-se-puede\/","url":"https:\/\/informelitoral.com.ar\/macri-hara-caravanas-en-30-ciudades-del-pais-bajo-el-eslogan-si-se-puede\/","name":"Macri har\u00e1 caravanas en 30 ciudades del pa\u00eds bajo el eslogan \"s\u00ed se puede\" - Informe Litoral","isPartOf":{"@id":"https:\/\/informelitoral.com.ar\/#website"},"primaryImageOfPage":{"@id":"https:\/\/informelitoral.com.ar\/macri-hara-caravanas-en-30-ciudades-del-pais-bajo-el-eslogan-si-se-puede\/#primaryimage"},"image":{"@id":"https:\/\/informelitoral.com.ar\/macri-hara-caravanas-en-30-ciudades-del-pais-bajo-el-eslogan-si-se-puede\/#primaryimage"},"thumbnailUrl":"https:\/\/informelitoral.com.ar\/%77%70%2d%63%6f%6e%74%65%6e%74\/uploads\/2019\/09\/macri-pichetto.jpg","datePublished":"2019-09-18T10:59:04+00:00","breadcrumb":{"@id":"https:\/\/informelitoral.com.ar\/macri-hara-caravanas-en-30-ciudades-del-pais-bajo-el-eslogan-si-se-puede\/#breadcrumb"},"inLanguage":"es","potentialAction":[{"@type":"ReadAction","target":["https:\/\/informelitoral.com.ar\/macri-hara-caravanas-en-30-ciudades-del-pais-bajo-el-eslogan-si-se-puede\/"]}]},{"@type":"ImageObject","inLanguage":"es","@id":"https:\/\/informelitoral.com.ar\/macri-hara-caravanas-en-30-ciudades-del-pais-bajo-el-eslogan-si-se-puede\/#primaryimage","url":"https:\/\/informelitoral.com.ar\/%77%70%2d%63%6f%6e%74%65%6e%74\/uploads\/2019\/09\/macri-pichetto.jpg","contentUrl":"https:\/\/informelitoral.com.ar\/%77%70%2d%63%6f%6e%74%65%6e%74\/uploads\/2019\/09\/macri-pichetto.jpg","width":800,"height":450},{"@type":"BreadcrumbList","@id":"https:\/\/informelitoral.com.ar\/macri-hara-caravanas-en-30-ciudades-del-pais-bajo-el-eslogan-si-se-puede\/#breadcrumb","itemListElement":[{"@type":"ListItem","position":1,"name":"Portada","item":"https:\/\/informelitoral.com.ar\/"},{"@type":"ListItem","position":2,"name":"Macri har\u00e1 caravanas en 30 ciudades del pa\u00eds bajo el eslogan \u00abs\u00ed se puede\u00bb"}]},{"@type":"WebSite","@id":"https:\/\/informelitoral.com.ar\/#website","url":"https:\/\/informelitoral.com.ar\/","name":"Informe Litoral","description":"&quot;Nos informamos&quot; ","publisher":{"@id":"https:\/\/informelitoral.com.ar\/#organization"},"potentialAction":[{"@type":"SearchAction","target":{"@type":"EntryPoint","urlTemplate":"https:\/\/informelitoral.com.ar\/?s={search_term_string}"},"query-input":{"@type":"PropertyValueSpecification","valueRequired":true,"valueName":"search_term_string"}}],"inLanguage":"es"},{"@type":"Organization","@id":"https:\/\/informelitoral.com.ar\/#organization","name":"Informe Litoral","url":"https:\/\/informelitoral.com.ar\/","logo":{"@type":"ImageObject","inLanguage":"es","@id":"https:\/\/informelitoral.com.ar\/#\/schema\/logo\/image\/","url":"https:\/\/informelitoral.com.ar\/%77%70%2d%63%6f%6e%74%65%6e%74\/uploads\/2021\/01\/circulo.png","contentUrl":"https:\/\/informelitoral.com.ar\/%77%70%2d%63%6f%6e%74%65%6e%74\/uploads\/2021\/01\/circulo.png","width":723,"height":731,"caption":"Informe Litoral"},"image":{"@id":"https:\/\/informelitoral.com.ar\/#\/schema\/logo\/image\/"},"sameAs":["https:\/\/www.facebook.com\/informelitoral\/","https:\/\/x.com\/InformeLitoral","https:\/\/www.instagram.com\/informelitoral\/","https:\/\/www.youtube.com\/channel\/UCua4Qvz8Icb6MYqhoq9xLXw"]},{"@type":"Person","@id":"https:\/\/informelitoral.com.ar\/#\/schema\/person\/b9d00407c836482871ef1d57bf8e3180","name":"Gonzalo Schmidt","image":{"@type":"ImageObject","inLanguage":"es","@id":"https:\/\/secure.gravatar.com\/avatar\/31a1a7b66ff2de83bd0e9fd79d026630d2d99e55e8bfe501287647b4fd9743de?s=96&d=mm&r=g","url":"https:\/\/secure.gravatar.com\/avatar\/31a1a7b66ff2de83bd0e9fd79d026630d2d99e55e8bfe501287647b4fd9743de?s=96&d=mm&r=g","contentUrl":"https:\/\/secure.gravatar.com\/avatar\/31a1a7b66ff2de83bd0e9fd79d026630d2d99e55e8bfe501287647b4fd9743de?s=96&d=mm&r=g","caption":"Gonzalo Schmidt"},"description":"Sitio web de noticias de la provincia de Entre R\u00edos, Argentina. Informaci\u00f3n y entretenimiento. Informe Litoral, nos informamos.","sameAs":["http:\/\/www.isletasnoticias.com.ar"],"url":"https:\/\/informelitoral.com.ar\/author\/gonzalo\/"}]}},"_links":{"self":[{"href":"https:\/\/informelitoral.com.ar\/%77%70%2d%6a%73%6f%6e\/wp\/v2\/posts\/36528","targetHints":{"allow":["GET"]}}],"collection":[{"href":"https:\/\/informelitoral.com.ar\/%77%70%2d%6a%73%6f%6e\/wp\/v2\/posts"}],"about":[{"href":"https:\/\/informelitoral.com.ar\/%77%70%2d%6a%73%6f%6e\/wp\/v2\/types\/post"}],"author":[{"embeddable":true,"href":"https:\/\/informelitoral.com.ar\/%77%70%2d%6a%73%6f%6e\/wp\/v2\/users\/2"}],"replies":[{"embeddable":true,"href":"https:\/\/informelitoral.com.ar\/%77%70%2d%6a%73%6f%6e\/wp\/v2\/comments?post=36528"}],"version-history":[{"count":0,"href":"https:\/\/informelitoral.com.ar\/%77%70%2d%6a%73%6f%6e\/wp\/v2\/posts\/36528\/revisions"}],"wp:featuredmedia":[{"embeddable":true,"href":"https:\/\/informelitoral.com.ar\/%77%70%2d%6a%73%6f%6e\/wp\/v2\/media\/36529"}],"wp:attachment":[{"href":"https:\/\/informelitoral.com.ar\/%77%70%2d%6a%73%6f%6e\/wp\/v2\/media?parent=36528"}],"wp:term":[{"taxonomy":"category","embeddable":true,"href":"https:\/\/informelitoral.com.ar\/%77%70%2d%6a%73%6f%6e\/wp\/v2\/categories?post=36528"},{"taxonomy":"post_tag","embeddable":true,"href":"https:\/\/informelitoral.com.ar\/%77%70%2d%6a%73%6f%6e\/wp\/v2\/tags?post=36528"}],"curies":[{"name":"wp","href":"https:\/\/api.w.org\/{rel}","templated":true}]}}