{"id":3649,"date":"2013-10-15T00:10:37","date_gmt":"2013-10-15T03:10:37","guid":{"rendered":"http:\/\/www.isletasnoticias.com.ar\/?p=3649"},"modified":"2013-10-15T00:10:37","modified_gmt":"2013-10-15T03:10:37","slug":"ramirez-se-prepara-para-el-1-motoencuentro-nacional-de-la-mujer-motera","status":"publish","type":"post","link":"https:\/\/informelitoral.com.ar\/ramirez-se-prepara-para-el-1-motoencuentro-nacional-de-la-mujer-motera\/","title":{"rendered":"Ram\u00edrez se prepara para el 1\u00b0 Motoencuentro Nacional de la Mujer Motera"},"content":{"rendered":"<p><strong>El intendente de General Ram\u00edrez,<em> Edelmiro Kramer,<\/em> \u00a0mantuvo una reuni\u00f3n con los organizadores del 1\u00ba Motoencuentro Nacional de la Mujer Motera, de cara a ultimar detalles organizativos, especialmente en lo qu<strong>e hace a la seguridad del evento.\u00a0<\/strong><\/strong><\/p>\n<p><a style=\"text-align: center;\" href=\"http:\/\/www.isletasnoticias.com.ar\/%77%70%2d%63%6f%6e%74%65%6e%74\/uploads\/2013\/10\/DSC_0587.jpg\"><img loading=\"lazy\" decoding=\"async\" class=\"size-medium wp-image-3650 aligncenter\" alt=\"DSC_0587\" src=\"http:\/\/www.isletasnoticias.com.ar\/%77%70%2d%63%6f%6e%74%65%6e%74\/uploads\/2013\/10\/DSC_0587-300x199.jpg\" width=\"300\" height=\"199\" srcset=\"https:\/\/informelitoral.com.ar\/%77%70%2d%63%6f%6e%74%65%6e%74\/uploads\/2013\/10\/DSC_0587-300x199.jpg 300w, https:\/\/informelitoral.com.ar\/%77%70%2d%63%6f%6e%74%65%6e%74\/uploads\/2013\/10\/DSC_0587-1024x680.jpg 1024w\" sizes=\"auto, (max-width: 300px) 100vw, 300px\" \/><a href=\"http:\/\/www.isletasnoticias.com.ar\/%77%70%2d%63%6f%6e%74%65%6e%74\/uploads\/2013\/10\/DSC_0584.jpg\"><img loading=\"lazy\" decoding=\"async\" class=\"size-medium wp-image-3651 alignright\" alt=\"DSC_0584\" src=\"http:\/\/www.isletasnoticias.com.ar\/%77%70%2d%63%6f%6e%74%65%6e%74\/uploads\/2013\/10\/DSC_0584-300x199.jpg\" width=\"300\" height=\"199\" srcset=\"https:\/\/informelitoral.com.ar\/%77%70%2d%63%6f%6e%74%65%6e%74\/uploads\/2013\/10\/DSC_0584-300x199.jpg 300w, https:\/\/informelitoral.com.ar\/%77%70%2d%63%6f%6e%74%65%6e%74\/uploads\/2013\/10\/DSC_0584-1024x680.jpg 1024w\" sizes=\"auto, (max-width: 300px) 100vw, 300px\" \/><\/a><\/a><\/p>\n<p>Este motoencuentro se va a realizar, por primera vez en Ram\u00edrez, del 18 al 20 de octubre, siendo el Centro Polideportivo Municipal el punto de encuentro de todos los aficionados a las motos.<\/p>\n<p>\u00abSinceramente, nos enorgullece poder contar con estos\u00a0atractivos en General Ram\u00edrez, m\u00e1s que nada teniendo en cuenta el elevado nivel de las bandas que estar\u00e1n presentes como Rata Blanca, quienes tocar\u00e1n el viernes por la noche, y Memphis La Blusera, al d\u00eda siguiente\u00bb. Destacaron desde el municipio.<\/p>\n<p style=\"text-align: left;\">En la reuni\u00f3n, tambi\u00e9n se hicieron presentes la secretaria de Gobierno y Hacienda, <strong>Mabel Kramer<\/strong>; la secretaria de Desarrollo Social, <strong>Gabriela Kramer<\/strong>; la asesora legal, Dra. <strong>Mariela Ibarra;<\/strong> junto con el comisario local, \u00a0<strong>Fabricio Vera<\/strong>.<\/p>\n","protected":false},"excerpt":{"rendered":"<p>El intendente de General Ram&iacute;rez, Edelmiro Kramer, &nbsp;mantuvo una reuni&oacute;n con los organizadores del 1&ordm; Motoencuentro Nacional de la Mujer Motera, de cara a ultimar detalles organizativos, especialmente en lo que hace a la seguridad del evento.&nbsp; Este motoencuentro se va a realizar, por primera vez en Ram&iacute;rez, del 18 al 20 de octubre, siendo [&hellip;]<\/p>\n","protected":false},"author":2,"featured_media":0,"comment_status":"open","ping_status":"open","sticky":false,"template":"","format":"standard","meta":{"fifu_image_url":"","fifu_image_alt":"","footnotes":""},"categories":[5,6],"tags":[],"class_list":{"0":"post-3649","1":"post","2":"type-post","3":"status-publish","4":"format-standard","6":"category-zonales","7":"category-entre-rios"},"yoast_head":"<title>Ram\u00edrez se prepara para el 1\u00b0 Motoencuentro Nacional de la Mujer Motera - Informe Litoral<\/title>\n<meta name=\"robots\" content=\"index, follow, max-snippet:-1, max-image-preview:large, max-video-preview:-1\" \/>\n<link rel=\"canonical\" href=\"https:\/\/informelitoral.com.ar\/ramirez-se-prepara-para-el-1-motoencuentro-nacional-de-la-mujer-motera\/\" \/>\n<meta property=\"og:locale\" content=\"es_ES\" \/>\n<meta property=\"og:type\" content=\"article\" \/>\n<meta property=\"og:title\" content=\"Ram\u00edrez se prepara para el 1\u00b0 Motoencuentro Nacional de la Mujer Motera - Informe Litoral\" \/>\n<meta property=\"og:description\" content=\"El intendente de General Ram&iacute;rez, Edelmiro Kramer, &nbsp;mantuvo una reuni&oacute;n con los organizadores del 1&ordm; Motoencuentro Nacional de la Mujer Motera, de cara a ultimar detalles organizativos, especialmente en lo que hace a la seguridad del evento.&nbsp; Este motoencuentro se va a realizar, por primera vez en Ram&iacute;rez, del 18 al 20 de octubre, siendo [&hellip;]\" \/>\n<meta property=\"og:url\" content=\"https:\/\/informelitoral.com.ar\/ramirez-se-prepara-para-el-1-motoencuentro-nacional-de-la-mujer-motera\/\" \/>\n<meta property=\"og:site_name\" content=\"Informe Litoral\" \/>\n<meta property=\"article:publisher\" content=\"https:\/\/www.facebook.com\/informelitoral\/\" \/>\n<meta property=\"article:published_time\" content=\"2013-10-15T03:10:37+00:00\" \/>\n<meta property=\"og:image\" content=\"https:\/\/informelitoral.com.ar\/%77%70%2d%63%6f%6e%74%65%6e%74\/uploads\/2013\/10\/DSC_0587.jpg\" \/>\n\t<meta property=\"og:image:width\" content=\"6016\" \/>\n\t<meta property=\"og:image:height\" content=\"4000\" \/>\n\t<meta property=\"og:image:type\" content=\"image\/jpeg\" \/>\n<meta name=\"author\" content=\"Gonzalo Schmidt\" \/>\n<meta name=\"twitter:card\" content=\"summary_large_image\" \/>\n<meta name=\"twitter:creator\" content=\"@InformeLitoral\" \/>\n<meta name=\"twitter:site\" content=\"@InformeLitoral\" \/>\n<meta name=\"twitter:label1\" content=\"Escrito por\" \/>\n\t<meta name=\"twitter:data1\" content=\"Gonzalo Schmidt\" \/>\n\t<meta name=\"twitter:label2\" content=\"Tiempo de lectura\" \/>\n\t<meta name=\"twitter:data2\" content=\"1 minuto\" \/>\n<script type=\"application\/ld+json\" class=\"yoast-schema-graph\">{\"@context\":\"https:\\\/\\\/schema.org\",\"@graph\":[{\"@type\":\"Article\",\"@id\":\"https:\\\/\\\/informelitoral.com.ar\\\/ramirez-se-prepara-para-el-1-motoencuentro-nacional-de-la-mujer-motera\\\/#article\",\"isPartOf\":{\"@id\":\"https:\\\/\\\/informelitoral.com.ar\\\/ramirez-se-prepara-para-el-1-motoencuentro-nacional-de-la-mujer-motera\\\/\"},\"author\":{\"name\":\"Gonzalo Schmidt\",\"@id\":\"https:\\\/\\\/informelitoral.com.ar\\\/#\\\/schema\\\/person\\\/b9d00407c836482871ef1d57bf8e3180\"},\"headline\":\"Ram\u00edrez se prepara para el 1\u00b0 Motoencuentro Nacional de la Mujer Motera\",\"datePublished\":\"2013-10-15T03:10:37+00:00\",\"mainEntityOfPage\":{\"@id\":\"https:\\\/\\\/informelitoral.com.ar\\\/ramirez-se-prepara-para-el-1-motoencuentro-nacional-de-la-mujer-motera\\\/\"},\"wordCount\":171,\"commentCount\":0,\"publisher\":{\"@id\":\"https:\\\/\\\/informelitoral.com.ar\\\/#organization\"},\"image\":{\"@id\":\"https:\\\/\\\/informelitoral.com.ar\\\/ramirez-se-prepara-para-el-1-motoencuentro-nacional-de-la-mujer-motera\\\/#primaryimage\"},\"thumbnailUrl\":\"http:\\\/\\\/www.isletasnoticias.com.ar\\\/%77%70%2d%63%6f%6e%74%65%6e%74\\\/uploads\\\/2013\\\/10\\\/DSC_0587-300x199.jpg\",\"articleSection\":[\"Departamento Diamante\",\"Entre R\u00edos\"],\"inLanguage\":\"es\",\"potentialAction\":[{\"@type\":\"CommentAction\",\"name\":\"Comment\",\"target\":[\"https:\\\/\\\/informelitoral.com.ar\\\/ramirez-se-prepara-para-el-1-motoencuentro-nacional-de-la-mujer-motera\\\/#respond\"]}]},{\"@type\":\"WebPage\",\"@id\":\"https:\\\/\\\/informelitoral.com.ar\\\/ramirez-se-prepara-para-el-1-motoencuentro-nacional-de-la-mujer-motera\\\/\",\"url\":\"https:\\\/\\\/informelitoral.com.ar\\\/ramirez-se-prepara-para-el-1-motoencuentro-nacional-de-la-mujer-motera\\\/\",\"name\":\"Ram\u00edrez se prepara para el 1\u00b0 Motoencuentro Nacional de la Mujer Motera - Informe Litoral\",\"isPartOf\":{\"@id\":\"https:\\\/\\\/informelitoral.com.ar\\\/#website\"},\"primaryImageOfPage\":{\"@id\":\"https:\\\/\\\/informelitoral.com.ar\\\/ramirez-se-prepara-para-el-1-motoencuentro-nacional-de-la-mujer-motera\\\/#primaryimage\"},\"image\":{\"@id\":\"https:\\\/\\\/informelitoral.com.ar\\\/ramirez-se-prepara-para-el-1-motoencuentro-nacional-de-la-mujer-motera\\\/#primaryimage\"},\"thumbnailUrl\":\"http:\\\/\\\/www.isletasnoticias.com.ar\\\/%77%70%2d%63%6f%6e%74%65%6e%74\\\/uploads\\\/2013\\\/10\\\/DSC_0587-300x199.jpg\",\"datePublished\":\"2013-10-15T03:10:37+00:00\",\"breadcrumb\":{\"@id\":\"https:\\\/\\\/informelitoral.com.ar\\\/ramirez-se-prepara-para-el-1-motoencuentro-nacional-de-la-mujer-motera\\\/#breadcrumb\"},\"inLanguage\":\"es\",\"potentialAction\":[{\"@type\":\"ReadAction\",\"target\":[\"https:\\\/\\\/informelitoral.com.ar\\\/ramirez-se-prepara-para-el-1-motoencuentro-nacional-de-la-mujer-motera\\\/\"]}]},{\"@type\":\"ImageObject\",\"inLanguage\":\"es\",\"@id\":\"https:\\\/\\\/informelitoral.com.ar\\\/ramirez-se-prepara-para-el-1-motoencuentro-nacional-de-la-mujer-motera\\\/#primaryimage\",\"url\":\"http:\\\/\\\/www.isletasnoticias.com.ar\\\/%77%70%2d%63%6f%6e%74%65%6e%74\\\/uploads\\\/2013\\\/10\\\/DSC_0587-300x199.jpg\",\"contentUrl\":\"http:\\\/\\\/www.isletasnoticias.com.ar\\\/%77%70%2d%63%6f%6e%74%65%6e%74\\\/uploads\\\/2013\\\/10\\\/DSC_0587-300x199.jpg\"},{\"@type\":\"BreadcrumbList\",\"@id\":\"https:\\\/\\\/informelitoral.com.ar\\\/ramirez-se-prepara-para-el-1-motoencuentro-nacional-de-la-mujer-motera\\\/#breadcrumb\",\"itemListElement\":[{\"@type\":\"ListItem\",\"position\":1,\"name\":\"Portada\",\"item\":\"https:\\\/\\\/informelitoral.com.ar\\\/\"},{\"@type\":\"ListItem\",\"position\":2,\"name\":\"Ram\u00edrez se prepara para el 1\u00b0 Motoencuentro Nacional de la Mujer Motera\"}]},{\"@type\":\"WebSite\",\"@id\":\"https:\\\/\\\/informelitoral.com.ar\\\/#website\",\"url\":\"https:\\\/\\\/informelitoral.com.ar\\\/\",\"name\":\"Informe Litoral\",\"description\":\"&quot;Nos informamos&quot; \",\"publisher\":{\"@id\":\"https:\\\/\\\/informelitoral.com.ar\\\/#organization\"},\"potentialAction\":[{\"@type\":\"SearchAction\",\"target\":{\"@type\":\"EntryPoint\",\"urlTemplate\":\"https:\\\/\\\/informelitoral.com.ar\\\/?s={search_term_string}\"},\"query-input\":{\"@type\":\"PropertyValueSpecification\",\"valueRequired\":true,\"valueName\":\"search_term_string\"}}],\"inLanguage\":\"es\"},{\"@type\":\"Organization\",\"@id\":\"https:\\\/\\\/informelitoral.com.ar\\\/#organization\",\"name\":\"Informe Litoral\",\"url\":\"https:\\\/\\\/informelitoral.com.ar\\\/\",\"logo\":{\"@type\":\"ImageObject\",\"inLanguage\":\"es\",\"@id\":\"https:\\\/\\\/informelitoral.com.ar\\\/#\\\/schema\\\/logo\\\/image\\\/\",\"url\":\"https:\\\/\\\/informelitoral.com.ar\\\/%77%70%2d%63%6f%6e%74%65%6e%74\\\/uploads\\\/2021\\\/01\\\/circulo.png\",\"contentUrl\":\"https:\\\/\\\/informelitoral.com.ar\\\/%77%70%2d%63%6f%6e%74%65%6e%74\\\/uploads\\\/2021\\\/01\\\/circulo.png\",\"width\":723,\"height\":731,\"caption\":\"Informe Litoral\"},\"image\":{\"@id\":\"https:\\\/\\\/informelitoral.com.ar\\\/#\\\/schema\\\/logo\\\/image\\\/\"},\"sameAs\":[\"https:\\\/\\\/www.facebook.com\\\/informelitoral\\\/\",\"https:\\\/\\\/x.com\\\/InformeLitoral\",\"https:\\\/\\\/www.instagram.com\\\/informelitoral\\\/\",\"https:\\\/\\\/www.youtube.com\\\/channel\\\/UCua4Qvz8Icb6MYqhoq9xLXw\"]},{\"@type\":\"Person\",\"@id\":\"https:\\\/\\\/informelitoral.com.ar\\\/#\\\/schema\\\/person\\\/b9d00407c836482871ef1d57bf8e3180\",\"name\":\"Gonzalo Schmidt\",\"image\":{\"@type\":\"ImageObject\",\"inLanguage\":\"es\",\"@id\":\"https:\\\/\\\/secure.gravatar.com\\\/avatar\\\/31a1a7b66ff2de83bd0e9fd79d026630d2d99e55e8bfe501287647b4fd9743de?s=96&d=mm&r=g\",\"url\":\"https:\\\/\\\/secure.gravatar.com\\\/avatar\\\/31a1a7b66ff2de83bd0e9fd79d026630d2d99e55e8bfe501287647b4fd9743de?s=96&d=mm&r=g\",\"contentUrl\":\"https:\\\/\\\/secure.gravatar.com\\\/avatar\\\/31a1a7b66ff2de83bd0e9fd79d026630d2d99e55e8bfe501287647b4fd9743de?s=96&d=mm&r=g\",\"caption\":\"Gonzalo Schmidt\"},\"description\":\"Sitio web de noticias de la provincia de Entre R\u00edos, Argentina. Informaci\u00f3n y entretenimiento. Informe Litoral, nos informamos.\",\"sameAs\":[\"http:\\\/\\\/www.isletasnoticias.com.ar\"],\"url\":\"https:\\\/\\\/informelitoral.com.ar\\\/author\\\/gonzalo\\\/\"}]}<\/script>","yoast_head_json":{"title":"Ram\u00edrez se prepara para el 1\u00b0 Motoencuentro Nacional de la Mujer Motera - Informe Litoral","robots":{"index":"index","follow":"follow","max-snippet":"max-snippet:-1","max-image-preview":"max-image-preview:large","max-video-preview":"max-video-preview:-1"},"canonical":"https:\/\/informelitoral.com.ar\/ramirez-se-prepara-para-el-1-motoencuentro-nacional-de-la-mujer-motera\/","og_locale":"es_ES","og_type":"article","og_title":"Ram\u00edrez se prepara para el 1\u00b0 Motoencuentro Nacional de la Mujer Motera - Informe Litoral","og_description":"El intendente de General Ram&iacute;rez, Edelmiro Kramer, &nbsp;mantuvo una reuni&oacute;n con los organizadores del 1&ordm; Motoencuentro Nacional de la Mujer Motera, de cara a ultimar detalles organizativos, especialmente en lo que hace a la seguridad del evento.&nbsp; Este motoencuentro se va a realizar, por primera vez en Ram&iacute;rez, del 18 al 20 de octubre, siendo [&hellip;]","og_url":"https:\/\/informelitoral.com.ar\/ramirez-se-prepara-para-el-1-motoencuentro-nacional-de-la-mujer-motera\/","og_site_name":"Informe Litoral","article_publisher":"https:\/\/www.facebook.com\/informelitoral\/","article_published_time":"2013-10-15T03:10:37+00:00","og_image":[{"width":6016,"height":4000,"url":"https:\/\/informelitoral.com.ar\/%77%70%2d%63%6f%6e%74%65%6e%74\/uploads\/2013\/10\/DSC_0587.jpg","type":"image\/jpeg"}],"author":"Gonzalo Schmidt","twitter_card":"summary_large_image","twitter_creator":"@InformeLitoral","twitter_site":"@InformeLitoral","twitter_misc":{"Escrito por":"Gonzalo Schmidt","Tiempo de lectura":"1 minuto"},"schema":{"@context":"https:\/\/schema.org","@graph":[{"@type":"Article","@id":"https:\/\/informelitoral.com.ar\/ramirez-se-prepara-para-el-1-motoencuentro-nacional-de-la-mujer-motera\/#article","isPartOf":{"@id":"https:\/\/informelitoral.com.ar\/ramirez-se-prepara-para-el-1-motoencuentro-nacional-de-la-mujer-motera\/"},"author":{"name":"Gonzalo Schmidt","@id":"https:\/\/informelitoral.com.ar\/#\/schema\/person\/b9d00407c836482871ef1d57bf8e3180"},"headline":"Ram\u00edrez se prepara para el 1\u00b0 Motoencuentro Nacional de la Mujer Motera","datePublished":"2013-10-15T03:10:37+00:00","mainEntityOfPage":{"@id":"https:\/\/informelitoral.com.ar\/ramirez-se-prepara-para-el-1-motoencuentro-nacional-de-la-mujer-motera\/"},"wordCount":171,"commentCount":0,"publisher":{"@id":"https:\/\/informelitoral.com.ar\/#organization"},"image":{"@id":"https:\/\/informelitoral.com.ar\/ramirez-se-prepara-para-el-1-motoencuentro-nacional-de-la-mujer-motera\/#primaryimage"},"thumbnailUrl":"http:\/\/www.isletasnoticias.com.ar\/%77%70%2d%63%6f%6e%74%65%6e%74\/uploads\/2013\/10\/DSC_0587-300x199.jpg","articleSection":["Departamento Diamante","Entre R\u00edos"],"inLanguage":"es","potentialAction":[{"@type":"CommentAction","name":"Comment","target":["https:\/\/informelitoral.com.ar\/ramirez-se-prepara-para-el-1-motoencuentro-nacional-de-la-mujer-motera\/#respond"]}]},{"@type":"WebPage","@id":"https:\/\/informelitoral.com.ar\/ramirez-se-prepara-para-el-1-motoencuentro-nacional-de-la-mujer-motera\/","url":"https:\/\/informelitoral.com.ar\/ramirez-se-prepara-para-el-1-motoencuentro-nacional-de-la-mujer-motera\/","name":"Ram\u00edrez se prepara para el 1\u00b0 Motoencuentro Nacional de la Mujer Motera - Informe Litoral","isPartOf":{"@id":"https:\/\/informelitoral.com.ar\/#website"},"primaryImageOfPage":{"@id":"https:\/\/informelitoral.com.ar\/ramirez-se-prepara-para-el-1-motoencuentro-nacional-de-la-mujer-motera\/#primaryimage"},"image":{"@id":"https:\/\/informelitoral.com.ar\/ramirez-se-prepara-para-el-1-motoencuentro-nacional-de-la-mujer-motera\/#primaryimage"},"thumbnailUrl":"http:\/\/www.isletasnoticias.com.ar\/%77%70%2d%63%6f%6e%74%65%6e%74\/uploads\/2013\/10\/DSC_0587-300x199.jpg","datePublished":"2013-10-15T03:10:37+00:00","breadcrumb":{"@id":"https:\/\/informelitoral.com.ar\/ramirez-se-prepara-para-el-1-motoencuentro-nacional-de-la-mujer-motera\/#breadcrumb"},"inLanguage":"es","potentialAction":[{"@type":"ReadAction","target":["https:\/\/informelitoral.com.ar\/ramirez-se-prepara-para-el-1-motoencuentro-nacional-de-la-mujer-motera\/"]}]},{"@type":"ImageObject","inLanguage":"es","@id":"https:\/\/informelitoral.com.ar\/ramirez-se-prepara-para-el-1-motoencuentro-nacional-de-la-mujer-motera\/#primaryimage","url":"http:\/\/www.isletasnoticias.com.ar\/%77%70%2d%63%6f%6e%74%65%6e%74\/uploads\/2013\/10\/DSC_0587-300x199.jpg","contentUrl":"http:\/\/www.isletasnoticias.com.ar\/%77%70%2d%63%6f%6e%74%65%6e%74\/uploads\/2013\/10\/DSC_0587-300x199.jpg"},{"@type":"BreadcrumbList","@id":"https:\/\/informelitoral.com.ar\/ramirez-se-prepara-para-el-1-motoencuentro-nacional-de-la-mujer-motera\/#breadcrumb","itemListElement":[{"@type":"ListItem","position":1,"name":"Portada","item":"https:\/\/informelitoral.com.ar\/"},{"@type":"ListItem","position":2,"name":"Ram\u00edrez se prepara para el 1\u00b0 Motoencuentro Nacional de la Mujer Motera"}]},{"@type":"WebSite","@id":"https:\/\/informelitoral.com.ar\/#website","url":"https:\/\/informelitoral.com.ar\/","name":"Informe Litoral","description":"&quot;Nos informamos&quot; ","publisher":{"@id":"https:\/\/informelitoral.com.ar\/#organization"},"potentialAction":[{"@type":"SearchAction","target":{"@type":"EntryPoint","urlTemplate":"https:\/\/informelitoral.com.ar\/?s={search_term_string}"},"query-input":{"@type":"PropertyValueSpecification","valueRequired":true,"valueName":"search_term_string"}}],"inLanguage":"es"},{"@type":"Organization","@id":"https:\/\/informelitoral.com.ar\/#organization","name":"Informe Litoral","url":"https:\/\/informelitoral.com.ar\/","logo":{"@type":"ImageObject","inLanguage":"es","@id":"https:\/\/informelitoral.com.ar\/#\/schema\/logo\/image\/","url":"https:\/\/informelitoral.com.ar\/%77%70%2d%63%6f%6e%74%65%6e%74\/uploads\/2021\/01\/circulo.png","contentUrl":"https:\/\/informelitoral.com.ar\/%77%70%2d%63%6f%6e%74%65%6e%74\/uploads\/2021\/01\/circulo.png","width":723,"height":731,"caption":"Informe Litoral"},"image":{"@id":"https:\/\/informelitoral.com.ar\/#\/schema\/logo\/image\/"},"sameAs":["https:\/\/www.facebook.com\/informelitoral\/","https:\/\/x.com\/InformeLitoral","https:\/\/www.instagram.com\/informelitoral\/","https:\/\/www.youtube.com\/channel\/UCua4Qvz8Icb6MYqhoq9xLXw"]},{"@type":"Person","@id":"https:\/\/informelitoral.com.ar\/#\/schema\/person\/b9d00407c836482871ef1d57bf8e3180","name":"Gonzalo Schmidt","image":{"@type":"ImageObject","inLanguage":"es","@id":"https:\/\/secure.gravatar.com\/avatar\/31a1a7b66ff2de83bd0e9fd79d026630d2d99e55e8bfe501287647b4fd9743de?s=96&d=mm&r=g","url":"https:\/\/secure.gravatar.com\/avatar\/31a1a7b66ff2de83bd0e9fd79d026630d2d99e55e8bfe501287647b4fd9743de?s=96&d=mm&r=g","contentUrl":"https:\/\/secure.gravatar.com\/avatar\/31a1a7b66ff2de83bd0e9fd79d026630d2d99e55e8bfe501287647b4fd9743de?s=96&d=mm&r=g","caption":"Gonzalo Schmidt"},"description":"Sitio web de noticias de la provincia de Entre R\u00edos, Argentina. Informaci\u00f3n y entretenimiento. Informe Litoral, nos informamos.","sameAs":["http:\/\/www.isletasnoticias.com.ar"],"url":"https:\/\/informelitoral.com.ar\/author\/gonzalo\/"}]}},"_links":{"self":[{"href":"https:\/\/informelitoral.com.ar\/%77%70%2d%6a%73%6f%6e\/wp\/v2\/posts\/3649","targetHints":{"allow":["GET"]}}],"collection":[{"href":"https:\/\/informelitoral.com.ar\/%77%70%2d%6a%73%6f%6e\/wp\/v2\/posts"}],"about":[{"href":"https:\/\/informelitoral.com.ar\/%77%70%2d%6a%73%6f%6e\/wp\/v2\/types\/post"}],"author":[{"embeddable":true,"href":"https:\/\/informelitoral.com.ar\/%77%70%2d%6a%73%6f%6e\/wp\/v2\/users\/2"}],"replies":[{"embeddable":true,"href":"https:\/\/informelitoral.com.ar\/%77%70%2d%6a%73%6f%6e\/wp\/v2\/comments?post=3649"}],"version-history":[{"count":0,"href":"https:\/\/informelitoral.com.ar\/%77%70%2d%6a%73%6f%6e\/wp\/v2\/posts\/3649\/revisions"}],"wp:attachment":[{"href":"https:\/\/informelitoral.com.ar\/%77%70%2d%6a%73%6f%6e\/wp\/v2\/media?parent=3649"}],"wp:term":[{"taxonomy":"category","embeddable":true,"href":"https:\/\/informelitoral.com.ar\/%77%70%2d%6a%73%6f%6e\/wp\/v2\/categories?post=3649"},{"taxonomy":"post_tag","embeddable":true,"href":"https:\/\/informelitoral.com.ar\/%77%70%2d%6a%73%6f%6e\/wp\/v2\/tags?post=3649"}],"curies":[{"name":"wp","href":"https:\/\/api.w.org\/{rel}","templated":true}]}}