{"id":3642,"date":"2013-10-12T19:52:21","date_gmt":"2013-10-12T22:52:21","guid":{"rendered":"http:\/\/www.isletasnoticias.com.ar\/?p=3642"},"modified":"2013-10-12T19:52:44","modified_gmt":"2013-10-12T22:52:44","slug":"una-iniciativa-de-jorge-monge-propone-regular-la-publicidad-oficial","status":"publish","type":"post","link":"https:\/\/informelitoral.com.ar\/una-iniciativa-de-jorge-monge-propone-regular-la-publicidad-oficial\/","title":{"rendered":"Una iniciativa de Jorge Monge propone regular la publicidad oficial"},"content":{"rendered":"<p style=\"text-align: left;\"><strong>El mandato constitucional a\u00fan no fue reglamentado, si bien hubo proyectos en la Legislatura y alg\u00fan debate que qued\u00f3 trunco. El nuevo texto, del diputado radical <em>Jorge Monge,<\/em> establece la veda publicitaria en periodos electorales y descarta la contrataci\u00f3n directa.\u00a0<a href=\"http:\/\/www.isletasnoticias.com.ar\/%77%70%2d%63%6f%6e%74%65%6e%74\/uploads\/2013\/10\/monge.jpg\"><img loading=\"lazy\" decoding=\"async\" class=\"size-full wp-image-3643 aligncenter\" title=\"Diputado Jorge Monge (UCR)\" alt=\"\" src=\"http:\/\/www.isletasnoticias.com.ar\/%77%70%2d%63%6f%6e%74%65%6e%74\/uploads\/2013\/10\/monge.jpg\" width=\"259\" height=\"194\" \/><\/a><\/strong><\/p>\n<p>\u00a0La asignaci\u00f3n de la publicidad oficial es un tema que est\u00e1 en debate en los medios desde hace tiempo, y lleg\u00f3 a la opini\u00f3n p\u00fablica al conocerse que algunos son m\u00e1s beneficiados que otros. Incluso muchos medios de comunicaci\u00f3n no reciben fondos por este concepto que est\u00e1 regido actualmente por la cercan\u00eda de la l\u00ednea editorial al gobierno.Antes de este texto hubo otros que no se trataron. El tema vuelve a abordarse en Diputados a poco de una elecci\u00f3n. El art\u00edculo 14 de la Constituci\u00f3n provincial contiene disposiciones referidas a la publicidad oficial, \u201cestableciendo su objeto como aquel que tiende a garantizar la vigencia del principio republicano de publicidad de los actos de gobierno y el derecho de los ciudadanos a la informaci\u00f3n p\u00fablica\u201d. As\u00ed lo record\u00f3 <strong>Jorge Monge <\/strong>(UCR-Diamante) al presentar un nuevo proyecto de ley para reglamentar este mandato constitucional, que, a cinco a\u00f1os de la reforma de la Carta Magna, sigue sin ser operativo, permitiendo la discrecionalidad. La iniciativa, seg\u00fan da cuenta el ex convencional, es similar a la ya ingresada por el ex diputado radical Alcides L\u00f3pez. \u201cEl nuevo texto constitucional tambi\u00e9n contiene una manda respecto del derecho al reparto equitativo de la publicidad oficial en los medios de prensa evitando que se haga un reparto inequitativo de las partidas asignadas a tal fin y evitar que se distribuya la pauta publicitaria en funci\u00f3n de las posturas de los medios de prensa frente al gobierno de turno. La adjudicaci\u00f3n de la publicidad oficial debe regirse por los principios de pluralismo, transparencia, responsabilidad, eficacia y austeridad en el gasto\u201d, remarc\u00f3 el legislador radical, que recibi\u00f3 el apoyo de sus pares del bloque para ingresar el proyecto. Asimismo, record\u00f3 que \u201clas partidas que se asignan para publicidad, son fondos p\u00fablicos\u201d, por lo que sentenci\u00f3: \u201cDeben utilizarse aventando toda sospecha de favoritismo o su otorgamiento como premios a quienes son afines al gobierno y castigo de los medios de prensa que tienen opiniones independientes o son cr\u00edticos de los actos de gobierno\u201d. El proyecto define como Publicidad Oficial \u201ca toda comunicaci\u00f3n promovida en forma de campa\u00f1a o avisos, sea en medios oficiales o pertenecientes al sector privado y que tenga como fin ser el canal de comunicaci\u00f3n entre el gobierno Provincial y la Poblaci\u00f3n por v\u00eda de los poderes ejecutivo, legislativo y judicial, administraci\u00f3n descentralizada y empresas del Estado\u201d, y reconoce como sujetos de contrataci\u00f3n a \u201cmedios gr\u00e1ficos: diarios, peri\u00f3dicos, revistas, publicidad en cines, carteler\u00eda m\u00f3vil o est\u00e1tica en la v\u00eda p\u00fablica e incluso a\u00e9rea; emisoras de radio; televisi\u00f3n; agencias de publicidad y empresas productoras de programas para radio y televisi\u00f3n; portales de Internet\u201d. Entre las prohibiciones que fija la iniciativa, establece que no podr\u00e1 utilizarse para \u201celogiar o destacar la gesti\u00f3n y\/o la labor de las autoridades o funcionarios p\u00fablicos; fomentar expresa o t\u00e1citamente los intereses de ning\u00fan partido pol\u00edtico; menoscabar o perturbar las actuaciones leg\u00edtimas adoptadas por otro poder p\u00fablico en el ejercicio de sus competencias; transmitir mensajes discriminatorios(\u2026); inducir en forma directa o indirecta a la violencia o a comportamientos contrarios al orden p\u00fablico; contribuir a confusi\u00f3n con la utilizaci\u00f3n de s\u00edmbolos, ideas, expresiones, dise\u00f1os o im\u00e1genes empleadas por cualquier formaci\u00f3n pol\u00edtica u organizaci\u00f3n social; crear una imagen negativa o enga\u00f1osa de una entidad o de una persona\u201d. Adem\u00e1s, establece la veda publicitaria en per\u00edodos electorales, excepto para las campa\u00f1as que tengan directa relaci\u00f3n con la informaci\u00f3n a los ciudadanos sobre el acto eleccionario o servicios p\u00fablicos, seg\u00fan la iniciativa a la que accedi\u00f3 Recintonet. Asimismo, establece que la Direcci\u00f3n General de Informaci\u00f3n P\u00fablica de la Provincia confeccionar\u00e1 un Mapa o registro p\u00fablico de medios interesados en ser adjudicatarios de Publicidad Oficial, que deber\u00e1n cumplir una serie de requisitos. Tambi\u00e9n tiene un apartado respecto a los procesos de contrataci\u00f3n, y proh\u00edbe asignar montos en concepto de Publicidad Oficial en forma de contrataci\u00f3n directa, mecanismo que es el utilizado en varias oportunidades actualmente. Por \u00faltimo, fija los criterios de asignaci\u00f3n de recursos respecto al medio en cuesti\u00f3n y el departamento de la provincia. El Tribunal de Cuentas de la Provincia auditar\u00e1 en forma anual los gastos y pr\u00e1cticas en la Publicidad Oficial emitiendo el dictamen correspondiente el que deber\u00e1 adem\u00e1s ser publicado en el Bolet\u00edn Oficial y en el portal de Internet del Poder Ejecutivo, mientras que la Direcci\u00f3n de Informaci\u00f3n P\u00fablica, deber\u00e1 presentar trimestralmente a la Legislatura un informe de lo ejecutado en relaci\u00f3n al objeto de la ley, seg\u00fan detalla el proyecto. (Fuente: Recinto Net)<\/p>\n","protected":false},"excerpt":{"rendered":"<p>El mandato constitucional a&uacute;n no fue reglamentado, si bien hubo proyectos en la Legislatura y alg&uacute;n debate que qued&oacute; trunco. El nuevo texto, del diputado radical Jorge Monge, establece la veda publicitaria en periodos electorales y descarta la contrataci&oacute;n directa.&nbsp; &nbsp;La asignaci&oacute;n de la publicidad oficial es un tema que est&aacute; en debate en los [&hellip;]<\/p>\n","protected":false},"author":2,"featured_media":0,"comment_status":"open","ping_status":"open","sticky":false,"template":"","format":"standard","meta":{"fifu_image_url":"","fifu_image_alt":"","footnotes":""},"categories":[6,16],"tags":[],"class_list":{"0":"post-3642","1":"post","2":"type-post","3":"status-publish","4":"format-standard","6":"category-entre-rios","7":"category-politi"},"yoast_head":"<title>Una iniciativa de Jorge Monge propone regular la publicidad oficial  - Informe Litoral<\/title>\n<meta name=\"robots\" content=\"index, follow, max-snippet:-1, max-image-preview:large, max-video-preview:-1\" \/>\n<link rel=\"canonical\" href=\"https:\/\/informelitoral.com.ar\/una-iniciativa-de-jorge-monge-propone-regular-la-publicidad-oficial\/\" \/>\n<meta property=\"og:locale\" content=\"es_ES\" \/>\n<meta property=\"og:type\" content=\"article\" \/>\n<meta property=\"og:title\" content=\"Una iniciativa de Jorge Monge propone regular la publicidad oficial  - Informe Litoral\" \/>\n<meta property=\"og:description\" content=\"El mandato constitucional a&uacute;n no fue reglamentado, si bien hubo proyectos en la Legislatura y alg&uacute;n debate que qued&oacute; trunco. El nuevo texto, del diputado radical Jorge Monge, establece la veda publicitaria en periodos electorales y descarta la contrataci&oacute;n directa.&nbsp; &nbsp;La asignaci&oacute;n de la publicidad oficial es un tema que est&aacute; en debate en los [&hellip;]\" \/>\n<meta property=\"og:url\" content=\"https:\/\/informelitoral.com.ar\/una-iniciativa-de-jorge-monge-propone-regular-la-publicidad-oficial\/\" \/>\n<meta property=\"og:site_name\" content=\"Informe Litoral\" \/>\n<meta property=\"article:publisher\" content=\"https:\/\/www.facebook.com\/informelitoral\/\" \/>\n<meta property=\"article:published_time\" content=\"2013-10-12T22:52:21+00:00\" \/>\n<meta property=\"article:modified_time\" content=\"2013-10-12T22:52:44+00:00\" \/>\n<meta property=\"og:image\" content=\"https:\/\/informelitoral.com.ar\/%77%70%2d%63%6f%6e%74%65%6e%74\/uploads\/2013\/10\/monge.jpg\" \/>\n\t<meta property=\"og:image:width\" content=\"259\" \/>\n\t<meta property=\"og:image:height\" content=\"194\" \/>\n\t<meta property=\"og:image:type\" content=\"image\/jpeg\" \/>\n<meta name=\"author\" content=\"Gonzalo Schmidt\" \/>\n<meta name=\"twitter:card\" content=\"summary_large_image\" \/>\n<meta name=\"twitter:creator\" content=\"@InformeLitoral\" \/>\n<meta name=\"twitter:site\" content=\"@InformeLitoral\" \/>\n<meta name=\"twitter:label1\" content=\"Escrito por\" \/>\n\t<meta name=\"twitter:data1\" content=\"Gonzalo Schmidt\" \/>\n\t<meta name=\"twitter:label2\" content=\"Tiempo de lectura\" \/>\n\t<meta name=\"twitter:data2\" content=\"4 minutos\" \/>\n<script type=\"application\/ld+json\" class=\"yoast-schema-graph\">{\"@context\":\"https:\\\/\\\/schema.org\",\"@graph\":[{\"@type\":\"Article\",\"@id\":\"https:\\\/\\\/informelitoral.com.ar\\\/una-iniciativa-de-jorge-monge-propone-regular-la-publicidad-oficial\\\/#article\",\"isPartOf\":{\"@id\":\"https:\\\/\\\/informelitoral.com.ar\\\/una-iniciativa-de-jorge-monge-propone-regular-la-publicidad-oficial\\\/\"},\"author\":{\"name\":\"Gonzalo Schmidt\",\"@id\":\"https:\\\/\\\/informelitoral.com.ar\\\/#\\\/schema\\\/person\\\/b9d00407c836482871ef1d57bf8e3180\"},\"headline\":\"Una iniciativa de Jorge Monge propone regular la publicidad oficial\",\"datePublished\":\"2013-10-12T22:52:21+00:00\",\"dateModified\":\"2013-10-12T22:52:44+00:00\",\"mainEntityOfPage\":{\"@id\":\"https:\\\/\\\/informelitoral.com.ar\\\/una-iniciativa-de-jorge-monge-propone-regular-la-publicidad-oficial\\\/\"},\"wordCount\":874,\"commentCount\":0,\"publisher\":{\"@id\":\"https:\\\/\\\/informelitoral.com.ar\\\/#organization\"},\"image\":{\"@id\":\"https:\\\/\\\/informelitoral.com.ar\\\/una-iniciativa-de-jorge-monge-propone-regular-la-publicidad-oficial\\\/#primaryimage\"},\"thumbnailUrl\":\"http:\\\/\\\/www.isletasnoticias.com.ar\\\/%77%70%2d%63%6f%6e%74%65%6e%74\\\/uploads\\\/2013\\\/10\\\/monge.jpg\",\"articleSection\":[\"Entre R\u00edos\",\"Politica\"],\"inLanguage\":\"es\",\"potentialAction\":[{\"@type\":\"CommentAction\",\"name\":\"Comment\",\"target\":[\"https:\\\/\\\/informelitoral.com.ar\\\/una-iniciativa-de-jorge-monge-propone-regular-la-publicidad-oficial\\\/#respond\"]}]},{\"@type\":\"WebPage\",\"@id\":\"https:\\\/\\\/informelitoral.com.ar\\\/una-iniciativa-de-jorge-monge-propone-regular-la-publicidad-oficial\\\/\",\"url\":\"https:\\\/\\\/informelitoral.com.ar\\\/una-iniciativa-de-jorge-monge-propone-regular-la-publicidad-oficial\\\/\",\"name\":\"Una iniciativa de Jorge Monge propone regular la publicidad oficial - Informe Litoral\",\"isPartOf\":{\"@id\":\"https:\\\/\\\/informelitoral.com.ar\\\/#website\"},\"primaryImageOfPage\":{\"@id\":\"https:\\\/\\\/informelitoral.com.ar\\\/una-iniciativa-de-jorge-monge-propone-regular-la-publicidad-oficial\\\/#primaryimage\"},\"image\":{\"@id\":\"https:\\\/\\\/informelitoral.com.ar\\\/una-iniciativa-de-jorge-monge-propone-regular-la-publicidad-oficial\\\/#primaryimage\"},\"thumbnailUrl\":\"http:\\\/\\\/www.isletasnoticias.com.ar\\\/%77%70%2d%63%6f%6e%74%65%6e%74\\\/uploads\\\/2013\\\/10\\\/monge.jpg\",\"datePublished\":\"2013-10-12T22:52:21+00:00\",\"dateModified\":\"2013-10-12T22:52:44+00:00\",\"breadcrumb\":{\"@id\":\"https:\\\/\\\/informelitoral.com.ar\\\/una-iniciativa-de-jorge-monge-propone-regular-la-publicidad-oficial\\\/#breadcrumb\"},\"inLanguage\":\"es\",\"potentialAction\":[{\"@type\":\"ReadAction\",\"target\":[\"https:\\\/\\\/informelitoral.com.ar\\\/una-iniciativa-de-jorge-monge-propone-regular-la-publicidad-oficial\\\/\"]}]},{\"@type\":\"ImageObject\",\"inLanguage\":\"es\",\"@id\":\"https:\\\/\\\/informelitoral.com.ar\\\/una-iniciativa-de-jorge-monge-propone-regular-la-publicidad-oficial\\\/#primaryimage\",\"url\":\"http:\\\/\\\/www.isletasnoticias.com.ar\\\/%77%70%2d%63%6f%6e%74%65%6e%74\\\/uploads\\\/2013\\\/10\\\/monge.jpg\",\"contentUrl\":\"http:\\\/\\\/www.isletasnoticias.com.ar\\\/%77%70%2d%63%6f%6e%74%65%6e%74\\\/uploads\\\/2013\\\/10\\\/monge.jpg\"},{\"@type\":\"BreadcrumbList\",\"@id\":\"https:\\\/\\\/informelitoral.com.ar\\\/una-iniciativa-de-jorge-monge-propone-regular-la-publicidad-oficial\\\/#breadcrumb\",\"itemListElement\":[{\"@type\":\"ListItem\",\"position\":1,\"name\":\"Portada\",\"item\":\"https:\\\/\\\/informelitoral.com.ar\\\/\"},{\"@type\":\"ListItem\",\"position\":2,\"name\":\"Una iniciativa de Jorge Monge propone regular la publicidad oficial\"}]},{\"@type\":\"WebSite\",\"@id\":\"https:\\\/\\\/informelitoral.com.ar\\\/#website\",\"url\":\"https:\\\/\\\/informelitoral.com.ar\\\/\",\"name\":\"Informe Litoral\",\"description\":\"&quot;Nos informamos&quot; \",\"publisher\":{\"@id\":\"https:\\\/\\\/informelitoral.com.ar\\\/#organization\"},\"potentialAction\":[{\"@type\":\"SearchAction\",\"target\":{\"@type\":\"EntryPoint\",\"urlTemplate\":\"https:\\\/\\\/informelitoral.com.ar\\\/?s={search_term_string}\"},\"query-input\":{\"@type\":\"PropertyValueSpecification\",\"valueRequired\":true,\"valueName\":\"search_term_string\"}}],\"inLanguage\":\"es\"},{\"@type\":\"Organization\",\"@id\":\"https:\\\/\\\/informelitoral.com.ar\\\/#organization\",\"name\":\"Informe Litoral\",\"url\":\"https:\\\/\\\/informelitoral.com.ar\\\/\",\"logo\":{\"@type\":\"ImageObject\",\"inLanguage\":\"es\",\"@id\":\"https:\\\/\\\/informelitoral.com.ar\\\/#\\\/schema\\\/logo\\\/image\\\/\",\"url\":\"https:\\\/\\\/informelitoral.com.ar\\\/%77%70%2d%63%6f%6e%74%65%6e%74\\\/uploads\\\/2021\\\/01\\\/circulo.png\",\"contentUrl\":\"https:\\\/\\\/informelitoral.com.ar\\\/%77%70%2d%63%6f%6e%74%65%6e%74\\\/uploads\\\/2021\\\/01\\\/circulo.png\",\"width\":723,\"height\":731,\"caption\":\"Informe Litoral\"},\"image\":{\"@id\":\"https:\\\/\\\/informelitoral.com.ar\\\/#\\\/schema\\\/logo\\\/image\\\/\"},\"sameAs\":[\"https:\\\/\\\/www.facebook.com\\\/informelitoral\\\/\",\"https:\\\/\\\/x.com\\\/InformeLitoral\",\"https:\\\/\\\/www.instagram.com\\\/informelitoral\\\/\",\"https:\\\/\\\/www.youtube.com\\\/channel\\\/UCua4Qvz8Icb6MYqhoq9xLXw\"]},{\"@type\":\"Person\",\"@id\":\"https:\\\/\\\/informelitoral.com.ar\\\/#\\\/schema\\\/person\\\/b9d00407c836482871ef1d57bf8e3180\",\"name\":\"Gonzalo Schmidt\",\"image\":{\"@type\":\"ImageObject\",\"inLanguage\":\"es\",\"@id\":\"https:\\\/\\\/secure.gravatar.com\\\/avatar\\\/31a1a7b66ff2de83bd0e9fd79d026630d2d99e55e8bfe501287647b4fd9743de?s=96&d=mm&r=g\",\"url\":\"https:\\\/\\\/secure.gravatar.com\\\/avatar\\\/31a1a7b66ff2de83bd0e9fd79d026630d2d99e55e8bfe501287647b4fd9743de?s=96&d=mm&r=g\",\"contentUrl\":\"https:\\\/\\\/secure.gravatar.com\\\/avatar\\\/31a1a7b66ff2de83bd0e9fd79d026630d2d99e55e8bfe501287647b4fd9743de?s=96&d=mm&r=g\",\"caption\":\"Gonzalo Schmidt\"},\"description\":\"Sitio web de noticias de la provincia de Entre R\u00edos, Argentina. Informaci\u00f3n y entretenimiento. Informe Litoral, nos informamos.\",\"sameAs\":[\"http:\\\/\\\/www.isletasnoticias.com.ar\"],\"url\":\"https:\\\/\\\/informelitoral.com.ar\\\/author\\\/gonzalo\\\/\"}]}<\/script>","yoast_head_json":{"title":"Una iniciativa de Jorge Monge propone regular la publicidad oficial  - Informe Litoral","robots":{"index":"index","follow":"follow","max-snippet":"max-snippet:-1","max-image-preview":"max-image-preview:large","max-video-preview":"max-video-preview:-1"},"canonical":"https:\/\/informelitoral.com.ar\/una-iniciativa-de-jorge-monge-propone-regular-la-publicidad-oficial\/","og_locale":"es_ES","og_type":"article","og_title":"Una iniciativa de Jorge Monge propone regular la publicidad oficial  - Informe Litoral","og_description":"El mandato constitucional a&uacute;n no fue reglamentado, si bien hubo proyectos en la Legislatura y alg&uacute;n debate que qued&oacute; trunco. El nuevo texto, del diputado radical Jorge Monge, establece la veda publicitaria en periodos electorales y descarta la contrataci&oacute;n directa.&nbsp; &nbsp;La asignaci&oacute;n de la publicidad oficial es un tema que est&aacute; en debate en los [&hellip;]","og_url":"https:\/\/informelitoral.com.ar\/una-iniciativa-de-jorge-monge-propone-regular-la-publicidad-oficial\/","og_site_name":"Informe Litoral","article_publisher":"https:\/\/www.facebook.com\/informelitoral\/","article_published_time":"2013-10-12T22:52:21+00:00","article_modified_time":"2013-10-12T22:52:44+00:00","og_image":[{"width":259,"height":194,"url":"https:\/\/informelitoral.com.ar\/%77%70%2d%63%6f%6e%74%65%6e%74\/uploads\/2013\/10\/monge.jpg","type":"image\/jpeg"}],"author":"Gonzalo Schmidt","twitter_card":"summary_large_image","twitter_creator":"@InformeLitoral","twitter_site":"@InformeLitoral","twitter_misc":{"Escrito por":"Gonzalo Schmidt","Tiempo de lectura":"4 minutos"},"schema":{"@context":"https:\/\/schema.org","@graph":[{"@type":"Article","@id":"https:\/\/informelitoral.com.ar\/una-iniciativa-de-jorge-monge-propone-regular-la-publicidad-oficial\/#article","isPartOf":{"@id":"https:\/\/informelitoral.com.ar\/una-iniciativa-de-jorge-monge-propone-regular-la-publicidad-oficial\/"},"author":{"name":"Gonzalo Schmidt","@id":"https:\/\/informelitoral.com.ar\/#\/schema\/person\/b9d00407c836482871ef1d57bf8e3180"},"headline":"Una iniciativa de Jorge Monge propone regular la publicidad oficial","datePublished":"2013-10-12T22:52:21+00:00","dateModified":"2013-10-12T22:52:44+00:00","mainEntityOfPage":{"@id":"https:\/\/informelitoral.com.ar\/una-iniciativa-de-jorge-monge-propone-regular-la-publicidad-oficial\/"},"wordCount":874,"commentCount":0,"publisher":{"@id":"https:\/\/informelitoral.com.ar\/#organization"},"image":{"@id":"https:\/\/informelitoral.com.ar\/una-iniciativa-de-jorge-monge-propone-regular-la-publicidad-oficial\/#primaryimage"},"thumbnailUrl":"http:\/\/www.isletasnoticias.com.ar\/%77%70%2d%63%6f%6e%74%65%6e%74\/uploads\/2013\/10\/monge.jpg","articleSection":["Entre R\u00edos","Politica"],"inLanguage":"es","potentialAction":[{"@type":"CommentAction","name":"Comment","target":["https:\/\/informelitoral.com.ar\/una-iniciativa-de-jorge-monge-propone-regular-la-publicidad-oficial\/#respond"]}]},{"@type":"WebPage","@id":"https:\/\/informelitoral.com.ar\/una-iniciativa-de-jorge-monge-propone-regular-la-publicidad-oficial\/","url":"https:\/\/informelitoral.com.ar\/una-iniciativa-de-jorge-monge-propone-regular-la-publicidad-oficial\/","name":"Una iniciativa de Jorge Monge propone regular la publicidad oficial - Informe Litoral","isPartOf":{"@id":"https:\/\/informelitoral.com.ar\/#website"},"primaryImageOfPage":{"@id":"https:\/\/informelitoral.com.ar\/una-iniciativa-de-jorge-monge-propone-regular-la-publicidad-oficial\/#primaryimage"},"image":{"@id":"https:\/\/informelitoral.com.ar\/una-iniciativa-de-jorge-monge-propone-regular-la-publicidad-oficial\/#primaryimage"},"thumbnailUrl":"http:\/\/www.isletasnoticias.com.ar\/%77%70%2d%63%6f%6e%74%65%6e%74\/uploads\/2013\/10\/monge.jpg","datePublished":"2013-10-12T22:52:21+00:00","dateModified":"2013-10-12T22:52:44+00:00","breadcrumb":{"@id":"https:\/\/informelitoral.com.ar\/una-iniciativa-de-jorge-monge-propone-regular-la-publicidad-oficial\/#breadcrumb"},"inLanguage":"es","potentialAction":[{"@type":"ReadAction","target":["https:\/\/informelitoral.com.ar\/una-iniciativa-de-jorge-monge-propone-regular-la-publicidad-oficial\/"]}]},{"@type":"ImageObject","inLanguage":"es","@id":"https:\/\/informelitoral.com.ar\/una-iniciativa-de-jorge-monge-propone-regular-la-publicidad-oficial\/#primaryimage","url":"http:\/\/www.isletasnoticias.com.ar\/%77%70%2d%63%6f%6e%74%65%6e%74\/uploads\/2013\/10\/monge.jpg","contentUrl":"http:\/\/www.isletasnoticias.com.ar\/%77%70%2d%63%6f%6e%74%65%6e%74\/uploads\/2013\/10\/monge.jpg"},{"@type":"BreadcrumbList","@id":"https:\/\/informelitoral.com.ar\/una-iniciativa-de-jorge-monge-propone-regular-la-publicidad-oficial\/#breadcrumb","itemListElement":[{"@type":"ListItem","position":1,"name":"Portada","item":"https:\/\/informelitoral.com.ar\/"},{"@type":"ListItem","position":2,"name":"Una iniciativa de Jorge Monge propone regular la publicidad oficial"}]},{"@type":"WebSite","@id":"https:\/\/informelitoral.com.ar\/#website","url":"https:\/\/informelitoral.com.ar\/","name":"Informe Litoral","description":"&quot;Nos informamos&quot; ","publisher":{"@id":"https:\/\/informelitoral.com.ar\/#organization"},"potentialAction":[{"@type":"SearchAction","target":{"@type":"EntryPoint","urlTemplate":"https:\/\/informelitoral.com.ar\/?s={search_term_string}"},"query-input":{"@type":"PropertyValueSpecification","valueRequired":true,"valueName":"search_term_string"}}],"inLanguage":"es"},{"@type":"Organization","@id":"https:\/\/informelitoral.com.ar\/#organization","name":"Informe Litoral","url":"https:\/\/informelitoral.com.ar\/","logo":{"@type":"ImageObject","inLanguage":"es","@id":"https:\/\/informelitoral.com.ar\/#\/schema\/logo\/image\/","url":"https:\/\/informelitoral.com.ar\/%77%70%2d%63%6f%6e%74%65%6e%74\/uploads\/2021\/01\/circulo.png","contentUrl":"https:\/\/informelitoral.com.ar\/%77%70%2d%63%6f%6e%74%65%6e%74\/uploads\/2021\/01\/circulo.png","width":723,"height":731,"caption":"Informe Litoral"},"image":{"@id":"https:\/\/informelitoral.com.ar\/#\/schema\/logo\/image\/"},"sameAs":["https:\/\/www.facebook.com\/informelitoral\/","https:\/\/x.com\/InformeLitoral","https:\/\/www.instagram.com\/informelitoral\/","https:\/\/www.youtube.com\/channel\/UCua4Qvz8Icb6MYqhoq9xLXw"]},{"@type":"Person","@id":"https:\/\/informelitoral.com.ar\/#\/schema\/person\/b9d00407c836482871ef1d57bf8e3180","name":"Gonzalo Schmidt","image":{"@type":"ImageObject","inLanguage":"es","@id":"https:\/\/secure.gravatar.com\/avatar\/31a1a7b66ff2de83bd0e9fd79d026630d2d99e55e8bfe501287647b4fd9743de?s=96&d=mm&r=g","url":"https:\/\/secure.gravatar.com\/avatar\/31a1a7b66ff2de83bd0e9fd79d026630d2d99e55e8bfe501287647b4fd9743de?s=96&d=mm&r=g","contentUrl":"https:\/\/secure.gravatar.com\/avatar\/31a1a7b66ff2de83bd0e9fd79d026630d2d99e55e8bfe501287647b4fd9743de?s=96&d=mm&r=g","caption":"Gonzalo Schmidt"},"description":"Sitio web de noticias de la provincia de Entre R\u00edos, Argentina. Informaci\u00f3n y entretenimiento. Informe Litoral, nos informamos.","sameAs":["http:\/\/www.isletasnoticias.com.ar"],"url":"https:\/\/informelitoral.com.ar\/author\/gonzalo\/"}]}},"_links":{"self":[{"href":"https:\/\/informelitoral.com.ar\/%77%70%2d%6a%73%6f%6e\/wp\/v2\/posts\/3642","targetHints":{"allow":["GET"]}}],"collection":[{"href":"https:\/\/informelitoral.com.ar\/%77%70%2d%6a%73%6f%6e\/wp\/v2\/posts"}],"about":[{"href":"https:\/\/informelitoral.com.ar\/%77%70%2d%6a%73%6f%6e\/wp\/v2\/types\/post"}],"author":[{"embeddable":true,"href":"https:\/\/informelitoral.com.ar\/%77%70%2d%6a%73%6f%6e\/wp\/v2\/users\/2"}],"replies":[{"embeddable":true,"href":"https:\/\/informelitoral.com.ar\/%77%70%2d%6a%73%6f%6e\/wp\/v2\/comments?post=3642"}],"version-history":[{"count":0,"href":"https:\/\/informelitoral.com.ar\/%77%70%2d%6a%73%6f%6e\/wp\/v2\/posts\/3642\/revisions"}],"wp:attachment":[{"href":"https:\/\/informelitoral.com.ar\/%77%70%2d%6a%73%6f%6e\/wp\/v2\/media?parent=3642"}],"wp:term":[{"taxonomy":"category","embeddable":true,"href":"https:\/\/informelitoral.com.ar\/%77%70%2d%6a%73%6f%6e\/wp\/v2\/categories?post=3642"},{"taxonomy":"post_tag","embeddable":true,"href":"https:\/\/informelitoral.com.ar\/%77%70%2d%6a%73%6f%6e\/wp\/v2\/tags?post=3642"}],"curies":[{"name":"wp","href":"https:\/\/api.w.org\/{rel}","templated":true}]}}