{"id":36212,"date":"2019-09-05T08:40:32","date_gmt":"2019-09-05T11:40:32","guid":{"rendered":"https:\/\/www.isletasnoticias.com.ar\/?p=36212"},"modified":"2019-09-05T08:40:32","modified_gmt":"2019-09-05T11:40:32","slug":"el-consumo-de-carne-vacuna-continua-cayendo","status":"publish","type":"post","link":"https:\/\/informelitoral.com.ar\/el-consumo-de-carne-vacuna-continua-cayendo\/","title":{"rendered":"El consumo de carne vacuna contin\u00faa cayendo"},"content":{"rendered":"<p><strong>Rosgan<\/strong>\u00a0lanz\u00f3 su informe semanal y en \u00e9l se\u00f1al\u00f3 que el consumo de\u00a0<strong>carne vacuna cay\u00f3 12%<\/strong>\u00a0respecto de igual per\u00edodo de 2018,\u00a0<strong>pasando de 58,7 kg a 51,8 kg por persona<\/strong>.<\/p>\n<p>Sin embargo, el\u00a0<strong>consumo<\/strong>\u00a0de los otros dos\u00a0<strong>sustitutos<\/strong>\u00a0(cerdo y pollo)\u00a0<strong>pr\u00e1cticamente no ha sufrido alteraci\u00f3n.<\/strong><\/p>\n<p><img loading=\"lazy\" decoding=\"async\" class=\"size-full wp-image-424593 alignnone\" src=\"http:\/\/www.infocampo.com.ar\/%77%70%2d%63%6f%6e%74%65%6e%74\/uploads\/2019\/09\/grafico.jpg\" sizes=\"auto, (max-width: 1223px) 100vw, 1223px\" srcset=\"https:\/\/www.infocampo.com.ar\/%77%70%2d%63%6f%6e%74%65%6e%74\/uploads\/2019\/09\/grafico.jpg 1223w, https:\/\/www.infocampo.com.ar\/%77%70%2d%63%6f%6e%74%65%6e%74\/uploads\/2019\/09\/grafico-300x120.jpg 300w, https:\/\/www.infocampo.com.ar\/%77%70%2d%63%6f%6e%74%65%6e%74\/uploads\/2019\/09\/grafico-768x307.jpg 768w, https:\/\/www.infocampo.com.ar\/%77%70%2d%63%6f%6e%74%65%6e%74\/uploads\/2019\/09\/grafico-1024x409.jpg 1024w\" alt=\"\" width=\"1223\" height=\"489\" \/><\/p>\n<p>Si comparamos el\u00a0<strong>consumo total de carnes<\/strong>\u00a0actual con el de hace 10 a\u00f1os es exactamente el mismo,\u00a0<strong>110kg por habitante por a\u00f1o<\/strong>. Sucede que de ese entonces a la fecha se dio una\u00a0<strong>transferencia de casi 17kg de la carne vacuna hacia el pollo y el cerdo,<\/strong>\u00a0que sumaron 10kg y 7kg a su consumo per c\u00e1pita, respectivamente.<\/p>\n<p>En la actualidad, el consumo de estas\u00a0<strong>dos carnes combinadas (58kg)<\/strong>\u00a0supera en 7kg el consumo de carne vacuna (52kg).<\/p>\n<p><strong>\u00bfEs esta baja en el nivel de consumo local consecuencia de la actual p\u00e9rdida del poder adquisitivo del consumidor o hay otros factores que tambi\u00e9n est\u00e1n afectando la preferencia del consumo?<\/strong><\/p>\n<p>Pareciera ser que adem\u00e1s de razones coyunturales, existen otras que est\u00e1n influyendo cada vez con mayor fuerza sobre el consumo de carnes rojas en general, representan cambios en las tendencias de consumo que trascienden el \u00e1mbito nacional.<\/p>\n<p>\u201cTal es el caso del auge de\u00a0<strong>vegetarianos y veganos<\/strong>, de los desarrollos en materia de carne artificial, de las tendencias impuestas por las nuevas generaciones de consumidores, por los movimientos ambientalistas e incluso por un cambio en la dieta del propio consumidor tradicional de carnes\u201d, detall\u00f3 Rosgan.<\/p>\n","protected":false},"excerpt":{"rendered":"<p>As\u00ed lo asegur\u00f3 el \u00faltimo reporte semanal de Rosgan. El consumo interno de carne vacuna cay\u00f3 12% mientras que el de cerdo y pollo no mostr\u00f3 variaciones.<\/p>\n","protected":false},"author":2,"featured_media":23571,"comment_status":"open","ping_status":"open","sticky":false,"template":"","format":"standard","meta":{"fifu_image_url":"","fifu_image_alt":"","footnotes":""},"categories":[10],"tags":[389,393,162],"class_list":{"0":"post-36212","1":"post","2":"type-post","3":"status-publish","4":"format-standard","5":"has-post-thumbnail","7":"category-campo","8":"tag-carne","9":"tag-consumo","10":"tag-ganaderia"},"yoast_head":"<title>El consumo de carne vacuna contin\u00faa cayendo - Informe Litoral<\/title>\n<meta name=\"robots\" content=\"index, follow, max-snippet:-1, max-image-preview:large, max-video-preview:-1\" \/>\n<link rel=\"canonical\" href=\"https:\/\/informelitoral.com.ar\/el-consumo-de-carne-vacuna-continua-cayendo\/\" \/>\n<meta property=\"og:locale\" content=\"es_ES\" \/>\n<meta property=\"og:type\" content=\"article\" \/>\n<meta property=\"og:title\" content=\"El consumo de carne vacuna contin\u00faa cayendo - Informe Litoral\" \/>\n<meta property=\"og:description\" content=\"As\u00ed lo asegur\u00f3 el \u00faltimo reporte semanal de Rosgan. El consumo interno de carne vacuna cay\u00f3 12% mientras que el de cerdo y pollo no mostr\u00f3 variaciones.\" \/>\n<meta property=\"og:url\" content=\"https:\/\/informelitoral.com.ar\/el-consumo-de-carne-vacuna-continua-cayendo\/\" \/>\n<meta property=\"og:site_name\" content=\"Informe Litoral\" \/>\n<meta property=\"article:publisher\" content=\"https:\/\/www.facebook.com\/informelitoral\/\" \/>\n<meta property=\"article:published_time\" content=\"2019-09-05T11:40:32+00:00\" \/>\n<meta property=\"og:image\" content=\"https:\/\/informelitoral.com.ar\/%77%70%2d%63%6f%6e%74%65%6e%74\/uploads\/2017\/10\/carne.jpg\" \/>\n\t<meta property=\"og:image:width\" content=\"960\" \/>\n\t<meta property=\"og:image:height\" content=\"426\" \/>\n\t<meta property=\"og:image:type\" content=\"image\/jpeg\" \/>\n<meta name=\"author\" content=\"Gonzalo Schmidt\" \/>\n<meta name=\"twitter:card\" content=\"summary_large_image\" \/>\n<meta name=\"twitter:creator\" content=\"@InformeLitoral\" \/>\n<meta name=\"twitter:site\" content=\"@InformeLitoral\" \/>\n<meta name=\"twitter:label1\" content=\"Escrito por\" \/>\n\t<meta name=\"twitter:data1\" content=\"Gonzalo Schmidt\" \/>\n\t<meta name=\"twitter:label2\" content=\"Tiempo de lectura\" \/>\n\t<meta name=\"twitter:data2\" content=\"1 minuto\" \/>\n<script type=\"application\/ld+json\" class=\"yoast-schema-graph\">{\"@context\":\"https:\\\/\\\/schema.org\",\"@graph\":[{\"@type\":\"Article\",\"@id\":\"https:\\\/\\\/informelitoral.com.ar\\\/el-consumo-de-carne-vacuna-continua-cayendo\\\/#article\",\"isPartOf\":{\"@id\":\"https:\\\/\\\/informelitoral.com.ar\\\/el-consumo-de-carne-vacuna-continua-cayendo\\\/\"},\"author\":{\"name\":\"Gonzalo Schmidt\",\"@id\":\"https:\\\/\\\/informelitoral.com.ar\\\/#\\\/schema\\\/person\\\/b9d00407c836482871ef1d57bf8e3180\"},\"headline\":\"El consumo de carne vacuna contin\u00faa cayendo\",\"datePublished\":\"2019-09-05T11:40:32+00:00\",\"mainEntityOfPage\":{\"@id\":\"https:\\\/\\\/informelitoral.com.ar\\\/el-consumo-de-carne-vacuna-continua-cayendo\\\/\"},\"wordCount\":259,\"commentCount\":0,\"publisher\":{\"@id\":\"https:\\\/\\\/informelitoral.com.ar\\\/#organization\"},\"image\":{\"@id\":\"https:\\\/\\\/informelitoral.com.ar\\\/el-consumo-de-carne-vacuna-continua-cayendo\\\/#primaryimage\"},\"thumbnailUrl\":\"https:\\\/\\\/informelitoral.com.ar\\\/%77%70%2d%63%6f%6e%74%65%6e%74\\\/uploads\\\/2017\\\/10\\\/carne.jpg\",\"keywords\":[\"Carne\",\"Consumo\",\"Ganader\u00eda\"],\"articleSection\":[\"Campo\"],\"inLanguage\":\"es\",\"potentialAction\":[{\"@type\":\"CommentAction\",\"name\":\"Comment\",\"target\":[\"https:\\\/\\\/informelitoral.com.ar\\\/el-consumo-de-carne-vacuna-continua-cayendo\\\/#respond\"]}]},{\"@type\":\"WebPage\",\"@id\":\"https:\\\/\\\/informelitoral.com.ar\\\/el-consumo-de-carne-vacuna-continua-cayendo\\\/\",\"url\":\"https:\\\/\\\/informelitoral.com.ar\\\/el-consumo-de-carne-vacuna-continua-cayendo\\\/\",\"name\":\"El consumo de carne vacuna contin\u00faa cayendo - Informe Litoral\",\"isPartOf\":{\"@id\":\"https:\\\/\\\/informelitoral.com.ar\\\/#website\"},\"primaryImageOfPage\":{\"@id\":\"https:\\\/\\\/informelitoral.com.ar\\\/el-consumo-de-carne-vacuna-continua-cayendo\\\/#primaryimage\"},\"image\":{\"@id\":\"https:\\\/\\\/informelitoral.com.ar\\\/el-consumo-de-carne-vacuna-continua-cayendo\\\/#primaryimage\"},\"thumbnailUrl\":\"https:\\\/\\\/informelitoral.com.ar\\\/%77%70%2d%63%6f%6e%74%65%6e%74\\\/uploads\\\/2017\\\/10\\\/carne.jpg\",\"datePublished\":\"2019-09-05T11:40:32+00:00\",\"breadcrumb\":{\"@id\":\"https:\\\/\\\/informelitoral.com.ar\\\/el-consumo-de-carne-vacuna-continua-cayendo\\\/#breadcrumb\"},\"inLanguage\":\"es\",\"potentialAction\":[{\"@type\":\"ReadAction\",\"target\":[\"https:\\\/\\\/informelitoral.com.ar\\\/el-consumo-de-carne-vacuna-continua-cayendo\\\/\"]}]},{\"@type\":\"ImageObject\",\"inLanguage\":\"es\",\"@id\":\"https:\\\/\\\/informelitoral.com.ar\\\/el-consumo-de-carne-vacuna-continua-cayendo\\\/#primaryimage\",\"url\":\"https:\\\/\\\/informelitoral.com.ar\\\/%77%70%2d%63%6f%6e%74%65%6e%74\\\/uploads\\\/2017\\\/10\\\/carne.jpg\",\"contentUrl\":\"https:\\\/\\\/informelitoral.com.ar\\\/%77%70%2d%63%6f%6e%74%65%6e%74\\\/uploads\\\/2017\\\/10\\\/carne.jpg\",\"width\":960,\"height\":426},{\"@type\":\"BreadcrumbList\",\"@id\":\"https:\\\/\\\/informelitoral.com.ar\\\/el-consumo-de-carne-vacuna-continua-cayendo\\\/#breadcrumb\",\"itemListElement\":[{\"@type\":\"ListItem\",\"position\":1,\"name\":\"Portada\",\"item\":\"https:\\\/\\\/informelitoral.com.ar\\\/\"},{\"@type\":\"ListItem\",\"position\":2,\"name\":\"El consumo de carne vacuna contin\u00faa cayendo\"}]},{\"@type\":\"WebSite\",\"@id\":\"https:\\\/\\\/informelitoral.com.ar\\\/#website\",\"url\":\"https:\\\/\\\/informelitoral.com.ar\\\/\",\"name\":\"Informe Litoral\",\"description\":\"&quot;Nos informamos&quot; \",\"publisher\":{\"@id\":\"https:\\\/\\\/informelitoral.com.ar\\\/#organization\"},\"potentialAction\":[{\"@type\":\"SearchAction\",\"target\":{\"@type\":\"EntryPoint\",\"urlTemplate\":\"https:\\\/\\\/informelitoral.com.ar\\\/?s={search_term_string}\"},\"query-input\":{\"@type\":\"PropertyValueSpecification\",\"valueRequired\":true,\"valueName\":\"search_term_string\"}}],\"inLanguage\":\"es\"},{\"@type\":\"Organization\",\"@id\":\"https:\\\/\\\/informelitoral.com.ar\\\/#organization\",\"name\":\"Informe Litoral\",\"url\":\"https:\\\/\\\/informelitoral.com.ar\\\/\",\"logo\":{\"@type\":\"ImageObject\",\"inLanguage\":\"es\",\"@id\":\"https:\\\/\\\/informelitoral.com.ar\\\/#\\\/schema\\\/logo\\\/image\\\/\",\"url\":\"https:\\\/\\\/informelitoral.com.ar\\\/%77%70%2d%63%6f%6e%74%65%6e%74\\\/uploads\\\/2021\\\/01\\\/circulo.png\",\"contentUrl\":\"https:\\\/\\\/informelitoral.com.ar\\\/%77%70%2d%63%6f%6e%74%65%6e%74\\\/uploads\\\/2021\\\/01\\\/circulo.png\",\"width\":723,\"height\":731,\"caption\":\"Informe Litoral\"},\"image\":{\"@id\":\"https:\\\/\\\/informelitoral.com.ar\\\/#\\\/schema\\\/logo\\\/image\\\/\"},\"sameAs\":[\"https:\\\/\\\/www.facebook.com\\\/informelitoral\\\/\",\"https:\\\/\\\/x.com\\\/InformeLitoral\",\"https:\\\/\\\/www.instagram.com\\\/informelitoral\\\/\",\"https:\\\/\\\/www.youtube.com\\\/channel\\\/UCua4Qvz8Icb6MYqhoq9xLXw\"]},{\"@type\":\"Person\",\"@id\":\"https:\\\/\\\/informelitoral.com.ar\\\/#\\\/schema\\\/person\\\/b9d00407c836482871ef1d57bf8e3180\",\"name\":\"Gonzalo Schmidt\",\"image\":{\"@type\":\"ImageObject\",\"inLanguage\":\"es\",\"@id\":\"https:\\\/\\\/secure.gravatar.com\\\/avatar\\\/31a1a7b66ff2de83bd0e9fd79d026630d2d99e55e8bfe501287647b4fd9743de?s=96&d=mm&r=g\",\"url\":\"https:\\\/\\\/secure.gravatar.com\\\/avatar\\\/31a1a7b66ff2de83bd0e9fd79d026630d2d99e55e8bfe501287647b4fd9743de?s=96&d=mm&r=g\",\"contentUrl\":\"https:\\\/\\\/secure.gravatar.com\\\/avatar\\\/31a1a7b66ff2de83bd0e9fd79d026630d2d99e55e8bfe501287647b4fd9743de?s=96&d=mm&r=g\",\"caption\":\"Gonzalo Schmidt\"},\"description\":\"Sitio web de noticias de la provincia de Entre R\u00edos, Argentina. Informaci\u00f3n y entretenimiento. Informe Litoral, nos informamos.\",\"sameAs\":[\"http:\\\/\\\/www.isletasnoticias.com.ar\"],\"url\":\"https:\\\/\\\/informelitoral.com.ar\\\/author\\\/gonzalo\\\/\"}]}<\/script>","yoast_head_json":{"title":"El consumo de carne vacuna contin\u00faa cayendo - Informe Litoral","robots":{"index":"index","follow":"follow","max-snippet":"max-snippet:-1","max-image-preview":"max-image-preview:large","max-video-preview":"max-video-preview:-1"},"canonical":"https:\/\/informelitoral.com.ar\/el-consumo-de-carne-vacuna-continua-cayendo\/","og_locale":"es_ES","og_type":"article","og_title":"El consumo de carne vacuna contin\u00faa cayendo - Informe Litoral","og_description":"As\u00ed lo asegur\u00f3 el \u00faltimo reporte semanal de Rosgan. El consumo interno de carne vacuna cay\u00f3 12% mientras que el de cerdo y pollo no mostr\u00f3 variaciones.","og_url":"https:\/\/informelitoral.com.ar\/el-consumo-de-carne-vacuna-continua-cayendo\/","og_site_name":"Informe Litoral","article_publisher":"https:\/\/www.facebook.com\/informelitoral\/","article_published_time":"2019-09-05T11:40:32+00:00","og_image":[{"width":960,"height":426,"url":"https:\/\/informelitoral.com.ar\/%77%70%2d%63%6f%6e%74%65%6e%74\/uploads\/2017\/10\/carne.jpg","type":"image\/jpeg"}],"author":"Gonzalo Schmidt","twitter_card":"summary_large_image","twitter_creator":"@InformeLitoral","twitter_site":"@InformeLitoral","twitter_misc":{"Escrito por":"Gonzalo Schmidt","Tiempo de lectura":"1 minuto"},"schema":{"@context":"https:\/\/schema.org","@graph":[{"@type":"Article","@id":"https:\/\/informelitoral.com.ar\/el-consumo-de-carne-vacuna-continua-cayendo\/#article","isPartOf":{"@id":"https:\/\/informelitoral.com.ar\/el-consumo-de-carne-vacuna-continua-cayendo\/"},"author":{"name":"Gonzalo Schmidt","@id":"https:\/\/informelitoral.com.ar\/#\/schema\/person\/b9d00407c836482871ef1d57bf8e3180"},"headline":"El consumo de carne vacuna contin\u00faa cayendo","datePublished":"2019-09-05T11:40:32+00:00","mainEntityOfPage":{"@id":"https:\/\/informelitoral.com.ar\/el-consumo-de-carne-vacuna-continua-cayendo\/"},"wordCount":259,"commentCount":0,"publisher":{"@id":"https:\/\/informelitoral.com.ar\/#organization"},"image":{"@id":"https:\/\/informelitoral.com.ar\/el-consumo-de-carne-vacuna-continua-cayendo\/#primaryimage"},"thumbnailUrl":"https:\/\/informelitoral.com.ar\/%77%70%2d%63%6f%6e%74%65%6e%74\/uploads\/2017\/10\/carne.jpg","keywords":["Carne","Consumo","Ganader\u00eda"],"articleSection":["Campo"],"inLanguage":"es","potentialAction":[{"@type":"CommentAction","name":"Comment","target":["https:\/\/informelitoral.com.ar\/el-consumo-de-carne-vacuna-continua-cayendo\/#respond"]}]},{"@type":"WebPage","@id":"https:\/\/informelitoral.com.ar\/el-consumo-de-carne-vacuna-continua-cayendo\/","url":"https:\/\/informelitoral.com.ar\/el-consumo-de-carne-vacuna-continua-cayendo\/","name":"El consumo de carne vacuna contin\u00faa cayendo - Informe Litoral","isPartOf":{"@id":"https:\/\/informelitoral.com.ar\/#website"},"primaryImageOfPage":{"@id":"https:\/\/informelitoral.com.ar\/el-consumo-de-carne-vacuna-continua-cayendo\/#primaryimage"},"image":{"@id":"https:\/\/informelitoral.com.ar\/el-consumo-de-carne-vacuna-continua-cayendo\/#primaryimage"},"thumbnailUrl":"https:\/\/informelitoral.com.ar\/%77%70%2d%63%6f%6e%74%65%6e%74\/uploads\/2017\/10\/carne.jpg","datePublished":"2019-09-05T11:40:32+00:00","breadcrumb":{"@id":"https:\/\/informelitoral.com.ar\/el-consumo-de-carne-vacuna-continua-cayendo\/#breadcrumb"},"inLanguage":"es","potentialAction":[{"@type":"ReadAction","target":["https:\/\/informelitoral.com.ar\/el-consumo-de-carne-vacuna-continua-cayendo\/"]}]},{"@type":"ImageObject","inLanguage":"es","@id":"https:\/\/informelitoral.com.ar\/el-consumo-de-carne-vacuna-continua-cayendo\/#primaryimage","url":"https:\/\/informelitoral.com.ar\/%77%70%2d%63%6f%6e%74%65%6e%74\/uploads\/2017\/10\/carne.jpg","contentUrl":"https:\/\/informelitoral.com.ar\/%77%70%2d%63%6f%6e%74%65%6e%74\/uploads\/2017\/10\/carne.jpg","width":960,"height":426},{"@type":"BreadcrumbList","@id":"https:\/\/informelitoral.com.ar\/el-consumo-de-carne-vacuna-continua-cayendo\/#breadcrumb","itemListElement":[{"@type":"ListItem","position":1,"name":"Portada","item":"https:\/\/informelitoral.com.ar\/"},{"@type":"ListItem","position":2,"name":"El consumo de carne vacuna contin\u00faa cayendo"}]},{"@type":"WebSite","@id":"https:\/\/informelitoral.com.ar\/#website","url":"https:\/\/informelitoral.com.ar\/","name":"Informe Litoral","description":"&quot;Nos informamos&quot; ","publisher":{"@id":"https:\/\/informelitoral.com.ar\/#organization"},"potentialAction":[{"@type":"SearchAction","target":{"@type":"EntryPoint","urlTemplate":"https:\/\/informelitoral.com.ar\/?s={search_term_string}"},"query-input":{"@type":"PropertyValueSpecification","valueRequired":true,"valueName":"search_term_string"}}],"inLanguage":"es"},{"@type":"Organization","@id":"https:\/\/informelitoral.com.ar\/#organization","name":"Informe Litoral","url":"https:\/\/informelitoral.com.ar\/","logo":{"@type":"ImageObject","inLanguage":"es","@id":"https:\/\/informelitoral.com.ar\/#\/schema\/logo\/image\/","url":"https:\/\/informelitoral.com.ar\/%77%70%2d%63%6f%6e%74%65%6e%74\/uploads\/2021\/01\/circulo.png","contentUrl":"https:\/\/informelitoral.com.ar\/%77%70%2d%63%6f%6e%74%65%6e%74\/uploads\/2021\/01\/circulo.png","width":723,"height":731,"caption":"Informe Litoral"},"image":{"@id":"https:\/\/informelitoral.com.ar\/#\/schema\/logo\/image\/"},"sameAs":["https:\/\/www.facebook.com\/informelitoral\/","https:\/\/x.com\/InformeLitoral","https:\/\/www.instagram.com\/informelitoral\/","https:\/\/www.youtube.com\/channel\/UCua4Qvz8Icb6MYqhoq9xLXw"]},{"@type":"Person","@id":"https:\/\/informelitoral.com.ar\/#\/schema\/person\/b9d00407c836482871ef1d57bf8e3180","name":"Gonzalo Schmidt","image":{"@type":"ImageObject","inLanguage":"es","@id":"https:\/\/secure.gravatar.com\/avatar\/31a1a7b66ff2de83bd0e9fd79d026630d2d99e55e8bfe501287647b4fd9743de?s=96&d=mm&r=g","url":"https:\/\/secure.gravatar.com\/avatar\/31a1a7b66ff2de83bd0e9fd79d026630d2d99e55e8bfe501287647b4fd9743de?s=96&d=mm&r=g","contentUrl":"https:\/\/secure.gravatar.com\/avatar\/31a1a7b66ff2de83bd0e9fd79d026630d2d99e55e8bfe501287647b4fd9743de?s=96&d=mm&r=g","caption":"Gonzalo Schmidt"},"description":"Sitio web de noticias de la provincia de Entre R\u00edos, Argentina. Informaci\u00f3n y entretenimiento. Informe Litoral, nos informamos.","sameAs":["http:\/\/www.isletasnoticias.com.ar"],"url":"https:\/\/informelitoral.com.ar\/author\/gonzalo\/"}]}},"_links":{"self":[{"href":"https:\/\/informelitoral.com.ar\/%77%70%2d%6a%73%6f%6e\/wp\/v2\/posts\/36212","targetHints":{"allow":["GET"]}}],"collection":[{"href":"https:\/\/informelitoral.com.ar\/%77%70%2d%6a%73%6f%6e\/wp\/v2\/posts"}],"about":[{"href":"https:\/\/informelitoral.com.ar\/%77%70%2d%6a%73%6f%6e\/wp\/v2\/types\/post"}],"author":[{"embeddable":true,"href":"https:\/\/informelitoral.com.ar\/%77%70%2d%6a%73%6f%6e\/wp\/v2\/users\/2"}],"replies":[{"embeddable":true,"href":"https:\/\/informelitoral.com.ar\/%77%70%2d%6a%73%6f%6e\/wp\/v2\/comments?post=36212"}],"version-history":[{"count":0,"href":"https:\/\/informelitoral.com.ar\/%77%70%2d%6a%73%6f%6e\/wp\/v2\/posts\/36212\/revisions"}],"wp:featuredmedia":[{"embeddable":true,"href":"https:\/\/informelitoral.com.ar\/%77%70%2d%6a%73%6f%6e\/wp\/v2\/media\/23571"}],"wp:attachment":[{"href":"https:\/\/informelitoral.com.ar\/%77%70%2d%6a%73%6f%6e\/wp\/v2\/media?parent=36212"}],"wp:term":[{"taxonomy":"category","embeddable":true,"href":"https:\/\/informelitoral.com.ar\/%77%70%2d%6a%73%6f%6e\/wp\/v2\/categories?post=36212"},{"taxonomy":"post_tag","embeddable":true,"href":"https:\/\/informelitoral.com.ar\/%77%70%2d%6a%73%6f%6e\/wp\/v2\/tags?post=36212"}],"curies":[{"name":"wp","href":"https:\/\/api.w.org\/{rel}","templated":true}]}}