{"id":3620,"date":"2013-10-11T16:01:19","date_gmt":"2013-10-11T19:01:19","guid":{"rendered":"http:\/\/www.isletasnoticias.com.ar\/?p=3620"},"modified":"2013-10-11T19:29:53","modified_gmt":"2013-10-11T22:29:53","slug":"lisandro-viale-votar-al-oficialismo-o-a-de-angeli-es-votar-mas-peronismo","status":"publish","type":"post","link":"https:\/\/informelitoral.com.ar\/lisandro-viale-votar-al-oficialismo-o-a-de-angeli-es-votar-mas-peronismo\/","title":{"rendered":"Lisandro Viale: \u201cvotar al oficialismo o a De \u00c1ngeli es votar m\u00e1s peronismo\u201d"},"content":{"rendered":"<p><b>\u00a0\u00a0En declaraciones a <i>ISLETAS NOTICIAS <\/i>y<i> FM ECO, <\/i>el candidato a senador nacional por el Frente Amplio Progresista (FAP) <i>Lisandro Viale, <\/i>enumer\u00f3 algunas de las propuestas del socialismo, entre las que destac\u00f3 \u00abun manejo transparente de la cosa p\u00fablica y una equitativa distribuci\u00f3n de la riqueza\u00bb. Viale, fue cr\u00edtico con el FPV y Uni\u00f3n por Entre R\u00edos, al afirmar que: \u201cvotar al oficialismo o a De \u00c1ngeli es votar m\u00e1s peronismo\u201d. Adem\u00e1s destac\u00f3 la figura de <em>Hermes <\/em><\/b><strong><em>Binner<\/em> a nivel nacional, entre otros temas.<\/strong><\/p>\n<p style=\"text-align: center;\"><img loading=\"lazy\" decoding=\"async\" class=\"size-medium wp-image-3621 aligncenter\" title=\"Lisandro Viale candidato a senador por el FAP, en di\u00e1logo con IN.\" alt=\"\" src=\"http:\/\/www.isletasnoticias.com.ar\/%77%70%2d%63%6f%6e%74%65%6e%74\/uploads\/2013\/10\/FOTO-IN-300x225.jpg\" width=\"300\" height=\"225\" srcset=\"https:\/\/informelitoral.com.ar\/%77%70%2d%63%6f%6e%74%65%6e%74\/uploads\/2013\/10\/FOTO-IN-300x225.jpg 300w, https:\/\/informelitoral.com.ar\/%77%70%2d%63%6f%6e%74%65%6e%74\/uploads\/2013\/10\/FOTO-IN-1024x768.jpg 1024w, https:\/\/informelitoral.com.ar\/%77%70%2d%63%6f%6e%74%65%6e%74\/uploads\/2013\/10\/FOTO-IN.jpg 2048w\" sizes=\"auto, (max-width: 300px) 100vw, 300px\" \/><\/p>\n<p><b><a href=\"http:\/\/www.isletasnoticias.com.ar\/%77%70%2d%63%6f%6e%74%65%6e%74\/uploads\/2013\/10\/viale.jpg\"><img loading=\"lazy\" decoding=\"async\" class=\"size-medium wp-image-3622 alignright\" title=\"Diputado Lisandro Viale.\" alt=\"\" src=\"http:\/\/www.isletasnoticias.com.ar\/%77%70%2d%63%6f%6e%74%65%6e%74\/uploads\/2013\/10\/viale-263x300.jpg\" width=\"263\" height=\"300\" srcset=\"https:\/\/informelitoral.com.ar\/%77%70%2d%63%6f%6e%74%65%6e%74\/uploads\/2013\/10\/viale-263x300.jpg 263w, https:\/\/informelitoral.com.ar\/%77%70%2d%63%6f%6e%74%65%6e%74\/uploads\/2013\/10\/viale.jpg 420w\" sizes=\"auto, (max-width: 263px) 100vw, 263px\" \/><\/a>\u00a0\u00a0<\/b>El Ingeniero agr\u00f3nomo <b>Lisandro \u00a0Alfredo Viale (47)<\/b>, es el candidato a senador nacional por el Frente Amplio Progresista (FAP) que lleva como postulante a diputado a <b>Am\u00e9rico Schvartzman<\/b>. En di\u00e1logo con <b><i>IN<\/i><\/b>, de cara a los comicios legislativos, Viale expres\u00f3: \u201cDos elecciones en un mismo periodo es un traj\u00edn bastante intenso, pero la gente de a poco se est\u00e1 acercando y va comprendiendo que el voto\u00a0del 27 de octubre tiene su importancia y es definitivo\u201d. \u00a0En ese sentido, destac\u00f3 que \u201c<span style=\"text-decoration: underline;\">el Frente Amplio Progresista, est\u00e1 abocado en poder tener un legislador nacional y creo que estamos a muy pocos puntos de lograrlo<\/span>\u201d. Avizor\u00f3 Viale, quien remarc\u00f3 la importancia de que el socialismo consiga una banca en el Congreso: \u201c<span style=\"text-decoration: underline;\">en Entre R\u00edos estar\u00edamos ante un hecho hist\u00f3rico, porque ser\u00eda la primera vez que cuatro fuerzas pol\u00edticas distribuir\u00edan cinco diputados nacionales<\/span>. Ese oxigenamiento de los Partidos le hace bien a la democracia, para mejorar la calidad institucional;\u201d formul\u00f3.<\/p>\n<p>\u201c<span style=\"text-decoration: underline;\">Los socialistas tenemos qu\u00e9 mostrar<\/span>\u201d; afirm\u00f3 el candidato del FAP al exponer el trabajo llevado adelante en los \u00faltimos a\u00f1os por su Partido, tanto en el Congreso Nacional, como en la Legislatura Provincial. \u201cDurante cuatro a\u00f1os hicimos un importante labor en el Congreso, ya que presentamos m\u00e1s de 130 proyectos en ese periodo, en la defensa del peque\u00f1o y mediano productor, la industria, los trabajadores y los derechos sociales. Mientras que\u00a0 en la Legislatura Provincial estamos cumpliendo el segundo a\u00f1o de mandato y ya tenemos 60 iniciativas parlamentarias. No solamente decimos lo que vamos a hacer, sino que tambi\u00e9n mostramos lo que hicimos\u201d. Subray\u00f3\u00a0 Viale.<\/p>\n<p>Al ser consultado sobre la figura de <b>Hermes Binner<\/b>, el legislador entrerriano coment\u00f3: \u201clo vemos con muchas expectativas. <span style=\"text-decoration: underline;\">Creemos que va a seguir creciendo a nivel nacional y que ser\u00e1 presidenciable en 2015.<\/span> <span style=\"text-decoration: underline;\">Es importante que los entrerrianos tambi\u00e9n acompa\u00f1en para tener mayor amplitud en todo el territorio, si es qu<\/span><span style=\"text-decoration: underline;\">e verdaderamente tenemos ganas de transformar esta sociedad que est\u00e1 golpeada, gastada y con mucha corrupci\u00f3n<\/span>\u201d. \u00a0En este sentido puso como ejemplo al sector agropecuario y lament\u00f3 que actualmente haya \u201cun olvido \u00a0de los peque\u00f1os y medianos productores, porque hab\u00eda una suerte de espejismo, donde pensaban que a todos los que est\u00e1bamos en el sector \u00a0nos iba bien, pero los beneficiados fueron unos pocos. Cada d\u00eda vemos como familias enteras se tienen que desarraigar de su campo, porque la carga impositiva no da para m\u00e1s. Si uno no tiene una espalda grande el cuerpito termina cediendo. Hay una fractura del tejido social rural y eso deber\u00eda preocuparnos a todos\u201d. \u00a0Dijo el dirigente entrerriano, oriundo de Rosario.<\/p>\n<p>En cuanto a las tres fuerzas que pelean por los primeros lugares en los pr\u00f3ximos comicios, como lo son el Frente Para la Victoria, la Uni\u00f3n C\u00edvica Radical y Uni\u00f3n por Entre R\u00edos; el candidato del socialismo critic\u00f3 a\u00a0 Urribarri, porque \u201cni si quiera ha mostrado quienes son sus candidatos a diputados y senadores; nos gustar\u00eda conocer por ejemplo, el trabajo de Guastavino a lo largo de estos a\u00f1os\u201d. Respecto a Uni\u00f3n por Entre R\u00edos, Viale la compar\u00f3 con el oficialismo: <span style=\"text-decoration: underline;\">\u201c<b>Alfredo De \u00c1ngeli<\/b>, hizo una alianza con <b>Mauricio Macri<\/b>, que es quien le paga la campa\u00f1a a nivel nacional y con <b>Jorge Pedro Busti<\/b>, padre pol\u00edtico de <b>Sergio Urribarri<\/b>, por ende votar al oficialismo o a De Angeli es votar m\u00e1s peronismo\u201d.<\/span><\/p>\n<p>Lisandro Viale, tambi\u00e9n aprovech\u00f3 para destacar los logros de la gesti\u00f3n santafecina: \u201cEl socialismo puede exhibir gesti\u00f3n de gobierno en Santa Fe, donde un maestro gana $5.000 de bolsillo cuando reci\u00e9n empieza y en Entre R\u00edos gana 3.100 pesos. Un agente de polic\u00eda cobra 5.500, contra 1.500 pesos de un entrerriano, lo mismo sucede con los agentes de salud y otros sectores. No es que el clima de Santa Fe es mejor que el de Entre R\u00edos o que \u00a0la tierra sea m\u00e1s rica, o que el santafesino sea m\u00e1s inteligente; simplemente hay otra gesti\u00f3n de gobierno como es el Frente Progresista\u201d. Enfatiz\u00f3 Viale y recalc\u00f3 nuevamente: \u201cAc\u00e1 tenemos esa posibilidad, <span style=\"text-decoration: underline;\">el que quiera cambiar nos puede votar y el que quiera seguir como estamos, con inflaci\u00f3n, corrupci\u00f3n lo tienen a De Angel<\/span><span style=\"text-decoration: underline;\">i o Urribarri<\/span>\u201d.<\/p>\n<p>Sobre las <b>principales propuestas<\/b> en caso de resultar electo,\u00a0 Lisandro Viale enumer\u00f3 la \u201cdefensa del peque\u00f1o y mediano productor, con la segmentaci\u00f3n de las retenciones y la necesidad de una nueva ley de arrendamiento\u201d. Tambi\u00e9n consider\u00f3 como fundamental la \u201cmayor transparencia en la administraci\u00f3n de la cosa p\u00fablica, una reforma tributaria para que no pague siempre el pobre y el rico eluda los impuestos. Hay mucha inequidad, porque se ve claramente que hay un pu\u00f1ado de gente que le ha ido extraordinariamente bien y la inmensa mayor\u00eda de los argentinos y argentinas miran la fiambrera. <span style=\"text-decoration: underline;\">Es hora de cambiar la realidad y para eso hay que cambiar los representantes en el Congreso. El peronismo por cada cord\u00f3n cuneta que hace se roba una Ferrari<\/span>\u201d. Expres\u00f3.<\/p>\n<p style=\"text-align: left;\">\u00a0 Desde algunos sectores se prev\u00e9 que los pr\u00f3ximos comicios comenzar\u00e1n a marcar el final del kirchnerismo y Viale al ser consultado al respecto sostuvo: \u201cAc\u00e1 lo importante no es si se termina o no.\u00a0 Lo que importa es generar una fuerza pol\u00edtica distinta. <span style=\"text-decoration: underline;\">En nuestro caso no somos anti nadie, somos Socialista<\/span><span style=\"text-decoration: underline;\">s que quieren un frente pol\u00edtico con gente decente y progresista. Tenemos la necesidad de ir consolidando una fuerza en Entre R\u00edos que intente parecerse a Santa F\u00e9 en las cosas positivas.<\/span> Contamos con una democracia de 30 a\u00f1os y es hora que se d\u00e9 respuesta a la inmensa mayor\u00eda de los argentinos.\u00a0 Como dec\u00eda Don <b>Ra\u00fal Alfons\u00edn<\/b>, con la democracia se ten\u00eda que comer, educar\u00a0 y curar. Estas tres cosas no las tiene gran parte de la poblaci\u00f3n\u201d; culmin\u00f3 el candidato a legislador por el FAP.<\/p>\n","protected":false},"excerpt":{"rendered":"<p>&nbsp;&nbsp;En declaraciones a ISLETAS NOTICIAS y FM ECO, el candidato a senador nacional por el Frente Amplio Progresista (FAP) Lisandro Viale, enumer&oacute; algunas de las propuestas del socialismo, entre las que destac&oacute; &laquo;un manejo transparente de la cosa p&uacute;blica y una equitativa distribuci&oacute;n de la riqueza&raquo;. Viale, fue cr&iacute;tico con el FPV y Uni&oacute;n por [&hellip;]<\/p>\n","protected":false},"author":2,"featured_media":0,"comment_status":"open","ping_status":"open","sticky":false,"template":"","format":"standard","meta":{"fifu_image_url":"","fifu_image_alt":"","footnotes":""},"categories":[6,16],"tags":[],"class_list":{"0":"post-3620","1":"post","2":"type-post","3":"status-publish","4":"format-standard","6":"category-entre-rios","7":"category-politi"},"yoast_head":"<title>Lisandro Viale: \u201cvotar al oficialismo o a De \u00c1ngeli es votar m\u00e1s peronismo\u201d - Informe Litoral<\/title>\n<meta name=\"robots\" content=\"index, follow, max-snippet:-1, max-image-preview:large, max-video-preview:-1\" \/>\n<link rel=\"canonical\" href=\"https:\/\/informelitoral.com.ar\/lisandro-viale-votar-al-oficialismo-o-a-de-angeli-es-votar-mas-peronismo\/\" \/>\n<meta property=\"og:locale\" content=\"es_ES\" \/>\n<meta property=\"og:type\" content=\"article\" \/>\n<meta property=\"og:title\" content=\"Lisandro Viale: \u201cvotar al oficialismo o a De \u00c1ngeli es votar m\u00e1s peronismo\u201d - Informe Litoral\" \/>\n<meta property=\"og:description\" content=\"&nbsp;&nbsp;En declaraciones a ISLETAS NOTICIAS y FM ECO, el candidato a senador nacional por el Frente Amplio Progresista (FAP) Lisandro Viale, enumer&oacute; algunas de las propuestas del socialismo, entre las que destac&oacute; &laquo;un manejo transparente de la cosa p&uacute;blica y una equitativa distribuci&oacute;n de la riqueza&raquo;. Viale, fue cr&iacute;tico con el FPV y Uni&oacute;n por [&hellip;]\" \/>\n<meta property=\"og:url\" content=\"https:\/\/informelitoral.com.ar\/lisandro-viale-votar-al-oficialismo-o-a-de-angeli-es-votar-mas-peronismo\/\" \/>\n<meta property=\"og:site_name\" content=\"Informe Litoral\" \/>\n<meta property=\"article:publisher\" content=\"https:\/\/www.facebook.com\/informelitoral\/\" \/>\n<meta property=\"article:published_time\" content=\"2013-10-11T19:01:19+00:00\" \/>\n<meta property=\"article:modified_time\" content=\"2013-10-11T22:29:53+00:00\" \/>\n<meta property=\"og:image\" content=\"https:\/\/informelitoral.com.ar\/%77%70%2d%63%6f%6e%74%65%6e%74\/uploads\/2013\/10\/FOTO-IN.jpg\" \/>\n\t<meta property=\"og:image:width\" content=\"2048\" \/>\n\t<meta property=\"og:image:height\" content=\"1536\" \/>\n\t<meta property=\"og:image:type\" content=\"image\/jpeg\" \/>\n<meta name=\"author\" content=\"Gonzalo Schmidt\" \/>\n<meta name=\"twitter:card\" content=\"summary_large_image\" \/>\n<meta name=\"twitter:creator\" content=\"@InformeLitoral\" \/>\n<meta name=\"twitter:site\" content=\"@InformeLitoral\" \/>\n<meta name=\"twitter:label1\" content=\"Escrito por\" \/>\n\t<meta name=\"twitter:data1\" content=\"Gonzalo Schmidt\" \/>\n\t<meta name=\"twitter:label2\" content=\"Tiempo de lectura\" \/>\n\t<meta name=\"twitter:data2\" content=\"5 minutos\" \/>\n<script type=\"application\/ld+json\" class=\"yoast-schema-graph\">{\"@context\":\"https:\\\/\\\/schema.org\",\"@graph\":[{\"@type\":\"Article\",\"@id\":\"https:\\\/\\\/informelitoral.com.ar\\\/lisandro-viale-votar-al-oficialismo-o-a-de-angeli-es-votar-mas-peronismo\\\/#article\",\"isPartOf\":{\"@id\":\"https:\\\/\\\/informelitoral.com.ar\\\/lisandro-viale-votar-al-oficialismo-o-a-de-angeli-es-votar-mas-peronismo\\\/\"},\"author\":{\"name\":\"Gonzalo Schmidt\",\"@id\":\"https:\\\/\\\/informelitoral.com.ar\\\/#\\\/schema\\\/person\\\/b9d00407c836482871ef1d57bf8e3180\"},\"headline\":\"Lisandro Viale: \u201cvotar al oficialismo o a De \u00c1ngeli es votar m\u00e1s peronismo\u201d\",\"datePublished\":\"2013-10-11T19:01:19+00:00\",\"dateModified\":\"2013-10-11T22:29:53+00:00\",\"mainEntityOfPage\":{\"@id\":\"https:\\\/\\\/informelitoral.com.ar\\\/lisandro-viale-votar-al-oficialismo-o-a-de-angeli-es-votar-mas-peronismo\\\/\"},\"wordCount\":1116,\"commentCount\":0,\"publisher\":{\"@id\":\"https:\\\/\\\/informelitoral.com.ar\\\/#organization\"},\"image\":{\"@id\":\"https:\\\/\\\/informelitoral.com.ar\\\/lisandro-viale-votar-al-oficialismo-o-a-de-angeli-es-votar-mas-peronismo\\\/#primaryimage\"},\"thumbnailUrl\":\"http:\\\/\\\/www.isletasnoticias.com.ar\\\/%77%70%2d%63%6f%6e%74%65%6e%74\\\/uploads\\\/2013\\\/10\\\/FOTO-IN-300x225.jpg\",\"articleSection\":[\"Entre R\u00edos\",\"Politica\"],\"inLanguage\":\"es\",\"potentialAction\":[{\"@type\":\"CommentAction\",\"name\":\"Comment\",\"target\":[\"https:\\\/\\\/informelitoral.com.ar\\\/lisandro-viale-votar-al-oficialismo-o-a-de-angeli-es-votar-mas-peronismo\\\/#respond\"]}]},{\"@type\":\"WebPage\",\"@id\":\"https:\\\/\\\/informelitoral.com.ar\\\/lisandro-viale-votar-al-oficialismo-o-a-de-angeli-es-votar-mas-peronismo\\\/\",\"url\":\"https:\\\/\\\/informelitoral.com.ar\\\/lisandro-viale-votar-al-oficialismo-o-a-de-angeli-es-votar-mas-peronismo\\\/\",\"name\":\"Lisandro Viale: \u201cvotar al oficialismo o a De \u00c1ngeli es votar m\u00e1s peronismo\u201d - Informe Litoral\",\"isPartOf\":{\"@id\":\"https:\\\/\\\/informelitoral.com.ar\\\/#website\"},\"primaryImageOfPage\":{\"@id\":\"https:\\\/\\\/informelitoral.com.ar\\\/lisandro-viale-votar-al-oficialismo-o-a-de-angeli-es-votar-mas-peronismo\\\/#primaryimage\"},\"image\":{\"@id\":\"https:\\\/\\\/informelitoral.com.ar\\\/lisandro-viale-votar-al-oficialismo-o-a-de-angeli-es-votar-mas-peronismo\\\/#primaryimage\"},\"thumbnailUrl\":\"http:\\\/\\\/www.isletasnoticias.com.ar\\\/%77%70%2d%63%6f%6e%74%65%6e%74\\\/uploads\\\/2013\\\/10\\\/FOTO-IN-300x225.jpg\",\"datePublished\":\"2013-10-11T19:01:19+00:00\",\"dateModified\":\"2013-10-11T22:29:53+00:00\",\"breadcrumb\":{\"@id\":\"https:\\\/\\\/informelitoral.com.ar\\\/lisandro-viale-votar-al-oficialismo-o-a-de-angeli-es-votar-mas-peronismo\\\/#breadcrumb\"},\"inLanguage\":\"es\",\"potentialAction\":[{\"@type\":\"ReadAction\",\"target\":[\"https:\\\/\\\/informelitoral.com.ar\\\/lisandro-viale-votar-al-oficialismo-o-a-de-angeli-es-votar-mas-peronismo\\\/\"]}]},{\"@type\":\"ImageObject\",\"inLanguage\":\"es\",\"@id\":\"https:\\\/\\\/informelitoral.com.ar\\\/lisandro-viale-votar-al-oficialismo-o-a-de-angeli-es-votar-mas-peronismo\\\/#primaryimage\",\"url\":\"http:\\\/\\\/www.isletasnoticias.com.ar\\\/%77%70%2d%63%6f%6e%74%65%6e%74\\\/uploads\\\/2013\\\/10\\\/FOTO-IN-300x225.jpg\",\"contentUrl\":\"http:\\\/\\\/www.isletasnoticias.com.ar\\\/%77%70%2d%63%6f%6e%74%65%6e%74\\\/uploads\\\/2013\\\/10\\\/FOTO-IN-300x225.jpg\"},{\"@type\":\"BreadcrumbList\",\"@id\":\"https:\\\/\\\/informelitoral.com.ar\\\/lisandro-viale-votar-al-oficialismo-o-a-de-angeli-es-votar-mas-peronismo\\\/#breadcrumb\",\"itemListElement\":[{\"@type\":\"ListItem\",\"position\":1,\"name\":\"Portada\",\"item\":\"https:\\\/\\\/informelitoral.com.ar\\\/\"},{\"@type\":\"ListItem\",\"position\":2,\"name\":\"Lisandro Viale: \u201cvotar al oficialismo o a De \u00c1ngeli es votar m\u00e1s peronismo\u201d\"}]},{\"@type\":\"WebSite\",\"@id\":\"https:\\\/\\\/informelitoral.com.ar\\\/#website\",\"url\":\"https:\\\/\\\/informelitoral.com.ar\\\/\",\"name\":\"Informe Litoral\",\"description\":\"&quot;Nos informamos&quot; \",\"publisher\":{\"@id\":\"https:\\\/\\\/informelitoral.com.ar\\\/#organization\"},\"potentialAction\":[{\"@type\":\"SearchAction\",\"target\":{\"@type\":\"EntryPoint\",\"urlTemplate\":\"https:\\\/\\\/informelitoral.com.ar\\\/?s={search_term_string}\"},\"query-input\":{\"@type\":\"PropertyValueSpecification\",\"valueRequired\":true,\"valueName\":\"search_term_string\"}}],\"inLanguage\":\"es\"},{\"@type\":\"Organization\",\"@id\":\"https:\\\/\\\/informelitoral.com.ar\\\/#organization\",\"name\":\"Informe Litoral\",\"url\":\"https:\\\/\\\/informelitoral.com.ar\\\/\",\"logo\":{\"@type\":\"ImageObject\",\"inLanguage\":\"es\",\"@id\":\"https:\\\/\\\/informelitoral.com.ar\\\/#\\\/schema\\\/logo\\\/image\\\/\",\"url\":\"https:\\\/\\\/informelitoral.com.ar\\\/%77%70%2d%63%6f%6e%74%65%6e%74\\\/uploads\\\/2021\\\/01\\\/circulo.png\",\"contentUrl\":\"https:\\\/\\\/informelitoral.com.ar\\\/%77%70%2d%63%6f%6e%74%65%6e%74\\\/uploads\\\/2021\\\/01\\\/circulo.png\",\"width\":723,\"height\":731,\"caption\":\"Informe Litoral\"},\"image\":{\"@id\":\"https:\\\/\\\/informelitoral.com.ar\\\/#\\\/schema\\\/logo\\\/image\\\/\"},\"sameAs\":[\"https:\\\/\\\/www.facebook.com\\\/informelitoral\\\/\",\"https:\\\/\\\/x.com\\\/InformeLitoral\",\"https:\\\/\\\/www.instagram.com\\\/informelitoral\\\/\",\"https:\\\/\\\/www.youtube.com\\\/channel\\\/UCua4Qvz8Icb6MYqhoq9xLXw\"]},{\"@type\":\"Person\",\"@id\":\"https:\\\/\\\/informelitoral.com.ar\\\/#\\\/schema\\\/person\\\/b9d00407c836482871ef1d57bf8e3180\",\"name\":\"Gonzalo Schmidt\",\"image\":{\"@type\":\"ImageObject\",\"inLanguage\":\"es\",\"@id\":\"https:\\\/\\\/secure.gravatar.com\\\/avatar\\\/31a1a7b66ff2de83bd0e9fd79d026630d2d99e55e8bfe501287647b4fd9743de?s=96&d=mm&r=g\",\"url\":\"https:\\\/\\\/secure.gravatar.com\\\/avatar\\\/31a1a7b66ff2de83bd0e9fd79d026630d2d99e55e8bfe501287647b4fd9743de?s=96&d=mm&r=g\",\"contentUrl\":\"https:\\\/\\\/secure.gravatar.com\\\/avatar\\\/31a1a7b66ff2de83bd0e9fd79d026630d2d99e55e8bfe501287647b4fd9743de?s=96&d=mm&r=g\",\"caption\":\"Gonzalo Schmidt\"},\"description\":\"Sitio web de noticias de la provincia de Entre R\u00edos, Argentina. Informaci\u00f3n y entretenimiento. Informe Litoral, nos informamos.\",\"sameAs\":[\"http:\\\/\\\/www.isletasnoticias.com.ar\"],\"url\":\"https:\\\/\\\/informelitoral.com.ar\\\/author\\\/gonzalo\\\/\"}]}<\/script>","yoast_head_json":{"title":"Lisandro Viale: \u201cvotar al oficialismo o a De \u00c1ngeli es votar m\u00e1s peronismo\u201d - Informe Litoral","robots":{"index":"index","follow":"follow","max-snippet":"max-snippet:-1","max-image-preview":"max-image-preview:large","max-video-preview":"max-video-preview:-1"},"canonical":"https:\/\/informelitoral.com.ar\/lisandro-viale-votar-al-oficialismo-o-a-de-angeli-es-votar-mas-peronismo\/","og_locale":"es_ES","og_type":"article","og_title":"Lisandro Viale: \u201cvotar al oficialismo o a De \u00c1ngeli es votar m\u00e1s peronismo\u201d - Informe Litoral","og_description":"&nbsp;&nbsp;En declaraciones a ISLETAS NOTICIAS y FM ECO, el candidato a senador nacional por el Frente Amplio Progresista (FAP) Lisandro Viale, enumer&oacute; algunas de las propuestas del socialismo, entre las que destac&oacute; &laquo;un manejo transparente de la cosa p&uacute;blica y una equitativa distribuci&oacute;n de la riqueza&raquo;. Viale, fue cr&iacute;tico con el FPV y Uni&oacute;n por [&hellip;]","og_url":"https:\/\/informelitoral.com.ar\/lisandro-viale-votar-al-oficialismo-o-a-de-angeli-es-votar-mas-peronismo\/","og_site_name":"Informe Litoral","article_publisher":"https:\/\/www.facebook.com\/informelitoral\/","article_published_time":"2013-10-11T19:01:19+00:00","article_modified_time":"2013-10-11T22:29:53+00:00","og_image":[{"width":2048,"height":1536,"url":"https:\/\/informelitoral.com.ar\/%77%70%2d%63%6f%6e%74%65%6e%74\/uploads\/2013\/10\/FOTO-IN.jpg","type":"image\/jpeg"}],"author":"Gonzalo Schmidt","twitter_card":"summary_large_image","twitter_creator":"@InformeLitoral","twitter_site":"@InformeLitoral","twitter_misc":{"Escrito por":"Gonzalo Schmidt","Tiempo de lectura":"5 minutos"},"schema":{"@context":"https:\/\/schema.org","@graph":[{"@type":"Article","@id":"https:\/\/informelitoral.com.ar\/lisandro-viale-votar-al-oficialismo-o-a-de-angeli-es-votar-mas-peronismo\/#article","isPartOf":{"@id":"https:\/\/informelitoral.com.ar\/lisandro-viale-votar-al-oficialismo-o-a-de-angeli-es-votar-mas-peronismo\/"},"author":{"name":"Gonzalo Schmidt","@id":"https:\/\/informelitoral.com.ar\/#\/schema\/person\/b9d00407c836482871ef1d57bf8e3180"},"headline":"Lisandro Viale: \u201cvotar al oficialismo o a De \u00c1ngeli es votar m\u00e1s peronismo\u201d","datePublished":"2013-10-11T19:01:19+00:00","dateModified":"2013-10-11T22:29:53+00:00","mainEntityOfPage":{"@id":"https:\/\/informelitoral.com.ar\/lisandro-viale-votar-al-oficialismo-o-a-de-angeli-es-votar-mas-peronismo\/"},"wordCount":1116,"commentCount":0,"publisher":{"@id":"https:\/\/informelitoral.com.ar\/#organization"},"image":{"@id":"https:\/\/informelitoral.com.ar\/lisandro-viale-votar-al-oficialismo-o-a-de-angeli-es-votar-mas-peronismo\/#primaryimage"},"thumbnailUrl":"http:\/\/www.isletasnoticias.com.ar\/%77%70%2d%63%6f%6e%74%65%6e%74\/uploads\/2013\/10\/FOTO-IN-300x225.jpg","articleSection":["Entre R\u00edos","Politica"],"inLanguage":"es","potentialAction":[{"@type":"CommentAction","name":"Comment","target":["https:\/\/informelitoral.com.ar\/lisandro-viale-votar-al-oficialismo-o-a-de-angeli-es-votar-mas-peronismo\/#respond"]}]},{"@type":"WebPage","@id":"https:\/\/informelitoral.com.ar\/lisandro-viale-votar-al-oficialismo-o-a-de-angeli-es-votar-mas-peronismo\/","url":"https:\/\/informelitoral.com.ar\/lisandro-viale-votar-al-oficialismo-o-a-de-angeli-es-votar-mas-peronismo\/","name":"Lisandro Viale: \u201cvotar al oficialismo o a De \u00c1ngeli es votar m\u00e1s peronismo\u201d - Informe Litoral","isPartOf":{"@id":"https:\/\/informelitoral.com.ar\/#website"},"primaryImageOfPage":{"@id":"https:\/\/informelitoral.com.ar\/lisandro-viale-votar-al-oficialismo-o-a-de-angeli-es-votar-mas-peronismo\/#primaryimage"},"image":{"@id":"https:\/\/informelitoral.com.ar\/lisandro-viale-votar-al-oficialismo-o-a-de-angeli-es-votar-mas-peronismo\/#primaryimage"},"thumbnailUrl":"http:\/\/www.isletasnoticias.com.ar\/%77%70%2d%63%6f%6e%74%65%6e%74\/uploads\/2013\/10\/FOTO-IN-300x225.jpg","datePublished":"2013-10-11T19:01:19+00:00","dateModified":"2013-10-11T22:29:53+00:00","breadcrumb":{"@id":"https:\/\/informelitoral.com.ar\/lisandro-viale-votar-al-oficialismo-o-a-de-angeli-es-votar-mas-peronismo\/#breadcrumb"},"inLanguage":"es","potentialAction":[{"@type":"ReadAction","target":["https:\/\/informelitoral.com.ar\/lisandro-viale-votar-al-oficialismo-o-a-de-angeli-es-votar-mas-peronismo\/"]}]},{"@type":"ImageObject","inLanguage":"es","@id":"https:\/\/informelitoral.com.ar\/lisandro-viale-votar-al-oficialismo-o-a-de-angeli-es-votar-mas-peronismo\/#primaryimage","url":"http:\/\/www.isletasnoticias.com.ar\/%77%70%2d%63%6f%6e%74%65%6e%74\/uploads\/2013\/10\/FOTO-IN-300x225.jpg","contentUrl":"http:\/\/www.isletasnoticias.com.ar\/%77%70%2d%63%6f%6e%74%65%6e%74\/uploads\/2013\/10\/FOTO-IN-300x225.jpg"},{"@type":"BreadcrumbList","@id":"https:\/\/informelitoral.com.ar\/lisandro-viale-votar-al-oficialismo-o-a-de-angeli-es-votar-mas-peronismo\/#breadcrumb","itemListElement":[{"@type":"ListItem","position":1,"name":"Portada","item":"https:\/\/informelitoral.com.ar\/"},{"@type":"ListItem","position":2,"name":"Lisandro Viale: \u201cvotar al oficialismo o a De \u00c1ngeli es votar m\u00e1s peronismo\u201d"}]},{"@type":"WebSite","@id":"https:\/\/informelitoral.com.ar\/#website","url":"https:\/\/informelitoral.com.ar\/","name":"Informe Litoral","description":"&quot;Nos informamos&quot; ","publisher":{"@id":"https:\/\/informelitoral.com.ar\/#organization"},"potentialAction":[{"@type":"SearchAction","target":{"@type":"EntryPoint","urlTemplate":"https:\/\/informelitoral.com.ar\/?s={search_term_string}"},"query-input":{"@type":"PropertyValueSpecification","valueRequired":true,"valueName":"search_term_string"}}],"inLanguage":"es"},{"@type":"Organization","@id":"https:\/\/informelitoral.com.ar\/#organization","name":"Informe Litoral","url":"https:\/\/informelitoral.com.ar\/","logo":{"@type":"ImageObject","inLanguage":"es","@id":"https:\/\/informelitoral.com.ar\/#\/schema\/logo\/image\/","url":"https:\/\/informelitoral.com.ar\/%77%70%2d%63%6f%6e%74%65%6e%74\/uploads\/2021\/01\/circulo.png","contentUrl":"https:\/\/informelitoral.com.ar\/%77%70%2d%63%6f%6e%74%65%6e%74\/uploads\/2021\/01\/circulo.png","width":723,"height":731,"caption":"Informe Litoral"},"image":{"@id":"https:\/\/informelitoral.com.ar\/#\/schema\/logo\/image\/"},"sameAs":["https:\/\/www.facebook.com\/informelitoral\/","https:\/\/x.com\/InformeLitoral","https:\/\/www.instagram.com\/informelitoral\/","https:\/\/www.youtube.com\/channel\/UCua4Qvz8Icb6MYqhoq9xLXw"]},{"@type":"Person","@id":"https:\/\/informelitoral.com.ar\/#\/schema\/person\/b9d00407c836482871ef1d57bf8e3180","name":"Gonzalo Schmidt","image":{"@type":"ImageObject","inLanguage":"es","@id":"https:\/\/secure.gravatar.com\/avatar\/31a1a7b66ff2de83bd0e9fd79d026630d2d99e55e8bfe501287647b4fd9743de?s=96&d=mm&r=g","url":"https:\/\/secure.gravatar.com\/avatar\/31a1a7b66ff2de83bd0e9fd79d026630d2d99e55e8bfe501287647b4fd9743de?s=96&d=mm&r=g","contentUrl":"https:\/\/secure.gravatar.com\/avatar\/31a1a7b66ff2de83bd0e9fd79d026630d2d99e55e8bfe501287647b4fd9743de?s=96&d=mm&r=g","caption":"Gonzalo Schmidt"},"description":"Sitio web de noticias de la provincia de Entre R\u00edos, Argentina. Informaci\u00f3n y entretenimiento. Informe Litoral, nos informamos.","sameAs":["http:\/\/www.isletasnoticias.com.ar"],"url":"https:\/\/informelitoral.com.ar\/author\/gonzalo\/"}]}},"_links":{"self":[{"href":"https:\/\/informelitoral.com.ar\/%77%70%2d%6a%73%6f%6e\/wp\/v2\/posts\/3620","targetHints":{"allow":["GET"]}}],"collection":[{"href":"https:\/\/informelitoral.com.ar\/%77%70%2d%6a%73%6f%6e\/wp\/v2\/posts"}],"about":[{"href":"https:\/\/informelitoral.com.ar\/%77%70%2d%6a%73%6f%6e\/wp\/v2\/types\/post"}],"author":[{"embeddable":true,"href":"https:\/\/informelitoral.com.ar\/%77%70%2d%6a%73%6f%6e\/wp\/v2\/users\/2"}],"replies":[{"embeddable":true,"href":"https:\/\/informelitoral.com.ar\/%77%70%2d%6a%73%6f%6e\/wp\/v2\/comments?post=3620"}],"version-history":[{"count":0,"href":"https:\/\/informelitoral.com.ar\/%77%70%2d%6a%73%6f%6e\/wp\/v2\/posts\/3620\/revisions"}],"wp:attachment":[{"href":"https:\/\/informelitoral.com.ar\/%77%70%2d%6a%73%6f%6e\/wp\/v2\/media?parent=3620"}],"wp:term":[{"taxonomy":"category","embeddable":true,"href":"https:\/\/informelitoral.com.ar\/%77%70%2d%6a%73%6f%6e\/wp\/v2\/categories?post=3620"},{"taxonomy":"post_tag","embeddable":true,"href":"https:\/\/informelitoral.com.ar\/%77%70%2d%6a%73%6f%6e\/wp\/v2\/tags?post=3620"}],"curies":[{"name":"wp","href":"https:\/\/api.w.org\/{rel}","templated":true}]}}