{"id":35928,"date":"2019-08-24T15:22:29","date_gmt":"2019-08-24T18:22:29","guid":{"rendered":"https:\/\/www.isletasnoticias.com.ar\/?p=35928"},"modified":"2019-08-24T17:23:02","modified_gmt":"2019-08-24T20:23:02","slug":"una-facultad-de-la-uader-aprobo-la-utilizacion-del-lenguaje-inclusivo","status":"publish","type":"post","link":"https:\/\/informelitoral.com.ar\/una-facultad-de-la-uader-aprobo-la-utilizacion-del-lenguaje-inclusivo\/","title":{"rendered":"Una Facultad de la UADER aprob\u00f3 la utilizaci\u00f3n del lenguaje inclusivo"},"content":{"rendered":"<p>El <strong>Consejo Directivo<\/strong> de la <strong>Facultad de Humanidades, Artes y Ciencias Sociales<\/strong> de la Universidad Aut\u00f3noma de Entre R\u00edos &#8211;<strong>UADER<\/strong>-; reconoci\u00f3 por resoluci\u00f3n el uso del <strong>lenguaje inclusivo en cualquiera de sus modalidades, en todas las producciones acad\u00e9micas orales y escritas<\/strong> tales como: ensayos, trabajos pr\u00e1cticos, monograf\u00edas, tesis, trabajo integrador final (TIF) y dem\u00e1s; realizadas por estudiantes de pregrado, grado y posgrado de sus carreras.<\/p>\n<p>La propuesta fue presentada por la consejera estudiantil de la Agrupaci\u00f3n La Ulloa <strong>Leticia Bentancur<\/strong>, obtuvo dictamen favorable de la Comisi\u00f3n de Asuntos Acad\u00e9micos y fue ratificada por unanimidad en el Plenario.<\/p>\n<h3><strong>Lo que expresa la propuesta<\/strong><\/h3>\n<p>\u00abTeniendo en cuenta la Convenci\u00f3n Sobre la Eliminaci\u00f3n de Todas las Formas de Discriminaci\u00f3n Contra la Mujer, la Convenci\u00f3n Americana sobre Derechos Humanos, la Convenci\u00f3n interamericana para Prevenir, Sancionar y Erradicar la Violencia Contra la Mujer, los Principios de Yogyakarta, la Ley de Protecci\u00f3n Integral a las Mujeres N\u00b0 26.485, la Ley de Identidad de G\u00e9nero N\u00b0 26743; como as\u00ed tambi\u00e9n los antecedentes normativos en distintas facultades y universidades tales como:<\/p>\n<p>-la Facultad de Humanidades y Ciencias Sociales (FHCS) de la Universidad Nacional de la Patagonia San Juan Bosco con la aprobaci\u00f3n un\u00e1nime del uso acad\u00e9mico del lenguaje inclusivo en junio del 2019 ;<\/p>\n<p>-la Facultad de Ciencias Sociales de la UBA que por medio de la Resoluci\u00f3n N\u00b0 1558\/2019 donde autoriza el uso del lenguaje inclusivo;<\/p>\n<p>-la aprobaci\u00f3n por unanimidad del proyecto para reconocer en la escritura de los documentos de difusi\u00f3n interna y comunicados institucionales, el uso del lenguaje inclusivo por parte del Consejo Directivo de la Facultad de Psicolog\u00eda de la UNR;<\/p>\n<p>-la Universidad Nacional del Comahue en Bariloche que aprob\u00f3 un programa integral de perspectiva de g\u00e9nero para promover la igualdad y la equidad entre quienes integran la comunidad educativa<\/p>\n<p>-y por \u00faltimo teniendo como parte de nuestra normativa institucional la Ordenanza N\u00b0 038\/2014 del Consejo Superior de la Universidad Aut\u00f3noma de Entre R\u00edos sobre identidad autopercibida\u2026<\/p>\n<p>Entendemos que es menester de esta universidad, en consonancia y coherencia con las normativas vigentes, acompa\u00f1ar los procesos de transformaci\u00f3n social que se ven reflejados en la poblaci\u00f3n estudiantil. En este sentido es necesario que las din\u00e1micas y culturas institucionales acompa\u00f1en esas transformaciones y fomenten el fortalecimiento de la democracia posibilitando la ampliaci\u00f3n de derechos.<\/p>\n<p>Por esto nos permitimos pensar como necesario el brindar amparo institucional a les estudiantes que deseen utilizar el lenguaje inclusivo, entendiendo al mismo como aquel que nombra a las mujeres y diversidades sexuales, rompiendo con la idea del uso del masculino como universal y neutro. En la pr\u00e1ctica esto se traduce en el uso de formas como la \u00abe\u00bb, la \u00abx\u00bb u otras formas para evitar usar el g\u00e9nero masculino al referirse a todos los g\u00e9neros.<\/p>\n<p>El lenguaje con el cual nos comunicamos y relacionamos comporta sentidos que reflejan desigualdades entre los g\u00e9neros, naturalizando la segregaci\u00f3n, discriminaci\u00f3n o exclusi\u00f3n.<\/p>\n<p>Es decir que las desigualdades en las relaciones humanas se seguir\u00e1n perpetuando en tanto y en cuanto permanezcan instituidas en la lengua.<\/p>\n<p>La universidad es agente de transformaci\u00f3n social en tanto pueda generar que sus estudiantes se constituyan como sujetos cr\u00edticos, capaces de producir conocimientos \u00fatiles para la sociedad en la que se inserta. Los modos de enunciar esas producciones son una manifestaci\u00f3n singular del posicionamiento \u00e9tico y pol\u00edtico de quien lo produce\u00bb.<\/p>\n","protected":false},"excerpt":{"rendered":"<p>Se trata de la Facultad de Humanidades, Artes y Ciencias Sociales de la Universidad Aut\u00f3noma de Entre R\u00edos -UADER-. La medida fue aprobada por el Consejo Directivo y es para todas las producciones estudiantiles. <\/p>\n","protected":false},"author":2,"featured_media":35929,"comment_status":"open","ping_status":"open","sticky":false,"template":"","format":"standard","meta":{"fifu_image_url":"","fifu_image_alt":"","footnotes":""},"categories":[6],"tags":[1299,413,484],"class_list":{"0":"post-35928","1":"post","2":"type-post","3":"status-publish","4":"format-standard","5":"has-post-thumbnail","7":"category-entre-rios","8":"tag-uader","9":"tag-universidad","10":"tag-universidad-publica"},"yoast_head":"<title>Una Facultad de la UADER aprob\u00f3 la utilizaci\u00f3n del lenguaje inclusivo - Informe Litoral<\/title>\n<meta name=\"robots\" content=\"index, follow, max-snippet:-1, max-image-preview:large, max-video-preview:-1\" \/>\n<link rel=\"canonical\" href=\"https:\/\/informelitoral.com.ar\/una-facultad-de-la-uader-aprobo-la-utilizacion-del-lenguaje-inclusivo\/\" \/>\n<meta property=\"og:locale\" content=\"es_ES\" \/>\n<meta property=\"og:type\" content=\"article\" \/>\n<meta property=\"og:title\" content=\"Una Facultad de la UADER aprob\u00f3 la utilizaci\u00f3n del lenguaje inclusivo - Informe Litoral\" \/>\n<meta property=\"og:description\" content=\"Se trata de la Facultad de Humanidades, Artes y Ciencias Sociales de la Universidad Aut\u00f3noma de Entre R\u00edos -UADER-. La medida fue aprobada por el Consejo Directivo y es para todas las producciones estudiantiles.\" \/>\n<meta property=\"og:url\" content=\"https:\/\/informelitoral.com.ar\/una-facultad-de-la-uader-aprobo-la-utilizacion-del-lenguaje-inclusivo\/\" \/>\n<meta property=\"og:site_name\" content=\"Informe Litoral\" \/>\n<meta property=\"article:publisher\" content=\"https:\/\/www.facebook.com\/informelitoral\/\" \/>\n<meta property=\"article:published_time\" content=\"2019-08-24T18:22:29+00:00\" \/>\n<meta property=\"article:modified_time\" content=\"2019-08-24T20:23:02+00:00\" \/>\n<meta property=\"og:image\" content=\"https:\/\/informelitoral.com.ar\/%77%70%2d%63%6f%6e%74%65%6e%74\/uploads\/2019\/08\/uader-lenguaje-inclusivo.jpg\" \/>\n\t<meta property=\"og:image:width\" content=\"680\" \/>\n\t<meta property=\"og:image:height\" content=\"423\" \/>\n\t<meta property=\"og:image:type\" content=\"image\/jpeg\" \/>\n<meta name=\"author\" content=\"Gonzalo Schmidt\" \/>\n<meta name=\"twitter:card\" content=\"summary_large_image\" \/>\n<meta name=\"twitter:creator\" content=\"@InformeLitoral\" \/>\n<meta name=\"twitter:site\" content=\"@InformeLitoral\" \/>\n<meta name=\"twitter:label1\" content=\"Escrito por\" \/>\n\t<meta name=\"twitter:data1\" content=\"Gonzalo Schmidt\" \/>\n\t<meta name=\"twitter:label2\" content=\"Tiempo de lectura\" \/>\n\t<meta name=\"twitter:data2\" content=\"3 minutos\" \/>\n<script type=\"application\/ld+json\" class=\"yoast-schema-graph\">{\"@context\":\"https:\\\/\\\/schema.org\",\"@graph\":[{\"@type\":\"Article\",\"@id\":\"https:\\\/\\\/informelitoral.com.ar\\\/una-facultad-de-la-uader-aprobo-la-utilizacion-del-lenguaje-inclusivo\\\/#article\",\"isPartOf\":{\"@id\":\"https:\\\/\\\/informelitoral.com.ar\\\/una-facultad-de-la-uader-aprobo-la-utilizacion-del-lenguaje-inclusivo\\\/\"},\"author\":{\"name\":\"Gonzalo Schmidt\",\"@id\":\"https:\\\/\\\/informelitoral.com.ar\\\/#\\\/schema\\\/person\\\/b9d00407c836482871ef1d57bf8e3180\"},\"headline\":\"Una Facultad de la UADER aprob\u00f3 la utilizaci\u00f3n del lenguaje inclusivo\",\"datePublished\":\"2019-08-24T18:22:29+00:00\",\"dateModified\":\"2019-08-24T20:23:02+00:00\",\"mainEntityOfPage\":{\"@id\":\"https:\\\/\\\/informelitoral.com.ar\\\/una-facultad-de-la-uader-aprobo-la-utilizacion-del-lenguaje-inclusivo\\\/\"},\"wordCount\":602,\"commentCount\":0,\"publisher\":{\"@id\":\"https:\\\/\\\/informelitoral.com.ar\\\/#organization\"},\"image\":{\"@id\":\"https:\\\/\\\/informelitoral.com.ar\\\/una-facultad-de-la-uader-aprobo-la-utilizacion-del-lenguaje-inclusivo\\\/#primaryimage\"},\"thumbnailUrl\":\"https:\\\/\\\/informelitoral.com.ar\\\/%77%70%2d%63%6f%6e%74%65%6e%74\\\/uploads\\\/2019\\\/08\\\/uader-lenguaje-inclusivo.jpg\",\"keywords\":[\"Uader\",\"Universidad\",\"Universidad p\u00fablica\"],\"articleSection\":[\"Entre R\u00edos\"],\"inLanguage\":\"es\",\"potentialAction\":[{\"@type\":\"CommentAction\",\"name\":\"Comment\",\"target\":[\"https:\\\/\\\/informelitoral.com.ar\\\/una-facultad-de-la-uader-aprobo-la-utilizacion-del-lenguaje-inclusivo\\\/#respond\"]}]},{\"@type\":\"WebPage\",\"@id\":\"https:\\\/\\\/informelitoral.com.ar\\\/una-facultad-de-la-uader-aprobo-la-utilizacion-del-lenguaje-inclusivo\\\/\",\"url\":\"https:\\\/\\\/informelitoral.com.ar\\\/una-facultad-de-la-uader-aprobo-la-utilizacion-del-lenguaje-inclusivo\\\/\",\"name\":\"Una Facultad de la UADER aprob\u00f3 la utilizaci\u00f3n del lenguaje inclusivo - Informe Litoral\",\"isPartOf\":{\"@id\":\"https:\\\/\\\/informelitoral.com.ar\\\/#website\"},\"primaryImageOfPage\":{\"@id\":\"https:\\\/\\\/informelitoral.com.ar\\\/una-facultad-de-la-uader-aprobo-la-utilizacion-del-lenguaje-inclusivo\\\/#primaryimage\"},\"image\":{\"@id\":\"https:\\\/\\\/informelitoral.com.ar\\\/una-facultad-de-la-uader-aprobo-la-utilizacion-del-lenguaje-inclusivo\\\/#primaryimage\"},\"thumbnailUrl\":\"https:\\\/\\\/informelitoral.com.ar\\\/%77%70%2d%63%6f%6e%74%65%6e%74\\\/uploads\\\/2019\\\/08\\\/uader-lenguaje-inclusivo.jpg\",\"datePublished\":\"2019-08-24T18:22:29+00:00\",\"dateModified\":\"2019-08-24T20:23:02+00:00\",\"breadcrumb\":{\"@id\":\"https:\\\/\\\/informelitoral.com.ar\\\/una-facultad-de-la-uader-aprobo-la-utilizacion-del-lenguaje-inclusivo\\\/#breadcrumb\"},\"inLanguage\":\"es\",\"potentialAction\":[{\"@type\":\"ReadAction\",\"target\":[\"https:\\\/\\\/informelitoral.com.ar\\\/una-facultad-de-la-uader-aprobo-la-utilizacion-del-lenguaje-inclusivo\\\/\"]}]},{\"@type\":\"ImageObject\",\"inLanguage\":\"es\",\"@id\":\"https:\\\/\\\/informelitoral.com.ar\\\/una-facultad-de-la-uader-aprobo-la-utilizacion-del-lenguaje-inclusivo\\\/#primaryimage\",\"url\":\"https:\\\/\\\/informelitoral.com.ar\\\/%77%70%2d%63%6f%6e%74%65%6e%74\\\/uploads\\\/2019\\\/08\\\/uader-lenguaje-inclusivo.jpg\",\"contentUrl\":\"https:\\\/\\\/informelitoral.com.ar\\\/%77%70%2d%63%6f%6e%74%65%6e%74\\\/uploads\\\/2019\\\/08\\\/uader-lenguaje-inclusivo.jpg\",\"width\":680,\"height\":423},{\"@type\":\"BreadcrumbList\",\"@id\":\"https:\\\/\\\/informelitoral.com.ar\\\/una-facultad-de-la-uader-aprobo-la-utilizacion-del-lenguaje-inclusivo\\\/#breadcrumb\",\"itemListElement\":[{\"@type\":\"ListItem\",\"position\":1,\"name\":\"Portada\",\"item\":\"https:\\\/\\\/informelitoral.com.ar\\\/\"},{\"@type\":\"ListItem\",\"position\":2,\"name\":\"Una Facultad de la UADER aprob\u00f3 la utilizaci\u00f3n del lenguaje inclusivo\"}]},{\"@type\":\"WebSite\",\"@id\":\"https:\\\/\\\/informelitoral.com.ar\\\/#website\",\"url\":\"https:\\\/\\\/informelitoral.com.ar\\\/\",\"name\":\"Informe Litoral\",\"description\":\"&quot;Nos informamos&quot; \",\"publisher\":{\"@id\":\"https:\\\/\\\/informelitoral.com.ar\\\/#organization\"},\"potentialAction\":[{\"@type\":\"SearchAction\",\"target\":{\"@type\":\"EntryPoint\",\"urlTemplate\":\"https:\\\/\\\/informelitoral.com.ar\\\/?s={search_term_string}\"},\"query-input\":{\"@type\":\"PropertyValueSpecification\",\"valueRequired\":true,\"valueName\":\"search_term_string\"}}],\"inLanguage\":\"es\"},{\"@type\":\"Organization\",\"@id\":\"https:\\\/\\\/informelitoral.com.ar\\\/#organization\",\"name\":\"Informe Litoral\",\"url\":\"https:\\\/\\\/informelitoral.com.ar\\\/\",\"logo\":{\"@type\":\"ImageObject\",\"inLanguage\":\"es\",\"@id\":\"https:\\\/\\\/informelitoral.com.ar\\\/#\\\/schema\\\/logo\\\/image\\\/\",\"url\":\"https:\\\/\\\/informelitoral.com.ar\\\/%77%70%2d%63%6f%6e%74%65%6e%74\\\/uploads\\\/2021\\\/01\\\/circulo.png\",\"contentUrl\":\"https:\\\/\\\/informelitoral.com.ar\\\/%77%70%2d%63%6f%6e%74%65%6e%74\\\/uploads\\\/2021\\\/01\\\/circulo.png\",\"width\":723,\"height\":731,\"caption\":\"Informe Litoral\"},\"image\":{\"@id\":\"https:\\\/\\\/informelitoral.com.ar\\\/#\\\/schema\\\/logo\\\/image\\\/\"},\"sameAs\":[\"https:\\\/\\\/www.facebook.com\\\/informelitoral\\\/\",\"https:\\\/\\\/x.com\\\/InformeLitoral\",\"https:\\\/\\\/www.instagram.com\\\/informelitoral\\\/\",\"https:\\\/\\\/www.youtube.com\\\/channel\\\/UCua4Qvz8Icb6MYqhoq9xLXw\"]},{\"@type\":\"Person\",\"@id\":\"https:\\\/\\\/informelitoral.com.ar\\\/#\\\/schema\\\/person\\\/b9d00407c836482871ef1d57bf8e3180\",\"name\":\"Gonzalo Schmidt\",\"image\":{\"@type\":\"ImageObject\",\"inLanguage\":\"es\",\"@id\":\"https:\\\/\\\/secure.gravatar.com\\\/avatar\\\/31a1a7b66ff2de83bd0e9fd79d026630d2d99e55e8bfe501287647b4fd9743de?s=96&d=mm&r=g\",\"url\":\"https:\\\/\\\/secure.gravatar.com\\\/avatar\\\/31a1a7b66ff2de83bd0e9fd79d026630d2d99e55e8bfe501287647b4fd9743de?s=96&d=mm&r=g\",\"contentUrl\":\"https:\\\/\\\/secure.gravatar.com\\\/avatar\\\/31a1a7b66ff2de83bd0e9fd79d026630d2d99e55e8bfe501287647b4fd9743de?s=96&d=mm&r=g\",\"caption\":\"Gonzalo Schmidt\"},\"description\":\"Sitio web de noticias de la provincia de Entre R\u00edos, Argentina. Informaci\u00f3n y entretenimiento. Informe Litoral, nos informamos.\",\"sameAs\":[\"http:\\\/\\\/www.isletasnoticias.com.ar\"],\"url\":\"https:\\\/\\\/informelitoral.com.ar\\\/author\\\/gonzalo\\\/\"}]}<\/script>","yoast_head_json":{"title":"Una Facultad de la UADER aprob\u00f3 la utilizaci\u00f3n del lenguaje inclusivo - Informe Litoral","robots":{"index":"index","follow":"follow","max-snippet":"max-snippet:-1","max-image-preview":"max-image-preview:large","max-video-preview":"max-video-preview:-1"},"canonical":"https:\/\/informelitoral.com.ar\/una-facultad-de-la-uader-aprobo-la-utilizacion-del-lenguaje-inclusivo\/","og_locale":"es_ES","og_type":"article","og_title":"Una Facultad de la UADER aprob\u00f3 la utilizaci\u00f3n del lenguaje inclusivo - Informe Litoral","og_description":"Se trata de la Facultad de Humanidades, Artes y Ciencias Sociales de la Universidad Aut\u00f3noma de Entre R\u00edos -UADER-. La medida fue aprobada por el Consejo Directivo y es para todas las producciones estudiantiles.","og_url":"https:\/\/informelitoral.com.ar\/una-facultad-de-la-uader-aprobo-la-utilizacion-del-lenguaje-inclusivo\/","og_site_name":"Informe Litoral","article_publisher":"https:\/\/www.facebook.com\/informelitoral\/","article_published_time":"2019-08-24T18:22:29+00:00","article_modified_time":"2019-08-24T20:23:02+00:00","og_image":[{"width":680,"height":423,"url":"https:\/\/informelitoral.com.ar\/%77%70%2d%63%6f%6e%74%65%6e%74\/uploads\/2019\/08\/uader-lenguaje-inclusivo.jpg","type":"image\/jpeg"}],"author":"Gonzalo Schmidt","twitter_card":"summary_large_image","twitter_creator":"@InformeLitoral","twitter_site":"@InformeLitoral","twitter_misc":{"Escrito por":"Gonzalo Schmidt","Tiempo de lectura":"3 minutos"},"schema":{"@context":"https:\/\/schema.org","@graph":[{"@type":"Article","@id":"https:\/\/informelitoral.com.ar\/una-facultad-de-la-uader-aprobo-la-utilizacion-del-lenguaje-inclusivo\/#article","isPartOf":{"@id":"https:\/\/informelitoral.com.ar\/una-facultad-de-la-uader-aprobo-la-utilizacion-del-lenguaje-inclusivo\/"},"author":{"name":"Gonzalo Schmidt","@id":"https:\/\/informelitoral.com.ar\/#\/schema\/person\/b9d00407c836482871ef1d57bf8e3180"},"headline":"Una Facultad de la UADER aprob\u00f3 la utilizaci\u00f3n del lenguaje inclusivo","datePublished":"2019-08-24T18:22:29+00:00","dateModified":"2019-08-24T20:23:02+00:00","mainEntityOfPage":{"@id":"https:\/\/informelitoral.com.ar\/una-facultad-de-la-uader-aprobo-la-utilizacion-del-lenguaje-inclusivo\/"},"wordCount":602,"commentCount":0,"publisher":{"@id":"https:\/\/informelitoral.com.ar\/#organization"},"image":{"@id":"https:\/\/informelitoral.com.ar\/una-facultad-de-la-uader-aprobo-la-utilizacion-del-lenguaje-inclusivo\/#primaryimage"},"thumbnailUrl":"https:\/\/informelitoral.com.ar\/%77%70%2d%63%6f%6e%74%65%6e%74\/uploads\/2019\/08\/uader-lenguaje-inclusivo.jpg","keywords":["Uader","Universidad","Universidad p\u00fablica"],"articleSection":["Entre R\u00edos"],"inLanguage":"es","potentialAction":[{"@type":"CommentAction","name":"Comment","target":["https:\/\/informelitoral.com.ar\/una-facultad-de-la-uader-aprobo-la-utilizacion-del-lenguaje-inclusivo\/#respond"]}]},{"@type":"WebPage","@id":"https:\/\/informelitoral.com.ar\/una-facultad-de-la-uader-aprobo-la-utilizacion-del-lenguaje-inclusivo\/","url":"https:\/\/informelitoral.com.ar\/una-facultad-de-la-uader-aprobo-la-utilizacion-del-lenguaje-inclusivo\/","name":"Una Facultad de la UADER aprob\u00f3 la utilizaci\u00f3n del lenguaje inclusivo - Informe Litoral","isPartOf":{"@id":"https:\/\/informelitoral.com.ar\/#website"},"primaryImageOfPage":{"@id":"https:\/\/informelitoral.com.ar\/una-facultad-de-la-uader-aprobo-la-utilizacion-del-lenguaje-inclusivo\/#primaryimage"},"image":{"@id":"https:\/\/informelitoral.com.ar\/una-facultad-de-la-uader-aprobo-la-utilizacion-del-lenguaje-inclusivo\/#primaryimage"},"thumbnailUrl":"https:\/\/informelitoral.com.ar\/%77%70%2d%63%6f%6e%74%65%6e%74\/uploads\/2019\/08\/uader-lenguaje-inclusivo.jpg","datePublished":"2019-08-24T18:22:29+00:00","dateModified":"2019-08-24T20:23:02+00:00","breadcrumb":{"@id":"https:\/\/informelitoral.com.ar\/una-facultad-de-la-uader-aprobo-la-utilizacion-del-lenguaje-inclusivo\/#breadcrumb"},"inLanguage":"es","potentialAction":[{"@type":"ReadAction","target":["https:\/\/informelitoral.com.ar\/una-facultad-de-la-uader-aprobo-la-utilizacion-del-lenguaje-inclusivo\/"]}]},{"@type":"ImageObject","inLanguage":"es","@id":"https:\/\/informelitoral.com.ar\/una-facultad-de-la-uader-aprobo-la-utilizacion-del-lenguaje-inclusivo\/#primaryimage","url":"https:\/\/informelitoral.com.ar\/%77%70%2d%63%6f%6e%74%65%6e%74\/uploads\/2019\/08\/uader-lenguaje-inclusivo.jpg","contentUrl":"https:\/\/informelitoral.com.ar\/%77%70%2d%63%6f%6e%74%65%6e%74\/uploads\/2019\/08\/uader-lenguaje-inclusivo.jpg","width":680,"height":423},{"@type":"BreadcrumbList","@id":"https:\/\/informelitoral.com.ar\/una-facultad-de-la-uader-aprobo-la-utilizacion-del-lenguaje-inclusivo\/#breadcrumb","itemListElement":[{"@type":"ListItem","position":1,"name":"Portada","item":"https:\/\/informelitoral.com.ar\/"},{"@type":"ListItem","position":2,"name":"Una Facultad de la UADER aprob\u00f3 la utilizaci\u00f3n del lenguaje inclusivo"}]},{"@type":"WebSite","@id":"https:\/\/informelitoral.com.ar\/#website","url":"https:\/\/informelitoral.com.ar\/","name":"Informe Litoral","description":"&quot;Nos informamos&quot; ","publisher":{"@id":"https:\/\/informelitoral.com.ar\/#organization"},"potentialAction":[{"@type":"SearchAction","target":{"@type":"EntryPoint","urlTemplate":"https:\/\/informelitoral.com.ar\/?s={search_term_string}"},"query-input":{"@type":"PropertyValueSpecification","valueRequired":true,"valueName":"search_term_string"}}],"inLanguage":"es"},{"@type":"Organization","@id":"https:\/\/informelitoral.com.ar\/#organization","name":"Informe Litoral","url":"https:\/\/informelitoral.com.ar\/","logo":{"@type":"ImageObject","inLanguage":"es","@id":"https:\/\/informelitoral.com.ar\/#\/schema\/logo\/image\/","url":"https:\/\/informelitoral.com.ar\/%77%70%2d%63%6f%6e%74%65%6e%74\/uploads\/2021\/01\/circulo.png","contentUrl":"https:\/\/informelitoral.com.ar\/%77%70%2d%63%6f%6e%74%65%6e%74\/uploads\/2021\/01\/circulo.png","width":723,"height":731,"caption":"Informe Litoral"},"image":{"@id":"https:\/\/informelitoral.com.ar\/#\/schema\/logo\/image\/"},"sameAs":["https:\/\/www.facebook.com\/informelitoral\/","https:\/\/x.com\/InformeLitoral","https:\/\/www.instagram.com\/informelitoral\/","https:\/\/www.youtube.com\/channel\/UCua4Qvz8Icb6MYqhoq9xLXw"]},{"@type":"Person","@id":"https:\/\/informelitoral.com.ar\/#\/schema\/person\/b9d00407c836482871ef1d57bf8e3180","name":"Gonzalo Schmidt","image":{"@type":"ImageObject","inLanguage":"es","@id":"https:\/\/secure.gravatar.com\/avatar\/31a1a7b66ff2de83bd0e9fd79d026630d2d99e55e8bfe501287647b4fd9743de?s=96&d=mm&r=g","url":"https:\/\/secure.gravatar.com\/avatar\/31a1a7b66ff2de83bd0e9fd79d026630d2d99e55e8bfe501287647b4fd9743de?s=96&d=mm&r=g","contentUrl":"https:\/\/secure.gravatar.com\/avatar\/31a1a7b66ff2de83bd0e9fd79d026630d2d99e55e8bfe501287647b4fd9743de?s=96&d=mm&r=g","caption":"Gonzalo Schmidt"},"description":"Sitio web de noticias de la provincia de Entre R\u00edos, Argentina. Informaci\u00f3n y entretenimiento. Informe Litoral, nos informamos.","sameAs":["http:\/\/www.isletasnoticias.com.ar"],"url":"https:\/\/informelitoral.com.ar\/author\/gonzalo\/"}]}},"_links":{"self":[{"href":"https:\/\/informelitoral.com.ar\/%77%70%2d%6a%73%6f%6e\/wp\/v2\/posts\/35928","targetHints":{"allow":["GET"]}}],"collection":[{"href":"https:\/\/informelitoral.com.ar\/%77%70%2d%6a%73%6f%6e\/wp\/v2\/posts"}],"about":[{"href":"https:\/\/informelitoral.com.ar\/%77%70%2d%6a%73%6f%6e\/wp\/v2\/types\/post"}],"author":[{"embeddable":true,"href":"https:\/\/informelitoral.com.ar\/%77%70%2d%6a%73%6f%6e\/wp\/v2\/users\/2"}],"replies":[{"embeddable":true,"href":"https:\/\/informelitoral.com.ar\/%77%70%2d%6a%73%6f%6e\/wp\/v2\/comments?post=35928"}],"version-history":[{"count":0,"href":"https:\/\/informelitoral.com.ar\/%77%70%2d%6a%73%6f%6e\/wp\/v2\/posts\/35928\/revisions"}],"wp:featuredmedia":[{"embeddable":true,"href":"https:\/\/informelitoral.com.ar\/%77%70%2d%6a%73%6f%6e\/wp\/v2\/media\/35929"}],"wp:attachment":[{"href":"https:\/\/informelitoral.com.ar\/%77%70%2d%6a%73%6f%6e\/wp\/v2\/media?parent=35928"}],"wp:term":[{"taxonomy":"category","embeddable":true,"href":"https:\/\/informelitoral.com.ar\/%77%70%2d%6a%73%6f%6e\/wp\/v2\/categories?post=35928"},{"taxonomy":"post_tag","embeddable":true,"href":"https:\/\/informelitoral.com.ar\/%77%70%2d%6a%73%6f%6e\/wp\/v2\/tags?post=35928"}],"curies":[{"name":"wp","href":"https:\/\/api.w.org\/{rel}","templated":true}]}}