{"id":35921,"date":"2019-08-24T17:05:30","date_gmt":"2019-08-24T20:05:30","guid":{"rendered":"https:\/\/www.isletasnoticias.com.ar\/?p=35921"},"modified":"2019-08-24T17:09:06","modified_gmt":"2019-08-24T20:09:06","slug":"la-fundacion-favaloro-reconocio-al-enfermero-discriminado-por-su-ropa-en-el-tren","status":"publish","type":"post","link":"https:\/\/informelitoral.com.ar\/la-fundacion-favaloro-reconocio-al-enfermero-discriminado-por-su-ropa-en-el-tren\/","title":{"rendered":"La Fundaci\u00f3n Favaloro reconoci\u00f3 al enfermero discriminado por \u00abvillero\u00bb"},"content":{"rendered":"<div class=\"row pb-content-type-text\">\n<div class=\"col-xs-12 col-print-12\">\n<p class=\"element element-paragraph\"><strong>Lautaro Guzm\u00e1n,<\/strong>\u00a0el enfermero que <a href=\"https:\/\/www.isletasnoticias.com.ar\/como-te-vas-a-sentar-con-ese-villero-la-respuesta-de-un-joven-que-se-volvio-viral\/\">denunci\u00f3 haber sufrido discriminaci\u00f3n en el tren Roca de Buenos Aires<\/a>, fue recibido por la\u00a0<strong>Fundaci\u00f3n Favaloro<\/strong>, que le entreg\u00f3 una distinci\u00f3n al recalcar que con su accionar\u00a0<strong>\u00abrescata los valores\u00bb<\/strong>\u00a0del c\u00e9lebre y recordado m\u00e9dico argentino.<\/p>\n<\/div>\n<\/div>\n<div class=\"row pb-content-type-text\">\n<div class=\"col-xs-12 col-print-12\">\n<p class=\"element element-paragraph\"><strong>\u00abEvitar ser influidos por conceptos dogm\u00e1ticos o prejuicios propios o ajenos\u00bb<\/strong>, forma parte de uno de los tantos principios que nos dej\u00f3 nuestro fundador. Es por eso que hoy,\u00a0<strong>con mucho orgullo, recibimos a Lautaro Guzm\u00e1n, una persona que sin dudas rescata los valores del doctor Ren\u00e9 G. Favaloro.<\/strong><\/p>\n<\/div>\n<\/div>\n<div class=\"row pb-content-type-text\">\n<div class=\"col-xs-12 col-print-12\">\n<p class=\"element element-paragraph\">El lunes, en su cuenta de Facebook,<strong>\u00a0Guzm\u00e1n relat\u00f3 que una mujer no quiso compartir asiento con \u00e9l en el trasporte p\u00fablico por considerarlo \u00abvillero\u00bb por su forma de vestir.<\/strong>\u00a0\u00abLa gente va por la vida juzgando por las apariencias. Ac\u00e1 el &#8216;villero&#8217; con el que no me siento en el tren.\u00a0<strong>Se\u00f1ora, ojal\u00e1 nunca necesite de m\u00ed<\/strong>, porque para su fortuna la voy a ayudar traiga la ropa que traiga\u00bb, public\u00f3 en su perfil de Facebook.<\/p>\n<p class=\"element element-paragraph\">En di\u00e1logo con <em>Infobae\u00a0<\/em>sostuvo que \u00abel vag\u00f3n no estaba desbordado ni vac\u00edo\u00bb y que la ni\u00f1a se sent\u00f3 en el \u00fanico asiento disponible, al lado de \u00e9l. Lo que pas\u00f3, instante despu\u00e9s, tambi\u00e9n lo cont\u00f3 Guzm\u00e1n: \u00abElla estaba chocha porque hab\u00eda encontrado un asiento vac\u00edo, pero la se\u00f1ora la agarr\u00f3 la mano y se la llev\u00f3.\u00a0<strong>&#8216;Ven\u00ed para ac\u00e1 -le dijo-, \u00bfc\u00f3mo te vas a sentar con ese villero?<\/strong>&#8216;.\u00a0<strong>No me lo olvido m\u00e1s\u00bb<\/strong><\/p>\n<\/div>\n<\/div>\n<div class=\"row pb-content-type-text\">\n<div class=\"col-xs-12 col-print-12\">\n<p class=\"element element-paragraph\">Lautaro dijo que lo puso\u00a0<strong>\u00abpor poner\u00bb<\/strong>\u00a0y que ni siquiera pens\u00f3 lo que hab\u00eda escrito. La publicaci\u00f3n se viraliz\u00f3:<strong>\u00a086 mil veces compartido en Facebook y otros miles en Instagram.<\/strong>\u00a0\u00abEse d\u00eda no dorm\u00ed.\u00a0<strong>Me empezaron a llegar mensajes y felicitaciones por todos lados.<\/strong> Me pareci\u00f3 una locura todo lo que pas\u00f3\u00bb, confes\u00f3.<\/p>\n<\/div>\n<\/div>\n<div class=\"row pb-content-type-image\">\n<figure class=\"element element-image col-xs-12\">\n<div class=\"single-image\"><img decoding=\"async\" id=\"QLZLFBLSDVCTHMVAEHSERZIFQU\" class=\"image-lazy aligncenter\" src=\"https:\/\/www.infobae.com\/new-resizer\/pioCHLR69N8kCJW_a01dx6GS8MY=\/750x0\/filters:quality(100)\/s3.amazonaws.com\/arc-wordpress-client-uploads\/infobae-wp\/%77%70%2d%63%6f%6e%74%65%6e%74\/uploads\/2019\/08\/20105520\/lautaro-guzman3.jpg\" alt=\"Lautaro Guzm\u00e1n es enfermero y tiene 22 a\u00f1os\" width=\"750\" height=\"422.32142857142856\" data-url=\"https:\/\/www.infobae.com\/sociedad\/2019\/08\/24\/la-fundacion-favaloro-reconocio-al-enfermero-discriminado-por-su-ropa-en-el-tren\/%23QLZLFBLSDVCTHMVAEHSERZIFQU\" data-original=\"https:\/\/www.infobae.com\/new-resizer\/pioCHLR69N8kCJW_a01dx6GS8MY=\/750x0\/filters:quality(100)\/s3.amazonaws.com\/arc-wordpress-client-uploads\/infobae-wp\/%77%70%2d%63%6f%6e%74%65%6e%74\/uploads\/2019\/08\/20105520\/lautaro-guzman3.jpg\" \/><\/div>\n<\/figure>\n<\/div>\n<div class=\"row pb-content-type-text\">\n<div class=\"col-xs-12 col-print-12\">\n<p class=\"element element-paragraph\">El joven le pidi\u00f3 a una compa\u00f1era de trabajo\u00a0que le sacara dos fotos: una con la vestimenta con la que hab\u00eda llegado, otra con su ambo de trabajo. Sus zapatillas deportivas son lo \u00fanico que se repiten en un collage de contraste. La gorra, la campera del Barcelona, el estereotipo \u00abvillero\u00bb que hab\u00eda confundido a la pasajera, solo era su ropa.\u00a0<strong>\u00abSiempre voy a trabajar as\u00ed, es m\u00e1s c\u00f3modo\u00bb<\/strong>, indic\u00f3.<\/p>\n<p class=\"element element-paragraph\"><a href=\"https:\/\/www.isletasnoticias.com.ar\/%77%70%2d%63%6f%6e%74%65%6e%74\/uploads\/2019\/08\/Captura-de-pantalla-2221-1.png\"><img loading=\"lazy\" decoding=\"async\" class=\"aligncenter wp-image-35925 size-full\" src=\"https:\/\/www.isletasnoticias.com.ar\/%77%70%2d%63%6f%6e%74%65%6e%74\/uploads\/2019\/08\/Captura-de-pantalla-2221-1.png\" alt=\"\" width=\"990\" height=\"823\" srcset=\"https:\/\/informelitoral.com.ar\/%77%70%2d%63%6f%6e%74%65%6e%74\/uploads\/2019\/08\/Captura-de-pantalla-2221-1.png 990w, https:\/\/informelitoral.com.ar\/%77%70%2d%63%6f%6e%74%65%6e%74\/uploads\/2019\/08\/Captura-de-pantalla-2221-1-300x249.png 300w, https:\/\/informelitoral.com.ar\/%77%70%2d%63%6f%6e%74%65%6e%74\/uploads\/2019\/08\/Captura-de-pantalla-2221-1-768x638.png 768w, https:\/\/informelitoral.com.ar\/%77%70%2d%63%6f%6e%74%65%6e%74\/uploads\/2019\/08\/Captura-de-pantalla-2221-1-696x579.png 696w, https:\/\/informelitoral.com.ar\/%77%70%2d%63%6f%6e%74%65%6e%74\/uploads\/2019\/08\/Captura-de-pantalla-2221-1-505x420.png 505w\" sizes=\"auto, (max-width: 990px) 100vw, 990px\" \/><\/a><\/p>\n<\/div>\n<\/div>\n<div class=\"row pb-content-type-text\">\n<div class=\"col-xs-12 col-print-12\">\n<p class=\"element element-paragraph\">\u00abAl principio no le di mucha importancia -narr\u00f3 Lautaro-.\u00a0<strong>No me pareci\u00f3 nada grave, era solo el comentario de una se\u00f1ora equivocada.<\/strong>\u00a0Despu\u00e9s me puse a pensar un poco en el prejuicio.\u00a0<strong>Sent\u00ed un poco de bronca cuando llegu\u00e9 a mi trabajo y me cambi\u00e9 la ropa. <\/strong>Se termin\u00f3 enterando todo el mundo, desde los m\u00e9dicos hasta el director de mi cl\u00ednica. Y me apoyaron porque saben qui\u00e9n soy\u00bb.<em> (Fuente: Infobae)<\/em><\/p>\n<\/div>\n<\/div>\n","protected":false},"excerpt":{"rendered":"<p>Lautaro Guzm\u00e1n fue distinguido por ser \u00abuna persona que sin dudas rescata los valores del doctor Ren\u00e9 G. Favaloro\u00bb.<\/p>\n","protected":false},"author":2,"featured_media":35922,"comment_status":"open","ping_status":"open","sticky":false,"template":"","format":"standard","meta":{"fifu_image_url":"","fifu_image_alt":"","footnotes":""},"categories":[9],"tags":[],"class_list":{"0":"post-35921","1":"post","2":"type-post","3":"status-publish","4":"format-standard","5":"has-post-thumbnail","7":"category-sociedad"},"yoast_head":"<title>La Fundaci\u00f3n Favaloro reconoci\u00f3 al enfermero discriminado por &quot;villero&quot; - Informe Litoral<\/title>\n<meta name=\"robots\" content=\"index, follow, max-snippet:-1, max-image-preview:large, max-video-preview:-1\" \/>\n<link rel=\"canonical\" href=\"https:\/\/informelitoral.com.ar\/la-fundacion-favaloro-reconocio-al-enfermero-discriminado-por-su-ropa-en-el-tren\/\" \/>\n<meta property=\"og:locale\" content=\"es_ES\" \/>\n<meta property=\"og:type\" content=\"article\" \/>\n<meta property=\"og:title\" content=\"La Fundaci\u00f3n Favaloro reconoci\u00f3 al enfermero discriminado por &quot;villero&quot; - Informe Litoral\" \/>\n<meta property=\"og:description\" content=\"Lautaro Guzm\u00e1n fue distinguido por ser &quot;una persona que sin dudas rescata los valores del doctor Ren\u00e9 G. Favaloro&quot;.\" \/>\n<meta property=\"og:url\" content=\"https:\/\/informelitoral.com.ar\/la-fundacion-favaloro-reconocio-al-enfermero-discriminado-por-su-ropa-en-el-tren\/\" \/>\n<meta property=\"og:site_name\" content=\"Informe Litoral\" \/>\n<meta property=\"article:publisher\" content=\"https:\/\/www.facebook.com\/informelitoral\/\" \/>\n<meta property=\"article:published_time\" content=\"2019-08-24T20:05:30+00:00\" \/>\n<meta property=\"article:modified_time\" content=\"2019-08-24T20:09:06+00:00\" \/>\n<meta property=\"og:image\" content=\"https:\/\/informelitoral.com.ar\/%77%70%2d%63%6f%6e%74%65%6e%74\/uploads\/2019\/08\/lautaro-guzman-favaloro.jpg\" \/>\n\t<meta property=\"og:image:width\" content=\"1920\" \/>\n\t<meta property=\"og:image:height\" content=\"1080\" \/>\n\t<meta property=\"og:image:type\" content=\"image\/jpeg\" \/>\n<meta name=\"author\" content=\"Gonzalo Schmidt\" \/>\n<meta name=\"twitter:card\" content=\"summary_large_image\" \/>\n<meta name=\"twitter:creator\" content=\"@InformeLitoral\" \/>\n<meta name=\"twitter:site\" content=\"@InformeLitoral\" \/>\n<meta name=\"twitter:label1\" content=\"Escrito por\" \/>\n\t<meta name=\"twitter:data1\" content=\"Gonzalo Schmidt\" \/>\n\t<meta name=\"twitter:label2\" content=\"Tiempo de lectura\" \/>\n\t<meta name=\"twitter:data2\" content=\"2 minutos\" \/>\n<script type=\"application\/ld+json\" class=\"yoast-schema-graph\">{\"@context\":\"https:\\\/\\\/schema.org\",\"@graph\":[{\"@type\":\"Article\",\"@id\":\"https:\\\/\\\/informelitoral.com.ar\\\/la-fundacion-favaloro-reconocio-al-enfermero-discriminado-por-su-ropa-en-el-tren\\\/#article\",\"isPartOf\":{\"@id\":\"https:\\\/\\\/informelitoral.com.ar\\\/la-fundacion-favaloro-reconocio-al-enfermero-discriminado-por-su-ropa-en-el-tren\\\/\"},\"author\":{\"name\":\"Gonzalo Schmidt\",\"@id\":\"https:\\\/\\\/informelitoral.com.ar\\\/#\\\/schema\\\/person\\\/b9d00407c836482871ef1d57bf8e3180\"},\"headline\":\"La Fundaci\u00f3n Favaloro reconoci\u00f3 al enfermero discriminado por \u00abvillero\u00bb\",\"datePublished\":\"2019-08-24T20:05:30+00:00\",\"dateModified\":\"2019-08-24T20:09:06+00:00\",\"mainEntityOfPage\":{\"@id\":\"https:\\\/\\\/informelitoral.com.ar\\\/la-fundacion-favaloro-reconocio-al-enfermero-discriminado-por-su-ropa-en-el-tren\\\/\"},\"wordCount\":484,\"commentCount\":0,\"publisher\":{\"@id\":\"https:\\\/\\\/informelitoral.com.ar\\\/#organization\"},\"image\":{\"@id\":\"https:\\\/\\\/informelitoral.com.ar\\\/la-fundacion-favaloro-reconocio-al-enfermero-discriminado-por-su-ropa-en-el-tren\\\/#primaryimage\"},\"thumbnailUrl\":\"https:\\\/\\\/informelitoral.com.ar\\\/%77%70%2d%63%6f%6e%74%65%6e%74\\\/uploads\\\/2019\\\/08\\\/lautaro-guzman-favaloro.jpg\",\"articleSection\":[\"Sociedad\"],\"inLanguage\":\"es\",\"potentialAction\":[{\"@type\":\"CommentAction\",\"name\":\"Comment\",\"target\":[\"https:\\\/\\\/informelitoral.com.ar\\\/la-fundacion-favaloro-reconocio-al-enfermero-discriminado-por-su-ropa-en-el-tren\\\/#respond\"]}]},{\"@type\":\"WebPage\",\"@id\":\"https:\\\/\\\/informelitoral.com.ar\\\/la-fundacion-favaloro-reconocio-al-enfermero-discriminado-por-su-ropa-en-el-tren\\\/\",\"url\":\"https:\\\/\\\/informelitoral.com.ar\\\/la-fundacion-favaloro-reconocio-al-enfermero-discriminado-por-su-ropa-en-el-tren\\\/\",\"name\":\"La Fundaci\u00f3n Favaloro reconoci\u00f3 al enfermero discriminado por \\\"villero\\\" - Informe Litoral\",\"isPartOf\":{\"@id\":\"https:\\\/\\\/informelitoral.com.ar\\\/#website\"},\"primaryImageOfPage\":{\"@id\":\"https:\\\/\\\/informelitoral.com.ar\\\/la-fundacion-favaloro-reconocio-al-enfermero-discriminado-por-su-ropa-en-el-tren\\\/#primaryimage\"},\"image\":{\"@id\":\"https:\\\/\\\/informelitoral.com.ar\\\/la-fundacion-favaloro-reconocio-al-enfermero-discriminado-por-su-ropa-en-el-tren\\\/#primaryimage\"},\"thumbnailUrl\":\"https:\\\/\\\/informelitoral.com.ar\\\/%77%70%2d%63%6f%6e%74%65%6e%74\\\/uploads\\\/2019\\\/08\\\/lautaro-guzman-favaloro.jpg\",\"datePublished\":\"2019-08-24T20:05:30+00:00\",\"dateModified\":\"2019-08-24T20:09:06+00:00\",\"breadcrumb\":{\"@id\":\"https:\\\/\\\/informelitoral.com.ar\\\/la-fundacion-favaloro-reconocio-al-enfermero-discriminado-por-su-ropa-en-el-tren\\\/#breadcrumb\"},\"inLanguage\":\"es\",\"potentialAction\":[{\"@type\":\"ReadAction\",\"target\":[\"https:\\\/\\\/informelitoral.com.ar\\\/la-fundacion-favaloro-reconocio-al-enfermero-discriminado-por-su-ropa-en-el-tren\\\/\"]}]},{\"@type\":\"ImageObject\",\"inLanguage\":\"es\",\"@id\":\"https:\\\/\\\/informelitoral.com.ar\\\/la-fundacion-favaloro-reconocio-al-enfermero-discriminado-por-su-ropa-en-el-tren\\\/#primaryimage\",\"url\":\"https:\\\/\\\/informelitoral.com.ar\\\/%77%70%2d%63%6f%6e%74%65%6e%74\\\/uploads\\\/2019\\\/08\\\/lautaro-guzman-favaloro.jpg\",\"contentUrl\":\"https:\\\/\\\/informelitoral.com.ar\\\/%77%70%2d%63%6f%6e%74%65%6e%74\\\/uploads\\\/2019\\\/08\\\/lautaro-guzman-favaloro.jpg\",\"width\":1920,\"height\":1080},{\"@type\":\"BreadcrumbList\",\"@id\":\"https:\\\/\\\/informelitoral.com.ar\\\/la-fundacion-favaloro-reconocio-al-enfermero-discriminado-por-su-ropa-en-el-tren\\\/#breadcrumb\",\"itemListElement\":[{\"@type\":\"ListItem\",\"position\":1,\"name\":\"Portada\",\"item\":\"https:\\\/\\\/informelitoral.com.ar\\\/\"},{\"@type\":\"ListItem\",\"position\":2,\"name\":\"La Fundaci\u00f3n Favaloro reconoci\u00f3 al enfermero discriminado por \u00abvillero\u00bb\"}]},{\"@type\":\"WebSite\",\"@id\":\"https:\\\/\\\/informelitoral.com.ar\\\/#website\",\"url\":\"https:\\\/\\\/informelitoral.com.ar\\\/\",\"name\":\"Informe Litoral\",\"description\":\"&quot;Nos informamos&quot; \",\"publisher\":{\"@id\":\"https:\\\/\\\/informelitoral.com.ar\\\/#organization\"},\"potentialAction\":[{\"@type\":\"SearchAction\",\"target\":{\"@type\":\"EntryPoint\",\"urlTemplate\":\"https:\\\/\\\/informelitoral.com.ar\\\/?s={search_term_string}\"},\"query-input\":{\"@type\":\"PropertyValueSpecification\",\"valueRequired\":true,\"valueName\":\"search_term_string\"}}],\"inLanguage\":\"es\"},{\"@type\":\"Organization\",\"@id\":\"https:\\\/\\\/informelitoral.com.ar\\\/#organization\",\"name\":\"Informe Litoral\",\"url\":\"https:\\\/\\\/informelitoral.com.ar\\\/\",\"logo\":{\"@type\":\"ImageObject\",\"inLanguage\":\"es\",\"@id\":\"https:\\\/\\\/informelitoral.com.ar\\\/#\\\/schema\\\/logo\\\/image\\\/\",\"url\":\"https:\\\/\\\/informelitoral.com.ar\\\/%77%70%2d%63%6f%6e%74%65%6e%74\\\/uploads\\\/2021\\\/01\\\/circulo.png\",\"contentUrl\":\"https:\\\/\\\/informelitoral.com.ar\\\/%77%70%2d%63%6f%6e%74%65%6e%74\\\/uploads\\\/2021\\\/01\\\/circulo.png\",\"width\":723,\"height\":731,\"caption\":\"Informe Litoral\"},\"image\":{\"@id\":\"https:\\\/\\\/informelitoral.com.ar\\\/#\\\/schema\\\/logo\\\/image\\\/\"},\"sameAs\":[\"https:\\\/\\\/www.facebook.com\\\/informelitoral\\\/\",\"https:\\\/\\\/x.com\\\/InformeLitoral\",\"https:\\\/\\\/www.instagram.com\\\/informelitoral\\\/\",\"https:\\\/\\\/www.youtube.com\\\/channel\\\/UCua4Qvz8Icb6MYqhoq9xLXw\"]},{\"@type\":\"Person\",\"@id\":\"https:\\\/\\\/informelitoral.com.ar\\\/#\\\/schema\\\/person\\\/b9d00407c836482871ef1d57bf8e3180\",\"name\":\"Gonzalo Schmidt\",\"image\":{\"@type\":\"ImageObject\",\"inLanguage\":\"es\",\"@id\":\"https:\\\/\\\/secure.gravatar.com\\\/avatar\\\/31a1a7b66ff2de83bd0e9fd79d026630d2d99e55e8bfe501287647b4fd9743de?s=96&d=mm&r=g\",\"url\":\"https:\\\/\\\/secure.gravatar.com\\\/avatar\\\/31a1a7b66ff2de83bd0e9fd79d026630d2d99e55e8bfe501287647b4fd9743de?s=96&d=mm&r=g\",\"contentUrl\":\"https:\\\/\\\/secure.gravatar.com\\\/avatar\\\/31a1a7b66ff2de83bd0e9fd79d026630d2d99e55e8bfe501287647b4fd9743de?s=96&d=mm&r=g\",\"caption\":\"Gonzalo Schmidt\"},\"description\":\"Sitio web de noticias de la provincia de Entre R\u00edos, Argentina. Informaci\u00f3n y entretenimiento. Informe Litoral, nos informamos.\",\"sameAs\":[\"http:\\\/\\\/www.isletasnoticias.com.ar\"],\"url\":\"https:\\\/\\\/informelitoral.com.ar\\\/author\\\/gonzalo\\\/\"}]}<\/script>","yoast_head_json":{"title":"La Fundaci\u00f3n Favaloro reconoci\u00f3 al enfermero discriminado por \"villero\" - Informe Litoral","robots":{"index":"index","follow":"follow","max-snippet":"max-snippet:-1","max-image-preview":"max-image-preview:large","max-video-preview":"max-video-preview:-1"},"canonical":"https:\/\/informelitoral.com.ar\/la-fundacion-favaloro-reconocio-al-enfermero-discriminado-por-su-ropa-en-el-tren\/","og_locale":"es_ES","og_type":"article","og_title":"La Fundaci\u00f3n Favaloro reconoci\u00f3 al enfermero discriminado por \"villero\" - Informe Litoral","og_description":"Lautaro Guzm\u00e1n fue distinguido por ser \"una persona que sin dudas rescata los valores del doctor Ren\u00e9 G. Favaloro\".","og_url":"https:\/\/informelitoral.com.ar\/la-fundacion-favaloro-reconocio-al-enfermero-discriminado-por-su-ropa-en-el-tren\/","og_site_name":"Informe Litoral","article_publisher":"https:\/\/www.facebook.com\/informelitoral\/","article_published_time":"2019-08-24T20:05:30+00:00","article_modified_time":"2019-08-24T20:09:06+00:00","og_image":[{"width":1920,"height":1080,"url":"https:\/\/informelitoral.com.ar\/%77%70%2d%63%6f%6e%74%65%6e%74\/uploads\/2019\/08\/lautaro-guzman-favaloro.jpg","type":"image\/jpeg"}],"author":"Gonzalo Schmidt","twitter_card":"summary_large_image","twitter_creator":"@InformeLitoral","twitter_site":"@InformeLitoral","twitter_misc":{"Escrito por":"Gonzalo Schmidt","Tiempo de lectura":"2 minutos"},"schema":{"@context":"https:\/\/schema.org","@graph":[{"@type":"Article","@id":"https:\/\/informelitoral.com.ar\/la-fundacion-favaloro-reconocio-al-enfermero-discriminado-por-su-ropa-en-el-tren\/#article","isPartOf":{"@id":"https:\/\/informelitoral.com.ar\/la-fundacion-favaloro-reconocio-al-enfermero-discriminado-por-su-ropa-en-el-tren\/"},"author":{"name":"Gonzalo Schmidt","@id":"https:\/\/informelitoral.com.ar\/#\/schema\/person\/b9d00407c836482871ef1d57bf8e3180"},"headline":"La Fundaci\u00f3n Favaloro reconoci\u00f3 al enfermero discriminado por \u00abvillero\u00bb","datePublished":"2019-08-24T20:05:30+00:00","dateModified":"2019-08-24T20:09:06+00:00","mainEntityOfPage":{"@id":"https:\/\/informelitoral.com.ar\/la-fundacion-favaloro-reconocio-al-enfermero-discriminado-por-su-ropa-en-el-tren\/"},"wordCount":484,"commentCount":0,"publisher":{"@id":"https:\/\/informelitoral.com.ar\/#organization"},"image":{"@id":"https:\/\/informelitoral.com.ar\/la-fundacion-favaloro-reconocio-al-enfermero-discriminado-por-su-ropa-en-el-tren\/#primaryimage"},"thumbnailUrl":"https:\/\/informelitoral.com.ar\/%77%70%2d%63%6f%6e%74%65%6e%74\/uploads\/2019\/08\/lautaro-guzman-favaloro.jpg","articleSection":["Sociedad"],"inLanguage":"es","potentialAction":[{"@type":"CommentAction","name":"Comment","target":["https:\/\/informelitoral.com.ar\/la-fundacion-favaloro-reconocio-al-enfermero-discriminado-por-su-ropa-en-el-tren\/#respond"]}]},{"@type":"WebPage","@id":"https:\/\/informelitoral.com.ar\/la-fundacion-favaloro-reconocio-al-enfermero-discriminado-por-su-ropa-en-el-tren\/","url":"https:\/\/informelitoral.com.ar\/la-fundacion-favaloro-reconocio-al-enfermero-discriminado-por-su-ropa-en-el-tren\/","name":"La Fundaci\u00f3n Favaloro reconoci\u00f3 al enfermero discriminado por \"villero\" - Informe Litoral","isPartOf":{"@id":"https:\/\/informelitoral.com.ar\/#website"},"primaryImageOfPage":{"@id":"https:\/\/informelitoral.com.ar\/la-fundacion-favaloro-reconocio-al-enfermero-discriminado-por-su-ropa-en-el-tren\/#primaryimage"},"image":{"@id":"https:\/\/informelitoral.com.ar\/la-fundacion-favaloro-reconocio-al-enfermero-discriminado-por-su-ropa-en-el-tren\/#primaryimage"},"thumbnailUrl":"https:\/\/informelitoral.com.ar\/%77%70%2d%63%6f%6e%74%65%6e%74\/uploads\/2019\/08\/lautaro-guzman-favaloro.jpg","datePublished":"2019-08-24T20:05:30+00:00","dateModified":"2019-08-24T20:09:06+00:00","breadcrumb":{"@id":"https:\/\/informelitoral.com.ar\/la-fundacion-favaloro-reconocio-al-enfermero-discriminado-por-su-ropa-en-el-tren\/#breadcrumb"},"inLanguage":"es","potentialAction":[{"@type":"ReadAction","target":["https:\/\/informelitoral.com.ar\/la-fundacion-favaloro-reconocio-al-enfermero-discriminado-por-su-ropa-en-el-tren\/"]}]},{"@type":"ImageObject","inLanguage":"es","@id":"https:\/\/informelitoral.com.ar\/la-fundacion-favaloro-reconocio-al-enfermero-discriminado-por-su-ropa-en-el-tren\/#primaryimage","url":"https:\/\/informelitoral.com.ar\/%77%70%2d%63%6f%6e%74%65%6e%74\/uploads\/2019\/08\/lautaro-guzman-favaloro.jpg","contentUrl":"https:\/\/informelitoral.com.ar\/%77%70%2d%63%6f%6e%74%65%6e%74\/uploads\/2019\/08\/lautaro-guzman-favaloro.jpg","width":1920,"height":1080},{"@type":"BreadcrumbList","@id":"https:\/\/informelitoral.com.ar\/la-fundacion-favaloro-reconocio-al-enfermero-discriminado-por-su-ropa-en-el-tren\/#breadcrumb","itemListElement":[{"@type":"ListItem","position":1,"name":"Portada","item":"https:\/\/informelitoral.com.ar\/"},{"@type":"ListItem","position":2,"name":"La Fundaci\u00f3n Favaloro reconoci\u00f3 al enfermero discriminado por \u00abvillero\u00bb"}]},{"@type":"WebSite","@id":"https:\/\/informelitoral.com.ar\/#website","url":"https:\/\/informelitoral.com.ar\/","name":"Informe Litoral","description":"&quot;Nos informamos&quot; ","publisher":{"@id":"https:\/\/informelitoral.com.ar\/#organization"},"potentialAction":[{"@type":"SearchAction","target":{"@type":"EntryPoint","urlTemplate":"https:\/\/informelitoral.com.ar\/?s={search_term_string}"},"query-input":{"@type":"PropertyValueSpecification","valueRequired":true,"valueName":"search_term_string"}}],"inLanguage":"es"},{"@type":"Organization","@id":"https:\/\/informelitoral.com.ar\/#organization","name":"Informe Litoral","url":"https:\/\/informelitoral.com.ar\/","logo":{"@type":"ImageObject","inLanguage":"es","@id":"https:\/\/informelitoral.com.ar\/#\/schema\/logo\/image\/","url":"https:\/\/informelitoral.com.ar\/%77%70%2d%63%6f%6e%74%65%6e%74\/uploads\/2021\/01\/circulo.png","contentUrl":"https:\/\/informelitoral.com.ar\/%77%70%2d%63%6f%6e%74%65%6e%74\/uploads\/2021\/01\/circulo.png","width":723,"height":731,"caption":"Informe Litoral"},"image":{"@id":"https:\/\/informelitoral.com.ar\/#\/schema\/logo\/image\/"},"sameAs":["https:\/\/www.facebook.com\/informelitoral\/","https:\/\/x.com\/InformeLitoral","https:\/\/www.instagram.com\/informelitoral\/","https:\/\/www.youtube.com\/channel\/UCua4Qvz8Icb6MYqhoq9xLXw"]},{"@type":"Person","@id":"https:\/\/informelitoral.com.ar\/#\/schema\/person\/b9d00407c836482871ef1d57bf8e3180","name":"Gonzalo Schmidt","image":{"@type":"ImageObject","inLanguage":"es","@id":"https:\/\/secure.gravatar.com\/avatar\/31a1a7b66ff2de83bd0e9fd79d026630d2d99e55e8bfe501287647b4fd9743de?s=96&d=mm&r=g","url":"https:\/\/secure.gravatar.com\/avatar\/31a1a7b66ff2de83bd0e9fd79d026630d2d99e55e8bfe501287647b4fd9743de?s=96&d=mm&r=g","contentUrl":"https:\/\/secure.gravatar.com\/avatar\/31a1a7b66ff2de83bd0e9fd79d026630d2d99e55e8bfe501287647b4fd9743de?s=96&d=mm&r=g","caption":"Gonzalo Schmidt"},"description":"Sitio web de noticias de la provincia de Entre R\u00edos, Argentina. Informaci\u00f3n y entretenimiento. Informe Litoral, nos informamos.","sameAs":["http:\/\/www.isletasnoticias.com.ar"],"url":"https:\/\/informelitoral.com.ar\/author\/gonzalo\/"}]}},"_links":{"self":[{"href":"https:\/\/informelitoral.com.ar\/%77%70%2d%6a%73%6f%6e\/wp\/v2\/posts\/35921","targetHints":{"allow":["GET"]}}],"collection":[{"href":"https:\/\/informelitoral.com.ar\/%77%70%2d%6a%73%6f%6e\/wp\/v2\/posts"}],"about":[{"href":"https:\/\/informelitoral.com.ar\/%77%70%2d%6a%73%6f%6e\/wp\/v2\/types\/post"}],"author":[{"embeddable":true,"href":"https:\/\/informelitoral.com.ar\/%77%70%2d%6a%73%6f%6e\/wp\/v2\/users\/2"}],"replies":[{"embeddable":true,"href":"https:\/\/informelitoral.com.ar\/%77%70%2d%6a%73%6f%6e\/wp\/v2\/comments?post=35921"}],"version-history":[{"count":0,"href":"https:\/\/informelitoral.com.ar\/%77%70%2d%6a%73%6f%6e\/wp\/v2\/posts\/35921\/revisions"}],"wp:featuredmedia":[{"embeddable":true,"href":"https:\/\/informelitoral.com.ar\/%77%70%2d%6a%73%6f%6e\/wp\/v2\/media\/35922"}],"wp:attachment":[{"href":"https:\/\/informelitoral.com.ar\/%77%70%2d%6a%73%6f%6e\/wp\/v2\/media?parent=35921"}],"wp:term":[{"taxonomy":"category","embeddable":true,"href":"https:\/\/informelitoral.com.ar\/%77%70%2d%6a%73%6f%6e\/wp\/v2\/categories?post=35921"},{"taxonomy":"post_tag","embeddable":true,"href":"https:\/\/informelitoral.com.ar\/%77%70%2d%6a%73%6f%6e\/wp\/v2\/tags?post=35921"}],"curies":[{"name":"wp","href":"https:\/\/api.w.org\/{rel}","templated":true}]}}