{"id":35919,"date":"2019-08-24T16:57:55","date_gmt":"2019-08-24T19:57:55","guid":{"rendered":"https:\/\/www.isletasnoticias.com.ar\/?p=35919"},"modified":"2019-08-24T16:57:55","modified_gmt":"2019-08-24T19:57:55","slug":"fumigaciones-fue-rechazada-la-cautelar-interpuesta-contra-el-nuevo-decreto","status":"publish","type":"post","link":"https:\/\/informelitoral.com.ar\/fumigaciones-fue-rechazada-la-cautelar-interpuesta-contra-el-nuevo-decreto\/","title":{"rendered":"Fumigaciones: fue rechazada la cautelar interpuesta contra el nuevo decreto"},"content":{"rendered":"<p>El <strong>Poder Judicial de Entre R\u00edos<\/strong> rechaz\u00f3 la <a href=\"https:\/\/www.isletasnoticias.com.ar\/fumigaciones-ambientalistas-vuelven-a-la-justicia-tras-el-nuevo-decreto\/\">medida cautelar<\/a> interpuesta por el <strong>Foro Ecologista de Paran\u00e1<\/strong> y <strong>Agmer<\/strong> contra el <strong><a href=\"https:\/\/www.isletasnoticias.com.ar\/fumigaciones-habra-zonas-de-exclusion-areas-de-restriccion-y-unidades-centinelas\/\">decreto N\u00ba 2239\/19 del Poder Ejecutivo provincial<\/a>,<\/strong> que regula la aplicaci\u00f3n de plaguicidas y fitosanitarios.<\/p>\n<p>El fiscal de Estado, <strong>Julio Rodr\u00edguez Signes<\/strong>, sostuvo que \u00abel rechazo de la medida cautelar implica que el decreto 2239 resulta plenamente aplicable, es decir que, a la comunidad de productores, ingenieros agr\u00f3nomos y aplicadores de productos fitosanitarios, se les debe comunicar que la mencionada norma contin\u00faa en vigencia. <strong>No hay ninguna medida judicial que lo suspenda en su aplicaci\u00f3n<\/strong>\u00ab.<\/p>\n<p>Asimismo, Rodr\u00edguez Signes mencion\u00f3 que el Foro Ecologista de Paran\u00e1 y Agmer interpusieron tambi\u00e9n una acci\u00f3n de amparo contra el gobierno provincial promoviendo la inconstitucionalidad del decreto 2239\/19. En ese sentido, \u00abla provincia de Entre R\u00edos tiene un plazo para contestar la demanda que vence este s\u00e1bado 24 de agosto. No obstante, hab\u00eda interpuesto una medida cautelar planteando que hab\u00eda peligro en la aplicaci\u00f3n del decreto mencionado y que esa norma ten\u00eda vicios o defectos que lo hac\u00edan manifiestamente nulos. Esa pretensi\u00f3n fue rechazada por el Poder Judicial que ahora se encuentra abocado exclusivamente al an\u00e1lisis y resoluci\u00f3n de la cuesti\u00f3n de fondo planteada, que es si el decreto es o no v\u00e1lido, y que ser\u00e1 discernida en los pr\u00f3ximos d\u00edas\u00bb, precis\u00f3 el fiscal de Estado.<\/p>\n<p>Cabe recordar que, a trav\u00e9s del decreto 2239, el gobierno entrerriano estableci\u00f3 zonas de exclusi\u00f3n que llegan a los 500 metros, \u00e1reas de restricci\u00f3n que llegan a los 3.000 metros y unidades centinelas y de control en escuelas rurales y agrot\u00e9cnicas para la aplicaci\u00f3n de plaguicidas y productos fitosanitarios.<\/p>\n<p>Tambi\u00e9n prohibi\u00f3 el uso de m\u00e1quinas pulverizadoras no registradas e instruy\u00f3 al Ministerio de Salud a realizar un programa de seguimiento de la salud de agricultores y comunidades rurales.<\/p>\n<p>La norma instruye adem\u00e1s al Consejo de Educaci\u00f3n a elaborar un mapa georeferenciado de las escuelas rurales, y a la Secretar\u00eda de Producci\u00f3n a aplicar un sistema de monitoreo remoto, a reempadronar todos los equipos de aplicaci\u00f3n en uso en Entre R\u00edos y a celebrar convenios de capacitaci\u00f3n con el INTA y las universidades.<\/p>\n<p><em><strong>NOTAS RELACIONADAS:\u00a0<\/strong><\/em><\/p>\n<blockquote class=\"wp-embedded-content\" data-secret=\"LjxxRVsDZ5\"><p><a href=\"https:\/\/www.isletasnoticias.com.ar\/decreto-de-bordet-sobre-fumigaciones-hay-que-ceder-de-las-dos-partes\/\">Decreto de Bordet sobre fumigaciones: &#171;Hay que ceder, de las dos partes&#187;<\/a><\/p><\/blockquote>\n<p><iframe loading=\"lazy\" title=\"&#171;Decreto de Bordet sobre fumigaciones: &#171;Hay que ceder, de las dos partes&#187;&#187; &#8212; Isletas Noticias\" class=\"wp-embedded-content\" sandbox=\"allow-scripts\" security=\"restricted\" style=\"position: absolute; clip: rect(1px, 1px, 1px, 1px);\" src=\"https:\/\/www.isletasnoticias.com.ar\/decreto-de-bordet-sobre-fumigaciones-hay-que-ceder-de-las-dos-partes\/embed\/#?secret=LjxxRVsDZ5\" data-secret=\"LjxxRVsDZ5\" width=\"600\" height=\"338\" frameborder=\"0\" marginwidth=\"0\" marginheight=\"0\" scrolling=\"no\"><\/iframe><\/p>\n<blockquote class=\"wp-embedded-content\" data-secret=\"qEc5wyWxlq\"><p><a href=\"https:\/\/www.isletasnoticias.com.ar\/fumigaciones-habra-zonas-de-exclusion-areas-de-restriccion-y-unidades-centinelas\/\">Fumigaciones: habr\u00e1 zonas de exclusi\u00f3n, \u00e1reas de restricci\u00f3n y unidades centinelas<\/a><\/p><\/blockquote>\n<p><iframe loading=\"lazy\" title=\"&#171;Fumigaciones: habr\u00e1 zonas de exclusi\u00f3n, \u00e1reas de restricci\u00f3n y unidades centinelas&#187; &#8212; Isletas Noticias\" class=\"wp-embedded-content\" sandbox=\"allow-scripts\" security=\"restricted\" style=\"position: absolute; clip: rect(1px, 1px, 1px, 1px);\" src=\"https:\/\/www.isletasnoticias.com.ar\/fumigaciones-habra-zonas-de-exclusion-areas-de-restriccion-y-unidades-centinelas\/embed\/#?secret=qEc5wyWxlq\" data-secret=\"qEc5wyWxlq\" width=\"600\" height=\"338\" frameborder=\"0\" marginwidth=\"0\" marginheight=\"0\" scrolling=\"no\"><\/iframe><\/p>\n","protected":false},"excerpt":{"rendered":"<p>La Justicia provincial rechaz\u00f3 la medida cautelar interpuesta por el Foro Ecologista de Paran\u00e1 y Agmer contra el decreto que regula la aplicaci\u00f3n de fitosanitarios. Rodr\u00edguez Signes sostuvo que la nueva normativa es \u00abplenamente aplicable\u00bb.<\/p>\n","protected":false},"author":2,"featured_media":24802,"comment_status":"open","ping_status":"open","sticky":false,"template":"","format":"standard","meta":{"fifu_image_url":"","fifu_image_alt":"","footnotes":""},"categories":[10,6],"tags":[64,191,139,1162,1144,236,147,120,818],"class_list":{"0":"post-35919","1":"post","2":"type-post","3":"status-publish","4":"format-standard","5":"has-post-thumbnail","7":"category-campo","8":"category-entre-rios","9":"tag-agmer","10":"tag-agricultura","11":"tag-agroquimicos","12":"tag-agrotoxicos","13":"tag-foro-ecologista","14":"tag-fumigaciones","15":"tag-justicia","16":"tag-produccion","17":"tag-productores"},"yoast_head":"<title>Fumigaciones: fue rechazada la cautelar interpuesta contra el nuevo decreto - Informe Litoral<\/title>\n<meta name=\"robots\" content=\"index, follow, max-snippet:-1, max-image-preview:large, max-video-preview:-1\" \/>\n<link rel=\"canonical\" href=\"https:\/\/informelitoral.com.ar\/fumigaciones-fue-rechazada-la-cautelar-interpuesta-contra-el-nuevo-decreto\/\" \/>\n<meta property=\"og:locale\" content=\"es_ES\" \/>\n<meta property=\"og:type\" content=\"article\" \/>\n<meta property=\"og:title\" content=\"Fumigaciones: fue rechazada la cautelar interpuesta contra el nuevo decreto - Informe Litoral\" \/>\n<meta property=\"og:description\" content=\"La Justicia provincial rechaz\u00f3 la medida cautelar interpuesta por el Foro Ecologista de Paran\u00e1 y Agmer contra el decreto que regula la aplicaci\u00f3n de fitosanitarios. Rodr\u00edguez Signes sostuvo que la nueva normativa es &quot;plenamente aplicable&quot;.\" \/>\n<meta property=\"og:url\" content=\"https:\/\/informelitoral.com.ar\/fumigaciones-fue-rechazada-la-cautelar-interpuesta-contra-el-nuevo-decreto\/\" \/>\n<meta property=\"og:site_name\" content=\"Informe Litoral\" \/>\n<meta property=\"article:publisher\" content=\"https:\/\/www.facebook.com\/informelitoral\/\" \/>\n<meta property=\"article:published_time\" content=\"2019-08-24T19:57:55+00:00\" \/>\n<meta property=\"og:image\" content=\"https:\/\/informelitoral.com.ar\/%77%70%2d%63%6f%6e%74%65%6e%74\/uploads\/2018\/02\/fumigacion-avion-volando.jpg\" \/>\n\t<meta property=\"og:image:width\" content=\"1200\" \/>\n\t<meta property=\"og:image:height\" content=\"526\" \/>\n\t<meta property=\"og:image:type\" content=\"image\/jpeg\" \/>\n<meta name=\"author\" content=\"Gonzalo Schmidt\" \/>\n<meta name=\"twitter:card\" content=\"summary_large_image\" \/>\n<meta name=\"twitter:creator\" content=\"@InformeLitoral\" \/>\n<meta name=\"twitter:site\" content=\"@InformeLitoral\" \/>\n<meta name=\"twitter:label1\" content=\"Escrito por\" \/>\n\t<meta name=\"twitter:data1\" content=\"Gonzalo Schmidt\" \/>\n\t<meta name=\"twitter:label2\" content=\"Tiempo de lectura\" \/>\n\t<meta name=\"twitter:data2\" content=\"2 minutos\" \/>\n<script type=\"application\/ld+json\" class=\"yoast-schema-graph\">{\"@context\":\"https:\\\/\\\/schema.org\",\"@graph\":[{\"@type\":\"Article\",\"@id\":\"https:\\\/\\\/informelitoral.com.ar\\\/fumigaciones-fue-rechazada-la-cautelar-interpuesta-contra-el-nuevo-decreto\\\/#article\",\"isPartOf\":{\"@id\":\"https:\\\/\\\/informelitoral.com.ar\\\/fumigaciones-fue-rechazada-la-cautelar-interpuesta-contra-el-nuevo-decreto\\\/\"},\"author\":{\"name\":\"Gonzalo Schmidt\",\"@id\":\"https:\\\/\\\/informelitoral.com.ar\\\/#\\\/schema\\\/person\\\/b9d00407c836482871ef1d57bf8e3180\"},\"headline\":\"Fumigaciones: fue rechazada la cautelar interpuesta contra el nuevo decreto\",\"datePublished\":\"2019-08-24T19:57:55+00:00\",\"mainEntityOfPage\":{\"@id\":\"https:\\\/\\\/informelitoral.com.ar\\\/fumigaciones-fue-rechazada-la-cautelar-interpuesta-contra-el-nuevo-decreto\\\/\"},\"wordCount\":408,\"commentCount\":0,\"publisher\":{\"@id\":\"https:\\\/\\\/informelitoral.com.ar\\\/#organization\"},\"image\":{\"@id\":\"https:\\\/\\\/informelitoral.com.ar\\\/fumigaciones-fue-rechazada-la-cautelar-interpuesta-contra-el-nuevo-decreto\\\/#primaryimage\"},\"thumbnailUrl\":\"https:\\\/\\\/informelitoral.com.ar\\\/%77%70%2d%63%6f%6e%74%65%6e%74\\\/uploads\\\/2018\\\/02\\\/fumigacion-avion-volando.jpg\",\"keywords\":[\"Agmer\",\"Agricultura\",\"Agroqu\u00edmicos\",\"Agrot\u00f3xicos\",\"Foro Ecologista\",\"Fumigaciones\",\"Justicia\",\"Producci\u00f3n\",\"Productores\"],\"articleSection\":[\"Campo\",\"Entre R\u00edos\"],\"inLanguage\":\"es\",\"potentialAction\":[{\"@type\":\"CommentAction\",\"name\":\"Comment\",\"target\":[\"https:\\\/\\\/informelitoral.com.ar\\\/fumigaciones-fue-rechazada-la-cautelar-interpuesta-contra-el-nuevo-decreto\\\/#respond\"]}]},{\"@type\":\"WebPage\",\"@id\":\"https:\\\/\\\/informelitoral.com.ar\\\/fumigaciones-fue-rechazada-la-cautelar-interpuesta-contra-el-nuevo-decreto\\\/\",\"url\":\"https:\\\/\\\/informelitoral.com.ar\\\/fumigaciones-fue-rechazada-la-cautelar-interpuesta-contra-el-nuevo-decreto\\\/\",\"name\":\"Fumigaciones: fue rechazada la cautelar interpuesta contra el nuevo decreto - Informe Litoral\",\"isPartOf\":{\"@id\":\"https:\\\/\\\/informelitoral.com.ar\\\/#website\"},\"primaryImageOfPage\":{\"@id\":\"https:\\\/\\\/informelitoral.com.ar\\\/fumigaciones-fue-rechazada-la-cautelar-interpuesta-contra-el-nuevo-decreto\\\/#primaryimage\"},\"image\":{\"@id\":\"https:\\\/\\\/informelitoral.com.ar\\\/fumigaciones-fue-rechazada-la-cautelar-interpuesta-contra-el-nuevo-decreto\\\/#primaryimage\"},\"thumbnailUrl\":\"https:\\\/\\\/informelitoral.com.ar\\\/%77%70%2d%63%6f%6e%74%65%6e%74\\\/uploads\\\/2018\\\/02\\\/fumigacion-avion-volando.jpg\",\"datePublished\":\"2019-08-24T19:57:55+00:00\",\"breadcrumb\":{\"@id\":\"https:\\\/\\\/informelitoral.com.ar\\\/fumigaciones-fue-rechazada-la-cautelar-interpuesta-contra-el-nuevo-decreto\\\/#breadcrumb\"},\"inLanguage\":\"es\",\"potentialAction\":[{\"@type\":\"ReadAction\",\"target\":[\"https:\\\/\\\/informelitoral.com.ar\\\/fumigaciones-fue-rechazada-la-cautelar-interpuesta-contra-el-nuevo-decreto\\\/\"]}]},{\"@type\":\"ImageObject\",\"inLanguage\":\"es\",\"@id\":\"https:\\\/\\\/informelitoral.com.ar\\\/fumigaciones-fue-rechazada-la-cautelar-interpuesta-contra-el-nuevo-decreto\\\/#primaryimage\",\"url\":\"https:\\\/\\\/informelitoral.com.ar\\\/%77%70%2d%63%6f%6e%74%65%6e%74\\\/uploads\\\/2018\\\/02\\\/fumigacion-avion-volando.jpg\",\"contentUrl\":\"https:\\\/\\\/informelitoral.com.ar\\\/%77%70%2d%63%6f%6e%74%65%6e%74\\\/uploads\\\/2018\\\/02\\\/fumigacion-avion-volando.jpg\",\"width\":1200,\"height\":526},{\"@type\":\"BreadcrumbList\",\"@id\":\"https:\\\/\\\/informelitoral.com.ar\\\/fumigaciones-fue-rechazada-la-cautelar-interpuesta-contra-el-nuevo-decreto\\\/#breadcrumb\",\"itemListElement\":[{\"@type\":\"ListItem\",\"position\":1,\"name\":\"Portada\",\"item\":\"https:\\\/\\\/informelitoral.com.ar\\\/\"},{\"@type\":\"ListItem\",\"position\":2,\"name\":\"Fumigaciones: fue rechazada la cautelar interpuesta contra el nuevo decreto\"}]},{\"@type\":\"WebSite\",\"@id\":\"https:\\\/\\\/informelitoral.com.ar\\\/#website\",\"url\":\"https:\\\/\\\/informelitoral.com.ar\\\/\",\"name\":\"Informe Litoral\",\"description\":\"&quot;Nos informamos&quot; \",\"publisher\":{\"@id\":\"https:\\\/\\\/informelitoral.com.ar\\\/#organization\"},\"potentialAction\":[{\"@type\":\"SearchAction\",\"target\":{\"@type\":\"EntryPoint\",\"urlTemplate\":\"https:\\\/\\\/informelitoral.com.ar\\\/?s={search_term_string}\"},\"query-input\":{\"@type\":\"PropertyValueSpecification\",\"valueRequired\":true,\"valueName\":\"search_term_string\"}}],\"inLanguage\":\"es\"},{\"@type\":\"Organization\",\"@id\":\"https:\\\/\\\/informelitoral.com.ar\\\/#organization\",\"name\":\"Informe Litoral\",\"url\":\"https:\\\/\\\/informelitoral.com.ar\\\/\",\"logo\":{\"@type\":\"ImageObject\",\"inLanguage\":\"es\",\"@id\":\"https:\\\/\\\/informelitoral.com.ar\\\/#\\\/schema\\\/logo\\\/image\\\/\",\"url\":\"https:\\\/\\\/informelitoral.com.ar\\\/%77%70%2d%63%6f%6e%74%65%6e%74\\\/uploads\\\/2021\\\/01\\\/circulo.png\",\"contentUrl\":\"https:\\\/\\\/informelitoral.com.ar\\\/%77%70%2d%63%6f%6e%74%65%6e%74\\\/uploads\\\/2021\\\/01\\\/circulo.png\",\"width\":723,\"height\":731,\"caption\":\"Informe Litoral\"},\"image\":{\"@id\":\"https:\\\/\\\/informelitoral.com.ar\\\/#\\\/schema\\\/logo\\\/image\\\/\"},\"sameAs\":[\"https:\\\/\\\/www.facebook.com\\\/informelitoral\\\/\",\"https:\\\/\\\/x.com\\\/InformeLitoral\",\"https:\\\/\\\/www.instagram.com\\\/informelitoral\\\/\",\"https:\\\/\\\/www.youtube.com\\\/channel\\\/UCua4Qvz8Icb6MYqhoq9xLXw\"]},{\"@type\":\"Person\",\"@id\":\"https:\\\/\\\/informelitoral.com.ar\\\/#\\\/schema\\\/person\\\/b9d00407c836482871ef1d57bf8e3180\",\"name\":\"Gonzalo Schmidt\",\"image\":{\"@type\":\"ImageObject\",\"inLanguage\":\"es\",\"@id\":\"https:\\\/\\\/secure.gravatar.com\\\/avatar\\\/31a1a7b66ff2de83bd0e9fd79d026630d2d99e55e8bfe501287647b4fd9743de?s=96&d=mm&r=g\",\"url\":\"https:\\\/\\\/secure.gravatar.com\\\/avatar\\\/31a1a7b66ff2de83bd0e9fd79d026630d2d99e55e8bfe501287647b4fd9743de?s=96&d=mm&r=g\",\"contentUrl\":\"https:\\\/\\\/secure.gravatar.com\\\/avatar\\\/31a1a7b66ff2de83bd0e9fd79d026630d2d99e55e8bfe501287647b4fd9743de?s=96&d=mm&r=g\",\"caption\":\"Gonzalo Schmidt\"},\"description\":\"Sitio web de noticias de la provincia de Entre R\u00edos, Argentina. Informaci\u00f3n y entretenimiento. Informe Litoral, nos informamos.\",\"sameAs\":[\"http:\\\/\\\/www.isletasnoticias.com.ar\"],\"url\":\"https:\\\/\\\/informelitoral.com.ar\\\/author\\\/gonzalo\\\/\"}]}<\/script>","yoast_head_json":{"title":"Fumigaciones: fue rechazada la cautelar interpuesta contra el nuevo decreto - Informe Litoral","robots":{"index":"index","follow":"follow","max-snippet":"max-snippet:-1","max-image-preview":"max-image-preview:large","max-video-preview":"max-video-preview:-1"},"canonical":"https:\/\/informelitoral.com.ar\/fumigaciones-fue-rechazada-la-cautelar-interpuesta-contra-el-nuevo-decreto\/","og_locale":"es_ES","og_type":"article","og_title":"Fumigaciones: fue rechazada la cautelar interpuesta contra el nuevo decreto - Informe Litoral","og_description":"La Justicia provincial rechaz\u00f3 la medida cautelar interpuesta por el Foro Ecologista de Paran\u00e1 y Agmer contra el decreto que regula la aplicaci\u00f3n de fitosanitarios. Rodr\u00edguez Signes sostuvo que la nueva normativa es \"plenamente aplicable\".","og_url":"https:\/\/informelitoral.com.ar\/fumigaciones-fue-rechazada-la-cautelar-interpuesta-contra-el-nuevo-decreto\/","og_site_name":"Informe Litoral","article_publisher":"https:\/\/www.facebook.com\/informelitoral\/","article_published_time":"2019-08-24T19:57:55+00:00","og_image":[{"width":1200,"height":526,"url":"https:\/\/informelitoral.com.ar\/%77%70%2d%63%6f%6e%74%65%6e%74\/uploads\/2018\/02\/fumigacion-avion-volando.jpg","type":"image\/jpeg"}],"author":"Gonzalo Schmidt","twitter_card":"summary_large_image","twitter_creator":"@InformeLitoral","twitter_site":"@InformeLitoral","twitter_misc":{"Escrito por":"Gonzalo Schmidt","Tiempo de lectura":"2 minutos"},"schema":{"@context":"https:\/\/schema.org","@graph":[{"@type":"Article","@id":"https:\/\/informelitoral.com.ar\/fumigaciones-fue-rechazada-la-cautelar-interpuesta-contra-el-nuevo-decreto\/#article","isPartOf":{"@id":"https:\/\/informelitoral.com.ar\/fumigaciones-fue-rechazada-la-cautelar-interpuesta-contra-el-nuevo-decreto\/"},"author":{"name":"Gonzalo Schmidt","@id":"https:\/\/informelitoral.com.ar\/#\/schema\/person\/b9d00407c836482871ef1d57bf8e3180"},"headline":"Fumigaciones: fue rechazada la cautelar interpuesta contra el nuevo decreto","datePublished":"2019-08-24T19:57:55+00:00","mainEntityOfPage":{"@id":"https:\/\/informelitoral.com.ar\/fumigaciones-fue-rechazada-la-cautelar-interpuesta-contra-el-nuevo-decreto\/"},"wordCount":408,"commentCount":0,"publisher":{"@id":"https:\/\/informelitoral.com.ar\/#organization"},"image":{"@id":"https:\/\/informelitoral.com.ar\/fumigaciones-fue-rechazada-la-cautelar-interpuesta-contra-el-nuevo-decreto\/#primaryimage"},"thumbnailUrl":"https:\/\/informelitoral.com.ar\/%77%70%2d%63%6f%6e%74%65%6e%74\/uploads\/2018\/02\/fumigacion-avion-volando.jpg","keywords":["Agmer","Agricultura","Agroqu\u00edmicos","Agrot\u00f3xicos","Foro Ecologista","Fumigaciones","Justicia","Producci\u00f3n","Productores"],"articleSection":["Campo","Entre R\u00edos"],"inLanguage":"es","potentialAction":[{"@type":"CommentAction","name":"Comment","target":["https:\/\/informelitoral.com.ar\/fumigaciones-fue-rechazada-la-cautelar-interpuesta-contra-el-nuevo-decreto\/#respond"]}]},{"@type":"WebPage","@id":"https:\/\/informelitoral.com.ar\/fumigaciones-fue-rechazada-la-cautelar-interpuesta-contra-el-nuevo-decreto\/","url":"https:\/\/informelitoral.com.ar\/fumigaciones-fue-rechazada-la-cautelar-interpuesta-contra-el-nuevo-decreto\/","name":"Fumigaciones: fue rechazada la cautelar interpuesta contra el nuevo decreto - Informe Litoral","isPartOf":{"@id":"https:\/\/informelitoral.com.ar\/#website"},"primaryImageOfPage":{"@id":"https:\/\/informelitoral.com.ar\/fumigaciones-fue-rechazada-la-cautelar-interpuesta-contra-el-nuevo-decreto\/#primaryimage"},"image":{"@id":"https:\/\/informelitoral.com.ar\/fumigaciones-fue-rechazada-la-cautelar-interpuesta-contra-el-nuevo-decreto\/#primaryimage"},"thumbnailUrl":"https:\/\/informelitoral.com.ar\/%77%70%2d%63%6f%6e%74%65%6e%74\/uploads\/2018\/02\/fumigacion-avion-volando.jpg","datePublished":"2019-08-24T19:57:55+00:00","breadcrumb":{"@id":"https:\/\/informelitoral.com.ar\/fumigaciones-fue-rechazada-la-cautelar-interpuesta-contra-el-nuevo-decreto\/#breadcrumb"},"inLanguage":"es","potentialAction":[{"@type":"ReadAction","target":["https:\/\/informelitoral.com.ar\/fumigaciones-fue-rechazada-la-cautelar-interpuesta-contra-el-nuevo-decreto\/"]}]},{"@type":"ImageObject","inLanguage":"es","@id":"https:\/\/informelitoral.com.ar\/fumigaciones-fue-rechazada-la-cautelar-interpuesta-contra-el-nuevo-decreto\/#primaryimage","url":"https:\/\/informelitoral.com.ar\/%77%70%2d%63%6f%6e%74%65%6e%74\/uploads\/2018\/02\/fumigacion-avion-volando.jpg","contentUrl":"https:\/\/informelitoral.com.ar\/%77%70%2d%63%6f%6e%74%65%6e%74\/uploads\/2018\/02\/fumigacion-avion-volando.jpg","width":1200,"height":526},{"@type":"BreadcrumbList","@id":"https:\/\/informelitoral.com.ar\/fumigaciones-fue-rechazada-la-cautelar-interpuesta-contra-el-nuevo-decreto\/#breadcrumb","itemListElement":[{"@type":"ListItem","position":1,"name":"Portada","item":"https:\/\/informelitoral.com.ar\/"},{"@type":"ListItem","position":2,"name":"Fumigaciones: fue rechazada la cautelar interpuesta contra el nuevo decreto"}]},{"@type":"WebSite","@id":"https:\/\/informelitoral.com.ar\/#website","url":"https:\/\/informelitoral.com.ar\/","name":"Informe Litoral","description":"&quot;Nos informamos&quot; ","publisher":{"@id":"https:\/\/informelitoral.com.ar\/#organization"},"potentialAction":[{"@type":"SearchAction","target":{"@type":"EntryPoint","urlTemplate":"https:\/\/informelitoral.com.ar\/?s={search_term_string}"},"query-input":{"@type":"PropertyValueSpecification","valueRequired":true,"valueName":"search_term_string"}}],"inLanguage":"es"},{"@type":"Organization","@id":"https:\/\/informelitoral.com.ar\/#organization","name":"Informe Litoral","url":"https:\/\/informelitoral.com.ar\/","logo":{"@type":"ImageObject","inLanguage":"es","@id":"https:\/\/informelitoral.com.ar\/#\/schema\/logo\/image\/","url":"https:\/\/informelitoral.com.ar\/%77%70%2d%63%6f%6e%74%65%6e%74\/uploads\/2021\/01\/circulo.png","contentUrl":"https:\/\/informelitoral.com.ar\/%77%70%2d%63%6f%6e%74%65%6e%74\/uploads\/2021\/01\/circulo.png","width":723,"height":731,"caption":"Informe Litoral"},"image":{"@id":"https:\/\/informelitoral.com.ar\/#\/schema\/logo\/image\/"},"sameAs":["https:\/\/www.facebook.com\/informelitoral\/","https:\/\/x.com\/InformeLitoral","https:\/\/www.instagram.com\/informelitoral\/","https:\/\/www.youtube.com\/channel\/UCua4Qvz8Icb6MYqhoq9xLXw"]},{"@type":"Person","@id":"https:\/\/informelitoral.com.ar\/#\/schema\/person\/b9d00407c836482871ef1d57bf8e3180","name":"Gonzalo Schmidt","image":{"@type":"ImageObject","inLanguage":"es","@id":"https:\/\/secure.gravatar.com\/avatar\/31a1a7b66ff2de83bd0e9fd79d026630d2d99e55e8bfe501287647b4fd9743de?s=96&d=mm&r=g","url":"https:\/\/secure.gravatar.com\/avatar\/31a1a7b66ff2de83bd0e9fd79d026630d2d99e55e8bfe501287647b4fd9743de?s=96&d=mm&r=g","contentUrl":"https:\/\/secure.gravatar.com\/avatar\/31a1a7b66ff2de83bd0e9fd79d026630d2d99e55e8bfe501287647b4fd9743de?s=96&d=mm&r=g","caption":"Gonzalo Schmidt"},"description":"Sitio web de noticias de la provincia de Entre R\u00edos, Argentina. Informaci\u00f3n y entretenimiento. Informe Litoral, nos informamos.","sameAs":["http:\/\/www.isletasnoticias.com.ar"],"url":"https:\/\/informelitoral.com.ar\/author\/gonzalo\/"}]}},"_links":{"self":[{"href":"https:\/\/informelitoral.com.ar\/%77%70%2d%6a%73%6f%6e\/wp\/v2\/posts\/35919","targetHints":{"allow":["GET"]}}],"collection":[{"href":"https:\/\/informelitoral.com.ar\/%77%70%2d%6a%73%6f%6e\/wp\/v2\/posts"}],"about":[{"href":"https:\/\/informelitoral.com.ar\/%77%70%2d%6a%73%6f%6e\/wp\/v2\/types\/post"}],"author":[{"embeddable":true,"href":"https:\/\/informelitoral.com.ar\/%77%70%2d%6a%73%6f%6e\/wp\/v2\/users\/2"}],"replies":[{"embeddable":true,"href":"https:\/\/informelitoral.com.ar\/%77%70%2d%6a%73%6f%6e\/wp\/v2\/comments?post=35919"}],"version-history":[{"count":0,"href":"https:\/\/informelitoral.com.ar\/%77%70%2d%6a%73%6f%6e\/wp\/v2\/posts\/35919\/revisions"}],"wp:featuredmedia":[{"embeddable":true,"href":"https:\/\/informelitoral.com.ar\/%77%70%2d%6a%73%6f%6e\/wp\/v2\/media\/24802"}],"wp:attachment":[{"href":"https:\/\/informelitoral.com.ar\/%77%70%2d%6a%73%6f%6e\/wp\/v2\/media?parent=35919"}],"wp:term":[{"taxonomy":"category","embeddable":true,"href":"https:\/\/informelitoral.com.ar\/%77%70%2d%6a%73%6f%6e\/wp\/v2\/categories?post=35919"},{"taxonomy":"post_tag","embeddable":true,"href":"https:\/\/informelitoral.com.ar\/%77%70%2d%6a%73%6f%6e\/wp\/v2\/tags?post=35919"}],"curies":[{"name":"wp","href":"https:\/\/api.w.org\/{rel}","templated":true}]}}