{"id":35905,"date":"2019-08-23T09:44:59","date_gmt":"2019-08-23T12:44:59","guid":{"rendered":"https:\/\/www.isletasnoticias.com.ar\/?p=35905"},"modified":"2019-08-23T09:52:47","modified_gmt":"2019-08-23T12:52:47","slug":"en-ramirez-entregaron-los-primeros-nueve-microcreditos-a-emprendedores","status":"publish","type":"post","link":"https:\/\/informelitoral.com.ar\/en-ramirez-entregaron-los-primeros-nueve-microcreditos-a-emprendedores\/","title":{"rendered":"En Ram\u00edrez entregaron los primeros nueve microcr\u00e9ditos a emprendedores"},"content":{"rendered":"<p>Desde la<strong> Municipalidad de General Ram\u00edrez<\/strong> firmaron el convenio y entregaron los cheques a los primeros beneficiarios del<strong> <a href=\"https:\/\/www.isletasnoticias.com.ar\/lanzaran-un-programa-de-microcreditos-para-emprendedores-ramirenses\/\">Programa Municipal de Microcr\u00e9ditos para Emprendedores<\/a>.<\/strong><\/p>\n<p><a href=\"https:\/\/www.isletasnoticias.com.ar\/%77%70%2d%63%6f%6e%74%65%6e%74\/uploads\/2019\/08\/69025255_1365451630272422_3766120332096700416_n.jpg\"><img loading=\"lazy\" decoding=\"async\" class=\"aligncenter wp-image-35908 size-full\" src=\"https:\/\/www.isletasnoticias.com.ar\/%77%70%2d%63%6f%6e%74%65%6e%74\/uploads\/2019\/08\/69025255_1365451630272422_3766120332096700416_n.jpg\" alt=\"\" width=\"960\" height=\"639\" srcset=\"https:\/\/informelitoral.com.ar\/%77%70%2d%63%6f%6e%74%65%6e%74\/uploads\/2019\/08\/69025255_1365451630272422_3766120332096700416_n.jpg 960w, https:\/\/informelitoral.com.ar\/%77%70%2d%63%6f%6e%74%65%6e%74\/uploads\/2019\/08\/69025255_1365451630272422_3766120332096700416_n-300x200.jpg 300w, https:\/\/informelitoral.com.ar\/%77%70%2d%63%6f%6e%74%65%6e%74\/uploads\/2019\/08\/69025255_1365451630272422_3766120332096700416_n-768x511.jpg 768w, https:\/\/informelitoral.com.ar\/%77%70%2d%63%6f%6e%74%65%6e%74\/uploads\/2019\/08\/69025255_1365451630272422_3766120332096700416_n-696x463.jpg 696w, https:\/\/informelitoral.com.ar\/%77%70%2d%63%6f%6e%74%65%6e%74\/uploads\/2019\/08\/69025255_1365451630272422_3766120332096700416_n-631x420.jpg 631w\" sizes=\"auto, (max-width: 960px) 100vw, 960px\" \/><\/a><\/p>\n<p><strong>Son nueve los destinatarios<\/strong> de los beneficios y en los pr\u00f3ximos d\u00edas, seg\u00fan pudo conocer<strong><em> IN<\/em><\/strong>, se entregar\u00e1n cuatro microcr\u00e9ditos m\u00e1s, para llegar a<strong> un total de 13 para este a\u00f1o, totalizando un monto de un mill\u00f3n de pesos.<\/strong><\/p>\n<p>Este sitio pudo saber que en total la Municipalidad recibi\u00f3 <strong>127 consultas sobre el programa y 46 solicitudes se hicieron efectivas<\/strong>, de las cuales se seleccionaron 13 para 2019 de acuerdo a una evaluaci\u00f3n basada en varios criterios.<\/p>\n<h3><strong>Qu\u00e9 se tuvo en cuenta para otorgar el microcr\u00e9dito<\/strong><\/h3>\n<p><strong> <a href=\"https:\/\/www.isletasnoticias.com.ar\/%77%70%2d%63%6f%6e%74%65%6e%74\/uploads\/2019\/08\/69025255_1365451630272422_3766120332096700416_n.jpg\"><img loading=\"lazy\" decoding=\"async\" class=\"aligncenter wp-image-35908 size-full\" src=\"https:\/\/www.isletasnoticias.com.ar\/%77%70%2d%63%6f%6e%74%65%6e%74\/uploads\/2019\/08\/69025255_1365451630272422_3766120332096700416_n.jpg\" alt=\"\" width=\"960\" height=\"639\" srcset=\"https:\/\/informelitoral.com.ar\/%77%70%2d%63%6f%6e%74%65%6e%74\/uploads\/2019\/08\/69025255_1365451630272422_3766120332096700416_n.jpg 960w, https:\/\/informelitoral.com.ar\/%77%70%2d%63%6f%6e%74%65%6e%74\/uploads\/2019\/08\/69025255_1365451630272422_3766120332096700416_n-300x200.jpg 300w, https:\/\/informelitoral.com.ar\/%77%70%2d%63%6f%6e%74%65%6e%74\/uploads\/2019\/08\/69025255_1365451630272422_3766120332096700416_n-768x511.jpg 768w, https:\/\/informelitoral.com.ar\/%77%70%2d%63%6f%6e%74%65%6e%74\/uploads\/2019\/08\/69025255_1365451630272422_3766120332096700416_n-696x463.jpg 696w, https:\/\/informelitoral.com.ar\/%77%70%2d%63%6f%6e%74%65%6e%74\/uploads\/2019\/08\/69025255_1365451630272422_3766120332096700416_n-631x420.jpg 631w\" sizes=\"auto, (max-width: 960px) 100vw, 960px\" \/><\/a><\/strong><\/p>\n<ul>\n<li>Si el emprendimiento es la<strong> principal fuente de ingresos<\/strong><\/li>\n<li><strong>Sector econ\u00f3mico<\/strong> priorizando producci\u00f3n, servicios por sobre la comercializaci\u00f3n y elaboraci\u00f3n de alimentos<\/li>\n<li>Posibilidades de <strong>expansi\u00f3n del negocio<\/strong><\/li>\n<li>Posibilidades de<strong> creaci\u00f3n de nuevos puestos de trabajo<\/strong> en el corto plazo<\/li>\n<li><strong>Innovaci\u00f3n<\/strong>, en cuanto a los productos y\/o los m\u00e9todos de producci\u00f3n<\/li>\n<li><strong>Capacitaciones<\/strong> en relaci\u00f3n al emprendimiento<\/li>\n<li><strong>Experiencia<\/strong> de trabajo<\/li>\n<li>An\u00e1lisis del grado de <strong>competencia de mercado<\/strong> seg\u00fan el tipo de negocio.<\/li>\n<\/ul>\n<h3><strong>M\u00e1s detalles del programa<\/strong><\/h3>\n<p><a href=\"https:\/\/www.isletasnoticias.com.ar\/%77%70%2d%63%6f%6e%74%65%6e%74\/uploads\/2019\/08\/69089535_1365452136939038_7165098067933265920_n.jpg\"><img loading=\"lazy\" decoding=\"async\" class=\"aligncenter wp-image-35909 size-full\" src=\"https:\/\/www.isletasnoticias.com.ar\/%77%70%2d%63%6f%6e%74%65%6e%74\/uploads\/2019\/08\/69089535_1365452136939038_7165098067933265920_n.jpg\" alt=\"\" width=\"960\" height=\"800\" srcset=\"https:\/\/informelitoral.com.ar\/%77%70%2d%63%6f%6e%74%65%6e%74\/uploads\/2019\/08\/69089535_1365452136939038_7165098067933265920_n.jpg 960w, https:\/\/informelitoral.com.ar\/%77%70%2d%63%6f%6e%74%65%6e%74\/uploads\/2019\/08\/69089535_1365452136939038_7165098067933265920_n-300x250.jpg 300w, https:\/\/informelitoral.com.ar\/%77%70%2d%63%6f%6e%74%65%6e%74\/uploads\/2019\/08\/69089535_1365452136939038_7165098067933265920_n-768x640.jpg 768w, https:\/\/informelitoral.com.ar\/%77%70%2d%63%6f%6e%74%65%6e%74\/uploads\/2019\/08\/69089535_1365452136939038_7165098067933265920_n-696x580.jpg 696w, https:\/\/informelitoral.com.ar\/%77%70%2d%63%6f%6e%74%65%6e%74\/uploads\/2019\/08\/69089535_1365452136939038_7165098067933265920_n-504x420.jpg 504w\" sizes=\"auto, (max-width: 960px) 100vw, 960px\" \/><\/a><\/p>\n<p>En cuanto a los <strong>rubros alcanzados<\/strong>, esta primera tanda incluye <strong>emprendimientos productivos<\/strong> (cultivo de plantas y \u00e1rboles, producci\u00f3n de velas, apicultura, fabricaci\u00f3n de sellos de pol\u00edmero, fabricaci\u00f3n de sillas ergon\u00f3micas), de<strong> servicios<\/strong> (academia de corte y confecci\u00f3n), <strong>comerciales<\/strong> (venta de lencer\u00eda y ropa deportiva) y <strong>elaboraci\u00f3n de alimentos<\/strong> (panader\u00eda y poller\u00eda).<\/p>\n<p>Es la primera vez que el Estado Municipal otorga este tipo de cr\u00e9ditos y que apuntan a fortalecer el sector productivo local financi\u00e1ndolo con <strong>tasas subsidiadas<\/strong> (la mitad de la tasa activa seg\u00fan la cartera general del Banco de la Naci\u00f3n Argentina) y<strong> seis meses de gracia donde s\u00f3lo se abonar\u00e1 inter\u00e9s<\/strong>, luego del mismo se pagar\u00e1 la cuota completa (inter\u00e9s y capital).<\/p>\n<p><strong>El programa se retroalimenta a medida que los beneficiarios van abonando sus cuotas<\/strong>, es decir que se genera un fondo que permitir\u00e1 financiar a m\u00e1s emprendedores de la ciudad.<\/p>\n<p>El otorgamiento del cr\u00e9dito incluye una<strong> instancia de capacitaci\u00f3n<\/strong> dictada por el municipio que abarca aspectos tales como determinaci\u00f3n del modelo de negocio, c\u00e1lculo de costos y determinaci\u00f3n del precio de venta, estrategias de ventas.<\/p>\n<h3><strong>Atenci\u00f3n personalizada\u00a0<\/strong><\/h3>\n<p><a href=\"https:\/\/www.isletasnoticias.com.ar\/%77%70%2d%63%6f%6e%74%65%6e%74\/uploads\/2019\/08\/69201685_1365451926939059_1575392762927251456_n.jpg\"><img loading=\"lazy\" decoding=\"async\" class=\"aligncenter wp-image-35906 size-full\" src=\"https:\/\/www.isletasnoticias.com.ar\/%77%70%2d%63%6f%6e%74%65%6e%74\/uploads\/2019\/08\/69201685_1365451926939059_1575392762927251456_n.jpg\" alt=\"\" width=\"960\" height=\"652\" srcset=\"https:\/\/informelitoral.com.ar\/%77%70%2d%63%6f%6e%74%65%6e%74\/uploads\/2019\/08\/69201685_1365451926939059_1575392762927251456_n.jpg 960w, https:\/\/informelitoral.com.ar\/%77%70%2d%63%6f%6e%74%65%6e%74\/uploads\/2019\/08\/69201685_1365451926939059_1575392762927251456_n-300x204.jpg 300w, https:\/\/informelitoral.com.ar\/%77%70%2d%63%6f%6e%74%65%6e%74\/uploads\/2019\/08\/69201685_1365451926939059_1575392762927251456_n-768x522.jpg 768w, https:\/\/informelitoral.com.ar\/%77%70%2d%63%6f%6e%74%65%6e%74\/uploads\/2019\/08\/69201685_1365451926939059_1575392762927251456_n-696x473.jpg 696w, https:\/\/informelitoral.com.ar\/%77%70%2d%63%6f%6e%74%65%6e%74\/uploads\/2019\/08\/69201685_1365451926939059_1575392762927251456_n-618x420.jpg 618w\" sizes=\"auto, (max-width: 960px) 100vw, 960px\" \/><\/a><\/p>\n<p>La Secretaria de Gobierno puso en marcha la <strong>Oficina de Microcr\u00e9ditos<\/strong>, desde la cual se acompa\u00f1a a los interesados para llevar adelante el tr\u00e1mite de manera \u00e1gil y se coordina el trabajo con ellos. Dicha oficina contin\u00faa brindando asistencia t\u00e9cnica a los emprendedores que los soliciten, los d\u00edas <strong>lunes, mi\u00e9rcoles y viernes en el horario de 08.00 a 12.00<\/strong>.<\/p>\n<h3><em><strong>DEL ARCHIVO DE IN:<\/strong><\/em><\/h3>\n<blockquote class=\"wp-embedded-content\" data-secret=\"TRqk3PoFCo\"><p><a href=\"https:\/\/www.isletasnoticias.com.ar\/ramirez-ya-se-puede-acceder-a-los-microcreditos-del-municipio\/\">Ram\u00edrez: ya se puede acceder a los microcr\u00e9ditos del municipio<\/a><\/p><\/blockquote>\n<p><iframe loading=\"lazy\" title=\"&#171;Ram\u00edrez: ya se puede acceder a los microcr\u00e9ditos del municipio&#187; &#8212; Isletas Noticias\" class=\"wp-embedded-content\" sandbox=\"allow-scripts\" security=\"restricted\" style=\"position: absolute; clip: rect(1px, 1px, 1px, 1px);\" src=\"https:\/\/www.isletasnoticias.com.ar\/ramirez-ya-se-puede-acceder-a-los-microcreditos-del-municipio\/embed\/#?secret=TRqk3PoFCo\" data-secret=\"TRqk3PoFCo\" width=\"600\" height=\"338\" frameborder=\"0\" marginwidth=\"0\" marginheight=\"0\" scrolling=\"no\"><\/iframe><\/p>\n","protected":false},"excerpt":{"rendered":"<p>La iniciativa de la Municipalidad de General Ram\u00edrez otorgar\u00e1 un total de 13 cr\u00e9ditos en 2019 por un presupuesto total de un mill\u00f3n de pesos.  Los rubros alcanzados en esta etapa son emprendimientos productivos, servicios, comerciales y elaboraci\u00f3n de alimentos.<\/p>\n","protected":false},"author":2,"featured_media":35910,"comment_status":"open","ping_status":"open","sticky":false,"template":"","format":"standard","meta":{"fifu_image_url":"","fifu_image_alt":"","footnotes":""},"categories":[5],"tags":[28,29,553,556,263,641,602,267,173,120,27],"class_list":{"0":"post-35905","1":"post","2":"type-post","3":"status-publish","4":"format-standard","5":"has-post-thumbnail","7":"category-zonales","8":"tag-alianza-ramirense","9":"tag-cambiemos","10":"tag-creditos","11":"tag-general-ramirez","12":"tag-gustavo-vergara","13":"tag-inversion","14":"tag-microcreditos","15":"tag-municipalidad","16":"tag-municipio","17":"tag-produccion","18":"tag-ramirez"},"yoast_head":"<title>En Ram\u00edrez entregaron los primeros nueve microcr\u00e9ditos a emprendedores - Informe Litoral<\/title>\n<meta name=\"robots\" content=\"index, follow, max-snippet:-1, max-image-preview:large, max-video-preview:-1\" \/>\n<link rel=\"canonical\" href=\"https:\/\/informelitoral.com.ar\/en-ramirez-entregaron-los-primeros-nueve-microcreditos-a-emprendedores\/\" \/>\n<meta property=\"og:locale\" content=\"es_ES\" \/>\n<meta property=\"og:type\" content=\"article\" \/>\n<meta property=\"og:title\" content=\"En Ram\u00edrez entregaron los primeros nueve microcr\u00e9ditos a emprendedores - Informe Litoral\" \/>\n<meta property=\"og:description\" content=\"La iniciativa de la Municipalidad de General Ram\u00edrez otorgar\u00e1 un total de 13 cr\u00e9ditos en 2019 por un presupuesto total de un mill\u00f3n de pesos. Los rubros alcanzados en esta etapa son emprendimientos productivos, servicios, comerciales y elaboraci\u00f3n de alimentos.\" \/>\n<meta property=\"og:url\" content=\"https:\/\/informelitoral.com.ar\/en-ramirez-entregaron-los-primeros-nueve-microcreditos-a-emprendedores\/\" \/>\n<meta property=\"og:site_name\" content=\"Informe Litoral\" \/>\n<meta property=\"article:publisher\" content=\"https:\/\/www.facebook.com\/informelitoral\/\" \/>\n<meta property=\"article:published_time\" content=\"2019-08-23T12:44:59+00:00\" \/>\n<meta property=\"article:modified_time\" content=\"2019-08-23T12:52:47+00:00\" \/>\n<meta property=\"og:image\" content=\"https:\/\/informelitoral.com.ar\/%77%70%2d%63%6f%6e%74%65%6e%74\/uploads\/2019\/08\/69143432_1365451766939075_6189233038166065152_n.jpg\" \/>\n\t<meta property=\"og:image:width\" content=\"960\" \/>\n\t<meta property=\"og:image:height\" content=\"676\" \/>\n\t<meta property=\"og:image:type\" content=\"image\/jpeg\" \/>\n<meta name=\"author\" content=\"Gonzalo Schmidt\" \/>\n<meta name=\"twitter:card\" content=\"summary_large_image\" \/>\n<meta name=\"twitter:creator\" content=\"@InformeLitoral\" \/>\n<meta name=\"twitter:site\" content=\"@InformeLitoral\" \/>\n<meta name=\"twitter:label1\" content=\"Escrito por\" \/>\n\t<meta name=\"twitter:data1\" content=\"Gonzalo Schmidt\" \/>\n\t<meta name=\"twitter:label2\" content=\"Tiempo de lectura\" \/>\n\t<meta name=\"twitter:data2\" content=\"2 minutos\" \/>\n<script type=\"application\/ld+json\" class=\"yoast-schema-graph\">{\"@context\":\"https:\\\/\\\/schema.org\",\"@graph\":[{\"@type\":\"Article\",\"@id\":\"https:\\\/\\\/informelitoral.com.ar\\\/en-ramirez-entregaron-los-primeros-nueve-microcreditos-a-emprendedores\\\/#article\",\"isPartOf\":{\"@id\":\"https:\\\/\\\/informelitoral.com.ar\\\/en-ramirez-entregaron-los-primeros-nueve-microcreditos-a-emprendedores\\\/\"},\"author\":{\"name\":\"Gonzalo Schmidt\",\"@id\":\"https:\\\/\\\/informelitoral.com.ar\\\/#\\\/schema\\\/person\\\/b9d00407c836482871ef1d57bf8e3180\"},\"headline\":\"En Ram\u00edrez entregaron los primeros nueve microcr\u00e9ditos a emprendedores\",\"datePublished\":\"2019-08-23T12:44:59+00:00\",\"dateModified\":\"2019-08-23T12:52:47+00:00\",\"mainEntityOfPage\":{\"@id\":\"https:\\\/\\\/informelitoral.com.ar\\\/en-ramirez-entregaron-los-primeros-nueve-microcreditos-a-emprendedores\\\/\"},\"wordCount\":494,\"commentCount\":0,\"publisher\":{\"@id\":\"https:\\\/\\\/informelitoral.com.ar\\\/#organization\"},\"image\":{\"@id\":\"https:\\\/\\\/informelitoral.com.ar\\\/en-ramirez-entregaron-los-primeros-nueve-microcreditos-a-emprendedores\\\/#primaryimage\"},\"thumbnailUrl\":\"https:\\\/\\\/informelitoral.com.ar\\\/%77%70%2d%63%6f%6e%74%65%6e%74\\\/uploads\\\/2019\\\/08\\\/69143432_1365451766939075_6189233038166065152_n.jpg\",\"keywords\":[\"Alianza Ramirense\",\"Cambiemos\",\"Cr\u00e9ditos\",\"General Ram\u00edrez\",\"Gustavo Vergara\",\"Inversi\u00f3n\",\"Microcr\u00e9ditos\",\"Municipalidad\",\"Municipio\",\"Producci\u00f3n\",\"Ram\u00edrez\"],\"articleSection\":[\"Departamento Diamante\"],\"inLanguage\":\"es\",\"potentialAction\":[{\"@type\":\"CommentAction\",\"name\":\"Comment\",\"target\":[\"https:\\\/\\\/informelitoral.com.ar\\\/en-ramirez-entregaron-los-primeros-nueve-microcreditos-a-emprendedores\\\/#respond\"]}]},{\"@type\":\"WebPage\",\"@id\":\"https:\\\/\\\/informelitoral.com.ar\\\/en-ramirez-entregaron-los-primeros-nueve-microcreditos-a-emprendedores\\\/\",\"url\":\"https:\\\/\\\/informelitoral.com.ar\\\/en-ramirez-entregaron-los-primeros-nueve-microcreditos-a-emprendedores\\\/\",\"name\":\"En Ram\u00edrez entregaron los primeros nueve microcr\u00e9ditos a emprendedores - Informe Litoral\",\"isPartOf\":{\"@id\":\"https:\\\/\\\/informelitoral.com.ar\\\/#website\"},\"primaryImageOfPage\":{\"@id\":\"https:\\\/\\\/informelitoral.com.ar\\\/en-ramirez-entregaron-los-primeros-nueve-microcreditos-a-emprendedores\\\/#primaryimage\"},\"image\":{\"@id\":\"https:\\\/\\\/informelitoral.com.ar\\\/en-ramirez-entregaron-los-primeros-nueve-microcreditos-a-emprendedores\\\/#primaryimage\"},\"thumbnailUrl\":\"https:\\\/\\\/informelitoral.com.ar\\\/%77%70%2d%63%6f%6e%74%65%6e%74\\\/uploads\\\/2019\\\/08\\\/69143432_1365451766939075_6189233038166065152_n.jpg\",\"datePublished\":\"2019-08-23T12:44:59+00:00\",\"dateModified\":\"2019-08-23T12:52:47+00:00\",\"breadcrumb\":{\"@id\":\"https:\\\/\\\/informelitoral.com.ar\\\/en-ramirez-entregaron-los-primeros-nueve-microcreditos-a-emprendedores\\\/#breadcrumb\"},\"inLanguage\":\"es\",\"potentialAction\":[{\"@type\":\"ReadAction\",\"target\":[\"https:\\\/\\\/informelitoral.com.ar\\\/en-ramirez-entregaron-los-primeros-nueve-microcreditos-a-emprendedores\\\/\"]}]},{\"@type\":\"ImageObject\",\"inLanguage\":\"es\",\"@id\":\"https:\\\/\\\/informelitoral.com.ar\\\/en-ramirez-entregaron-los-primeros-nueve-microcreditos-a-emprendedores\\\/#primaryimage\",\"url\":\"https:\\\/\\\/informelitoral.com.ar\\\/%77%70%2d%63%6f%6e%74%65%6e%74\\\/uploads\\\/2019\\\/08\\\/69143432_1365451766939075_6189233038166065152_n.jpg\",\"contentUrl\":\"https:\\\/\\\/informelitoral.com.ar\\\/%77%70%2d%63%6f%6e%74%65%6e%74\\\/uploads\\\/2019\\\/08\\\/69143432_1365451766939075_6189233038166065152_n.jpg\",\"width\":960,\"height\":676},{\"@type\":\"BreadcrumbList\",\"@id\":\"https:\\\/\\\/informelitoral.com.ar\\\/en-ramirez-entregaron-los-primeros-nueve-microcreditos-a-emprendedores\\\/#breadcrumb\",\"itemListElement\":[{\"@type\":\"ListItem\",\"position\":1,\"name\":\"Portada\",\"item\":\"https:\\\/\\\/informelitoral.com.ar\\\/\"},{\"@type\":\"ListItem\",\"position\":2,\"name\":\"En Ram\u00edrez entregaron los primeros nueve microcr\u00e9ditos a emprendedores\"}]},{\"@type\":\"WebSite\",\"@id\":\"https:\\\/\\\/informelitoral.com.ar\\\/#website\",\"url\":\"https:\\\/\\\/informelitoral.com.ar\\\/\",\"name\":\"Informe Litoral\",\"description\":\"&quot;Nos informamos&quot; \",\"publisher\":{\"@id\":\"https:\\\/\\\/informelitoral.com.ar\\\/#organization\"},\"potentialAction\":[{\"@type\":\"SearchAction\",\"target\":{\"@type\":\"EntryPoint\",\"urlTemplate\":\"https:\\\/\\\/informelitoral.com.ar\\\/?s={search_term_string}\"},\"query-input\":{\"@type\":\"PropertyValueSpecification\",\"valueRequired\":true,\"valueName\":\"search_term_string\"}}],\"inLanguage\":\"es\"},{\"@type\":\"Organization\",\"@id\":\"https:\\\/\\\/informelitoral.com.ar\\\/#organization\",\"name\":\"Informe Litoral\",\"url\":\"https:\\\/\\\/informelitoral.com.ar\\\/\",\"logo\":{\"@type\":\"ImageObject\",\"inLanguage\":\"es\",\"@id\":\"https:\\\/\\\/informelitoral.com.ar\\\/#\\\/schema\\\/logo\\\/image\\\/\",\"url\":\"https:\\\/\\\/informelitoral.com.ar\\\/%77%70%2d%63%6f%6e%74%65%6e%74\\\/uploads\\\/2021\\\/01\\\/circulo.png\",\"contentUrl\":\"https:\\\/\\\/informelitoral.com.ar\\\/%77%70%2d%63%6f%6e%74%65%6e%74\\\/uploads\\\/2021\\\/01\\\/circulo.png\",\"width\":723,\"height\":731,\"caption\":\"Informe Litoral\"},\"image\":{\"@id\":\"https:\\\/\\\/informelitoral.com.ar\\\/#\\\/schema\\\/logo\\\/image\\\/\"},\"sameAs\":[\"https:\\\/\\\/www.facebook.com\\\/informelitoral\\\/\",\"https:\\\/\\\/x.com\\\/InformeLitoral\",\"https:\\\/\\\/www.instagram.com\\\/informelitoral\\\/\",\"https:\\\/\\\/www.youtube.com\\\/channel\\\/UCua4Qvz8Icb6MYqhoq9xLXw\"]},{\"@type\":\"Person\",\"@id\":\"https:\\\/\\\/informelitoral.com.ar\\\/#\\\/schema\\\/person\\\/b9d00407c836482871ef1d57bf8e3180\",\"name\":\"Gonzalo Schmidt\",\"image\":{\"@type\":\"ImageObject\",\"inLanguage\":\"es\",\"@id\":\"https:\\\/\\\/secure.gravatar.com\\\/avatar\\\/31a1a7b66ff2de83bd0e9fd79d026630d2d99e55e8bfe501287647b4fd9743de?s=96&d=mm&r=g\",\"url\":\"https:\\\/\\\/secure.gravatar.com\\\/avatar\\\/31a1a7b66ff2de83bd0e9fd79d026630d2d99e55e8bfe501287647b4fd9743de?s=96&d=mm&r=g\",\"contentUrl\":\"https:\\\/\\\/secure.gravatar.com\\\/avatar\\\/31a1a7b66ff2de83bd0e9fd79d026630d2d99e55e8bfe501287647b4fd9743de?s=96&d=mm&r=g\",\"caption\":\"Gonzalo Schmidt\"},\"description\":\"Sitio web de noticias de la provincia de Entre R\u00edos, Argentina. Informaci\u00f3n y entretenimiento. Informe Litoral, nos informamos.\",\"sameAs\":[\"http:\\\/\\\/www.isletasnoticias.com.ar\"],\"url\":\"https:\\\/\\\/informelitoral.com.ar\\\/author\\\/gonzalo\\\/\"}]}<\/script>","yoast_head_json":{"title":"En Ram\u00edrez entregaron los primeros nueve microcr\u00e9ditos a emprendedores - Informe Litoral","robots":{"index":"index","follow":"follow","max-snippet":"max-snippet:-1","max-image-preview":"max-image-preview:large","max-video-preview":"max-video-preview:-1"},"canonical":"https:\/\/informelitoral.com.ar\/en-ramirez-entregaron-los-primeros-nueve-microcreditos-a-emprendedores\/","og_locale":"es_ES","og_type":"article","og_title":"En Ram\u00edrez entregaron los primeros nueve microcr\u00e9ditos a emprendedores - Informe Litoral","og_description":"La iniciativa de la Municipalidad de General Ram\u00edrez otorgar\u00e1 un total de 13 cr\u00e9ditos en 2019 por un presupuesto total de un mill\u00f3n de pesos. Los rubros alcanzados en esta etapa son emprendimientos productivos, servicios, comerciales y elaboraci\u00f3n de alimentos.","og_url":"https:\/\/informelitoral.com.ar\/en-ramirez-entregaron-los-primeros-nueve-microcreditos-a-emprendedores\/","og_site_name":"Informe Litoral","article_publisher":"https:\/\/www.facebook.com\/informelitoral\/","article_published_time":"2019-08-23T12:44:59+00:00","article_modified_time":"2019-08-23T12:52:47+00:00","og_image":[{"width":960,"height":676,"url":"https:\/\/informelitoral.com.ar\/%77%70%2d%63%6f%6e%74%65%6e%74\/uploads\/2019\/08\/69143432_1365451766939075_6189233038166065152_n.jpg","type":"image\/jpeg"}],"author":"Gonzalo Schmidt","twitter_card":"summary_large_image","twitter_creator":"@InformeLitoral","twitter_site":"@InformeLitoral","twitter_misc":{"Escrito por":"Gonzalo Schmidt","Tiempo de lectura":"2 minutos"},"schema":{"@context":"https:\/\/schema.org","@graph":[{"@type":"Article","@id":"https:\/\/informelitoral.com.ar\/en-ramirez-entregaron-los-primeros-nueve-microcreditos-a-emprendedores\/#article","isPartOf":{"@id":"https:\/\/informelitoral.com.ar\/en-ramirez-entregaron-los-primeros-nueve-microcreditos-a-emprendedores\/"},"author":{"name":"Gonzalo Schmidt","@id":"https:\/\/informelitoral.com.ar\/#\/schema\/person\/b9d00407c836482871ef1d57bf8e3180"},"headline":"En Ram\u00edrez entregaron los primeros nueve microcr\u00e9ditos a emprendedores","datePublished":"2019-08-23T12:44:59+00:00","dateModified":"2019-08-23T12:52:47+00:00","mainEntityOfPage":{"@id":"https:\/\/informelitoral.com.ar\/en-ramirez-entregaron-los-primeros-nueve-microcreditos-a-emprendedores\/"},"wordCount":494,"commentCount":0,"publisher":{"@id":"https:\/\/informelitoral.com.ar\/#organization"},"image":{"@id":"https:\/\/informelitoral.com.ar\/en-ramirez-entregaron-los-primeros-nueve-microcreditos-a-emprendedores\/#primaryimage"},"thumbnailUrl":"https:\/\/informelitoral.com.ar\/%77%70%2d%63%6f%6e%74%65%6e%74\/uploads\/2019\/08\/69143432_1365451766939075_6189233038166065152_n.jpg","keywords":["Alianza Ramirense","Cambiemos","Cr\u00e9ditos","General Ram\u00edrez","Gustavo Vergara","Inversi\u00f3n","Microcr\u00e9ditos","Municipalidad","Municipio","Producci\u00f3n","Ram\u00edrez"],"articleSection":["Departamento Diamante"],"inLanguage":"es","potentialAction":[{"@type":"CommentAction","name":"Comment","target":["https:\/\/informelitoral.com.ar\/en-ramirez-entregaron-los-primeros-nueve-microcreditos-a-emprendedores\/#respond"]}]},{"@type":"WebPage","@id":"https:\/\/informelitoral.com.ar\/en-ramirez-entregaron-los-primeros-nueve-microcreditos-a-emprendedores\/","url":"https:\/\/informelitoral.com.ar\/en-ramirez-entregaron-los-primeros-nueve-microcreditos-a-emprendedores\/","name":"En Ram\u00edrez entregaron los primeros nueve microcr\u00e9ditos a emprendedores - Informe Litoral","isPartOf":{"@id":"https:\/\/informelitoral.com.ar\/#website"},"primaryImageOfPage":{"@id":"https:\/\/informelitoral.com.ar\/en-ramirez-entregaron-los-primeros-nueve-microcreditos-a-emprendedores\/#primaryimage"},"image":{"@id":"https:\/\/informelitoral.com.ar\/en-ramirez-entregaron-los-primeros-nueve-microcreditos-a-emprendedores\/#primaryimage"},"thumbnailUrl":"https:\/\/informelitoral.com.ar\/%77%70%2d%63%6f%6e%74%65%6e%74\/uploads\/2019\/08\/69143432_1365451766939075_6189233038166065152_n.jpg","datePublished":"2019-08-23T12:44:59+00:00","dateModified":"2019-08-23T12:52:47+00:00","breadcrumb":{"@id":"https:\/\/informelitoral.com.ar\/en-ramirez-entregaron-los-primeros-nueve-microcreditos-a-emprendedores\/#breadcrumb"},"inLanguage":"es","potentialAction":[{"@type":"ReadAction","target":["https:\/\/informelitoral.com.ar\/en-ramirez-entregaron-los-primeros-nueve-microcreditos-a-emprendedores\/"]}]},{"@type":"ImageObject","inLanguage":"es","@id":"https:\/\/informelitoral.com.ar\/en-ramirez-entregaron-los-primeros-nueve-microcreditos-a-emprendedores\/#primaryimage","url":"https:\/\/informelitoral.com.ar\/%77%70%2d%63%6f%6e%74%65%6e%74\/uploads\/2019\/08\/69143432_1365451766939075_6189233038166065152_n.jpg","contentUrl":"https:\/\/informelitoral.com.ar\/%77%70%2d%63%6f%6e%74%65%6e%74\/uploads\/2019\/08\/69143432_1365451766939075_6189233038166065152_n.jpg","width":960,"height":676},{"@type":"BreadcrumbList","@id":"https:\/\/informelitoral.com.ar\/en-ramirez-entregaron-los-primeros-nueve-microcreditos-a-emprendedores\/#breadcrumb","itemListElement":[{"@type":"ListItem","position":1,"name":"Portada","item":"https:\/\/informelitoral.com.ar\/"},{"@type":"ListItem","position":2,"name":"En Ram\u00edrez entregaron los primeros nueve microcr\u00e9ditos a emprendedores"}]},{"@type":"WebSite","@id":"https:\/\/informelitoral.com.ar\/#website","url":"https:\/\/informelitoral.com.ar\/","name":"Informe Litoral","description":"&quot;Nos informamos&quot; ","publisher":{"@id":"https:\/\/informelitoral.com.ar\/#organization"},"potentialAction":[{"@type":"SearchAction","target":{"@type":"EntryPoint","urlTemplate":"https:\/\/informelitoral.com.ar\/?s={search_term_string}"},"query-input":{"@type":"PropertyValueSpecification","valueRequired":true,"valueName":"search_term_string"}}],"inLanguage":"es"},{"@type":"Organization","@id":"https:\/\/informelitoral.com.ar\/#organization","name":"Informe Litoral","url":"https:\/\/informelitoral.com.ar\/","logo":{"@type":"ImageObject","inLanguage":"es","@id":"https:\/\/informelitoral.com.ar\/#\/schema\/logo\/image\/","url":"https:\/\/informelitoral.com.ar\/%77%70%2d%63%6f%6e%74%65%6e%74\/uploads\/2021\/01\/circulo.png","contentUrl":"https:\/\/informelitoral.com.ar\/%77%70%2d%63%6f%6e%74%65%6e%74\/uploads\/2021\/01\/circulo.png","width":723,"height":731,"caption":"Informe Litoral"},"image":{"@id":"https:\/\/informelitoral.com.ar\/#\/schema\/logo\/image\/"},"sameAs":["https:\/\/www.facebook.com\/informelitoral\/","https:\/\/x.com\/InformeLitoral","https:\/\/www.instagram.com\/informelitoral\/","https:\/\/www.youtube.com\/channel\/UCua4Qvz8Icb6MYqhoq9xLXw"]},{"@type":"Person","@id":"https:\/\/informelitoral.com.ar\/#\/schema\/person\/b9d00407c836482871ef1d57bf8e3180","name":"Gonzalo Schmidt","image":{"@type":"ImageObject","inLanguage":"es","@id":"https:\/\/secure.gravatar.com\/avatar\/31a1a7b66ff2de83bd0e9fd79d026630d2d99e55e8bfe501287647b4fd9743de?s=96&d=mm&r=g","url":"https:\/\/secure.gravatar.com\/avatar\/31a1a7b66ff2de83bd0e9fd79d026630d2d99e55e8bfe501287647b4fd9743de?s=96&d=mm&r=g","contentUrl":"https:\/\/secure.gravatar.com\/avatar\/31a1a7b66ff2de83bd0e9fd79d026630d2d99e55e8bfe501287647b4fd9743de?s=96&d=mm&r=g","caption":"Gonzalo Schmidt"},"description":"Sitio web de noticias de la provincia de Entre R\u00edos, Argentina. Informaci\u00f3n y entretenimiento. Informe Litoral, nos informamos.","sameAs":["http:\/\/www.isletasnoticias.com.ar"],"url":"https:\/\/informelitoral.com.ar\/author\/gonzalo\/"}]}},"_links":{"self":[{"href":"https:\/\/informelitoral.com.ar\/%77%70%2d%6a%73%6f%6e\/wp\/v2\/posts\/35905","targetHints":{"allow":["GET"]}}],"collection":[{"href":"https:\/\/informelitoral.com.ar\/%77%70%2d%6a%73%6f%6e\/wp\/v2\/posts"}],"about":[{"href":"https:\/\/informelitoral.com.ar\/%77%70%2d%6a%73%6f%6e\/wp\/v2\/types\/post"}],"author":[{"embeddable":true,"href":"https:\/\/informelitoral.com.ar\/%77%70%2d%6a%73%6f%6e\/wp\/v2\/users\/2"}],"replies":[{"embeddable":true,"href":"https:\/\/informelitoral.com.ar\/%77%70%2d%6a%73%6f%6e\/wp\/v2\/comments?post=35905"}],"version-history":[{"count":0,"href":"https:\/\/informelitoral.com.ar\/%77%70%2d%6a%73%6f%6e\/wp\/v2\/posts\/35905\/revisions"}],"wp:featuredmedia":[{"embeddable":true,"href":"https:\/\/informelitoral.com.ar\/%77%70%2d%6a%73%6f%6e\/wp\/v2\/media\/35910"}],"wp:attachment":[{"href":"https:\/\/informelitoral.com.ar\/%77%70%2d%6a%73%6f%6e\/wp\/v2\/media?parent=35905"}],"wp:term":[{"taxonomy":"category","embeddable":true,"href":"https:\/\/informelitoral.com.ar\/%77%70%2d%6a%73%6f%6e\/wp\/v2\/categories?post=35905"},{"taxonomy":"post_tag","embeddable":true,"href":"https:\/\/informelitoral.com.ar\/%77%70%2d%6a%73%6f%6e\/wp\/v2\/tags?post=35905"}],"curies":[{"name":"wp","href":"https:\/\/api.w.org\/{rel}","templated":true}]}}