{"id":35819,"date":"2019-08-20T14:05:09","date_gmt":"2019-08-20T17:05:09","guid":{"rendered":"https:\/\/www.isletasnoticias.com.ar\/?p=35819"},"modified":"2019-08-20T14:05:35","modified_gmt":"2019-08-20T17:05:35","slug":"juegos-panamericanos-de-lima-destacan-la-actuacion-de-los-deportistas-entrerrianos","status":"publish","type":"post","link":"https:\/\/informelitoral.com.ar\/juegos-panamericanos-de-lima-destacan-la-actuacion-de-los-deportistas-entrerrianos\/","title":{"rendered":"Juegos Panamericanos de Lima: destacan la actuaci\u00f3n de los deportistas entrerrianos"},"content":{"rendered":"<p>En total, los competidores provinciales cosecharon una marca hist\u00f3rica:\u00a0<strong>11 medallas de oro, tres de plata y nueve de Bronce<\/strong>, un n\u00famero que contempla cada uno de los deportistas participantes, independientemente si se trata de un deporte en conjunto o individual.\u00a0<strong>En t\u00e9rminos de disciplinas, los entrerrianos aportaron 12 preseas al medallero \u201calbiceleste\u201d que finaliz\u00f3 con 101 medallas.<\/strong><\/p>\n<p>El secretario de Deportes,<strong>\u00a0Jos\u00e9 G\u00f3mez<\/strong>, manifest\u00f3 una inmensa alegr\u00eda por la labor cumplida por cada uno de los atletas entrerrianos y sobre todo por \u201cdejar bien alto el deporte argentino y haber representado a la provincia con esfuerzo, dedicaci\u00f3n y logrando medallas en algunos casos.\u00a0<strong>Son un ejemplo, no s\u00f3lo por sus resultados deportivos sino tambi\u00e9n por su comportamiento en los Juegos<\/strong>\u201d.<\/p>\n<p>\u201cEsto que ustedes han logrado es gracias a la voluntad y la entrega diaria al entrenar, han conseguido resultados que nos hacen sentir muy orgullosos.\u00a0<strong>El m\u00e9rito es de ustedes, sus entrenadores y sus familias, nuestra responsabilidad como Estado presente que somos es seguir apoy\u00e1ndolos<\/strong>\u201d, dijo el titular de Deportes.<\/p>\n<p>En total, la delegaci\u00f3n de deportistas entrerrianos cont\u00f3 con la<strong>\u00a0presencia de 29 atletas<\/strong>, que en su mayor\u00eda cuentan con becas deportivas y ayudas econ\u00f3micas de parte del gobierno provincial.<\/p>\n<p>En ese marco destacan que \u00abel balance es m\u00e1s que positivo para la delegaci\u00f3n argentina y en particular para los deportistas de Entre R\u00edos que obtuvieron importantes logros en deportes individuales y por equipos. Adem\u00e1s se encuentran en el pico de rendimiento y el a\u00f1o pr\u00f3ximo ir\u00e1n por m\u00e1s en la cita m\u00e1xima del deporte mundial en los Juegos Ol\u00edmpicos de Tokio\u00bb.<\/p>\n<figure class=\"wp-block-image\"><img decoding=\"async\" class=\"wp-image-8163 jetpack-lazy-image jetpack-lazy-image--handled\" src=\"https:\/\/i2.wp.com\/www.entremediosweb.com\/v2\/%77%70%2d%63%6f%6e%74%65%6e%74\/uploads\/2019\/08\/x_1566241475.jpg?resize=1024%2C683&amp;ssl=1\" sizes=\"(max-width: 1024px) 100vw, 1024px\" srcset=\"https:\/\/i2.wp.com\/www.entremediosweb.com\/v2\/%77%70%2d%63%6f%6e%74%65%6e%74\/uploads\/2019\/08\/x_1566241475.jpg?resize=1024%2C683&amp;ssl=1 1024w, https:\/\/i2.wp.com\/www.entremediosweb.com\/v2\/%77%70%2d%63%6f%6e%74%65%6e%74\/uploads\/2019\/08\/x_1566241475.jpg?resize=300%2C200&amp;ssl=1 300w, https:\/\/i2.wp.com\/www.entremediosweb.com\/v2\/%77%70%2d%63%6f%6e%74%65%6e%74\/uploads\/2019\/08\/x_1566241475.jpg?resize=768%2C512&amp;ssl=1 768w\" alt=\"\" data-attachment-id=\"8163\" data-permalink=\"https:\/\/www.entremediosweb.com\/v2\/juegos-panamericanos-de-lima-destacan-la-actuacion-de-los-deportistas-entrerrianos\/x_1566241475\/\" data-orig-file=\"https:\/\/i2.wp.com\/www.entremediosweb.com\/v2\/%77%70%2d%63%6f%6e%74%65%6e%74\/uploads\/2019\/08\/x_1566241475.jpg?fit=1920%2C1280&amp;ssl=1\" data-orig-size=\"1920,1280\" data-comments-opened=\"0\" data-image-meta=\"{&quot;aperture&quot;:&quot;0&quot;,&quot;credit&quot;:&quot;&quot;,&quot;camera&quot;:&quot;&quot;,&quot;caption&quot;:&quot;&quot;,&quot;created_timestamp&quot;:&quot;0&quot;,&quot;copyright&quot;:&quot;&quot;,&quot;focal_length&quot;:&quot;0&quot;,&quot;iso&quot;:&quot;0&quot;,&quot;shutter_speed&quot;:&quot;0&quot;,&quot;title&quot;:&quot;&quot;,&quot;orientation&quot;:&quot;1&quot;}\" data-image-title=\"x_1566241475\" data-image-description=\"\" data-medium-file=\"https:\/\/i2.wp.com\/www.entremediosweb.com\/v2\/%77%70%2d%63%6f%6e%74%65%6e%74\/uploads\/2019\/08\/x_1566241475.jpg?fit=300%2C200&amp;ssl=1\" data-large-file=\"https:\/\/i2.wp.com\/www.entremediosweb.com\/v2\/%77%70%2d%63%6f%6e%74%65%6e%74\/uploads\/2019\/08\/x_1566241475.jpg?fit=1024%2C683&amp;ssl=1\" data-recalc-dims=\"1\" data-lazy-loaded=\"1\" \/><\/figure>\n<p><strong>Medallas de oro<\/strong><\/p>\n<p>Gian Marcos Scialacomo \u2013 Paran\u00e1 (Softbol Masculino)<\/p>\n<p>Alan Javier Peker \u2013 Villa Clara (Softbol Masculino)<\/p>\n<p>Gonzalo Augusto Ojeda \u2013 Paran\u00e1 (Softbol Masculino)<\/p>\n<p>Bruno Motroni \u2013 Paran\u00e1 (Softbol Masculino)<\/p>\n<p>Mariano Montero \u2013 Paran\u00e1 (Softbol Masculino)<\/p>\n<p>Teo Migliavacca \u2013 Paran\u00e1 (Softbol Masculino)<\/p>\n<p>Juan Ladislao Malarczuk \u2013 Paran\u00e1 (Softbol Masculino)<\/p>\n<p>Rom\u00e1n Alejandro Godoy Herbel \u2013 Paran\u00e1 (Softbol Masculino)<\/p>\n<p>Gustavo Oscar Godoy \u2013 Paran\u00e1 (Softbol Masculino)<\/p>\n<p>Federico Alejandro Eder \u2013 Paran\u00e1 (Softbol Masculino)<\/p>\n<p>Santiago Nicol\u00e1s Carril \u2013 Paran\u00e1 (Softbol Masculino)<\/p>\n<p><strong>Medallas de plata<\/strong><\/p>\n<p>Ana Gallay \u2013 Nogoy\u00e1 (Beach Voley Femenino)<\/p>\n<p>Yael Oviedo \u2013 Concordia (F\u00fatbol Femenino)<\/p>\n<p>Magdalena Garro \u2013 Concepci\u00f3n del Uruguay (Canotaje K2 500 metros)<\/p>\n<p><strong>Medallas de bronce<\/strong><\/p>\n<p>Juli\u00e1n Azaad \u2013 Cerrito (Beach Voley Masculino)<\/p>\n<p>Melina Spahn \u2013 Crespo (Pelota de goma Dobles Front\u00f3n Femenino)<\/p>\n<p>Magdalena Garro \u2013 Concepci\u00f3n del Uruguay (Canotaje K4 500 metros)<\/p>\n<p>Micaela Maslein \u2013 Paran\u00e1 (Canotaje K4 500 metros)<\/p>\n<p>Victoria Michel Tosi \u2013 Paran\u00e1 (Voleibol Femenino)<\/p>\n<p>Tanya Acosta \u2013 Concepci\u00f3n del Uruguay (Voleibol Femenino)<\/p>\n<p>Luc\u00eda Fresco \u2013 Chajar\u00ed (Voleibol Femenino)<\/p>\n<p>Jorge Alberdi \u2013 Paran\u00e1 (Frontenis Masculino)<\/p>\n<p>Melina Spahn \u2013 Crespo (Front\u00f3n Peruano Femenino)<\/p>\n<p><strong>Actuaciones entrerrianas\u00a0<\/strong><\/p>\n<p>Federico Bruno \u2013 Concordia (Atletismo): 5000 metros (4\u00b0 puesto) y 1500 metros (5\u00b0 puesto)<\/p>\n<p>Celia Fiorotto \u2013 Gualeguaych\u00fa (B\u00e1squetbol Femenino) 5\u00b0 posici\u00f3n<\/p>\n<p>Irina Podversich, Ram\u00edrez \u2013 Lucila Busson, Crespo (Frontenis Femenino) 4\u00b0 puesto<\/p>\n<p>Mar\u00eda Paula Pedrozo \u2013 Concordia (Rugby Seven Femenino) 5\u00b0 lugar<\/p>\n<p>Mayra Aguilar \u2013 Concepci\u00f3n del Uruguay (Rugby Seven Femenino) 5\u00b0 lugar<\/p>\n<p>Luciano M\u00e9ndez \u2013 Gualeguaych\u00fa (Canotaje C1 1000 metros) 7\u00b0 puesto<\/p>\n<p>Catriel Soto \u2013 Col\u00f3n (Ciclismo d Monta\u00f1a) 15\u00b0 lugar<\/p>\n<p>Santiago Mayol \u2013 Concordia (Gimnasia Art\u00edstica) 19\u00b0 puesto.<\/p>\n","protected":false},"excerpt":{"rendered":"<p>Los atletas entrerrianos fueron un basti\u00f3n fundamental del progreso del deporte argentino, que se vio reflejado en tierra peruana con la obtenci\u00f3n de un r\u00e9cord de medallas para nuestro pa\u00eds en los Juegos Panamericanos de Lima 2019.<\/p>\n","protected":false},"author":2,"featured_media":35820,"comment_status":"open","ping_status":"open","sticky":false,"template":"","format":"standard","meta":{"fifu_image_url":"","fifu_image_alt":"","footnotes":""},"categories":[13,6],"tags":[318,58,81,249],"class_list":{"0":"post-35819","1":"post","2":"type-post","3":"status-publish","4":"format-standard","5":"has-post-thumbnail","7":"category-deportes","8":"category-entre-rios","9":"tag-deporte","10":"tag-deportes","11":"tag-entre-rios","12":"tag-gobierno-provincial"},"yoast_head":"<title>Juegos Panamericanos de Lima: destacan la actuaci\u00f3n de los deportistas entrerrianos - Informe Litoral<\/title>\n<meta name=\"robots\" content=\"index, follow, max-snippet:-1, max-image-preview:large, max-video-preview:-1\" \/>\n<link rel=\"canonical\" href=\"https:\/\/informelitoral.com.ar\/juegos-panamericanos-de-lima-destacan-la-actuacion-de-los-deportistas-entrerrianos\/\" \/>\n<meta property=\"og:locale\" content=\"es_ES\" \/>\n<meta property=\"og:type\" content=\"article\" \/>\n<meta property=\"og:title\" content=\"Juegos Panamericanos de Lima: destacan la actuaci\u00f3n de los deportistas entrerrianos - Informe Litoral\" \/>\n<meta property=\"og:description\" content=\"Los atletas entrerrianos fueron un basti\u00f3n fundamental del progreso del deporte argentino, que se vio reflejado en tierra peruana con la obtenci\u00f3n de un r\u00e9cord de medallas para nuestro pa\u00eds en los Juegos Panamericanos de Lima 2019.\" \/>\n<meta property=\"og:url\" content=\"https:\/\/informelitoral.com.ar\/juegos-panamericanos-de-lima-destacan-la-actuacion-de-los-deportistas-entrerrianos\/\" \/>\n<meta property=\"og:site_name\" content=\"Informe Litoral\" \/>\n<meta property=\"article:publisher\" content=\"https:\/\/www.facebook.com\/informelitoral\/\" \/>\n<meta property=\"article:published_time\" content=\"2019-08-20T17:05:09+00:00\" \/>\n<meta property=\"article:modified_time\" content=\"2019-08-20T17:05:35+00:00\" \/>\n<meta property=\"og:image\" content=\"https:\/\/informelitoral.com.ar\/%77%70%2d%63%6f%6e%74%65%6e%74\/uploads\/2019\/08\/x_1566241475.jpg\" \/>\n\t<meta property=\"og:image:width\" content=\"1920\" \/>\n\t<meta property=\"og:image:height\" content=\"1280\" \/>\n\t<meta property=\"og:image:type\" content=\"image\/jpeg\" \/>\n<meta name=\"author\" content=\"Gonzalo Schmidt\" \/>\n<meta name=\"twitter:card\" content=\"summary_large_image\" \/>\n<meta name=\"twitter:creator\" content=\"@InformeLitoral\" \/>\n<meta name=\"twitter:site\" content=\"@InformeLitoral\" \/>\n<meta name=\"twitter:label1\" content=\"Escrito por\" \/>\n\t<meta name=\"twitter:data1\" content=\"Gonzalo Schmidt\" \/>\n\t<meta name=\"twitter:label2\" content=\"Tiempo de lectura\" \/>\n\t<meta name=\"twitter:data2\" content=\"3 minutos\" \/>\n<script type=\"application\/ld+json\" class=\"yoast-schema-graph\">{\"@context\":\"https:\\\/\\\/schema.org\",\"@graph\":[{\"@type\":\"Article\",\"@id\":\"https:\\\/\\\/informelitoral.com.ar\\\/juegos-panamericanos-de-lima-destacan-la-actuacion-de-los-deportistas-entrerrianos\\\/#article\",\"isPartOf\":{\"@id\":\"https:\\\/\\\/informelitoral.com.ar\\\/juegos-panamericanos-de-lima-destacan-la-actuacion-de-los-deportistas-entrerrianos\\\/\"},\"author\":{\"name\":\"Gonzalo Schmidt\",\"@id\":\"https:\\\/\\\/informelitoral.com.ar\\\/#\\\/schema\\\/person\\\/b9d00407c836482871ef1d57bf8e3180\"},\"headline\":\"Juegos Panamericanos de Lima: destacan la actuaci\u00f3n de los deportistas entrerrianos\",\"datePublished\":\"2019-08-20T17:05:09+00:00\",\"dateModified\":\"2019-08-20T17:05:35+00:00\",\"mainEntityOfPage\":{\"@id\":\"https:\\\/\\\/informelitoral.com.ar\\\/juegos-panamericanos-de-lima-destacan-la-actuacion-de-los-deportistas-entrerrianos\\\/\"},\"wordCount\":527,\"commentCount\":0,\"publisher\":{\"@id\":\"https:\\\/\\\/informelitoral.com.ar\\\/#organization\"},\"image\":{\"@id\":\"https:\\\/\\\/informelitoral.com.ar\\\/juegos-panamericanos-de-lima-destacan-la-actuacion-de-los-deportistas-entrerrianos\\\/#primaryimage\"},\"thumbnailUrl\":\"https:\\\/\\\/informelitoral.com.ar\\\/%77%70%2d%63%6f%6e%74%65%6e%74\\\/uploads\\\/2019\\\/08\\\/x_1566241475.jpg\",\"keywords\":[\"Deporte\",\"Deportes\",\"Entre R\u00edos\",\"Gobierno provincial\"],\"articleSection\":[\"Deportes\",\"Entre R\u00edos\"],\"inLanguage\":\"es\",\"potentialAction\":[{\"@type\":\"CommentAction\",\"name\":\"Comment\",\"target\":[\"https:\\\/\\\/informelitoral.com.ar\\\/juegos-panamericanos-de-lima-destacan-la-actuacion-de-los-deportistas-entrerrianos\\\/#respond\"]}]},{\"@type\":\"WebPage\",\"@id\":\"https:\\\/\\\/informelitoral.com.ar\\\/juegos-panamericanos-de-lima-destacan-la-actuacion-de-los-deportistas-entrerrianos\\\/\",\"url\":\"https:\\\/\\\/informelitoral.com.ar\\\/juegos-panamericanos-de-lima-destacan-la-actuacion-de-los-deportistas-entrerrianos\\\/\",\"name\":\"Juegos Panamericanos de Lima: destacan la actuaci\u00f3n de los deportistas entrerrianos - Informe Litoral\",\"isPartOf\":{\"@id\":\"https:\\\/\\\/informelitoral.com.ar\\\/#website\"},\"primaryImageOfPage\":{\"@id\":\"https:\\\/\\\/informelitoral.com.ar\\\/juegos-panamericanos-de-lima-destacan-la-actuacion-de-los-deportistas-entrerrianos\\\/#primaryimage\"},\"image\":{\"@id\":\"https:\\\/\\\/informelitoral.com.ar\\\/juegos-panamericanos-de-lima-destacan-la-actuacion-de-los-deportistas-entrerrianos\\\/#primaryimage\"},\"thumbnailUrl\":\"https:\\\/\\\/informelitoral.com.ar\\\/%77%70%2d%63%6f%6e%74%65%6e%74\\\/uploads\\\/2019\\\/08\\\/x_1566241475.jpg\",\"datePublished\":\"2019-08-20T17:05:09+00:00\",\"dateModified\":\"2019-08-20T17:05:35+00:00\",\"breadcrumb\":{\"@id\":\"https:\\\/\\\/informelitoral.com.ar\\\/juegos-panamericanos-de-lima-destacan-la-actuacion-de-los-deportistas-entrerrianos\\\/#breadcrumb\"},\"inLanguage\":\"es\",\"potentialAction\":[{\"@type\":\"ReadAction\",\"target\":[\"https:\\\/\\\/informelitoral.com.ar\\\/juegos-panamericanos-de-lima-destacan-la-actuacion-de-los-deportistas-entrerrianos\\\/\"]}]},{\"@type\":\"ImageObject\",\"inLanguage\":\"es\",\"@id\":\"https:\\\/\\\/informelitoral.com.ar\\\/juegos-panamericanos-de-lima-destacan-la-actuacion-de-los-deportistas-entrerrianos\\\/#primaryimage\",\"url\":\"https:\\\/\\\/informelitoral.com.ar\\\/%77%70%2d%63%6f%6e%74%65%6e%74\\\/uploads\\\/2019\\\/08\\\/x_1566241475.jpg\",\"contentUrl\":\"https:\\\/\\\/informelitoral.com.ar\\\/%77%70%2d%63%6f%6e%74%65%6e%74\\\/uploads\\\/2019\\\/08\\\/x_1566241475.jpg\",\"width\":1920,\"height\":1280},{\"@type\":\"BreadcrumbList\",\"@id\":\"https:\\\/\\\/informelitoral.com.ar\\\/juegos-panamericanos-de-lima-destacan-la-actuacion-de-los-deportistas-entrerrianos\\\/#breadcrumb\",\"itemListElement\":[{\"@type\":\"ListItem\",\"position\":1,\"name\":\"Portada\",\"item\":\"https:\\\/\\\/informelitoral.com.ar\\\/\"},{\"@type\":\"ListItem\",\"position\":2,\"name\":\"Juegos Panamericanos de Lima: destacan la actuaci\u00f3n de los deportistas entrerrianos\"}]},{\"@type\":\"WebSite\",\"@id\":\"https:\\\/\\\/informelitoral.com.ar\\\/#website\",\"url\":\"https:\\\/\\\/informelitoral.com.ar\\\/\",\"name\":\"Informe Litoral\",\"description\":\"&quot;Nos informamos&quot; \",\"publisher\":{\"@id\":\"https:\\\/\\\/informelitoral.com.ar\\\/#organization\"},\"potentialAction\":[{\"@type\":\"SearchAction\",\"target\":{\"@type\":\"EntryPoint\",\"urlTemplate\":\"https:\\\/\\\/informelitoral.com.ar\\\/?s={search_term_string}\"},\"query-input\":{\"@type\":\"PropertyValueSpecification\",\"valueRequired\":true,\"valueName\":\"search_term_string\"}}],\"inLanguage\":\"es\"},{\"@type\":\"Organization\",\"@id\":\"https:\\\/\\\/informelitoral.com.ar\\\/#organization\",\"name\":\"Informe Litoral\",\"url\":\"https:\\\/\\\/informelitoral.com.ar\\\/\",\"logo\":{\"@type\":\"ImageObject\",\"inLanguage\":\"es\",\"@id\":\"https:\\\/\\\/informelitoral.com.ar\\\/#\\\/schema\\\/logo\\\/image\\\/\",\"url\":\"https:\\\/\\\/informelitoral.com.ar\\\/%77%70%2d%63%6f%6e%74%65%6e%74\\\/uploads\\\/2021\\\/01\\\/circulo.png\",\"contentUrl\":\"https:\\\/\\\/informelitoral.com.ar\\\/%77%70%2d%63%6f%6e%74%65%6e%74\\\/uploads\\\/2021\\\/01\\\/circulo.png\",\"width\":723,\"height\":731,\"caption\":\"Informe Litoral\"},\"image\":{\"@id\":\"https:\\\/\\\/informelitoral.com.ar\\\/#\\\/schema\\\/logo\\\/image\\\/\"},\"sameAs\":[\"https:\\\/\\\/www.facebook.com\\\/informelitoral\\\/\",\"https:\\\/\\\/x.com\\\/InformeLitoral\",\"https:\\\/\\\/www.instagram.com\\\/informelitoral\\\/\",\"https:\\\/\\\/www.youtube.com\\\/channel\\\/UCua4Qvz8Icb6MYqhoq9xLXw\"]},{\"@type\":\"Person\",\"@id\":\"https:\\\/\\\/informelitoral.com.ar\\\/#\\\/schema\\\/person\\\/b9d00407c836482871ef1d57bf8e3180\",\"name\":\"Gonzalo Schmidt\",\"image\":{\"@type\":\"ImageObject\",\"inLanguage\":\"es\",\"@id\":\"https:\\\/\\\/secure.gravatar.com\\\/avatar\\\/31a1a7b66ff2de83bd0e9fd79d026630d2d99e55e8bfe501287647b4fd9743de?s=96&d=mm&r=g\",\"url\":\"https:\\\/\\\/secure.gravatar.com\\\/avatar\\\/31a1a7b66ff2de83bd0e9fd79d026630d2d99e55e8bfe501287647b4fd9743de?s=96&d=mm&r=g\",\"contentUrl\":\"https:\\\/\\\/secure.gravatar.com\\\/avatar\\\/31a1a7b66ff2de83bd0e9fd79d026630d2d99e55e8bfe501287647b4fd9743de?s=96&d=mm&r=g\",\"caption\":\"Gonzalo Schmidt\"},\"description\":\"Sitio web de noticias de la provincia de Entre R\u00edos, Argentina. Informaci\u00f3n y entretenimiento. Informe Litoral, nos informamos.\",\"sameAs\":[\"http:\\\/\\\/www.isletasnoticias.com.ar\"],\"url\":\"https:\\\/\\\/informelitoral.com.ar\\\/author\\\/gonzalo\\\/\"}]}<\/script>","yoast_head_json":{"title":"Juegos Panamericanos de Lima: destacan la actuaci\u00f3n de los deportistas entrerrianos - Informe Litoral","robots":{"index":"index","follow":"follow","max-snippet":"max-snippet:-1","max-image-preview":"max-image-preview:large","max-video-preview":"max-video-preview:-1"},"canonical":"https:\/\/informelitoral.com.ar\/juegos-panamericanos-de-lima-destacan-la-actuacion-de-los-deportistas-entrerrianos\/","og_locale":"es_ES","og_type":"article","og_title":"Juegos Panamericanos de Lima: destacan la actuaci\u00f3n de los deportistas entrerrianos - Informe Litoral","og_description":"Los atletas entrerrianos fueron un basti\u00f3n fundamental del progreso del deporte argentino, que se vio reflejado en tierra peruana con la obtenci\u00f3n de un r\u00e9cord de medallas para nuestro pa\u00eds en los Juegos Panamericanos de Lima 2019.","og_url":"https:\/\/informelitoral.com.ar\/juegos-panamericanos-de-lima-destacan-la-actuacion-de-los-deportistas-entrerrianos\/","og_site_name":"Informe Litoral","article_publisher":"https:\/\/www.facebook.com\/informelitoral\/","article_published_time":"2019-08-20T17:05:09+00:00","article_modified_time":"2019-08-20T17:05:35+00:00","og_image":[{"width":1920,"height":1280,"url":"https:\/\/informelitoral.com.ar\/%77%70%2d%63%6f%6e%74%65%6e%74\/uploads\/2019\/08\/x_1566241475.jpg","type":"image\/jpeg"}],"author":"Gonzalo Schmidt","twitter_card":"summary_large_image","twitter_creator":"@InformeLitoral","twitter_site":"@InformeLitoral","twitter_misc":{"Escrito por":"Gonzalo Schmidt","Tiempo de lectura":"3 minutos"},"schema":{"@context":"https:\/\/schema.org","@graph":[{"@type":"Article","@id":"https:\/\/informelitoral.com.ar\/juegos-panamericanos-de-lima-destacan-la-actuacion-de-los-deportistas-entrerrianos\/#article","isPartOf":{"@id":"https:\/\/informelitoral.com.ar\/juegos-panamericanos-de-lima-destacan-la-actuacion-de-los-deportistas-entrerrianos\/"},"author":{"name":"Gonzalo Schmidt","@id":"https:\/\/informelitoral.com.ar\/#\/schema\/person\/b9d00407c836482871ef1d57bf8e3180"},"headline":"Juegos Panamericanos de Lima: destacan la actuaci\u00f3n de los deportistas entrerrianos","datePublished":"2019-08-20T17:05:09+00:00","dateModified":"2019-08-20T17:05:35+00:00","mainEntityOfPage":{"@id":"https:\/\/informelitoral.com.ar\/juegos-panamericanos-de-lima-destacan-la-actuacion-de-los-deportistas-entrerrianos\/"},"wordCount":527,"commentCount":0,"publisher":{"@id":"https:\/\/informelitoral.com.ar\/#organization"},"image":{"@id":"https:\/\/informelitoral.com.ar\/juegos-panamericanos-de-lima-destacan-la-actuacion-de-los-deportistas-entrerrianos\/#primaryimage"},"thumbnailUrl":"https:\/\/informelitoral.com.ar\/%77%70%2d%63%6f%6e%74%65%6e%74\/uploads\/2019\/08\/x_1566241475.jpg","keywords":["Deporte","Deportes","Entre R\u00edos","Gobierno provincial"],"articleSection":["Deportes","Entre R\u00edos"],"inLanguage":"es","potentialAction":[{"@type":"CommentAction","name":"Comment","target":["https:\/\/informelitoral.com.ar\/juegos-panamericanos-de-lima-destacan-la-actuacion-de-los-deportistas-entrerrianos\/#respond"]}]},{"@type":"WebPage","@id":"https:\/\/informelitoral.com.ar\/juegos-panamericanos-de-lima-destacan-la-actuacion-de-los-deportistas-entrerrianos\/","url":"https:\/\/informelitoral.com.ar\/juegos-panamericanos-de-lima-destacan-la-actuacion-de-los-deportistas-entrerrianos\/","name":"Juegos Panamericanos de Lima: destacan la actuaci\u00f3n de los deportistas entrerrianos - Informe Litoral","isPartOf":{"@id":"https:\/\/informelitoral.com.ar\/#website"},"primaryImageOfPage":{"@id":"https:\/\/informelitoral.com.ar\/juegos-panamericanos-de-lima-destacan-la-actuacion-de-los-deportistas-entrerrianos\/#primaryimage"},"image":{"@id":"https:\/\/informelitoral.com.ar\/juegos-panamericanos-de-lima-destacan-la-actuacion-de-los-deportistas-entrerrianos\/#primaryimage"},"thumbnailUrl":"https:\/\/informelitoral.com.ar\/%77%70%2d%63%6f%6e%74%65%6e%74\/uploads\/2019\/08\/x_1566241475.jpg","datePublished":"2019-08-20T17:05:09+00:00","dateModified":"2019-08-20T17:05:35+00:00","breadcrumb":{"@id":"https:\/\/informelitoral.com.ar\/juegos-panamericanos-de-lima-destacan-la-actuacion-de-los-deportistas-entrerrianos\/#breadcrumb"},"inLanguage":"es","potentialAction":[{"@type":"ReadAction","target":["https:\/\/informelitoral.com.ar\/juegos-panamericanos-de-lima-destacan-la-actuacion-de-los-deportistas-entrerrianos\/"]}]},{"@type":"ImageObject","inLanguage":"es","@id":"https:\/\/informelitoral.com.ar\/juegos-panamericanos-de-lima-destacan-la-actuacion-de-los-deportistas-entrerrianos\/#primaryimage","url":"https:\/\/informelitoral.com.ar\/%77%70%2d%63%6f%6e%74%65%6e%74\/uploads\/2019\/08\/x_1566241475.jpg","contentUrl":"https:\/\/informelitoral.com.ar\/%77%70%2d%63%6f%6e%74%65%6e%74\/uploads\/2019\/08\/x_1566241475.jpg","width":1920,"height":1280},{"@type":"BreadcrumbList","@id":"https:\/\/informelitoral.com.ar\/juegos-panamericanos-de-lima-destacan-la-actuacion-de-los-deportistas-entrerrianos\/#breadcrumb","itemListElement":[{"@type":"ListItem","position":1,"name":"Portada","item":"https:\/\/informelitoral.com.ar\/"},{"@type":"ListItem","position":2,"name":"Juegos Panamericanos de Lima: destacan la actuaci\u00f3n de los deportistas entrerrianos"}]},{"@type":"WebSite","@id":"https:\/\/informelitoral.com.ar\/#website","url":"https:\/\/informelitoral.com.ar\/","name":"Informe Litoral","description":"&quot;Nos informamos&quot; ","publisher":{"@id":"https:\/\/informelitoral.com.ar\/#organization"},"potentialAction":[{"@type":"SearchAction","target":{"@type":"EntryPoint","urlTemplate":"https:\/\/informelitoral.com.ar\/?s={search_term_string}"},"query-input":{"@type":"PropertyValueSpecification","valueRequired":true,"valueName":"search_term_string"}}],"inLanguage":"es"},{"@type":"Organization","@id":"https:\/\/informelitoral.com.ar\/#organization","name":"Informe Litoral","url":"https:\/\/informelitoral.com.ar\/","logo":{"@type":"ImageObject","inLanguage":"es","@id":"https:\/\/informelitoral.com.ar\/#\/schema\/logo\/image\/","url":"https:\/\/informelitoral.com.ar\/%77%70%2d%63%6f%6e%74%65%6e%74\/uploads\/2021\/01\/circulo.png","contentUrl":"https:\/\/informelitoral.com.ar\/%77%70%2d%63%6f%6e%74%65%6e%74\/uploads\/2021\/01\/circulo.png","width":723,"height":731,"caption":"Informe Litoral"},"image":{"@id":"https:\/\/informelitoral.com.ar\/#\/schema\/logo\/image\/"},"sameAs":["https:\/\/www.facebook.com\/informelitoral\/","https:\/\/x.com\/InformeLitoral","https:\/\/www.instagram.com\/informelitoral\/","https:\/\/www.youtube.com\/channel\/UCua4Qvz8Icb6MYqhoq9xLXw"]},{"@type":"Person","@id":"https:\/\/informelitoral.com.ar\/#\/schema\/person\/b9d00407c836482871ef1d57bf8e3180","name":"Gonzalo Schmidt","image":{"@type":"ImageObject","inLanguage":"es","@id":"https:\/\/secure.gravatar.com\/avatar\/31a1a7b66ff2de83bd0e9fd79d026630d2d99e55e8bfe501287647b4fd9743de?s=96&d=mm&r=g","url":"https:\/\/secure.gravatar.com\/avatar\/31a1a7b66ff2de83bd0e9fd79d026630d2d99e55e8bfe501287647b4fd9743de?s=96&d=mm&r=g","contentUrl":"https:\/\/secure.gravatar.com\/avatar\/31a1a7b66ff2de83bd0e9fd79d026630d2d99e55e8bfe501287647b4fd9743de?s=96&d=mm&r=g","caption":"Gonzalo Schmidt"},"description":"Sitio web de noticias de la provincia de Entre R\u00edos, Argentina. Informaci\u00f3n y entretenimiento. Informe Litoral, nos informamos.","sameAs":["http:\/\/www.isletasnoticias.com.ar"],"url":"https:\/\/informelitoral.com.ar\/author\/gonzalo\/"}]}},"_links":{"self":[{"href":"https:\/\/informelitoral.com.ar\/%77%70%2d%6a%73%6f%6e\/wp\/v2\/posts\/35819","targetHints":{"allow":["GET"]}}],"collection":[{"href":"https:\/\/informelitoral.com.ar\/%77%70%2d%6a%73%6f%6e\/wp\/v2\/posts"}],"about":[{"href":"https:\/\/informelitoral.com.ar\/%77%70%2d%6a%73%6f%6e\/wp\/v2\/types\/post"}],"author":[{"embeddable":true,"href":"https:\/\/informelitoral.com.ar\/%77%70%2d%6a%73%6f%6e\/wp\/v2\/users\/2"}],"replies":[{"embeddable":true,"href":"https:\/\/informelitoral.com.ar\/%77%70%2d%6a%73%6f%6e\/wp\/v2\/comments?post=35819"}],"version-history":[{"count":0,"href":"https:\/\/informelitoral.com.ar\/%77%70%2d%6a%73%6f%6e\/wp\/v2\/posts\/35819\/revisions"}],"wp:featuredmedia":[{"embeddable":true,"href":"https:\/\/informelitoral.com.ar\/%77%70%2d%6a%73%6f%6e\/wp\/v2\/media\/35820"}],"wp:attachment":[{"href":"https:\/\/informelitoral.com.ar\/%77%70%2d%6a%73%6f%6e\/wp\/v2\/media?parent=35819"}],"wp:term":[{"taxonomy":"category","embeddable":true,"href":"https:\/\/informelitoral.com.ar\/%77%70%2d%6a%73%6f%6e\/wp\/v2\/categories?post=35819"},{"taxonomy":"post_tag","embeddable":true,"href":"https:\/\/informelitoral.com.ar\/%77%70%2d%6a%73%6f%6e\/wp\/v2\/tags?post=35819"}],"curies":[{"name":"wp","href":"https:\/\/api.w.org\/{rel}","templated":true}]}}