{"id":35799,"date":"2019-08-19T16:03:49","date_gmt":"2019-08-19T19:03:49","guid":{"rendered":"https:\/\/www.isletasnoticias.com.ar\/?p=35799"},"modified":"2019-08-19T20:32:06","modified_gmt":"2019-08-19T23:32:06","slug":"desde-forja-aseguran-que-apuestan-al-modelo-de-inclusion","status":"publish","type":"post","link":"https:\/\/informelitoral.com.ar\/desde-forja-aseguran-que-apuestan-al-modelo-de-inclusion\/","title":{"rendered":"Desde Forja aseguran que apuestan al \u00abmodelo de inclusi\u00f3n\u00bb"},"content":{"rendered":"<p>El s\u00e1bado 17 de agosto, en la ciudad de Villaguay, se realiz\u00f3 el <strong>Primer Encuentro de mujeres de FORJA<\/strong> (Partido de la Concertaci\u00f3n).<\/p>\n<p>Seg\u00fan se inform\u00f3 a <em><strong>IN<\/strong><\/em>, fue \u00abun encuentro c\u00e1lido en el cual se intercambiaron experiencias de militancia de diversos espacios lo cual condujo a un encuentro multipartidario con militantes provenientes de diferentes ramas ideol\u00f3gicas que convergieron para la construcci\u00f3n futura de un partido que se consolida y empieza a marcar un rumbo en el escenario pol\u00edtico nacional. Resaltando como uno de los fines principales del encuentro, retomar fuerzas unidos de cara al 27 de octubre, para que <strong>Alberto Fern\u00e1ndez<\/strong> sea nuestro pr\u00f3ximo presidente, siendo el feminismo el movimiento pol\u00edtico emergente mas convocante en los \u00faltimos tiempos\u00bb.<\/p>\n<p>El foro cont\u00f3 tambi\u00e9n con la presencia de<strong> Claudia Monjo<\/strong>, intendenta actual y electa para su segundo mandato en Villaguay quien, siempre seg\u00fan el comunicado, \u00abhabl\u00f3 de su gesti\u00f3n de gobierno y de c\u00f3mo articularon un frente en la ciudad donde Forja es parte y tiene como concejal electa a la compa\u00f1era <strong>Diana Vel\u00e1zquez<\/strong>\u00ab.<\/p>\n<p><a href=\"https:\/\/www.isletasnoticias.com.ar\/%77%70%2d%63%6f%6e%74%65%6e%74\/uploads\/2019\/08\/92188f16-3bbe-49de-8339-bbfff0f43597.jpg\"><img loading=\"lazy\" decoding=\"async\" class=\"aligncenter wp-image-35800 size-large\" src=\"https:\/\/www.isletasnoticias.com.ar\/%77%70%2d%63%6f%6e%74%65%6e%74\/uploads\/2019\/08\/92188f16-3bbe-49de-8339-bbfff0f43597-1024x768.jpg\" alt=\"\" width=\"696\" height=\"522\" srcset=\"https:\/\/informelitoral.com.ar\/%77%70%2d%63%6f%6e%74%65%6e%74\/uploads\/2019\/08\/92188f16-3bbe-49de-8339-bbfff0f43597-1024x768.jpg 1024w, https:\/\/informelitoral.com.ar\/%77%70%2d%63%6f%6e%74%65%6e%74\/uploads\/2019\/08\/92188f16-3bbe-49de-8339-bbfff0f43597-300x225.jpg 300w, https:\/\/informelitoral.com.ar\/%77%70%2d%63%6f%6e%74%65%6e%74\/uploads\/2019\/08\/92188f16-3bbe-49de-8339-bbfff0f43597-768x576.jpg 768w, https:\/\/informelitoral.com.ar\/%77%70%2d%63%6f%6e%74%65%6e%74\/uploads\/2019\/08\/92188f16-3bbe-49de-8339-bbfff0f43597-80x60.jpg 80w, https:\/\/informelitoral.com.ar\/%77%70%2d%63%6f%6e%74%65%6e%74\/uploads\/2019\/08\/92188f16-3bbe-49de-8339-bbfff0f43597-265x198.jpg 265w, https:\/\/informelitoral.com.ar\/%77%70%2d%63%6f%6e%74%65%6e%74\/uploads\/2019\/08\/92188f16-3bbe-49de-8339-bbfff0f43597-696x522.jpg 696w, https:\/\/informelitoral.com.ar\/%77%70%2d%63%6f%6e%74%65%6e%74\/uploads\/2019\/08\/92188f16-3bbe-49de-8339-bbfff0f43597-1068x801.jpg 1068w, https:\/\/informelitoral.com.ar\/%77%70%2d%63%6f%6e%74%65%6e%74\/uploads\/2019\/08\/92188f16-3bbe-49de-8339-bbfff0f43597-560x420.jpg 560w, https:\/\/informelitoral.com.ar\/%77%70%2d%63%6f%6e%74%65%6e%74\/uploads\/2019\/08\/92188f16-3bbe-49de-8339-bbfff0f43597.jpg 1280w\" sizes=\"auto, (max-width: 696px) 100vw, 696px\" \/><\/a><\/p>\n<p>Finalmente sostienen que \u00abFORJA representa la pol\u00edtica transversal. Representa un modelo pol\u00edtico de inclusi\u00f3n de igualdad. FORJA construye y articula en todos los sectores, universitarios, Barriales, sindicales, en sectores de empresarios de bien, en busca de combatir la gran inequidad social que atraviesa nuestra patria. Hoy \u00b4Las Mujeres vinimos a Villaguay\u00b4 a mostranos con voluntad de deconstruir un modelo patriarcal y reconstruir un modelo de pol\u00edticas inclusivas, con movilidad social e igualdad\u00bb, remarcaron.<\/p>\n","protected":false},"excerpt":{"rendered":"<p>Fue en el marco del Primer Encuentro de mujeres del Partido de la Concertaci\u00f3n que se realiz\u00f3 en Villaguay. <\/p>\n","protected":false},"author":2,"featured_media":35801,"comment_status":"open","ping_status":"open","sticky":false,"template":"","format":"standard","meta":{"fifu_image_url":"","fifu_image_alt":"","footnotes":""},"categories":[16],"tags":[421,1267],"class_list":{"0":"post-35799","1":"post","2":"type-post","3":"status-publish","4":"format-standard","5":"has-post-thumbnail","7":"category-politi","8":"tag-elecciones-2019","9":"tag-forja"},"yoast_head":"<title>Desde Forja aseguran que apuestan al &quot;modelo de inclusi\u00f3n&quot; - Informe Litoral<\/title>\n<meta name=\"robots\" content=\"index, follow, max-snippet:-1, max-image-preview:large, max-video-preview:-1\" \/>\n<link rel=\"canonical\" href=\"https:\/\/informelitoral.com.ar\/desde-forja-aseguran-que-apuestan-al-modelo-de-inclusion\/\" \/>\n<meta property=\"og:locale\" content=\"es_ES\" \/>\n<meta property=\"og:type\" content=\"article\" \/>\n<meta property=\"og:title\" content=\"Desde Forja aseguran que apuestan al &quot;modelo de inclusi\u00f3n&quot; - Informe Litoral\" \/>\n<meta property=\"og:description\" content=\"Fue en el marco del Primer Encuentro de mujeres del Partido de la Concertaci\u00f3n que se realiz\u00f3 en Villaguay.\" \/>\n<meta property=\"og:url\" content=\"https:\/\/informelitoral.com.ar\/desde-forja-aseguran-que-apuestan-al-modelo-de-inclusion\/\" \/>\n<meta property=\"og:site_name\" content=\"Informe Litoral\" \/>\n<meta property=\"article:publisher\" content=\"https:\/\/www.facebook.com\/informelitoral\/\" \/>\n<meta property=\"article:published_time\" content=\"2019-08-19T19:03:49+00:00\" \/>\n<meta property=\"article:modified_time\" content=\"2019-08-19T23:32:06+00:00\" \/>\n<meta property=\"og:image\" content=\"https:\/\/informelitoral.com.ar\/%77%70%2d%63%6f%6e%74%65%6e%74\/uploads\/2019\/08\/a5f39f2e-b6c9-4c85-913c-7de444da7118.jpg\" \/>\n\t<meta property=\"og:image:width\" content=\"1280\" \/>\n\t<meta property=\"og:image:height\" content=\"960\" \/>\n\t<meta property=\"og:image:type\" content=\"image\/jpeg\" \/>\n<meta name=\"author\" content=\"Gonzalo Schmidt\" \/>\n<meta name=\"twitter:card\" content=\"summary_large_image\" \/>\n<meta name=\"twitter:creator\" content=\"@InformeLitoral\" \/>\n<meta name=\"twitter:site\" content=\"@InformeLitoral\" \/>\n<meta name=\"twitter:label1\" content=\"Escrito por\" \/>\n\t<meta name=\"twitter:data1\" content=\"Gonzalo Schmidt\" \/>\n\t<meta name=\"twitter:label2\" content=\"Tiempo de lectura\" \/>\n\t<meta name=\"twitter:data2\" content=\"1 minuto\" \/>\n<script type=\"application\/ld+json\" class=\"yoast-schema-graph\">{\"@context\":\"https:\\\/\\\/schema.org\",\"@graph\":[{\"@type\":\"Article\",\"@id\":\"https:\\\/\\\/informelitoral.com.ar\\\/desde-forja-aseguran-que-apuestan-al-modelo-de-inclusion\\\/#article\",\"isPartOf\":{\"@id\":\"https:\\\/\\\/informelitoral.com.ar\\\/desde-forja-aseguran-que-apuestan-al-modelo-de-inclusion\\\/\"},\"author\":{\"name\":\"Gonzalo Schmidt\",\"@id\":\"https:\\\/\\\/informelitoral.com.ar\\\/#\\\/schema\\\/person\\\/b9d00407c836482871ef1d57bf8e3180\"},\"headline\":\"Desde Forja aseguran que apuestan al \u00abmodelo de inclusi\u00f3n\u00bb\",\"datePublished\":\"2019-08-19T19:03:49+00:00\",\"dateModified\":\"2019-08-19T23:32:06+00:00\",\"mainEntityOfPage\":{\"@id\":\"https:\\\/\\\/informelitoral.com.ar\\\/desde-forja-aseguran-que-apuestan-al-modelo-de-inclusion\\\/\"},\"wordCount\":274,\"commentCount\":0,\"publisher\":{\"@id\":\"https:\\\/\\\/informelitoral.com.ar\\\/#organization\"},\"image\":{\"@id\":\"https:\\\/\\\/informelitoral.com.ar\\\/desde-forja-aseguran-que-apuestan-al-modelo-de-inclusion\\\/#primaryimage\"},\"thumbnailUrl\":\"https:\\\/\\\/informelitoral.com.ar\\\/%77%70%2d%63%6f%6e%74%65%6e%74\\\/uploads\\\/2019\\\/08\\\/a5f39f2e-b6c9-4c85-913c-7de444da7118.jpg\",\"keywords\":[\"Elecciones 2019\",\"Forja\"],\"articleSection\":[\"Politica\"],\"inLanguage\":\"es\",\"potentialAction\":[{\"@type\":\"CommentAction\",\"name\":\"Comment\",\"target\":[\"https:\\\/\\\/informelitoral.com.ar\\\/desde-forja-aseguran-que-apuestan-al-modelo-de-inclusion\\\/#respond\"]}]},{\"@type\":\"WebPage\",\"@id\":\"https:\\\/\\\/informelitoral.com.ar\\\/desde-forja-aseguran-que-apuestan-al-modelo-de-inclusion\\\/\",\"url\":\"https:\\\/\\\/informelitoral.com.ar\\\/desde-forja-aseguran-que-apuestan-al-modelo-de-inclusion\\\/\",\"name\":\"Desde Forja aseguran que apuestan al \\\"modelo de inclusi\u00f3n\\\" - Informe Litoral\",\"isPartOf\":{\"@id\":\"https:\\\/\\\/informelitoral.com.ar\\\/#website\"},\"primaryImageOfPage\":{\"@id\":\"https:\\\/\\\/informelitoral.com.ar\\\/desde-forja-aseguran-que-apuestan-al-modelo-de-inclusion\\\/#primaryimage\"},\"image\":{\"@id\":\"https:\\\/\\\/informelitoral.com.ar\\\/desde-forja-aseguran-que-apuestan-al-modelo-de-inclusion\\\/#primaryimage\"},\"thumbnailUrl\":\"https:\\\/\\\/informelitoral.com.ar\\\/%77%70%2d%63%6f%6e%74%65%6e%74\\\/uploads\\\/2019\\\/08\\\/a5f39f2e-b6c9-4c85-913c-7de444da7118.jpg\",\"datePublished\":\"2019-08-19T19:03:49+00:00\",\"dateModified\":\"2019-08-19T23:32:06+00:00\",\"breadcrumb\":{\"@id\":\"https:\\\/\\\/informelitoral.com.ar\\\/desde-forja-aseguran-que-apuestan-al-modelo-de-inclusion\\\/#breadcrumb\"},\"inLanguage\":\"es\",\"potentialAction\":[{\"@type\":\"ReadAction\",\"target\":[\"https:\\\/\\\/informelitoral.com.ar\\\/desde-forja-aseguran-que-apuestan-al-modelo-de-inclusion\\\/\"]}]},{\"@type\":\"ImageObject\",\"inLanguage\":\"es\",\"@id\":\"https:\\\/\\\/informelitoral.com.ar\\\/desde-forja-aseguran-que-apuestan-al-modelo-de-inclusion\\\/#primaryimage\",\"url\":\"https:\\\/\\\/informelitoral.com.ar\\\/%77%70%2d%63%6f%6e%74%65%6e%74\\\/uploads\\\/2019\\\/08\\\/a5f39f2e-b6c9-4c85-913c-7de444da7118.jpg\",\"contentUrl\":\"https:\\\/\\\/informelitoral.com.ar\\\/%77%70%2d%63%6f%6e%74%65%6e%74\\\/uploads\\\/2019\\\/08\\\/a5f39f2e-b6c9-4c85-913c-7de444da7118.jpg\",\"width\":1280,\"height\":960},{\"@type\":\"BreadcrumbList\",\"@id\":\"https:\\\/\\\/informelitoral.com.ar\\\/desde-forja-aseguran-que-apuestan-al-modelo-de-inclusion\\\/#breadcrumb\",\"itemListElement\":[{\"@type\":\"ListItem\",\"position\":1,\"name\":\"Portada\",\"item\":\"https:\\\/\\\/informelitoral.com.ar\\\/\"},{\"@type\":\"ListItem\",\"position\":2,\"name\":\"Desde Forja aseguran que apuestan al \u00abmodelo de inclusi\u00f3n\u00bb\"}]},{\"@type\":\"WebSite\",\"@id\":\"https:\\\/\\\/informelitoral.com.ar\\\/#website\",\"url\":\"https:\\\/\\\/informelitoral.com.ar\\\/\",\"name\":\"Informe Litoral\",\"description\":\"&quot;Nos informamos&quot; \",\"publisher\":{\"@id\":\"https:\\\/\\\/informelitoral.com.ar\\\/#organization\"},\"potentialAction\":[{\"@type\":\"SearchAction\",\"target\":{\"@type\":\"EntryPoint\",\"urlTemplate\":\"https:\\\/\\\/informelitoral.com.ar\\\/?s={search_term_string}\"},\"query-input\":{\"@type\":\"PropertyValueSpecification\",\"valueRequired\":true,\"valueName\":\"search_term_string\"}}],\"inLanguage\":\"es\"},{\"@type\":\"Organization\",\"@id\":\"https:\\\/\\\/informelitoral.com.ar\\\/#organization\",\"name\":\"Informe Litoral\",\"url\":\"https:\\\/\\\/informelitoral.com.ar\\\/\",\"logo\":{\"@type\":\"ImageObject\",\"inLanguage\":\"es\",\"@id\":\"https:\\\/\\\/informelitoral.com.ar\\\/#\\\/schema\\\/logo\\\/image\\\/\",\"url\":\"https:\\\/\\\/informelitoral.com.ar\\\/%77%70%2d%63%6f%6e%74%65%6e%74\\\/uploads\\\/2021\\\/01\\\/circulo.png\",\"contentUrl\":\"https:\\\/\\\/informelitoral.com.ar\\\/%77%70%2d%63%6f%6e%74%65%6e%74\\\/uploads\\\/2021\\\/01\\\/circulo.png\",\"width\":723,\"height\":731,\"caption\":\"Informe Litoral\"},\"image\":{\"@id\":\"https:\\\/\\\/informelitoral.com.ar\\\/#\\\/schema\\\/logo\\\/image\\\/\"},\"sameAs\":[\"https:\\\/\\\/www.facebook.com\\\/informelitoral\\\/\",\"https:\\\/\\\/x.com\\\/InformeLitoral\",\"https:\\\/\\\/www.instagram.com\\\/informelitoral\\\/\",\"https:\\\/\\\/www.youtube.com\\\/channel\\\/UCua4Qvz8Icb6MYqhoq9xLXw\"]},{\"@type\":\"Person\",\"@id\":\"https:\\\/\\\/informelitoral.com.ar\\\/#\\\/schema\\\/person\\\/b9d00407c836482871ef1d57bf8e3180\",\"name\":\"Gonzalo Schmidt\",\"image\":{\"@type\":\"ImageObject\",\"inLanguage\":\"es\",\"@id\":\"https:\\\/\\\/secure.gravatar.com\\\/avatar\\\/31a1a7b66ff2de83bd0e9fd79d026630d2d99e55e8bfe501287647b4fd9743de?s=96&d=mm&r=g\",\"url\":\"https:\\\/\\\/secure.gravatar.com\\\/avatar\\\/31a1a7b66ff2de83bd0e9fd79d026630d2d99e55e8bfe501287647b4fd9743de?s=96&d=mm&r=g\",\"contentUrl\":\"https:\\\/\\\/secure.gravatar.com\\\/avatar\\\/31a1a7b66ff2de83bd0e9fd79d026630d2d99e55e8bfe501287647b4fd9743de?s=96&d=mm&r=g\",\"caption\":\"Gonzalo Schmidt\"},\"description\":\"Sitio web de noticias de la provincia de Entre R\u00edos, Argentina. Informaci\u00f3n y entretenimiento. Informe Litoral, nos informamos.\",\"sameAs\":[\"http:\\\/\\\/www.isletasnoticias.com.ar\"],\"url\":\"https:\\\/\\\/informelitoral.com.ar\\\/author\\\/gonzalo\\\/\"}]}<\/script>","yoast_head_json":{"title":"Desde Forja aseguran que apuestan al \"modelo de inclusi\u00f3n\" - Informe Litoral","robots":{"index":"index","follow":"follow","max-snippet":"max-snippet:-1","max-image-preview":"max-image-preview:large","max-video-preview":"max-video-preview:-1"},"canonical":"https:\/\/informelitoral.com.ar\/desde-forja-aseguran-que-apuestan-al-modelo-de-inclusion\/","og_locale":"es_ES","og_type":"article","og_title":"Desde Forja aseguran que apuestan al \"modelo de inclusi\u00f3n\" - Informe Litoral","og_description":"Fue en el marco del Primer Encuentro de mujeres del Partido de la Concertaci\u00f3n que se realiz\u00f3 en Villaguay.","og_url":"https:\/\/informelitoral.com.ar\/desde-forja-aseguran-que-apuestan-al-modelo-de-inclusion\/","og_site_name":"Informe Litoral","article_publisher":"https:\/\/www.facebook.com\/informelitoral\/","article_published_time":"2019-08-19T19:03:49+00:00","article_modified_time":"2019-08-19T23:32:06+00:00","og_image":[{"width":1280,"height":960,"url":"https:\/\/informelitoral.com.ar\/%77%70%2d%63%6f%6e%74%65%6e%74\/uploads\/2019\/08\/a5f39f2e-b6c9-4c85-913c-7de444da7118.jpg","type":"image\/jpeg"}],"author":"Gonzalo Schmidt","twitter_card":"summary_large_image","twitter_creator":"@InformeLitoral","twitter_site":"@InformeLitoral","twitter_misc":{"Escrito por":"Gonzalo Schmidt","Tiempo de lectura":"1 minuto"},"schema":{"@context":"https:\/\/schema.org","@graph":[{"@type":"Article","@id":"https:\/\/informelitoral.com.ar\/desde-forja-aseguran-que-apuestan-al-modelo-de-inclusion\/#article","isPartOf":{"@id":"https:\/\/informelitoral.com.ar\/desde-forja-aseguran-que-apuestan-al-modelo-de-inclusion\/"},"author":{"name":"Gonzalo Schmidt","@id":"https:\/\/informelitoral.com.ar\/#\/schema\/person\/b9d00407c836482871ef1d57bf8e3180"},"headline":"Desde Forja aseguran que apuestan al \u00abmodelo de inclusi\u00f3n\u00bb","datePublished":"2019-08-19T19:03:49+00:00","dateModified":"2019-08-19T23:32:06+00:00","mainEntityOfPage":{"@id":"https:\/\/informelitoral.com.ar\/desde-forja-aseguran-que-apuestan-al-modelo-de-inclusion\/"},"wordCount":274,"commentCount":0,"publisher":{"@id":"https:\/\/informelitoral.com.ar\/#organization"},"image":{"@id":"https:\/\/informelitoral.com.ar\/desde-forja-aseguran-que-apuestan-al-modelo-de-inclusion\/#primaryimage"},"thumbnailUrl":"https:\/\/informelitoral.com.ar\/%77%70%2d%63%6f%6e%74%65%6e%74\/uploads\/2019\/08\/a5f39f2e-b6c9-4c85-913c-7de444da7118.jpg","keywords":["Elecciones 2019","Forja"],"articleSection":["Politica"],"inLanguage":"es","potentialAction":[{"@type":"CommentAction","name":"Comment","target":["https:\/\/informelitoral.com.ar\/desde-forja-aseguran-que-apuestan-al-modelo-de-inclusion\/#respond"]}]},{"@type":"WebPage","@id":"https:\/\/informelitoral.com.ar\/desde-forja-aseguran-que-apuestan-al-modelo-de-inclusion\/","url":"https:\/\/informelitoral.com.ar\/desde-forja-aseguran-que-apuestan-al-modelo-de-inclusion\/","name":"Desde Forja aseguran que apuestan al \"modelo de inclusi\u00f3n\" - Informe Litoral","isPartOf":{"@id":"https:\/\/informelitoral.com.ar\/#website"},"primaryImageOfPage":{"@id":"https:\/\/informelitoral.com.ar\/desde-forja-aseguran-que-apuestan-al-modelo-de-inclusion\/#primaryimage"},"image":{"@id":"https:\/\/informelitoral.com.ar\/desde-forja-aseguran-que-apuestan-al-modelo-de-inclusion\/#primaryimage"},"thumbnailUrl":"https:\/\/informelitoral.com.ar\/%77%70%2d%63%6f%6e%74%65%6e%74\/uploads\/2019\/08\/a5f39f2e-b6c9-4c85-913c-7de444da7118.jpg","datePublished":"2019-08-19T19:03:49+00:00","dateModified":"2019-08-19T23:32:06+00:00","breadcrumb":{"@id":"https:\/\/informelitoral.com.ar\/desde-forja-aseguran-que-apuestan-al-modelo-de-inclusion\/#breadcrumb"},"inLanguage":"es","potentialAction":[{"@type":"ReadAction","target":["https:\/\/informelitoral.com.ar\/desde-forja-aseguran-que-apuestan-al-modelo-de-inclusion\/"]}]},{"@type":"ImageObject","inLanguage":"es","@id":"https:\/\/informelitoral.com.ar\/desde-forja-aseguran-que-apuestan-al-modelo-de-inclusion\/#primaryimage","url":"https:\/\/informelitoral.com.ar\/%77%70%2d%63%6f%6e%74%65%6e%74\/uploads\/2019\/08\/a5f39f2e-b6c9-4c85-913c-7de444da7118.jpg","contentUrl":"https:\/\/informelitoral.com.ar\/%77%70%2d%63%6f%6e%74%65%6e%74\/uploads\/2019\/08\/a5f39f2e-b6c9-4c85-913c-7de444da7118.jpg","width":1280,"height":960},{"@type":"BreadcrumbList","@id":"https:\/\/informelitoral.com.ar\/desde-forja-aseguran-que-apuestan-al-modelo-de-inclusion\/#breadcrumb","itemListElement":[{"@type":"ListItem","position":1,"name":"Portada","item":"https:\/\/informelitoral.com.ar\/"},{"@type":"ListItem","position":2,"name":"Desde Forja aseguran que apuestan al \u00abmodelo de inclusi\u00f3n\u00bb"}]},{"@type":"WebSite","@id":"https:\/\/informelitoral.com.ar\/#website","url":"https:\/\/informelitoral.com.ar\/","name":"Informe Litoral","description":"&quot;Nos informamos&quot; ","publisher":{"@id":"https:\/\/informelitoral.com.ar\/#organization"},"potentialAction":[{"@type":"SearchAction","target":{"@type":"EntryPoint","urlTemplate":"https:\/\/informelitoral.com.ar\/?s={search_term_string}"},"query-input":{"@type":"PropertyValueSpecification","valueRequired":true,"valueName":"search_term_string"}}],"inLanguage":"es"},{"@type":"Organization","@id":"https:\/\/informelitoral.com.ar\/#organization","name":"Informe Litoral","url":"https:\/\/informelitoral.com.ar\/","logo":{"@type":"ImageObject","inLanguage":"es","@id":"https:\/\/informelitoral.com.ar\/#\/schema\/logo\/image\/","url":"https:\/\/informelitoral.com.ar\/%77%70%2d%63%6f%6e%74%65%6e%74\/uploads\/2021\/01\/circulo.png","contentUrl":"https:\/\/informelitoral.com.ar\/%77%70%2d%63%6f%6e%74%65%6e%74\/uploads\/2021\/01\/circulo.png","width":723,"height":731,"caption":"Informe Litoral"},"image":{"@id":"https:\/\/informelitoral.com.ar\/#\/schema\/logo\/image\/"},"sameAs":["https:\/\/www.facebook.com\/informelitoral\/","https:\/\/x.com\/InformeLitoral","https:\/\/www.instagram.com\/informelitoral\/","https:\/\/www.youtube.com\/channel\/UCua4Qvz8Icb6MYqhoq9xLXw"]},{"@type":"Person","@id":"https:\/\/informelitoral.com.ar\/#\/schema\/person\/b9d00407c836482871ef1d57bf8e3180","name":"Gonzalo Schmidt","image":{"@type":"ImageObject","inLanguage":"es","@id":"https:\/\/secure.gravatar.com\/avatar\/31a1a7b66ff2de83bd0e9fd79d026630d2d99e55e8bfe501287647b4fd9743de?s=96&d=mm&r=g","url":"https:\/\/secure.gravatar.com\/avatar\/31a1a7b66ff2de83bd0e9fd79d026630d2d99e55e8bfe501287647b4fd9743de?s=96&d=mm&r=g","contentUrl":"https:\/\/secure.gravatar.com\/avatar\/31a1a7b66ff2de83bd0e9fd79d026630d2d99e55e8bfe501287647b4fd9743de?s=96&d=mm&r=g","caption":"Gonzalo Schmidt"},"description":"Sitio web de noticias de la provincia de Entre R\u00edos, Argentina. Informaci\u00f3n y entretenimiento. Informe Litoral, nos informamos.","sameAs":["http:\/\/www.isletasnoticias.com.ar"],"url":"https:\/\/informelitoral.com.ar\/author\/gonzalo\/"}]}},"_links":{"self":[{"href":"https:\/\/informelitoral.com.ar\/%77%70%2d%6a%73%6f%6e\/wp\/v2\/posts\/35799","targetHints":{"allow":["GET"]}}],"collection":[{"href":"https:\/\/informelitoral.com.ar\/%77%70%2d%6a%73%6f%6e\/wp\/v2\/posts"}],"about":[{"href":"https:\/\/informelitoral.com.ar\/%77%70%2d%6a%73%6f%6e\/wp\/v2\/types\/post"}],"author":[{"embeddable":true,"href":"https:\/\/informelitoral.com.ar\/%77%70%2d%6a%73%6f%6e\/wp\/v2\/users\/2"}],"replies":[{"embeddable":true,"href":"https:\/\/informelitoral.com.ar\/%77%70%2d%6a%73%6f%6e\/wp\/v2\/comments?post=35799"}],"version-history":[{"count":0,"href":"https:\/\/informelitoral.com.ar\/%77%70%2d%6a%73%6f%6e\/wp\/v2\/posts\/35799\/revisions"}],"wp:featuredmedia":[{"embeddable":true,"href":"https:\/\/informelitoral.com.ar\/%77%70%2d%6a%73%6f%6e\/wp\/v2\/media\/35801"}],"wp:attachment":[{"href":"https:\/\/informelitoral.com.ar\/%77%70%2d%6a%73%6f%6e\/wp\/v2\/media?parent=35799"}],"wp:term":[{"taxonomy":"category","embeddable":true,"href":"https:\/\/informelitoral.com.ar\/%77%70%2d%6a%73%6f%6e\/wp\/v2\/categories?post=35799"},{"taxonomy":"post_tag","embeddable":true,"href":"https:\/\/informelitoral.com.ar\/%77%70%2d%6a%73%6f%6e\/wp\/v2\/tags?post=35799"}],"curies":[{"name":"wp","href":"https:\/\/api.w.org\/{rel}","templated":true}]}}