{"id":35793,"date":"2019-08-19T19:05:55","date_gmt":"2019-08-19T22:05:55","guid":{"rendered":"https:\/\/www.isletasnoticias.com.ar\/?p=35793"},"modified":"2019-08-19T19:05:55","modified_gmt":"2019-08-19T22:05:55","slug":"hernan-lacunza-asumira-este-martes-como-ministro-de-hacienda","status":"publish","type":"post","link":"https:\/\/informelitoral.com.ar\/hernan-lacunza-asumira-este-martes-como-ministro-de-hacienda\/","title":{"rendered":"Hern\u00e1n Lacunza asumir\u00e1 este martes como ministro de Hacienda"},"content":{"rendered":"<p>El designado ministro de Hacienda,\u00a0<strong>Hern\u00e1n Lacunza, asumir\u00e1 el martes por la ma\u00f1ana<\/strong>\u00a0formalmente su cargo cuando preste juramento ante el presidente<strong>\u00a0Mauricio Macri a las 8.30\u00a0<\/strong>en el Sal\u00f3n Blanco de la Casa de Gobierno. Participar\u00e1n adem\u00e1s el jefe de Gabinete,<strong>\u00a0Marcos Pe\u00f1a<\/strong>, los ministros, y legisladores del oficialismo.<\/p>\n<p>El reemplazante de<strong>\u00a0Nicol\u00e1s Dujovne en el Gabinete\u00a0se reuni\u00f3 con el presidente en la quinta familiar \u00abLos Abrojos\u00bb,<\/strong>\u00a0en el partido bonaerense de Malvinas Argentinas. Fue el primer encuentro cara a cara entre ambos tras su designaci\u00f3n al frente de la cartera de Hacienda.<\/p>\n<div class=\"wp-block-image\">\n<figure class=\"aligncenter\"><img decoding=\"async\" class=\"jetpack-lazy-image jetpack-lazy-image--handled aligncenter\" src=\"https:\/\/i0.wp.com\/media.minutouno.com\/adjuntos\/150\/imagenes\/036\/914\/0036914330.jpg?w=1220&amp;ssl=1\" alt=\"\" data-recalc-dims=\"1\" data-lazy-loaded=\"1\" \/><\/figure>\n<\/div>\n<p>Hasta ahora, Lacunza se desempe\u00f1aba como ministro de\u00a0Econom\u00eda\u00a0de la gesti\u00f3n de Mar\u00eda Eugenia Vidal en la provincia de Buenos Aires. El s\u00e1bado \u00faltimo, tras la derrota del oficialismo en las PASO,<strong>\u00a0Dujovne present\u00f3 su renuncia al cargo\u00a0y el Presidente resolvi\u00f3 que ser\u00eda el indicado para reemplazarlo.<\/strong><\/p>\n<p>El designado ministro de Econom\u00eda tiene tiene 50 a\u00f1os, es casado y padre de dos hijos. Antes de ser ministro bonaerense, Lacunza se hab\u00eda sido gerente general del Banco Ciudad, entre 2013 y 2015.En tanto, desde el 2005 al 2010 fue gerente general y economista jefe del Banco Central.<\/p>\n","protected":false},"excerpt":{"rendered":"<p>El acto se desarrollar\u00e1 durante la ma\u00f1ana. Participar\u00e1n adem\u00e1s el jefe de Gabinete, Marcos Pe\u00f1a, los ministros, y legisladores del oficialismo.<\/p>\n","protected":false},"author":2,"featured_media":35794,"comment_status":"open","ping_status":"open","sticky":false,"template":"","format":"standard","meta":{"fifu_image_url":"","fifu_image_alt":"","footnotes":""},"categories":[16],"tags":[1288,44,233,80],"class_list":{"0":"post-35793","1":"post","2":"type-post","3":"status-publish","4":"format-standard","5":"has-post-thumbnail","7":"category-politi","8":"tag-crisis-economica","9":"tag-economia","10":"tag-gobierno-nacional","11":"tag-mauricio-macri"},"yoast_head":"<title>Hern\u00e1n Lacunza asumir\u00e1 este martes como ministro de Hacienda - Informe Litoral<\/title>\n<meta name=\"robots\" content=\"index, follow, max-snippet:-1, max-image-preview:large, max-video-preview:-1\" \/>\n<link rel=\"canonical\" href=\"https:\/\/informelitoral.com.ar\/hernan-lacunza-asumira-este-martes-como-ministro-de-hacienda\/\" \/>\n<meta property=\"og:locale\" content=\"es_ES\" \/>\n<meta property=\"og:type\" content=\"article\" \/>\n<meta property=\"og:title\" content=\"Hern\u00e1n Lacunza asumir\u00e1 este martes como ministro de Hacienda - Informe Litoral\" \/>\n<meta property=\"og:description\" content=\"El acto se desarrollar\u00e1 durante la ma\u00f1ana. Participar\u00e1n adem\u00e1s el jefe de Gabinete, Marcos Pe\u00f1a, los ministros, y legisladores del oficialismo.\" \/>\n<meta property=\"og:url\" content=\"https:\/\/informelitoral.com.ar\/hernan-lacunza-asumira-este-martes-como-ministro-de-hacienda\/\" \/>\n<meta property=\"og:site_name\" content=\"Informe Litoral\" \/>\n<meta property=\"article:publisher\" content=\"https:\/\/www.facebook.com\/informelitoral\/\" \/>\n<meta property=\"article:published_time\" content=\"2019-08-19T22:05:55+00:00\" \/>\n<meta property=\"og:image\" content=\"https:\/\/informelitoral.com.ar\/%77%70%2d%63%6f%6e%74%65%6e%74\/uploads\/2019\/08\/hernan-lacunza.jpg\" \/>\n\t<meta property=\"og:image:width\" content=\"1140\" \/>\n\t<meta property=\"og:image:height\" content=\"640\" \/>\n\t<meta property=\"og:image:type\" content=\"image\/jpeg\" \/>\n<meta name=\"author\" content=\"Gonzalo Schmidt\" \/>\n<meta name=\"twitter:card\" content=\"summary_large_image\" \/>\n<meta name=\"twitter:creator\" content=\"@InformeLitoral\" \/>\n<meta name=\"twitter:site\" content=\"@InformeLitoral\" \/>\n<meta name=\"twitter:label1\" content=\"Escrito por\" \/>\n\t<meta name=\"twitter:data1\" content=\"Gonzalo Schmidt\" \/>\n\t<meta name=\"twitter:label2\" content=\"Tiempo de lectura\" \/>\n\t<meta name=\"twitter:data2\" content=\"1 minuto\" \/>\n<script type=\"application\/ld+json\" class=\"yoast-schema-graph\">{\"@context\":\"https:\\\/\\\/schema.org\",\"@graph\":[{\"@type\":\"Article\",\"@id\":\"https:\\\/\\\/informelitoral.com.ar\\\/hernan-lacunza-asumira-este-martes-como-ministro-de-hacienda\\\/#article\",\"isPartOf\":{\"@id\":\"https:\\\/\\\/informelitoral.com.ar\\\/hernan-lacunza-asumira-este-martes-como-ministro-de-hacienda\\\/\"},\"author\":{\"name\":\"Gonzalo Schmidt\",\"@id\":\"https:\\\/\\\/informelitoral.com.ar\\\/#\\\/schema\\\/person\\\/b9d00407c836482871ef1d57bf8e3180\"},\"headline\":\"Hern\u00e1n Lacunza asumir\u00e1 este martes como ministro de Hacienda\",\"datePublished\":\"2019-08-19T22:05:55+00:00\",\"mainEntityOfPage\":{\"@id\":\"https:\\\/\\\/informelitoral.com.ar\\\/hernan-lacunza-asumira-este-martes-como-ministro-de-hacienda\\\/\"},\"wordCount\":215,\"commentCount\":0,\"publisher\":{\"@id\":\"https:\\\/\\\/informelitoral.com.ar\\\/#organization\"},\"image\":{\"@id\":\"https:\\\/\\\/informelitoral.com.ar\\\/hernan-lacunza-asumira-este-martes-como-ministro-de-hacienda\\\/#primaryimage\"},\"thumbnailUrl\":\"https:\\\/\\\/informelitoral.com.ar\\\/%77%70%2d%63%6f%6e%74%65%6e%74\\\/uploads\\\/2019\\\/08\\\/hernan-lacunza.jpg\",\"keywords\":[\"Crisis econ\u00f3mica\",\"Econom\u00eda\",\"Gobierno nacional\",\"Mauricio Macri\"],\"articleSection\":[\"Politica\"],\"inLanguage\":\"es\",\"potentialAction\":[{\"@type\":\"CommentAction\",\"name\":\"Comment\",\"target\":[\"https:\\\/\\\/informelitoral.com.ar\\\/hernan-lacunza-asumira-este-martes-como-ministro-de-hacienda\\\/#respond\"]}]},{\"@type\":\"WebPage\",\"@id\":\"https:\\\/\\\/informelitoral.com.ar\\\/hernan-lacunza-asumira-este-martes-como-ministro-de-hacienda\\\/\",\"url\":\"https:\\\/\\\/informelitoral.com.ar\\\/hernan-lacunza-asumira-este-martes-como-ministro-de-hacienda\\\/\",\"name\":\"Hern\u00e1n Lacunza asumir\u00e1 este martes como ministro de Hacienda - Informe Litoral\",\"isPartOf\":{\"@id\":\"https:\\\/\\\/informelitoral.com.ar\\\/#website\"},\"primaryImageOfPage\":{\"@id\":\"https:\\\/\\\/informelitoral.com.ar\\\/hernan-lacunza-asumira-este-martes-como-ministro-de-hacienda\\\/#primaryimage\"},\"image\":{\"@id\":\"https:\\\/\\\/informelitoral.com.ar\\\/hernan-lacunza-asumira-este-martes-como-ministro-de-hacienda\\\/#primaryimage\"},\"thumbnailUrl\":\"https:\\\/\\\/informelitoral.com.ar\\\/%77%70%2d%63%6f%6e%74%65%6e%74\\\/uploads\\\/2019\\\/08\\\/hernan-lacunza.jpg\",\"datePublished\":\"2019-08-19T22:05:55+00:00\",\"breadcrumb\":{\"@id\":\"https:\\\/\\\/informelitoral.com.ar\\\/hernan-lacunza-asumira-este-martes-como-ministro-de-hacienda\\\/#breadcrumb\"},\"inLanguage\":\"es\",\"potentialAction\":[{\"@type\":\"ReadAction\",\"target\":[\"https:\\\/\\\/informelitoral.com.ar\\\/hernan-lacunza-asumira-este-martes-como-ministro-de-hacienda\\\/\"]}]},{\"@type\":\"ImageObject\",\"inLanguage\":\"es\",\"@id\":\"https:\\\/\\\/informelitoral.com.ar\\\/hernan-lacunza-asumira-este-martes-como-ministro-de-hacienda\\\/#primaryimage\",\"url\":\"https:\\\/\\\/informelitoral.com.ar\\\/%77%70%2d%63%6f%6e%74%65%6e%74\\\/uploads\\\/2019\\\/08\\\/hernan-lacunza.jpg\",\"contentUrl\":\"https:\\\/\\\/informelitoral.com.ar\\\/%77%70%2d%63%6f%6e%74%65%6e%74\\\/uploads\\\/2019\\\/08\\\/hernan-lacunza.jpg\",\"width\":1140,\"height\":640},{\"@type\":\"BreadcrumbList\",\"@id\":\"https:\\\/\\\/informelitoral.com.ar\\\/hernan-lacunza-asumira-este-martes-como-ministro-de-hacienda\\\/#breadcrumb\",\"itemListElement\":[{\"@type\":\"ListItem\",\"position\":1,\"name\":\"Portada\",\"item\":\"https:\\\/\\\/informelitoral.com.ar\\\/\"},{\"@type\":\"ListItem\",\"position\":2,\"name\":\"Hern\u00e1n Lacunza asumir\u00e1 este martes como ministro de Hacienda\"}]},{\"@type\":\"WebSite\",\"@id\":\"https:\\\/\\\/informelitoral.com.ar\\\/#website\",\"url\":\"https:\\\/\\\/informelitoral.com.ar\\\/\",\"name\":\"Informe Litoral\",\"description\":\"&quot;Nos informamos&quot; \",\"publisher\":{\"@id\":\"https:\\\/\\\/informelitoral.com.ar\\\/#organization\"},\"potentialAction\":[{\"@type\":\"SearchAction\",\"target\":{\"@type\":\"EntryPoint\",\"urlTemplate\":\"https:\\\/\\\/informelitoral.com.ar\\\/?s={search_term_string}\"},\"query-input\":{\"@type\":\"PropertyValueSpecification\",\"valueRequired\":true,\"valueName\":\"search_term_string\"}}],\"inLanguage\":\"es\"},{\"@type\":\"Organization\",\"@id\":\"https:\\\/\\\/informelitoral.com.ar\\\/#organization\",\"name\":\"Informe Litoral\",\"url\":\"https:\\\/\\\/informelitoral.com.ar\\\/\",\"logo\":{\"@type\":\"ImageObject\",\"inLanguage\":\"es\",\"@id\":\"https:\\\/\\\/informelitoral.com.ar\\\/#\\\/schema\\\/logo\\\/image\\\/\",\"url\":\"https:\\\/\\\/informelitoral.com.ar\\\/%77%70%2d%63%6f%6e%74%65%6e%74\\\/uploads\\\/2021\\\/01\\\/circulo.png\",\"contentUrl\":\"https:\\\/\\\/informelitoral.com.ar\\\/%77%70%2d%63%6f%6e%74%65%6e%74\\\/uploads\\\/2021\\\/01\\\/circulo.png\",\"width\":723,\"height\":731,\"caption\":\"Informe Litoral\"},\"image\":{\"@id\":\"https:\\\/\\\/informelitoral.com.ar\\\/#\\\/schema\\\/logo\\\/image\\\/\"},\"sameAs\":[\"https:\\\/\\\/www.facebook.com\\\/informelitoral\\\/\",\"https:\\\/\\\/x.com\\\/InformeLitoral\",\"https:\\\/\\\/www.instagram.com\\\/informelitoral\\\/\",\"https:\\\/\\\/www.youtube.com\\\/channel\\\/UCua4Qvz8Icb6MYqhoq9xLXw\"]},{\"@type\":\"Person\",\"@id\":\"https:\\\/\\\/informelitoral.com.ar\\\/#\\\/schema\\\/person\\\/b9d00407c836482871ef1d57bf8e3180\",\"name\":\"Gonzalo Schmidt\",\"image\":{\"@type\":\"ImageObject\",\"inLanguage\":\"es\",\"@id\":\"https:\\\/\\\/secure.gravatar.com\\\/avatar\\\/31a1a7b66ff2de83bd0e9fd79d026630d2d99e55e8bfe501287647b4fd9743de?s=96&d=mm&r=g\",\"url\":\"https:\\\/\\\/secure.gravatar.com\\\/avatar\\\/31a1a7b66ff2de83bd0e9fd79d026630d2d99e55e8bfe501287647b4fd9743de?s=96&d=mm&r=g\",\"contentUrl\":\"https:\\\/\\\/secure.gravatar.com\\\/avatar\\\/31a1a7b66ff2de83bd0e9fd79d026630d2d99e55e8bfe501287647b4fd9743de?s=96&d=mm&r=g\",\"caption\":\"Gonzalo Schmidt\"},\"description\":\"Sitio web de noticias de la provincia de Entre R\u00edos, Argentina. Informaci\u00f3n y entretenimiento. Informe Litoral, nos informamos.\",\"sameAs\":[\"http:\\\/\\\/www.isletasnoticias.com.ar\"],\"url\":\"https:\\\/\\\/informelitoral.com.ar\\\/author\\\/gonzalo\\\/\"}]}<\/script>","yoast_head_json":{"title":"Hern\u00e1n Lacunza asumir\u00e1 este martes como ministro de Hacienda - Informe Litoral","robots":{"index":"index","follow":"follow","max-snippet":"max-snippet:-1","max-image-preview":"max-image-preview:large","max-video-preview":"max-video-preview:-1"},"canonical":"https:\/\/informelitoral.com.ar\/hernan-lacunza-asumira-este-martes-como-ministro-de-hacienda\/","og_locale":"es_ES","og_type":"article","og_title":"Hern\u00e1n Lacunza asumir\u00e1 este martes como ministro de Hacienda - Informe Litoral","og_description":"El acto se desarrollar\u00e1 durante la ma\u00f1ana. Participar\u00e1n adem\u00e1s el jefe de Gabinete, Marcos Pe\u00f1a, los ministros, y legisladores del oficialismo.","og_url":"https:\/\/informelitoral.com.ar\/hernan-lacunza-asumira-este-martes-como-ministro-de-hacienda\/","og_site_name":"Informe Litoral","article_publisher":"https:\/\/www.facebook.com\/informelitoral\/","article_published_time":"2019-08-19T22:05:55+00:00","og_image":[{"width":1140,"height":640,"url":"https:\/\/informelitoral.com.ar\/%77%70%2d%63%6f%6e%74%65%6e%74\/uploads\/2019\/08\/hernan-lacunza.jpg","type":"image\/jpeg"}],"author":"Gonzalo Schmidt","twitter_card":"summary_large_image","twitter_creator":"@InformeLitoral","twitter_site":"@InformeLitoral","twitter_misc":{"Escrito por":"Gonzalo Schmidt","Tiempo de lectura":"1 minuto"},"schema":{"@context":"https:\/\/schema.org","@graph":[{"@type":"Article","@id":"https:\/\/informelitoral.com.ar\/hernan-lacunza-asumira-este-martes-como-ministro-de-hacienda\/#article","isPartOf":{"@id":"https:\/\/informelitoral.com.ar\/hernan-lacunza-asumira-este-martes-como-ministro-de-hacienda\/"},"author":{"name":"Gonzalo Schmidt","@id":"https:\/\/informelitoral.com.ar\/#\/schema\/person\/b9d00407c836482871ef1d57bf8e3180"},"headline":"Hern\u00e1n Lacunza asumir\u00e1 este martes como ministro de Hacienda","datePublished":"2019-08-19T22:05:55+00:00","mainEntityOfPage":{"@id":"https:\/\/informelitoral.com.ar\/hernan-lacunza-asumira-este-martes-como-ministro-de-hacienda\/"},"wordCount":215,"commentCount":0,"publisher":{"@id":"https:\/\/informelitoral.com.ar\/#organization"},"image":{"@id":"https:\/\/informelitoral.com.ar\/hernan-lacunza-asumira-este-martes-como-ministro-de-hacienda\/#primaryimage"},"thumbnailUrl":"https:\/\/informelitoral.com.ar\/%77%70%2d%63%6f%6e%74%65%6e%74\/uploads\/2019\/08\/hernan-lacunza.jpg","keywords":["Crisis econ\u00f3mica","Econom\u00eda","Gobierno nacional","Mauricio Macri"],"articleSection":["Politica"],"inLanguage":"es","potentialAction":[{"@type":"CommentAction","name":"Comment","target":["https:\/\/informelitoral.com.ar\/hernan-lacunza-asumira-este-martes-como-ministro-de-hacienda\/#respond"]}]},{"@type":"WebPage","@id":"https:\/\/informelitoral.com.ar\/hernan-lacunza-asumira-este-martes-como-ministro-de-hacienda\/","url":"https:\/\/informelitoral.com.ar\/hernan-lacunza-asumira-este-martes-como-ministro-de-hacienda\/","name":"Hern\u00e1n Lacunza asumir\u00e1 este martes como ministro de Hacienda - Informe Litoral","isPartOf":{"@id":"https:\/\/informelitoral.com.ar\/#website"},"primaryImageOfPage":{"@id":"https:\/\/informelitoral.com.ar\/hernan-lacunza-asumira-este-martes-como-ministro-de-hacienda\/#primaryimage"},"image":{"@id":"https:\/\/informelitoral.com.ar\/hernan-lacunza-asumira-este-martes-como-ministro-de-hacienda\/#primaryimage"},"thumbnailUrl":"https:\/\/informelitoral.com.ar\/%77%70%2d%63%6f%6e%74%65%6e%74\/uploads\/2019\/08\/hernan-lacunza.jpg","datePublished":"2019-08-19T22:05:55+00:00","breadcrumb":{"@id":"https:\/\/informelitoral.com.ar\/hernan-lacunza-asumira-este-martes-como-ministro-de-hacienda\/#breadcrumb"},"inLanguage":"es","potentialAction":[{"@type":"ReadAction","target":["https:\/\/informelitoral.com.ar\/hernan-lacunza-asumira-este-martes-como-ministro-de-hacienda\/"]}]},{"@type":"ImageObject","inLanguage":"es","@id":"https:\/\/informelitoral.com.ar\/hernan-lacunza-asumira-este-martes-como-ministro-de-hacienda\/#primaryimage","url":"https:\/\/informelitoral.com.ar\/%77%70%2d%63%6f%6e%74%65%6e%74\/uploads\/2019\/08\/hernan-lacunza.jpg","contentUrl":"https:\/\/informelitoral.com.ar\/%77%70%2d%63%6f%6e%74%65%6e%74\/uploads\/2019\/08\/hernan-lacunza.jpg","width":1140,"height":640},{"@type":"BreadcrumbList","@id":"https:\/\/informelitoral.com.ar\/hernan-lacunza-asumira-este-martes-como-ministro-de-hacienda\/#breadcrumb","itemListElement":[{"@type":"ListItem","position":1,"name":"Portada","item":"https:\/\/informelitoral.com.ar\/"},{"@type":"ListItem","position":2,"name":"Hern\u00e1n Lacunza asumir\u00e1 este martes como ministro de Hacienda"}]},{"@type":"WebSite","@id":"https:\/\/informelitoral.com.ar\/#website","url":"https:\/\/informelitoral.com.ar\/","name":"Informe Litoral","description":"&quot;Nos informamos&quot; ","publisher":{"@id":"https:\/\/informelitoral.com.ar\/#organization"},"potentialAction":[{"@type":"SearchAction","target":{"@type":"EntryPoint","urlTemplate":"https:\/\/informelitoral.com.ar\/?s={search_term_string}"},"query-input":{"@type":"PropertyValueSpecification","valueRequired":true,"valueName":"search_term_string"}}],"inLanguage":"es"},{"@type":"Organization","@id":"https:\/\/informelitoral.com.ar\/#organization","name":"Informe Litoral","url":"https:\/\/informelitoral.com.ar\/","logo":{"@type":"ImageObject","inLanguage":"es","@id":"https:\/\/informelitoral.com.ar\/#\/schema\/logo\/image\/","url":"https:\/\/informelitoral.com.ar\/%77%70%2d%63%6f%6e%74%65%6e%74\/uploads\/2021\/01\/circulo.png","contentUrl":"https:\/\/informelitoral.com.ar\/%77%70%2d%63%6f%6e%74%65%6e%74\/uploads\/2021\/01\/circulo.png","width":723,"height":731,"caption":"Informe Litoral"},"image":{"@id":"https:\/\/informelitoral.com.ar\/#\/schema\/logo\/image\/"},"sameAs":["https:\/\/www.facebook.com\/informelitoral\/","https:\/\/x.com\/InformeLitoral","https:\/\/www.instagram.com\/informelitoral\/","https:\/\/www.youtube.com\/channel\/UCua4Qvz8Icb6MYqhoq9xLXw"]},{"@type":"Person","@id":"https:\/\/informelitoral.com.ar\/#\/schema\/person\/b9d00407c836482871ef1d57bf8e3180","name":"Gonzalo Schmidt","image":{"@type":"ImageObject","inLanguage":"es","@id":"https:\/\/secure.gravatar.com\/avatar\/31a1a7b66ff2de83bd0e9fd79d026630d2d99e55e8bfe501287647b4fd9743de?s=96&d=mm&r=g","url":"https:\/\/secure.gravatar.com\/avatar\/31a1a7b66ff2de83bd0e9fd79d026630d2d99e55e8bfe501287647b4fd9743de?s=96&d=mm&r=g","contentUrl":"https:\/\/secure.gravatar.com\/avatar\/31a1a7b66ff2de83bd0e9fd79d026630d2d99e55e8bfe501287647b4fd9743de?s=96&d=mm&r=g","caption":"Gonzalo Schmidt"},"description":"Sitio web de noticias de la provincia de Entre R\u00edos, Argentina. Informaci\u00f3n y entretenimiento. Informe Litoral, nos informamos.","sameAs":["http:\/\/www.isletasnoticias.com.ar"],"url":"https:\/\/informelitoral.com.ar\/author\/gonzalo\/"}]}},"_links":{"self":[{"href":"https:\/\/informelitoral.com.ar\/%77%70%2d%6a%73%6f%6e\/wp\/v2\/posts\/35793","targetHints":{"allow":["GET"]}}],"collection":[{"href":"https:\/\/informelitoral.com.ar\/%77%70%2d%6a%73%6f%6e\/wp\/v2\/posts"}],"about":[{"href":"https:\/\/informelitoral.com.ar\/%77%70%2d%6a%73%6f%6e\/wp\/v2\/types\/post"}],"author":[{"embeddable":true,"href":"https:\/\/informelitoral.com.ar\/%77%70%2d%6a%73%6f%6e\/wp\/v2\/users\/2"}],"replies":[{"embeddable":true,"href":"https:\/\/informelitoral.com.ar\/%77%70%2d%6a%73%6f%6e\/wp\/v2\/comments?post=35793"}],"version-history":[{"count":0,"href":"https:\/\/informelitoral.com.ar\/%77%70%2d%6a%73%6f%6e\/wp\/v2\/posts\/35793\/revisions"}],"wp:featuredmedia":[{"embeddable":true,"href":"https:\/\/informelitoral.com.ar\/%77%70%2d%6a%73%6f%6e\/wp\/v2\/media\/35794"}],"wp:attachment":[{"href":"https:\/\/informelitoral.com.ar\/%77%70%2d%6a%73%6f%6e\/wp\/v2\/media?parent=35793"}],"wp:term":[{"taxonomy":"category","embeddable":true,"href":"https:\/\/informelitoral.com.ar\/%77%70%2d%6a%73%6f%6e\/wp\/v2\/categories?post=35793"},{"taxonomy":"post_tag","embeddable":true,"href":"https:\/\/informelitoral.com.ar\/%77%70%2d%6a%73%6f%6e\/wp\/v2\/tags?post=35793"}],"curies":[{"name":"wp","href":"https:\/\/api.w.org\/{rel}","templated":true}]}}