{"id":35679,"date":"2019-08-12T19:40:26","date_gmt":"2019-08-12T22:40:26","guid":{"rendered":"https:\/\/www.isletasnoticias.com.ar\/?p=35679"},"modified":"2019-08-13T08:22:11","modified_gmt":"2019-08-13T11:22:11","slug":"paso-2019-juntos-por-el-cambio-se-impuso-en-el-departamento-diamante","status":"publish","type":"post","link":"https:\/\/informelitoral.com.ar\/paso-2019-juntos-por-el-cambio-se-impuso-en-el-departamento-diamante\/","title":{"rendered":"PASO 2019: Juntos por el Cambio se impuso en el departamento Diamante"},"content":{"rendered":"<p class=\"x_ydp3df5c587yiv4760480448ydpe1d5fc38MsoNormal\"><span lang=\"ES-MX\">En el <strong>departamento Diamante<\/strong> fue el \u00fanico en el que se impuso la coalici\u00f3n oficialista Juntos por el Cambio, orillando los 13.000 votos.\u00a0 <\/span><\/p>\n<p>En las elecciones primarias de este domingo<em><strong> Juntos por el Cambio <\/strong><\/em>obtuvo 12.905 votos, el<span lang=\"ES-MX\"><strong> 42,91%<\/strong>; el <strong><em>Frente de Todos<\/em><\/strong> 11.422 sufragios, el <strong>37,98%<\/strong>; seguido por <em><strong>Consenso Federal<\/strong> <\/em>con 2.780 adhesiones, un <strong>9,24%<\/strong>. M\u00e1s atr\u00e1s quedaron <em><strong>Unite por la Libertad y la Dignidad, <\/strong><\/em>con 867 adhesiones un <strong>2,88%<\/strong>; el <em><strong>Frente Nos<\/strong><\/em>, 614 votos, un <strong>2,04%<\/strong> y el <em><strong>Frente de Izquierda y de los Trabajadores &#8211; Unidad,<\/strong><\/em> 480 votos, <strong>1,59%.<\/strong><\/span><\/p>\n<h3><strong>Juntos por el Cambio perdi\u00f3 en Diamante ciudad<\/strong><\/h3>\n<p class=\"x_ydp3df5c587yiv4760480448ydpe1d5fc38MsoNormal\"><span lang=\"ES-MX\">Sin embargo, <strong>e<\/strong><\/span><span lang=\"ES-MX\"><strong>n la ciudad cabecera del departamento triunf\u00f3 el <em>Frente de Todos<\/em><\/strong> 5.485 votos (<strong>46 %<\/strong>) mientras<em><strong> Juntos por el Cambio<\/strong><\/em> cosech\u00f3 4.602 adhesiones (<strong>32 %<\/strong>) y <em><strong>Consenso Federal<\/strong><\/em>\u00a0 logr\u00f3 1085 votos (<strong>9 %<\/strong>).<\/span><\/p>\n<h3><strong>Interna<\/strong><\/h3>\n<p class=\"x_ydp3df5c587yiv4760480448ydpe1d5fc38MsoNormal\"><span lang=\"ES-MX\">Por otro lado, en Juntos por el Cambio hab\u00eda interna para legisladores nacionales dado que se presentaron tres listas.<br \/>\n<\/span><\/p>\n<p class=\"x_ydp3df5c587yiv4760480448ydpe1d5fc38MsoNormal\"><span lang=\"ES-MX\">La lista oficial 502 \u201cC\u201d\u00a0 que llev\u00f3 a <strong>Alfredo De Angelis <\/strong>y a <strong>Gabriela Lena<\/strong> como candidatos, alcanz\u00f3 11.853 votos, es decir el <strong>92,84% de los votos<\/strong> de Juntos por el Cambio; la lista 502 \u201cA\u201d encabezada por <strong>Raymundo Kisser<\/strong> y <strong>Leandro Arribalzaga<\/strong>, reuni\u00f3 758 votos, representado al <strong>5,94%<\/strong> del total de votos de esa alianza electoral; por \u00faltimo la lista 502 \u201cB\u201d de <strong>Hern\u00e1n \u00abPichi\u00bb Blazquez<\/strong> y <strong>Roberto Jurado<\/strong> reuni\u00f3 s\u00f3lo 148 que constituyen el <strong>1,16%<\/strong> del total de votos de la coalici\u00f3n oficialista. <\/span><\/p>\n<p class=\"x_ydp3df5c587yiv4760480448ydpe1d5fc38MsoNormal\"><span lang=\"ES-MX\">En la ciudad de <strong>Diamante<\/strong>, <em><strong>Juntos por el Cambio<\/strong> <\/em>fue elegida por el <strong>39,08%<\/strong>. El resultado de la interna de esta agrupaci\u00f3n arroj\u00f3 lo siguiente: <strong>Lista 502 \u201cC\u201d<\/strong> obtuvo el <strong>94,09%<\/strong>; la<strong> Lista 502 \u201cA\u201d<\/strong>, el <strong>5,06 %<\/strong> y la <strong>Lista 502 \u201cB\u201d,<\/strong> el <strong>0,83%<\/strong>.\u00a0\u00a0 <\/span><\/p>\n<p class=\"x_ydp3df5c587yiv4760480448ydpe1d5fc38MsoNormal\"><span lang=\"ES-MX\">La Lista 502 \u201cA\u201d que llevaba a Raymundo Kisser como senador nacional y a Leandro Arribalzaga como diputado nacional contaba con el apoyo del intendente de Diamante, L\u00e9nico Aranda. Recordemos que en las elecciones provinciales la lista del mandatario diamantino qued\u00f3 tercera.<a href=\"https:\/\/www.isletasnoticias.com.ar\/%77%70%2d%63%6f%6e%74%65%6e%74\/uploads\/2019\/08\/thumbnail_67892395_366993933996068_3667699356917563392_n.jpg\"><img loading=\"lazy\" decoding=\"async\" class=\"aligncenter wp-image-35681 size-large\" src=\"https:\/\/www.isletasnoticias.com.ar\/%77%70%2d%63%6f%6e%74%65%6e%74\/uploads\/2019\/08\/thumbnail_67892395_366993933996068_3667699356917563392_n-1024x1024.jpg\" alt=\"\" width=\"696\" height=\"696\" srcset=\"https:\/\/informelitoral.com.ar\/%77%70%2d%63%6f%6e%74%65%6e%74\/uploads\/2019\/08\/thumbnail_67892395_366993933996068_3667699356917563392_n-1024x1024.jpg 1024w, https:\/\/informelitoral.com.ar\/%77%70%2d%63%6f%6e%74%65%6e%74\/uploads\/2019\/08\/thumbnail_67892395_366993933996068_3667699356917563392_n-150x150.jpg 150w, https:\/\/informelitoral.com.ar\/%77%70%2d%63%6f%6e%74%65%6e%74\/uploads\/2019\/08\/thumbnail_67892395_366993933996068_3667699356917563392_n-300x300.jpg 300w, https:\/\/informelitoral.com.ar\/%77%70%2d%63%6f%6e%74%65%6e%74\/uploads\/2019\/08\/thumbnail_67892395_366993933996068_3667699356917563392_n-768x768.jpg 768w, https:\/\/informelitoral.com.ar\/%77%70%2d%63%6f%6e%74%65%6e%74\/uploads\/2019\/08\/thumbnail_67892395_366993933996068_3667699356917563392_n-696x696.jpg 696w, https:\/\/informelitoral.com.ar\/%77%70%2d%63%6f%6e%74%65%6e%74\/uploads\/2019\/08\/thumbnail_67892395_366993933996068_3667699356917563392_n-1068x1068.jpg 1068w, https:\/\/informelitoral.com.ar\/%77%70%2d%63%6f%6e%74%65%6e%74\/uploads\/2019\/08\/thumbnail_67892395_366993933996068_3667699356917563392_n-420x420.jpg 420w, https:\/\/informelitoral.com.ar\/%77%70%2d%63%6f%6e%74%65%6e%74\/uploads\/2019\/08\/thumbnail_67892395_366993933996068_3667699356917563392_n.jpg 1280w\" sizes=\"auto, (max-width: 696px) 100vw, 696px\" \/><\/a>\u00a0 <a href=\"https:\/\/www.isletasnoticias.com.ar\/%77%70%2d%63%6f%6e%74%65%6e%74\/uploads\/2019\/08\/68839075_351255425782909_1051558773182693376_n.jpg\"><img loading=\"lazy\" decoding=\"async\" class=\"aligncenter wp-image-35680 size-large\" src=\"https:\/\/www.isletasnoticias.com.ar\/%77%70%2d%63%6f%6e%74%65%6e%74\/uploads\/2019\/08\/68839075_351255425782909_1051558773182693376_n-1024x1024.jpg\" alt=\"\" width=\"696\" height=\"696\" srcset=\"https:\/\/informelitoral.com.ar\/%77%70%2d%63%6f%6e%74%65%6e%74\/uploads\/2019\/08\/68839075_351255425782909_1051558773182693376_n-1024x1024.jpg 1024w, https:\/\/informelitoral.com.ar\/%77%70%2d%63%6f%6e%74%65%6e%74\/uploads\/2019\/08\/68839075_351255425782909_1051558773182693376_n-150x150.jpg 150w, https:\/\/informelitoral.com.ar\/%77%70%2d%63%6f%6e%74%65%6e%74\/uploads\/2019\/08\/68839075_351255425782909_1051558773182693376_n-300x300.jpg 300w, https:\/\/informelitoral.com.ar\/%77%70%2d%63%6f%6e%74%65%6e%74\/uploads\/2019\/08\/68839075_351255425782909_1051558773182693376_n-768x768.jpg 768w, https:\/\/informelitoral.com.ar\/%77%70%2d%63%6f%6e%74%65%6e%74\/uploads\/2019\/08\/68839075_351255425782909_1051558773182693376_n-696x696.jpg 696w, https:\/\/informelitoral.com.ar\/%77%70%2d%63%6f%6e%74%65%6e%74\/uploads\/2019\/08\/68839075_351255425782909_1051558773182693376_n-1068x1068.jpg 1068w, https:\/\/informelitoral.com.ar\/%77%70%2d%63%6f%6e%74%65%6e%74\/uploads\/2019\/08\/68839075_351255425782909_1051558773182693376_n-420x420.jpg 420w, https:\/\/informelitoral.com.ar\/%77%70%2d%63%6f%6e%74%65%6e%74\/uploads\/2019\/08\/68839075_351255425782909_1051558773182693376_n.jpg 1280w\" sizes=\"auto, (max-width: 696px) 100vw, 696px\" \/><\/a><a href=\"https:\/\/www.isletasnoticias.com.ar\/%77%70%2d%63%6f%6e%74%65%6e%74\/uploads\/2019\/08\/thumbnail_67908205_627659390976483_6638011864527667200_n.jpg\"><img loading=\"lazy\" decoding=\"async\" class=\"aligncenter wp-image-35682 size-large\" src=\"https:\/\/www.isletasnoticias.com.ar\/%77%70%2d%63%6f%6e%74%65%6e%74\/uploads\/2019\/08\/thumbnail_67908205_627659390976483_6638011864527667200_n-1024x1024.jpg\" alt=\"\" width=\"696\" height=\"696\" srcset=\"https:\/\/informelitoral.com.ar\/%77%70%2d%63%6f%6e%74%65%6e%74\/uploads\/2019\/08\/thumbnail_67908205_627659390976483_6638011864527667200_n-1024x1024.jpg 1024w, https:\/\/informelitoral.com.ar\/%77%70%2d%63%6f%6e%74%65%6e%74\/uploads\/2019\/08\/thumbnail_67908205_627659390976483_6638011864527667200_n-150x150.jpg 150w, https:\/\/informelitoral.com.ar\/%77%70%2d%63%6f%6e%74%65%6e%74\/uploads\/2019\/08\/thumbnail_67908205_627659390976483_6638011864527667200_n-300x300.jpg 300w, https:\/\/informelitoral.com.ar\/%77%70%2d%63%6f%6e%74%65%6e%74\/uploads\/2019\/08\/thumbnail_67908205_627659390976483_6638011864527667200_n-768x768.jpg 768w, https:\/\/informelitoral.com.ar\/%77%70%2d%63%6f%6e%74%65%6e%74\/uploads\/2019\/08\/thumbnail_67908205_627659390976483_6638011864527667200_n-696x696.jpg 696w, https:\/\/informelitoral.com.ar\/%77%70%2d%63%6f%6e%74%65%6e%74\/uploads\/2019\/08\/thumbnail_67908205_627659390976483_6638011864527667200_n-1068x1068.jpg 1068w, https:\/\/informelitoral.com.ar\/%77%70%2d%63%6f%6e%74%65%6e%74\/uploads\/2019\/08\/thumbnail_67908205_627659390976483_6638011864527667200_n-420x420.jpg 420w, https:\/\/informelitoral.com.ar\/%77%70%2d%63%6f%6e%74%65%6e%74\/uploads\/2019\/08\/thumbnail_67908205_627659390976483_6638011864527667200_n.jpg 1280w\" sizes=\"auto, (max-width: 696px) 100vw, 696px\" \/><\/a><\/span><\/p>\n","protected":false},"excerpt":{"rendered":"<p>Es el \u00fanico departamento en la provincia en el que gan\u00f3 la coalici\u00f3n oficialista. Sin embargo en Diamante ciudad se impuso el Frente de Todos. En tanto, en la interna para legisladores de Juntos por el Cambio gan\u00f3 Alfredo de Angeli por un amplio margen.<\/p>\n","protected":false},"author":2,"featured_media":1592,"comment_status":"open","ping_status":"open","sticky":false,"template":"","format":"standard","meta":{"fifu_image_url":"","fifu_image_alt":"","footnotes":""},"categories":[16],"tags":[29,34,421],"class_list":{"0":"post-35679","1":"post","2":"type-post","3":"status-publish","4":"format-standard","5":"has-post-thumbnail","7":"category-politi","8":"tag-cambiemos","9":"tag-diamante","10":"tag-elecciones-2019"},"yoast_head":"<title>PASO 2019: Juntos por el Cambio se impuso en el departamento Diamante - Informe Litoral<\/title>\n<meta name=\"robots\" content=\"index, follow, max-snippet:-1, max-image-preview:large, max-video-preview:-1\" \/>\n<link rel=\"canonical\" href=\"https:\/\/informelitoral.com.ar\/paso-2019-juntos-por-el-cambio-se-impuso-en-el-departamento-diamante\/\" \/>\n<meta property=\"og:locale\" content=\"es_ES\" \/>\n<meta property=\"og:type\" content=\"article\" \/>\n<meta property=\"og:title\" content=\"PASO 2019: Juntos por el Cambio se impuso en el departamento Diamante - Informe Litoral\" \/>\n<meta property=\"og:description\" content=\"Es el \u00fanico departamento en la provincia en el que gan\u00f3 la coalici\u00f3n oficialista. Sin embargo en Diamante ciudad se impuso el Frente de Todos. En tanto, en la interna para legisladores de Juntos por el Cambio gan\u00f3 Alfredo de Angeli por un amplio margen.\" \/>\n<meta property=\"og:url\" content=\"https:\/\/informelitoral.com.ar\/paso-2019-juntos-por-el-cambio-se-impuso-en-el-departamento-diamante\/\" \/>\n<meta property=\"og:site_name\" content=\"Informe Litoral\" \/>\n<meta property=\"article:publisher\" content=\"https:\/\/www.facebook.com\/informelitoral\/\" \/>\n<meta property=\"article:published_time\" content=\"2019-08-12T22:40:26+00:00\" \/>\n<meta property=\"article:modified_time\" content=\"2019-08-13T11:22:11+00:00\" \/>\n<meta property=\"og:image\" content=\"https:\/\/informelitoral.com.ar\/%77%70%2d%63%6f%6e%74%65%6e%74\/uploads\/2013\/05\/diamante.png\" \/>\n\t<meta property=\"og:image:width\" content=\"159\" \/>\n\t<meta property=\"og:image:height\" content=\"215\" \/>\n\t<meta property=\"og:image:type\" content=\"image\/png\" \/>\n<meta name=\"author\" content=\"Gonzalo Schmidt\" \/>\n<meta name=\"twitter:card\" content=\"summary_large_image\" \/>\n<meta name=\"twitter:creator\" content=\"@InformeLitoral\" \/>\n<meta name=\"twitter:site\" content=\"@InformeLitoral\" \/>\n<meta name=\"twitter:label1\" content=\"Escrito por\" \/>\n\t<meta name=\"twitter:data1\" content=\"Gonzalo Schmidt\" \/>\n\t<meta name=\"twitter:label2\" content=\"Tiempo de lectura\" \/>\n\t<meta name=\"twitter:data2\" content=\"1 minuto\" \/>\n<script type=\"application\/ld+json\" class=\"yoast-schema-graph\">{\"@context\":\"https:\\\/\\\/schema.org\",\"@graph\":[{\"@type\":\"Article\",\"@id\":\"https:\\\/\\\/informelitoral.com.ar\\\/paso-2019-juntos-por-el-cambio-se-impuso-en-el-departamento-diamante\\\/#article\",\"isPartOf\":{\"@id\":\"https:\\\/\\\/informelitoral.com.ar\\\/paso-2019-juntos-por-el-cambio-se-impuso-en-el-departamento-diamante\\\/\"},\"author\":{\"name\":\"Gonzalo Schmidt\",\"@id\":\"https:\\\/\\\/informelitoral.com.ar\\\/#\\\/schema\\\/person\\\/b9d00407c836482871ef1d57bf8e3180\"},\"headline\":\"PASO 2019: Juntos por el Cambio se impuso en el departamento Diamante\",\"datePublished\":\"2019-08-12T22:40:26+00:00\",\"dateModified\":\"2019-08-13T11:22:11+00:00\",\"mainEntityOfPage\":{\"@id\":\"https:\\\/\\\/informelitoral.com.ar\\\/paso-2019-juntos-por-el-cambio-se-impuso-en-el-departamento-diamante\\\/\"},\"wordCount\":308,\"commentCount\":0,\"publisher\":{\"@id\":\"https:\\\/\\\/informelitoral.com.ar\\\/#organization\"},\"image\":{\"@id\":\"https:\\\/\\\/informelitoral.com.ar\\\/paso-2019-juntos-por-el-cambio-se-impuso-en-el-departamento-diamante\\\/#primaryimage\"},\"thumbnailUrl\":\"https:\\\/\\\/informelitoral.com.ar\\\/%77%70%2d%63%6f%6e%74%65%6e%74\\\/uploads\\\/2013\\\/05\\\/diamante.png\",\"keywords\":[\"Cambiemos\",\"Diamante\",\"Elecciones 2019\"],\"articleSection\":[\"Politica\"],\"inLanguage\":\"es\",\"potentialAction\":[{\"@type\":\"CommentAction\",\"name\":\"Comment\",\"target\":[\"https:\\\/\\\/informelitoral.com.ar\\\/paso-2019-juntos-por-el-cambio-se-impuso-en-el-departamento-diamante\\\/#respond\"]}]},{\"@type\":\"WebPage\",\"@id\":\"https:\\\/\\\/informelitoral.com.ar\\\/paso-2019-juntos-por-el-cambio-se-impuso-en-el-departamento-diamante\\\/\",\"url\":\"https:\\\/\\\/informelitoral.com.ar\\\/paso-2019-juntos-por-el-cambio-se-impuso-en-el-departamento-diamante\\\/\",\"name\":\"PASO 2019: Juntos por el Cambio se impuso en el departamento Diamante - Informe Litoral\",\"isPartOf\":{\"@id\":\"https:\\\/\\\/informelitoral.com.ar\\\/#website\"},\"primaryImageOfPage\":{\"@id\":\"https:\\\/\\\/informelitoral.com.ar\\\/paso-2019-juntos-por-el-cambio-se-impuso-en-el-departamento-diamante\\\/#primaryimage\"},\"image\":{\"@id\":\"https:\\\/\\\/informelitoral.com.ar\\\/paso-2019-juntos-por-el-cambio-se-impuso-en-el-departamento-diamante\\\/#primaryimage\"},\"thumbnailUrl\":\"https:\\\/\\\/informelitoral.com.ar\\\/%77%70%2d%63%6f%6e%74%65%6e%74\\\/uploads\\\/2013\\\/05\\\/diamante.png\",\"datePublished\":\"2019-08-12T22:40:26+00:00\",\"dateModified\":\"2019-08-13T11:22:11+00:00\",\"breadcrumb\":{\"@id\":\"https:\\\/\\\/informelitoral.com.ar\\\/paso-2019-juntos-por-el-cambio-se-impuso-en-el-departamento-diamante\\\/#breadcrumb\"},\"inLanguage\":\"es\",\"potentialAction\":[{\"@type\":\"ReadAction\",\"target\":[\"https:\\\/\\\/informelitoral.com.ar\\\/paso-2019-juntos-por-el-cambio-se-impuso-en-el-departamento-diamante\\\/\"]}]},{\"@type\":\"ImageObject\",\"inLanguage\":\"es\",\"@id\":\"https:\\\/\\\/informelitoral.com.ar\\\/paso-2019-juntos-por-el-cambio-se-impuso-en-el-departamento-diamante\\\/#primaryimage\",\"url\":\"https:\\\/\\\/informelitoral.com.ar\\\/%77%70%2d%63%6f%6e%74%65%6e%74\\\/uploads\\\/2013\\\/05\\\/diamante.png\",\"contentUrl\":\"https:\\\/\\\/informelitoral.com.ar\\\/%77%70%2d%63%6f%6e%74%65%6e%74\\\/uploads\\\/2013\\\/05\\\/diamante.png\",\"width\":159,\"height\":215},{\"@type\":\"BreadcrumbList\",\"@id\":\"https:\\\/\\\/informelitoral.com.ar\\\/paso-2019-juntos-por-el-cambio-se-impuso-en-el-departamento-diamante\\\/#breadcrumb\",\"itemListElement\":[{\"@type\":\"ListItem\",\"position\":1,\"name\":\"Portada\",\"item\":\"https:\\\/\\\/informelitoral.com.ar\\\/\"},{\"@type\":\"ListItem\",\"position\":2,\"name\":\"PASO 2019: Juntos por el Cambio se impuso en el departamento Diamante\"}]},{\"@type\":\"WebSite\",\"@id\":\"https:\\\/\\\/informelitoral.com.ar\\\/#website\",\"url\":\"https:\\\/\\\/informelitoral.com.ar\\\/\",\"name\":\"Informe Litoral\",\"description\":\"&quot;Nos informamos&quot; \",\"publisher\":{\"@id\":\"https:\\\/\\\/informelitoral.com.ar\\\/#organization\"},\"potentialAction\":[{\"@type\":\"SearchAction\",\"target\":{\"@type\":\"EntryPoint\",\"urlTemplate\":\"https:\\\/\\\/informelitoral.com.ar\\\/?s={search_term_string}\"},\"query-input\":{\"@type\":\"PropertyValueSpecification\",\"valueRequired\":true,\"valueName\":\"search_term_string\"}}],\"inLanguage\":\"es\"},{\"@type\":\"Organization\",\"@id\":\"https:\\\/\\\/informelitoral.com.ar\\\/#organization\",\"name\":\"Informe Litoral\",\"url\":\"https:\\\/\\\/informelitoral.com.ar\\\/\",\"logo\":{\"@type\":\"ImageObject\",\"inLanguage\":\"es\",\"@id\":\"https:\\\/\\\/informelitoral.com.ar\\\/#\\\/schema\\\/logo\\\/image\\\/\",\"url\":\"https:\\\/\\\/informelitoral.com.ar\\\/%77%70%2d%63%6f%6e%74%65%6e%74\\\/uploads\\\/2021\\\/01\\\/circulo.png\",\"contentUrl\":\"https:\\\/\\\/informelitoral.com.ar\\\/%77%70%2d%63%6f%6e%74%65%6e%74\\\/uploads\\\/2021\\\/01\\\/circulo.png\",\"width\":723,\"height\":731,\"caption\":\"Informe Litoral\"},\"image\":{\"@id\":\"https:\\\/\\\/informelitoral.com.ar\\\/#\\\/schema\\\/logo\\\/image\\\/\"},\"sameAs\":[\"https:\\\/\\\/www.facebook.com\\\/informelitoral\\\/\",\"https:\\\/\\\/x.com\\\/InformeLitoral\",\"https:\\\/\\\/www.instagram.com\\\/informelitoral\\\/\",\"https:\\\/\\\/www.youtube.com\\\/channel\\\/UCua4Qvz8Icb6MYqhoq9xLXw\"]},{\"@type\":\"Person\",\"@id\":\"https:\\\/\\\/informelitoral.com.ar\\\/#\\\/schema\\\/person\\\/b9d00407c836482871ef1d57bf8e3180\",\"name\":\"Gonzalo Schmidt\",\"image\":{\"@type\":\"ImageObject\",\"inLanguage\":\"es\",\"@id\":\"https:\\\/\\\/secure.gravatar.com\\\/avatar\\\/31a1a7b66ff2de83bd0e9fd79d026630d2d99e55e8bfe501287647b4fd9743de?s=96&d=mm&r=g\",\"url\":\"https:\\\/\\\/secure.gravatar.com\\\/avatar\\\/31a1a7b66ff2de83bd0e9fd79d026630d2d99e55e8bfe501287647b4fd9743de?s=96&d=mm&r=g\",\"contentUrl\":\"https:\\\/\\\/secure.gravatar.com\\\/avatar\\\/31a1a7b66ff2de83bd0e9fd79d026630d2d99e55e8bfe501287647b4fd9743de?s=96&d=mm&r=g\",\"caption\":\"Gonzalo Schmidt\"},\"description\":\"Sitio web de noticias de la provincia de Entre R\u00edos, Argentina. Informaci\u00f3n y entretenimiento. Informe Litoral, nos informamos.\",\"sameAs\":[\"http:\\\/\\\/www.isletasnoticias.com.ar\"],\"url\":\"https:\\\/\\\/informelitoral.com.ar\\\/author\\\/gonzalo\\\/\"}]}<\/script>","yoast_head_json":{"title":"PASO 2019: Juntos por el Cambio se impuso en el departamento Diamante - Informe Litoral","robots":{"index":"index","follow":"follow","max-snippet":"max-snippet:-1","max-image-preview":"max-image-preview:large","max-video-preview":"max-video-preview:-1"},"canonical":"https:\/\/informelitoral.com.ar\/paso-2019-juntos-por-el-cambio-se-impuso-en-el-departamento-diamante\/","og_locale":"es_ES","og_type":"article","og_title":"PASO 2019: Juntos por el Cambio se impuso en el departamento Diamante - Informe Litoral","og_description":"Es el \u00fanico departamento en la provincia en el que gan\u00f3 la coalici\u00f3n oficialista. Sin embargo en Diamante ciudad se impuso el Frente de Todos. En tanto, en la interna para legisladores de Juntos por el Cambio gan\u00f3 Alfredo de Angeli por un amplio margen.","og_url":"https:\/\/informelitoral.com.ar\/paso-2019-juntos-por-el-cambio-se-impuso-en-el-departamento-diamante\/","og_site_name":"Informe Litoral","article_publisher":"https:\/\/www.facebook.com\/informelitoral\/","article_published_time":"2019-08-12T22:40:26+00:00","article_modified_time":"2019-08-13T11:22:11+00:00","og_image":[{"width":159,"height":215,"url":"https:\/\/informelitoral.com.ar\/%77%70%2d%63%6f%6e%74%65%6e%74\/uploads\/2013\/05\/diamante.png","type":"image\/png"}],"author":"Gonzalo Schmidt","twitter_card":"summary_large_image","twitter_creator":"@InformeLitoral","twitter_site":"@InformeLitoral","twitter_misc":{"Escrito por":"Gonzalo Schmidt","Tiempo de lectura":"1 minuto"},"schema":{"@context":"https:\/\/schema.org","@graph":[{"@type":"Article","@id":"https:\/\/informelitoral.com.ar\/paso-2019-juntos-por-el-cambio-se-impuso-en-el-departamento-diamante\/#article","isPartOf":{"@id":"https:\/\/informelitoral.com.ar\/paso-2019-juntos-por-el-cambio-se-impuso-en-el-departamento-diamante\/"},"author":{"name":"Gonzalo Schmidt","@id":"https:\/\/informelitoral.com.ar\/#\/schema\/person\/b9d00407c836482871ef1d57bf8e3180"},"headline":"PASO 2019: Juntos por el Cambio se impuso en el departamento Diamante","datePublished":"2019-08-12T22:40:26+00:00","dateModified":"2019-08-13T11:22:11+00:00","mainEntityOfPage":{"@id":"https:\/\/informelitoral.com.ar\/paso-2019-juntos-por-el-cambio-se-impuso-en-el-departamento-diamante\/"},"wordCount":308,"commentCount":0,"publisher":{"@id":"https:\/\/informelitoral.com.ar\/#organization"},"image":{"@id":"https:\/\/informelitoral.com.ar\/paso-2019-juntos-por-el-cambio-se-impuso-en-el-departamento-diamante\/#primaryimage"},"thumbnailUrl":"https:\/\/informelitoral.com.ar\/%77%70%2d%63%6f%6e%74%65%6e%74\/uploads\/2013\/05\/diamante.png","keywords":["Cambiemos","Diamante","Elecciones 2019"],"articleSection":["Politica"],"inLanguage":"es","potentialAction":[{"@type":"CommentAction","name":"Comment","target":["https:\/\/informelitoral.com.ar\/paso-2019-juntos-por-el-cambio-se-impuso-en-el-departamento-diamante\/#respond"]}]},{"@type":"WebPage","@id":"https:\/\/informelitoral.com.ar\/paso-2019-juntos-por-el-cambio-se-impuso-en-el-departamento-diamante\/","url":"https:\/\/informelitoral.com.ar\/paso-2019-juntos-por-el-cambio-se-impuso-en-el-departamento-diamante\/","name":"PASO 2019: Juntos por el Cambio se impuso en el departamento Diamante - Informe Litoral","isPartOf":{"@id":"https:\/\/informelitoral.com.ar\/#website"},"primaryImageOfPage":{"@id":"https:\/\/informelitoral.com.ar\/paso-2019-juntos-por-el-cambio-se-impuso-en-el-departamento-diamante\/#primaryimage"},"image":{"@id":"https:\/\/informelitoral.com.ar\/paso-2019-juntos-por-el-cambio-se-impuso-en-el-departamento-diamante\/#primaryimage"},"thumbnailUrl":"https:\/\/informelitoral.com.ar\/%77%70%2d%63%6f%6e%74%65%6e%74\/uploads\/2013\/05\/diamante.png","datePublished":"2019-08-12T22:40:26+00:00","dateModified":"2019-08-13T11:22:11+00:00","breadcrumb":{"@id":"https:\/\/informelitoral.com.ar\/paso-2019-juntos-por-el-cambio-se-impuso-en-el-departamento-diamante\/#breadcrumb"},"inLanguage":"es","potentialAction":[{"@type":"ReadAction","target":["https:\/\/informelitoral.com.ar\/paso-2019-juntos-por-el-cambio-se-impuso-en-el-departamento-diamante\/"]}]},{"@type":"ImageObject","inLanguage":"es","@id":"https:\/\/informelitoral.com.ar\/paso-2019-juntos-por-el-cambio-se-impuso-en-el-departamento-diamante\/#primaryimage","url":"https:\/\/informelitoral.com.ar\/%77%70%2d%63%6f%6e%74%65%6e%74\/uploads\/2013\/05\/diamante.png","contentUrl":"https:\/\/informelitoral.com.ar\/%77%70%2d%63%6f%6e%74%65%6e%74\/uploads\/2013\/05\/diamante.png","width":159,"height":215},{"@type":"BreadcrumbList","@id":"https:\/\/informelitoral.com.ar\/paso-2019-juntos-por-el-cambio-se-impuso-en-el-departamento-diamante\/#breadcrumb","itemListElement":[{"@type":"ListItem","position":1,"name":"Portada","item":"https:\/\/informelitoral.com.ar\/"},{"@type":"ListItem","position":2,"name":"PASO 2019: Juntos por el Cambio se impuso en el departamento Diamante"}]},{"@type":"WebSite","@id":"https:\/\/informelitoral.com.ar\/#website","url":"https:\/\/informelitoral.com.ar\/","name":"Informe Litoral","description":"&quot;Nos informamos&quot; ","publisher":{"@id":"https:\/\/informelitoral.com.ar\/#organization"},"potentialAction":[{"@type":"SearchAction","target":{"@type":"EntryPoint","urlTemplate":"https:\/\/informelitoral.com.ar\/?s={search_term_string}"},"query-input":{"@type":"PropertyValueSpecification","valueRequired":true,"valueName":"search_term_string"}}],"inLanguage":"es"},{"@type":"Organization","@id":"https:\/\/informelitoral.com.ar\/#organization","name":"Informe Litoral","url":"https:\/\/informelitoral.com.ar\/","logo":{"@type":"ImageObject","inLanguage":"es","@id":"https:\/\/informelitoral.com.ar\/#\/schema\/logo\/image\/","url":"https:\/\/informelitoral.com.ar\/%77%70%2d%63%6f%6e%74%65%6e%74\/uploads\/2021\/01\/circulo.png","contentUrl":"https:\/\/informelitoral.com.ar\/%77%70%2d%63%6f%6e%74%65%6e%74\/uploads\/2021\/01\/circulo.png","width":723,"height":731,"caption":"Informe Litoral"},"image":{"@id":"https:\/\/informelitoral.com.ar\/#\/schema\/logo\/image\/"},"sameAs":["https:\/\/www.facebook.com\/informelitoral\/","https:\/\/x.com\/InformeLitoral","https:\/\/www.instagram.com\/informelitoral\/","https:\/\/www.youtube.com\/channel\/UCua4Qvz8Icb6MYqhoq9xLXw"]},{"@type":"Person","@id":"https:\/\/informelitoral.com.ar\/#\/schema\/person\/b9d00407c836482871ef1d57bf8e3180","name":"Gonzalo Schmidt","image":{"@type":"ImageObject","inLanguage":"es","@id":"https:\/\/secure.gravatar.com\/avatar\/31a1a7b66ff2de83bd0e9fd79d026630d2d99e55e8bfe501287647b4fd9743de?s=96&d=mm&r=g","url":"https:\/\/secure.gravatar.com\/avatar\/31a1a7b66ff2de83bd0e9fd79d026630d2d99e55e8bfe501287647b4fd9743de?s=96&d=mm&r=g","contentUrl":"https:\/\/secure.gravatar.com\/avatar\/31a1a7b66ff2de83bd0e9fd79d026630d2d99e55e8bfe501287647b4fd9743de?s=96&d=mm&r=g","caption":"Gonzalo Schmidt"},"description":"Sitio web de noticias de la provincia de Entre R\u00edos, Argentina. Informaci\u00f3n y entretenimiento. Informe Litoral, nos informamos.","sameAs":["http:\/\/www.isletasnoticias.com.ar"],"url":"https:\/\/informelitoral.com.ar\/author\/gonzalo\/"}]}},"_links":{"self":[{"href":"https:\/\/informelitoral.com.ar\/%77%70%2d%6a%73%6f%6e\/wp\/v2\/posts\/35679","targetHints":{"allow":["GET"]}}],"collection":[{"href":"https:\/\/informelitoral.com.ar\/%77%70%2d%6a%73%6f%6e\/wp\/v2\/posts"}],"about":[{"href":"https:\/\/informelitoral.com.ar\/%77%70%2d%6a%73%6f%6e\/wp\/v2\/types\/post"}],"author":[{"embeddable":true,"href":"https:\/\/informelitoral.com.ar\/%77%70%2d%6a%73%6f%6e\/wp\/v2\/users\/2"}],"replies":[{"embeddable":true,"href":"https:\/\/informelitoral.com.ar\/%77%70%2d%6a%73%6f%6e\/wp\/v2\/comments?post=35679"}],"version-history":[{"count":0,"href":"https:\/\/informelitoral.com.ar\/%77%70%2d%6a%73%6f%6e\/wp\/v2\/posts\/35679\/revisions"}],"wp:featuredmedia":[{"embeddable":true,"href":"https:\/\/informelitoral.com.ar\/%77%70%2d%6a%73%6f%6e\/wp\/v2\/media\/1592"}],"wp:attachment":[{"href":"https:\/\/informelitoral.com.ar\/%77%70%2d%6a%73%6f%6e\/wp\/v2\/media?parent=35679"}],"wp:term":[{"taxonomy":"category","embeddable":true,"href":"https:\/\/informelitoral.com.ar\/%77%70%2d%6a%73%6f%6e\/wp\/v2\/categories?post=35679"},{"taxonomy":"post_tag","embeddable":true,"href":"https:\/\/informelitoral.com.ar\/%77%70%2d%6a%73%6f%6e\/wp\/v2\/tags?post=35679"}],"curies":[{"name":"wp","href":"https:\/\/api.w.org\/{rel}","templated":true}]}}