{"id":3543,"date":"2013-10-05T01:10:18","date_gmt":"2013-10-05T04:10:18","guid":{"rendered":"http:\/\/www.isletasnoticias.com.ar\/?p=3543"},"modified":"2013-10-05T01:10:18","modified_gmt":"2013-10-05T04:10:18","slug":"vialidad-realizo-trabajos-en-la-escuela-agrotecnica-tras-la-gestion-del-fpv","status":"publish","type":"post","link":"https:\/\/informelitoral.com.ar\/vialidad-realizo-trabajos-en-la-escuela-agrotecnica-tras-la-gestion-del-fpv\/","title":{"rendered":"Vialidad realiz\u00f3 trabajos en la Escuela Agrot\u00e9cnica, tras la gesti\u00f3n del FPV"},"content":{"rendered":"<p><strong>La Direcci\u00f3n Provincial de Vialidad, a trav\u00e9s de la Zonal Diamante, \u00a0hizo un levantamiento con tierra en una parcela \u00a0de la Escuela Agrot\u00e9cnica N\u00b0 153 Horacio mann de Isletas. Los trabajos continuar\u00e1n la semana pr\u00f3xima.\u00a0<\/strong><\/p>\n<p><img loading=\"lazy\" decoding=\"async\" class=\"size-medium wp-image-3544 aligncenter\" alt=\"escuela\" src=\"http:\/\/www.isletasnoticias.com.ar\/%77%70%2d%63%6f%6e%74%65%6e%74\/uploads\/2013\/10\/escuela-300x225.jpg\" width=\"300\" height=\"225\" srcset=\"https:\/\/informelitoral.com.ar\/%77%70%2d%63%6f%6e%74%65%6e%74\/uploads\/2013\/10\/escuela-300x225.jpg 300w, https:\/\/informelitoral.com.ar\/%77%70%2d%63%6f%6e%74%65%6e%74\/uploads\/2013\/10\/escuela.jpg 960w\" sizes=\"auto, (max-width: 300px) 100vw, 300px\" \/><\/p>\n<p>Seg\u00fan indica un comunicado enviado a<em><strong> ISLETAS NOTICIAS<\/strong><\/em>, d\u00edas atr\u00e1s el prof.<strong> Angel Jofr\u00e9<\/strong>, rector de la Escuela Agrot\u00e9cnica de Isletas, solicit\u00f3 al Partido Justicialista local, el levantamiento con tierra de una parcela de dicho establecimiento, para una posterior edificaci\u00f3n. Ante el pedido, los integrantes del FPV, realizaron las gestiones ante Vialidad, obteniendo una respuesta favorable por parte del jefe Zonal <strong>Jos\u00e9 Lu\u00eds Isaac<\/strong>. Los trabajos comenzaron el jueves y continuar\u00e1n la semana pr\u00f3xima.<\/p>\n<p>Adem\u00e1s, indicaron que se arreglaron\u00a0distintas entradas de vecinos.<\/p>\n","protected":false},"excerpt":{"rendered":"<p>La Direcci&oacute;n Provincial de Vialidad, a trav&eacute;s de la Zonal Diamante, &nbsp;hizo un levantamiento con tierra en una parcela &nbsp;de la Escuela Agrot&eacute;cnica N&deg; 153 Horacio mann de Isletas. Los trabajos continuar&aacute;n la semana pr&oacute;xima.&nbsp; Seg&uacute;n indica un comunicado enviado a ISLETAS NOTICIAS, d&iacute;as atr&aacute;s el prof. Angel Jofr&eacute;, rector de la Escuela Agrot&eacute;cnica de [&hellip;]<\/p>\n","protected":false},"author":2,"featured_media":0,"comment_status":"open","ping_status":"open","sticky":false,"template":"","format":"standard","meta":{"fifu_image_url":"","fifu_image_alt":"","footnotes":""},"categories":[4,16],"tags":[],"class_list":{"0":"post-3543","1":"post","2":"type-post","3":"status-publish","4":"format-standard","6":"category-locales","7":"category-politi"},"yoast_head":"<title>Vialidad realiz\u00f3 trabajos en la Escuela Agrot\u00e9cnica, tras la gesti\u00f3n del FPV - Informe Litoral<\/title>\n<meta name=\"robots\" content=\"index, follow, max-snippet:-1, max-image-preview:large, max-video-preview:-1\" \/>\n<link rel=\"canonical\" href=\"https:\/\/informelitoral.com.ar\/vialidad-realizo-trabajos-en-la-escuela-agrotecnica-tras-la-gestion-del-fpv\/\" \/>\n<meta property=\"og:locale\" content=\"es_ES\" \/>\n<meta property=\"og:type\" content=\"article\" \/>\n<meta property=\"og:title\" content=\"Vialidad realiz\u00f3 trabajos en la Escuela Agrot\u00e9cnica, tras la gesti\u00f3n del FPV - Informe Litoral\" \/>\n<meta property=\"og:description\" content=\"La Direcci&oacute;n Provincial de Vialidad, a trav&eacute;s de la Zonal Diamante, &nbsp;hizo un levantamiento con tierra en una parcela &nbsp;de la Escuela Agrot&eacute;cnica N&deg; 153 Horacio mann de Isletas. Los trabajos continuar&aacute;n la semana pr&oacute;xima.&nbsp; Seg&uacute;n indica un comunicado enviado a ISLETAS NOTICIAS, d&iacute;as atr&aacute;s el prof. Angel Jofr&eacute;, rector de la Escuela Agrot&eacute;cnica de [&hellip;]\" \/>\n<meta property=\"og:url\" content=\"https:\/\/informelitoral.com.ar\/vialidad-realizo-trabajos-en-la-escuela-agrotecnica-tras-la-gestion-del-fpv\/\" \/>\n<meta property=\"og:site_name\" content=\"Informe Litoral\" \/>\n<meta property=\"article:publisher\" content=\"https:\/\/www.facebook.com\/informelitoral\/\" \/>\n<meta property=\"article:published_time\" content=\"2013-10-05T04:10:18+00:00\" \/>\n<meta property=\"og:image\" content=\"https:\/\/informelitoral.com.ar\/%77%70%2d%63%6f%6e%74%65%6e%74\/uploads\/2013\/10\/escuela.jpg\" \/>\n\t<meta property=\"og:image:width\" content=\"960\" \/>\n\t<meta property=\"og:image:height\" content=\"720\" \/>\n\t<meta property=\"og:image:type\" content=\"image\/jpeg\" \/>\n<meta name=\"author\" content=\"Gonzalo Schmidt\" \/>\n<meta name=\"twitter:card\" content=\"summary_large_image\" \/>\n<meta name=\"twitter:creator\" content=\"@InformeLitoral\" \/>\n<meta name=\"twitter:site\" content=\"@InformeLitoral\" \/>\n<meta name=\"twitter:label1\" content=\"Escrito por\" \/>\n\t<meta name=\"twitter:data1\" content=\"Gonzalo Schmidt\" \/>\n\t<meta name=\"twitter:label2\" content=\"Tiempo de lectura\" \/>\n\t<meta name=\"twitter:data2\" content=\"1 minuto\" \/>\n<script type=\"application\/ld+json\" class=\"yoast-schema-graph\">{\"@context\":\"https:\\\/\\\/schema.org\",\"@graph\":[{\"@type\":\"Article\",\"@id\":\"https:\\\/\\\/informelitoral.com.ar\\\/vialidad-realizo-trabajos-en-la-escuela-agrotecnica-tras-la-gestion-del-fpv\\\/#article\",\"isPartOf\":{\"@id\":\"https:\\\/\\\/informelitoral.com.ar\\\/vialidad-realizo-trabajos-en-la-escuela-agrotecnica-tras-la-gestion-del-fpv\\\/\"},\"author\":{\"name\":\"Gonzalo Schmidt\",\"@id\":\"https:\\\/\\\/informelitoral.com.ar\\\/#\\\/schema\\\/person\\\/b9d00407c836482871ef1d57bf8e3180\"},\"headline\":\"Vialidad realiz\u00f3 trabajos en la Escuela Agrot\u00e9cnica, tras la gesti\u00f3n del FPV\",\"datePublished\":\"2013-10-05T04:10:18+00:00\",\"mainEntityOfPage\":{\"@id\":\"https:\\\/\\\/informelitoral.com.ar\\\/vialidad-realizo-trabajos-en-la-escuela-agrotecnica-tras-la-gestion-del-fpv\\\/\"},\"wordCount\":145,\"commentCount\":0,\"publisher\":{\"@id\":\"https:\\\/\\\/informelitoral.com.ar\\\/#organization\"},\"image\":{\"@id\":\"https:\\\/\\\/informelitoral.com.ar\\\/vialidad-realizo-trabajos-en-la-escuela-agrotecnica-tras-la-gestion-del-fpv\\\/#primaryimage\"},\"thumbnailUrl\":\"http:\\\/\\\/www.isletasnoticias.com.ar\\\/%77%70%2d%63%6f%6e%74%65%6e%74\\\/uploads\\\/2013\\\/10\\\/escuela-300x225.jpg\",\"articleSection\":[\"Isletas\",\"Politica\"],\"inLanguage\":\"es\",\"potentialAction\":[{\"@type\":\"CommentAction\",\"name\":\"Comment\",\"target\":[\"https:\\\/\\\/informelitoral.com.ar\\\/vialidad-realizo-trabajos-en-la-escuela-agrotecnica-tras-la-gestion-del-fpv\\\/#respond\"]}]},{\"@type\":\"WebPage\",\"@id\":\"https:\\\/\\\/informelitoral.com.ar\\\/vialidad-realizo-trabajos-en-la-escuela-agrotecnica-tras-la-gestion-del-fpv\\\/\",\"url\":\"https:\\\/\\\/informelitoral.com.ar\\\/vialidad-realizo-trabajos-en-la-escuela-agrotecnica-tras-la-gestion-del-fpv\\\/\",\"name\":\"Vialidad realiz\u00f3 trabajos en la Escuela Agrot\u00e9cnica, tras la gesti\u00f3n del FPV - Informe Litoral\",\"isPartOf\":{\"@id\":\"https:\\\/\\\/informelitoral.com.ar\\\/#website\"},\"primaryImageOfPage\":{\"@id\":\"https:\\\/\\\/informelitoral.com.ar\\\/vialidad-realizo-trabajos-en-la-escuela-agrotecnica-tras-la-gestion-del-fpv\\\/#primaryimage\"},\"image\":{\"@id\":\"https:\\\/\\\/informelitoral.com.ar\\\/vialidad-realizo-trabajos-en-la-escuela-agrotecnica-tras-la-gestion-del-fpv\\\/#primaryimage\"},\"thumbnailUrl\":\"http:\\\/\\\/www.isletasnoticias.com.ar\\\/%77%70%2d%63%6f%6e%74%65%6e%74\\\/uploads\\\/2013\\\/10\\\/escuela-300x225.jpg\",\"datePublished\":\"2013-10-05T04:10:18+00:00\",\"breadcrumb\":{\"@id\":\"https:\\\/\\\/informelitoral.com.ar\\\/vialidad-realizo-trabajos-en-la-escuela-agrotecnica-tras-la-gestion-del-fpv\\\/#breadcrumb\"},\"inLanguage\":\"es\",\"potentialAction\":[{\"@type\":\"ReadAction\",\"target\":[\"https:\\\/\\\/informelitoral.com.ar\\\/vialidad-realizo-trabajos-en-la-escuela-agrotecnica-tras-la-gestion-del-fpv\\\/\"]}]},{\"@type\":\"ImageObject\",\"inLanguage\":\"es\",\"@id\":\"https:\\\/\\\/informelitoral.com.ar\\\/vialidad-realizo-trabajos-en-la-escuela-agrotecnica-tras-la-gestion-del-fpv\\\/#primaryimage\",\"url\":\"http:\\\/\\\/www.isletasnoticias.com.ar\\\/%77%70%2d%63%6f%6e%74%65%6e%74\\\/uploads\\\/2013\\\/10\\\/escuela-300x225.jpg\",\"contentUrl\":\"http:\\\/\\\/www.isletasnoticias.com.ar\\\/%77%70%2d%63%6f%6e%74%65%6e%74\\\/uploads\\\/2013\\\/10\\\/escuela-300x225.jpg\"},{\"@type\":\"BreadcrumbList\",\"@id\":\"https:\\\/\\\/informelitoral.com.ar\\\/vialidad-realizo-trabajos-en-la-escuela-agrotecnica-tras-la-gestion-del-fpv\\\/#breadcrumb\",\"itemListElement\":[{\"@type\":\"ListItem\",\"position\":1,\"name\":\"Portada\",\"item\":\"https:\\\/\\\/informelitoral.com.ar\\\/\"},{\"@type\":\"ListItem\",\"position\":2,\"name\":\"Vialidad realiz\u00f3 trabajos en la Escuela Agrot\u00e9cnica, tras la gesti\u00f3n del FPV\"}]},{\"@type\":\"WebSite\",\"@id\":\"https:\\\/\\\/informelitoral.com.ar\\\/#website\",\"url\":\"https:\\\/\\\/informelitoral.com.ar\\\/\",\"name\":\"Informe Litoral\",\"description\":\"&quot;Nos informamos&quot; \",\"publisher\":{\"@id\":\"https:\\\/\\\/informelitoral.com.ar\\\/#organization\"},\"potentialAction\":[{\"@type\":\"SearchAction\",\"target\":{\"@type\":\"EntryPoint\",\"urlTemplate\":\"https:\\\/\\\/informelitoral.com.ar\\\/?s={search_term_string}\"},\"query-input\":{\"@type\":\"PropertyValueSpecification\",\"valueRequired\":true,\"valueName\":\"search_term_string\"}}],\"inLanguage\":\"es\"},{\"@type\":\"Organization\",\"@id\":\"https:\\\/\\\/informelitoral.com.ar\\\/#organization\",\"name\":\"Informe Litoral\",\"url\":\"https:\\\/\\\/informelitoral.com.ar\\\/\",\"logo\":{\"@type\":\"ImageObject\",\"inLanguage\":\"es\",\"@id\":\"https:\\\/\\\/informelitoral.com.ar\\\/#\\\/schema\\\/logo\\\/image\\\/\",\"url\":\"https:\\\/\\\/informelitoral.com.ar\\\/%77%70%2d%63%6f%6e%74%65%6e%74\\\/uploads\\\/2021\\\/01\\\/circulo.png\",\"contentUrl\":\"https:\\\/\\\/informelitoral.com.ar\\\/%77%70%2d%63%6f%6e%74%65%6e%74\\\/uploads\\\/2021\\\/01\\\/circulo.png\",\"width\":723,\"height\":731,\"caption\":\"Informe Litoral\"},\"image\":{\"@id\":\"https:\\\/\\\/informelitoral.com.ar\\\/#\\\/schema\\\/logo\\\/image\\\/\"},\"sameAs\":[\"https:\\\/\\\/www.facebook.com\\\/informelitoral\\\/\",\"https:\\\/\\\/x.com\\\/InformeLitoral\",\"https:\\\/\\\/www.instagram.com\\\/informelitoral\\\/\",\"https:\\\/\\\/www.youtube.com\\\/channel\\\/UCua4Qvz8Icb6MYqhoq9xLXw\"]},{\"@type\":\"Person\",\"@id\":\"https:\\\/\\\/informelitoral.com.ar\\\/#\\\/schema\\\/person\\\/b9d00407c836482871ef1d57bf8e3180\",\"name\":\"Gonzalo Schmidt\",\"image\":{\"@type\":\"ImageObject\",\"inLanguage\":\"es\",\"@id\":\"https:\\\/\\\/secure.gravatar.com\\\/avatar\\\/31a1a7b66ff2de83bd0e9fd79d026630d2d99e55e8bfe501287647b4fd9743de?s=96&d=mm&r=g\",\"url\":\"https:\\\/\\\/secure.gravatar.com\\\/avatar\\\/31a1a7b66ff2de83bd0e9fd79d026630d2d99e55e8bfe501287647b4fd9743de?s=96&d=mm&r=g\",\"contentUrl\":\"https:\\\/\\\/secure.gravatar.com\\\/avatar\\\/31a1a7b66ff2de83bd0e9fd79d026630d2d99e55e8bfe501287647b4fd9743de?s=96&d=mm&r=g\",\"caption\":\"Gonzalo Schmidt\"},\"description\":\"Sitio web de noticias de la provincia de Entre R\u00edos, Argentina. Informaci\u00f3n y entretenimiento. Informe Litoral, nos informamos.\",\"sameAs\":[\"http:\\\/\\\/www.isletasnoticias.com.ar\"],\"url\":\"https:\\\/\\\/informelitoral.com.ar\\\/author\\\/gonzalo\\\/\"}]}<\/script>","yoast_head_json":{"title":"Vialidad realiz\u00f3 trabajos en la Escuela Agrot\u00e9cnica, tras la gesti\u00f3n del FPV - Informe Litoral","robots":{"index":"index","follow":"follow","max-snippet":"max-snippet:-1","max-image-preview":"max-image-preview:large","max-video-preview":"max-video-preview:-1"},"canonical":"https:\/\/informelitoral.com.ar\/vialidad-realizo-trabajos-en-la-escuela-agrotecnica-tras-la-gestion-del-fpv\/","og_locale":"es_ES","og_type":"article","og_title":"Vialidad realiz\u00f3 trabajos en la Escuela Agrot\u00e9cnica, tras la gesti\u00f3n del FPV - Informe Litoral","og_description":"La Direcci&oacute;n Provincial de Vialidad, a trav&eacute;s de la Zonal Diamante, &nbsp;hizo un levantamiento con tierra en una parcela &nbsp;de la Escuela Agrot&eacute;cnica N&deg; 153 Horacio mann de Isletas. Los trabajos continuar&aacute;n la semana pr&oacute;xima.&nbsp; Seg&uacute;n indica un comunicado enviado a ISLETAS NOTICIAS, d&iacute;as atr&aacute;s el prof. Angel Jofr&eacute;, rector de la Escuela Agrot&eacute;cnica de [&hellip;]","og_url":"https:\/\/informelitoral.com.ar\/vialidad-realizo-trabajos-en-la-escuela-agrotecnica-tras-la-gestion-del-fpv\/","og_site_name":"Informe Litoral","article_publisher":"https:\/\/www.facebook.com\/informelitoral\/","article_published_time":"2013-10-05T04:10:18+00:00","og_image":[{"width":960,"height":720,"url":"https:\/\/informelitoral.com.ar\/%77%70%2d%63%6f%6e%74%65%6e%74\/uploads\/2013\/10\/escuela.jpg","type":"image\/jpeg"}],"author":"Gonzalo Schmidt","twitter_card":"summary_large_image","twitter_creator":"@InformeLitoral","twitter_site":"@InformeLitoral","twitter_misc":{"Escrito por":"Gonzalo Schmidt","Tiempo de lectura":"1 minuto"},"schema":{"@context":"https:\/\/schema.org","@graph":[{"@type":"Article","@id":"https:\/\/informelitoral.com.ar\/vialidad-realizo-trabajos-en-la-escuela-agrotecnica-tras-la-gestion-del-fpv\/#article","isPartOf":{"@id":"https:\/\/informelitoral.com.ar\/vialidad-realizo-trabajos-en-la-escuela-agrotecnica-tras-la-gestion-del-fpv\/"},"author":{"name":"Gonzalo Schmidt","@id":"https:\/\/informelitoral.com.ar\/#\/schema\/person\/b9d00407c836482871ef1d57bf8e3180"},"headline":"Vialidad realiz\u00f3 trabajos en la Escuela Agrot\u00e9cnica, tras la gesti\u00f3n del FPV","datePublished":"2013-10-05T04:10:18+00:00","mainEntityOfPage":{"@id":"https:\/\/informelitoral.com.ar\/vialidad-realizo-trabajos-en-la-escuela-agrotecnica-tras-la-gestion-del-fpv\/"},"wordCount":145,"commentCount":0,"publisher":{"@id":"https:\/\/informelitoral.com.ar\/#organization"},"image":{"@id":"https:\/\/informelitoral.com.ar\/vialidad-realizo-trabajos-en-la-escuela-agrotecnica-tras-la-gestion-del-fpv\/#primaryimage"},"thumbnailUrl":"http:\/\/www.isletasnoticias.com.ar\/%77%70%2d%63%6f%6e%74%65%6e%74\/uploads\/2013\/10\/escuela-300x225.jpg","articleSection":["Isletas","Politica"],"inLanguage":"es","potentialAction":[{"@type":"CommentAction","name":"Comment","target":["https:\/\/informelitoral.com.ar\/vialidad-realizo-trabajos-en-la-escuela-agrotecnica-tras-la-gestion-del-fpv\/#respond"]}]},{"@type":"WebPage","@id":"https:\/\/informelitoral.com.ar\/vialidad-realizo-trabajos-en-la-escuela-agrotecnica-tras-la-gestion-del-fpv\/","url":"https:\/\/informelitoral.com.ar\/vialidad-realizo-trabajos-en-la-escuela-agrotecnica-tras-la-gestion-del-fpv\/","name":"Vialidad realiz\u00f3 trabajos en la Escuela Agrot\u00e9cnica, tras la gesti\u00f3n del FPV - Informe Litoral","isPartOf":{"@id":"https:\/\/informelitoral.com.ar\/#website"},"primaryImageOfPage":{"@id":"https:\/\/informelitoral.com.ar\/vialidad-realizo-trabajos-en-la-escuela-agrotecnica-tras-la-gestion-del-fpv\/#primaryimage"},"image":{"@id":"https:\/\/informelitoral.com.ar\/vialidad-realizo-trabajos-en-la-escuela-agrotecnica-tras-la-gestion-del-fpv\/#primaryimage"},"thumbnailUrl":"http:\/\/www.isletasnoticias.com.ar\/%77%70%2d%63%6f%6e%74%65%6e%74\/uploads\/2013\/10\/escuela-300x225.jpg","datePublished":"2013-10-05T04:10:18+00:00","breadcrumb":{"@id":"https:\/\/informelitoral.com.ar\/vialidad-realizo-trabajos-en-la-escuela-agrotecnica-tras-la-gestion-del-fpv\/#breadcrumb"},"inLanguage":"es","potentialAction":[{"@type":"ReadAction","target":["https:\/\/informelitoral.com.ar\/vialidad-realizo-trabajos-en-la-escuela-agrotecnica-tras-la-gestion-del-fpv\/"]}]},{"@type":"ImageObject","inLanguage":"es","@id":"https:\/\/informelitoral.com.ar\/vialidad-realizo-trabajos-en-la-escuela-agrotecnica-tras-la-gestion-del-fpv\/#primaryimage","url":"http:\/\/www.isletasnoticias.com.ar\/%77%70%2d%63%6f%6e%74%65%6e%74\/uploads\/2013\/10\/escuela-300x225.jpg","contentUrl":"http:\/\/www.isletasnoticias.com.ar\/%77%70%2d%63%6f%6e%74%65%6e%74\/uploads\/2013\/10\/escuela-300x225.jpg"},{"@type":"BreadcrumbList","@id":"https:\/\/informelitoral.com.ar\/vialidad-realizo-trabajos-en-la-escuela-agrotecnica-tras-la-gestion-del-fpv\/#breadcrumb","itemListElement":[{"@type":"ListItem","position":1,"name":"Portada","item":"https:\/\/informelitoral.com.ar\/"},{"@type":"ListItem","position":2,"name":"Vialidad realiz\u00f3 trabajos en la Escuela Agrot\u00e9cnica, tras la gesti\u00f3n del FPV"}]},{"@type":"WebSite","@id":"https:\/\/informelitoral.com.ar\/#website","url":"https:\/\/informelitoral.com.ar\/","name":"Informe Litoral","description":"&quot;Nos informamos&quot; ","publisher":{"@id":"https:\/\/informelitoral.com.ar\/#organization"},"potentialAction":[{"@type":"SearchAction","target":{"@type":"EntryPoint","urlTemplate":"https:\/\/informelitoral.com.ar\/?s={search_term_string}"},"query-input":{"@type":"PropertyValueSpecification","valueRequired":true,"valueName":"search_term_string"}}],"inLanguage":"es"},{"@type":"Organization","@id":"https:\/\/informelitoral.com.ar\/#organization","name":"Informe Litoral","url":"https:\/\/informelitoral.com.ar\/","logo":{"@type":"ImageObject","inLanguage":"es","@id":"https:\/\/informelitoral.com.ar\/#\/schema\/logo\/image\/","url":"https:\/\/informelitoral.com.ar\/%77%70%2d%63%6f%6e%74%65%6e%74\/uploads\/2021\/01\/circulo.png","contentUrl":"https:\/\/informelitoral.com.ar\/%77%70%2d%63%6f%6e%74%65%6e%74\/uploads\/2021\/01\/circulo.png","width":723,"height":731,"caption":"Informe Litoral"},"image":{"@id":"https:\/\/informelitoral.com.ar\/#\/schema\/logo\/image\/"},"sameAs":["https:\/\/www.facebook.com\/informelitoral\/","https:\/\/x.com\/InformeLitoral","https:\/\/www.instagram.com\/informelitoral\/","https:\/\/www.youtube.com\/channel\/UCua4Qvz8Icb6MYqhoq9xLXw"]},{"@type":"Person","@id":"https:\/\/informelitoral.com.ar\/#\/schema\/person\/b9d00407c836482871ef1d57bf8e3180","name":"Gonzalo Schmidt","image":{"@type":"ImageObject","inLanguage":"es","@id":"https:\/\/secure.gravatar.com\/avatar\/31a1a7b66ff2de83bd0e9fd79d026630d2d99e55e8bfe501287647b4fd9743de?s=96&d=mm&r=g","url":"https:\/\/secure.gravatar.com\/avatar\/31a1a7b66ff2de83bd0e9fd79d026630d2d99e55e8bfe501287647b4fd9743de?s=96&d=mm&r=g","contentUrl":"https:\/\/secure.gravatar.com\/avatar\/31a1a7b66ff2de83bd0e9fd79d026630d2d99e55e8bfe501287647b4fd9743de?s=96&d=mm&r=g","caption":"Gonzalo Schmidt"},"description":"Sitio web de noticias de la provincia de Entre R\u00edos, Argentina. Informaci\u00f3n y entretenimiento. Informe Litoral, nos informamos.","sameAs":["http:\/\/www.isletasnoticias.com.ar"],"url":"https:\/\/informelitoral.com.ar\/author\/gonzalo\/"}]}},"_links":{"self":[{"href":"https:\/\/informelitoral.com.ar\/%77%70%2d%6a%73%6f%6e\/wp\/v2\/posts\/3543","targetHints":{"allow":["GET"]}}],"collection":[{"href":"https:\/\/informelitoral.com.ar\/%77%70%2d%6a%73%6f%6e\/wp\/v2\/posts"}],"about":[{"href":"https:\/\/informelitoral.com.ar\/%77%70%2d%6a%73%6f%6e\/wp\/v2\/types\/post"}],"author":[{"embeddable":true,"href":"https:\/\/informelitoral.com.ar\/%77%70%2d%6a%73%6f%6e\/wp\/v2\/users\/2"}],"replies":[{"embeddable":true,"href":"https:\/\/informelitoral.com.ar\/%77%70%2d%6a%73%6f%6e\/wp\/v2\/comments?post=3543"}],"version-history":[{"count":0,"href":"https:\/\/informelitoral.com.ar\/%77%70%2d%6a%73%6f%6e\/wp\/v2\/posts\/3543\/revisions"}],"wp:attachment":[{"href":"https:\/\/informelitoral.com.ar\/%77%70%2d%6a%73%6f%6e\/wp\/v2\/media?parent=3543"}],"wp:term":[{"taxonomy":"category","embeddable":true,"href":"https:\/\/informelitoral.com.ar\/%77%70%2d%6a%73%6f%6e\/wp\/v2\/categories?post=3543"},{"taxonomy":"post_tag","embeddable":true,"href":"https:\/\/informelitoral.com.ar\/%77%70%2d%6a%73%6f%6e\/wp\/v2\/tags?post=3543"}],"curies":[{"name":"wp","href":"https:\/\/api.w.org\/{rel}","templated":true}]}}