{"id":35374,"date":"2019-07-30T16:11:21","date_gmt":"2019-07-30T19:11:21","guid":{"rendered":"https:\/\/www.isletasnoticias.com.ar\/?p=35374"},"modified":"2019-07-30T16:22:11","modified_gmt":"2019-07-30T19:22:11","slug":"alberto-fernandez-quiero-una-argentina-para-los-argentinos-no-para-los-especuladores","status":"publish","type":"post","link":"https:\/\/informelitoral.com.ar\/alberto-fernandez-quiero-una-argentina-para-los-argentinos-no-para-los-especuladores\/","title":{"rendered":"Alberto Fern\u00e1ndez: \u00abQuiero una Argentina para los argentinos, no para los especuladores\u00bb"},"content":{"rendered":"<p>El <b>precandidato a presidente de la Naci\u00f3n <\/b>por el<b> Frente de Todos, Alberto Fern\u00e1ndez, se defini\u00f3 como \u00abel m\u00e1s federal de los porte\u00f1os<\/b>. Tenemos que integrar todo el pa\u00eds\u00bb, remarc\u00f3. Puso de relieve \u00ablo mucho que tiene para darle a Argentina la Regi\u00f3n Centro\u00bb y resalt\u00f3 la capacidad de producci\u00f3n de las provincias que la integran.<\/p>\n<p>\u00abArgentina tiene que empezar a ejercer el federalismo, d\u00e1ndole posibilidad de desarrollo a todas las provincias\u00bb, expres\u00f3.<\/p>\n<p>Asimismo, hizo notar su objetivo para que \u00aben cuatro a\u00f1os el que nazca en su provincia no est\u00e9 pensando en emigrar de all\u00ed.\u00a0<b>Vamos a hacer la Argentina federal que hace falta, porque la Argentina concentrada en Buenos Aires ha da\u00f1ado a todos\u00bb.<\/b><\/p>\n<figure class=\"embed\"><a href=\"https:\/\/www.isletasnoticias.com.ar\/%77%70%2d%63%6f%6e%74%65%6e%74\/uploads\/2019\/07\/o_1564505389.jpg\"><img loading=\"lazy\" decoding=\"async\" class=\"aligncenter wp-image-35376 size-full\" src=\"https:\/\/www.isletasnoticias.com.ar\/%77%70%2d%63%6f%6e%74%65%6e%74\/uploads\/2019\/07\/o_1564505389.jpg\" alt=\"\" width=\"800\" height=\"450\" srcset=\"https:\/\/informelitoral.com.ar\/%77%70%2d%63%6f%6e%74%65%6e%74\/uploads\/2019\/07\/o_1564505389.jpg 800w, https:\/\/informelitoral.com.ar\/%77%70%2d%63%6f%6e%74%65%6e%74\/uploads\/2019\/07\/o_1564505389-300x169.jpg 300w, https:\/\/informelitoral.com.ar\/%77%70%2d%63%6f%6e%74%65%6e%74\/uploads\/2019\/07\/o_1564505389-768x432.jpg 768w, https:\/\/informelitoral.com.ar\/%77%70%2d%63%6f%6e%74%65%6e%74\/uploads\/2019\/07\/o_1564505389-696x392.jpg 696w, https:\/\/informelitoral.com.ar\/%77%70%2d%63%6f%6e%74%65%6e%74\/uploads\/2019\/07\/o_1564505389-747x420.jpg 747w\" sizes=\"auto, (max-width: 800px) 100vw, 800px\" \/><\/a><\/figure>\n<p>Consultado <b>sobre la relaci\u00f3n con el empresariado<\/b>, Fern\u00e1ndez manifest\u00f3: \u00abEstamos debatiendo dos modelos de pa\u00eds: El de la especulaci\u00f3n promovido por el Banco Central y el del esquema productivo. Todos los empresarios padecen la falta de cr\u00e9dito, ca\u00edda del consumo y las importaciones indiscriminadas\u00bb y remarc\u00f3 su objetivo que apunta a que \u00ablas pymes vuelvan a ser el motor de la econom\u00eda argentina\u00bb.<\/p>\n<p>\u00abMacri baj\u00f3 el consumo, quit\u00f3 el cr\u00e9dito, lleg\u00f3 el desempleo y empuj\u00f3 gente a la pobreza.\u00a0<b>Debemos rescatar a los argentinos que fueron empujados hacia la pobreza\u00bb<\/b>, enfatiz\u00f3 el candidato presidencial.<\/p>\n<p>\u00abEstamos en un pa\u00eds enloquecido que paga intereses por la Leliq. Se enojan porque dijo que quiero que los jubilados tengan medicamentos gratis. Son 10 d\u00edas de intereses de Leliqs. El problema es si te quer\u00e9s parar del lado de los jubilados, del que produce y trabaja o del lado de los bancos\u00bb, compar\u00f3 Fern\u00e1ndez.<\/p>\n<p>Adem\u00e1s, consider\u00f3 que \u00aba la inflaci\u00f3n hay que combatirla de otro modo, porque el consumo y la moneda no eran el problema. Han bajado el consumo y la inflaci\u00f3n sigue galopando\u00bb.<\/p>\n<p><b>Fern\u00e1ndez se mostr\u00f3 \u00abconfiado en que los argentinos entienden que hemos llegado a un punto en el que es dif\u00edcil seguir viviendo as\u00ed\u00bb<\/b>. \u00abCuando a uno le piden que se acostumbre a vivir en la incertidumbre, eso es terrible. Cuando le dicen que la educaci\u00f3n p\u00fablica es un lugar donde por desgracia caen algunos, eso es terrible. Cuando le dicen que las universidades del interior no tienen sentido porque los pobres no pueden llegar profesionales o universitarios, eso es terrible. Cuando uno ve que la salud p\u00fablica est\u00e1 cada vez m\u00e1s deteriorada, eso es terrible. Cuando uno no encuentra un lugar donde buscar trabajo, eso es terrible. Cuando uno tiene trabajo y teme perderlo, eso es terrible\u00bb, enumer\u00f3.<\/p>\n<p><b>\u00abHay que dar vuelta la p\u00e1gina para encontrar un futuro mejor\u00bb<\/b>, remarc\u00f3. Y en ese sentido, sentenci\u00f3:\u00a0<b>\u00abHumildemente digo que queremos volver y ser mejores, mejores de lo que fuimos para aprender de lo que pas\u00f3, corregir lo que se hizo mal y profundizar lo que se hizo bien\u00bb<\/b>.<br \/>\n\u00abPorque del otro lado tenemos a alguien que nos promete hacer lo mismo, pero m\u00e1s r\u00e1pido. Eso es hacer terrible la vida de la gente\u00bb, advirti\u00f3.<\/p>\n<p>\u00abYo quiero hacer feliz la vida de la gente, no volverla terrible. No quiero que la gente viva con incertidumbre, quiero que viva con certezas. Quiero que todos encuentren un trabajo, tengan un sueldo y puedan pagar la luz y el gas, cosa que hoy no pueden prever\u00bb, compar\u00f3, al tiempo que subray\u00f3: \u00abLos argentinos quieren estar Argentina, por eso nos van a acompa\u00f1ar\u00bb.<\/p>\n<p>El precandidato presidencial del Frente de Todos, Alberto Fern\u00e1ndez, consider\u00f3 que \u00abla debilidad del sistema es que uno lo cuenta y todo cruje\u00bb, explic\u00f3 y a\u00f1adi\u00f3: \u00abdicen que las Leliq no suponen emisi\u00f3n, pero el d\u00eda que te quieran cobrar las Leliq los bancos vas a tener que emitir para pagar todo esto, el d\u00eda que no te renueven las Leliq vas a tener que hacerte cargo de esta deuda.\u00a0<b>Ah\u00ed lo escucho a (Mart\u00edn) Lousteau que nos dej\u00f3 el muerto de la 125 y ahora da clases de econom\u00eda, pero resulta que \u00e9l durante a\u00f1os se la pas\u00f3 diciendo que las Lebacs y las Leliq<\/b>\u00a0eran deuda cuasi fiscal y ahora parece que no\u00bb.<\/p>\n<p>En ese sentido, Alberto Fern\u00e1ndez detall\u00f3 que es dinero que se utiliza para la especulaci\u00f3n y no para el crecimiento del pa\u00eds, y afirm\u00f3: \u00ab<b>la reforma previsional ha sido un enorme costo para los jubilados. No pas\u00f3 nada de lo que dec\u00eda (Elisa) Carri\u00f3, de lo que dec\u00eda (Fernando) Iglesias, el gobierno. Nada pas\u00f3<\/b>. Solo perdieron los jubilados,\u00a0<b>en t\u00e9rminos reales perdieron entre el 15 y el 20 por ciento de jubilaciones, que vamos a recomponer<\/b>\u00ab.<\/p>\n<figure class=\"embed\"><img decoding=\"async\" title=\"\" src=\"https:\/\/elonce-media.elonce.com\/fotos-nuevo\/2019\/07\/30\/o_1564501663.jpg\" alt=\"\" width=\"640\" \/><\/figure>\n<h5><strong>Sistema especulativo<\/strong><\/h5>\n<p>Por otra parte el candidato a presidente por el Frente de Todos, fue consultado sobre las primeras medidas econ\u00f3micas a implementar.<br \/>\nAl respecto, Alberto Fern\u00e1ndez sostuvo que \u00abcreo que hay que hablarle con la verdad a la gente y muchos no est\u00e1n diciendo la verdad, muchos la ocultan.\u00a0<b>La verdad es que estamos en un sistema especulativo que promueve la bicicleta financiera para jugar entre las Leliqs y el d\u00f3lar, y hacer enormes diferencias financieras en desmedro de la producci\u00f3n, el trabajo<\/b>\u00a0y el futuro argentino\u00bb, dijo en di\u00e1logo con la prensa en la capital entrerriana.<\/p>\n<h5><strong>La verdad y respuesta del FMI<\/strong><\/h5>\n<p>\u00ab<b>La verdad es que tenemos la cosecha m\u00e1s grande y no se liquida porque todos saben que el d\u00f3lar est\u00e1 subvaluado. Esta es la verdad<\/b>. Despu\u00e9s podemos mentirle a la gente y decirle que la econom\u00eda est\u00e1 tranquila porque el d\u00f3lar no se mueve\u00bb, remarc\u00f3.<br \/>\n\u00abYo digo estas cosas y me responde el Fondo (FMI). Como alguien dijo ayer en un tuit: `<b>hay que pegarle al chancho para saber qui\u00e9n es el due\u00f1o\u00b4. Yo lo critico a Macri y me responde el Fondo (FMI). Nos vamos entendiendo<\/b>\u00ab, remarc\u00f3 Fern\u00e1ndez y remarc\u00f3: \u00abyo creo que tenemos que hacer una Argentina para los argentinos. No para los especuladores\u00bb, afirm\u00f3.<\/p>\n<figure class=\"embed\"><img decoding=\"async\" title=\"\" src=\"https:\/\/elonce-media.elonce.com\/fotos-nuevo\/2019\/07\/30\/o_1564498386.jpg\" alt=\"\" width=\"640\" \/><\/figure>\n<h5><strong>Recomponer el consumo<\/strong><\/h5>\n<p>\u00abCuando yo digo que lo primero que hay que hacer,\u00a0<b>es volver a recomponer el salario y las jubilaciones, lo que digo es que quiero recomponer el consumo, que es lo que est\u00e1 paralizado<\/b>\u00ab, se\u00f1al\u00f3 Fern\u00e1ndez.<br \/>\n\u00ab<b>Nos hemos acostumbrado a leer, mes a mes, que la ca\u00edda del consumo en supermercados, es del orden del 10 por ciento. Esto deber\u00eda avergonzarnos<\/b>, porque esto es gente que no compra alimentos y las ca\u00eddas son estrepitosas y tremendas\u00bb, sostuvo el ex jefe de gabinete.<\/p>\n<p>El precandidato a presidente del Frente de Todos, prometi\u00f3 como primeras medidas si llega a la Casa Rosada, que va a \u00ab<b>recomponer salarios y jubilaciones. Voy a terminar con esta timba financiera. Voy a ponerle fin a los especuladores. Voy a volcar todos los recursos a la producci\u00f3n y al trabajo, y quiero que las Pymes vuelvan a tener cr\u00e9ditos<\/b>\u00a0y no que vayan a descontar un cheque y le cobren el 70 por ciento de intereses.\u00a0<b>No quiero m\u00e1s eso\u00bb, afirm\u00f3 Fern\u00e1ndez y agreg\u00f3: \u00abeso se puede hacer. Hace falta decisi\u00f3n pol\u00edtica<\/b>. Ahora, cuando la decisi\u00f3n pol\u00edtica est\u00e1 del lado de los bancos, nadie quiere hacer lo que yo propongo\u00bb, sostuvo.<\/p>\n<h5><strong>Sobre el rol social del Estado<\/strong><\/h5>\n<p><b>\u00abEl Estado no puede desentenderse de los sectores m\u00e1s d\u00e9biles, m\u00e1xime en un momento de m\u00e1xima desigualdad\u00bb<\/b>, subray\u00f3, y rescat\u00f3 las palabras de Ricardo Alfonsin, \u00abquien dec\u00eda que nunca debemos dejar de lado la \u00e9tica de la solidaridad\u00bb.<br \/>\n\u00abNo podemos vivir en paz con gente que se ha ca\u00eddo del sistema. Porque del total de chicos de 14 a\u00f1os, uno de cada dos es pobre. Ese chico cay\u00f3 en la pobreza y hoy no tiene futuro porque queda fuera del sistema en un mundo que cada vez exige m\u00e1s capacitaci\u00f3n\u00bb, remarc\u00f3 el precandidato por el Frente de Todos.<\/p>\n<p>\u00abVivimos en una sociedad que se desentiende del m\u00e1s d\u00e9bil\u00bb, se pregunt\u00f3. Y en ese sentido, apunt\u00f3: \u00abLa meritocracia, donde cada uno es el resultado de su m\u00e9rito, es un enorme llamado al individualismo y al peor criterio de solidaridad\u00bb.<\/p>\n<p><b>\u00abNac\u00ed con criterio de solidaridad, y no esperen que me desentienda del que est\u00e1 en peor situaci\u00f3n\u00bb<\/b>, anunci\u00f3 Fern\u00e1ndez. Fue en esa l\u00ednea que se refiri\u00f3 tambi\u00e9n las peque\u00f1as y medianas empresas \u00abque con mucho esfuerzo sobreviven sin cr\u00e9dito ni ayuda de nadie y con un Estado absolutamente ausente que promovi\u00f3 una de los peores desigualdades en t\u00e9rminos de competencia\u00bb. \u00abDestruyeron la industria del calzado y la textil, y no les importa\u00bb, denunci\u00f3.<\/p>\n<p><b>\u00abQuiero un Estado presente, no interventor, sino que resuelva las inequidades que arbitre cuando las desigualdades aparecen y que siempre se pare del lado del m\u00e1s d\u00e9bil\u00bb<\/b>, prometi\u00f3 el precandidato por el Frente de Todos.<\/p>\n<div class=\"embed\"><iframe loading=\"lazy\" src=\"https:\/\/www.youtube.com\/embed\/IwAdQoqz0Cs\" width=\"560\" height=\"315\" frameborder=\"0\" allowfullscreen=\"allowfullscreen\" data-mce-fragment=\"1\"><\/iframe><\/div>\n<h5><strong>Fumigaciones<\/strong><\/h5>\n<p>Consultado al precandidato a presidente qu\u00e9 opini\u00f3n le merece el fallo judicial por el cual se acotaron los l\u00edmites para las fumigaciones en las zonas cercanas a escuelas rurales, \u00e9ste aclar\u00f3: <b>\u00abEse es un tema que debemos abordarlo con seriedad<\/b>, porque nadie quiere terminar contaminado por el uso de agrot\u00f3xicos, ni los que consumen esos productos agr\u00edcolas ni los que est\u00e1n en las inmediaciones donde se desarrollan las plantaciones y se tiran agrot\u00f3xicos\u00bb.<\/p>\n<p>El precandidato del Frente de Todos breg\u00f3 por ser\u00a0<b>\u00abcuidadosos para que esto no se convierta en un boomerang contra la producci\u00f3n\u00bb.<\/b><br \/>\n\u00abHay que buscar el punto intermedio y cuidar ambas cosas, que la producci\u00f3n se pueda hacer y sea en las condiciones de seguridad para los que est\u00e1n cerca\u00bb.<\/p>\n<p>\u00abEl esp\u00edritu del fallo judicial es muy loable y compartido por todas. Pero desmedido la decisi\u00f3n final porque excluye a muchas zonas productivas que pueden ser utilizadas\u00bb, diferenci\u00f3, al marcar la b\u00fasqueda por \u00abun punto intermedio, garantizar y preservar la salud de la gente antes que nada.<br \/>\nSin embargo, recalc\u00f3:\u00a0<b>\u00abA veces lo bueno y \u00fatil llevado al extremo se convierte en malo y perjudicial. Hay que cuidar el no caer en extremos\u00bb.<\/b><\/p>\n<p><i>Fuente: Elonce.com<\/i><\/p>\n","protected":false},"excerpt":{"rendered":"<p>El precandidato por el Frente de Todos destac\u00f3 el rol de la Regi\u00f3n Centro y su mirada sobre el federalismo. De visita en Paran\u00e1, nuevamente prometi\u00f3 \u00abterminar con la especulaci\u00f3n financiera\u00bb.<\/p>\n","protected":false},"author":2,"featured_media":35375,"comment_status":"open","ping_status":"open","sticky":false,"template":"","format":"standard","meta":{"fifu_image_url":"","fifu_image_alt":"","footnotes":""},"categories":[16],"tags":[1311,421,45],"class_list":{"0":"post-35374","1":"post","2":"type-post","3":"status-publish","4":"format-standard","5":"has-post-thumbnail","7":"category-politi","8":"tag-alberto-fernandez","9":"tag-elecciones-2019","10":"tag-parana"},"yoast_head":"<title>Alberto Fern\u00e1ndez: &quot;Quiero una Argentina para los argentinos, no para los especuladores&quot; - Informe Litoral<\/title>\n<meta name=\"robots\" content=\"index, follow, max-snippet:-1, max-image-preview:large, max-video-preview:-1\" \/>\n<link rel=\"canonical\" href=\"https:\/\/informelitoral.com.ar\/alberto-fernandez-quiero-una-argentina-para-los-argentinos-no-para-los-especuladores\/\" \/>\n<meta property=\"og:locale\" content=\"es_ES\" \/>\n<meta property=\"og:type\" content=\"article\" \/>\n<meta property=\"og:title\" content=\"Alberto Fern\u00e1ndez: &quot;Quiero una Argentina para los argentinos, no para los especuladores&quot; - Informe Litoral\" \/>\n<meta property=\"og:description\" content=\"El precandidato por el Frente de Todos destac\u00f3 el rol de la Regi\u00f3n Centro y su mirada sobre el federalismo. De visita en Paran\u00e1, nuevamente prometi\u00f3 &quot;terminar con la especulaci\u00f3n financiera&quot;.\" \/>\n<meta property=\"og:url\" content=\"https:\/\/informelitoral.com.ar\/alberto-fernandez-quiero-una-argentina-para-los-argentinos-no-para-los-especuladores\/\" \/>\n<meta property=\"og:site_name\" content=\"Informe Litoral\" \/>\n<meta property=\"article:publisher\" content=\"https:\/\/www.facebook.com\/informelitoral\/\" \/>\n<meta property=\"article:published_time\" content=\"2019-07-30T19:11:21+00:00\" \/>\n<meta property=\"article:modified_time\" content=\"2019-07-30T19:22:11+00:00\" \/>\n<meta property=\"og:image\" content=\"https:\/\/informelitoral.com.ar\/%77%70%2d%63%6f%6e%74%65%6e%74\/uploads\/2019\/07\/o_1564498386.jpg\" \/>\n\t<meta property=\"og:image:width\" content=\"800\" \/>\n\t<meta property=\"og:image:height\" content=\"450\" \/>\n\t<meta property=\"og:image:type\" content=\"image\/jpeg\" \/>\n<meta name=\"author\" content=\"Gonzalo Schmidt\" \/>\n<meta name=\"twitter:card\" content=\"summary_large_image\" \/>\n<meta name=\"twitter:creator\" content=\"@InformeLitoral\" \/>\n<meta name=\"twitter:site\" content=\"@InformeLitoral\" \/>\n<meta name=\"twitter:label1\" content=\"Escrito por\" \/>\n\t<meta name=\"twitter:data1\" content=\"Gonzalo Schmidt\" \/>\n\t<meta name=\"twitter:label2\" content=\"Tiempo de lectura\" \/>\n\t<meta name=\"twitter:data2\" content=\"9 minutos\" \/>\n<script type=\"application\/ld+json\" class=\"yoast-schema-graph\">{\"@context\":\"https:\\\/\\\/schema.org\",\"@graph\":[{\"@type\":\"Article\",\"@id\":\"https:\\\/\\\/informelitoral.com.ar\\\/alberto-fernandez-quiero-una-argentina-para-los-argentinos-no-para-los-especuladores\\\/#article\",\"isPartOf\":{\"@id\":\"https:\\\/\\\/informelitoral.com.ar\\\/alberto-fernandez-quiero-una-argentina-para-los-argentinos-no-para-los-especuladores\\\/\"},\"author\":{\"name\":\"Gonzalo Schmidt\",\"@id\":\"https:\\\/\\\/informelitoral.com.ar\\\/#\\\/schema\\\/person\\\/b9d00407c836482871ef1d57bf8e3180\"},\"headline\":\"Alberto Fern\u00e1ndez: \u00abQuiero una Argentina para los argentinos, no para los especuladores\u00bb\",\"datePublished\":\"2019-07-30T19:11:21+00:00\",\"dateModified\":\"2019-07-30T19:22:11+00:00\",\"mainEntityOfPage\":{\"@id\":\"https:\\\/\\\/informelitoral.com.ar\\\/alberto-fernandez-quiero-una-argentina-para-los-argentinos-no-para-los-especuladores\\\/\"},\"wordCount\":1719,\"commentCount\":0,\"publisher\":{\"@id\":\"https:\\\/\\\/informelitoral.com.ar\\\/#organization\"},\"image\":{\"@id\":\"https:\\\/\\\/informelitoral.com.ar\\\/alberto-fernandez-quiero-una-argentina-para-los-argentinos-no-para-los-especuladores\\\/#primaryimage\"},\"thumbnailUrl\":\"https:\\\/\\\/informelitoral.com.ar\\\/%77%70%2d%63%6f%6e%74%65%6e%74\\\/uploads\\\/2019\\\/07\\\/o_1564498386.jpg\",\"keywords\":[\"Alberto Fern\u00e1ndez\",\"Elecciones 2019\",\"Paran\u00e1\"],\"articleSection\":[\"Politica\"],\"inLanguage\":\"es\",\"potentialAction\":[{\"@type\":\"CommentAction\",\"name\":\"Comment\",\"target\":[\"https:\\\/\\\/informelitoral.com.ar\\\/alberto-fernandez-quiero-una-argentina-para-los-argentinos-no-para-los-especuladores\\\/#respond\"]}]},{\"@type\":\"WebPage\",\"@id\":\"https:\\\/\\\/informelitoral.com.ar\\\/alberto-fernandez-quiero-una-argentina-para-los-argentinos-no-para-los-especuladores\\\/\",\"url\":\"https:\\\/\\\/informelitoral.com.ar\\\/alberto-fernandez-quiero-una-argentina-para-los-argentinos-no-para-los-especuladores\\\/\",\"name\":\"Alberto Fern\u00e1ndez: \\\"Quiero una Argentina para los argentinos, no para los especuladores\\\" - Informe Litoral\",\"isPartOf\":{\"@id\":\"https:\\\/\\\/informelitoral.com.ar\\\/#website\"},\"primaryImageOfPage\":{\"@id\":\"https:\\\/\\\/informelitoral.com.ar\\\/alberto-fernandez-quiero-una-argentina-para-los-argentinos-no-para-los-especuladores\\\/#primaryimage\"},\"image\":{\"@id\":\"https:\\\/\\\/informelitoral.com.ar\\\/alberto-fernandez-quiero-una-argentina-para-los-argentinos-no-para-los-especuladores\\\/#primaryimage\"},\"thumbnailUrl\":\"https:\\\/\\\/informelitoral.com.ar\\\/%77%70%2d%63%6f%6e%74%65%6e%74\\\/uploads\\\/2019\\\/07\\\/o_1564498386.jpg\",\"datePublished\":\"2019-07-30T19:11:21+00:00\",\"dateModified\":\"2019-07-30T19:22:11+00:00\",\"breadcrumb\":{\"@id\":\"https:\\\/\\\/informelitoral.com.ar\\\/alberto-fernandez-quiero-una-argentina-para-los-argentinos-no-para-los-especuladores\\\/#breadcrumb\"},\"inLanguage\":\"es\",\"potentialAction\":[{\"@type\":\"ReadAction\",\"target\":[\"https:\\\/\\\/informelitoral.com.ar\\\/alberto-fernandez-quiero-una-argentina-para-los-argentinos-no-para-los-especuladores\\\/\"]}]},{\"@type\":\"ImageObject\",\"inLanguage\":\"es\",\"@id\":\"https:\\\/\\\/informelitoral.com.ar\\\/alberto-fernandez-quiero-una-argentina-para-los-argentinos-no-para-los-especuladores\\\/#primaryimage\",\"url\":\"https:\\\/\\\/informelitoral.com.ar\\\/%77%70%2d%63%6f%6e%74%65%6e%74\\\/uploads\\\/2019\\\/07\\\/o_1564498386.jpg\",\"contentUrl\":\"https:\\\/\\\/informelitoral.com.ar\\\/%77%70%2d%63%6f%6e%74%65%6e%74\\\/uploads\\\/2019\\\/07\\\/o_1564498386.jpg\",\"width\":800,\"height\":450},{\"@type\":\"BreadcrumbList\",\"@id\":\"https:\\\/\\\/informelitoral.com.ar\\\/alberto-fernandez-quiero-una-argentina-para-los-argentinos-no-para-los-especuladores\\\/#breadcrumb\",\"itemListElement\":[{\"@type\":\"ListItem\",\"position\":1,\"name\":\"Portada\",\"item\":\"https:\\\/\\\/informelitoral.com.ar\\\/\"},{\"@type\":\"ListItem\",\"position\":2,\"name\":\"Alberto Fern\u00e1ndez: \u00abQuiero una Argentina para los argentinos, no para los especuladores\u00bb\"}]},{\"@type\":\"WebSite\",\"@id\":\"https:\\\/\\\/informelitoral.com.ar\\\/#website\",\"url\":\"https:\\\/\\\/informelitoral.com.ar\\\/\",\"name\":\"Informe Litoral\",\"description\":\"&quot;Nos informamos&quot; \",\"publisher\":{\"@id\":\"https:\\\/\\\/informelitoral.com.ar\\\/#organization\"},\"potentialAction\":[{\"@type\":\"SearchAction\",\"target\":{\"@type\":\"EntryPoint\",\"urlTemplate\":\"https:\\\/\\\/informelitoral.com.ar\\\/?s={search_term_string}\"},\"query-input\":{\"@type\":\"PropertyValueSpecification\",\"valueRequired\":true,\"valueName\":\"search_term_string\"}}],\"inLanguage\":\"es\"},{\"@type\":\"Organization\",\"@id\":\"https:\\\/\\\/informelitoral.com.ar\\\/#organization\",\"name\":\"Informe Litoral\",\"url\":\"https:\\\/\\\/informelitoral.com.ar\\\/\",\"logo\":{\"@type\":\"ImageObject\",\"inLanguage\":\"es\",\"@id\":\"https:\\\/\\\/informelitoral.com.ar\\\/#\\\/schema\\\/logo\\\/image\\\/\",\"url\":\"https:\\\/\\\/informelitoral.com.ar\\\/%77%70%2d%63%6f%6e%74%65%6e%74\\\/uploads\\\/2021\\\/01\\\/circulo.png\",\"contentUrl\":\"https:\\\/\\\/informelitoral.com.ar\\\/%77%70%2d%63%6f%6e%74%65%6e%74\\\/uploads\\\/2021\\\/01\\\/circulo.png\",\"width\":723,\"height\":731,\"caption\":\"Informe Litoral\"},\"image\":{\"@id\":\"https:\\\/\\\/informelitoral.com.ar\\\/#\\\/schema\\\/logo\\\/image\\\/\"},\"sameAs\":[\"https:\\\/\\\/www.facebook.com\\\/informelitoral\\\/\",\"https:\\\/\\\/x.com\\\/InformeLitoral\",\"https:\\\/\\\/www.instagram.com\\\/informelitoral\\\/\",\"https:\\\/\\\/www.youtube.com\\\/channel\\\/UCua4Qvz8Icb6MYqhoq9xLXw\"]},{\"@type\":\"Person\",\"@id\":\"https:\\\/\\\/informelitoral.com.ar\\\/#\\\/schema\\\/person\\\/b9d00407c836482871ef1d57bf8e3180\",\"name\":\"Gonzalo Schmidt\",\"image\":{\"@type\":\"ImageObject\",\"inLanguage\":\"es\",\"@id\":\"https:\\\/\\\/secure.gravatar.com\\\/avatar\\\/31a1a7b66ff2de83bd0e9fd79d026630d2d99e55e8bfe501287647b4fd9743de?s=96&d=mm&r=g\",\"url\":\"https:\\\/\\\/secure.gravatar.com\\\/avatar\\\/31a1a7b66ff2de83bd0e9fd79d026630d2d99e55e8bfe501287647b4fd9743de?s=96&d=mm&r=g\",\"contentUrl\":\"https:\\\/\\\/secure.gravatar.com\\\/avatar\\\/31a1a7b66ff2de83bd0e9fd79d026630d2d99e55e8bfe501287647b4fd9743de?s=96&d=mm&r=g\",\"caption\":\"Gonzalo Schmidt\"},\"description\":\"Sitio web de noticias de la provincia de Entre R\u00edos, Argentina. Informaci\u00f3n y entretenimiento. Informe Litoral, nos informamos.\",\"sameAs\":[\"http:\\\/\\\/www.isletasnoticias.com.ar\"],\"url\":\"https:\\\/\\\/informelitoral.com.ar\\\/author\\\/gonzalo\\\/\"}]}<\/script>","yoast_head_json":{"title":"Alberto Fern\u00e1ndez: \"Quiero una Argentina para los argentinos, no para los especuladores\" - Informe Litoral","robots":{"index":"index","follow":"follow","max-snippet":"max-snippet:-1","max-image-preview":"max-image-preview:large","max-video-preview":"max-video-preview:-1"},"canonical":"https:\/\/informelitoral.com.ar\/alberto-fernandez-quiero-una-argentina-para-los-argentinos-no-para-los-especuladores\/","og_locale":"es_ES","og_type":"article","og_title":"Alberto Fern\u00e1ndez: \"Quiero una Argentina para los argentinos, no para los especuladores\" - Informe Litoral","og_description":"El precandidato por el Frente de Todos destac\u00f3 el rol de la Regi\u00f3n Centro y su mirada sobre el federalismo. De visita en Paran\u00e1, nuevamente prometi\u00f3 \"terminar con la especulaci\u00f3n financiera\".","og_url":"https:\/\/informelitoral.com.ar\/alberto-fernandez-quiero-una-argentina-para-los-argentinos-no-para-los-especuladores\/","og_site_name":"Informe Litoral","article_publisher":"https:\/\/www.facebook.com\/informelitoral\/","article_published_time":"2019-07-30T19:11:21+00:00","article_modified_time":"2019-07-30T19:22:11+00:00","og_image":[{"width":800,"height":450,"url":"https:\/\/informelitoral.com.ar\/%77%70%2d%63%6f%6e%74%65%6e%74\/uploads\/2019\/07\/o_1564498386.jpg","type":"image\/jpeg"}],"author":"Gonzalo Schmidt","twitter_card":"summary_large_image","twitter_creator":"@InformeLitoral","twitter_site":"@InformeLitoral","twitter_misc":{"Escrito por":"Gonzalo Schmidt","Tiempo de lectura":"9 minutos"},"schema":{"@context":"https:\/\/schema.org","@graph":[{"@type":"Article","@id":"https:\/\/informelitoral.com.ar\/alberto-fernandez-quiero-una-argentina-para-los-argentinos-no-para-los-especuladores\/#article","isPartOf":{"@id":"https:\/\/informelitoral.com.ar\/alberto-fernandez-quiero-una-argentina-para-los-argentinos-no-para-los-especuladores\/"},"author":{"name":"Gonzalo Schmidt","@id":"https:\/\/informelitoral.com.ar\/#\/schema\/person\/b9d00407c836482871ef1d57bf8e3180"},"headline":"Alberto Fern\u00e1ndez: \u00abQuiero una Argentina para los argentinos, no para los especuladores\u00bb","datePublished":"2019-07-30T19:11:21+00:00","dateModified":"2019-07-30T19:22:11+00:00","mainEntityOfPage":{"@id":"https:\/\/informelitoral.com.ar\/alberto-fernandez-quiero-una-argentina-para-los-argentinos-no-para-los-especuladores\/"},"wordCount":1719,"commentCount":0,"publisher":{"@id":"https:\/\/informelitoral.com.ar\/#organization"},"image":{"@id":"https:\/\/informelitoral.com.ar\/alberto-fernandez-quiero-una-argentina-para-los-argentinos-no-para-los-especuladores\/#primaryimage"},"thumbnailUrl":"https:\/\/informelitoral.com.ar\/%77%70%2d%63%6f%6e%74%65%6e%74\/uploads\/2019\/07\/o_1564498386.jpg","keywords":["Alberto Fern\u00e1ndez","Elecciones 2019","Paran\u00e1"],"articleSection":["Politica"],"inLanguage":"es","potentialAction":[{"@type":"CommentAction","name":"Comment","target":["https:\/\/informelitoral.com.ar\/alberto-fernandez-quiero-una-argentina-para-los-argentinos-no-para-los-especuladores\/#respond"]}]},{"@type":"WebPage","@id":"https:\/\/informelitoral.com.ar\/alberto-fernandez-quiero-una-argentina-para-los-argentinos-no-para-los-especuladores\/","url":"https:\/\/informelitoral.com.ar\/alberto-fernandez-quiero-una-argentina-para-los-argentinos-no-para-los-especuladores\/","name":"Alberto Fern\u00e1ndez: \"Quiero una Argentina para los argentinos, no para los especuladores\" - Informe Litoral","isPartOf":{"@id":"https:\/\/informelitoral.com.ar\/#website"},"primaryImageOfPage":{"@id":"https:\/\/informelitoral.com.ar\/alberto-fernandez-quiero-una-argentina-para-los-argentinos-no-para-los-especuladores\/#primaryimage"},"image":{"@id":"https:\/\/informelitoral.com.ar\/alberto-fernandez-quiero-una-argentina-para-los-argentinos-no-para-los-especuladores\/#primaryimage"},"thumbnailUrl":"https:\/\/informelitoral.com.ar\/%77%70%2d%63%6f%6e%74%65%6e%74\/uploads\/2019\/07\/o_1564498386.jpg","datePublished":"2019-07-30T19:11:21+00:00","dateModified":"2019-07-30T19:22:11+00:00","breadcrumb":{"@id":"https:\/\/informelitoral.com.ar\/alberto-fernandez-quiero-una-argentina-para-los-argentinos-no-para-los-especuladores\/#breadcrumb"},"inLanguage":"es","potentialAction":[{"@type":"ReadAction","target":["https:\/\/informelitoral.com.ar\/alberto-fernandez-quiero-una-argentina-para-los-argentinos-no-para-los-especuladores\/"]}]},{"@type":"ImageObject","inLanguage":"es","@id":"https:\/\/informelitoral.com.ar\/alberto-fernandez-quiero-una-argentina-para-los-argentinos-no-para-los-especuladores\/#primaryimage","url":"https:\/\/informelitoral.com.ar\/%77%70%2d%63%6f%6e%74%65%6e%74\/uploads\/2019\/07\/o_1564498386.jpg","contentUrl":"https:\/\/informelitoral.com.ar\/%77%70%2d%63%6f%6e%74%65%6e%74\/uploads\/2019\/07\/o_1564498386.jpg","width":800,"height":450},{"@type":"BreadcrumbList","@id":"https:\/\/informelitoral.com.ar\/alberto-fernandez-quiero-una-argentina-para-los-argentinos-no-para-los-especuladores\/#breadcrumb","itemListElement":[{"@type":"ListItem","position":1,"name":"Portada","item":"https:\/\/informelitoral.com.ar\/"},{"@type":"ListItem","position":2,"name":"Alberto Fern\u00e1ndez: \u00abQuiero una Argentina para los argentinos, no para los especuladores\u00bb"}]},{"@type":"WebSite","@id":"https:\/\/informelitoral.com.ar\/#website","url":"https:\/\/informelitoral.com.ar\/","name":"Informe Litoral","description":"&quot;Nos informamos&quot; ","publisher":{"@id":"https:\/\/informelitoral.com.ar\/#organization"},"potentialAction":[{"@type":"SearchAction","target":{"@type":"EntryPoint","urlTemplate":"https:\/\/informelitoral.com.ar\/?s={search_term_string}"},"query-input":{"@type":"PropertyValueSpecification","valueRequired":true,"valueName":"search_term_string"}}],"inLanguage":"es"},{"@type":"Organization","@id":"https:\/\/informelitoral.com.ar\/#organization","name":"Informe Litoral","url":"https:\/\/informelitoral.com.ar\/","logo":{"@type":"ImageObject","inLanguage":"es","@id":"https:\/\/informelitoral.com.ar\/#\/schema\/logo\/image\/","url":"https:\/\/informelitoral.com.ar\/%77%70%2d%63%6f%6e%74%65%6e%74\/uploads\/2021\/01\/circulo.png","contentUrl":"https:\/\/informelitoral.com.ar\/%77%70%2d%63%6f%6e%74%65%6e%74\/uploads\/2021\/01\/circulo.png","width":723,"height":731,"caption":"Informe Litoral"},"image":{"@id":"https:\/\/informelitoral.com.ar\/#\/schema\/logo\/image\/"},"sameAs":["https:\/\/www.facebook.com\/informelitoral\/","https:\/\/x.com\/InformeLitoral","https:\/\/www.instagram.com\/informelitoral\/","https:\/\/www.youtube.com\/channel\/UCua4Qvz8Icb6MYqhoq9xLXw"]},{"@type":"Person","@id":"https:\/\/informelitoral.com.ar\/#\/schema\/person\/b9d00407c836482871ef1d57bf8e3180","name":"Gonzalo Schmidt","image":{"@type":"ImageObject","inLanguage":"es","@id":"https:\/\/secure.gravatar.com\/avatar\/31a1a7b66ff2de83bd0e9fd79d026630d2d99e55e8bfe501287647b4fd9743de?s=96&d=mm&r=g","url":"https:\/\/secure.gravatar.com\/avatar\/31a1a7b66ff2de83bd0e9fd79d026630d2d99e55e8bfe501287647b4fd9743de?s=96&d=mm&r=g","contentUrl":"https:\/\/secure.gravatar.com\/avatar\/31a1a7b66ff2de83bd0e9fd79d026630d2d99e55e8bfe501287647b4fd9743de?s=96&d=mm&r=g","caption":"Gonzalo Schmidt"},"description":"Sitio web de noticias de la provincia de Entre R\u00edos, Argentina. Informaci\u00f3n y entretenimiento. Informe Litoral, nos informamos.","sameAs":["http:\/\/www.isletasnoticias.com.ar"],"url":"https:\/\/informelitoral.com.ar\/author\/gonzalo\/"}]}},"_links":{"self":[{"href":"https:\/\/informelitoral.com.ar\/%77%70%2d%6a%73%6f%6e\/wp\/v2\/posts\/35374","targetHints":{"allow":["GET"]}}],"collection":[{"href":"https:\/\/informelitoral.com.ar\/%77%70%2d%6a%73%6f%6e\/wp\/v2\/posts"}],"about":[{"href":"https:\/\/informelitoral.com.ar\/%77%70%2d%6a%73%6f%6e\/wp\/v2\/types\/post"}],"author":[{"embeddable":true,"href":"https:\/\/informelitoral.com.ar\/%77%70%2d%6a%73%6f%6e\/wp\/v2\/users\/2"}],"replies":[{"embeddable":true,"href":"https:\/\/informelitoral.com.ar\/%77%70%2d%6a%73%6f%6e\/wp\/v2\/comments?post=35374"}],"version-history":[{"count":0,"href":"https:\/\/informelitoral.com.ar\/%77%70%2d%6a%73%6f%6e\/wp\/v2\/posts\/35374\/revisions"}],"wp:featuredmedia":[{"embeddable":true,"href":"https:\/\/informelitoral.com.ar\/%77%70%2d%6a%73%6f%6e\/wp\/v2\/media\/35375"}],"wp:attachment":[{"href":"https:\/\/informelitoral.com.ar\/%77%70%2d%6a%73%6f%6e\/wp\/v2\/media?parent=35374"}],"wp:term":[{"taxonomy":"category","embeddable":true,"href":"https:\/\/informelitoral.com.ar\/%77%70%2d%6a%73%6f%6e\/wp\/v2\/categories?post=35374"},{"taxonomy":"post_tag","embeddable":true,"href":"https:\/\/informelitoral.com.ar\/%77%70%2d%6a%73%6f%6e\/wp\/v2\/tags?post=35374"}],"curies":[{"name":"wp","href":"https:\/\/api.w.org\/{rel}","templated":true}]}}