{"id":35343,"date":"2019-07-30T09:14:09","date_gmt":"2019-07-30T12:14:09","guid":{"rendered":"https:\/\/www.isletasnoticias.com.ar\/?p=35343"},"modified":"2019-07-30T09:20:50","modified_gmt":"2019-07-30T12:20:50","slug":"aseguran-que-el-fallo-judicial-sobre-fumigaciones-es-peor-que-la-125","status":"publish","type":"post","link":"https:\/\/informelitoral.com.ar\/aseguran-que-el-fallo-judicial-sobre-fumigaciones-es-peor-que-la-125\/","title":{"rendered":"Aseguran que el fallo judicial sobre fumigaciones es peor que la 125"},"content":{"rendered":"<p>En el marco de La Rural, productores entrerrianos se hicieron presentes para manifestarse contra el fallo judicial que rige en la provincia.<\/p>\n<p>En la actualidad<a href=\"https:\/\/www.isletasnoticias.com.ar\/fumigaciones-la-justicia-rechazo-apelacion-del-gobierno-y-confirmo-nulidad-del-decreto-4407-18\/\"> est\u00e1n prohibidas las aplicaciones fitosanitarias a 1000 metros v\u00eda terrestre y a 3 mil metros v\u00eda a\u00e9rea de las escuelas rurales.<\/a> Con esta medida m\u00e1s de 300 mil hect\u00e1reas se ven afectadas y no pueden producir.<\/p>\n<p>Esta situaci\u00f3n tambi\u00e9n se agrava en la producci\u00f3n citr\u00edcola, ya que est\u00e1 siendo atacada por el Huanglongbing (HBL). Esta enfermedad tiene en vilo a los productores ya que se detectaron diversos casos en poco tiempo. Hasta el momento la forma de combatir esta amenaza es con agroqu\u00edmicos o extrayendo la planta.<\/p>\n<p>La presidenta de la filial Crespo de Federaci\u00f3n Agraria Argentina, <strong>Mariela Gallinger<\/strong> destac\u00f3 a\u00a0<em>AGROFY NEWS<\/em>\u00a0que es un gran da\u00f1o econ\u00f3mico para el productor. Adem\u00e1s agreg\u00f3: \u201c<strong>Que no te dejen hacer aplicaciones fitosanitarias a esas distancias te prohiben producir, en la 125 nos agarraban un 35% pero ac\u00e1 es el 100%<\/strong>\u201d.<\/p>\n<p>Por su parte, <strong>Walter Feldkamp<\/strong>, director de la Sociedad Rural en Entre R\u00edos destac\u00f3: \u201cEst\u00e1 el <a href=\"https:\/\/www.isletasnoticias.com.ar\/fumigaciones-algunos-detalles-del-nuevo-decreto-del-gobierno-entrerriano\/\">decreto<\/a> con los informes t\u00e9cnicos y de salud para respaldar el decreto del gobernador, que establece las nuevas distancias de 300 metros a\u00e9reos y 100 metros terrestres para aplicaciones fitosanitarias\u201d.<\/p>\n<p>En este sentido la productora argument\u00f3 que la provincia tambi\u00e9n se va a ver perjudicada porque <strong>ese productor no va a saber con que afrontar sus compromisos comerciales y mantener sus familias.<\/strong> Esta problem\u00e1tica est\u00e1 generando desarraigo rural, ya que los hijos de los productores migran a las ciudades.<\/p>\n<p>\u201cEsto va en contra del arraigo porque cuando empiezan a aparecer estas dificultades aceleran el despoblamiento de las escuelas rurales y hay migraciones a los pueblos\u201d, sostuvo Gallinger.<\/p>\n<h3><strong>Consecuencias en la producci\u00f3n citr\u00edcola<\/strong><\/h3>\n<p>Las producciones de citrus en Entre R\u00edos est\u00e1n siendo amenazadas por el vector HLB. En las \u00faltimas semanas se detectaron nuevos casos, de seguir as\u00ed se convertir\u00eda en una problem\u00e1tica muy grave. Walter Feldkamp manifest\u00f3 que por ley se debe combatir y aplicar productos para erradicar ese vector y se los est\u00e1n prohibiendo hacer.<\/p>\n<p>En este sentido agreg\u00f3: \u201cHoy falta una decisi\u00f3n pol\u00edtica\u201d. Adem\u00e1s sostuvo que si ese virus ataca a los citrus, los seca y se mueren, van a tener que volver a poner una planta y esperar 7 u 8 a\u00f1os hasta que produzca\u00bb.<\/p>\n","protected":false},"excerpt":{"rendered":"<p>Productores de la provincia manifestaron su preocupaci\u00f3n ante el fallo vigente. La presidenta de la Federaci\u00f3n Agraria de Crespo, asegur\u00f3 que esta medida significa \u00abprohibir la producci\u00f3n\u00bb.<\/p>\n","protected":false},"author":2,"featured_media":26100,"comment_status":"open","ping_status":"open","sticky":false,"template":"","format":"standard","meta":{"fifu_image_url":"","fifu_image_alt":"","footnotes":""},"categories":[10],"tags":[191,985,81,836,271,236,249,167,147,865],"class_list":{"0":"post-35343","1":"post","2":"type-post","3":"status-publish","4":"format-standard","5":"has-post-thumbnail","7":"category-campo","8":"tag-agricultura","9":"tag-citricultura","10":"tag-entre-rios","11":"tag-escuelas-rurales","12":"tag-federacion-agraria","13":"tag-fumigaciones","14":"tag-gobierno-provincial","15":"tag-gustavo-bordet","16":"tag-justicia","17":"tag-sociedad-rural"},"yoast_head":"<title>Aseguran que el fallo judicial sobre fumigaciones es peor que la 125 - Informe Litoral<\/title>\n<meta name=\"robots\" content=\"index, follow, max-snippet:-1, max-image-preview:large, max-video-preview:-1\" \/>\n<link rel=\"canonical\" href=\"https:\/\/informelitoral.com.ar\/aseguran-que-el-fallo-judicial-sobre-fumigaciones-es-peor-que-la-125\/\" \/>\n<meta property=\"og:locale\" content=\"es_ES\" \/>\n<meta property=\"og:type\" content=\"article\" \/>\n<meta property=\"og:title\" content=\"Aseguran que el fallo judicial sobre fumigaciones es peor que la 125 - Informe Litoral\" \/>\n<meta property=\"og:description\" content=\"Productores de la provincia manifestaron su preocupaci\u00f3n ante el fallo vigente. La presidenta de la Federaci\u00f3n Agraria de Crespo, asegur\u00f3 que esta medida significa &quot;prohibir la producci\u00f3n&quot;.\" \/>\n<meta property=\"og:url\" content=\"https:\/\/informelitoral.com.ar\/aseguran-que-el-fallo-judicial-sobre-fumigaciones-es-peor-que-la-125\/\" \/>\n<meta property=\"og:site_name\" content=\"Informe Litoral\" \/>\n<meta property=\"article:publisher\" content=\"https:\/\/www.facebook.com\/informelitoral\/\" \/>\n<meta property=\"article:published_time\" content=\"2019-07-30T12:14:09+00:00\" \/>\n<meta property=\"article:modified_time\" content=\"2019-07-30T12:20:50+00:00\" \/>\n<meta property=\"og:image\" content=\"https:\/\/informelitoral.com.ar\/%77%70%2d%63%6f%6e%74%65%6e%74\/uploads\/2018\/04\/avioneta-fumigando.jpg\" \/>\n\t<meta property=\"og:image:width\" content=\"800\" \/>\n\t<meta property=\"og:image:height\" content=\"450\" \/>\n\t<meta property=\"og:image:type\" content=\"image\/jpeg\" \/>\n<meta name=\"author\" content=\"Gonzalo Schmidt\" \/>\n<meta name=\"twitter:card\" content=\"summary_large_image\" \/>\n<meta name=\"twitter:creator\" content=\"@InformeLitoral\" \/>\n<meta name=\"twitter:site\" content=\"@InformeLitoral\" \/>\n<meta name=\"twitter:label1\" content=\"Escrito por\" \/>\n\t<meta name=\"twitter:data1\" content=\"Gonzalo Schmidt\" \/>\n\t<meta name=\"twitter:label2\" content=\"Tiempo de lectura\" \/>\n\t<meta name=\"twitter:data2\" content=\"2 minutos\" \/>\n<script type=\"application\/ld+json\" class=\"yoast-schema-graph\">{\"@context\":\"https:\\\/\\\/schema.org\",\"@graph\":[{\"@type\":\"Article\",\"@id\":\"https:\\\/\\\/informelitoral.com.ar\\\/aseguran-que-el-fallo-judicial-sobre-fumigaciones-es-peor-que-la-125\\\/#article\",\"isPartOf\":{\"@id\":\"https:\\\/\\\/informelitoral.com.ar\\\/aseguran-que-el-fallo-judicial-sobre-fumigaciones-es-peor-que-la-125\\\/\"},\"author\":{\"name\":\"Gonzalo Schmidt\",\"@id\":\"https:\\\/\\\/informelitoral.com.ar\\\/#\\\/schema\\\/person\\\/b9d00407c836482871ef1d57bf8e3180\"},\"headline\":\"Aseguran que el fallo judicial sobre fumigaciones es peor que la 125\",\"datePublished\":\"2019-07-30T12:14:09+00:00\",\"dateModified\":\"2019-07-30T12:20:50+00:00\",\"mainEntityOfPage\":{\"@id\":\"https:\\\/\\\/informelitoral.com.ar\\\/aseguran-que-el-fallo-judicial-sobre-fumigaciones-es-peor-que-la-125\\\/\"},\"wordCount\":420,\"commentCount\":0,\"publisher\":{\"@id\":\"https:\\\/\\\/informelitoral.com.ar\\\/#organization\"},\"image\":{\"@id\":\"https:\\\/\\\/informelitoral.com.ar\\\/aseguran-que-el-fallo-judicial-sobre-fumigaciones-es-peor-que-la-125\\\/#primaryimage\"},\"thumbnailUrl\":\"https:\\\/\\\/informelitoral.com.ar\\\/%77%70%2d%63%6f%6e%74%65%6e%74\\\/uploads\\\/2018\\\/04\\\/avioneta-fumigando.jpg\",\"keywords\":[\"Agricultura\",\"Citricultura\",\"Entre R\u00edos\",\"Escuelas Rurales\",\"Federaci\u00f3n Agraria\",\"Fumigaciones\",\"Gobierno provincial\",\"Gustavo Bordet\",\"Justicia\",\"Sociedad Rural\"],\"articleSection\":[\"Campo\"],\"inLanguage\":\"es\",\"potentialAction\":[{\"@type\":\"CommentAction\",\"name\":\"Comment\",\"target\":[\"https:\\\/\\\/informelitoral.com.ar\\\/aseguran-que-el-fallo-judicial-sobre-fumigaciones-es-peor-que-la-125\\\/#respond\"]}]},{\"@type\":\"WebPage\",\"@id\":\"https:\\\/\\\/informelitoral.com.ar\\\/aseguran-que-el-fallo-judicial-sobre-fumigaciones-es-peor-que-la-125\\\/\",\"url\":\"https:\\\/\\\/informelitoral.com.ar\\\/aseguran-que-el-fallo-judicial-sobre-fumigaciones-es-peor-que-la-125\\\/\",\"name\":\"Aseguran que el fallo judicial sobre fumigaciones es peor que la 125 - Informe Litoral\",\"isPartOf\":{\"@id\":\"https:\\\/\\\/informelitoral.com.ar\\\/#website\"},\"primaryImageOfPage\":{\"@id\":\"https:\\\/\\\/informelitoral.com.ar\\\/aseguran-que-el-fallo-judicial-sobre-fumigaciones-es-peor-que-la-125\\\/#primaryimage\"},\"image\":{\"@id\":\"https:\\\/\\\/informelitoral.com.ar\\\/aseguran-que-el-fallo-judicial-sobre-fumigaciones-es-peor-que-la-125\\\/#primaryimage\"},\"thumbnailUrl\":\"https:\\\/\\\/informelitoral.com.ar\\\/%77%70%2d%63%6f%6e%74%65%6e%74\\\/uploads\\\/2018\\\/04\\\/avioneta-fumigando.jpg\",\"datePublished\":\"2019-07-30T12:14:09+00:00\",\"dateModified\":\"2019-07-30T12:20:50+00:00\",\"breadcrumb\":{\"@id\":\"https:\\\/\\\/informelitoral.com.ar\\\/aseguran-que-el-fallo-judicial-sobre-fumigaciones-es-peor-que-la-125\\\/#breadcrumb\"},\"inLanguage\":\"es\",\"potentialAction\":[{\"@type\":\"ReadAction\",\"target\":[\"https:\\\/\\\/informelitoral.com.ar\\\/aseguran-que-el-fallo-judicial-sobre-fumigaciones-es-peor-que-la-125\\\/\"]}]},{\"@type\":\"ImageObject\",\"inLanguage\":\"es\",\"@id\":\"https:\\\/\\\/informelitoral.com.ar\\\/aseguran-que-el-fallo-judicial-sobre-fumigaciones-es-peor-que-la-125\\\/#primaryimage\",\"url\":\"https:\\\/\\\/informelitoral.com.ar\\\/%77%70%2d%63%6f%6e%74%65%6e%74\\\/uploads\\\/2018\\\/04\\\/avioneta-fumigando.jpg\",\"contentUrl\":\"https:\\\/\\\/informelitoral.com.ar\\\/%77%70%2d%63%6f%6e%74%65%6e%74\\\/uploads\\\/2018\\\/04\\\/avioneta-fumigando.jpg\",\"width\":800,\"height\":450},{\"@type\":\"BreadcrumbList\",\"@id\":\"https:\\\/\\\/informelitoral.com.ar\\\/aseguran-que-el-fallo-judicial-sobre-fumigaciones-es-peor-que-la-125\\\/#breadcrumb\",\"itemListElement\":[{\"@type\":\"ListItem\",\"position\":1,\"name\":\"Portada\",\"item\":\"https:\\\/\\\/informelitoral.com.ar\\\/\"},{\"@type\":\"ListItem\",\"position\":2,\"name\":\"Aseguran que el fallo judicial sobre fumigaciones es peor que la 125\"}]},{\"@type\":\"WebSite\",\"@id\":\"https:\\\/\\\/informelitoral.com.ar\\\/#website\",\"url\":\"https:\\\/\\\/informelitoral.com.ar\\\/\",\"name\":\"Informe Litoral\",\"description\":\"&quot;Nos informamos&quot; \",\"publisher\":{\"@id\":\"https:\\\/\\\/informelitoral.com.ar\\\/#organization\"},\"potentialAction\":[{\"@type\":\"SearchAction\",\"target\":{\"@type\":\"EntryPoint\",\"urlTemplate\":\"https:\\\/\\\/informelitoral.com.ar\\\/?s={search_term_string}\"},\"query-input\":{\"@type\":\"PropertyValueSpecification\",\"valueRequired\":true,\"valueName\":\"search_term_string\"}}],\"inLanguage\":\"es\"},{\"@type\":\"Organization\",\"@id\":\"https:\\\/\\\/informelitoral.com.ar\\\/#organization\",\"name\":\"Informe Litoral\",\"url\":\"https:\\\/\\\/informelitoral.com.ar\\\/\",\"logo\":{\"@type\":\"ImageObject\",\"inLanguage\":\"es\",\"@id\":\"https:\\\/\\\/informelitoral.com.ar\\\/#\\\/schema\\\/logo\\\/image\\\/\",\"url\":\"https:\\\/\\\/informelitoral.com.ar\\\/%77%70%2d%63%6f%6e%74%65%6e%74\\\/uploads\\\/2021\\\/01\\\/circulo.png\",\"contentUrl\":\"https:\\\/\\\/informelitoral.com.ar\\\/%77%70%2d%63%6f%6e%74%65%6e%74\\\/uploads\\\/2021\\\/01\\\/circulo.png\",\"width\":723,\"height\":731,\"caption\":\"Informe Litoral\"},\"image\":{\"@id\":\"https:\\\/\\\/informelitoral.com.ar\\\/#\\\/schema\\\/logo\\\/image\\\/\"},\"sameAs\":[\"https:\\\/\\\/www.facebook.com\\\/informelitoral\\\/\",\"https:\\\/\\\/x.com\\\/InformeLitoral\",\"https:\\\/\\\/www.instagram.com\\\/informelitoral\\\/\",\"https:\\\/\\\/www.youtube.com\\\/channel\\\/UCua4Qvz8Icb6MYqhoq9xLXw\"]},{\"@type\":\"Person\",\"@id\":\"https:\\\/\\\/informelitoral.com.ar\\\/#\\\/schema\\\/person\\\/b9d00407c836482871ef1d57bf8e3180\",\"name\":\"Gonzalo Schmidt\",\"image\":{\"@type\":\"ImageObject\",\"inLanguage\":\"es\",\"@id\":\"https:\\\/\\\/secure.gravatar.com\\\/avatar\\\/31a1a7b66ff2de83bd0e9fd79d026630d2d99e55e8bfe501287647b4fd9743de?s=96&d=mm&r=g\",\"url\":\"https:\\\/\\\/secure.gravatar.com\\\/avatar\\\/31a1a7b66ff2de83bd0e9fd79d026630d2d99e55e8bfe501287647b4fd9743de?s=96&d=mm&r=g\",\"contentUrl\":\"https:\\\/\\\/secure.gravatar.com\\\/avatar\\\/31a1a7b66ff2de83bd0e9fd79d026630d2d99e55e8bfe501287647b4fd9743de?s=96&d=mm&r=g\",\"caption\":\"Gonzalo Schmidt\"},\"description\":\"Sitio web de noticias de la provincia de Entre R\u00edos, Argentina. Informaci\u00f3n y entretenimiento. Informe Litoral, nos informamos.\",\"sameAs\":[\"http:\\\/\\\/www.isletasnoticias.com.ar\"],\"url\":\"https:\\\/\\\/informelitoral.com.ar\\\/author\\\/gonzalo\\\/\"}]}<\/script>","yoast_head_json":{"title":"Aseguran que el fallo judicial sobre fumigaciones es peor que la 125 - Informe Litoral","robots":{"index":"index","follow":"follow","max-snippet":"max-snippet:-1","max-image-preview":"max-image-preview:large","max-video-preview":"max-video-preview:-1"},"canonical":"https:\/\/informelitoral.com.ar\/aseguran-que-el-fallo-judicial-sobre-fumigaciones-es-peor-que-la-125\/","og_locale":"es_ES","og_type":"article","og_title":"Aseguran que el fallo judicial sobre fumigaciones es peor que la 125 - Informe Litoral","og_description":"Productores de la provincia manifestaron su preocupaci\u00f3n ante el fallo vigente. La presidenta de la Federaci\u00f3n Agraria de Crespo, asegur\u00f3 que esta medida significa \"prohibir la producci\u00f3n\".","og_url":"https:\/\/informelitoral.com.ar\/aseguran-que-el-fallo-judicial-sobre-fumigaciones-es-peor-que-la-125\/","og_site_name":"Informe Litoral","article_publisher":"https:\/\/www.facebook.com\/informelitoral\/","article_published_time":"2019-07-30T12:14:09+00:00","article_modified_time":"2019-07-30T12:20:50+00:00","og_image":[{"width":800,"height":450,"url":"https:\/\/informelitoral.com.ar\/%77%70%2d%63%6f%6e%74%65%6e%74\/uploads\/2018\/04\/avioneta-fumigando.jpg","type":"image\/jpeg"}],"author":"Gonzalo Schmidt","twitter_card":"summary_large_image","twitter_creator":"@InformeLitoral","twitter_site":"@InformeLitoral","twitter_misc":{"Escrito por":"Gonzalo Schmidt","Tiempo de lectura":"2 minutos"},"schema":{"@context":"https:\/\/schema.org","@graph":[{"@type":"Article","@id":"https:\/\/informelitoral.com.ar\/aseguran-que-el-fallo-judicial-sobre-fumigaciones-es-peor-que-la-125\/#article","isPartOf":{"@id":"https:\/\/informelitoral.com.ar\/aseguran-que-el-fallo-judicial-sobre-fumigaciones-es-peor-que-la-125\/"},"author":{"name":"Gonzalo Schmidt","@id":"https:\/\/informelitoral.com.ar\/#\/schema\/person\/b9d00407c836482871ef1d57bf8e3180"},"headline":"Aseguran que el fallo judicial sobre fumigaciones es peor que la 125","datePublished":"2019-07-30T12:14:09+00:00","dateModified":"2019-07-30T12:20:50+00:00","mainEntityOfPage":{"@id":"https:\/\/informelitoral.com.ar\/aseguran-que-el-fallo-judicial-sobre-fumigaciones-es-peor-que-la-125\/"},"wordCount":420,"commentCount":0,"publisher":{"@id":"https:\/\/informelitoral.com.ar\/#organization"},"image":{"@id":"https:\/\/informelitoral.com.ar\/aseguran-que-el-fallo-judicial-sobre-fumigaciones-es-peor-que-la-125\/#primaryimage"},"thumbnailUrl":"https:\/\/informelitoral.com.ar\/%77%70%2d%63%6f%6e%74%65%6e%74\/uploads\/2018\/04\/avioneta-fumigando.jpg","keywords":["Agricultura","Citricultura","Entre R\u00edos","Escuelas Rurales","Federaci\u00f3n Agraria","Fumigaciones","Gobierno provincial","Gustavo Bordet","Justicia","Sociedad Rural"],"articleSection":["Campo"],"inLanguage":"es","potentialAction":[{"@type":"CommentAction","name":"Comment","target":["https:\/\/informelitoral.com.ar\/aseguran-que-el-fallo-judicial-sobre-fumigaciones-es-peor-que-la-125\/#respond"]}]},{"@type":"WebPage","@id":"https:\/\/informelitoral.com.ar\/aseguran-que-el-fallo-judicial-sobre-fumigaciones-es-peor-que-la-125\/","url":"https:\/\/informelitoral.com.ar\/aseguran-que-el-fallo-judicial-sobre-fumigaciones-es-peor-que-la-125\/","name":"Aseguran que el fallo judicial sobre fumigaciones es peor que la 125 - Informe Litoral","isPartOf":{"@id":"https:\/\/informelitoral.com.ar\/#website"},"primaryImageOfPage":{"@id":"https:\/\/informelitoral.com.ar\/aseguran-que-el-fallo-judicial-sobre-fumigaciones-es-peor-que-la-125\/#primaryimage"},"image":{"@id":"https:\/\/informelitoral.com.ar\/aseguran-que-el-fallo-judicial-sobre-fumigaciones-es-peor-que-la-125\/#primaryimage"},"thumbnailUrl":"https:\/\/informelitoral.com.ar\/%77%70%2d%63%6f%6e%74%65%6e%74\/uploads\/2018\/04\/avioneta-fumigando.jpg","datePublished":"2019-07-30T12:14:09+00:00","dateModified":"2019-07-30T12:20:50+00:00","breadcrumb":{"@id":"https:\/\/informelitoral.com.ar\/aseguran-que-el-fallo-judicial-sobre-fumigaciones-es-peor-que-la-125\/#breadcrumb"},"inLanguage":"es","potentialAction":[{"@type":"ReadAction","target":["https:\/\/informelitoral.com.ar\/aseguran-que-el-fallo-judicial-sobre-fumigaciones-es-peor-que-la-125\/"]}]},{"@type":"ImageObject","inLanguage":"es","@id":"https:\/\/informelitoral.com.ar\/aseguran-que-el-fallo-judicial-sobre-fumigaciones-es-peor-que-la-125\/#primaryimage","url":"https:\/\/informelitoral.com.ar\/%77%70%2d%63%6f%6e%74%65%6e%74\/uploads\/2018\/04\/avioneta-fumigando.jpg","contentUrl":"https:\/\/informelitoral.com.ar\/%77%70%2d%63%6f%6e%74%65%6e%74\/uploads\/2018\/04\/avioneta-fumigando.jpg","width":800,"height":450},{"@type":"BreadcrumbList","@id":"https:\/\/informelitoral.com.ar\/aseguran-que-el-fallo-judicial-sobre-fumigaciones-es-peor-que-la-125\/#breadcrumb","itemListElement":[{"@type":"ListItem","position":1,"name":"Portada","item":"https:\/\/informelitoral.com.ar\/"},{"@type":"ListItem","position":2,"name":"Aseguran que el fallo judicial sobre fumigaciones es peor que la 125"}]},{"@type":"WebSite","@id":"https:\/\/informelitoral.com.ar\/#website","url":"https:\/\/informelitoral.com.ar\/","name":"Informe Litoral","description":"&quot;Nos informamos&quot; ","publisher":{"@id":"https:\/\/informelitoral.com.ar\/#organization"},"potentialAction":[{"@type":"SearchAction","target":{"@type":"EntryPoint","urlTemplate":"https:\/\/informelitoral.com.ar\/?s={search_term_string}"},"query-input":{"@type":"PropertyValueSpecification","valueRequired":true,"valueName":"search_term_string"}}],"inLanguage":"es"},{"@type":"Organization","@id":"https:\/\/informelitoral.com.ar\/#organization","name":"Informe Litoral","url":"https:\/\/informelitoral.com.ar\/","logo":{"@type":"ImageObject","inLanguage":"es","@id":"https:\/\/informelitoral.com.ar\/#\/schema\/logo\/image\/","url":"https:\/\/informelitoral.com.ar\/%77%70%2d%63%6f%6e%74%65%6e%74\/uploads\/2021\/01\/circulo.png","contentUrl":"https:\/\/informelitoral.com.ar\/%77%70%2d%63%6f%6e%74%65%6e%74\/uploads\/2021\/01\/circulo.png","width":723,"height":731,"caption":"Informe Litoral"},"image":{"@id":"https:\/\/informelitoral.com.ar\/#\/schema\/logo\/image\/"},"sameAs":["https:\/\/www.facebook.com\/informelitoral\/","https:\/\/x.com\/InformeLitoral","https:\/\/www.instagram.com\/informelitoral\/","https:\/\/www.youtube.com\/channel\/UCua4Qvz8Icb6MYqhoq9xLXw"]},{"@type":"Person","@id":"https:\/\/informelitoral.com.ar\/#\/schema\/person\/b9d00407c836482871ef1d57bf8e3180","name":"Gonzalo Schmidt","image":{"@type":"ImageObject","inLanguage":"es","@id":"https:\/\/secure.gravatar.com\/avatar\/31a1a7b66ff2de83bd0e9fd79d026630d2d99e55e8bfe501287647b4fd9743de?s=96&d=mm&r=g","url":"https:\/\/secure.gravatar.com\/avatar\/31a1a7b66ff2de83bd0e9fd79d026630d2d99e55e8bfe501287647b4fd9743de?s=96&d=mm&r=g","contentUrl":"https:\/\/secure.gravatar.com\/avatar\/31a1a7b66ff2de83bd0e9fd79d026630d2d99e55e8bfe501287647b4fd9743de?s=96&d=mm&r=g","caption":"Gonzalo Schmidt"},"description":"Sitio web de noticias de la provincia de Entre R\u00edos, Argentina. Informaci\u00f3n y entretenimiento. Informe Litoral, nos informamos.","sameAs":["http:\/\/www.isletasnoticias.com.ar"],"url":"https:\/\/informelitoral.com.ar\/author\/gonzalo\/"}]}},"_links":{"self":[{"href":"https:\/\/informelitoral.com.ar\/%77%70%2d%6a%73%6f%6e\/wp\/v2\/posts\/35343","targetHints":{"allow":["GET"]}}],"collection":[{"href":"https:\/\/informelitoral.com.ar\/%77%70%2d%6a%73%6f%6e\/wp\/v2\/posts"}],"about":[{"href":"https:\/\/informelitoral.com.ar\/%77%70%2d%6a%73%6f%6e\/wp\/v2\/types\/post"}],"author":[{"embeddable":true,"href":"https:\/\/informelitoral.com.ar\/%77%70%2d%6a%73%6f%6e\/wp\/v2\/users\/2"}],"replies":[{"embeddable":true,"href":"https:\/\/informelitoral.com.ar\/%77%70%2d%6a%73%6f%6e\/wp\/v2\/comments?post=35343"}],"version-history":[{"count":0,"href":"https:\/\/informelitoral.com.ar\/%77%70%2d%6a%73%6f%6e\/wp\/v2\/posts\/35343\/revisions"}],"wp:featuredmedia":[{"embeddable":true,"href":"https:\/\/informelitoral.com.ar\/%77%70%2d%6a%73%6f%6e\/wp\/v2\/media\/26100"}],"wp:attachment":[{"href":"https:\/\/informelitoral.com.ar\/%77%70%2d%6a%73%6f%6e\/wp\/v2\/media?parent=35343"}],"wp:term":[{"taxonomy":"category","embeddable":true,"href":"https:\/\/informelitoral.com.ar\/%77%70%2d%6a%73%6f%6e\/wp\/v2\/categories?post=35343"},{"taxonomy":"post_tag","embeddable":true,"href":"https:\/\/informelitoral.com.ar\/%77%70%2d%6a%73%6f%6e\/wp\/v2\/tags?post=35343"}],"curies":[{"name":"wp","href":"https:\/\/api.w.org\/{rel}","templated":true}]}}