{"id":3529,"date":"2013-10-04T00:10:20","date_gmt":"2013-10-04T03:10:20","guid":{"rendered":"http:\/\/www.isletasnoticias.com.ar\/?p=3529"},"modified":"2013-10-04T00:30:32","modified_gmt":"2013-10-04T03:30:32","slug":"las-cuevas-kramer-celebro-la-electrificacion-en-barrio-fatima","status":"publish","type":"post","link":"https:\/\/informelitoral.com.ar\/las-cuevas-kramer-celebro-la-electrificacion-en-barrio-fatima\/","title":{"rendered":"Las Cuevas: Kramer celebr\u00f3 la electrificaci\u00f3n en barrio F\u00e1tima"},"content":{"rendered":"<p><strong>La obra de electrificaci\u00f3n beneficia a un total de 70 familias del barrio F\u00e1tima de la localidad de Las Cuevas. \u00abGracias compa\u00f1ero Urribarri por esta alegr\u00eda\u00bb public\u00f3 el senador <em>Daniel Kramer,<\/em> tras visitar a las familias beneficiadas, junto a la presidente de la Junta de Gobierno,<em>Susana Solis.<\/em><\/strong><\/p>\n<p style=\"text-align: center;\"><a href=\"http:\/\/www.isletasnoticias.com.ar\/%77%70%2d%63%6f%6e%74%65%6e%74\/uploads\/2013\/10\/kramer-1.jpg\"><img loading=\"lazy\" decoding=\"async\" class=\"size-medium wp-image-3532 aligncenter\" title=\"La obra de electrificaci\u00f3n beneficia a las familias del barrio F\u00e1tima.\" alt=\"\" src=\"http:\/\/www.isletasnoticias.com.ar\/%77%70%2d%63%6f%6e%74%65%6e%74\/uploads\/2013\/10\/kramer-1-300x225.jpg\" width=\"300\" height=\"225\" srcset=\"https:\/\/informelitoral.com.ar\/%77%70%2d%63%6f%6e%74%65%6e%74\/uploads\/2013\/10\/kramer-1-300x225.jpg 300w, https:\/\/informelitoral.com.ar\/%77%70%2d%63%6f%6e%74%65%6e%74\/uploads\/2013\/10\/kramer-1.jpg 960w\" sizes=\"auto, (max-width: 300px) 100vw, 300px\" \/><\/a><\/p>\n<p>El jueves a la noche, el senador del Frente para la Victoria,<strong> Daniel Kramer,<\/strong> visit\u00f3 la localidad de Las Cuevas, donde fue recibido por la presidente de la Junta de Gobierno <strong>Susana Solis<\/strong>. Tras recorrer las obras de electrificaci\u00f3n en el barrio F\u00e1tima, compartieron una cena, de la que tambi\u00e9n particip\u00f3 el jefe Zonal de Vialidad <strong>Jos\u00e9 Isaac <\/strong>y vecinos de la mencionada localidad del departamento Diamante.<\/p>\n<p><img loading=\"lazy\" decoding=\"async\" class=\"size-medium wp-image-3534 alignright\" title=\"70 familias de Las Cuevas ahora tienen energ\u00eda el\u00e9ctrica.\" alt=\"\" src=\"http:\/\/www.isletasnoticias.com.ar\/%77%70%2d%63%6f%6e%74%65%6e%74\/uploads\/2013\/10\/kramer-3-300x225.jpg\" width=\"300\" height=\"225\" srcset=\"https:\/\/informelitoral.com.ar\/%77%70%2d%63%6f%6e%74%65%6e%74\/uploads\/2013\/10\/kramer-3-300x225.jpg 300w, https:\/\/informelitoral.com.ar\/%77%70%2d%63%6f%6e%74%65%6e%74\/uploads\/2013\/10\/kramer-3.jpg 960w\" sizes=\"auto, (max-width: 300px) 100vw, 300px\" \/><\/p>\n<p>\u00abLa promesa que hizo nuestro Gobernador esta cumplida, todos ellos tienen la LUZ!!!&#8230;esa promesa que tantos prometieron y no cumplieron, nuestro gobierno ha cumplido, una nueva vida comienza para todos ellos, si vieran como han arreglado sus viviendas, las pintaron, les hicieron distintos arreglos. ..todo por un motivo tan humano, tan necesario para toda familia que tiene esperanzas&#8230;la \u00abENERGIA EL\u00c9CTRICA\u00bb&#8230;.me contaba Mabel&#8230;una habitante del barrio que lava todo el d\u00eda en el lavarropas, no puede creer que ya no tenga que lavar a mano, Jes\u00fas&#8230;otro vecino me contaba que a partir de ma\u00f1ana tendr\u00e1 en\u00a0el ba\u00f1o un calefon y de esa manera ya no necesitar\u00e1 lavarse en un fuenton. Quedan atr\u00e1s a partir de ahora las an\u00e9cdotas de tantos a\u00f1os a vela y a los sol de noche&#8230;.quer\u00eda compartir esta alegr\u00eda que tengo y que me llena el alma&#8230;. poder ver la felicidad de las 70 familias en sus caras esta noche. GRACIAS COMPA\u00d1ERO URRIBARRI por esta alegr\u00eda\u00bb. Escribi\u00f3 textualmente Daniel Kramer en su cuenta de Facebook.<\/p>\n","protected":false},"excerpt":{"rendered":"<p>La obra de electrificaci&oacute;n beneficia a un total de 70 familias del barrio F&aacute;tima de la localidad de Las Cuevas. &laquo;Gracias compa&ntilde;ero Urribarri por esta alegr&iacute;a&raquo; public&oacute; el senador Daniel Kramer, tras visitar a las familias beneficiadas, junto a la presidente de la Junta de Gobierno,Susana Solis. El jueves a la noche, el senador del [&hellip;]<\/p>\n","protected":false},"author":2,"featured_media":0,"comment_status":"open","ping_status":"open","sticky":false,"template":"","format":"standard","meta":{"fifu_image_url":"","fifu_image_alt":"","footnotes":""},"categories":[5,16],"tags":[],"class_list":{"0":"post-3529","1":"post","2":"type-post","3":"status-publish","4":"format-standard","6":"category-zonales","7":"category-politi"},"yoast_head":"<title>Las Cuevas: Kramer celebr\u00f3 la electrificaci\u00f3n en barrio F\u00e1tima - Informe Litoral<\/title>\n<meta name=\"robots\" content=\"index, follow, max-snippet:-1, max-image-preview:large, max-video-preview:-1\" \/>\n<link rel=\"canonical\" href=\"https:\/\/informelitoral.com.ar\/las-cuevas-kramer-celebro-la-electrificacion-en-barrio-fatima\/\" \/>\n<meta property=\"og:locale\" content=\"es_ES\" \/>\n<meta property=\"og:type\" content=\"article\" \/>\n<meta property=\"og:title\" content=\"Las Cuevas: Kramer celebr\u00f3 la electrificaci\u00f3n en barrio F\u00e1tima - Informe Litoral\" \/>\n<meta property=\"og:description\" content=\"La obra de electrificaci&oacute;n beneficia a un total de 70 familias del barrio F&aacute;tima de la localidad de Las Cuevas. &laquo;Gracias compa&ntilde;ero Urribarri por esta alegr&iacute;a&raquo; public&oacute; el senador Daniel Kramer, tras visitar a las familias beneficiadas, junto a la presidente de la Junta de Gobierno,Susana Solis. El jueves a la noche, el senador del [&hellip;]\" \/>\n<meta property=\"og:url\" content=\"https:\/\/informelitoral.com.ar\/las-cuevas-kramer-celebro-la-electrificacion-en-barrio-fatima\/\" \/>\n<meta property=\"og:site_name\" content=\"Informe Litoral\" \/>\n<meta property=\"article:publisher\" content=\"https:\/\/www.facebook.com\/informelitoral\/\" \/>\n<meta property=\"article:published_time\" content=\"2013-10-04T03:10:20+00:00\" \/>\n<meta property=\"article:modified_time\" content=\"2013-10-04T03:30:32+00:00\" \/>\n<meta property=\"og:image\" content=\"https:\/\/informelitoral.com.ar\/%77%70%2d%63%6f%6e%74%65%6e%74\/uploads\/2013\/10\/kramer-1.jpg\" \/>\n\t<meta property=\"og:image:width\" content=\"960\" \/>\n\t<meta property=\"og:image:height\" content=\"720\" \/>\n\t<meta property=\"og:image:type\" content=\"image\/jpeg\" \/>\n<meta name=\"author\" content=\"Gonzalo Schmidt\" \/>\n<meta name=\"twitter:card\" content=\"summary_large_image\" \/>\n<meta name=\"twitter:creator\" content=\"@InformeLitoral\" \/>\n<meta name=\"twitter:site\" content=\"@InformeLitoral\" \/>\n<meta name=\"twitter:label1\" content=\"Escrito por\" \/>\n\t<meta name=\"twitter:data1\" content=\"Gonzalo Schmidt\" \/>\n\t<meta name=\"twitter:label2\" content=\"Tiempo de lectura\" \/>\n\t<meta name=\"twitter:data2\" content=\"2 minutos\" \/>\n<script type=\"application\/ld+json\" class=\"yoast-schema-graph\">{\"@context\":\"https:\\\/\\\/schema.org\",\"@graph\":[{\"@type\":\"Article\",\"@id\":\"https:\\\/\\\/informelitoral.com.ar\\\/las-cuevas-kramer-celebro-la-electrificacion-en-barrio-fatima\\\/#article\",\"isPartOf\":{\"@id\":\"https:\\\/\\\/informelitoral.com.ar\\\/las-cuevas-kramer-celebro-la-electrificacion-en-barrio-fatima\\\/\"},\"author\":{\"name\":\"Gonzalo Schmidt\",\"@id\":\"https:\\\/\\\/informelitoral.com.ar\\\/#\\\/schema\\\/person\\\/b9d00407c836482871ef1d57bf8e3180\"},\"headline\":\"Las Cuevas: Kramer celebr\u00f3 la electrificaci\u00f3n en barrio F\u00e1tima\",\"datePublished\":\"2013-10-04T03:10:20+00:00\",\"dateModified\":\"2013-10-04T03:30:32+00:00\",\"mainEntityOfPage\":{\"@id\":\"https:\\\/\\\/informelitoral.com.ar\\\/las-cuevas-kramer-celebro-la-electrificacion-en-barrio-fatima\\\/\"},\"wordCount\":317,\"commentCount\":0,\"publisher\":{\"@id\":\"https:\\\/\\\/informelitoral.com.ar\\\/#organization\"},\"image\":{\"@id\":\"https:\\\/\\\/informelitoral.com.ar\\\/las-cuevas-kramer-celebro-la-electrificacion-en-barrio-fatima\\\/#primaryimage\"},\"thumbnailUrl\":\"http:\\\/\\\/www.isletasnoticias.com.ar\\\/%77%70%2d%63%6f%6e%74%65%6e%74\\\/uploads\\\/2013\\\/10\\\/kramer-1-300x225.jpg\",\"articleSection\":[\"Departamento Diamante\",\"Politica\"],\"inLanguage\":\"es\",\"potentialAction\":[{\"@type\":\"CommentAction\",\"name\":\"Comment\",\"target\":[\"https:\\\/\\\/informelitoral.com.ar\\\/las-cuevas-kramer-celebro-la-electrificacion-en-barrio-fatima\\\/#respond\"]}]},{\"@type\":\"WebPage\",\"@id\":\"https:\\\/\\\/informelitoral.com.ar\\\/las-cuevas-kramer-celebro-la-electrificacion-en-barrio-fatima\\\/\",\"url\":\"https:\\\/\\\/informelitoral.com.ar\\\/las-cuevas-kramer-celebro-la-electrificacion-en-barrio-fatima\\\/\",\"name\":\"Las Cuevas: Kramer celebr\u00f3 la electrificaci\u00f3n en barrio F\u00e1tima - Informe Litoral\",\"isPartOf\":{\"@id\":\"https:\\\/\\\/informelitoral.com.ar\\\/#website\"},\"primaryImageOfPage\":{\"@id\":\"https:\\\/\\\/informelitoral.com.ar\\\/las-cuevas-kramer-celebro-la-electrificacion-en-barrio-fatima\\\/#primaryimage\"},\"image\":{\"@id\":\"https:\\\/\\\/informelitoral.com.ar\\\/las-cuevas-kramer-celebro-la-electrificacion-en-barrio-fatima\\\/#primaryimage\"},\"thumbnailUrl\":\"http:\\\/\\\/www.isletasnoticias.com.ar\\\/%77%70%2d%63%6f%6e%74%65%6e%74\\\/uploads\\\/2013\\\/10\\\/kramer-1-300x225.jpg\",\"datePublished\":\"2013-10-04T03:10:20+00:00\",\"dateModified\":\"2013-10-04T03:30:32+00:00\",\"breadcrumb\":{\"@id\":\"https:\\\/\\\/informelitoral.com.ar\\\/las-cuevas-kramer-celebro-la-electrificacion-en-barrio-fatima\\\/#breadcrumb\"},\"inLanguage\":\"es\",\"potentialAction\":[{\"@type\":\"ReadAction\",\"target\":[\"https:\\\/\\\/informelitoral.com.ar\\\/las-cuevas-kramer-celebro-la-electrificacion-en-barrio-fatima\\\/\"]}]},{\"@type\":\"ImageObject\",\"inLanguage\":\"es\",\"@id\":\"https:\\\/\\\/informelitoral.com.ar\\\/las-cuevas-kramer-celebro-la-electrificacion-en-barrio-fatima\\\/#primaryimage\",\"url\":\"http:\\\/\\\/www.isletasnoticias.com.ar\\\/%77%70%2d%63%6f%6e%74%65%6e%74\\\/uploads\\\/2013\\\/10\\\/kramer-1-300x225.jpg\",\"contentUrl\":\"http:\\\/\\\/www.isletasnoticias.com.ar\\\/%77%70%2d%63%6f%6e%74%65%6e%74\\\/uploads\\\/2013\\\/10\\\/kramer-1-300x225.jpg\"},{\"@type\":\"BreadcrumbList\",\"@id\":\"https:\\\/\\\/informelitoral.com.ar\\\/las-cuevas-kramer-celebro-la-electrificacion-en-barrio-fatima\\\/#breadcrumb\",\"itemListElement\":[{\"@type\":\"ListItem\",\"position\":1,\"name\":\"Portada\",\"item\":\"https:\\\/\\\/informelitoral.com.ar\\\/\"},{\"@type\":\"ListItem\",\"position\":2,\"name\":\"Las Cuevas: Kramer celebr\u00f3 la electrificaci\u00f3n en barrio F\u00e1tima\"}]},{\"@type\":\"WebSite\",\"@id\":\"https:\\\/\\\/informelitoral.com.ar\\\/#website\",\"url\":\"https:\\\/\\\/informelitoral.com.ar\\\/\",\"name\":\"Informe Litoral\",\"description\":\"&quot;Nos informamos&quot; \",\"publisher\":{\"@id\":\"https:\\\/\\\/informelitoral.com.ar\\\/#organization\"},\"potentialAction\":[{\"@type\":\"SearchAction\",\"target\":{\"@type\":\"EntryPoint\",\"urlTemplate\":\"https:\\\/\\\/informelitoral.com.ar\\\/?s={search_term_string}\"},\"query-input\":{\"@type\":\"PropertyValueSpecification\",\"valueRequired\":true,\"valueName\":\"search_term_string\"}}],\"inLanguage\":\"es\"},{\"@type\":\"Organization\",\"@id\":\"https:\\\/\\\/informelitoral.com.ar\\\/#organization\",\"name\":\"Informe Litoral\",\"url\":\"https:\\\/\\\/informelitoral.com.ar\\\/\",\"logo\":{\"@type\":\"ImageObject\",\"inLanguage\":\"es\",\"@id\":\"https:\\\/\\\/informelitoral.com.ar\\\/#\\\/schema\\\/logo\\\/image\\\/\",\"url\":\"https:\\\/\\\/informelitoral.com.ar\\\/%77%70%2d%63%6f%6e%74%65%6e%74\\\/uploads\\\/2021\\\/01\\\/circulo.png\",\"contentUrl\":\"https:\\\/\\\/informelitoral.com.ar\\\/%77%70%2d%63%6f%6e%74%65%6e%74\\\/uploads\\\/2021\\\/01\\\/circulo.png\",\"width\":723,\"height\":731,\"caption\":\"Informe Litoral\"},\"image\":{\"@id\":\"https:\\\/\\\/informelitoral.com.ar\\\/#\\\/schema\\\/logo\\\/image\\\/\"},\"sameAs\":[\"https:\\\/\\\/www.facebook.com\\\/informelitoral\\\/\",\"https:\\\/\\\/x.com\\\/InformeLitoral\",\"https:\\\/\\\/www.instagram.com\\\/informelitoral\\\/\",\"https:\\\/\\\/www.youtube.com\\\/channel\\\/UCua4Qvz8Icb6MYqhoq9xLXw\"]},{\"@type\":\"Person\",\"@id\":\"https:\\\/\\\/informelitoral.com.ar\\\/#\\\/schema\\\/person\\\/b9d00407c836482871ef1d57bf8e3180\",\"name\":\"Gonzalo Schmidt\",\"image\":{\"@type\":\"ImageObject\",\"inLanguage\":\"es\",\"@id\":\"https:\\\/\\\/secure.gravatar.com\\\/avatar\\\/31a1a7b66ff2de83bd0e9fd79d026630d2d99e55e8bfe501287647b4fd9743de?s=96&d=mm&r=g\",\"url\":\"https:\\\/\\\/secure.gravatar.com\\\/avatar\\\/31a1a7b66ff2de83bd0e9fd79d026630d2d99e55e8bfe501287647b4fd9743de?s=96&d=mm&r=g\",\"contentUrl\":\"https:\\\/\\\/secure.gravatar.com\\\/avatar\\\/31a1a7b66ff2de83bd0e9fd79d026630d2d99e55e8bfe501287647b4fd9743de?s=96&d=mm&r=g\",\"caption\":\"Gonzalo Schmidt\"},\"description\":\"Sitio web de noticias de la provincia de Entre R\u00edos, Argentina. Informaci\u00f3n y entretenimiento. Informe Litoral, nos informamos.\",\"sameAs\":[\"http:\\\/\\\/www.isletasnoticias.com.ar\"],\"url\":\"https:\\\/\\\/informelitoral.com.ar\\\/author\\\/gonzalo\\\/\"}]}<\/script>","yoast_head_json":{"title":"Las Cuevas: Kramer celebr\u00f3 la electrificaci\u00f3n en barrio F\u00e1tima - Informe Litoral","robots":{"index":"index","follow":"follow","max-snippet":"max-snippet:-1","max-image-preview":"max-image-preview:large","max-video-preview":"max-video-preview:-1"},"canonical":"https:\/\/informelitoral.com.ar\/las-cuevas-kramer-celebro-la-electrificacion-en-barrio-fatima\/","og_locale":"es_ES","og_type":"article","og_title":"Las Cuevas: Kramer celebr\u00f3 la electrificaci\u00f3n en barrio F\u00e1tima - Informe Litoral","og_description":"La obra de electrificaci&oacute;n beneficia a un total de 70 familias del barrio F&aacute;tima de la localidad de Las Cuevas. &laquo;Gracias compa&ntilde;ero Urribarri por esta alegr&iacute;a&raquo; public&oacute; el senador Daniel Kramer, tras visitar a las familias beneficiadas, junto a la presidente de la Junta de Gobierno,Susana Solis. El jueves a la noche, el senador del [&hellip;]","og_url":"https:\/\/informelitoral.com.ar\/las-cuevas-kramer-celebro-la-electrificacion-en-barrio-fatima\/","og_site_name":"Informe Litoral","article_publisher":"https:\/\/www.facebook.com\/informelitoral\/","article_published_time":"2013-10-04T03:10:20+00:00","article_modified_time":"2013-10-04T03:30:32+00:00","og_image":[{"width":960,"height":720,"url":"https:\/\/informelitoral.com.ar\/%77%70%2d%63%6f%6e%74%65%6e%74\/uploads\/2013\/10\/kramer-1.jpg","type":"image\/jpeg"}],"author":"Gonzalo Schmidt","twitter_card":"summary_large_image","twitter_creator":"@InformeLitoral","twitter_site":"@InformeLitoral","twitter_misc":{"Escrito por":"Gonzalo Schmidt","Tiempo de lectura":"2 minutos"},"schema":{"@context":"https:\/\/schema.org","@graph":[{"@type":"Article","@id":"https:\/\/informelitoral.com.ar\/las-cuevas-kramer-celebro-la-electrificacion-en-barrio-fatima\/#article","isPartOf":{"@id":"https:\/\/informelitoral.com.ar\/las-cuevas-kramer-celebro-la-electrificacion-en-barrio-fatima\/"},"author":{"name":"Gonzalo Schmidt","@id":"https:\/\/informelitoral.com.ar\/#\/schema\/person\/b9d00407c836482871ef1d57bf8e3180"},"headline":"Las Cuevas: Kramer celebr\u00f3 la electrificaci\u00f3n en barrio F\u00e1tima","datePublished":"2013-10-04T03:10:20+00:00","dateModified":"2013-10-04T03:30:32+00:00","mainEntityOfPage":{"@id":"https:\/\/informelitoral.com.ar\/las-cuevas-kramer-celebro-la-electrificacion-en-barrio-fatima\/"},"wordCount":317,"commentCount":0,"publisher":{"@id":"https:\/\/informelitoral.com.ar\/#organization"},"image":{"@id":"https:\/\/informelitoral.com.ar\/las-cuevas-kramer-celebro-la-electrificacion-en-barrio-fatima\/#primaryimage"},"thumbnailUrl":"http:\/\/www.isletasnoticias.com.ar\/%77%70%2d%63%6f%6e%74%65%6e%74\/uploads\/2013\/10\/kramer-1-300x225.jpg","articleSection":["Departamento Diamante","Politica"],"inLanguage":"es","potentialAction":[{"@type":"CommentAction","name":"Comment","target":["https:\/\/informelitoral.com.ar\/las-cuevas-kramer-celebro-la-electrificacion-en-barrio-fatima\/#respond"]}]},{"@type":"WebPage","@id":"https:\/\/informelitoral.com.ar\/las-cuevas-kramer-celebro-la-electrificacion-en-barrio-fatima\/","url":"https:\/\/informelitoral.com.ar\/las-cuevas-kramer-celebro-la-electrificacion-en-barrio-fatima\/","name":"Las Cuevas: Kramer celebr\u00f3 la electrificaci\u00f3n en barrio F\u00e1tima - Informe Litoral","isPartOf":{"@id":"https:\/\/informelitoral.com.ar\/#website"},"primaryImageOfPage":{"@id":"https:\/\/informelitoral.com.ar\/las-cuevas-kramer-celebro-la-electrificacion-en-barrio-fatima\/#primaryimage"},"image":{"@id":"https:\/\/informelitoral.com.ar\/las-cuevas-kramer-celebro-la-electrificacion-en-barrio-fatima\/#primaryimage"},"thumbnailUrl":"http:\/\/www.isletasnoticias.com.ar\/%77%70%2d%63%6f%6e%74%65%6e%74\/uploads\/2013\/10\/kramer-1-300x225.jpg","datePublished":"2013-10-04T03:10:20+00:00","dateModified":"2013-10-04T03:30:32+00:00","breadcrumb":{"@id":"https:\/\/informelitoral.com.ar\/las-cuevas-kramer-celebro-la-electrificacion-en-barrio-fatima\/#breadcrumb"},"inLanguage":"es","potentialAction":[{"@type":"ReadAction","target":["https:\/\/informelitoral.com.ar\/las-cuevas-kramer-celebro-la-electrificacion-en-barrio-fatima\/"]}]},{"@type":"ImageObject","inLanguage":"es","@id":"https:\/\/informelitoral.com.ar\/las-cuevas-kramer-celebro-la-electrificacion-en-barrio-fatima\/#primaryimage","url":"http:\/\/www.isletasnoticias.com.ar\/%77%70%2d%63%6f%6e%74%65%6e%74\/uploads\/2013\/10\/kramer-1-300x225.jpg","contentUrl":"http:\/\/www.isletasnoticias.com.ar\/%77%70%2d%63%6f%6e%74%65%6e%74\/uploads\/2013\/10\/kramer-1-300x225.jpg"},{"@type":"BreadcrumbList","@id":"https:\/\/informelitoral.com.ar\/las-cuevas-kramer-celebro-la-electrificacion-en-barrio-fatima\/#breadcrumb","itemListElement":[{"@type":"ListItem","position":1,"name":"Portada","item":"https:\/\/informelitoral.com.ar\/"},{"@type":"ListItem","position":2,"name":"Las Cuevas: Kramer celebr\u00f3 la electrificaci\u00f3n en barrio F\u00e1tima"}]},{"@type":"WebSite","@id":"https:\/\/informelitoral.com.ar\/#website","url":"https:\/\/informelitoral.com.ar\/","name":"Informe Litoral","description":"&quot;Nos informamos&quot; ","publisher":{"@id":"https:\/\/informelitoral.com.ar\/#organization"},"potentialAction":[{"@type":"SearchAction","target":{"@type":"EntryPoint","urlTemplate":"https:\/\/informelitoral.com.ar\/?s={search_term_string}"},"query-input":{"@type":"PropertyValueSpecification","valueRequired":true,"valueName":"search_term_string"}}],"inLanguage":"es"},{"@type":"Organization","@id":"https:\/\/informelitoral.com.ar\/#organization","name":"Informe Litoral","url":"https:\/\/informelitoral.com.ar\/","logo":{"@type":"ImageObject","inLanguage":"es","@id":"https:\/\/informelitoral.com.ar\/#\/schema\/logo\/image\/","url":"https:\/\/informelitoral.com.ar\/%77%70%2d%63%6f%6e%74%65%6e%74\/uploads\/2021\/01\/circulo.png","contentUrl":"https:\/\/informelitoral.com.ar\/%77%70%2d%63%6f%6e%74%65%6e%74\/uploads\/2021\/01\/circulo.png","width":723,"height":731,"caption":"Informe Litoral"},"image":{"@id":"https:\/\/informelitoral.com.ar\/#\/schema\/logo\/image\/"},"sameAs":["https:\/\/www.facebook.com\/informelitoral\/","https:\/\/x.com\/InformeLitoral","https:\/\/www.instagram.com\/informelitoral\/","https:\/\/www.youtube.com\/channel\/UCua4Qvz8Icb6MYqhoq9xLXw"]},{"@type":"Person","@id":"https:\/\/informelitoral.com.ar\/#\/schema\/person\/b9d00407c836482871ef1d57bf8e3180","name":"Gonzalo Schmidt","image":{"@type":"ImageObject","inLanguage":"es","@id":"https:\/\/secure.gravatar.com\/avatar\/31a1a7b66ff2de83bd0e9fd79d026630d2d99e55e8bfe501287647b4fd9743de?s=96&d=mm&r=g","url":"https:\/\/secure.gravatar.com\/avatar\/31a1a7b66ff2de83bd0e9fd79d026630d2d99e55e8bfe501287647b4fd9743de?s=96&d=mm&r=g","contentUrl":"https:\/\/secure.gravatar.com\/avatar\/31a1a7b66ff2de83bd0e9fd79d026630d2d99e55e8bfe501287647b4fd9743de?s=96&d=mm&r=g","caption":"Gonzalo Schmidt"},"description":"Sitio web de noticias de la provincia de Entre R\u00edos, Argentina. Informaci\u00f3n y entretenimiento. Informe Litoral, nos informamos.","sameAs":["http:\/\/www.isletasnoticias.com.ar"],"url":"https:\/\/informelitoral.com.ar\/author\/gonzalo\/"}]}},"_links":{"self":[{"href":"https:\/\/informelitoral.com.ar\/%77%70%2d%6a%73%6f%6e\/wp\/v2\/posts\/3529","targetHints":{"allow":["GET"]}}],"collection":[{"href":"https:\/\/informelitoral.com.ar\/%77%70%2d%6a%73%6f%6e\/wp\/v2\/posts"}],"about":[{"href":"https:\/\/informelitoral.com.ar\/%77%70%2d%6a%73%6f%6e\/wp\/v2\/types\/post"}],"author":[{"embeddable":true,"href":"https:\/\/informelitoral.com.ar\/%77%70%2d%6a%73%6f%6e\/wp\/v2\/users\/2"}],"replies":[{"embeddable":true,"href":"https:\/\/informelitoral.com.ar\/%77%70%2d%6a%73%6f%6e\/wp\/v2\/comments?post=3529"}],"version-history":[{"count":0,"href":"https:\/\/informelitoral.com.ar\/%77%70%2d%6a%73%6f%6e\/wp\/v2\/posts\/3529\/revisions"}],"wp:attachment":[{"href":"https:\/\/informelitoral.com.ar\/%77%70%2d%6a%73%6f%6e\/wp\/v2\/media?parent=3529"}],"wp:term":[{"taxonomy":"category","embeddable":true,"href":"https:\/\/informelitoral.com.ar\/%77%70%2d%6a%73%6f%6e\/wp\/v2\/categories?post=3529"},{"taxonomy":"post_tag","embeddable":true,"href":"https:\/\/informelitoral.com.ar\/%77%70%2d%6a%73%6f%6e\/wp\/v2\/tags?post=3529"}],"curies":[{"name":"wp","href":"https:\/\/api.w.org\/{rel}","templated":true}]}}