{"id":3523,"date":"2013-10-03T15:21:56","date_gmt":"2013-10-03T18:21:56","guid":{"rendered":"http:\/\/www.isletasnoticias.com.ar\/?p=3523"},"modified":"2013-10-04T10:10:25","modified_gmt":"2013-10-04T13:10:25","slug":"ramirez-la-colectividad-alemena-tendra-un-nuevo-programa-radial","status":"publish","type":"post","link":"https:\/\/informelitoral.com.ar\/ramirez-la-colectividad-alemena-tendra-un-nuevo-programa-radial\/","title":{"rendered":"Ram\u00edrez: La Colectividad Alemena tendr\u00e1 un nuevo programa radial"},"content":{"rendered":"<p><strong>El\u00a0nuevo ciclo radial de la Colectividad Alemana de General Ram\u00edrez ir\u00e1 los domingos de 10:30 a 13:00, por <em>FM Eco 100.3<\/em> o www.fmeco1003.com.ar\u00a0<\/strong><\/p>\n<p style=\"text-align: center;\"><img loading=\"lazy\" decoding=\"async\" class=\"size-medium wp-image-3524 aligncenter\" title=\"El pasado domingo, Ariel Hayman present\u00f3 al  conductor y operador t\u00e9cnico del nuevo programa\" alt=\"\" src=\"http:\/\/www.isletasnoticias.com.ar\/%77%70%2d%63%6f%6e%74%65%6e%74\/uploads\/2013\/10\/Foto0420-300x225.jpg\" width=\"300\" height=\"225\" srcset=\"https:\/\/informelitoral.com.ar\/%77%70%2d%63%6f%6e%74%65%6e%74\/uploads\/2013\/10\/Foto0420-300x225.jpg 300w, https:\/\/informelitoral.com.ar\/%77%70%2d%63%6f%6e%74%65%6e%74\/uploads\/2013\/10\/Foto0420-1024x768.jpg 1024w, https:\/\/informelitoral.com.ar\/%77%70%2d%63%6f%6e%74%65%6e%74\/uploads\/2013\/10\/Foto0420.jpg 2048w\" sizes=\"auto, (max-width: 300px) 100vw, 300px\" \/><\/p>\n<p><strong>Gonzalo Schmidt<\/strong> en la conducci\u00f3n y <strong>Emi<\/strong><strong>liano Sch\u00e1nzenbach<\/strong> en la operaci\u00f3n t\u00e9cnica, ser\u00e1n los encargados, a partir de este domingo, de darle vida al flamante programa radial de la Colectividad Alemana de General Ram\u00edrez.<\/p>\n<p>La mencionada Colectividad tiene su es<a href=\"http:\/\/www.isletasnoticias.com.ar\/%77%70%2d%63%6f%6e%74%65%6e%74\/uploads\/2013\/10\/uno.jpg\"><img loading=\"lazy\" decoding=\"async\" class=\"size-full wp-image-3525 alignright\" title=\"Emiliano Sch\u00e1nzenbach ser\u00e1 el operador t\u00e9cnico del programa.\" alt=\"\" src=\"http:\/\/www.isletasnoticias.com.ar\/%77%70%2d%63%6f%6e%74%65%6e%74\/uploads\/2013\/10\/uno.jpg\" width=\"274\" height=\"206\" \/><\/a>pacio desde hace m\u00e1s de 10 a\u00f1os en la emisora ramirense y si bien el formato del programa siempre se mantuvo, han pasado distintos conductores y operadores t\u00e9cnicos por el ciclo. En este caso, a partir del corrientes mes, es el turno de Schmidt (conducci\u00f3n) y Sch\u00e1nzenbach (operaci\u00f3n t\u00e9cnica). Ambos actualmente son son parte del programa <em>Uno por Semana<\/em>, que se emite los s\u00e1bados por la Eco.<\/p>\n<p>Hasta el domingo \u00faltimo, el programa de la colectividad, llamado <em>\u00abTirando la Matratz\u00bb,<\/em> era conducido por <strong>Ariel Hayman<\/strong>, y operado t\u00e9cnicamente por <strong>Pablo Steinbach, <\/strong>quienes decidieron despedirse de la audiencia, tras haber cumplido un ciclo, aunque no descartaron volver en alg\u00fan momento.<\/p>\n<p style=\"text-align: left;\">El programa\u00a0ir\u00e1 en el mismo horario y ser\u00e1 un espacio para difundir la m\u00fasica y las cultura de los Alemanes del Volga.<\/p>\n","protected":false},"excerpt":{"rendered":"<p>El&nbsp;nuevo ciclo radial de la Colectividad Alemana de General Ram&iacute;rez ir&aacute; los domingos de 10:30 a 13:00, por FM Eco 100.3 o www.fmeco1003.com.ar&nbsp; Gonzalo Schmidt en la conducci&oacute;n y Emiliano Sch&aacute;nzenbach en la operaci&oacute;n t&eacute;cnica, ser&aacute;n los encargados, a partir de este domingo, de darle vida al flamante programa radial de la Colectividad Alemana de [&hellip;]<\/p>\n","protected":false},"author":2,"featured_media":0,"comment_status":"open","ping_status":"open","sticky":false,"template":"","format":"standard","meta":{"fifu_image_url":"","fifu_image_alt":"","footnotes":""},"categories":[12,9],"tags":[],"class_list":{"0":"post-3523","1":"post","2":"type-post","3":"status-publish","4":"format-standard","6":"category-espectaculos","7":"category-sociedad"},"yoast_head":"<title>Ram\u00edrez: La Colectividad Alemena tendr\u00e1 un nuevo programa radial   - Informe Litoral<\/title>\n<meta name=\"robots\" content=\"index, follow, max-snippet:-1, max-image-preview:large, max-video-preview:-1\" \/>\n<link rel=\"canonical\" href=\"https:\/\/informelitoral.com.ar\/ramirez-la-colectividad-alemena-tendra-un-nuevo-programa-radial\/\" \/>\n<meta property=\"og:locale\" content=\"es_ES\" \/>\n<meta property=\"og:type\" content=\"article\" \/>\n<meta property=\"og:title\" content=\"Ram\u00edrez: La Colectividad Alemena tendr\u00e1 un nuevo programa radial   - Informe Litoral\" \/>\n<meta property=\"og:description\" content=\"El&nbsp;nuevo ciclo radial de la Colectividad Alemana de General Ram&iacute;rez ir&aacute; los domingos de 10:30 a 13:00, por FM Eco 100.3 o www.fmeco1003.com.ar&nbsp; Gonzalo Schmidt en la conducci&oacute;n y Emiliano Sch&aacute;nzenbach en la operaci&oacute;n t&eacute;cnica, ser&aacute;n los encargados, a partir de este domingo, de darle vida al flamante programa radial de la Colectividad Alemana de [&hellip;]\" \/>\n<meta property=\"og:url\" content=\"https:\/\/informelitoral.com.ar\/ramirez-la-colectividad-alemena-tendra-un-nuevo-programa-radial\/\" \/>\n<meta property=\"og:site_name\" content=\"Informe Litoral\" \/>\n<meta property=\"article:publisher\" content=\"https:\/\/www.facebook.com\/informelitoral\/\" \/>\n<meta property=\"article:published_time\" content=\"2013-10-03T18:21:56+00:00\" \/>\n<meta property=\"article:modified_time\" content=\"2013-10-04T13:10:25+00:00\" \/>\n<meta property=\"og:image\" content=\"https:\/\/informelitoral.com.ar\/%77%70%2d%63%6f%6e%74%65%6e%74\/uploads\/2013\/10\/Foto0420.jpg\" \/>\n\t<meta property=\"og:image:width\" content=\"2048\" \/>\n\t<meta property=\"og:image:height\" content=\"1536\" \/>\n\t<meta property=\"og:image:type\" content=\"image\/jpeg\" \/>\n<meta name=\"author\" content=\"Gonzalo Schmidt\" \/>\n<meta name=\"twitter:card\" content=\"summary_large_image\" \/>\n<meta name=\"twitter:creator\" content=\"@InformeLitoral\" \/>\n<meta name=\"twitter:site\" content=\"@InformeLitoral\" \/>\n<meta name=\"twitter:label1\" content=\"Escrito por\" \/>\n\t<meta name=\"twitter:data1\" content=\"Gonzalo Schmidt\" \/>\n\t<meta name=\"twitter:label2\" content=\"Tiempo de lectura\" \/>\n\t<meta name=\"twitter:data2\" content=\"1 minuto\" \/>\n<script type=\"application\/ld+json\" class=\"yoast-schema-graph\">{\"@context\":\"https:\\\/\\\/schema.org\",\"@graph\":[{\"@type\":\"Article\",\"@id\":\"https:\\\/\\\/informelitoral.com.ar\\\/ramirez-la-colectividad-alemena-tendra-un-nuevo-programa-radial\\\/#article\",\"isPartOf\":{\"@id\":\"https:\\\/\\\/informelitoral.com.ar\\\/ramirez-la-colectividad-alemena-tendra-un-nuevo-programa-radial\\\/\"},\"author\":{\"name\":\"Gonzalo Schmidt\",\"@id\":\"https:\\\/\\\/informelitoral.com.ar\\\/#\\\/schema\\\/person\\\/b9d00407c836482871ef1d57bf8e3180\"},\"headline\":\"Ram\u00edrez: La Colectividad Alemena tendr\u00e1 un nuevo programa radial\",\"datePublished\":\"2013-10-03T18:21:56+00:00\",\"dateModified\":\"2013-10-04T13:10:25+00:00\",\"mainEntityOfPage\":{\"@id\":\"https:\\\/\\\/informelitoral.com.ar\\\/ramirez-la-colectividad-alemena-tendra-un-nuevo-programa-radial\\\/\"},\"wordCount\":224,\"commentCount\":0,\"publisher\":{\"@id\":\"https:\\\/\\\/informelitoral.com.ar\\\/#organization\"},\"image\":{\"@id\":\"https:\\\/\\\/informelitoral.com.ar\\\/ramirez-la-colectividad-alemena-tendra-un-nuevo-programa-radial\\\/#primaryimage\"},\"thumbnailUrl\":\"http:\\\/\\\/www.isletasnoticias.com.ar\\\/%77%70%2d%63%6f%6e%74%65%6e%74\\\/uploads\\\/2013\\\/10\\\/Foto0420-300x225.jpg\",\"articleSection\":[\"Espect\u00e1culos\",\"Sociedad\"],\"inLanguage\":\"es\",\"potentialAction\":[{\"@type\":\"CommentAction\",\"name\":\"Comment\",\"target\":[\"https:\\\/\\\/informelitoral.com.ar\\\/ramirez-la-colectividad-alemena-tendra-un-nuevo-programa-radial\\\/#respond\"]}]},{\"@type\":\"WebPage\",\"@id\":\"https:\\\/\\\/informelitoral.com.ar\\\/ramirez-la-colectividad-alemena-tendra-un-nuevo-programa-radial\\\/\",\"url\":\"https:\\\/\\\/informelitoral.com.ar\\\/ramirez-la-colectividad-alemena-tendra-un-nuevo-programa-radial\\\/\",\"name\":\"Ram\u00edrez: La Colectividad Alemena tendr\u00e1 un nuevo programa radial - Informe Litoral\",\"isPartOf\":{\"@id\":\"https:\\\/\\\/informelitoral.com.ar\\\/#website\"},\"primaryImageOfPage\":{\"@id\":\"https:\\\/\\\/informelitoral.com.ar\\\/ramirez-la-colectividad-alemena-tendra-un-nuevo-programa-radial\\\/#primaryimage\"},\"image\":{\"@id\":\"https:\\\/\\\/informelitoral.com.ar\\\/ramirez-la-colectividad-alemena-tendra-un-nuevo-programa-radial\\\/#primaryimage\"},\"thumbnailUrl\":\"http:\\\/\\\/www.isletasnoticias.com.ar\\\/%77%70%2d%63%6f%6e%74%65%6e%74\\\/uploads\\\/2013\\\/10\\\/Foto0420-300x225.jpg\",\"datePublished\":\"2013-10-03T18:21:56+00:00\",\"dateModified\":\"2013-10-04T13:10:25+00:00\",\"breadcrumb\":{\"@id\":\"https:\\\/\\\/informelitoral.com.ar\\\/ramirez-la-colectividad-alemena-tendra-un-nuevo-programa-radial\\\/#breadcrumb\"},\"inLanguage\":\"es\",\"potentialAction\":[{\"@type\":\"ReadAction\",\"target\":[\"https:\\\/\\\/informelitoral.com.ar\\\/ramirez-la-colectividad-alemena-tendra-un-nuevo-programa-radial\\\/\"]}]},{\"@type\":\"ImageObject\",\"inLanguage\":\"es\",\"@id\":\"https:\\\/\\\/informelitoral.com.ar\\\/ramirez-la-colectividad-alemena-tendra-un-nuevo-programa-radial\\\/#primaryimage\",\"url\":\"http:\\\/\\\/www.isletasnoticias.com.ar\\\/%77%70%2d%63%6f%6e%74%65%6e%74\\\/uploads\\\/2013\\\/10\\\/Foto0420-300x225.jpg\",\"contentUrl\":\"http:\\\/\\\/www.isletasnoticias.com.ar\\\/%77%70%2d%63%6f%6e%74%65%6e%74\\\/uploads\\\/2013\\\/10\\\/Foto0420-300x225.jpg\"},{\"@type\":\"BreadcrumbList\",\"@id\":\"https:\\\/\\\/informelitoral.com.ar\\\/ramirez-la-colectividad-alemena-tendra-un-nuevo-programa-radial\\\/#breadcrumb\",\"itemListElement\":[{\"@type\":\"ListItem\",\"position\":1,\"name\":\"Portada\",\"item\":\"https:\\\/\\\/informelitoral.com.ar\\\/\"},{\"@type\":\"ListItem\",\"position\":2,\"name\":\"Ram\u00edrez: La Colectividad Alemena tendr\u00e1 un nuevo programa radial\"}]},{\"@type\":\"WebSite\",\"@id\":\"https:\\\/\\\/informelitoral.com.ar\\\/#website\",\"url\":\"https:\\\/\\\/informelitoral.com.ar\\\/\",\"name\":\"Informe Litoral\",\"description\":\"&quot;Nos informamos&quot; \",\"publisher\":{\"@id\":\"https:\\\/\\\/informelitoral.com.ar\\\/#organization\"},\"potentialAction\":[{\"@type\":\"SearchAction\",\"target\":{\"@type\":\"EntryPoint\",\"urlTemplate\":\"https:\\\/\\\/informelitoral.com.ar\\\/?s={search_term_string}\"},\"query-input\":{\"@type\":\"PropertyValueSpecification\",\"valueRequired\":true,\"valueName\":\"search_term_string\"}}],\"inLanguage\":\"es\"},{\"@type\":\"Organization\",\"@id\":\"https:\\\/\\\/informelitoral.com.ar\\\/#organization\",\"name\":\"Informe Litoral\",\"url\":\"https:\\\/\\\/informelitoral.com.ar\\\/\",\"logo\":{\"@type\":\"ImageObject\",\"inLanguage\":\"es\",\"@id\":\"https:\\\/\\\/informelitoral.com.ar\\\/#\\\/schema\\\/logo\\\/image\\\/\",\"url\":\"https:\\\/\\\/informelitoral.com.ar\\\/%77%70%2d%63%6f%6e%74%65%6e%74\\\/uploads\\\/2021\\\/01\\\/circulo.png\",\"contentUrl\":\"https:\\\/\\\/informelitoral.com.ar\\\/%77%70%2d%63%6f%6e%74%65%6e%74\\\/uploads\\\/2021\\\/01\\\/circulo.png\",\"width\":723,\"height\":731,\"caption\":\"Informe Litoral\"},\"image\":{\"@id\":\"https:\\\/\\\/informelitoral.com.ar\\\/#\\\/schema\\\/logo\\\/image\\\/\"},\"sameAs\":[\"https:\\\/\\\/www.facebook.com\\\/informelitoral\\\/\",\"https:\\\/\\\/x.com\\\/InformeLitoral\",\"https:\\\/\\\/www.instagram.com\\\/informelitoral\\\/\",\"https:\\\/\\\/www.youtube.com\\\/channel\\\/UCua4Qvz8Icb6MYqhoq9xLXw\"]},{\"@type\":\"Person\",\"@id\":\"https:\\\/\\\/informelitoral.com.ar\\\/#\\\/schema\\\/person\\\/b9d00407c836482871ef1d57bf8e3180\",\"name\":\"Gonzalo Schmidt\",\"image\":{\"@type\":\"ImageObject\",\"inLanguage\":\"es\",\"@id\":\"https:\\\/\\\/secure.gravatar.com\\\/avatar\\\/31a1a7b66ff2de83bd0e9fd79d026630d2d99e55e8bfe501287647b4fd9743de?s=96&d=mm&r=g\",\"url\":\"https:\\\/\\\/secure.gravatar.com\\\/avatar\\\/31a1a7b66ff2de83bd0e9fd79d026630d2d99e55e8bfe501287647b4fd9743de?s=96&d=mm&r=g\",\"contentUrl\":\"https:\\\/\\\/secure.gravatar.com\\\/avatar\\\/31a1a7b66ff2de83bd0e9fd79d026630d2d99e55e8bfe501287647b4fd9743de?s=96&d=mm&r=g\",\"caption\":\"Gonzalo Schmidt\"},\"description\":\"Sitio web de noticias de la provincia de Entre R\u00edos, Argentina. Informaci\u00f3n y entretenimiento. Informe Litoral, nos informamos.\",\"sameAs\":[\"http:\\\/\\\/www.isletasnoticias.com.ar\"],\"url\":\"https:\\\/\\\/informelitoral.com.ar\\\/author\\\/gonzalo\\\/\"}]}<\/script>","yoast_head_json":{"title":"Ram\u00edrez: La Colectividad Alemena tendr\u00e1 un nuevo programa radial   - Informe Litoral","robots":{"index":"index","follow":"follow","max-snippet":"max-snippet:-1","max-image-preview":"max-image-preview:large","max-video-preview":"max-video-preview:-1"},"canonical":"https:\/\/informelitoral.com.ar\/ramirez-la-colectividad-alemena-tendra-un-nuevo-programa-radial\/","og_locale":"es_ES","og_type":"article","og_title":"Ram\u00edrez: La Colectividad Alemena tendr\u00e1 un nuevo programa radial   - Informe Litoral","og_description":"El&nbsp;nuevo ciclo radial de la Colectividad Alemana de General Ram&iacute;rez ir&aacute; los domingos de 10:30 a 13:00, por FM Eco 100.3 o www.fmeco1003.com.ar&nbsp; Gonzalo Schmidt en la conducci&oacute;n y Emiliano Sch&aacute;nzenbach en la operaci&oacute;n t&eacute;cnica, ser&aacute;n los encargados, a partir de este domingo, de darle vida al flamante programa radial de la Colectividad Alemana de [&hellip;]","og_url":"https:\/\/informelitoral.com.ar\/ramirez-la-colectividad-alemena-tendra-un-nuevo-programa-radial\/","og_site_name":"Informe Litoral","article_publisher":"https:\/\/www.facebook.com\/informelitoral\/","article_published_time":"2013-10-03T18:21:56+00:00","article_modified_time":"2013-10-04T13:10:25+00:00","og_image":[{"width":2048,"height":1536,"url":"https:\/\/informelitoral.com.ar\/%77%70%2d%63%6f%6e%74%65%6e%74\/uploads\/2013\/10\/Foto0420.jpg","type":"image\/jpeg"}],"author":"Gonzalo Schmidt","twitter_card":"summary_large_image","twitter_creator":"@InformeLitoral","twitter_site":"@InformeLitoral","twitter_misc":{"Escrito por":"Gonzalo Schmidt","Tiempo de lectura":"1 minuto"},"schema":{"@context":"https:\/\/schema.org","@graph":[{"@type":"Article","@id":"https:\/\/informelitoral.com.ar\/ramirez-la-colectividad-alemena-tendra-un-nuevo-programa-radial\/#article","isPartOf":{"@id":"https:\/\/informelitoral.com.ar\/ramirez-la-colectividad-alemena-tendra-un-nuevo-programa-radial\/"},"author":{"name":"Gonzalo Schmidt","@id":"https:\/\/informelitoral.com.ar\/#\/schema\/person\/b9d00407c836482871ef1d57bf8e3180"},"headline":"Ram\u00edrez: La Colectividad Alemena tendr\u00e1 un nuevo programa radial","datePublished":"2013-10-03T18:21:56+00:00","dateModified":"2013-10-04T13:10:25+00:00","mainEntityOfPage":{"@id":"https:\/\/informelitoral.com.ar\/ramirez-la-colectividad-alemena-tendra-un-nuevo-programa-radial\/"},"wordCount":224,"commentCount":0,"publisher":{"@id":"https:\/\/informelitoral.com.ar\/#organization"},"image":{"@id":"https:\/\/informelitoral.com.ar\/ramirez-la-colectividad-alemena-tendra-un-nuevo-programa-radial\/#primaryimage"},"thumbnailUrl":"http:\/\/www.isletasnoticias.com.ar\/%77%70%2d%63%6f%6e%74%65%6e%74\/uploads\/2013\/10\/Foto0420-300x225.jpg","articleSection":["Espect\u00e1culos","Sociedad"],"inLanguage":"es","potentialAction":[{"@type":"CommentAction","name":"Comment","target":["https:\/\/informelitoral.com.ar\/ramirez-la-colectividad-alemena-tendra-un-nuevo-programa-radial\/#respond"]}]},{"@type":"WebPage","@id":"https:\/\/informelitoral.com.ar\/ramirez-la-colectividad-alemena-tendra-un-nuevo-programa-radial\/","url":"https:\/\/informelitoral.com.ar\/ramirez-la-colectividad-alemena-tendra-un-nuevo-programa-radial\/","name":"Ram\u00edrez: La Colectividad Alemena tendr\u00e1 un nuevo programa radial - Informe Litoral","isPartOf":{"@id":"https:\/\/informelitoral.com.ar\/#website"},"primaryImageOfPage":{"@id":"https:\/\/informelitoral.com.ar\/ramirez-la-colectividad-alemena-tendra-un-nuevo-programa-radial\/#primaryimage"},"image":{"@id":"https:\/\/informelitoral.com.ar\/ramirez-la-colectividad-alemena-tendra-un-nuevo-programa-radial\/#primaryimage"},"thumbnailUrl":"http:\/\/www.isletasnoticias.com.ar\/%77%70%2d%63%6f%6e%74%65%6e%74\/uploads\/2013\/10\/Foto0420-300x225.jpg","datePublished":"2013-10-03T18:21:56+00:00","dateModified":"2013-10-04T13:10:25+00:00","breadcrumb":{"@id":"https:\/\/informelitoral.com.ar\/ramirez-la-colectividad-alemena-tendra-un-nuevo-programa-radial\/#breadcrumb"},"inLanguage":"es","potentialAction":[{"@type":"ReadAction","target":["https:\/\/informelitoral.com.ar\/ramirez-la-colectividad-alemena-tendra-un-nuevo-programa-radial\/"]}]},{"@type":"ImageObject","inLanguage":"es","@id":"https:\/\/informelitoral.com.ar\/ramirez-la-colectividad-alemena-tendra-un-nuevo-programa-radial\/#primaryimage","url":"http:\/\/www.isletasnoticias.com.ar\/%77%70%2d%63%6f%6e%74%65%6e%74\/uploads\/2013\/10\/Foto0420-300x225.jpg","contentUrl":"http:\/\/www.isletasnoticias.com.ar\/%77%70%2d%63%6f%6e%74%65%6e%74\/uploads\/2013\/10\/Foto0420-300x225.jpg"},{"@type":"BreadcrumbList","@id":"https:\/\/informelitoral.com.ar\/ramirez-la-colectividad-alemena-tendra-un-nuevo-programa-radial\/#breadcrumb","itemListElement":[{"@type":"ListItem","position":1,"name":"Portada","item":"https:\/\/informelitoral.com.ar\/"},{"@type":"ListItem","position":2,"name":"Ram\u00edrez: La Colectividad Alemena tendr\u00e1 un nuevo programa radial"}]},{"@type":"WebSite","@id":"https:\/\/informelitoral.com.ar\/#website","url":"https:\/\/informelitoral.com.ar\/","name":"Informe Litoral","description":"&quot;Nos informamos&quot; ","publisher":{"@id":"https:\/\/informelitoral.com.ar\/#organization"},"potentialAction":[{"@type":"SearchAction","target":{"@type":"EntryPoint","urlTemplate":"https:\/\/informelitoral.com.ar\/?s={search_term_string}"},"query-input":{"@type":"PropertyValueSpecification","valueRequired":true,"valueName":"search_term_string"}}],"inLanguage":"es"},{"@type":"Organization","@id":"https:\/\/informelitoral.com.ar\/#organization","name":"Informe Litoral","url":"https:\/\/informelitoral.com.ar\/","logo":{"@type":"ImageObject","inLanguage":"es","@id":"https:\/\/informelitoral.com.ar\/#\/schema\/logo\/image\/","url":"https:\/\/informelitoral.com.ar\/%77%70%2d%63%6f%6e%74%65%6e%74\/uploads\/2021\/01\/circulo.png","contentUrl":"https:\/\/informelitoral.com.ar\/%77%70%2d%63%6f%6e%74%65%6e%74\/uploads\/2021\/01\/circulo.png","width":723,"height":731,"caption":"Informe Litoral"},"image":{"@id":"https:\/\/informelitoral.com.ar\/#\/schema\/logo\/image\/"},"sameAs":["https:\/\/www.facebook.com\/informelitoral\/","https:\/\/x.com\/InformeLitoral","https:\/\/www.instagram.com\/informelitoral\/","https:\/\/www.youtube.com\/channel\/UCua4Qvz8Icb6MYqhoq9xLXw"]},{"@type":"Person","@id":"https:\/\/informelitoral.com.ar\/#\/schema\/person\/b9d00407c836482871ef1d57bf8e3180","name":"Gonzalo Schmidt","image":{"@type":"ImageObject","inLanguage":"es","@id":"https:\/\/secure.gravatar.com\/avatar\/31a1a7b66ff2de83bd0e9fd79d026630d2d99e55e8bfe501287647b4fd9743de?s=96&d=mm&r=g","url":"https:\/\/secure.gravatar.com\/avatar\/31a1a7b66ff2de83bd0e9fd79d026630d2d99e55e8bfe501287647b4fd9743de?s=96&d=mm&r=g","contentUrl":"https:\/\/secure.gravatar.com\/avatar\/31a1a7b66ff2de83bd0e9fd79d026630d2d99e55e8bfe501287647b4fd9743de?s=96&d=mm&r=g","caption":"Gonzalo Schmidt"},"description":"Sitio web de noticias de la provincia de Entre R\u00edos, Argentina. Informaci\u00f3n y entretenimiento. Informe Litoral, nos informamos.","sameAs":["http:\/\/www.isletasnoticias.com.ar"],"url":"https:\/\/informelitoral.com.ar\/author\/gonzalo\/"}]}},"_links":{"self":[{"href":"https:\/\/informelitoral.com.ar\/%77%70%2d%6a%73%6f%6e\/wp\/v2\/posts\/3523","targetHints":{"allow":["GET"]}}],"collection":[{"href":"https:\/\/informelitoral.com.ar\/%77%70%2d%6a%73%6f%6e\/wp\/v2\/posts"}],"about":[{"href":"https:\/\/informelitoral.com.ar\/%77%70%2d%6a%73%6f%6e\/wp\/v2\/types\/post"}],"author":[{"embeddable":true,"href":"https:\/\/informelitoral.com.ar\/%77%70%2d%6a%73%6f%6e\/wp\/v2\/users\/2"}],"replies":[{"embeddable":true,"href":"https:\/\/informelitoral.com.ar\/%77%70%2d%6a%73%6f%6e\/wp\/v2\/comments?post=3523"}],"version-history":[{"count":0,"href":"https:\/\/informelitoral.com.ar\/%77%70%2d%6a%73%6f%6e\/wp\/v2\/posts\/3523\/revisions"}],"wp:attachment":[{"href":"https:\/\/informelitoral.com.ar\/%77%70%2d%6a%73%6f%6e\/wp\/v2\/media?parent=3523"}],"wp:term":[{"taxonomy":"category","embeddable":true,"href":"https:\/\/informelitoral.com.ar\/%77%70%2d%6a%73%6f%6e\/wp\/v2\/categories?post=3523"},{"taxonomy":"post_tag","embeddable":true,"href":"https:\/\/informelitoral.com.ar\/%77%70%2d%6a%73%6f%6e\/wp\/v2\/tags?post=3523"}],"curies":[{"name":"wp","href":"https:\/\/api.w.org\/{rel}","templated":true}]}}