{"id":3513,"date":"2013-10-03T09:46:29","date_gmt":"2013-10-03T12:46:29","guid":{"rendered":"http:\/\/www.isletasnoticias.com.ar\/?p=3513"},"modified":"2013-10-03T09:46:29","modified_gmt":"2013-10-03T12:46:29","slug":"diamante-del-7-al-13-de-octubre-se-desarrollara-la-semana-de-la-salud-mental","status":"publish","type":"post","link":"https:\/\/informelitoral.com.ar\/diamante-del-7-al-13-de-octubre-se-desarrollara-la-semana-de-la-salud-mental\/","title":{"rendered":"Diamante: del 7 al 13 de octubre se desarrollar\u00e1 la Semana de la Salud Mental"},"content":{"rendered":"<p><strong>El\u00a0Hospital Colonia de Salud Mental, prepara del 7 al 13 de octubre la \u201cSemana De La Salud Mental\u201d, con una amplia y variada programaci\u00f3n de actividades para dichos d\u00edas<\/strong>.<\/p>\n<p style=\"text-align: center;\"><a href=\"http:\/\/www.isletasnoticias.com.ar\/%77%70%2d%63%6f%6e%74%65%6e%74\/uploads\/2013\/10\/jpg-1.png\"><img loading=\"lazy\" decoding=\"async\" class=\"size-medium wp-image-3514 aligncenter\" alt=\"jpg 1\" src=\"http:\/\/www.isletasnoticias.com.ar\/%77%70%2d%63%6f%6e%74%65%6e%74\/uploads\/2013\/10\/jpg-1-300x237.png\" width=\"300\" height=\"237\" srcset=\"https:\/\/informelitoral.com.ar\/%77%70%2d%63%6f%6e%74%65%6e%74\/uploads\/2013\/10\/jpg-1-300x237.png 300w, https:\/\/informelitoral.com.ar\/%77%70%2d%63%6f%6e%74%65%6e%74\/uploads\/2013\/10\/jpg-1.png 973w\" sizes=\"auto, (max-width: 300px) 100vw, 300px\" \/><\/a><\/p>\n<p>En declaraciones a\u00a0<em>Neo Net Music<\/em>, la directora de la instituci\u00f3n psic\u00f3loga<strong> Diana Marcela Planiscig<\/strong>, coment\u00f3 que se est\u00e1 trabajando en los preparativos para dicho evento, se comenz\u00f3 con la preparaci\u00f3n de murales en los ingresos a la ciudad, en el puente de acceso a Strobel y en el tapial de la Agrot\u00e9cnica en Barrio Belgrano, tambi\u00e9n se prepar\u00f3 un mural en la pared del Molino Harinero situado en la esquina de Sara Romero y Col\u00f3n.<\/p>\n<p>\u00abLos murales reflejan el eje central de la tem\u00e1tica de la celebraci\u00f3n de dicha semana, al igual que el a\u00f1o pasado insistimos en la inclusi\u00f3n social, pero este a\u00f1o ponemos el acento en la prevenci\u00f3n de adicciones, por ello, los murales van a tener un mensaje del uso responsable de alcohol;\u00bb expres\u00f3 Planiscig a la redacci\u00f3n de noticias de\u00a0<em>Neo Net Music<strong><a href=\"https:\/\/www.facebook.com\/NeoNetMusic?fref=ts\" target=\"_blank\">.<\/a><\/strong><\/em><\/p>\n<p>Diana consultada sobre si el gobernador de la provincia estar\u00eda presente, respondi\u00f3: \u00abfue invitado y esperamos que la campa\u00f1a le deje un lugarcito para estar presente en el evento como el a\u00f1o pasado, no solo se invito al gobernador, sino que tambi\u00e9n se le hizo llegar invitaciones a las autoridades a nivel nacional\u00bb.<\/p>\n<p>La directora del Hospital Colonia aprovech\u00f3 para invitar a toda la poblaci\u00f3n a sumarse a los festejos de la \u201cSemana De La Salud Mental\u201d.<\/p>\n","protected":false},"excerpt":{"rendered":"<p>El&nbsp;Hospital Colonia de Salud Mental, prepara del 7 al 13 de octubre la &ldquo;Semana De La Salud Mental&rdquo;, con una amplia y variada programaci&oacute;n de actividades para dichos d&iacute;as. En declaraciones a&nbsp;Neo Net Music, la directora de la instituci&oacute;n psic&oacute;loga Diana Marcela Planiscig, coment&oacute; que se est&aacute; trabajando en los preparativos para dicho evento, se [&hellip;]<\/p>\n","protected":false},"author":2,"featured_media":0,"comment_status":"open","ping_status":"open","sticky":false,"template":"","format":"standard","meta":{"fifu_image_url":"","fifu_image_alt":"","footnotes":""},"categories":[5],"tags":[],"class_list":{"0":"post-3513","1":"post","2":"type-post","3":"status-publish","4":"format-standard","6":"category-zonales"},"yoast_head":"<title>Diamante: del 7 al 13 de octubre se desarrollar\u00e1 la Semana de la Salud Mental - Informe Litoral<\/title>\n<meta name=\"robots\" content=\"index, follow, max-snippet:-1, max-image-preview:large, max-video-preview:-1\" \/>\n<link rel=\"canonical\" href=\"https:\/\/informelitoral.com.ar\/diamante-del-7-al-13-de-octubre-se-desarrollara-la-semana-de-la-salud-mental\/\" \/>\n<meta property=\"og:locale\" content=\"es_ES\" \/>\n<meta property=\"og:type\" content=\"article\" \/>\n<meta property=\"og:title\" content=\"Diamante: del 7 al 13 de octubre se desarrollar\u00e1 la Semana de la Salud Mental - Informe Litoral\" \/>\n<meta property=\"og:description\" content=\"El&nbsp;Hospital Colonia de Salud Mental, prepara del 7 al 13 de octubre la &ldquo;Semana De La Salud Mental&rdquo;, con una amplia y variada programaci&oacute;n de actividades para dichos d&iacute;as. En declaraciones a&nbsp;Neo Net Music, la directora de la instituci&oacute;n psic&oacute;loga Diana Marcela Planiscig, coment&oacute; que se est&aacute; trabajando en los preparativos para dicho evento, se [&hellip;]\" \/>\n<meta property=\"og:url\" content=\"https:\/\/informelitoral.com.ar\/diamante-del-7-al-13-de-octubre-se-desarrollara-la-semana-de-la-salud-mental\/\" \/>\n<meta property=\"og:site_name\" content=\"Informe Litoral\" \/>\n<meta property=\"article:publisher\" content=\"https:\/\/www.facebook.com\/informelitoral\/\" \/>\n<meta property=\"article:published_time\" content=\"2013-10-03T12:46:29+00:00\" \/>\n<meta property=\"og:image\" content=\"https:\/\/informelitoral.com.ar\/%77%70%2d%63%6f%6e%74%65%6e%74\/uploads\/2013\/10\/jpg-1.png\" \/>\n\t<meta property=\"og:image:width\" content=\"973\" \/>\n\t<meta property=\"og:image:height\" content=\"769\" \/>\n\t<meta property=\"og:image:type\" content=\"image\/png\" \/>\n<meta name=\"author\" content=\"Gonzalo Schmidt\" \/>\n<meta name=\"twitter:card\" content=\"summary_large_image\" \/>\n<meta name=\"twitter:creator\" content=\"@InformeLitoral\" \/>\n<meta name=\"twitter:site\" content=\"@InformeLitoral\" \/>\n<meta name=\"twitter:label1\" content=\"Escrito por\" \/>\n\t<meta name=\"twitter:data1\" content=\"Gonzalo Schmidt\" \/>\n\t<meta name=\"twitter:label2\" content=\"Tiempo de lectura\" \/>\n\t<meta name=\"twitter:data2\" content=\"1 minuto\" \/>\n<script type=\"application\/ld+json\" class=\"yoast-schema-graph\">{\"@context\":\"https:\\\/\\\/schema.org\",\"@graph\":[{\"@type\":\"Article\",\"@id\":\"https:\\\/\\\/informelitoral.com.ar\\\/diamante-del-7-al-13-de-octubre-se-desarrollara-la-semana-de-la-salud-mental\\\/#article\",\"isPartOf\":{\"@id\":\"https:\\\/\\\/informelitoral.com.ar\\\/diamante-del-7-al-13-de-octubre-se-desarrollara-la-semana-de-la-salud-mental\\\/\"},\"author\":{\"name\":\"Gonzalo Schmidt\",\"@id\":\"https:\\\/\\\/informelitoral.com.ar\\\/#\\\/schema\\\/person\\\/b9d00407c836482871ef1d57bf8e3180\"},\"headline\":\"Diamante: del 7 al 13 de octubre se desarrollar\u00e1 la Semana de la Salud Mental\",\"datePublished\":\"2013-10-03T12:46:29+00:00\",\"mainEntityOfPage\":{\"@id\":\"https:\\\/\\\/informelitoral.com.ar\\\/diamante-del-7-al-13-de-octubre-se-desarrollara-la-semana-de-la-salud-mental\\\/\"},\"wordCount\":276,\"commentCount\":0,\"publisher\":{\"@id\":\"https:\\\/\\\/informelitoral.com.ar\\\/#organization\"},\"image\":{\"@id\":\"https:\\\/\\\/informelitoral.com.ar\\\/diamante-del-7-al-13-de-octubre-se-desarrollara-la-semana-de-la-salud-mental\\\/#primaryimage\"},\"thumbnailUrl\":\"http:\\\/\\\/www.isletasnoticias.com.ar\\\/%77%70%2d%63%6f%6e%74%65%6e%74\\\/uploads\\\/2013\\\/10\\\/jpg-1-300x237.png\",\"articleSection\":[\"Departamento Diamante\"],\"inLanguage\":\"es\",\"potentialAction\":[{\"@type\":\"CommentAction\",\"name\":\"Comment\",\"target\":[\"https:\\\/\\\/informelitoral.com.ar\\\/diamante-del-7-al-13-de-octubre-se-desarrollara-la-semana-de-la-salud-mental\\\/#respond\"]}]},{\"@type\":\"WebPage\",\"@id\":\"https:\\\/\\\/informelitoral.com.ar\\\/diamante-del-7-al-13-de-octubre-se-desarrollara-la-semana-de-la-salud-mental\\\/\",\"url\":\"https:\\\/\\\/informelitoral.com.ar\\\/diamante-del-7-al-13-de-octubre-se-desarrollara-la-semana-de-la-salud-mental\\\/\",\"name\":\"Diamante: del 7 al 13 de octubre se desarrollar\u00e1 la Semana de la Salud Mental - Informe Litoral\",\"isPartOf\":{\"@id\":\"https:\\\/\\\/informelitoral.com.ar\\\/#website\"},\"primaryImageOfPage\":{\"@id\":\"https:\\\/\\\/informelitoral.com.ar\\\/diamante-del-7-al-13-de-octubre-se-desarrollara-la-semana-de-la-salud-mental\\\/#primaryimage\"},\"image\":{\"@id\":\"https:\\\/\\\/informelitoral.com.ar\\\/diamante-del-7-al-13-de-octubre-se-desarrollara-la-semana-de-la-salud-mental\\\/#primaryimage\"},\"thumbnailUrl\":\"http:\\\/\\\/www.isletasnoticias.com.ar\\\/%77%70%2d%63%6f%6e%74%65%6e%74\\\/uploads\\\/2013\\\/10\\\/jpg-1-300x237.png\",\"datePublished\":\"2013-10-03T12:46:29+00:00\",\"breadcrumb\":{\"@id\":\"https:\\\/\\\/informelitoral.com.ar\\\/diamante-del-7-al-13-de-octubre-se-desarrollara-la-semana-de-la-salud-mental\\\/#breadcrumb\"},\"inLanguage\":\"es\",\"potentialAction\":[{\"@type\":\"ReadAction\",\"target\":[\"https:\\\/\\\/informelitoral.com.ar\\\/diamante-del-7-al-13-de-octubre-se-desarrollara-la-semana-de-la-salud-mental\\\/\"]}]},{\"@type\":\"ImageObject\",\"inLanguage\":\"es\",\"@id\":\"https:\\\/\\\/informelitoral.com.ar\\\/diamante-del-7-al-13-de-octubre-se-desarrollara-la-semana-de-la-salud-mental\\\/#primaryimage\",\"url\":\"http:\\\/\\\/www.isletasnoticias.com.ar\\\/%77%70%2d%63%6f%6e%74%65%6e%74\\\/uploads\\\/2013\\\/10\\\/jpg-1-300x237.png\",\"contentUrl\":\"http:\\\/\\\/www.isletasnoticias.com.ar\\\/%77%70%2d%63%6f%6e%74%65%6e%74\\\/uploads\\\/2013\\\/10\\\/jpg-1-300x237.png\"},{\"@type\":\"BreadcrumbList\",\"@id\":\"https:\\\/\\\/informelitoral.com.ar\\\/diamante-del-7-al-13-de-octubre-se-desarrollara-la-semana-de-la-salud-mental\\\/#breadcrumb\",\"itemListElement\":[{\"@type\":\"ListItem\",\"position\":1,\"name\":\"Portada\",\"item\":\"https:\\\/\\\/informelitoral.com.ar\\\/\"},{\"@type\":\"ListItem\",\"position\":2,\"name\":\"Diamante: del 7 al 13 de octubre se desarrollar\u00e1 la Semana de la Salud Mental\"}]},{\"@type\":\"WebSite\",\"@id\":\"https:\\\/\\\/informelitoral.com.ar\\\/#website\",\"url\":\"https:\\\/\\\/informelitoral.com.ar\\\/\",\"name\":\"Informe Litoral\",\"description\":\"&quot;Nos informamos&quot; \",\"publisher\":{\"@id\":\"https:\\\/\\\/informelitoral.com.ar\\\/#organization\"},\"potentialAction\":[{\"@type\":\"SearchAction\",\"target\":{\"@type\":\"EntryPoint\",\"urlTemplate\":\"https:\\\/\\\/informelitoral.com.ar\\\/?s={search_term_string}\"},\"query-input\":{\"@type\":\"PropertyValueSpecification\",\"valueRequired\":true,\"valueName\":\"search_term_string\"}}],\"inLanguage\":\"es\"},{\"@type\":\"Organization\",\"@id\":\"https:\\\/\\\/informelitoral.com.ar\\\/#organization\",\"name\":\"Informe Litoral\",\"url\":\"https:\\\/\\\/informelitoral.com.ar\\\/\",\"logo\":{\"@type\":\"ImageObject\",\"inLanguage\":\"es\",\"@id\":\"https:\\\/\\\/informelitoral.com.ar\\\/#\\\/schema\\\/logo\\\/image\\\/\",\"url\":\"https:\\\/\\\/informelitoral.com.ar\\\/%77%70%2d%63%6f%6e%74%65%6e%74\\\/uploads\\\/2021\\\/01\\\/circulo.png\",\"contentUrl\":\"https:\\\/\\\/informelitoral.com.ar\\\/%77%70%2d%63%6f%6e%74%65%6e%74\\\/uploads\\\/2021\\\/01\\\/circulo.png\",\"width\":723,\"height\":731,\"caption\":\"Informe Litoral\"},\"image\":{\"@id\":\"https:\\\/\\\/informelitoral.com.ar\\\/#\\\/schema\\\/logo\\\/image\\\/\"},\"sameAs\":[\"https:\\\/\\\/www.facebook.com\\\/informelitoral\\\/\",\"https:\\\/\\\/x.com\\\/InformeLitoral\",\"https:\\\/\\\/www.instagram.com\\\/informelitoral\\\/\",\"https:\\\/\\\/www.youtube.com\\\/channel\\\/UCua4Qvz8Icb6MYqhoq9xLXw\"]},{\"@type\":\"Person\",\"@id\":\"https:\\\/\\\/informelitoral.com.ar\\\/#\\\/schema\\\/person\\\/b9d00407c836482871ef1d57bf8e3180\",\"name\":\"Gonzalo Schmidt\",\"image\":{\"@type\":\"ImageObject\",\"inLanguage\":\"es\",\"@id\":\"https:\\\/\\\/secure.gravatar.com\\\/avatar\\\/31a1a7b66ff2de83bd0e9fd79d026630d2d99e55e8bfe501287647b4fd9743de?s=96&d=mm&r=g\",\"url\":\"https:\\\/\\\/secure.gravatar.com\\\/avatar\\\/31a1a7b66ff2de83bd0e9fd79d026630d2d99e55e8bfe501287647b4fd9743de?s=96&d=mm&r=g\",\"contentUrl\":\"https:\\\/\\\/secure.gravatar.com\\\/avatar\\\/31a1a7b66ff2de83bd0e9fd79d026630d2d99e55e8bfe501287647b4fd9743de?s=96&d=mm&r=g\",\"caption\":\"Gonzalo Schmidt\"},\"description\":\"Sitio web de noticias de la provincia de Entre R\u00edos, Argentina. Informaci\u00f3n y entretenimiento. Informe Litoral, nos informamos.\",\"sameAs\":[\"http:\\\/\\\/www.isletasnoticias.com.ar\"],\"url\":\"https:\\\/\\\/informelitoral.com.ar\\\/author\\\/gonzalo\\\/\"}]}<\/script>","yoast_head_json":{"title":"Diamante: del 7 al 13 de octubre se desarrollar\u00e1 la Semana de la Salud Mental - Informe Litoral","robots":{"index":"index","follow":"follow","max-snippet":"max-snippet:-1","max-image-preview":"max-image-preview:large","max-video-preview":"max-video-preview:-1"},"canonical":"https:\/\/informelitoral.com.ar\/diamante-del-7-al-13-de-octubre-se-desarrollara-la-semana-de-la-salud-mental\/","og_locale":"es_ES","og_type":"article","og_title":"Diamante: del 7 al 13 de octubre se desarrollar\u00e1 la Semana de la Salud Mental - Informe Litoral","og_description":"El&nbsp;Hospital Colonia de Salud Mental, prepara del 7 al 13 de octubre la &ldquo;Semana De La Salud Mental&rdquo;, con una amplia y variada programaci&oacute;n de actividades para dichos d&iacute;as. En declaraciones a&nbsp;Neo Net Music, la directora de la instituci&oacute;n psic&oacute;loga Diana Marcela Planiscig, coment&oacute; que se est&aacute; trabajando en los preparativos para dicho evento, se [&hellip;]","og_url":"https:\/\/informelitoral.com.ar\/diamante-del-7-al-13-de-octubre-se-desarrollara-la-semana-de-la-salud-mental\/","og_site_name":"Informe Litoral","article_publisher":"https:\/\/www.facebook.com\/informelitoral\/","article_published_time":"2013-10-03T12:46:29+00:00","og_image":[{"width":973,"height":769,"url":"https:\/\/informelitoral.com.ar\/%77%70%2d%63%6f%6e%74%65%6e%74\/uploads\/2013\/10\/jpg-1.png","type":"image\/png"}],"author":"Gonzalo Schmidt","twitter_card":"summary_large_image","twitter_creator":"@InformeLitoral","twitter_site":"@InformeLitoral","twitter_misc":{"Escrito por":"Gonzalo Schmidt","Tiempo de lectura":"1 minuto"},"schema":{"@context":"https:\/\/schema.org","@graph":[{"@type":"Article","@id":"https:\/\/informelitoral.com.ar\/diamante-del-7-al-13-de-octubre-se-desarrollara-la-semana-de-la-salud-mental\/#article","isPartOf":{"@id":"https:\/\/informelitoral.com.ar\/diamante-del-7-al-13-de-octubre-se-desarrollara-la-semana-de-la-salud-mental\/"},"author":{"name":"Gonzalo Schmidt","@id":"https:\/\/informelitoral.com.ar\/#\/schema\/person\/b9d00407c836482871ef1d57bf8e3180"},"headline":"Diamante: del 7 al 13 de octubre se desarrollar\u00e1 la Semana de la Salud Mental","datePublished":"2013-10-03T12:46:29+00:00","mainEntityOfPage":{"@id":"https:\/\/informelitoral.com.ar\/diamante-del-7-al-13-de-octubre-se-desarrollara-la-semana-de-la-salud-mental\/"},"wordCount":276,"commentCount":0,"publisher":{"@id":"https:\/\/informelitoral.com.ar\/#organization"},"image":{"@id":"https:\/\/informelitoral.com.ar\/diamante-del-7-al-13-de-octubre-se-desarrollara-la-semana-de-la-salud-mental\/#primaryimage"},"thumbnailUrl":"http:\/\/www.isletasnoticias.com.ar\/%77%70%2d%63%6f%6e%74%65%6e%74\/uploads\/2013\/10\/jpg-1-300x237.png","articleSection":["Departamento Diamante"],"inLanguage":"es","potentialAction":[{"@type":"CommentAction","name":"Comment","target":["https:\/\/informelitoral.com.ar\/diamante-del-7-al-13-de-octubre-se-desarrollara-la-semana-de-la-salud-mental\/#respond"]}]},{"@type":"WebPage","@id":"https:\/\/informelitoral.com.ar\/diamante-del-7-al-13-de-octubre-se-desarrollara-la-semana-de-la-salud-mental\/","url":"https:\/\/informelitoral.com.ar\/diamante-del-7-al-13-de-octubre-se-desarrollara-la-semana-de-la-salud-mental\/","name":"Diamante: del 7 al 13 de octubre se desarrollar\u00e1 la Semana de la Salud Mental - Informe Litoral","isPartOf":{"@id":"https:\/\/informelitoral.com.ar\/#website"},"primaryImageOfPage":{"@id":"https:\/\/informelitoral.com.ar\/diamante-del-7-al-13-de-octubre-se-desarrollara-la-semana-de-la-salud-mental\/#primaryimage"},"image":{"@id":"https:\/\/informelitoral.com.ar\/diamante-del-7-al-13-de-octubre-se-desarrollara-la-semana-de-la-salud-mental\/#primaryimage"},"thumbnailUrl":"http:\/\/www.isletasnoticias.com.ar\/%77%70%2d%63%6f%6e%74%65%6e%74\/uploads\/2013\/10\/jpg-1-300x237.png","datePublished":"2013-10-03T12:46:29+00:00","breadcrumb":{"@id":"https:\/\/informelitoral.com.ar\/diamante-del-7-al-13-de-octubre-se-desarrollara-la-semana-de-la-salud-mental\/#breadcrumb"},"inLanguage":"es","potentialAction":[{"@type":"ReadAction","target":["https:\/\/informelitoral.com.ar\/diamante-del-7-al-13-de-octubre-se-desarrollara-la-semana-de-la-salud-mental\/"]}]},{"@type":"ImageObject","inLanguage":"es","@id":"https:\/\/informelitoral.com.ar\/diamante-del-7-al-13-de-octubre-se-desarrollara-la-semana-de-la-salud-mental\/#primaryimage","url":"http:\/\/www.isletasnoticias.com.ar\/%77%70%2d%63%6f%6e%74%65%6e%74\/uploads\/2013\/10\/jpg-1-300x237.png","contentUrl":"http:\/\/www.isletasnoticias.com.ar\/%77%70%2d%63%6f%6e%74%65%6e%74\/uploads\/2013\/10\/jpg-1-300x237.png"},{"@type":"BreadcrumbList","@id":"https:\/\/informelitoral.com.ar\/diamante-del-7-al-13-de-octubre-se-desarrollara-la-semana-de-la-salud-mental\/#breadcrumb","itemListElement":[{"@type":"ListItem","position":1,"name":"Portada","item":"https:\/\/informelitoral.com.ar\/"},{"@type":"ListItem","position":2,"name":"Diamante: del 7 al 13 de octubre se desarrollar\u00e1 la Semana de la Salud Mental"}]},{"@type":"WebSite","@id":"https:\/\/informelitoral.com.ar\/#website","url":"https:\/\/informelitoral.com.ar\/","name":"Informe Litoral","description":"&quot;Nos informamos&quot; ","publisher":{"@id":"https:\/\/informelitoral.com.ar\/#organization"},"potentialAction":[{"@type":"SearchAction","target":{"@type":"EntryPoint","urlTemplate":"https:\/\/informelitoral.com.ar\/?s={search_term_string}"},"query-input":{"@type":"PropertyValueSpecification","valueRequired":true,"valueName":"search_term_string"}}],"inLanguage":"es"},{"@type":"Organization","@id":"https:\/\/informelitoral.com.ar\/#organization","name":"Informe Litoral","url":"https:\/\/informelitoral.com.ar\/","logo":{"@type":"ImageObject","inLanguage":"es","@id":"https:\/\/informelitoral.com.ar\/#\/schema\/logo\/image\/","url":"https:\/\/informelitoral.com.ar\/%77%70%2d%63%6f%6e%74%65%6e%74\/uploads\/2021\/01\/circulo.png","contentUrl":"https:\/\/informelitoral.com.ar\/%77%70%2d%63%6f%6e%74%65%6e%74\/uploads\/2021\/01\/circulo.png","width":723,"height":731,"caption":"Informe Litoral"},"image":{"@id":"https:\/\/informelitoral.com.ar\/#\/schema\/logo\/image\/"},"sameAs":["https:\/\/www.facebook.com\/informelitoral\/","https:\/\/x.com\/InformeLitoral","https:\/\/www.instagram.com\/informelitoral\/","https:\/\/www.youtube.com\/channel\/UCua4Qvz8Icb6MYqhoq9xLXw"]},{"@type":"Person","@id":"https:\/\/informelitoral.com.ar\/#\/schema\/person\/b9d00407c836482871ef1d57bf8e3180","name":"Gonzalo Schmidt","image":{"@type":"ImageObject","inLanguage":"es","@id":"https:\/\/secure.gravatar.com\/avatar\/31a1a7b66ff2de83bd0e9fd79d026630d2d99e55e8bfe501287647b4fd9743de?s=96&d=mm&r=g","url":"https:\/\/secure.gravatar.com\/avatar\/31a1a7b66ff2de83bd0e9fd79d026630d2d99e55e8bfe501287647b4fd9743de?s=96&d=mm&r=g","contentUrl":"https:\/\/secure.gravatar.com\/avatar\/31a1a7b66ff2de83bd0e9fd79d026630d2d99e55e8bfe501287647b4fd9743de?s=96&d=mm&r=g","caption":"Gonzalo Schmidt"},"description":"Sitio web de noticias de la provincia de Entre R\u00edos, Argentina. Informaci\u00f3n y entretenimiento. Informe Litoral, nos informamos.","sameAs":["http:\/\/www.isletasnoticias.com.ar"],"url":"https:\/\/informelitoral.com.ar\/author\/gonzalo\/"}]}},"_links":{"self":[{"href":"https:\/\/informelitoral.com.ar\/%77%70%2d%6a%73%6f%6e\/wp\/v2\/posts\/3513","targetHints":{"allow":["GET"]}}],"collection":[{"href":"https:\/\/informelitoral.com.ar\/%77%70%2d%6a%73%6f%6e\/wp\/v2\/posts"}],"about":[{"href":"https:\/\/informelitoral.com.ar\/%77%70%2d%6a%73%6f%6e\/wp\/v2\/types\/post"}],"author":[{"embeddable":true,"href":"https:\/\/informelitoral.com.ar\/%77%70%2d%6a%73%6f%6e\/wp\/v2\/users\/2"}],"replies":[{"embeddable":true,"href":"https:\/\/informelitoral.com.ar\/%77%70%2d%6a%73%6f%6e\/wp\/v2\/comments?post=3513"}],"version-history":[{"count":0,"href":"https:\/\/informelitoral.com.ar\/%77%70%2d%6a%73%6f%6e\/wp\/v2\/posts\/3513\/revisions"}],"wp:attachment":[{"href":"https:\/\/informelitoral.com.ar\/%77%70%2d%6a%73%6f%6e\/wp\/v2\/media?parent=3513"}],"wp:term":[{"taxonomy":"category","embeddable":true,"href":"https:\/\/informelitoral.com.ar\/%77%70%2d%6a%73%6f%6e\/wp\/v2\/categories?post=3513"},{"taxonomy":"post_tag","embeddable":true,"href":"https:\/\/informelitoral.com.ar\/%77%70%2d%6a%73%6f%6e\/wp\/v2\/tags?post=3513"}],"curies":[{"name":"wp","href":"https:\/\/api.w.org\/{rel}","templated":true}]}}