{"id":3510,"date":"2013-10-03T09:35:39","date_gmt":"2013-10-03T12:35:39","guid":{"rendered":"http:\/\/www.isletasnoticias.com.ar\/?p=3510"},"modified":"2013-10-03T09:35:39","modified_gmt":"2013-10-03T12:35:39","slug":"valle-maria-preparan-el-lanzamiento-de-la-temporada-de-verano-en-la-costa-del-parana","status":"publish","type":"post","link":"https:\/\/informelitoral.com.ar\/valle-maria-preparan-el-lanzamiento-de-la-temporada-de-verano-en-la-costa-del-parana\/","title":{"rendered":"Valle Mar\u00eda: preparan el lanzamiento de la temporada de verano en la costa del Paran\u00e1"},"content":{"rendered":"<p><strong>Ultimar detalles para lo que ser\u00e1 el lanzamiento de la temporada de verano de todas las localidades de la costa del Paran\u00e1, fue el tema convocante de la reuni\u00f3n que mantuvo el ministro de Gobierno, <em>Ad\u00e1n Bahl<\/em>, junto a funcionarios de los ministerios de Turismo y Cultura con el intendente de Valle Mar\u00eda, <em>Arsenio Ortman<\/em>. En la oportunidad tambi\u00e9n se abordaron te<strong>mas de \u00edndole institucional de esa localidad.<\/strong><\/strong><\/p>\n<div>\n<div dir=\"ltr\"><img loading=\"lazy\" decoding=\"async\" class=\"size-medium wp-image-3511 aligncenter\" alt=\"1380662896\" src=\"http:\/\/www.isletasnoticias.com.ar\/%77%70%2d%63%6f%6e%74%65%6e%74\/uploads\/2013\/10\/1380662896-300x211.jpg\" width=\"300\" height=\"211\" srcset=\"https:\/\/informelitoral.com.ar\/%77%70%2d%63%6f%6e%74%65%6e%74\/uploads\/2013\/10\/1380662896-300x211.jpg 300w, https:\/\/informelitoral.com.ar\/%77%70%2d%63%6f%6e%74%65%6e%74\/uploads\/2013\/10\/1380662896-1024x720.jpg 1024w, https:\/\/informelitoral.com.ar\/%77%70%2d%63%6f%6e%74%65%6e%74\/uploads\/2013\/10\/1380662896.jpg 2000w\" sizes=\"auto, (max-width: 300px) 100vw, 300px\" \/>Finalizado el encuentro, el presidente comunal, <strong>Arsenio Ortman<\/strong> coment\u00f3: \u201cFuimos recibido por el ministro Bahl, que como siempre, muy atento de resolver los problemas de las comunidades. Tambi\u00e9n estuvieron presentes el secretario de Turismo,<strong> Ra\u00fal Gonz\u00e1lez,<\/strong> funcionarios del ministerio de Cultura y Comunicaci\u00f3n a fin de ultimar detalles del lanzamiento de la temporada de verano de todas las ciudades de la costa del Paran\u00e1, que se va a realizar en nuestra localidad durante los d\u00edas 29 y 30 de noviembre\u201d. Expres\u00f3 el intendente.<\/p>\n<p>En el mismo sentido, Ortman adelant\u00f3: \u201cSe avanz\u00f3 en lo que ser\u00e1 el cronograma de actividades durante esos dos d\u00edas, un trabajo que haremos en conjunto entre la municipalidad de Valle Mar\u00eda y la provincia. De todos modos ya est\u00e1 difundiendo la presencia del artista de gran convocatoria a nivel nacional como es<strong> Abel Pintos<\/strong> para el d\u00eda s\u00e1bado 30\u201d, inform\u00f3 Ortman.<\/p>\n<p><b>Anuncio<\/b><\/p>\n<p>Por otra parte y en el marco de los trabajos que se van a realizar, el intendente anunci\u00f3 que \u201cla noticia m\u00e1s importante es que este martes se public\u00f3 la licitaci\u00f3n para la repavimentaci\u00f3n del acceso al balneario. Es una obra que venimos esperando y gestionando desde hace bastante tiempo. Y por eso es que estamos muy conformes, contentos y agradecidos a las autoridades de la provincia, especialmente al ministro de Gobierno\u201d.<\/p>\n<p>\u201cEs una obra que le va a cambiar la vida al balneario de Valle Mar\u00eda, ya que actualmente el acceso no est\u00e1 en buenas condiciones para transitarlo. Desde el municipio tratamos de mantenerlo pero es muy costoso afrontar este tipo\u00a0de trabajo. Con esto vamos a tener un camino nuevo, con se\u00f1alizaciones, m\u00e1s seguridad con el turista que nos visita\u201d, explic\u00f3 el intendente.<\/p>\n<p>Respecto a la apertura de sobres \u201cse va hacer el d\u00eda 23 de octubre, en la municipalidad a las 12.30. Esperamos que todo continu\u00e9 como est\u00e1 planificado, para que la obra se inicie antes de la temporada de verano\u201d, dijo Arsenio Ortman.<\/p>\n<\/div>\n<p>Por \u00faltimo, coment\u00f3 adem\u00e1s que se charl\u00f3 de \u201cuna obra de red cloacal que estamos gestionando, a trav\u00e9s de Obras Sanitarias de la provincia y otras cuestiones relacionadas al plan M\u00e1s Cerca. Quiero agradecer la predisposici\u00f3n que el ministro Bahl siempre tiene para solucionar lo m\u00e1s r\u00e1pido posible nuestras urgencias y demandas\u201d.<\/p>\n<p>Participaron tambi\u00e9n del encuentro los legisladores <strong>Daniel Kramer<\/strong> y<strong> Juan Carlos Darrichon<\/strong>, el vice intendente <strong>Gustavo Dalinger<\/strong> y el coordinador de turismo, <strong>Silvestre Chazarreta.\u00a0<\/strong><\/p>\n<\/div>\n","protected":false},"excerpt":{"rendered":"<p>Ultimar detalles para lo que ser&aacute; el lanzamiento de la temporada de verano de todas las localidades de la costa del Paran&aacute;, fue el tema convocante de la reuni&oacute;n que mantuvo el ministro de Gobierno, Ad&aacute;n Bahl, junto a funcionarios de los ministerios de Turismo y Cultura con el intendente de Valle Mar&iacute;a, Arsenio Ortman. [&hellip;]<\/p>\n","protected":false},"author":2,"featured_media":0,"comment_status":"open","ping_status":"open","sticky":false,"template":"","format":"standard","meta":{"fifu_image_url":"","fifu_image_alt":"","footnotes":""},"categories":[5,6],"tags":[],"class_list":{"0":"post-3510","1":"post","2":"type-post","3":"status-publish","4":"format-standard","6":"category-zonales","7":"category-entre-rios"},"yoast_head":"<title>Valle Mar\u00eda: preparan el lanzamiento de la temporada de verano en la costa del Paran\u00e1 - Informe Litoral<\/title>\n<meta name=\"robots\" content=\"index, follow, max-snippet:-1, max-image-preview:large, max-video-preview:-1\" \/>\n<link rel=\"canonical\" href=\"https:\/\/informelitoral.com.ar\/valle-maria-preparan-el-lanzamiento-de-la-temporada-de-verano-en-la-costa-del-parana\/\" \/>\n<meta property=\"og:locale\" content=\"es_ES\" \/>\n<meta property=\"og:type\" content=\"article\" \/>\n<meta property=\"og:title\" content=\"Valle Mar\u00eda: preparan el lanzamiento de la temporada de verano en la costa del Paran\u00e1 - Informe Litoral\" \/>\n<meta property=\"og:description\" content=\"Ultimar detalles para lo que ser&aacute; el lanzamiento de la temporada de verano de todas las localidades de la costa del Paran&aacute;, fue el tema convocante de la reuni&oacute;n que mantuvo el ministro de Gobierno, Ad&aacute;n Bahl, junto a funcionarios de los ministerios de Turismo y Cultura con el intendente de Valle Mar&iacute;a, Arsenio Ortman. [&hellip;]\" \/>\n<meta property=\"og:url\" content=\"https:\/\/informelitoral.com.ar\/valle-maria-preparan-el-lanzamiento-de-la-temporada-de-verano-en-la-costa-del-parana\/\" \/>\n<meta property=\"og:site_name\" content=\"Informe Litoral\" \/>\n<meta property=\"article:publisher\" content=\"https:\/\/www.facebook.com\/informelitoral\/\" \/>\n<meta property=\"article:published_time\" content=\"2013-10-03T12:35:39+00:00\" \/>\n<meta property=\"og:image\" content=\"https:\/\/informelitoral.com.ar\/%77%70%2d%63%6f%6e%74%65%6e%74\/uploads\/2013\/10\/1380662896.jpg\" \/>\n\t<meta property=\"og:image:width\" content=\"2000\" \/>\n\t<meta property=\"og:image:height\" content=\"1407\" \/>\n\t<meta property=\"og:image:type\" content=\"image\/jpeg\" \/>\n<meta name=\"author\" content=\"Gonzalo Schmidt\" \/>\n<meta name=\"twitter:card\" content=\"summary_large_image\" \/>\n<meta name=\"twitter:creator\" content=\"@InformeLitoral\" \/>\n<meta name=\"twitter:site\" content=\"@InformeLitoral\" \/>\n<meta name=\"twitter:label1\" content=\"Escrito por\" \/>\n\t<meta name=\"twitter:data1\" content=\"Gonzalo Schmidt\" \/>\n\t<meta name=\"twitter:label2\" content=\"Tiempo de lectura\" \/>\n\t<meta name=\"twitter:data2\" content=\"2 minutos\" \/>\n<script type=\"application\/ld+json\" class=\"yoast-schema-graph\">{\"@context\":\"https:\\\/\\\/schema.org\",\"@graph\":[{\"@type\":\"Article\",\"@id\":\"https:\\\/\\\/informelitoral.com.ar\\\/valle-maria-preparan-el-lanzamiento-de-la-temporada-de-verano-en-la-costa-del-parana\\\/#article\",\"isPartOf\":{\"@id\":\"https:\\\/\\\/informelitoral.com.ar\\\/valle-maria-preparan-el-lanzamiento-de-la-temporada-de-verano-en-la-costa-del-parana\\\/\"},\"author\":{\"name\":\"Gonzalo Schmidt\",\"@id\":\"https:\\\/\\\/informelitoral.com.ar\\\/#\\\/schema\\\/person\\\/b9d00407c836482871ef1d57bf8e3180\"},\"headline\":\"Valle Mar\u00eda: preparan el lanzamiento de la temporada de verano en la costa del Paran\u00e1\",\"datePublished\":\"2013-10-03T12:35:39+00:00\",\"mainEntityOfPage\":{\"@id\":\"https:\\\/\\\/informelitoral.com.ar\\\/valle-maria-preparan-el-lanzamiento-de-la-temporada-de-verano-en-la-costa-del-parana\\\/\"},\"wordCount\":505,\"commentCount\":0,\"publisher\":{\"@id\":\"https:\\\/\\\/informelitoral.com.ar\\\/#organization\"},\"image\":{\"@id\":\"https:\\\/\\\/informelitoral.com.ar\\\/valle-maria-preparan-el-lanzamiento-de-la-temporada-de-verano-en-la-costa-del-parana\\\/#primaryimage\"},\"thumbnailUrl\":\"http:\\\/\\\/www.isletasnoticias.com.ar\\\/%77%70%2d%63%6f%6e%74%65%6e%74\\\/uploads\\\/2013\\\/10\\\/1380662896-300x211.jpg\",\"articleSection\":[\"Departamento Diamante\",\"Entre R\u00edos\"],\"inLanguage\":\"es\",\"potentialAction\":[{\"@type\":\"CommentAction\",\"name\":\"Comment\",\"target\":[\"https:\\\/\\\/informelitoral.com.ar\\\/valle-maria-preparan-el-lanzamiento-de-la-temporada-de-verano-en-la-costa-del-parana\\\/#respond\"]}]},{\"@type\":\"WebPage\",\"@id\":\"https:\\\/\\\/informelitoral.com.ar\\\/valle-maria-preparan-el-lanzamiento-de-la-temporada-de-verano-en-la-costa-del-parana\\\/\",\"url\":\"https:\\\/\\\/informelitoral.com.ar\\\/valle-maria-preparan-el-lanzamiento-de-la-temporada-de-verano-en-la-costa-del-parana\\\/\",\"name\":\"Valle Mar\u00eda: preparan el lanzamiento de la temporada de verano en la costa del Paran\u00e1 - Informe Litoral\",\"isPartOf\":{\"@id\":\"https:\\\/\\\/informelitoral.com.ar\\\/#website\"},\"primaryImageOfPage\":{\"@id\":\"https:\\\/\\\/informelitoral.com.ar\\\/valle-maria-preparan-el-lanzamiento-de-la-temporada-de-verano-en-la-costa-del-parana\\\/#primaryimage\"},\"image\":{\"@id\":\"https:\\\/\\\/informelitoral.com.ar\\\/valle-maria-preparan-el-lanzamiento-de-la-temporada-de-verano-en-la-costa-del-parana\\\/#primaryimage\"},\"thumbnailUrl\":\"http:\\\/\\\/www.isletasnoticias.com.ar\\\/%77%70%2d%63%6f%6e%74%65%6e%74\\\/uploads\\\/2013\\\/10\\\/1380662896-300x211.jpg\",\"datePublished\":\"2013-10-03T12:35:39+00:00\",\"breadcrumb\":{\"@id\":\"https:\\\/\\\/informelitoral.com.ar\\\/valle-maria-preparan-el-lanzamiento-de-la-temporada-de-verano-en-la-costa-del-parana\\\/#breadcrumb\"},\"inLanguage\":\"es\",\"potentialAction\":[{\"@type\":\"ReadAction\",\"target\":[\"https:\\\/\\\/informelitoral.com.ar\\\/valle-maria-preparan-el-lanzamiento-de-la-temporada-de-verano-en-la-costa-del-parana\\\/\"]}]},{\"@type\":\"ImageObject\",\"inLanguage\":\"es\",\"@id\":\"https:\\\/\\\/informelitoral.com.ar\\\/valle-maria-preparan-el-lanzamiento-de-la-temporada-de-verano-en-la-costa-del-parana\\\/#primaryimage\",\"url\":\"http:\\\/\\\/www.isletasnoticias.com.ar\\\/%77%70%2d%63%6f%6e%74%65%6e%74\\\/uploads\\\/2013\\\/10\\\/1380662896-300x211.jpg\",\"contentUrl\":\"http:\\\/\\\/www.isletasnoticias.com.ar\\\/%77%70%2d%63%6f%6e%74%65%6e%74\\\/uploads\\\/2013\\\/10\\\/1380662896-300x211.jpg\"},{\"@type\":\"BreadcrumbList\",\"@id\":\"https:\\\/\\\/informelitoral.com.ar\\\/valle-maria-preparan-el-lanzamiento-de-la-temporada-de-verano-en-la-costa-del-parana\\\/#breadcrumb\",\"itemListElement\":[{\"@type\":\"ListItem\",\"position\":1,\"name\":\"Portada\",\"item\":\"https:\\\/\\\/informelitoral.com.ar\\\/\"},{\"@type\":\"ListItem\",\"position\":2,\"name\":\"Valle Mar\u00eda: preparan el lanzamiento de la temporada de verano en la costa del Paran\u00e1\"}]},{\"@type\":\"WebSite\",\"@id\":\"https:\\\/\\\/informelitoral.com.ar\\\/#website\",\"url\":\"https:\\\/\\\/informelitoral.com.ar\\\/\",\"name\":\"Informe Litoral\",\"description\":\"&quot;Nos informamos&quot; \",\"publisher\":{\"@id\":\"https:\\\/\\\/informelitoral.com.ar\\\/#organization\"},\"potentialAction\":[{\"@type\":\"SearchAction\",\"target\":{\"@type\":\"EntryPoint\",\"urlTemplate\":\"https:\\\/\\\/informelitoral.com.ar\\\/?s={search_term_string}\"},\"query-input\":{\"@type\":\"PropertyValueSpecification\",\"valueRequired\":true,\"valueName\":\"search_term_string\"}}],\"inLanguage\":\"es\"},{\"@type\":\"Organization\",\"@id\":\"https:\\\/\\\/informelitoral.com.ar\\\/#organization\",\"name\":\"Informe Litoral\",\"url\":\"https:\\\/\\\/informelitoral.com.ar\\\/\",\"logo\":{\"@type\":\"ImageObject\",\"inLanguage\":\"es\",\"@id\":\"https:\\\/\\\/informelitoral.com.ar\\\/#\\\/schema\\\/logo\\\/image\\\/\",\"url\":\"https:\\\/\\\/informelitoral.com.ar\\\/%77%70%2d%63%6f%6e%74%65%6e%74\\\/uploads\\\/2021\\\/01\\\/circulo.png\",\"contentUrl\":\"https:\\\/\\\/informelitoral.com.ar\\\/%77%70%2d%63%6f%6e%74%65%6e%74\\\/uploads\\\/2021\\\/01\\\/circulo.png\",\"width\":723,\"height\":731,\"caption\":\"Informe Litoral\"},\"image\":{\"@id\":\"https:\\\/\\\/informelitoral.com.ar\\\/#\\\/schema\\\/logo\\\/image\\\/\"},\"sameAs\":[\"https:\\\/\\\/www.facebook.com\\\/informelitoral\\\/\",\"https:\\\/\\\/x.com\\\/InformeLitoral\",\"https:\\\/\\\/www.instagram.com\\\/informelitoral\\\/\",\"https:\\\/\\\/www.youtube.com\\\/channel\\\/UCua4Qvz8Icb6MYqhoq9xLXw\"]},{\"@type\":\"Person\",\"@id\":\"https:\\\/\\\/informelitoral.com.ar\\\/#\\\/schema\\\/person\\\/b9d00407c836482871ef1d57bf8e3180\",\"name\":\"Gonzalo Schmidt\",\"image\":{\"@type\":\"ImageObject\",\"inLanguage\":\"es\",\"@id\":\"https:\\\/\\\/secure.gravatar.com\\\/avatar\\\/31a1a7b66ff2de83bd0e9fd79d026630d2d99e55e8bfe501287647b4fd9743de?s=96&d=mm&r=g\",\"url\":\"https:\\\/\\\/secure.gravatar.com\\\/avatar\\\/31a1a7b66ff2de83bd0e9fd79d026630d2d99e55e8bfe501287647b4fd9743de?s=96&d=mm&r=g\",\"contentUrl\":\"https:\\\/\\\/secure.gravatar.com\\\/avatar\\\/31a1a7b66ff2de83bd0e9fd79d026630d2d99e55e8bfe501287647b4fd9743de?s=96&d=mm&r=g\",\"caption\":\"Gonzalo Schmidt\"},\"description\":\"Sitio web de noticias de la provincia de Entre R\u00edos, Argentina. Informaci\u00f3n y entretenimiento. Informe Litoral, nos informamos.\",\"sameAs\":[\"http:\\\/\\\/www.isletasnoticias.com.ar\"],\"url\":\"https:\\\/\\\/informelitoral.com.ar\\\/author\\\/gonzalo\\\/\"}]}<\/script>","yoast_head_json":{"title":"Valle Mar\u00eda: preparan el lanzamiento de la temporada de verano en la costa del Paran\u00e1 - Informe Litoral","robots":{"index":"index","follow":"follow","max-snippet":"max-snippet:-1","max-image-preview":"max-image-preview:large","max-video-preview":"max-video-preview:-1"},"canonical":"https:\/\/informelitoral.com.ar\/valle-maria-preparan-el-lanzamiento-de-la-temporada-de-verano-en-la-costa-del-parana\/","og_locale":"es_ES","og_type":"article","og_title":"Valle Mar\u00eda: preparan el lanzamiento de la temporada de verano en la costa del Paran\u00e1 - Informe Litoral","og_description":"Ultimar detalles para lo que ser&aacute; el lanzamiento de la temporada de verano de todas las localidades de la costa del Paran&aacute;, fue el tema convocante de la reuni&oacute;n que mantuvo el ministro de Gobierno, Ad&aacute;n Bahl, junto a funcionarios de los ministerios de Turismo y Cultura con el intendente de Valle Mar&iacute;a, Arsenio Ortman. [&hellip;]","og_url":"https:\/\/informelitoral.com.ar\/valle-maria-preparan-el-lanzamiento-de-la-temporada-de-verano-en-la-costa-del-parana\/","og_site_name":"Informe Litoral","article_publisher":"https:\/\/www.facebook.com\/informelitoral\/","article_published_time":"2013-10-03T12:35:39+00:00","og_image":[{"width":2000,"height":1407,"url":"https:\/\/informelitoral.com.ar\/%77%70%2d%63%6f%6e%74%65%6e%74\/uploads\/2013\/10\/1380662896.jpg","type":"image\/jpeg"}],"author":"Gonzalo Schmidt","twitter_card":"summary_large_image","twitter_creator":"@InformeLitoral","twitter_site":"@InformeLitoral","twitter_misc":{"Escrito por":"Gonzalo Schmidt","Tiempo de lectura":"2 minutos"},"schema":{"@context":"https:\/\/schema.org","@graph":[{"@type":"Article","@id":"https:\/\/informelitoral.com.ar\/valle-maria-preparan-el-lanzamiento-de-la-temporada-de-verano-en-la-costa-del-parana\/#article","isPartOf":{"@id":"https:\/\/informelitoral.com.ar\/valle-maria-preparan-el-lanzamiento-de-la-temporada-de-verano-en-la-costa-del-parana\/"},"author":{"name":"Gonzalo Schmidt","@id":"https:\/\/informelitoral.com.ar\/#\/schema\/person\/b9d00407c836482871ef1d57bf8e3180"},"headline":"Valle Mar\u00eda: preparan el lanzamiento de la temporada de verano en la costa del Paran\u00e1","datePublished":"2013-10-03T12:35:39+00:00","mainEntityOfPage":{"@id":"https:\/\/informelitoral.com.ar\/valle-maria-preparan-el-lanzamiento-de-la-temporada-de-verano-en-la-costa-del-parana\/"},"wordCount":505,"commentCount":0,"publisher":{"@id":"https:\/\/informelitoral.com.ar\/#organization"},"image":{"@id":"https:\/\/informelitoral.com.ar\/valle-maria-preparan-el-lanzamiento-de-la-temporada-de-verano-en-la-costa-del-parana\/#primaryimage"},"thumbnailUrl":"http:\/\/www.isletasnoticias.com.ar\/%77%70%2d%63%6f%6e%74%65%6e%74\/uploads\/2013\/10\/1380662896-300x211.jpg","articleSection":["Departamento Diamante","Entre R\u00edos"],"inLanguage":"es","potentialAction":[{"@type":"CommentAction","name":"Comment","target":["https:\/\/informelitoral.com.ar\/valle-maria-preparan-el-lanzamiento-de-la-temporada-de-verano-en-la-costa-del-parana\/#respond"]}]},{"@type":"WebPage","@id":"https:\/\/informelitoral.com.ar\/valle-maria-preparan-el-lanzamiento-de-la-temporada-de-verano-en-la-costa-del-parana\/","url":"https:\/\/informelitoral.com.ar\/valle-maria-preparan-el-lanzamiento-de-la-temporada-de-verano-en-la-costa-del-parana\/","name":"Valle Mar\u00eda: preparan el lanzamiento de la temporada de verano en la costa del Paran\u00e1 - Informe Litoral","isPartOf":{"@id":"https:\/\/informelitoral.com.ar\/#website"},"primaryImageOfPage":{"@id":"https:\/\/informelitoral.com.ar\/valle-maria-preparan-el-lanzamiento-de-la-temporada-de-verano-en-la-costa-del-parana\/#primaryimage"},"image":{"@id":"https:\/\/informelitoral.com.ar\/valle-maria-preparan-el-lanzamiento-de-la-temporada-de-verano-en-la-costa-del-parana\/#primaryimage"},"thumbnailUrl":"http:\/\/www.isletasnoticias.com.ar\/%77%70%2d%63%6f%6e%74%65%6e%74\/uploads\/2013\/10\/1380662896-300x211.jpg","datePublished":"2013-10-03T12:35:39+00:00","breadcrumb":{"@id":"https:\/\/informelitoral.com.ar\/valle-maria-preparan-el-lanzamiento-de-la-temporada-de-verano-en-la-costa-del-parana\/#breadcrumb"},"inLanguage":"es","potentialAction":[{"@type":"ReadAction","target":["https:\/\/informelitoral.com.ar\/valle-maria-preparan-el-lanzamiento-de-la-temporada-de-verano-en-la-costa-del-parana\/"]}]},{"@type":"ImageObject","inLanguage":"es","@id":"https:\/\/informelitoral.com.ar\/valle-maria-preparan-el-lanzamiento-de-la-temporada-de-verano-en-la-costa-del-parana\/#primaryimage","url":"http:\/\/www.isletasnoticias.com.ar\/%77%70%2d%63%6f%6e%74%65%6e%74\/uploads\/2013\/10\/1380662896-300x211.jpg","contentUrl":"http:\/\/www.isletasnoticias.com.ar\/%77%70%2d%63%6f%6e%74%65%6e%74\/uploads\/2013\/10\/1380662896-300x211.jpg"},{"@type":"BreadcrumbList","@id":"https:\/\/informelitoral.com.ar\/valle-maria-preparan-el-lanzamiento-de-la-temporada-de-verano-en-la-costa-del-parana\/#breadcrumb","itemListElement":[{"@type":"ListItem","position":1,"name":"Portada","item":"https:\/\/informelitoral.com.ar\/"},{"@type":"ListItem","position":2,"name":"Valle Mar\u00eda: preparan el lanzamiento de la temporada de verano en la costa del Paran\u00e1"}]},{"@type":"WebSite","@id":"https:\/\/informelitoral.com.ar\/#website","url":"https:\/\/informelitoral.com.ar\/","name":"Informe Litoral","description":"&quot;Nos informamos&quot; ","publisher":{"@id":"https:\/\/informelitoral.com.ar\/#organization"},"potentialAction":[{"@type":"SearchAction","target":{"@type":"EntryPoint","urlTemplate":"https:\/\/informelitoral.com.ar\/?s={search_term_string}"},"query-input":{"@type":"PropertyValueSpecification","valueRequired":true,"valueName":"search_term_string"}}],"inLanguage":"es"},{"@type":"Organization","@id":"https:\/\/informelitoral.com.ar\/#organization","name":"Informe Litoral","url":"https:\/\/informelitoral.com.ar\/","logo":{"@type":"ImageObject","inLanguage":"es","@id":"https:\/\/informelitoral.com.ar\/#\/schema\/logo\/image\/","url":"https:\/\/informelitoral.com.ar\/%77%70%2d%63%6f%6e%74%65%6e%74\/uploads\/2021\/01\/circulo.png","contentUrl":"https:\/\/informelitoral.com.ar\/%77%70%2d%63%6f%6e%74%65%6e%74\/uploads\/2021\/01\/circulo.png","width":723,"height":731,"caption":"Informe Litoral"},"image":{"@id":"https:\/\/informelitoral.com.ar\/#\/schema\/logo\/image\/"},"sameAs":["https:\/\/www.facebook.com\/informelitoral\/","https:\/\/x.com\/InformeLitoral","https:\/\/www.instagram.com\/informelitoral\/","https:\/\/www.youtube.com\/channel\/UCua4Qvz8Icb6MYqhoq9xLXw"]},{"@type":"Person","@id":"https:\/\/informelitoral.com.ar\/#\/schema\/person\/b9d00407c836482871ef1d57bf8e3180","name":"Gonzalo Schmidt","image":{"@type":"ImageObject","inLanguage":"es","@id":"https:\/\/secure.gravatar.com\/avatar\/31a1a7b66ff2de83bd0e9fd79d026630d2d99e55e8bfe501287647b4fd9743de?s=96&d=mm&r=g","url":"https:\/\/secure.gravatar.com\/avatar\/31a1a7b66ff2de83bd0e9fd79d026630d2d99e55e8bfe501287647b4fd9743de?s=96&d=mm&r=g","contentUrl":"https:\/\/secure.gravatar.com\/avatar\/31a1a7b66ff2de83bd0e9fd79d026630d2d99e55e8bfe501287647b4fd9743de?s=96&d=mm&r=g","caption":"Gonzalo Schmidt"},"description":"Sitio web de noticias de la provincia de Entre R\u00edos, Argentina. Informaci\u00f3n y entretenimiento. Informe Litoral, nos informamos.","sameAs":["http:\/\/www.isletasnoticias.com.ar"],"url":"https:\/\/informelitoral.com.ar\/author\/gonzalo\/"}]}},"_links":{"self":[{"href":"https:\/\/informelitoral.com.ar\/%77%70%2d%6a%73%6f%6e\/wp\/v2\/posts\/3510","targetHints":{"allow":["GET"]}}],"collection":[{"href":"https:\/\/informelitoral.com.ar\/%77%70%2d%6a%73%6f%6e\/wp\/v2\/posts"}],"about":[{"href":"https:\/\/informelitoral.com.ar\/%77%70%2d%6a%73%6f%6e\/wp\/v2\/types\/post"}],"author":[{"embeddable":true,"href":"https:\/\/informelitoral.com.ar\/%77%70%2d%6a%73%6f%6e\/wp\/v2\/users\/2"}],"replies":[{"embeddable":true,"href":"https:\/\/informelitoral.com.ar\/%77%70%2d%6a%73%6f%6e\/wp\/v2\/comments?post=3510"}],"version-history":[{"count":0,"href":"https:\/\/informelitoral.com.ar\/%77%70%2d%6a%73%6f%6e\/wp\/v2\/posts\/3510\/revisions"}],"wp:attachment":[{"href":"https:\/\/informelitoral.com.ar\/%77%70%2d%6a%73%6f%6e\/wp\/v2\/media?parent=3510"}],"wp:term":[{"taxonomy":"category","embeddable":true,"href":"https:\/\/informelitoral.com.ar\/%77%70%2d%6a%73%6f%6e\/wp\/v2\/categories?post=3510"},{"taxonomy":"post_tag","embeddable":true,"href":"https:\/\/informelitoral.com.ar\/%77%70%2d%6a%73%6f%6e\/wp\/v2\/tags?post=3510"}],"curies":[{"name":"wp","href":"https:\/\/api.w.org\/{rel}","templated":true}]}}