{"id":35090,"date":"2019-07-22T09:05:34","date_gmt":"2019-07-22T12:05:34","guid":{"rendered":"https:\/\/www.isletasnoticias.com.ar\/?p=35090"},"modified":"2019-07-22T09:07:34","modified_gmt":"2019-07-22T12:07:34","slug":"este-lunes-vence-el-plazo-para-la-recategorizacion-del-monotributo","status":"publish","type":"post","link":"https:\/\/informelitoral.com.ar\/este-lunes-vence-el-plazo-para-la-recategorizacion-del-monotributo\/","title":{"rendered":"Este lunes vence el plazo para la recategorizaci\u00f3n del monotributo"},"content":{"rendered":"<div class=\"detail-body\">\n<article id=\"note-body\" class=\"note-body first\" data-twitter-link=\"https:\/\/twitter.com\/intent\/tweet?url=https:\/\/www.minutouno.com\/c5044012&amp;v\u00eda=minutounocom&amp;related=MinutoUno&amp;text=\">\n<div class=\"row\">\n<div class=\"inside-note col-xs-12\">\n<p>Este\u00a0<span id=\"saysCMSEmphasisn3c2vdy21g\" class=\"saysCMSEmphasis\">lunes vence el plazo para la recategorizaci\u00f3n del monotributo.<\/span>\u00a0En este r\u00e9gimen\u00a0<span id=\"saysCMSEmphasis8bidfe4np59\" class=\"saysCMSEmphasis\">se encuentran inscriptos unos 3.150.000 contribuyentes<\/span> y se estima que las categor\u00edas m\u00e1s bajas (A y B) suman 1.325.000 personas.<\/p>\n<p>De acuerdo con las \u00faltimas reformas en materia tributaria, <span id=\"saysCMSEmphasishnxcn9xu2w4\" class=\"saysCMSEmphasis\">la recategorizaci\u00f3n \u2013en caso de ser necesaria\u2014 se realiza sobre la base de la facturaci\u00f3n del per\u00edodo comprendido entre julio de 2018 y junio de este a\u00f1o.<\/span>\u00a0En caso de superar todas las categor\u00edas del monotributo, el contribuyente deber\u00e1 pasar al R\u00e9gimen General. Por inconsistencias en la categor\u00eda elegida y la verdadera facturaci\u00f3n<span id=\"saysCMSEmphasisuz2ksa99gr\" class=\"saysCMSEmphasis\">\u00a0la\u00a0AFIP podr\u00eda aplicar una multa e incluso hasta inhabilitar al contribuyente.<\/span><\/p>\n<\/div>\n<\/div>\n<\/article>\n<\/div>\n<div class=\"detail-body \">\n<article id=\"note-body\" class=\"note-body\" data-twitter-link=\"https:\/\/twitter.com\/intent\/tweet?url=https:\/\/www.minutouno.com\/c5044012&amp;v\u00eda=minutounocom&amp;related=MinutoUno&amp;text=\">\n<div class=\"row\">\n<div class=\"inside-note col-xs-12\">\n<div id=\"7042248-Libre-2115094832_wrap\" class=\"embed_cont type_imagen no-copyright\">\n<div id=\"7042248-Libre-2115094832_content\" class=\"embed_content\"><img decoding=\"async\" id=\"7042248-Libre-2115094832_embed\" class=\"aligncenter\" src=\"https:\/\/media.minutouno.com\/adjuntos\/150\/imagenes\/036\/095\/0036095247.jpg?0000-00-00-00-00-00\" alt=\"Leandro Cuccioli, titular de la AFIP\" \/><\/div>\n<\/div>\n<p>La\u00a0<span id=\"saysCMSEmphasisl4uparsld\" class=\"saysCMSEmphasis\">recategorizaci\u00f3n se realiza dos veces por a\u00f1o entre los d\u00edas 1 y 20 de los meses de enero y julio<\/span>. En los casos que el d\u00eda 20 sea s\u00e1bado, domingo o feriado el plazo se extiende hasta el pr\u00f3ximo d\u00eda h\u00e1bil. Por eso en esta ocasi\u00f3n el vencimiento es el lunes.\u00a0<span id=\"saysCMSEmphasisxpwu8p3kezt\" class=\"saysCMSEmphasis\">La pr\u00f3xima revisi\u00f3n de categor\u00eda vencer\u00e1 el 20 de enero de 2020.<\/span><\/p>\n<p>El monotributo naci\u00f3 como un r\u00e9gimen simplificado para peque\u00f1os contribuyentes, pero\u00a0<span id=\"saysCMSEmphasis4n6nbryhpa7\" class=\"saysCMSEmphasis\">con la crisis econ\u00f3mica actual comenz\u00f3 a incorporar a mayor cantidad de aportantes que antes estaban en relaci\u00f3n de dependencia o en el r\u00e9gimen general.\u00a0<\/span>Tambi\u00e9n existe la categor\u00eda de monotributo social, pensada para sectores de bajos ingresos econ\u00f3micos que les permite tener obra social, emitir facturas y jubilarse. En este grupo hay unos 550 mil inscriptos. Otro caso son los trabajadores en relaci\u00f3n de dependencia que adem\u00e1s facturan por alg\u00fan servicio.<\/p>\n<div id=\"2722334-Libre-58656110_wrap\" class=\"embed_cont type_imagen no-epigrafe no-copyright\">\n<div id=\"2722334-Libre-58656110_content\" class=\"embed_content\"><img decoding=\"async\" id=\"2722334-Libre-58656110_embed\" class=\"aligncenter\" src=\"https:\/\/media.minutouno.com\/adjuntos\/150\/imagenes\/029\/165\/0029165550.jpg?0000-00-00-00-00-00\" alt=\"\" \/><\/div>\n<\/div>\n<p><span id=\"saysCMSEmphasis4ze6omqc8ih\" class=\"saysCMSEmphasis\">Para encuadrarse en la categor\u00eda correcta, es necesario tener en cuenta ingresos brutos acumulados, posesi\u00f3n de local u oficina, el costo de la energ\u00eda el\u00e9ctrica consumida, los alquileres devengados y la superficie afectada al impuesto.<\/span><\/p>\n<p>Seg\u00fan la \u00faltima actualizaci\u00f3n de la AFIP estos son los l\u00edmites de ingresos brutos por categor\u00eda:<\/p>\n<p>* Categor\u00eda \u201cA\u201d: el l\u00edmite de ingresos brutos es de 138.127 pesos anuales.<\/p>\n<p>* Categor\u00eda \u201cB\u201d: el tope es de 207.191 pesos.<\/p>\n<p>* Categor\u00eda \u00abC\u201d: el tope es 276.255 pesos.<\/p>\n<p>* Categor\u00eda \u201cD\u201d: es de 414.383 pesos.<\/p>\n<p>* Categor\u00eda \u201cF\u201d: es de 690.639 pesos<\/p>\n<p>* Categor\u00eda \u201cG\u201d: es de 828.767 pesos<\/p>\n<p>* Catgeor\u00eda \u201cH\u201d: es de 1.151.066<\/p>\n<p>* Categor\u00eda \u201cI\u201d: es de 1.352.503 pesos<\/p>\n<p>* Categor\u00eda \u201cJ\u201d: es de 1.553.939 pesos<\/p>\n<p>* Categor\u00eda \u201cK\u201d: es de 1.726.599 pesos.<\/p>\n<p><span id=\"saysCMSEmphasisvgh4z4z6auq\" class=\"saysCMSEmphasis\">Para establecer este valor hay que sumar la facturaci\u00f3n del per\u00edodo comprendido entre julio 2018 y junio 2019.\u00a0<\/span>Por la obligatoriedad que rige desde principio de a\u00f1o de realizar facturas electr\u00f3nicas para todas las categor\u00edas, al menos la mitad de los ingresos que debe tomar en cuenta el contribuyente para la recategorizaci\u00f3n est\u00e1n en los registros electr\u00f3nicos de la AFIP, que adem\u00e1s cruzar\u00e1 los datos los gastos incurridos principalmente con tarjeta de cr\u00e9dito.<\/p>\n<p>En el r\u00e9gimen del monotributo hay dos situaciones. Los monotributistas que s\u00f3lo facturan y deben pagar el total de los aportes (impuesto integrado m\u00e1s SIPA y Obra Social) y lo que pagan solo el componente impositivo, ya que tambi\u00e9n trabajan en relaci\u00f3n de dependencia y en ese empleo se les retienen las contribuciones sociales.<\/p>\n<p>El aporte a la obra social es en todos los casos de 689 pesos. El componente impositivo y los aportes del SIPA cambian de acuerdo con la categor\u00eda: \u201cA\u201d (111,81 pesos de impuesto integrado y 493,31 pesos de SIPA), \u201cB\u201d (215,42 y 542,64 pesos respectivamente), \u201cC\u201d (368,34 y 596,91), \u201cD\u201d (605,13 y 656,60), \u201cE\u201d (1151,06 y 722,26), \u201cF\u201d (1583,54 y 794,48), \u201cG\u201d (2014,37 y 873,93) y \u201cH\u201d (4604,26 y 961,32 pesos).<\/p>\n<p>Para hacer la readecuaci\u00f3n debe ingresarse a la p\u00e1gina de AFIP.<span id=\"saysCMSEmphasiscn6pkof8nlc\" class=\"saysCMSEmphasis\">\u00a0Estar encuadrado en la categor\u00eda correcta es responsabilidad de cada contribuyente. En caso que el monotributista no se recategorice voluntariamente, la AFIP proceder\u00e1 a hacer una recategorizaci\u00f3n de oficio,\u00a0<\/span>en funci\u00f3n de la informaci\u00f3n que tiene en sus bases de datos.<\/p>\n<p>Luego el contribuyente tendr\u00e1 un plazo para hacer su descargo si no est\u00e1 conforme.\u00a0<span id=\"saysCMSEmphasis7qnk841snbb\" class=\"saysCMSEmphasis\">Por irregularidades o diferencias entre ingresos y la categor\u00eda inscripta, AFIP aplicar\u00e1 multas.<\/span>\u00a0La Reforma Tributaria elev\u00f3 sustancialmente los montos de esas sanciones. Anteriormente la misma ascend\u00eda al 50 por ciento del impuesto (sin considerar la cotizaci\u00f3n del SIPA). Hoy se toma el total (la parte impositiva y la previsional) para calcular la multa.<\/p>\n<\/div>\n<\/div>\n<\/article>\n<\/div>\n","protected":false},"excerpt":{"rendered":"<p>En este r\u00e9gimen se encuentran inscriptos unos 3.150.000 contribuyentes. A quienes no cumplan con el tr\u00e1mite, la AFIP se lo har\u00e1 de oficio.<\/p>\n","protected":false},"author":2,"featured_media":19875,"comment_status":"open","ping_status":"open","sticky":false,"template":"","format":"standard","meta":{"fifu_image_url":"","fifu_image_alt":"","footnotes":""},"categories":[7],"tags":[158,605],"class_list":{"0":"post-35090","1":"post","2":"type-post","3":"status-publish","4":"format-standard","5":"has-post-thumbnail","7":"category-nacionales","8":"tag-afip","9":"tag-monotributo"},"yoast_head":"<title>Este lunes vence el plazo para la recategorizaci\u00f3n del monotributo - Informe Litoral<\/title>\n<meta name=\"robots\" content=\"index, follow, max-snippet:-1, max-image-preview:large, max-video-preview:-1\" \/>\n<link rel=\"canonical\" href=\"https:\/\/informelitoral.com.ar\/este-lunes-vence-el-plazo-para-la-recategorizacion-del-monotributo\/\" \/>\n<meta property=\"og:locale\" content=\"es_ES\" \/>\n<meta property=\"og:type\" content=\"article\" \/>\n<meta property=\"og:title\" content=\"Este lunes vence el plazo para la recategorizaci\u00f3n del monotributo - Informe Litoral\" \/>\n<meta property=\"og:description\" content=\"En este r\u00e9gimen se encuentran inscriptos unos 3.150.000 contribuyentes. A quienes no cumplan con el tr\u00e1mite, la AFIP se lo har\u00e1 de oficio.\" \/>\n<meta property=\"og:url\" content=\"https:\/\/informelitoral.com.ar\/este-lunes-vence-el-plazo-para-la-recategorizacion-del-monotributo\/\" \/>\n<meta property=\"og:site_name\" content=\"Informe Litoral\" \/>\n<meta property=\"article:publisher\" content=\"https:\/\/www.facebook.com\/informelitoral\/\" \/>\n<meta property=\"article:published_time\" content=\"2019-07-22T12:05:34+00:00\" \/>\n<meta property=\"article:modified_time\" content=\"2019-07-22T12:07:34+00:00\" \/>\n<meta property=\"og:image\" content=\"https:\/\/informelitoral.com.ar\/%77%70%2d%63%6f%6e%74%65%6e%74\/uploads\/2017\/01\/monotributo.jpg_258117318.jpg\" \/>\n\t<meta property=\"og:image:width\" content=\"829\" \/>\n\t<meta property=\"og:image:height\" content=\"466\" \/>\n\t<meta property=\"og:image:type\" content=\"image\/jpeg\" \/>\n<meta name=\"author\" content=\"Gonzalo Schmidt\" \/>\n<meta name=\"twitter:card\" content=\"summary_large_image\" \/>\n<meta name=\"twitter:creator\" content=\"@InformeLitoral\" \/>\n<meta name=\"twitter:site\" content=\"@InformeLitoral\" \/>\n<meta name=\"twitter:label1\" content=\"Escrito por\" \/>\n\t<meta name=\"twitter:data1\" content=\"Gonzalo Schmidt\" \/>\n\t<meta name=\"twitter:label2\" content=\"Tiempo de lectura\" \/>\n\t<meta name=\"twitter:data2\" content=\"4 minutos\" \/>\n<script type=\"application\/ld+json\" class=\"yoast-schema-graph\">{\"@context\":\"https:\\\/\\\/schema.org\",\"@graph\":[{\"@type\":\"Article\",\"@id\":\"https:\\\/\\\/informelitoral.com.ar\\\/este-lunes-vence-el-plazo-para-la-recategorizacion-del-monotributo\\\/#article\",\"isPartOf\":{\"@id\":\"https:\\\/\\\/informelitoral.com.ar\\\/este-lunes-vence-el-plazo-para-la-recategorizacion-del-monotributo\\\/\"},\"author\":{\"name\":\"Gonzalo Schmidt\",\"@id\":\"https:\\\/\\\/informelitoral.com.ar\\\/#\\\/schema\\\/person\\\/b9d00407c836482871ef1d57bf8e3180\"},\"headline\":\"Este lunes vence el plazo para la recategorizaci\u00f3n del monotributo\",\"datePublished\":\"2019-07-22T12:05:34+00:00\",\"dateModified\":\"2019-07-22T12:07:34+00:00\",\"mainEntityOfPage\":{\"@id\":\"https:\\\/\\\/informelitoral.com.ar\\\/este-lunes-vence-el-plazo-para-la-recategorizacion-del-monotributo\\\/\"},\"wordCount\":743,\"commentCount\":0,\"publisher\":{\"@id\":\"https:\\\/\\\/informelitoral.com.ar\\\/#organization\"},\"image\":{\"@id\":\"https:\\\/\\\/informelitoral.com.ar\\\/este-lunes-vence-el-plazo-para-la-recategorizacion-del-monotributo\\\/#primaryimage\"},\"thumbnailUrl\":\"https:\\\/\\\/informelitoral.com.ar\\\/%77%70%2d%63%6f%6e%74%65%6e%74\\\/uploads\\\/2017\\\/01\\\/monotributo.jpg_258117318.jpg\",\"keywords\":[\"AFIP\",\"Monotributo\"],\"articleSection\":[\"Nacionales\"],\"inLanguage\":\"es\",\"potentialAction\":[{\"@type\":\"CommentAction\",\"name\":\"Comment\",\"target\":[\"https:\\\/\\\/informelitoral.com.ar\\\/este-lunes-vence-el-plazo-para-la-recategorizacion-del-monotributo\\\/#respond\"]}]},{\"@type\":\"WebPage\",\"@id\":\"https:\\\/\\\/informelitoral.com.ar\\\/este-lunes-vence-el-plazo-para-la-recategorizacion-del-monotributo\\\/\",\"url\":\"https:\\\/\\\/informelitoral.com.ar\\\/este-lunes-vence-el-plazo-para-la-recategorizacion-del-monotributo\\\/\",\"name\":\"Este lunes vence el plazo para la recategorizaci\u00f3n del monotributo - Informe Litoral\",\"isPartOf\":{\"@id\":\"https:\\\/\\\/informelitoral.com.ar\\\/#website\"},\"primaryImageOfPage\":{\"@id\":\"https:\\\/\\\/informelitoral.com.ar\\\/este-lunes-vence-el-plazo-para-la-recategorizacion-del-monotributo\\\/#primaryimage\"},\"image\":{\"@id\":\"https:\\\/\\\/informelitoral.com.ar\\\/este-lunes-vence-el-plazo-para-la-recategorizacion-del-monotributo\\\/#primaryimage\"},\"thumbnailUrl\":\"https:\\\/\\\/informelitoral.com.ar\\\/%77%70%2d%63%6f%6e%74%65%6e%74\\\/uploads\\\/2017\\\/01\\\/monotributo.jpg_258117318.jpg\",\"datePublished\":\"2019-07-22T12:05:34+00:00\",\"dateModified\":\"2019-07-22T12:07:34+00:00\",\"breadcrumb\":{\"@id\":\"https:\\\/\\\/informelitoral.com.ar\\\/este-lunes-vence-el-plazo-para-la-recategorizacion-del-monotributo\\\/#breadcrumb\"},\"inLanguage\":\"es\",\"potentialAction\":[{\"@type\":\"ReadAction\",\"target\":[\"https:\\\/\\\/informelitoral.com.ar\\\/este-lunes-vence-el-plazo-para-la-recategorizacion-del-monotributo\\\/\"]}]},{\"@type\":\"ImageObject\",\"inLanguage\":\"es\",\"@id\":\"https:\\\/\\\/informelitoral.com.ar\\\/este-lunes-vence-el-plazo-para-la-recategorizacion-del-monotributo\\\/#primaryimage\",\"url\":\"https:\\\/\\\/informelitoral.com.ar\\\/%77%70%2d%63%6f%6e%74%65%6e%74\\\/uploads\\\/2017\\\/01\\\/monotributo.jpg_258117318.jpg\",\"contentUrl\":\"https:\\\/\\\/informelitoral.com.ar\\\/%77%70%2d%63%6f%6e%74%65%6e%74\\\/uploads\\\/2017\\\/01\\\/monotributo.jpg_258117318.jpg\",\"width\":829,\"height\":466},{\"@type\":\"BreadcrumbList\",\"@id\":\"https:\\\/\\\/informelitoral.com.ar\\\/este-lunes-vence-el-plazo-para-la-recategorizacion-del-monotributo\\\/#breadcrumb\",\"itemListElement\":[{\"@type\":\"ListItem\",\"position\":1,\"name\":\"Portada\",\"item\":\"https:\\\/\\\/informelitoral.com.ar\\\/\"},{\"@type\":\"ListItem\",\"position\":2,\"name\":\"Este lunes vence el plazo para la recategorizaci\u00f3n del monotributo\"}]},{\"@type\":\"WebSite\",\"@id\":\"https:\\\/\\\/informelitoral.com.ar\\\/#website\",\"url\":\"https:\\\/\\\/informelitoral.com.ar\\\/\",\"name\":\"Informe Litoral\",\"description\":\"&quot;Nos informamos&quot; \",\"publisher\":{\"@id\":\"https:\\\/\\\/informelitoral.com.ar\\\/#organization\"},\"potentialAction\":[{\"@type\":\"SearchAction\",\"target\":{\"@type\":\"EntryPoint\",\"urlTemplate\":\"https:\\\/\\\/informelitoral.com.ar\\\/?s={search_term_string}\"},\"query-input\":{\"@type\":\"PropertyValueSpecification\",\"valueRequired\":true,\"valueName\":\"search_term_string\"}}],\"inLanguage\":\"es\"},{\"@type\":\"Organization\",\"@id\":\"https:\\\/\\\/informelitoral.com.ar\\\/#organization\",\"name\":\"Informe Litoral\",\"url\":\"https:\\\/\\\/informelitoral.com.ar\\\/\",\"logo\":{\"@type\":\"ImageObject\",\"inLanguage\":\"es\",\"@id\":\"https:\\\/\\\/informelitoral.com.ar\\\/#\\\/schema\\\/logo\\\/image\\\/\",\"url\":\"https:\\\/\\\/informelitoral.com.ar\\\/%77%70%2d%63%6f%6e%74%65%6e%74\\\/uploads\\\/2021\\\/01\\\/circulo.png\",\"contentUrl\":\"https:\\\/\\\/informelitoral.com.ar\\\/%77%70%2d%63%6f%6e%74%65%6e%74\\\/uploads\\\/2021\\\/01\\\/circulo.png\",\"width\":723,\"height\":731,\"caption\":\"Informe Litoral\"},\"image\":{\"@id\":\"https:\\\/\\\/informelitoral.com.ar\\\/#\\\/schema\\\/logo\\\/image\\\/\"},\"sameAs\":[\"https:\\\/\\\/www.facebook.com\\\/informelitoral\\\/\",\"https:\\\/\\\/x.com\\\/InformeLitoral\",\"https:\\\/\\\/www.instagram.com\\\/informelitoral\\\/\",\"https:\\\/\\\/www.youtube.com\\\/channel\\\/UCua4Qvz8Icb6MYqhoq9xLXw\"]},{\"@type\":\"Person\",\"@id\":\"https:\\\/\\\/informelitoral.com.ar\\\/#\\\/schema\\\/person\\\/b9d00407c836482871ef1d57bf8e3180\",\"name\":\"Gonzalo Schmidt\",\"image\":{\"@type\":\"ImageObject\",\"inLanguage\":\"es\",\"@id\":\"https:\\\/\\\/secure.gravatar.com\\\/avatar\\\/31a1a7b66ff2de83bd0e9fd79d026630d2d99e55e8bfe501287647b4fd9743de?s=96&d=mm&r=g\",\"url\":\"https:\\\/\\\/secure.gravatar.com\\\/avatar\\\/31a1a7b66ff2de83bd0e9fd79d026630d2d99e55e8bfe501287647b4fd9743de?s=96&d=mm&r=g\",\"contentUrl\":\"https:\\\/\\\/secure.gravatar.com\\\/avatar\\\/31a1a7b66ff2de83bd0e9fd79d026630d2d99e55e8bfe501287647b4fd9743de?s=96&d=mm&r=g\",\"caption\":\"Gonzalo Schmidt\"},\"description\":\"Sitio web de noticias de la provincia de Entre R\u00edos, Argentina. Informaci\u00f3n y entretenimiento. Informe Litoral, nos informamos.\",\"sameAs\":[\"http:\\\/\\\/www.isletasnoticias.com.ar\"],\"url\":\"https:\\\/\\\/informelitoral.com.ar\\\/author\\\/gonzalo\\\/\"}]}<\/script>","yoast_head_json":{"title":"Este lunes vence el plazo para la recategorizaci\u00f3n del monotributo - Informe Litoral","robots":{"index":"index","follow":"follow","max-snippet":"max-snippet:-1","max-image-preview":"max-image-preview:large","max-video-preview":"max-video-preview:-1"},"canonical":"https:\/\/informelitoral.com.ar\/este-lunes-vence-el-plazo-para-la-recategorizacion-del-monotributo\/","og_locale":"es_ES","og_type":"article","og_title":"Este lunes vence el plazo para la recategorizaci\u00f3n del monotributo - Informe Litoral","og_description":"En este r\u00e9gimen se encuentran inscriptos unos 3.150.000 contribuyentes. A quienes no cumplan con el tr\u00e1mite, la AFIP se lo har\u00e1 de oficio.","og_url":"https:\/\/informelitoral.com.ar\/este-lunes-vence-el-plazo-para-la-recategorizacion-del-monotributo\/","og_site_name":"Informe Litoral","article_publisher":"https:\/\/www.facebook.com\/informelitoral\/","article_published_time":"2019-07-22T12:05:34+00:00","article_modified_time":"2019-07-22T12:07:34+00:00","og_image":[{"width":829,"height":466,"url":"https:\/\/informelitoral.com.ar\/%77%70%2d%63%6f%6e%74%65%6e%74\/uploads\/2017\/01\/monotributo.jpg_258117318.jpg","type":"image\/jpeg"}],"author":"Gonzalo Schmidt","twitter_card":"summary_large_image","twitter_creator":"@InformeLitoral","twitter_site":"@InformeLitoral","twitter_misc":{"Escrito por":"Gonzalo Schmidt","Tiempo de lectura":"4 minutos"},"schema":{"@context":"https:\/\/schema.org","@graph":[{"@type":"Article","@id":"https:\/\/informelitoral.com.ar\/este-lunes-vence-el-plazo-para-la-recategorizacion-del-monotributo\/#article","isPartOf":{"@id":"https:\/\/informelitoral.com.ar\/este-lunes-vence-el-plazo-para-la-recategorizacion-del-monotributo\/"},"author":{"name":"Gonzalo Schmidt","@id":"https:\/\/informelitoral.com.ar\/#\/schema\/person\/b9d00407c836482871ef1d57bf8e3180"},"headline":"Este lunes vence el plazo para la recategorizaci\u00f3n del monotributo","datePublished":"2019-07-22T12:05:34+00:00","dateModified":"2019-07-22T12:07:34+00:00","mainEntityOfPage":{"@id":"https:\/\/informelitoral.com.ar\/este-lunes-vence-el-plazo-para-la-recategorizacion-del-monotributo\/"},"wordCount":743,"commentCount":0,"publisher":{"@id":"https:\/\/informelitoral.com.ar\/#organization"},"image":{"@id":"https:\/\/informelitoral.com.ar\/este-lunes-vence-el-plazo-para-la-recategorizacion-del-monotributo\/#primaryimage"},"thumbnailUrl":"https:\/\/informelitoral.com.ar\/%77%70%2d%63%6f%6e%74%65%6e%74\/uploads\/2017\/01\/monotributo.jpg_258117318.jpg","keywords":["AFIP","Monotributo"],"articleSection":["Nacionales"],"inLanguage":"es","potentialAction":[{"@type":"CommentAction","name":"Comment","target":["https:\/\/informelitoral.com.ar\/este-lunes-vence-el-plazo-para-la-recategorizacion-del-monotributo\/#respond"]}]},{"@type":"WebPage","@id":"https:\/\/informelitoral.com.ar\/este-lunes-vence-el-plazo-para-la-recategorizacion-del-monotributo\/","url":"https:\/\/informelitoral.com.ar\/este-lunes-vence-el-plazo-para-la-recategorizacion-del-monotributo\/","name":"Este lunes vence el plazo para la recategorizaci\u00f3n del monotributo - Informe Litoral","isPartOf":{"@id":"https:\/\/informelitoral.com.ar\/#website"},"primaryImageOfPage":{"@id":"https:\/\/informelitoral.com.ar\/este-lunes-vence-el-plazo-para-la-recategorizacion-del-monotributo\/#primaryimage"},"image":{"@id":"https:\/\/informelitoral.com.ar\/este-lunes-vence-el-plazo-para-la-recategorizacion-del-monotributo\/#primaryimage"},"thumbnailUrl":"https:\/\/informelitoral.com.ar\/%77%70%2d%63%6f%6e%74%65%6e%74\/uploads\/2017\/01\/monotributo.jpg_258117318.jpg","datePublished":"2019-07-22T12:05:34+00:00","dateModified":"2019-07-22T12:07:34+00:00","breadcrumb":{"@id":"https:\/\/informelitoral.com.ar\/este-lunes-vence-el-plazo-para-la-recategorizacion-del-monotributo\/#breadcrumb"},"inLanguage":"es","potentialAction":[{"@type":"ReadAction","target":["https:\/\/informelitoral.com.ar\/este-lunes-vence-el-plazo-para-la-recategorizacion-del-monotributo\/"]}]},{"@type":"ImageObject","inLanguage":"es","@id":"https:\/\/informelitoral.com.ar\/este-lunes-vence-el-plazo-para-la-recategorizacion-del-monotributo\/#primaryimage","url":"https:\/\/informelitoral.com.ar\/%77%70%2d%63%6f%6e%74%65%6e%74\/uploads\/2017\/01\/monotributo.jpg_258117318.jpg","contentUrl":"https:\/\/informelitoral.com.ar\/%77%70%2d%63%6f%6e%74%65%6e%74\/uploads\/2017\/01\/monotributo.jpg_258117318.jpg","width":829,"height":466},{"@type":"BreadcrumbList","@id":"https:\/\/informelitoral.com.ar\/este-lunes-vence-el-plazo-para-la-recategorizacion-del-monotributo\/#breadcrumb","itemListElement":[{"@type":"ListItem","position":1,"name":"Portada","item":"https:\/\/informelitoral.com.ar\/"},{"@type":"ListItem","position":2,"name":"Este lunes vence el plazo para la recategorizaci\u00f3n del monotributo"}]},{"@type":"WebSite","@id":"https:\/\/informelitoral.com.ar\/#website","url":"https:\/\/informelitoral.com.ar\/","name":"Informe Litoral","description":"&quot;Nos informamos&quot; ","publisher":{"@id":"https:\/\/informelitoral.com.ar\/#organization"},"potentialAction":[{"@type":"SearchAction","target":{"@type":"EntryPoint","urlTemplate":"https:\/\/informelitoral.com.ar\/?s={search_term_string}"},"query-input":{"@type":"PropertyValueSpecification","valueRequired":true,"valueName":"search_term_string"}}],"inLanguage":"es"},{"@type":"Organization","@id":"https:\/\/informelitoral.com.ar\/#organization","name":"Informe Litoral","url":"https:\/\/informelitoral.com.ar\/","logo":{"@type":"ImageObject","inLanguage":"es","@id":"https:\/\/informelitoral.com.ar\/#\/schema\/logo\/image\/","url":"https:\/\/informelitoral.com.ar\/%77%70%2d%63%6f%6e%74%65%6e%74\/uploads\/2021\/01\/circulo.png","contentUrl":"https:\/\/informelitoral.com.ar\/%77%70%2d%63%6f%6e%74%65%6e%74\/uploads\/2021\/01\/circulo.png","width":723,"height":731,"caption":"Informe Litoral"},"image":{"@id":"https:\/\/informelitoral.com.ar\/#\/schema\/logo\/image\/"},"sameAs":["https:\/\/www.facebook.com\/informelitoral\/","https:\/\/x.com\/InformeLitoral","https:\/\/www.instagram.com\/informelitoral\/","https:\/\/www.youtube.com\/channel\/UCua4Qvz8Icb6MYqhoq9xLXw"]},{"@type":"Person","@id":"https:\/\/informelitoral.com.ar\/#\/schema\/person\/b9d00407c836482871ef1d57bf8e3180","name":"Gonzalo Schmidt","image":{"@type":"ImageObject","inLanguage":"es","@id":"https:\/\/secure.gravatar.com\/avatar\/31a1a7b66ff2de83bd0e9fd79d026630d2d99e55e8bfe501287647b4fd9743de?s=96&d=mm&r=g","url":"https:\/\/secure.gravatar.com\/avatar\/31a1a7b66ff2de83bd0e9fd79d026630d2d99e55e8bfe501287647b4fd9743de?s=96&d=mm&r=g","contentUrl":"https:\/\/secure.gravatar.com\/avatar\/31a1a7b66ff2de83bd0e9fd79d026630d2d99e55e8bfe501287647b4fd9743de?s=96&d=mm&r=g","caption":"Gonzalo Schmidt"},"description":"Sitio web de noticias de la provincia de Entre R\u00edos, Argentina. Informaci\u00f3n y entretenimiento. Informe Litoral, nos informamos.","sameAs":["http:\/\/www.isletasnoticias.com.ar"],"url":"https:\/\/informelitoral.com.ar\/author\/gonzalo\/"}]}},"_links":{"self":[{"href":"https:\/\/informelitoral.com.ar\/%77%70%2d%6a%73%6f%6e\/wp\/v2\/posts\/35090","targetHints":{"allow":["GET"]}}],"collection":[{"href":"https:\/\/informelitoral.com.ar\/%77%70%2d%6a%73%6f%6e\/wp\/v2\/posts"}],"about":[{"href":"https:\/\/informelitoral.com.ar\/%77%70%2d%6a%73%6f%6e\/wp\/v2\/types\/post"}],"author":[{"embeddable":true,"href":"https:\/\/informelitoral.com.ar\/%77%70%2d%6a%73%6f%6e\/wp\/v2\/users\/2"}],"replies":[{"embeddable":true,"href":"https:\/\/informelitoral.com.ar\/%77%70%2d%6a%73%6f%6e\/wp\/v2\/comments?post=35090"}],"version-history":[{"count":0,"href":"https:\/\/informelitoral.com.ar\/%77%70%2d%6a%73%6f%6e\/wp\/v2\/posts\/35090\/revisions"}],"wp:featuredmedia":[{"embeddable":true,"href":"https:\/\/informelitoral.com.ar\/%77%70%2d%6a%73%6f%6e\/wp\/v2\/media\/19875"}],"wp:attachment":[{"href":"https:\/\/informelitoral.com.ar\/%77%70%2d%6a%73%6f%6e\/wp\/v2\/media?parent=35090"}],"wp:term":[{"taxonomy":"category","embeddable":true,"href":"https:\/\/informelitoral.com.ar\/%77%70%2d%6a%73%6f%6e\/wp\/v2\/categories?post=35090"},{"taxonomy":"post_tag","embeddable":true,"href":"https:\/\/informelitoral.com.ar\/%77%70%2d%6a%73%6f%6e\/wp\/v2\/tags?post=35090"}],"curies":[{"name":"wp","href":"https:\/\/api.w.org\/{rel}","templated":true}]}}