{"id":34993,"date":"2019-07-10T09:11:24","date_gmt":"2019-07-10T12:11:24","guid":{"rendered":"https:\/\/www.isletasnoticias.com.ar\/?p=34993"},"modified":"2019-07-19T09:14:42","modified_gmt":"2019-07-19T12:14:42","slug":"ramirez-la-ganadera-realizo-una-jornada-de-integracion-con-escuelas","status":"publish","type":"post","link":"https:\/\/informelitoral.com.ar\/ramirez-la-ganadera-realizo-una-jornada-de-integracion-con-escuelas\/","title":{"rendered":"Ram\u00edrez: La Ganadera realiz\u00f3 una jornada de integraci\u00f3n con escuelas"},"content":{"rendered":"<p>Los festejos del D\u00eda Internacional del Cooperativismo forman parte de la agenda de actividades organizada por Cooperativa La Ganadera de General Ram\u00edrez. Este a\u00f1o se celebr\u00f3 el d\u00eda 3 de julio en el Polideportivo de esa ciudad del departamento Diamante, con la presencia de alumnos de numerosas escuelas de la zona, donde se resaltaron valores cooperativos, se sumaron juegos y un trabajo de integraci\u00f3n que cada instituci\u00f3n plasm\u00f3 en un video.<\/p>\n<p><strong>El por qu\u00e9\u2026<\/strong><br \/>\nEl D\u00eda Internacional de las Cooperativas de las Naciones Unidas se celebra anualmente el primer s\u00e1bado de julio.<\/p>\n<p>El objetivo de esta celebraci\u00f3n es aumentar el conocimiento sobre las cooperativas, destacar los objetivos complementarios y los logros de las Naciones Unidas y el movimiento cooperativo internacional, subrayar las contribuciones del movimiento a la resoluci\u00f3n de los principales problemas tratados por las Naciones Unidas y reforzar y ampliar las relaciones entre el movimiento cooperativo internacional y otros actores.<\/p>\n<p>En 1992, tras un esfuerzo de presi\u00f3n concertado por los miembros cooperativistas de la Alianza Cooperativa Internacional (ACI) y los miembros del Comit\u00e9 para la Promoci\u00f3n y el Avance de las Cooperativas (COPAC), la Asamblea General de las Naciones Unidas proclam\u00f3 el primer s\u00e1bado de julio de 1995 como el D\u00eda Internacional de las Cooperativas, para celebrar el centenario de la creaci\u00f3n de la ACI, de acuerdo con la resoluci\u00f3n 47\/90 del 16 de diciembre de 1992.<\/p>\n<p><strong>Desde La Ganadera<\/strong><br \/>\nLa Cooperativa La Ganadera General Ram\u00edrez Limitada, a trav\u00e9s de sus grupos sociales: Juventud Agraria Cooperativista y el Grupo de Mujeres de Cambio Rural, El Despertar, deseaban conmemorar el D\u00eda Internacional de las Cooperativas 2019 con los 6\u00ba grados de las escuelas primarias de la ciudad y zonas aleda\u00f1as con el objeto de recordarles que est\u00e1n orgullosos de ser parte de este movimiento, una corriente con valores y principios, un movimiento comprometido con la comunidad y la sostenibilidad ambiental.<br \/>\nPara esto se organiz\u00f3 un programa de actividades, que se llevaron a cabo el d\u00eda 3 de julio, de 13 a 16 en el Polideportivo Municipal de Ram\u00edrez.<\/p>\n<p><strong>El evento<\/strong><br \/>\nMinutos antes de las 13 comenzaron a llegar las delegaciones con los \u201cgurises\u201d que con caras ansiosas iban colmando las instalaciones del Predio Polideportivo Municipal de Ram\u00edrez.<\/p>\n<p>El gerente general de la Cooperativa <strong>Ra\u00fal Preisz<\/strong>, que estuvo acompa\u00f1ado por los consejeros <strong>Iv\u00e1n Hetze<\/strong> y <strong>Ra\u00fal Eichman<\/strong>, les dio la bienvenida a las representaciones escolares de la localidad de Ram\u00edrez y de los departamentos Diamante y Nogoy\u00e1 agradeci\u00e9ndoles la presencia y exaltando los valores cooperativistas de la instituci\u00f3n con la proyecci\u00f3n de un video institucional.<\/p>\n<p>Continu\u00f3 el Licenciado <strong>Gonzalo Drasdov,<\/strong> encargado del \u00e1rea de comunicaci\u00f3n de la Cooperativa y la coordinadora de los grupos, <strong>Cecilia C\u00f3rdoba<\/strong> quien adem\u00e1s dirigi\u00f3 el evento. Despu\u00e9s de la proyecci\u00f3n del video, C\u00f3rdoba les proporcion\u00f3 la consigna l\u00fadica, que este a\u00f1o tuvo como motivo \u201cla b\u00fasqueda del tesoro\u201d.<\/p>\n<p>A pesar del fr\u00edo reinante un verdadero ej\u00e9rcito integrado por m\u00e1s de 300 chicos recorri\u00f3 las instalaciones del Polideportivo siguiendo las indicaciones dictadas hasta encontrar papeles con n\u00fameros, los que les permiti\u00f3 canjearlos por tesoros diversos, cartucheras, lapiceras, anotadores, reglas, entre otros elementos.<\/p>\n<p>\u201cBailemos todos\u201d, fue el lema de este a\u00f1o y consist\u00eda en que las escuelas participantes deb\u00edan presentar un video con la coreograf\u00eda del conocido tema. Durante todo el evento se mostraron en pantalla gigante los videos realizados por los \u201cpeques\u201d y las docentes de los establecimientos presentes.<\/p>\n<p>La consigna \u201cBailemos todos\u201d se vio reflejada en una gran danza que sigui\u00f3 a continuaci\u00f3n de la \u201cB\u00fasqueda del Tesoro\u201d que unifico a los chicos de todas las escuelas, las se\u00f1os, al Grupo de Mujeres, El Despertar , a la Juventud Agraria Cooperativista y a los m\u00e1s de 60 pap\u00e1s y abuelos que se hicieron presentes para acompa\u00f1ar a los ni\u00f1os. Culminando este baile, que fue dirigido por Paula L\u00f3pez, con una \u201cselfie\u201d a\u00e9rea captada desde un drone.<\/p>\n<p><strong>Escuelas participantes<\/strong><\/p>\n<p><a href=\"https:\/\/www.isletasnoticias.com.ar\/%77%70%2d%63%6f%6e%74%65%6e%74\/uploads\/2019\/07\/403.jpeg\"><img loading=\"lazy\" decoding=\"async\" class=\"aligncenter wp-image-34994 size-large\" src=\"https:\/\/www.isletasnoticias.com.ar\/%77%70%2d%63%6f%6e%74%65%6e%74\/uploads\/2019\/07\/403-1024x525.jpeg\" alt=\"\" width=\"696\" height=\"357\" srcset=\"https:\/\/informelitoral.com.ar\/%77%70%2d%63%6f%6e%74%65%6e%74\/uploads\/2019\/07\/403-1024x525.jpeg 1024w, https:\/\/informelitoral.com.ar\/%77%70%2d%63%6f%6e%74%65%6e%74\/uploads\/2019\/07\/403-300x154.jpeg 300w, https:\/\/informelitoral.com.ar\/%77%70%2d%63%6f%6e%74%65%6e%74\/uploads\/2019\/07\/403-768x394.jpeg 768w, https:\/\/informelitoral.com.ar\/%77%70%2d%63%6f%6e%74%65%6e%74\/uploads\/2019\/07\/403-696x357.jpeg 696w, https:\/\/informelitoral.com.ar\/%77%70%2d%63%6f%6e%74%65%6e%74\/uploads\/2019\/07\/403-1068x547.jpeg 1068w, https:\/\/informelitoral.com.ar\/%77%70%2d%63%6f%6e%74%65%6e%74\/uploads\/2019\/07\/403-820x420.jpeg 820w, https:\/\/informelitoral.com.ar\/%77%70%2d%63%6f%6e%74%65%6e%74\/uploads\/2019\/07\/403.jpeg 1280w\" sizes=\"auto, (max-width: 696px) 100vw, 696px\" \/><\/a>Escuela N\u00b0 13, Blanco Encalada<\/p>\n<p>Escuela N\u00b0 31, Leopoldo Herrera<\/p>\n<p>Escuela N\u00b0 57, Maestro Linares Cardozo<\/p>\n<p>Escuela N\u00b0 5, Alborada<\/p>\n<p>Escuela N\u00b0 18, 3 de Febrero de Distrito Doll<\/p>\n<p>Escuela N\u00b0 2, Juan de M. Ib\u00e1\u00f1ez<\/p>\n<p>Escuela N\u00b0 14, Hip\u00f3lito Vieytes<\/p>\n<p>Escuela N\u00b0 143, 25 de Mayo<\/p>\n<p>Escuela N\u00b0 32, Mariano Moreno<\/p>\n<p>Escuela N\u00b0 34, Juan Jos\u00e9 Paso<\/p>\n<p>Escuela N\u00b0 27, Horacio Mann<\/p>\n<p>Escuela N\u00b0 34, Granaderos de San Mart\u00edn<\/p>\n<p>Escuela N\u00b0 57, Jos\u00e9 Mar\u00eda Guti\u00e9rrez<\/p>\n<p>Escuela N\u00b0 80, Mar\u00eda Montesori<\/p>\n<p>Escuela N\u00b0 19, Mart\u00edn Guemes<\/p>\n<p>Escuela N\u00b0 61, Remedios de Escalada<\/p>\n<p>Los presentes recibieron certificados, numerosos presentes yse les agradeci\u00f3\u00a0 por haber acompa\u00f1ado y participado de este exitoso segundo encuentro llamado COOP&#8217;S DAY organizado por La Ganadera, que ya se encuentra abocada a la realizaci\u00f3n del pr\u00f3ximo evento, adelantaron.<\/p>\n<p><em>Nota realizada con colaboraci\u00f3n de Cooperativa La Ganadera<\/em><\/p>\n","protected":false},"excerpt":{"rendered":"<p>Fue en el marco del D\u00eda Internacional del Cooperativismo. Participaron instituciones educativas de General Ram\u00edrez y la zona. <\/p>\n","protected":false},"author":2,"featured_media":34995,"comment_status":"open","ping_status":"open","sticky":false,"template":"","format":"standard","meta":{"fifu_image_url":"","fifu_image_alt":"","footnotes":""},"categories":[10,5],"tags":[137,303,98,70,556,55,27],"class_list":{"0":"post-34993","1":"post","2":"type-post","3":"status-publish","4":"format-standard","5":"has-post-thumbnail","7":"category-campo","8":"category-zonales","9":"tag-cooperativa","10":"tag-cooperativismo","11":"tag-educacion","12":"tag-escuelas","13":"tag-general-ramirez","14":"tag-la-ganadera","15":"tag-ramirez"},"yoast_head":"<title>Ram\u00edrez: La Ganadera realiz\u00f3 una jornada de integraci\u00f3n con escuelas - Informe Litoral<\/title>\n<meta name=\"robots\" content=\"index, follow, max-snippet:-1, max-image-preview:large, max-video-preview:-1\" \/>\n<link rel=\"canonical\" href=\"https:\/\/informelitoral.com.ar\/ramirez-la-ganadera-realizo-una-jornada-de-integracion-con-escuelas\/\" \/>\n<meta property=\"og:locale\" content=\"es_ES\" \/>\n<meta property=\"og:type\" content=\"article\" \/>\n<meta property=\"og:title\" content=\"Ram\u00edrez: La Ganadera realiz\u00f3 una jornada de integraci\u00f3n con escuelas - Informe Litoral\" \/>\n<meta property=\"og:description\" content=\"Fue en el marco del D\u00eda Internacional del Cooperativismo. Participaron instituciones educativas de General Ram\u00edrez y la zona.\" \/>\n<meta property=\"og:url\" content=\"https:\/\/informelitoral.com.ar\/ramirez-la-ganadera-realizo-una-jornada-de-integracion-con-escuelas\/\" \/>\n<meta property=\"og:site_name\" content=\"Informe Litoral\" \/>\n<meta property=\"article:publisher\" content=\"https:\/\/www.facebook.com\/informelitoral\/\" \/>\n<meta property=\"article:published_time\" content=\"2019-07-10T12:11:24+00:00\" \/>\n<meta property=\"article:modified_time\" content=\"2019-07-19T12:14:42+00:00\" \/>\n<meta property=\"og:image\" content=\"https:\/\/informelitoral.com.ar\/%77%70%2d%63%6f%6e%74%65%6e%74\/uploads\/2019\/07\/404.jpeg\" \/>\n\t<meta property=\"og:image:width\" content=\"1280\" \/>\n\t<meta property=\"og:image:height\" content=\"695\" \/>\n\t<meta property=\"og:image:type\" content=\"image\/jpeg\" \/>\n<meta name=\"author\" content=\"Gonzalo Schmidt\" \/>\n<meta name=\"twitter:card\" content=\"summary_large_image\" \/>\n<meta name=\"twitter:creator\" content=\"@InformeLitoral\" \/>\n<meta name=\"twitter:site\" content=\"@InformeLitoral\" \/>\n<meta name=\"twitter:label1\" content=\"Escrito por\" \/>\n\t<meta name=\"twitter:data1\" content=\"Gonzalo Schmidt\" \/>\n\t<meta name=\"twitter:label2\" content=\"Tiempo de lectura\" \/>\n\t<meta name=\"twitter:data2\" content=\"4 minutos\" \/>\n<script type=\"application\/ld+json\" class=\"yoast-schema-graph\">{\"@context\":\"https:\\\/\\\/schema.org\",\"@graph\":[{\"@type\":\"Article\",\"@id\":\"https:\\\/\\\/informelitoral.com.ar\\\/ramirez-la-ganadera-realizo-una-jornada-de-integracion-con-escuelas\\\/#article\",\"isPartOf\":{\"@id\":\"https:\\\/\\\/informelitoral.com.ar\\\/ramirez-la-ganadera-realizo-una-jornada-de-integracion-con-escuelas\\\/\"},\"author\":{\"name\":\"Gonzalo Schmidt\",\"@id\":\"https:\\\/\\\/informelitoral.com.ar\\\/#\\\/schema\\\/person\\\/b9d00407c836482871ef1d57bf8e3180\"},\"headline\":\"Ram\u00edrez: La Ganadera realiz\u00f3 una jornada de integraci\u00f3n con escuelas\",\"datePublished\":\"2019-07-10T12:11:24+00:00\",\"dateModified\":\"2019-07-19T12:14:42+00:00\",\"mainEntityOfPage\":{\"@id\":\"https:\\\/\\\/informelitoral.com.ar\\\/ramirez-la-ganadera-realizo-una-jornada-de-integracion-con-escuelas\\\/\"},\"wordCount\":829,\"commentCount\":0,\"publisher\":{\"@id\":\"https:\\\/\\\/informelitoral.com.ar\\\/#organization\"},\"image\":{\"@id\":\"https:\\\/\\\/informelitoral.com.ar\\\/ramirez-la-ganadera-realizo-una-jornada-de-integracion-con-escuelas\\\/#primaryimage\"},\"thumbnailUrl\":\"https:\\\/\\\/informelitoral.com.ar\\\/%77%70%2d%63%6f%6e%74%65%6e%74\\\/uploads\\\/2019\\\/07\\\/404.jpeg\",\"keywords\":[\"Cooperativa\",\"Cooperativismo\",\"Educaci\u00f3n\",\"Escuelas\",\"General Ram\u00edrez\",\"La Ganadera\",\"Ram\u00edrez\"],\"articleSection\":[\"Campo\",\"Departamento Diamante\"],\"inLanguage\":\"es\",\"potentialAction\":[{\"@type\":\"CommentAction\",\"name\":\"Comment\",\"target\":[\"https:\\\/\\\/informelitoral.com.ar\\\/ramirez-la-ganadera-realizo-una-jornada-de-integracion-con-escuelas\\\/#respond\"]}]},{\"@type\":\"WebPage\",\"@id\":\"https:\\\/\\\/informelitoral.com.ar\\\/ramirez-la-ganadera-realizo-una-jornada-de-integracion-con-escuelas\\\/\",\"url\":\"https:\\\/\\\/informelitoral.com.ar\\\/ramirez-la-ganadera-realizo-una-jornada-de-integracion-con-escuelas\\\/\",\"name\":\"Ram\u00edrez: La Ganadera realiz\u00f3 una jornada de integraci\u00f3n con escuelas - Informe Litoral\",\"isPartOf\":{\"@id\":\"https:\\\/\\\/informelitoral.com.ar\\\/#website\"},\"primaryImageOfPage\":{\"@id\":\"https:\\\/\\\/informelitoral.com.ar\\\/ramirez-la-ganadera-realizo-una-jornada-de-integracion-con-escuelas\\\/#primaryimage\"},\"image\":{\"@id\":\"https:\\\/\\\/informelitoral.com.ar\\\/ramirez-la-ganadera-realizo-una-jornada-de-integracion-con-escuelas\\\/#primaryimage\"},\"thumbnailUrl\":\"https:\\\/\\\/informelitoral.com.ar\\\/%77%70%2d%63%6f%6e%74%65%6e%74\\\/uploads\\\/2019\\\/07\\\/404.jpeg\",\"datePublished\":\"2019-07-10T12:11:24+00:00\",\"dateModified\":\"2019-07-19T12:14:42+00:00\",\"breadcrumb\":{\"@id\":\"https:\\\/\\\/informelitoral.com.ar\\\/ramirez-la-ganadera-realizo-una-jornada-de-integracion-con-escuelas\\\/#breadcrumb\"},\"inLanguage\":\"es\",\"potentialAction\":[{\"@type\":\"ReadAction\",\"target\":[\"https:\\\/\\\/informelitoral.com.ar\\\/ramirez-la-ganadera-realizo-una-jornada-de-integracion-con-escuelas\\\/\"]}]},{\"@type\":\"ImageObject\",\"inLanguage\":\"es\",\"@id\":\"https:\\\/\\\/informelitoral.com.ar\\\/ramirez-la-ganadera-realizo-una-jornada-de-integracion-con-escuelas\\\/#primaryimage\",\"url\":\"https:\\\/\\\/informelitoral.com.ar\\\/%77%70%2d%63%6f%6e%74%65%6e%74\\\/uploads\\\/2019\\\/07\\\/404.jpeg\",\"contentUrl\":\"https:\\\/\\\/informelitoral.com.ar\\\/%77%70%2d%63%6f%6e%74%65%6e%74\\\/uploads\\\/2019\\\/07\\\/404.jpeg\",\"width\":1280,\"height\":695},{\"@type\":\"BreadcrumbList\",\"@id\":\"https:\\\/\\\/informelitoral.com.ar\\\/ramirez-la-ganadera-realizo-una-jornada-de-integracion-con-escuelas\\\/#breadcrumb\",\"itemListElement\":[{\"@type\":\"ListItem\",\"position\":1,\"name\":\"Portada\",\"item\":\"https:\\\/\\\/informelitoral.com.ar\\\/\"},{\"@type\":\"ListItem\",\"position\":2,\"name\":\"Ram\u00edrez: La Ganadera realiz\u00f3 una jornada de integraci\u00f3n con escuelas\"}]},{\"@type\":\"WebSite\",\"@id\":\"https:\\\/\\\/informelitoral.com.ar\\\/#website\",\"url\":\"https:\\\/\\\/informelitoral.com.ar\\\/\",\"name\":\"Informe Litoral\",\"description\":\"&quot;Nos informamos&quot; \",\"publisher\":{\"@id\":\"https:\\\/\\\/informelitoral.com.ar\\\/#organization\"},\"potentialAction\":[{\"@type\":\"SearchAction\",\"target\":{\"@type\":\"EntryPoint\",\"urlTemplate\":\"https:\\\/\\\/informelitoral.com.ar\\\/?s={search_term_string}\"},\"query-input\":{\"@type\":\"PropertyValueSpecification\",\"valueRequired\":true,\"valueName\":\"search_term_string\"}}],\"inLanguage\":\"es\"},{\"@type\":\"Organization\",\"@id\":\"https:\\\/\\\/informelitoral.com.ar\\\/#organization\",\"name\":\"Informe Litoral\",\"url\":\"https:\\\/\\\/informelitoral.com.ar\\\/\",\"logo\":{\"@type\":\"ImageObject\",\"inLanguage\":\"es\",\"@id\":\"https:\\\/\\\/informelitoral.com.ar\\\/#\\\/schema\\\/logo\\\/image\\\/\",\"url\":\"https:\\\/\\\/informelitoral.com.ar\\\/%77%70%2d%63%6f%6e%74%65%6e%74\\\/uploads\\\/2021\\\/01\\\/circulo.png\",\"contentUrl\":\"https:\\\/\\\/informelitoral.com.ar\\\/%77%70%2d%63%6f%6e%74%65%6e%74\\\/uploads\\\/2021\\\/01\\\/circulo.png\",\"width\":723,\"height\":731,\"caption\":\"Informe Litoral\"},\"image\":{\"@id\":\"https:\\\/\\\/informelitoral.com.ar\\\/#\\\/schema\\\/logo\\\/image\\\/\"},\"sameAs\":[\"https:\\\/\\\/www.facebook.com\\\/informelitoral\\\/\",\"https:\\\/\\\/x.com\\\/InformeLitoral\",\"https:\\\/\\\/www.instagram.com\\\/informelitoral\\\/\",\"https:\\\/\\\/www.youtube.com\\\/channel\\\/UCua4Qvz8Icb6MYqhoq9xLXw\"]},{\"@type\":\"Person\",\"@id\":\"https:\\\/\\\/informelitoral.com.ar\\\/#\\\/schema\\\/person\\\/b9d00407c836482871ef1d57bf8e3180\",\"name\":\"Gonzalo Schmidt\",\"image\":{\"@type\":\"ImageObject\",\"inLanguage\":\"es\",\"@id\":\"https:\\\/\\\/secure.gravatar.com\\\/avatar\\\/31a1a7b66ff2de83bd0e9fd79d026630d2d99e55e8bfe501287647b4fd9743de?s=96&d=mm&r=g\",\"url\":\"https:\\\/\\\/secure.gravatar.com\\\/avatar\\\/31a1a7b66ff2de83bd0e9fd79d026630d2d99e55e8bfe501287647b4fd9743de?s=96&d=mm&r=g\",\"contentUrl\":\"https:\\\/\\\/secure.gravatar.com\\\/avatar\\\/31a1a7b66ff2de83bd0e9fd79d026630d2d99e55e8bfe501287647b4fd9743de?s=96&d=mm&r=g\",\"caption\":\"Gonzalo Schmidt\"},\"description\":\"Sitio web de noticias de la provincia de Entre R\u00edos, Argentina. Informaci\u00f3n y entretenimiento. Informe Litoral, nos informamos.\",\"sameAs\":[\"http:\\\/\\\/www.isletasnoticias.com.ar\"],\"url\":\"https:\\\/\\\/informelitoral.com.ar\\\/author\\\/gonzalo\\\/\"}]}<\/script>","yoast_head_json":{"title":"Ram\u00edrez: La Ganadera realiz\u00f3 una jornada de integraci\u00f3n con escuelas - Informe Litoral","robots":{"index":"index","follow":"follow","max-snippet":"max-snippet:-1","max-image-preview":"max-image-preview:large","max-video-preview":"max-video-preview:-1"},"canonical":"https:\/\/informelitoral.com.ar\/ramirez-la-ganadera-realizo-una-jornada-de-integracion-con-escuelas\/","og_locale":"es_ES","og_type":"article","og_title":"Ram\u00edrez: La Ganadera realiz\u00f3 una jornada de integraci\u00f3n con escuelas - Informe Litoral","og_description":"Fue en el marco del D\u00eda Internacional del Cooperativismo. Participaron instituciones educativas de General Ram\u00edrez y la zona.","og_url":"https:\/\/informelitoral.com.ar\/ramirez-la-ganadera-realizo-una-jornada-de-integracion-con-escuelas\/","og_site_name":"Informe Litoral","article_publisher":"https:\/\/www.facebook.com\/informelitoral\/","article_published_time":"2019-07-10T12:11:24+00:00","article_modified_time":"2019-07-19T12:14:42+00:00","og_image":[{"width":1280,"height":695,"url":"https:\/\/informelitoral.com.ar\/%77%70%2d%63%6f%6e%74%65%6e%74\/uploads\/2019\/07\/404.jpeg","type":"image\/jpeg"}],"author":"Gonzalo Schmidt","twitter_card":"summary_large_image","twitter_creator":"@InformeLitoral","twitter_site":"@InformeLitoral","twitter_misc":{"Escrito por":"Gonzalo Schmidt","Tiempo de lectura":"4 minutos"},"schema":{"@context":"https:\/\/schema.org","@graph":[{"@type":"Article","@id":"https:\/\/informelitoral.com.ar\/ramirez-la-ganadera-realizo-una-jornada-de-integracion-con-escuelas\/#article","isPartOf":{"@id":"https:\/\/informelitoral.com.ar\/ramirez-la-ganadera-realizo-una-jornada-de-integracion-con-escuelas\/"},"author":{"name":"Gonzalo Schmidt","@id":"https:\/\/informelitoral.com.ar\/#\/schema\/person\/b9d00407c836482871ef1d57bf8e3180"},"headline":"Ram\u00edrez: La Ganadera realiz\u00f3 una jornada de integraci\u00f3n con escuelas","datePublished":"2019-07-10T12:11:24+00:00","dateModified":"2019-07-19T12:14:42+00:00","mainEntityOfPage":{"@id":"https:\/\/informelitoral.com.ar\/ramirez-la-ganadera-realizo-una-jornada-de-integracion-con-escuelas\/"},"wordCount":829,"commentCount":0,"publisher":{"@id":"https:\/\/informelitoral.com.ar\/#organization"},"image":{"@id":"https:\/\/informelitoral.com.ar\/ramirez-la-ganadera-realizo-una-jornada-de-integracion-con-escuelas\/#primaryimage"},"thumbnailUrl":"https:\/\/informelitoral.com.ar\/%77%70%2d%63%6f%6e%74%65%6e%74\/uploads\/2019\/07\/404.jpeg","keywords":["Cooperativa","Cooperativismo","Educaci\u00f3n","Escuelas","General Ram\u00edrez","La Ganadera","Ram\u00edrez"],"articleSection":["Campo","Departamento Diamante"],"inLanguage":"es","potentialAction":[{"@type":"CommentAction","name":"Comment","target":["https:\/\/informelitoral.com.ar\/ramirez-la-ganadera-realizo-una-jornada-de-integracion-con-escuelas\/#respond"]}]},{"@type":"WebPage","@id":"https:\/\/informelitoral.com.ar\/ramirez-la-ganadera-realizo-una-jornada-de-integracion-con-escuelas\/","url":"https:\/\/informelitoral.com.ar\/ramirez-la-ganadera-realizo-una-jornada-de-integracion-con-escuelas\/","name":"Ram\u00edrez: La Ganadera realiz\u00f3 una jornada de integraci\u00f3n con escuelas - Informe Litoral","isPartOf":{"@id":"https:\/\/informelitoral.com.ar\/#website"},"primaryImageOfPage":{"@id":"https:\/\/informelitoral.com.ar\/ramirez-la-ganadera-realizo-una-jornada-de-integracion-con-escuelas\/#primaryimage"},"image":{"@id":"https:\/\/informelitoral.com.ar\/ramirez-la-ganadera-realizo-una-jornada-de-integracion-con-escuelas\/#primaryimage"},"thumbnailUrl":"https:\/\/informelitoral.com.ar\/%77%70%2d%63%6f%6e%74%65%6e%74\/uploads\/2019\/07\/404.jpeg","datePublished":"2019-07-10T12:11:24+00:00","dateModified":"2019-07-19T12:14:42+00:00","breadcrumb":{"@id":"https:\/\/informelitoral.com.ar\/ramirez-la-ganadera-realizo-una-jornada-de-integracion-con-escuelas\/#breadcrumb"},"inLanguage":"es","potentialAction":[{"@type":"ReadAction","target":["https:\/\/informelitoral.com.ar\/ramirez-la-ganadera-realizo-una-jornada-de-integracion-con-escuelas\/"]}]},{"@type":"ImageObject","inLanguage":"es","@id":"https:\/\/informelitoral.com.ar\/ramirez-la-ganadera-realizo-una-jornada-de-integracion-con-escuelas\/#primaryimage","url":"https:\/\/informelitoral.com.ar\/%77%70%2d%63%6f%6e%74%65%6e%74\/uploads\/2019\/07\/404.jpeg","contentUrl":"https:\/\/informelitoral.com.ar\/%77%70%2d%63%6f%6e%74%65%6e%74\/uploads\/2019\/07\/404.jpeg","width":1280,"height":695},{"@type":"BreadcrumbList","@id":"https:\/\/informelitoral.com.ar\/ramirez-la-ganadera-realizo-una-jornada-de-integracion-con-escuelas\/#breadcrumb","itemListElement":[{"@type":"ListItem","position":1,"name":"Portada","item":"https:\/\/informelitoral.com.ar\/"},{"@type":"ListItem","position":2,"name":"Ram\u00edrez: La Ganadera realiz\u00f3 una jornada de integraci\u00f3n con escuelas"}]},{"@type":"WebSite","@id":"https:\/\/informelitoral.com.ar\/#website","url":"https:\/\/informelitoral.com.ar\/","name":"Informe Litoral","description":"&quot;Nos informamos&quot; ","publisher":{"@id":"https:\/\/informelitoral.com.ar\/#organization"},"potentialAction":[{"@type":"SearchAction","target":{"@type":"EntryPoint","urlTemplate":"https:\/\/informelitoral.com.ar\/?s={search_term_string}"},"query-input":{"@type":"PropertyValueSpecification","valueRequired":true,"valueName":"search_term_string"}}],"inLanguage":"es"},{"@type":"Organization","@id":"https:\/\/informelitoral.com.ar\/#organization","name":"Informe Litoral","url":"https:\/\/informelitoral.com.ar\/","logo":{"@type":"ImageObject","inLanguage":"es","@id":"https:\/\/informelitoral.com.ar\/#\/schema\/logo\/image\/","url":"https:\/\/informelitoral.com.ar\/%77%70%2d%63%6f%6e%74%65%6e%74\/uploads\/2021\/01\/circulo.png","contentUrl":"https:\/\/informelitoral.com.ar\/%77%70%2d%63%6f%6e%74%65%6e%74\/uploads\/2021\/01\/circulo.png","width":723,"height":731,"caption":"Informe Litoral"},"image":{"@id":"https:\/\/informelitoral.com.ar\/#\/schema\/logo\/image\/"},"sameAs":["https:\/\/www.facebook.com\/informelitoral\/","https:\/\/x.com\/InformeLitoral","https:\/\/www.instagram.com\/informelitoral\/","https:\/\/www.youtube.com\/channel\/UCua4Qvz8Icb6MYqhoq9xLXw"]},{"@type":"Person","@id":"https:\/\/informelitoral.com.ar\/#\/schema\/person\/b9d00407c836482871ef1d57bf8e3180","name":"Gonzalo Schmidt","image":{"@type":"ImageObject","inLanguage":"es","@id":"https:\/\/secure.gravatar.com\/avatar\/31a1a7b66ff2de83bd0e9fd79d026630d2d99e55e8bfe501287647b4fd9743de?s=96&d=mm&r=g","url":"https:\/\/secure.gravatar.com\/avatar\/31a1a7b66ff2de83bd0e9fd79d026630d2d99e55e8bfe501287647b4fd9743de?s=96&d=mm&r=g","contentUrl":"https:\/\/secure.gravatar.com\/avatar\/31a1a7b66ff2de83bd0e9fd79d026630d2d99e55e8bfe501287647b4fd9743de?s=96&d=mm&r=g","caption":"Gonzalo Schmidt"},"description":"Sitio web de noticias de la provincia de Entre R\u00edos, Argentina. Informaci\u00f3n y entretenimiento. Informe Litoral, nos informamos.","sameAs":["http:\/\/www.isletasnoticias.com.ar"],"url":"https:\/\/informelitoral.com.ar\/author\/gonzalo\/"}]}},"_links":{"self":[{"href":"https:\/\/informelitoral.com.ar\/%77%70%2d%6a%73%6f%6e\/wp\/v2\/posts\/34993","targetHints":{"allow":["GET"]}}],"collection":[{"href":"https:\/\/informelitoral.com.ar\/%77%70%2d%6a%73%6f%6e\/wp\/v2\/posts"}],"about":[{"href":"https:\/\/informelitoral.com.ar\/%77%70%2d%6a%73%6f%6e\/wp\/v2\/types\/post"}],"author":[{"embeddable":true,"href":"https:\/\/informelitoral.com.ar\/%77%70%2d%6a%73%6f%6e\/wp\/v2\/users\/2"}],"replies":[{"embeddable":true,"href":"https:\/\/informelitoral.com.ar\/%77%70%2d%6a%73%6f%6e\/wp\/v2\/comments?post=34993"}],"version-history":[{"count":0,"href":"https:\/\/informelitoral.com.ar\/%77%70%2d%6a%73%6f%6e\/wp\/v2\/posts\/34993\/revisions"}],"wp:featuredmedia":[{"embeddable":true,"href":"https:\/\/informelitoral.com.ar\/%77%70%2d%6a%73%6f%6e\/wp\/v2\/media\/34995"}],"wp:attachment":[{"href":"https:\/\/informelitoral.com.ar\/%77%70%2d%6a%73%6f%6e\/wp\/v2\/media?parent=34993"}],"wp:term":[{"taxonomy":"category","embeddable":true,"href":"https:\/\/informelitoral.com.ar\/%77%70%2d%6a%73%6f%6e\/wp\/v2\/categories?post=34993"},{"taxonomy":"post_tag","embeddable":true,"href":"https:\/\/informelitoral.com.ar\/%77%70%2d%6a%73%6f%6e\/wp\/v2\/tags?post=34993"}],"curies":[{"name":"wp","href":"https:\/\/api.w.org\/{rel}","templated":true}]}}