{"id":34875,"date":"2019-07-11T05:33:48","date_gmt":"2019-07-11T08:33:48","guid":{"rendered":"https:\/\/www.isletasnoticias.com.ar\/?p=34875"},"modified":"2019-07-11T07:38:10","modified_gmt":"2019-07-11T10:38:10","slug":"preparan-actividades-para-reivindicar-a-pancho-ramirez-a-200-anos-de-la-creacion-de-la-republica-de-entre-rios","status":"publish","type":"post","link":"https:\/\/informelitoral.com.ar\/preparan-actividades-para-reivindicar-a-pancho-ramirez-a-200-anos-de-la-creacion-de-la-republica-de-entre-rios\/","title":{"rendered":"Preparan actividades para reivindicar a \u00abPancho\u00bb Ram\u00edrez a 200 a\u00f1os de la creaci\u00f3n de la Rep\u00fablica de Entre R\u00edos"},"content":{"rendered":"<p>Del encuentro que se desarroll\u00f3 en el despacho del gobernador, se analizaron acciones para recordar y reivindicar la obra, vida y el legado del Supremo Entrerriano. En 2021 se cumplir\u00e1n 200 a\u00f1os de su muerte.<\/p>\n<p>En esa l\u00ednea, Busti explic\u00f3 que se abordar\u00e1 \u00abun trabajo para reivindicar la figura de Francisco Ram\u00edrez, ya que el a\u00f1o pr\u00f3ximo se cumplir\u00e1n 200 a\u00f1os de la Batalla de Cepeda, del Tratado del Pilar, de la Rep\u00fablica de Entre R\u00edos y de la batalla de Las Tunas, y el 10 de julio de 2021 van a ser 200 a\u00f1os de su fallecimiento\u00bb.<\/p>\n<p>Junto al profesor Rub\u00e9n Burlot, Flavia Mart\u00ednez Aquino, Gonzalo Garc\u00eda Garro y V\u00edctor Prigioni, se conform\u00f3 \u201cun grupo para trabajar en este tema y para hacer una serie de actividades que sirvan para difundir\u00bb, explic\u00f3 el ex mandatario y aclar\u00f3 que \u00abesto no es para hacer un trabajo acad\u00e9mico solamente sino un trabajo de divulgaci\u00f3n de la obra de Pancho Ram\u00edrez que vivi\u00f3 solamente 35 a\u00f1os pero fue el formador de la identidad entrerriana\u00bb. \u00abEsto tiende a cerrar la historia de Entre R\u00edos con Urquiza, con L\u00f3pez Jord\u00e1n\u201d, agreg\u00f3.<\/p>\n<p>\u201cEs una s\u00edntesis pero muy firme y una revaloraci\u00f3n de la identidad entrerriana\u201d, afirm\u00f3 Busti y destac\u00f3 el compromiso del gobernador Bordet.<br \/>\nLuego mencion\u00f3 que su segundo per\u00edodo de gobierno, \u201cse hizo una tarea de investigaci\u00f3n que la presidi\u00f3 el profesor Burlot para ver d\u00f3nde estaban los restos de Pancho Ram\u00edrez, despu\u00e9s de la batalla donde fue abatido en Santa Fe\u00bb, dijo y revel\u00f3 que \u00abpr\u00e1cticamente se detect\u00f3\u00bb el sitio donde estar\u00edan los restos.<\/p>\n<p>En ese sentido, adelant\u00f3 que el gobernador Gustavo Bordet se comprometi\u00f3 a continuar la investigaci\u00f3n y resalt\u00f3 que \u201cRam\u00edrez merece una verdadera reivindicaci\u00f3n\u00bb.<\/p>\n<p>Por su parte, el profesor Burlot explic\u00f3 que est\u00e1n trabajando con algunas ideas para conmemorar el a\u00f1o que viene los bicentenarios del Tratado del Pilar, de la Batalla de Cepeda y de la Rep\u00fablica de Entre R\u00edos. Se busca \u00abreivindicar las ideas de federalismo, de rep\u00fablica y de soberan\u00eda popular que est\u00e1 plenamente vigentes y reforzar la identidad entrerriana y regional porque justamente es lo que impuls\u00f3 Ram\u00edrez con su Rep\u00fablica de Entre R\u00edos y su intento de recuperar el Paraguay para lo que eran las antiguas provincias unidas del sur de Am\u00e9rica\u00bb.<\/p>\n<p>Agreg\u00f3 que la intenci\u00f3n es publicar material vinculado a Ram\u00edrez a sus proyectos de estatutos constitucionales y ponerlo a disposici\u00f3n del p\u00fablico en general y de las escuelas. \u00abY difundir las ideas que Ram\u00edrez sostuvo en su momento, en el poco tiempo que estuvo en la vida p\u00fablica\u00bb, expres\u00f3.<\/p>\n","protected":false},"excerpt":{"rendered":"<p>En 2020 se cumplir\u00e1n 200 a\u00f1os de la creaci\u00f3n de la Rep\u00fablica de Entre R\u00edos. En ese marco, el gobernador Gustavo Bordet recibi\u00f3 al ex mandatario Jorge Busti y un grupo de investigadores con quienes abord\u00f3 la realizaci\u00f3n de acciones para reivindicar la figura del general Francisco Ram\u00edrez.<\/p>\n","protected":false},"author":2,"featured_media":34876,"comment_status":"open","ping_status":"open","sticky":false,"template":"","format":"standard","meta":{"fifu_image_url":"","fifu_image_alt":"","footnotes":""},"categories":[6,16],"tags":[81,249,167,1314],"class_list":{"0":"post-34875","1":"post","2":"type-post","3":"status-publish","4":"format-standard","5":"has-post-thumbnail","7":"category-entre-rios","8":"category-politi","9":"tag-entre-rios","10":"tag-gobierno-provincial","11":"tag-gustavo-bordet","12":"tag-jorge-busti"},"yoast_head":"<title>Preparan actividades para reivindicar a &quot;Pancho&quot; Ram\u00edrez a 200 a\u00f1os de la creaci\u00f3n de la Rep\u00fablica de Entre R\u00edos - Informe Litoral<\/title>\n<meta name=\"robots\" content=\"index, follow, max-snippet:-1, max-image-preview:large, max-video-preview:-1\" \/>\n<link rel=\"canonical\" href=\"https:\/\/informelitoral.com.ar\/preparan-actividades-para-reivindicar-a-pancho-ramirez-a-200-anos-de-la-creacion-de-la-republica-de-entre-rios\/\" \/>\n<meta property=\"og:locale\" content=\"es_ES\" \/>\n<meta property=\"og:type\" content=\"article\" \/>\n<meta property=\"og:title\" content=\"Preparan actividades para reivindicar a &quot;Pancho&quot; Ram\u00edrez a 200 a\u00f1os de la creaci\u00f3n de la Rep\u00fablica de Entre R\u00edos - Informe Litoral\" \/>\n<meta property=\"og:description\" content=\"En 2020 se cumplir\u00e1n 200 a\u00f1os de la creaci\u00f3n de la Rep\u00fablica de Entre R\u00edos. En ese marco, el gobernador Gustavo Bordet recibi\u00f3 al ex mandatario Jorge Busti y un grupo de investigadores con quienes abord\u00f3 la realizaci\u00f3n de acciones para reivindicar la figura del general Francisco Ram\u00edrez.\" \/>\n<meta property=\"og:url\" content=\"https:\/\/informelitoral.com.ar\/preparan-actividades-para-reivindicar-a-pancho-ramirez-a-200-anos-de-la-creacion-de-la-republica-de-entre-rios\/\" \/>\n<meta property=\"og:site_name\" content=\"Informe Litoral\" \/>\n<meta property=\"article:publisher\" content=\"https:\/\/www.facebook.com\/informelitoral\/\" \/>\n<meta property=\"article:published_time\" content=\"2019-07-11T08:33:48+00:00\" \/>\n<meta property=\"article:modified_time\" content=\"2019-07-11T10:38:10+00:00\" \/>\n<meta property=\"og:image\" content=\"https:\/\/informelitoral.com.ar\/%77%70%2d%63%6f%6e%74%65%6e%74\/uploads\/2019\/07\/1562780559jpg.jpg\" \/>\n\t<meta property=\"og:image:width\" content=\"3500\" \/>\n\t<meta property=\"og:image:height\" content=\"2335\" \/>\n\t<meta property=\"og:image:type\" content=\"image\/jpeg\" \/>\n<meta name=\"author\" content=\"Gonzalo Schmidt\" \/>\n<meta name=\"twitter:card\" content=\"summary_large_image\" \/>\n<meta name=\"twitter:creator\" content=\"@InformeLitoral\" \/>\n<meta name=\"twitter:site\" content=\"@InformeLitoral\" \/>\n<meta name=\"twitter:label1\" content=\"Escrito por\" \/>\n\t<meta name=\"twitter:data1\" content=\"Gonzalo Schmidt\" \/>\n\t<meta name=\"twitter:label2\" content=\"Tiempo de lectura\" \/>\n\t<meta name=\"twitter:data2\" content=\"2 minutos\" \/>\n<script type=\"application\/ld+json\" class=\"yoast-schema-graph\">{\"@context\":\"https:\\\/\\\/schema.org\",\"@graph\":[{\"@type\":\"Article\",\"@id\":\"https:\\\/\\\/informelitoral.com.ar\\\/preparan-actividades-para-reivindicar-a-pancho-ramirez-a-200-anos-de-la-creacion-de-la-republica-de-entre-rios\\\/#article\",\"isPartOf\":{\"@id\":\"https:\\\/\\\/informelitoral.com.ar\\\/preparan-actividades-para-reivindicar-a-pancho-ramirez-a-200-anos-de-la-creacion-de-la-republica-de-entre-rios\\\/\"},\"author\":{\"name\":\"Gonzalo Schmidt\",\"@id\":\"https:\\\/\\\/informelitoral.com.ar\\\/#\\\/schema\\\/person\\\/b9d00407c836482871ef1d57bf8e3180\"},\"headline\":\"Preparan actividades para reivindicar a \u00abPancho\u00bb Ram\u00edrez a 200 a\u00f1os de la creaci\u00f3n de la Rep\u00fablica de Entre R\u00edos\",\"datePublished\":\"2019-07-11T08:33:48+00:00\",\"dateModified\":\"2019-07-11T10:38:10+00:00\",\"mainEntityOfPage\":{\"@id\":\"https:\\\/\\\/informelitoral.com.ar\\\/preparan-actividades-para-reivindicar-a-pancho-ramirez-a-200-anos-de-la-creacion-de-la-republica-de-entre-rios\\\/\"},\"wordCount\":492,\"commentCount\":0,\"publisher\":{\"@id\":\"https:\\\/\\\/informelitoral.com.ar\\\/#organization\"},\"image\":{\"@id\":\"https:\\\/\\\/informelitoral.com.ar\\\/preparan-actividades-para-reivindicar-a-pancho-ramirez-a-200-anos-de-la-creacion-de-la-republica-de-entre-rios\\\/#primaryimage\"},\"thumbnailUrl\":\"https:\\\/\\\/informelitoral.com.ar\\\/%77%70%2d%63%6f%6e%74%65%6e%74\\\/uploads\\\/2019\\\/07\\\/1562780559jpg.jpg\",\"keywords\":[\"Entre R\u00edos\",\"Gobierno provincial\",\"Gustavo Bordet\",\"Jorge Busti\"],\"articleSection\":[\"Entre R\u00edos\",\"Politica\"],\"inLanguage\":\"es\",\"potentialAction\":[{\"@type\":\"CommentAction\",\"name\":\"Comment\",\"target\":[\"https:\\\/\\\/informelitoral.com.ar\\\/preparan-actividades-para-reivindicar-a-pancho-ramirez-a-200-anos-de-la-creacion-de-la-republica-de-entre-rios\\\/#respond\"]}]},{\"@type\":\"WebPage\",\"@id\":\"https:\\\/\\\/informelitoral.com.ar\\\/preparan-actividades-para-reivindicar-a-pancho-ramirez-a-200-anos-de-la-creacion-de-la-republica-de-entre-rios\\\/\",\"url\":\"https:\\\/\\\/informelitoral.com.ar\\\/preparan-actividades-para-reivindicar-a-pancho-ramirez-a-200-anos-de-la-creacion-de-la-republica-de-entre-rios\\\/\",\"name\":\"Preparan actividades para reivindicar a \\\"Pancho\\\" Ram\u00edrez a 200 a\u00f1os de la creaci\u00f3n de la Rep\u00fablica de Entre R\u00edos - Informe Litoral\",\"isPartOf\":{\"@id\":\"https:\\\/\\\/informelitoral.com.ar\\\/#website\"},\"primaryImageOfPage\":{\"@id\":\"https:\\\/\\\/informelitoral.com.ar\\\/preparan-actividades-para-reivindicar-a-pancho-ramirez-a-200-anos-de-la-creacion-de-la-republica-de-entre-rios\\\/#primaryimage\"},\"image\":{\"@id\":\"https:\\\/\\\/informelitoral.com.ar\\\/preparan-actividades-para-reivindicar-a-pancho-ramirez-a-200-anos-de-la-creacion-de-la-republica-de-entre-rios\\\/#primaryimage\"},\"thumbnailUrl\":\"https:\\\/\\\/informelitoral.com.ar\\\/%77%70%2d%63%6f%6e%74%65%6e%74\\\/uploads\\\/2019\\\/07\\\/1562780559jpg.jpg\",\"datePublished\":\"2019-07-11T08:33:48+00:00\",\"dateModified\":\"2019-07-11T10:38:10+00:00\",\"breadcrumb\":{\"@id\":\"https:\\\/\\\/informelitoral.com.ar\\\/preparan-actividades-para-reivindicar-a-pancho-ramirez-a-200-anos-de-la-creacion-de-la-republica-de-entre-rios\\\/#breadcrumb\"},\"inLanguage\":\"es\",\"potentialAction\":[{\"@type\":\"ReadAction\",\"target\":[\"https:\\\/\\\/informelitoral.com.ar\\\/preparan-actividades-para-reivindicar-a-pancho-ramirez-a-200-anos-de-la-creacion-de-la-republica-de-entre-rios\\\/\"]}]},{\"@type\":\"ImageObject\",\"inLanguage\":\"es\",\"@id\":\"https:\\\/\\\/informelitoral.com.ar\\\/preparan-actividades-para-reivindicar-a-pancho-ramirez-a-200-anos-de-la-creacion-de-la-republica-de-entre-rios\\\/#primaryimage\",\"url\":\"https:\\\/\\\/informelitoral.com.ar\\\/%77%70%2d%63%6f%6e%74%65%6e%74\\\/uploads\\\/2019\\\/07\\\/1562780559jpg.jpg\",\"contentUrl\":\"https:\\\/\\\/informelitoral.com.ar\\\/%77%70%2d%63%6f%6e%74%65%6e%74\\\/uploads\\\/2019\\\/07\\\/1562780559jpg.jpg\",\"width\":3500,\"height\":2335},{\"@type\":\"BreadcrumbList\",\"@id\":\"https:\\\/\\\/informelitoral.com.ar\\\/preparan-actividades-para-reivindicar-a-pancho-ramirez-a-200-anos-de-la-creacion-de-la-republica-de-entre-rios\\\/#breadcrumb\",\"itemListElement\":[{\"@type\":\"ListItem\",\"position\":1,\"name\":\"Portada\",\"item\":\"https:\\\/\\\/informelitoral.com.ar\\\/\"},{\"@type\":\"ListItem\",\"position\":2,\"name\":\"Preparan actividades para reivindicar a \u00abPancho\u00bb Ram\u00edrez a 200 a\u00f1os de la creaci\u00f3n de la Rep\u00fablica de Entre R\u00edos\"}]},{\"@type\":\"WebSite\",\"@id\":\"https:\\\/\\\/informelitoral.com.ar\\\/#website\",\"url\":\"https:\\\/\\\/informelitoral.com.ar\\\/\",\"name\":\"Informe Litoral\",\"description\":\"&quot;Nos informamos&quot; \",\"publisher\":{\"@id\":\"https:\\\/\\\/informelitoral.com.ar\\\/#organization\"},\"potentialAction\":[{\"@type\":\"SearchAction\",\"target\":{\"@type\":\"EntryPoint\",\"urlTemplate\":\"https:\\\/\\\/informelitoral.com.ar\\\/?s={search_term_string}\"},\"query-input\":{\"@type\":\"PropertyValueSpecification\",\"valueRequired\":true,\"valueName\":\"search_term_string\"}}],\"inLanguage\":\"es\"},{\"@type\":\"Organization\",\"@id\":\"https:\\\/\\\/informelitoral.com.ar\\\/#organization\",\"name\":\"Informe Litoral\",\"url\":\"https:\\\/\\\/informelitoral.com.ar\\\/\",\"logo\":{\"@type\":\"ImageObject\",\"inLanguage\":\"es\",\"@id\":\"https:\\\/\\\/informelitoral.com.ar\\\/#\\\/schema\\\/logo\\\/image\\\/\",\"url\":\"https:\\\/\\\/informelitoral.com.ar\\\/%77%70%2d%63%6f%6e%74%65%6e%74\\\/uploads\\\/2021\\\/01\\\/circulo.png\",\"contentUrl\":\"https:\\\/\\\/informelitoral.com.ar\\\/%77%70%2d%63%6f%6e%74%65%6e%74\\\/uploads\\\/2021\\\/01\\\/circulo.png\",\"width\":723,\"height\":731,\"caption\":\"Informe Litoral\"},\"image\":{\"@id\":\"https:\\\/\\\/informelitoral.com.ar\\\/#\\\/schema\\\/logo\\\/image\\\/\"},\"sameAs\":[\"https:\\\/\\\/www.facebook.com\\\/informelitoral\\\/\",\"https:\\\/\\\/x.com\\\/InformeLitoral\",\"https:\\\/\\\/www.instagram.com\\\/informelitoral\\\/\",\"https:\\\/\\\/www.youtube.com\\\/channel\\\/UCua4Qvz8Icb6MYqhoq9xLXw\"]},{\"@type\":\"Person\",\"@id\":\"https:\\\/\\\/informelitoral.com.ar\\\/#\\\/schema\\\/person\\\/b9d00407c836482871ef1d57bf8e3180\",\"name\":\"Gonzalo Schmidt\",\"image\":{\"@type\":\"ImageObject\",\"inLanguage\":\"es\",\"@id\":\"https:\\\/\\\/secure.gravatar.com\\\/avatar\\\/31a1a7b66ff2de83bd0e9fd79d026630d2d99e55e8bfe501287647b4fd9743de?s=96&d=mm&r=g\",\"url\":\"https:\\\/\\\/secure.gravatar.com\\\/avatar\\\/31a1a7b66ff2de83bd0e9fd79d026630d2d99e55e8bfe501287647b4fd9743de?s=96&d=mm&r=g\",\"contentUrl\":\"https:\\\/\\\/secure.gravatar.com\\\/avatar\\\/31a1a7b66ff2de83bd0e9fd79d026630d2d99e55e8bfe501287647b4fd9743de?s=96&d=mm&r=g\",\"caption\":\"Gonzalo Schmidt\"},\"description\":\"Sitio web de noticias de la provincia de Entre R\u00edos, Argentina. Informaci\u00f3n y entretenimiento. Informe Litoral, nos informamos.\",\"sameAs\":[\"http:\\\/\\\/www.isletasnoticias.com.ar\"],\"url\":\"https:\\\/\\\/informelitoral.com.ar\\\/author\\\/gonzalo\\\/\"}]}<\/script>","yoast_head_json":{"title":"Preparan actividades para reivindicar a \"Pancho\" Ram\u00edrez a 200 a\u00f1os de la creaci\u00f3n de la Rep\u00fablica de Entre R\u00edos - Informe Litoral","robots":{"index":"index","follow":"follow","max-snippet":"max-snippet:-1","max-image-preview":"max-image-preview:large","max-video-preview":"max-video-preview:-1"},"canonical":"https:\/\/informelitoral.com.ar\/preparan-actividades-para-reivindicar-a-pancho-ramirez-a-200-anos-de-la-creacion-de-la-republica-de-entre-rios\/","og_locale":"es_ES","og_type":"article","og_title":"Preparan actividades para reivindicar a \"Pancho\" Ram\u00edrez a 200 a\u00f1os de la creaci\u00f3n de la Rep\u00fablica de Entre R\u00edos - Informe Litoral","og_description":"En 2020 se cumplir\u00e1n 200 a\u00f1os de la creaci\u00f3n de la Rep\u00fablica de Entre R\u00edos. En ese marco, el gobernador Gustavo Bordet recibi\u00f3 al ex mandatario Jorge Busti y un grupo de investigadores con quienes abord\u00f3 la realizaci\u00f3n de acciones para reivindicar la figura del general Francisco Ram\u00edrez.","og_url":"https:\/\/informelitoral.com.ar\/preparan-actividades-para-reivindicar-a-pancho-ramirez-a-200-anos-de-la-creacion-de-la-republica-de-entre-rios\/","og_site_name":"Informe Litoral","article_publisher":"https:\/\/www.facebook.com\/informelitoral\/","article_published_time":"2019-07-11T08:33:48+00:00","article_modified_time":"2019-07-11T10:38:10+00:00","og_image":[{"width":3500,"height":2335,"url":"https:\/\/informelitoral.com.ar\/%77%70%2d%63%6f%6e%74%65%6e%74\/uploads\/2019\/07\/1562780559jpg.jpg","type":"image\/jpeg"}],"author":"Gonzalo Schmidt","twitter_card":"summary_large_image","twitter_creator":"@InformeLitoral","twitter_site":"@InformeLitoral","twitter_misc":{"Escrito por":"Gonzalo Schmidt","Tiempo de lectura":"2 minutos"},"schema":{"@context":"https:\/\/schema.org","@graph":[{"@type":"Article","@id":"https:\/\/informelitoral.com.ar\/preparan-actividades-para-reivindicar-a-pancho-ramirez-a-200-anos-de-la-creacion-de-la-republica-de-entre-rios\/#article","isPartOf":{"@id":"https:\/\/informelitoral.com.ar\/preparan-actividades-para-reivindicar-a-pancho-ramirez-a-200-anos-de-la-creacion-de-la-republica-de-entre-rios\/"},"author":{"name":"Gonzalo Schmidt","@id":"https:\/\/informelitoral.com.ar\/#\/schema\/person\/b9d00407c836482871ef1d57bf8e3180"},"headline":"Preparan actividades para reivindicar a \u00abPancho\u00bb Ram\u00edrez a 200 a\u00f1os de la creaci\u00f3n de la Rep\u00fablica de Entre R\u00edos","datePublished":"2019-07-11T08:33:48+00:00","dateModified":"2019-07-11T10:38:10+00:00","mainEntityOfPage":{"@id":"https:\/\/informelitoral.com.ar\/preparan-actividades-para-reivindicar-a-pancho-ramirez-a-200-anos-de-la-creacion-de-la-republica-de-entre-rios\/"},"wordCount":492,"commentCount":0,"publisher":{"@id":"https:\/\/informelitoral.com.ar\/#organization"},"image":{"@id":"https:\/\/informelitoral.com.ar\/preparan-actividades-para-reivindicar-a-pancho-ramirez-a-200-anos-de-la-creacion-de-la-republica-de-entre-rios\/#primaryimage"},"thumbnailUrl":"https:\/\/informelitoral.com.ar\/%77%70%2d%63%6f%6e%74%65%6e%74\/uploads\/2019\/07\/1562780559jpg.jpg","keywords":["Entre R\u00edos","Gobierno provincial","Gustavo Bordet","Jorge Busti"],"articleSection":["Entre R\u00edos","Politica"],"inLanguage":"es","potentialAction":[{"@type":"CommentAction","name":"Comment","target":["https:\/\/informelitoral.com.ar\/preparan-actividades-para-reivindicar-a-pancho-ramirez-a-200-anos-de-la-creacion-de-la-republica-de-entre-rios\/#respond"]}]},{"@type":"WebPage","@id":"https:\/\/informelitoral.com.ar\/preparan-actividades-para-reivindicar-a-pancho-ramirez-a-200-anos-de-la-creacion-de-la-republica-de-entre-rios\/","url":"https:\/\/informelitoral.com.ar\/preparan-actividades-para-reivindicar-a-pancho-ramirez-a-200-anos-de-la-creacion-de-la-republica-de-entre-rios\/","name":"Preparan actividades para reivindicar a \"Pancho\" Ram\u00edrez a 200 a\u00f1os de la creaci\u00f3n de la Rep\u00fablica de Entre R\u00edos - Informe Litoral","isPartOf":{"@id":"https:\/\/informelitoral.com.ar\/#website"},"primaryImageOfPage":{"@id":"https:\/\/informelitoral.com.ar\/preparan-actividades-para-reivindicar-a-pancho-ramirez-a-200-anos-de-la-creacion-de-la-republica-de-entre-rios\/#primaryimage"},"image":{"@id":"https:\/\/informelitoral.com.ar\/preparan-actividades-para-reivindicar-a-pancho-ramirez-a-200-anos-de-la-creacion-de-la-republica-de-entre-rios\/#primaryimage"},"thumbnailUrl":"https:\/\/informelitoral.com.ar\/%77%70%2d%63%6f%6e%74%65%6e%74\/uploads\/2019\/07\/1562780559jpg.jpg","datePublished":"2019-07-11T08:33:48+00:00","dateModified":"2019-07-11T10:38:10+00:00","breadcrumb":{"@id":"https:\/\/informelitoral.com.ar\/preparan-actividades-para-reivindicar-a-pancho-ramirez-a-200-anos-de-la-creacion-de-la-republica-de-entre-rios\/#breadcrumb"},"inLanguage":"es","potentialAction":[{"@type":"ReadAction","target":["https:\/\/informelitoral.com.ar\/preparan-actividades-para-reivindicar-a-pancho-ramirez-a-200-anos-de-la-creacion-de-la-republica-de-entre-rios\/"]}]},{"@type":"ImageObject","inLanguage":"es","@id":"https:\/\/informelitoral.com.ar\/preparan-actividades-para-reivindicar-a-pancho-ramirez-a-200-anos-de-la-creacion-de-la-republica-de-entre-rios\/#primaryimage","url":"https:\/\/informelitoral.com.ar\/%77%70%2d%63%6f%6e%74%65%6e%74\/uploads\/2019\/07\/1562780559jpg.jpg","contentUrl":"https:\/\/informelitoral.com.ar\/%77%70%2d%63%6f%6e%74%65%6e%74\/uploads\/2019\/07\/1562780559jpg.jpg","width":3500,"height":2335},{"@type":"BreadcrumbList","@id":"https:\/\/informelitoral.com.ar\/preparan-actividades-para-reivindicar-a-pancho-ramirez-a-200-anos-de-la-creacion-de-la-republica-de-entre-rios\/#breadcrumb","itemListElement":[{"@type":"ListItem","position":1,"name":"Portada","item":"https:\/\/informelitoral.com.ar\/"},{"@type":"ListItem","position":2,"name":"Preparan actividades para reivindicar a \u00abPancho\u00bb Ram\u00edrez a 200 a\u00f1os de la creaci\u00f3n de la Rep\u00fablica de Entre R\u00edos"}]},{"@type":"WebSite","@id":"https:\/\/informelitoral.com.ar\/#website","url":"https:\/\/informelitoral.com.ar\/","name":"Informe Litoral","description":"&quot;Nos informamos&quot; ","publisher":{"@id":"https:\/\/informelitoral.com.ar\/#organization"},"potentialAction":[{"@type":"SearchAction","target":{"@type":"EntryPoint","urlTemplate":"https:\/\/informelitoral.com.ar\/?s={search_term_string}"},"query-input":{"@type":"PropertyValueSpecification","valueRequired":true,"valueName":"search_term_string"}}],"inLanguage":"es"},{"@type":"Organization","@id":"https:\/\/informelitoral.com.ar\/#organization","name":"Informe Litoral","url":"https:\/\/informelitoral.com.ar\/","logo":{"@type":"ImageObject","inLanguage":"es","@id":"https:\/\/informelitoral.com.ar\/#\/schema\/logo\/image\/","url":"https:\/\/informelitoral.com.ar\/%77%70%2d%63%6f%6e%74%65%6e%74\/uploads\/2021\/01\/circulo.png","contentUrl":"https:\/\/informelitoral.com.ar\/%77%70%2d%63%6f%6e%74%65%6e%74\/uploads\/2021\/01\/circulo.png","width":723,"height":731,"caption":"Informe Litoral"},"image":{"@id":"https:\/\/informelitoral.com.ar\/#\/schema\/logo\/image\/"},"sameAs":["https:\/\/www.facebook.com\/informelitoral\/","https:\/\/x.com\/InformeLitoral","https:\/\/www.instagram.com\/informelitoral\/","https:\/\/www.youtube.com\/channel\/UCua4Qvz8Icb6MYqhoq9xLXw"]},{"@type":"Person","@id":"https:\/\/informelitoral.com.ar\/#\/schema\/person\/b9d00407c836482871ef1d57bf8e3180","name":"Gonzalo Schmidt","image":{"@type":"ImageObject","inLanguage":"es","@id":"https:\/\/secure.gravatar.com\/avatar\/31a1a7b66ff2de83bd0e9fd79d026630d2d99e55e8bfe501287647b4fd9743de?s=96&d=mm&r=g","url":"https:\/\/secure.gravatar.com\/avatar\/31a1a7b66ff2de83bd0e9fd79d026630d2d99e55e8bfe501287647b4fd9743de?s=96&d=mm&r=g","contentUrl":"https:\/\/secure.gravatar.com\/avatar\/31a1a7b66ff2de83bd0e9fd79d026630d2d99e55e8bfe501287647b4fd9743de?s=96&d=mm&r=g","caption":"Gonzalo Schmidt"},"description":"Sitio web de noticias de la provincia de Entre R\u00edos, Argentina. Informaci\u00f3n y entretenimiento. Informe Litoral, nos informamos.","sameAs":["http:\/\/www.isletasnoticias.com.ar"],"url":"https:\/\/informelitoral.com.ar\/author\/gonzalo\/"}]}},"_links":{"self":[{"href":"https:\/\/informelitoral.com.ar\/%77%70%2d%6a%73%6f%6e\/wp\/v2\/posts\/34875","targetHints":{"allow":["GET"]}}],"collection":[{"href":"https:\/\/informelitoral.com.ar\/%77%70%2d%6a%73%6f%6e\/wp\/v2\/posts"}],"about":[{"href":"https:\/\/informelitoral.com.ar\/%77%70%2d%6a%73%6f%6e\/wp\/v2\/types\/post"}],"author":[{"embeddable":true,"href":"https:\/\/informelitoral.com.ar\/%77%70%2d%6a%73%6f%6e\/wp\/v2\/users\/2"}],"replies":[{"embeddable":true,"href":"https:\/\/informelitoral.com.ar\/%77%70%2d%6a%73%6f%6e\/wp\/v2\/comments?post=34875"}],"version-history":[{"count":0,"href":"https:\/\/informelitoral.com.ar\/%77%70%2d%6a%73%6f%6e\/wp\/v2\/posts\/34875\/revisions"}],"wp:featuredmedia":[{"embeddable":true,"href":"https:\/\/informelitoral.com.ar\/%77%70%2d%6a%73%6f%6e\/wp\/v2\/media\/34876"}],"wp:attachment":[{"href":"https:\/\/informelitoral.com.ar\/%77%70%2d%6a%73%6f%6e\/wp\/v2\/media?parent=34875"}],"wp:term":[{"taxonomy":"category","embeddable":true,"href":"https:\/\/informelitoral.com.ar\/%77%70%2d%6a%73%6f%6e\/wp\/v2\/categories?post=34875"},{"taxonomy":"post_tag","embeddable":true,"href":"https:\/\/informelitoral.com.ar\/%77%70%2d%6a%73%6f%6e\/wp\/v2\/tags?post=34875"}],"curies":[{"name":"wp","href":"https:\/\/api.w.org\/{rel}","templated":true}]}}