{"id":34873,"date":"2019-07-11T06:23:51","date_gmt":"2019-07-11T09:23:51","guid":{"rendered":"https:\/\/www.isletasnoticias.com.ar\/?p=34873"},"modified":"2019-07-11T07:28:30","modified_gmt":"2019-07-11T10:28:30","slug":"la-oposicion-reclamara-en-diputados-garantias-de-transparencia-en-las-elecciones","status":"publish","type":"post","link":"https:\/\/informelitoral.com.ar\/la-oposicion-reclamara-en-diputados-garantias-de-transparencia-en-las-elecciones\/","title":{"rendered":"La oposici\u00f3n reclamar\u00e1 en Diputados garant\u00edas de transparencia en las elecciones"},"content":{"rendered":"<div class=\"detail-body\">\n<article id=\"note-body\" class=\"note-body first\" data-twitter-link=\"https:\/\/twitter.com\/intent\/tweet?url=https:\/\/www.minutouno.com\/c5041969&amp;v\u00eda=minutounocom&amp;related=MinutoUno&amp;text=\">\n<div class=\"row\">\n<div class=\"inside-note col-xs-12\">\n<p>Diputados\u00a0de la oposici\u00f3n, autoridades del PJ e intendentes reclamar\u00e1n este jueves al gobierno de\u00a0<strong>Mauricio Macri<\/strong>\u00a0que\u00a0<span id=\"saysCMSEmphasisn0k5m4gifw9\" class=\"saysCMSEmphasis\">garantice una \u00abelecci\u00f3n limpia\u00bb, ante \u00ablas constantes intenciones por parte del oficialismo de cambiar las reglas de juego en materia electoral<\/span>\u00ab.<\/p>\n<p><span id=\"saysCMSEmphasis9lijsdu8ww7\" class=\"saysCMSEmphasis\">La oposici\u00f3n advirti\u00f3 que el oficialismo podr\u00eda manipular la transmisi\u00f3n de datos desde las escuelas a los centros de c\u00f3mputos<\/span>\u00a0y as\u00ed adulterar el conteo provisiorio digital que en estas elecciones recaer\u00e1 en manos de la empresa SmartMatic.<\/p>\n<\/div>\n<\/div>\n<\/article>\n<\/div>\n<div class=\"detail-body \">\n<article id=\"note-body\" class=\"note-body\" data-twitter-link=\"https:\/\/twitter.com\/intent\/tweet?url=https:\/\/www.minutouno.com\/c5041969&amp;v\u00eda=minutounocom&amp;related=MinutoUno&amp;text=\">\n<div class=\"row\">\n<div class=\"inside-note col-xs-12\">\n<p>\u00abDicha convocatoria se justifica ante la\u00a0<span id=\"saysCMSEmphasis98yj44rxkt\" class=\"saysCMSEmphasis\">necesidad de exigir #Elecci\u00f3nLimpia<\/span>\u00a0por las constantes intenciones por parte del oficialismo de cambiar las reglas de juego en materia electoral, a trav\u00e9s del conteo provisorio digital llevado a cabo por la empresa SmartMatic, la Direcci\u00f3n General Electoral y el Correo Argentino\u00bb, se\u00f1ala el comunicado que difundi\u00f3 el bloque de diputados del Frente para la Victoria.<\/p>\n<p>Por su parte la diputada oficialista\u00a0<strong>Elisa Carri\u00f3<\/strong>\u00a0<span id=\"saysCMSEmphasisv9wtc9fnqsk\" class=\"saysCMSEmphasis\">reconoci\u00f3 que el sistema se presta a que se puedan \u00abhackear\u00bb los resultados electorales<\/span>\u00a0y anunci\u00f3 que har\u00e1 una presentaci\u00f3n ante la Justicia electoral.<\/p>\n<\/div>\n<\/div>\n<\/article>\n<\/div>\n","protected":false},"excerpt":{"rendered":"<p>Lo har\u00e1n en una conferencia de prensa en la C\u00e1mara de Diputados desde las 11 en el Sal\u00f3n Delia Parodi de la C\u00e1mara baja con el objetivo de\u00a0sumar presi\u00f3n de todo el arco opositor para evitar lo que consideran un posible fraude.<\/p>\n","protected":false},"author":2,"featured_media":22646,"comment_status":"open","ping_status":"open","sticky":false,"template":"","format":"standard","meta":{"fifu_image_url":"","fifu_image_alt":"","footnotes":""},"categories":[16],"tags":[29,846,196,415,421,1284,545,197],"class_list":{"0":"post-34873","1":"post","2":"type-post","3":"status-publish","4":"format-standard","5":"has-post-thumbnail","7":"category-politi","8":"tag-cambiemos","9":"tag-congreso-nacional","10":"tag-diputados","11":"tag-elecciones","12":"tag-elecciones-2019","13":"tag-justicialismo","14":"tag-kirchnerismo","15":"tag-pj"},"yoast_head":"<title>La oposici\u00f3n reclamar\u00e1 en Diputados garant\u00edas de transparencia en las elecciones - Informe Litoral<\/title>\n<meta name=\"robots\" content=\"index, follow, max-snippet:-1, max-image-preview:large, max-video-preview:-1\" \/>\n<link rel=\"canonical\" href=\"https:\/\/informelitoral.com.ar\/la-oposicion-reclamara-en-diputados-garantias-de-transparencia-en-las-elecciones\/\" \/>\n<meta property=\"og:locale\" content=\"es_ES\" \/>\n<meta property=\"og:type\" content=\"article\" \/>\n<meta property=\"og:title\" content=\"La oposici\u00f3n reclamar\u00e1 en Diputados garant\u00edas de transparencia en las elecciones - Informe Litoral\" \/>\n<meta property=\"og:description\" content=\"Lo har\u00e1n en una conferencia de prensa en la C\u00e1mara de Diputados desde las 11 en el Sal\u00f3n Delia Parodi de la C\u00e1mara baja con el objetivo de\u00a0sumar presi\u00f3n de todo el arco opositor para evitar lo que consideran un posible fraude.\" \/>\n<meta property=\"og:url\" content=\"https:\/\/informelitoral.com.ar\/la-oposicion-reclamara-en-diputados-garantias-de-transparencia-en-las-elecciones\/\" \/>\n<meta property=\"og:site_name\" content=\"Informe Litoral\" \/>\n<meta property=\"article:publisher\" content=\"https:\/\/www.facebook.com\/informelitoral\/\" \/>\n<meta property=\"article:published_time\" content=\"2019-07-11T09:23:51+00:00\" \/>\n<meta property=\"article:modified_time\" content=\"2019-07-11T10:28:30+00:00\" \/>\n<meta property=\"og:image\" content=\"https:\/\/informelitoral.com.ar\/%77%70%2d%63%6f%6e%74%65%6e%74\/uploads\/2017\/08\/elecciones2017.jpg\" \/>\n\t<meta property=\"og:image:width\" content=\"681\" \/>\n\t<meta property=\"og:image:height\" content=\"408\" \/>\n\t<meta property=\"og:image:type\" content=\"image\/jpeg\" \/>\n<meta name=\"author\" content=\"Gonzalo Schmidt\" \/>\n<meta name=\"twitter:card\" content=\"summary_large_image\" \/>\n<meta name=\"twitter:creator\" content=\"@InformeLitoral\" \/>\n<meta name=\"twitter:site\" content=\"@InformeLitoral\" \/>\n<meta name=\"twitter:label1\" content=\"Escrito por\" \/>\n\t<meta name=\"twitter:data1\" content=\"Gonzalo Schmidt\" \/>\n\t<meta name=\"twitter:label2\" content=\"Tiempo de lectura\" \/>\n\t<meta name=\"twitter:data2\" content=\"1 minuto\" \/>\n<script type=\"application\/ld+json\" class=\"yoast-schema-graph\">{\"@context\":\"https:\\\/\\\/schema.org\",\"@graph\":[{\"@type\":\"Article\",\"@id\":\"https:\\\/\\\/informelitoral.com.ar\\\/la-oposicion-reclamara-en-diputados-garantias-de-transparencia-en-las-elecciones\\\/#article\",\"isPartOf\":{\"@id\":\"https:\\\/\\\/informelitoral.com.ar\\\/la-oposicion-reclamara-en-diputados-garantias-de-transparencia-en-las-elecciones\\\/\"},\"author\":{\"name\":\"Gonzalo Schmidt\",\"@id\":\"https:\\\/\\\/informelitoral.com.ar\\\/#\\\/schema\\\/person\\\/b9d00407c836482871ef1d57bf8e3180\"},\"headline\":\"La oposici\u00f3n reclamar\u00e1 en Diputados garant\u00edas de transparencia en las elecciones\",\"datePublished\":\"2019-07-11T09:23:51+00:00\",\"dateModified\":\"2019-07-11T10:28:30+00:00\",\"mainEntityOfPage\":{\"@id\":\"https:\\\/\\\/informelitoral.com.ar\\\/la-oposicion-reclamara-en-diputados-garantias-de-transparencia-en-las-elecciones\\\/\"},\"wordCount\":196,\"commentCount\":0,\"publisher\":{\"@id\":\"https:\\\/\\\/informelitoral.com.ar\\\/#organization\"},\"image\":{\"@id\":\"https:\\\/\\\/informelitoral.com.ar\\\/la-oposicion-reclamara-en-diputados-garantias-de-transparencia-en-las-elecciones\\\/#primaryimage\"},\"thumbnailUrl\":\"https:\\\/\\\/informelitoral.com.ar\\\/%77%70%2d%63%6f%6e%74%65%6e%74\\\/uploads\\\/2017\\\/08\\\/elecciones2017.jpg\",\"keywords\":[\"Cambiemos\",\"Congreso nacional\",\"Diputados\",\"Elecciones\",\"Elecciones 2019\",\"Justicialismo\",\"Kirchnerismo\",\"PJ\"],\"articleSection\":[\"Politica\"],\"inLanguage\":\"es\",\"potentialAction\":[{\"@type\":\"CommentAction\",\"name\":\"Comment\",\"target\":[\"https:\\\/\\\/informelitoral.com.ar\\\/la-oposicion-reclamara-en-diputados-garantias-de-transparencia-en-las-elecciones\\\/#respond\"]}]},{\"@type\":\"WebPage\",\"@id\":\"https:\\\/\\\/informelitoral.com.ar\\\/la-oposicion-reclamara-en-diputados-garantias-de-transparencia-en-las-elecciones\\\/\",\"url\":\"https:\\\/\\\/informelitoral.com.ar\\\/la-oposicion-reclamara-en-diputados-garantias-de-transparencia-en-las-elecciones\\\/\",\"name\":\"La oposici\u00f3n reclamar\u00e1 en Diputados garant\u00edas de transparencia en las elecciones - Informe Litoral\",\"isPartOf\":{\"@id\":\"https:\\\/\\\/informelitoral.com.ar\\\/#website\"},\"primaryImageOfPage\":{\"@id\":\"https:\\\/\\\/informelitoral.com.ar\\\/la-oposicion-reclamara-en-diputados-garantias-de-transparencia-en-las-elecciones\\\/#primaryimage\"},\"image\":{\"@id\":\"https:\\\/\\\/informelitoral.com.ar\\\/la-oposicion-reclamara-en-diputados-garantias-de-transparencia-en-las-elecciones\\\/#primaryimage\"},\"thumbnailUrl\":\"https:\\\/\\\/informelitoral.com.ar\\\/%77%70%2d%63%6f%6e%74%65%6e%74\\\/uploads\\\/2017\\\/08\\\/elecciones2017.jpg\",\"datePublished\":\"2019-07-11T09:23:51+00:00\",\"dateModified\":\"2019-07-11T10:28:30+00:00\",\"breadcrumb\":{\"@id\":\"https:\\\/\\\/informelitoral.com.ar\\\/la-oposicion-reclamara-en-diputados-garantias-de-transparencia-en-las-elecciones\\\/#breadcrumb\"},\"inLanguage\":\"es\",\"potentialAction\":[{\"@type\":\"ReadAction\",\"target\":[\"https:\\\/\\\/informelitoral.com.ar\\\/la-oposicion-reclamara-en-diputados-garantias-de-transparencia-en-las-elecciones\\\/\"]}]},{\"@type\":\"ImageObject\",\"inLanguage\":\"es\",\"@id\":\"https:\\\/\\\/informelitoral.com.ar\\\/la-oposicion-reclamara-en-diputados-garantias-de-transparencia-en-las-elecciones\\\/#primaryimage\",\"url\":\"https:\\\/\\\/informelitoral.com.ar\\\/%77%70%2d%63%6f%6e%74%65%6e%74\\\/uploads\\\/2017\\\/08\\\/elecciones2017.jpg\",\"contentUrl\":\"https:\\\/\\\/informelitoral.com.ar\\\/%77%70%2d%63%6f%6e%74%65%6e%74\\\/uploads\\\/2017\\\/08\\\/elecciones2017.jpg\",\"width\":681,\"height\":408},{\"@type\":\"BreadcrumbList\",\"@id\":\"https:\\\/\\\/informelitoral.com.ar\\\/la-oposicion-reclamara-en-diputados-garantias-de-transparencia-en-las-elecciones\\\/#breadcrumb\",\"itemListElement\":[{\"@type\":\"ListItem\",\"position\":1,\"name\":\"Portada\",\"item\":\"https:\\\/\\\/informelitoral.com.ar\\\/\"},{\"@type\":\"ListItem\",\"position\":2,\"name\":\"La oposici\u00f3n reclamar\u00e1 en Diputados garant\u00edas de transparencia en las elecciones\"}]},{\"@type\":\"WebSite\",\"@id\":\"https:\\\/\\\/informelitoral.com.ar\\\/#website\",\"url\":\"https:\\\/\\\/informelitoral.com.ar\\\/\",\"name\":\"Informe Litoral\",\"description\":\"&quot;Nos informamos&quot; \",\"publisher\":{\"@id\":\"https:\\\/\\\/informelitoral.com.ar\\\/#organization\"},\"potentialAction\":[{\"@type\":\"SearchAction\",\"target\":{\"@type\":\"EntryPoint\",\"urlTemplate\":\"https:\\\/\\\/informelitoral.com.ar\\\/?s={search_term_string}\"},\"query-input\":{\"@type\":\"PropertyValueSpecification\",\"valueRequired\":true,\"valueName\":\"search_term_string\"}}],\"inLanguage\":\"es\"},{\"@type\":\"Organization\",\"@id\":\"https:\\\/\\\/informelitoral.com.ar\\\/#organization\",\"name\":\"Informe Litoral\",\"url\":\"https:\\\/\\\/informelitoral.com.ar\\\/\",\"logo\":{\"@type\":\"ImageObject\",\"inLanguage\":\"es\",\"@id\":\"https:\\\/\\\/informelitoral.com.ar\\\/#\\\/schema\\\/logo\\\/image\\\/\",\"url\":\"https:\\\/\\\/informelitoral.com.ar\\\/%77%70%2d%63%6f%6e%74%65%6e%74\\\/uploads\\\/2021\\\/01\\\/circulo.png\",\"contentUrl\":\"https:\\\/\\\/informelitoral.com.ar\\\/%77%70%2d%63%6f%6e%74%65%6e%74\\\/uploads\\\/2021\\\/01\\\/circulo.png\",\"width\":723,\"height\":731,\"caption\":\"Informe Litoral\"},\"image\":{\"@id\":\"https:\\\/\\\/informelitoral.com.ar\\\/#\\\/schema\\\/logo\\\/image\\\/\"},\"sameAs\":[\"https:\\\/\\\/www.facebook.com\\\/informelitoral\\\/\",\"https:\\\/\\\/x.com\\\/InformeLitoral\",\"https:\\\/\\\/www.instagram.com\\\/informelitoral\\\/\",\"https:\\\/\\\/www.youtube.com\\\/channel\\\/UCua4Qvz8Icb6MYqhoq9xLXw\"]},{\"@type\":\"Person\",\"@id\":\"https:\\\/\\\/informelitoral.com.ar\\\/#\\\/schema\\\/person\\\/b9d00407c836482871ef1d57bf8e3180\",\"name\":\"Gonzalo Schmidt\",\"image\":{\"@type\":\"ImageObject\",\"inLanguage\":\"es\",\"@id\":\"https:\\\/\\\/secure.gravatar.com\\\/avatar\\\/31a1a7b66ff2de83bd0e9fd79d026630d2d99e55e8bfe501287647b4fd9743de?s=96&d=mm&r=g\",\"url\":\"https:\\\/\\\/secure.gravatar.com\\\/avatar\\\/31a1a7b66ff2de83bd0e9fd79d026630d2d99e55e8bfe501287647b4fd9743de?s=96&d=mm&r=g\",\"contentUrl\":\"https:\\\/\\\/secure.gravatar.com\\\/avatar\\\/31a1a7b66ff2de83bd0e9fd79d026630d2d99e55e8bfe501287647b4fd9743de?s=96&d=mm&r=g\",\"caption\":\"Gonzalo Schmidt\"},\"description\":\"Sitio web de noticias de la provincia de Entre R\u00edos, Argentina. Informaci\u00f3n y entretenimiento. Informe Litoral, nos informamos.\",\"sameAs\":[\"http:\\\/\\\/www.isletasnoticias.com.ar\"],\"url\":\"https:\\\/\\\/informelitoral.com.ar\\\/author\\\/gonzalo\\\/\"}]}<\/script>","yoast_head_json":{"title":"La oposici\u00f3n reclamar\u00e1 en Diputados garant\u00edas de transparencia en las elecciones - Informe Litoral","robots":{"index":"index","follow":"follow","max-snippet":"max-snippet:-1","max-image-preview":"max-image-preview:large","max-video-preview":"max-video-preview:-1"},"canonical":"https:\/\/informelitoral.com.ar\/la-oposicion-reclamara-en-diputados-garantias-de-transparencia-en-las-elecciones\/","og_locale":"es_ES","og_type":"article","og_title":"La oposici\u00f3n reclamar\u00e1 en Diputados garant\u00edas de transparencia en las elecciones - Informe Litoral","og_description":"Lo har\u00e1n en una conferencia de prensa en la C\u00e1mara de Diputados desde las 11 en el Sal\u00f3n Delia Parodi de la C\u00e1mara baja con el objetivo de\u00a0sumar presi\u00f3n de todo el arco opositor para evitar lo que consideran un posible fraude.","og_url":"https:\/\/informelitoral.com.ar\/la-oposicion-reclamara-en-diputados-garantias-de-transparencia-en-las-elecciones\/","og_site_name":"Informe Litoral","article_publisher":"https:\/\/www.facebook.com\/informelitoral\/","article_published_time":"2019-07-11T09:23:51+00:00","article_modified_time":"2019-07-11T10:28:30+00:00","og_image":[{"width":681,"height":408,"url":"https:\/\/informelitoral.com.ar\/%77%70%2d%63%6f%6e%74%65%6e%74\/uploads\/2017\/08\/elecciones2017.jpg","type":"image\/jpeg"}],"author":"Gonzalo Schmidt","twitter_card":"summary_large_image","twitter_creator":"@InformeLitoral","twitter_site":"@InformeLitoral","twitter_misc":{"Escrito por":"Gonzalo Schmidt","Tiempo de lectura":"1 minuto"},"schema":{"@context":"https:\/\/schema.org","@graph":[{"@type":"Article","@id":"https:\/\/informelitoral.com.ar\/la-oposicion-reclamara-en-diputados-garantias-de-transparencia-en-las-elecciones\/#article","isPartOf":{"@id":"https:\/\/informelitoral.com.ar\/la-oposicion-reclamara-en-diputados-garantias-de-transparencia-en-las-elecciones\/"},"author":{"name":"Gonzalo Schmidt","@id":"https:\/\/informelitoral.com.ar\/#\/schema\/person\/b9d00407c836482871ef1d57bf8e3180"},"headline":"La oposici\u00f3n reclamar\u00e1 en Diputados garant\u00edas de transparencia en las elecciones","datePublished":"2019-07-11T09:23:51+00:00","dateModified":"2019-07-11T10:28:30+00:00","mainEntityOfPage":{"@id":"https:\/\/informelitoral.com.ar\/la-oposicion-reclamara-en-diputados-garantias-de-transparencia-en-las-elecciones\/"},"wordCount":196,"commentCount":0,"publisher":{"@id":"https:\/\/informelitoral.com.ar\/#organization"},"image":{"@id":"https:\/\/informelitoral.com.ar\/la-oposicion-reclamara-en-diputados-garantias-de-transparencia-en-las-elecciones\/#primaryimage"},"thumbnailUrl":"https:\/\/informelitoral.com.ar\/%77%70%2d%63%6f%6e%74%65%6e%74\/uploads\/2017\/08\/elecciones2017.jpg","keywords":["Cambiemos","Congreso nacional","Diputados","Elecciones","Elecciones 2019","Justicialismo","Kirchnerismo","PJ"],"articleSection":["Politica"],"inLanguage":"es","potentialAction":[{"@type":"CommentAction","name":"Comment","target":["https:\/\/informelitoral.com.ar\/la-oposicion-reclamara-en-diputados-garantias-de-transparencia-en-las-elecciones\/#respond"]}]},{"@type":"WebPage","@id":"https:\/\/informelitoral.com.ar\/la-oposicion-reclamara-en-diputados-garantias-de-transparencia-en-las-elecciones\/","url":"https:\/\/informelitoral.com.ar\/la-oposicion-reclamara-en-diputados-garantias-de-transparencia-en-las-elecciones\/","name":"La oposici\u00f3n reclamar\u00e1 en Diputados garant\u00edas de transparencia en las elecciones - Informe Litoral","isPartOf":{"@id":"https:\/\/informelitoral.com.ar\/#website"},"primaryImageOfPage":{"@id":"https:\/\/informelitoral.com.ar\/la-oposicion-reclamara-en-diputados-garantias-de-transparencia-en-las-elecciones\/#primaryimage"},"image":{"@id":"https:\/\/informelitoral.com.ar\/la-oposicion-reclamara-en-diputados-garantias-de-transparencia-en-las-elecciones\/#primaryimage"},"thumbnailUrl":"https:\/\/informelitoral.com.ar\/%77%70%2d%63%6f%6e%74%65%6e%74\/uploads\/2017\/08\/elecciones2017.jpg","datePublished":"2019-07-11T09:23:51+00:00","dateModified":"2019-07-11T10:28:30+00:00","breadcrumb":{"@id":"https:\/\/informelitoral.com.ar\/la-oposicion-reclamara-en-diputados-garantias-de-transparencia-en-las-elecciones\/#breadcrumb"},"inLanguage":"es","potentialAction":[{"@type":"ReadAction","target":["https:\/\/informelitoral.com.ar\/la-oposicion-reclamara-en-diputados-garantias-de-transparencia-en-las-elecciones\/"]}]},{"@type":"ImageObject","inLanguage":"es","@id":"https:\/\/informelitoral.com.ar\/la-oposicion-reclamara-en-diputados-garantias-de-transparencia-en-las-elecciones\/#primaryimage","url":"https:\/\/informelitoral.com.ar\/%77%70%2d%63%6f%6e%74%65%6e%74\/uploads\/2017\/08\/elecciones2017.jpg","contentUrl":"https:\/\/informelitoral.com.ar\/%77%70%2d%63%6f%6e%74%65%6e%74\/uploads\/2017\/08\/elecciones2017.jpg","width":681,"height":408},{"@type":"BreadcrumbList","@id":"https:\/\/informelitoral.com.ar\/la-oposicion-reclamara-en-diputados-garantias-de-transparencia-en-las-elecciones\/#breadcrumb","itemListElement":[{"@type":"ListItem","position":1,"name":"Portada","item":"https:\/\/informelitoral.com.ar\/"},{"@type":"ListItem","position":2,"name":"La oposici\u00f3n reclamar\u00e1 en Diputados garant\u00edas de transparencia en las elecciones"}]},{"@type":"WebSite","@id":"https:\/\/informelitoral.com.ar\/#website","url":"https:\/\/informelitoral.com.ar\/","name":"Informe Litoral","description":"&quot;Nos informamos&quot; ","publisher":{"@id":"https:\/\/informelitoral.com.ar\/#organization"},"potentialAction":[{"@type":"SearchAction","target":{"@type":"EntryPoint","urlTemplate":"https:\/\/informelitoral.com.ar\/?s={search_term_string}"},"query-input":{"@type":"PropertyValueSpecification","valueRequired":true,"valueName":"search_term_string"}}],"inLanguage":"es"},{"@type":"Organization","@id":"https:\/\/informelitoral.com.ar\/#organization","name":"Informe Litoral","url":"https:\/\/informelitoral.com.ar\/","logo":{"@type":"ImageObject","inLanguage":"es","@id":"https:\/\/informelitoral.com.ar\/#\/schema\/logo\/image\/","url":"https:\/\/informelitoral.com.ar\/%77%70%2d%63%6f%6e%74%65%6e%74\/uploads\/2021\/01\/circulo.png","contentUrl":"https:\/\/informelitoral.com.ar\/%77%70%2d%63%6f%6e%74%65%6e%74\/uploads\/2021\/01\/circulo.png","width":723,"height":731,"caption":"Informe Litoral"},"image":{"@id":"https:\/\/informelitoral.com.ar\/#\/schema\/logo\/image\/"},"sameAs":["https:\/\/www.facebook.com\/informelitoral\/","https:\/\/x.com\/InformeLitoral","https:\/\/www.instagram.com\/informelitoral\/","https:\/\/www.youtube.com\/channel\/UCua4Qvz8Icb6MYqhoq9xLXw"]},{"@type":"Person","@id":"https:\/\/informelitoral.com.ar\/#\/schema\/person\/b9d00407c836482871ef1d57bf8e3180","name":"Gonzalo Schmidt","image":{"@type":"ImageObject","inLanguage":"es","@id":"https:\/\/secure.gravatar.com\/avatar\/31a1a7b66ff2de83bd0e9fd79d026630d2d99e55e8bfe501287647b4fd9743de?s=96&d=mm&r=g","url":"https:\/\/secure.gravatar.com\/avatar\/31a1a7b66ff2de83bd0e9fd79d026630d2d99e55e8bfe501287647b4fd9743de?s=96&d=mm&r=g","contentUrl":"https:\/\/secure.gravatar.com\/avatar\/31a1a7b66ff2de83bd0e9fd79d026630d2d99e55e8bfe501287647b4fd9743de?s=96&d=mm&r=g","caption":"Gonzalo Schmidt"},"description":"Sitio web de noticias de la provincia de Entre R\u00edos, Argentina. Informaci\u00f3n y entretenimiento. Informe Litoral, nos informamos.","sameAs":["http:\/\/www.isletasnoticias.com.ar"],"url":"https:\/\/informelitoral.com.ar\/author\/gonzalo\/"}]}},"_links":{"self":[{"href":"https:\/\/informelitoral.com.ar\/%77%70%2d%6a%73%6f%6e\/wp\/v2\/posts\/34873","targetHints":{"allow":["GET"]}}],"collection":[{"href":"https:\/\/informelitoral.com.ar\/%77%70%2d%6a%73%6f%6e\/wp\/v2\/posts"}],"about":[{"href":"https:\/\/informelitoral.com.ar\/%77%70%2d%6a%73%6f%6e\/wp\/v2\/types\/post"}],"author":[{"embeddable":true,"href":"https:\/\/informelitoral.com.ar\/%77%70%2d%6a%73%6f%6e\/wp\/v2\/users\/2"}],"replies":[{"embeddable":true,"href":"https:\/\/informelitoral.com.ar\/%77%70%2d%6a%73%6f%6e\/wp\/v2\/comments?post=34873"}],"version-history":[{"count":0,"href":"https:\/\/informelitoral.com.ar\/%77%70%2d%6a%73%6f%6e\/wp\/v2\/posts\/34873\/revisions"}],"wp:featuredmedia":[{"embeddable":true,"href":"https:\/\/informelitoral.com.ar\/%77%70%2d%6a%73%6f%6e\/wp\/v2\/media\/22646"}],"wp:attachment":[{"href":"https:\/\/informelitoral.com.ar\/%77%70%2d%6a%73%6f%6e\/wp\/v2\/media?parent=34873"}],"wp:term":[{"taxonomy":"category","embeddable":true,"href":"https:\/\/informelitoral.com.ar\/%77%70%2d%6a%73%6f%6e\/wp\/v2\/categories?post=34873"},{"taxonomy":"post_tag","embeddable":true,"href":"https:\/\/informelitoral.com.ar\/%77%70%2d%6a%73%6f%6e\/wp\/v2\/tags?post=34873"}],"curies":[{"name":"wp","href":"https:\/\/api.w.org\/{rel}","templated":true}]}}