{"id":34852,"date":"2019-07-10T06:05:52","date_gmt":"2019-07-10T09:05:52","guid":{"rendered":"https:\/\/www.isletasnoticias.com.ar\/?p=34852"},"modified":"2019-07-10T10:12:11","modified_gmt":"2019-07-10T13:12:11","slug":"el-chinwenwencha-la-historia-de-un-heroe-anonimo-detras-del-video-que-es-furor-en-las-redes","status":"publish","type":"post","link":"https:\/\/informelitoral.com.ar\/el-chinwenwencha-la-historia-de-un-heroe-anonimo-detras-del-video-que-es-furor-en-las-redes\/","title":{"rendered":"\u00abEl chinwenwencha\u00bb: la historia de un h\u00e9roe an\u00f3nimo detr\u00e1s del video que es furor en las redes"},"content":{"rendered":"<div class=\"row pb-content-type-text\">\n<div class=\"col-xs-12 col-print-12\">\n<p class=\"element element-paragraph\">\u00ab\u00bfQu\u00e9 ves?, \u00bfqu\u00e9 ves cuando me ves?\u00bb, pregunta , desde hace 25 a\u00f1os, Divididos. Del otro lado del tel\u00e9fono y desde Rosario, Jairo Lucero -m\u00e1s conocido como\u00a0<strong>\u00abEl chinwenwencha\u00bb<\/strong>\u2013 ensaya una respuesta a esa pregunta ret\u00f3rica: \u00abSupongo que los que vieron el video deben haber pensado &#8216;este es un fisura, un cachivache, debe vivir todo el d\u00eda falopeado y tirado abajo de un puente&#8217;, \u00bfno?\u00bb.<\/p>\n<p class=\"element element-paragraph\">Nadie sabe a ciencia cierta cu\u00e1ntas reproducciones tuvo el video de cinco segundos que Jairo le envi\u00f3 en diciembre a \u00abEl gallego\u00bb -amigo, taxista, hincha de Newell&#8217;s- despu\u00e9s de que Rosario Central ganara la Copa Argentina. Jairo -29 a\u00f1os, tambi\u00e9n taxista- <strong>no usaba redes sociales cuando se enter\u00f3 de que el video hab\u00eda saltado del grupo de whatsapp<\/strong>\u00a0de taxistas de Rosario y hab\u00eda empezado a conquistar\u00a0tel\u00e9fonos desconocidos.<\/p>\n<\/div>\n<\/div>\n<div class=\"row pb-content-type-text\">\n<div class=\"col-xs-12 col-print-12\">\n<p class=\"element element-paragraph\"><em>\u00abSi esta copa es de leche te la tomaste toda, te la tomaste toda, chinwenwencha\u00bb<\/em>, dice en el video, con pocas horas de sue\u00f1o, varias de alcohol y tentado de la risa. El mensaje era para el amigo hincha del equipo rival -\u00abponele el nombre vos, yo no los nombro\u00bb-, que sosten\u00eda que la copa que Rosario Central hab\u00eda ganado era \u00abde leche\u00bb.<\/p>\n<p class=\"element element-paragraph\">\u2014Algunos pensaron que yo era un falopero perdido, otros creyeron que hablaba mal, \u00bfc\u00f3mo se llama ese que habla todo con la \u00abch\u00bb? \u2014pregunta.<\/p>\n<\/div>\n<\/div>\n<div class=\"row pb-content-type-text\">\n<div class=\"col-xs-12 col-print-12\">\n<p class=\"element element-paragraph\">\u2014 Amigacho.<br \/>\n\u2014 \u00a1Ese! \u00bfy vos qu\u00e9 pensaste, chinwenwenchona?\u2014, retruca a\u00a0<strong>Infobae<\/strong>, y la risa vuelve a marcar el ritmo de la primera parte de la entrevista.<\/p>\n<\/div>\n<\/div>\n<div class=\"row pb-content-type-image\">\n<figure class=\"element element-image col-xs-12\">\n<div class=\"single-image\"><img decoding=\"async\" id=\"YYPZJ6VV45E4PEQMU3M5KBHB6A\" class=\"image-lazy aligncenter\" src=\"https:\/\/www.infobae.com\/new-resizer\/b5Ni3sU65o8HNZleByeGDsE8o04=\/750x0\/filters:quality(100)\/s3.amazonaws.com\/arc-wordpress-client-uploads\/infobae-wp\/%77%70%2d%63%6f%6e%74%65%6e%74\/uploads\/2019\/07\/08163446\/48412008_2435607946532704_5962566813429530624_n.jpg\" alt=\"\" width=\"750\" height=\"796.875\" data-url=\"https:\/\/www.infobae.com\/sociedad\/2019\/07\/10\/el-chinwenwencha-la-historia-de-un-heroe-anonimo-detras-del-video-que-es-furor-en-las-redes\/%23YYPZJ6VV45E4PEQMU3M5KBHB6A\" data-original=\"https:\/\/www.infobae.com\/new-resizer\/b5Ni3sU65o8HNZleByeGDsE8o04=\/750x0\/filters:quality(100)\/s3.amazonaws.com\/arc-wordpress-client-uploads\/infobae-wp\/%77%70%2d%63%6f%6e%74%65%6e%74\/uploads\/2019\/07\/08163446\/48412008_2435607946532704_5962566813429530624_n.jpg\" \/><\/div><figcaption class=\"\"><\/figcaption><\/figure>\n<\/div>\n<div class=\"row pb-content-type-text\">\n<div class=\"col-xs-12 col-print-12\">\n<p class=\"element element-paragraph\">Reci\u00e9n un mes y medio despu\u00e9s de que\u00a0Rosario Central rompiera el maleficio\u00a0y se consagrara campe\u00f3n, Marianela, la novia de Jairo, le abri\u00f3 una cuenta en Instagram:\u00a0<strong>s\u00f3lo ah\u00ed el video tiene casi 600.000 reproducciones.<\/strong><\/p>\n<\/div>\n<\/div>\n<div class=\"row pb-content-type-text\">\n<div class=\"col-xs-12 col-print-12\">\n<p class=\"element element-paragraph\">Sin embargo, nadie sabe a ciencia cierta cu\u00e1nta gente lo vio porque r\u00e1pidamente se convirti\u00f3 en un fragmento de Bendita TV,\u00a0<strong>alguien lo peg\u00f3 a discursos de Macri<\/strong>\u2013<em>\u00abTe la llevaste toda, chinwenwencha\u00bb-\u00a0<\/em><strong>y tambi\u00e9n<em>\u00a0<\/em>a videos que hablan de drogas, de sexo, de fiesta.\u00a0<\/strong>Ya hubo quienes pintaron paredes, hicieron tazas de oficina, dise\u00f1aron memes.<\/p>\n<\/div>\n<\/div>\n<div class=\"row pb-content-type-image\">\n<figure class=\"element element-image col-xs-12\">\n<div class=\"single-image\"><img decoding=\"async\" id=\"YD6ATQGT2VEDNIYKOXNWWZDLNA\" class=\"image-lazy aligncenter\" src=\"https:\/\/www.infobae.com\/new-resizer\/TOZ9gsIOserVlOZHPElfeLqcI0g=\/750x0\/filters:quality(100)\/s3.amazonaws.com\/arc-wordpress-client-uploads\/infobae-wp\/%77%70%2d%63%6f%6e%74%65%6e%74\/uploads\/2019\/07\/08163518\/52491546_300148624010060_3074020687066341825_n.jpg\" alt=\"\" width=\"750\" height=\"750.0\" data-url=\"https:\/\/www.infobae.com\/sociedad\/2019\/07\/10\/el-chinwenwencha-la-historia-de-un-heroe-anonimo-detras-del-video-que-es-furor-en-las-redes\/%23YD6ATQGT2VEDNIYKOXNWWZDLNA\" data-original=\"https:\/\/www.infobae.com\/new-resizer\/TOZ9gsIOserVlOZHPElfeLqcI0g=\/750x0\/filters:quality(100)\/s3.amazonaws.com\/arc-wordpress-client-uploads\/infobae-wp\/%77%70%2d%63%6f%6e%74%65%6e%74\/uploads\/2019\/07\/08163518\/52491546_300148624010060_3074020687066341825_n.jpg\" \/><\/div><figcaption class=\"\"><\/figcaption><\/figure>\n<\/div>\n<div class=\"row pb-content-type-text\">\n<div class=\"col-xs-12 col-print-12\">\n<p class=\"element element-paragraph\">Lo de \u00abchinwenwencha\u00bb y sus derivados es una palabra que usan todos en su familia, porque as\u00ed pronunciaba \u00absinverg\u00fcenza\u00bb la sobrina de Jairo cuando era chiquita. \u00abHay tantos chinwenwenchas en este pa\u00eds que se puede usar para todo, \u00bfno?\u00bb, analiza.<\/p>\n<\/div>\n<\/div>\n<div class=\"row pb-content-type-image\">\n<figure class=\"element element-image col-xs-12\">\n<div class=\"single-image\"><img decoding=\"async\" id=\"WEWSAUYPIVB5PI2GEBIYDKBU6U\" class=\"image-lazy aligncenter\" src=\"https:\/\/www.infobae.com\/new-resizer\/LzDzn1ZX66_JcVQ8EWheqJL2nmU=\/750x0\/filters:quality(100)\/s3.amazonaws.com\/arc-wordpress-client-uploads\/infobae-wp\/%77%70%2d%63%6f%6e%74%65%6e%74\/uploads\/2019\/07\/08163453\/49401284_2272270956349871_482691255359749225_n.jpg\" alt=\"\" width=\"750\" height=\"562.5\" data-url=\"https:\/\/www.infobae.com\/sociedad\/2019\/07\/10\/el-chinwenwencha-la-historia-de-un-heroe-anonimo-detras-del-video-que-es-furor-en-las-redes\/%23WEWSAUYPIVB5PI2GEBIYDKBU6U\" data-original=\"https:\/\/www.infobae.com\/new-resizer\/LzDzn1ZX66_JcVQ8EWheqJL2nmU=\/750x0\/filters:quality(100)\/s3.amazonaws.com\/arc-wordpress-client-uploads\/infobae-wp\/%77%70%2d%63%6f%6e%74%65%6e%74\/uploads\/2019\/07\/08163453\/49401284_2272270956349871_482691255359749225_n.jpg\" \/><\/div><figcaption class=\"\"><\/figcaption><\/figure>\n<\/div>\n<div class=\"row pb-content-type-text\">\n<div class=\"col-xs-12 col-print-12\">\n<p class=\"element element-paragraph\"><strong>Un h\u00e9roe an\u00f3nimo<\/strong><\/p>\n<\/div>\n<\/div>\n<div class=\"row pb-content-type-text\">\n<div class=\"col-xs-12 col-print-12\">\n<p class=\"element element-paragraph\">Lo que pocos sab\u00edan era que el joven del video hab\u00eda empezado a trabajar a los 12 a\u00f1os de canillita. Que ahora era taxista pero hab\u00eda sido cocinero, cadete, ayudante de alba\u00f1il, verdulero. Y que \u00e9l y sus tres hermanos\u00a0<strong>hab\u00edan sido criados s\u00f3lo por su mam\u00e1, que trabaj\u00f3 siempre de portera.<\/strong><\/p>\n<\/div>\n<\/div>\n<div class=\"row pb-content-type-text\">\n<div class=\"col-xs-12 col-print-12\">\n<p class=\"element element-paragraph\">\u00abVivimos toda la vida en un barrio de laburantes que est\u00e1 en la entrada de la villa. Mi mam\u00e1 hizo de todo para no tener que mandarnos a un comedor pero igual los comedores fueron parte de mi vida porque yo me quedaba en la calle esperando que mis amiguitos comieran y volvieran a salir a jugar\u00bb, cuenta. El barrio del que habla se llama \u00abArroyito\u00bb y queda cerca de la cancha de Central.<\/p>\n<\/div>\n<\/div>\n<div class=\"row pb-content-type-image\">\n<figure class=\"element element-image col-xs-12\">\n<div class=\"single-image\"><img decoding=\"async\" id=\"GKGP7BEI6BF7NICG75MOQVTDQM\" class=\"image-lazy\" src=\"https:\/\/www.infobae.com\/new-resizer\/uW65HyBfFZ_CZN_-I2hVee9Tv9I=\/750x0\/filters:quality(100)\/s3.amazonaws.com\/arc-wordpress-client-uploads\/infobae-wp\/%77%70%2d%63%6f%6e%74%65%6e%74\/uploads\/2019\/07\/08163431\/22222.jpg\" alt=\"\" width=\"750\" height=\"421.875\" data-url=\"https:\/\/www.infobae.com\/sociedad\/2019\/07\/10\/el-chinwenwencha-la-historia-de-un-heroe-anonimo-detras-del-video-que-es-furor-en-las-redes\/%23GKGP7BEI6BF7NICG75MOQVTDQM\" data-original=\"https:\/\/www.infobae.com\/new-resizer\/uW65HyBfFZ_CZN_-I2hVee9Tv9I=\/750x0\/filters:quality(100)\/s3.amazonaws.com\/arc-wordpress-client-uploads\/infobae-wp\/%77%70%2d%63%6f%6e%74%65%6e%74\/uploads\/2019\/07\/08163431\/22222.jpg\" \/><\/div><figcaption class=\"\"><\/figcaption><\/figure>\n<\/div>\n<div class=\"row pb-content-type-text\">\n<div class=\"col-xs-12 col-print-12\">\n<p class=\"element element-paragraph\">Despu\u00e9s, a los 17 a\u00f1os, Jairo entr\u00f3 en el mundo de las adicciones:\u00a0<strong>estuvo en consumo durante casi una d\u00e9cada\u00a0<\/strong>y\u00a0no pudo terminar el secundario.\u00a0\u00abPero hace tres a\u00f1os dije &#8216;basta&#8217; -cuenta \u00e9l-.\u00a0<strong>No quer\u00eda m\u00e1s esa vida<\/strong>. Tuve suerte de no haber perdido los trabajos y de no haber lastimado a nadie, porque arriesg\u00e1s un mont\u00f3n. Yo quer\u00eda tener una relaci\u00f3n seria,\u00a0<strong>un proyecto de vida<\/strong>\u00a0y la noche te lleva a hacer cualquiera\u00bb.<\/p>\n<\/div>\n<\/div>\n<div class=\"row pb-content-type-text\">\n<div class=\"col-xs-12 col-print-12\">\n<p class=\"element element-paragraph\">Hace un a\u00f1o, a 30 metros de la casa en la que se cri\u00f3, Fabiana Luque -vecina de toda la vida, junto a\u00a0otras tres mujeres del barrio- hac\u00edan crecer una idea de la tristeza seca.<\/p>\n<\/div>\n<\/div>\n<div class=\"row pb-content-type-text\">\n<div class=\"col-xs-12 col-print-12\">\n<p class=\"element element-paragraph\">\u00ab<strong>Los chicos del barrio estaban pasando hambre<\/strong>\u00a0y se nos ocurri\u00f3 empezar a darles la leche\u00bb, cuenta ella a\u00a0<strong>Infobae<\/strong>. No hab\u00eda lugar f\u00edsico donde servirles la merienda y Jairo se acerc\u00f3 a ayudarla a montar tablones a la intemperie, bajo un puente, para que los chicos comieran en una mesa.<\/p>\n<\/div>\n<\/div>\n<div class=\"row pb-content-type-image\">\n<figure class=\"element element-image col-xs-12\">\n<div class=\"single-image\"><img decoding=\"async\" id=\"NGWBTSIXVNDZVJ546EDWRWLR2Q\" class=\"image-lazy\" src=\"https:\/\/www.infobae.com\/new-resizer\/s4ugP1L1NGW8aC9ELM9AF-HuPss=\/750x0\/filters:quality(100)\/s3.amazonaws.com\/arc-wordpress-client-uploads\/infobae-wp\/%77%70%2d%63%6f%6e%74%65%6e%74\/uploads\/2019\/07\/08163542\/53869227_125075325283976_826546544646815744_o.jpg\" alt=\"Junto a las mujeres que sostienen el comedor \u201cEl alfarero\u201d.\" width=\"750\" height=\"562.5\" data-url=\"https:\/\/www.infobae.com\/sociedad\/2019\/07\/10\/el-chinwenwencha-la-historia-de-un-heroe-anonimo-detras-del-video-que-es-furor-en-las-redes\/%23NGWBTSIXVNDZVJ546EDWRWLR2Q\" data-original=\"https:\/\/www.infobae.com\/new-resizer\/s4ugP1L1NGW8aC9ELM9AF-HuPss=\/750x0\/filters:quality(100)\/s3.amazonaws.com\/arc-wordpress-client-uploads\/infobae-wp\/%77%70%2d%63%6f%6e%74%65%6e%74\/uploads\/2019\/07\/08163542\/53869227_125075325283976_826546544646815744_o.jpg\" \/><\/div><figcaption class=\"\"><\/figcaption><\/figure>\n<\/div>\n<div class=\"row pb-content-type-text\">\n<div class=\"col-xs-12 col-print-12\">\n<p class=\"element element-paragraph\">Para ese entonces, Jairo ya\u00a0<strong>trabajaba en el taxi de 5 de la tarde a 5 de la ma\u00f1ana<\/strong>. De a poco, cada ma\u00f1ana, de regreso, empez\u00f3 a involucrar a gente que conoc\u00eda para que ayudaran, \u00abincluso a los personajes del barrio que conoc\u00eda de las malas\u00bb.<\/p>\n<\/div>\n<\/div>\n<div class=\"row pb-content-type-text\">\n<div class=\"col-xs-12 col-print-12\">\n<p class=\"element element-paragraph\">Como Fabiana cocinaba con le\u00f1a bajo el puente, Jairo se propuso conseguir una garrafa. La consigui\u00f3, despu\u00e9s tir\u00f3 en el grupo de taxistas: \u00ab\u00bfQui\u00e9n tiene un viaje cerca como para ir a buscarla y tra\u00e9rsela a los chicos?\u00bb, y los moviliz\u00f3 tambi\u00e9n a ellos.<\/p>\n<\/div>\n<\/div>\n<div class=\"row pb-content-type-text\">\n<div class=\"col-xs-12 col-print-12\">\n<p class=\"element element-paragraph\">Pero las donaciones no alcanzaron y pronto tuvieron que dejar de servir la merienda. \u00abNo hab\u00eda con qu\u00e9. Yo soy ama de casa, mi marido vende tortillas asadas en la feria.\u00a0<strong>Toda la plata que nos entraba era para darle de comer a esos chicos,<\/strong>\u00a0hasta que no alcanz\u00f3 m\u00e1s\u00bb, cuenta Fabiana.<\/p>\n<\/div>\n<\/div>\n<div class=\"row pb-content-type-text\">\n<div class=\"col-xs-12 col-print-12\">\n<p class=\"element element-paragraph\">Ella, que es madre de seis hijos,\u00a0<strong>volvi\u00f3 al estado inicial de tristeza<\/strong>: tambi\u00e9n ella hab\u00eda sido ni\u00f1a en ese barrio, tambi\u00e9n ella y todos sus hermanos hab\u00edan necesitado de los comedores y de la empat\u00eda de la gente com\u00fan cuando el Estado hab\u00eda mirado para otro lado.<\/p>\n<\/div>\n<\/div>\n<div class=\"row pb-content-type-image\">\n<figure class=\"element element-image col-xs-12\">\n<div class=\"single-image\"><img decoding=\"async\" id=\"O77AEIWBUZBNJAYE6HO2GZAUHI\" class=\"image-lazy\" src=\"https:\/\/www.infobae.com\/new-resizer\/XgiZH1DV4fjVEpfKmziYIZOL7bI=\/750x0\/filters:quality(100)\/s3.amazonaws.com\/arc-wordpress-client-uploads\/infobae-wp\/%77%70%2d%63%6f%6e%74%65%6e%74\/uploads\/2019\/07\/08163607\/62521131_154502879007887_2540763091646283776_o.jpg\" alt=\"\" width=\"750\" height=\"562.5\" data-url=\"https:\/\/www.infobae.com\/sociedad\/2019\/07\/10\/el-chinwenwencha-la-historia-de-un-heroe-anonimo-detras-del-video-que-es-furor-en-las-redes\/%23O77AEIWBUZBNJAYE6HO2GZAUHI\" data-original=\"https:\/\/www.infobae.com\/new-resizer\/XgiZH1DV4fjVEpfKmziYIZOL7bI=\/750x0\/filters:quality(100)\/s3.amazonaws.com\/arc-wordpress-client-uploads\/infobae-wp\/%77%70%2d%63%6f%6e%74%65%6e%74\/uploads\/2019\/07\/08163607\/62521131_154502879007887_2540763091646283776_o.jpg\" \/><\/div><figcaption class=\"\"><\/figcaption><\/figure>\n<\/div>\n<div class=\"row pb-content-type-text\">\n<div class=\"col-xs-12 col-print-12\">\n<p>&nbsp;<\/p>\n<p class=\"element element-paragraph\">Pocos d\u00edas antes de que Jairo grabara el video, Fabiana y Gustavo Orellana, su marido, reabrieron el comedor \u00abEl alfarero\u00bb con la esperanza de volver a conseguir donaciones.\u00a0<strong>Las donaciones llegaron pero de una forma que jam\u00e1s hubieran podido imaginar:\u00a0<\/strong>cuando en Rosario se\u00a0corri\u00f3 la voz de que \u00abEl chinwenwencha\u00bb era\u00a0<strong>parte del alma del comedor,\u00a0<\/strong>empez\u00f3 a llegar mercader\u00eda de todos lados.<\/p>\n<\/div>\n<\/div>\n<div class=\"row pb-content-type-text\">\n<div class=\"col-xs-12 col-print-12\">\n<p class=\"element element-paragraph\">\u00abLlaman de alg\u00fan lado para donar fideos, harina, az\u00facar pero dicen que\u00a0<strong>me quieren conocer antes<\/strong>, porque hay gente que piensa que capaz las cosas se pueden usar para otro fin\u00bb, cuenta Jairo. \u00abCoordino con los taxistas para ver qui\u00e9n puede pasar a buscar la mercader\u00eda y traerla para los chicos, me pongo a servir la comida, hago lo que haga falta\u00bb.<\/p>\n<\/div>\n<\/div>\n<div class=\"row pb-content-type-image\">\n<figure class=\"element element-image col-xs-12\">\n<div class=\"single-image\"><img decoding=\"async\" id=\"WJPTVCFTPNHENMA2T4DHPWMSBA\" class=\"image-lazy\" src=\"https:\/\/www.infobae.com\/new-resizer\/-E88zMLeQ19pJ1d656--TozOCqo=\/750x0\/filters:quality(100)\/s3.amazonaws.com\/arc-wordpress-client-uploads\/infobae-wp\/%77%70%2d%63%6f%6e%74%65%6e%74\/uploads\/2019\/07\/08163550\/56291007_133336427791199_1018310593825734656_o.jpg\" alt=\"\" width=\"750\" height=\"562.5\" data-url=\"https:\/\/www.infobae.com\/sociedad\/2019\/07\/10\/el-chinwenwencha-la-historia-de-un-heroe-anonimo-detras-del-video-que-es-furor-en-las-redes\/%23WJPTVCFTPNHENMA2T4DHPWMSBA\" data-original=\"https:\/\/www.infobae.com\/new-resizer\/-E88zMLeQ19pJ1d656--TozOCqo=\/750x0\/filters:quality(100)\/s3.amazonaws.com\/arc-wordpress-client-uploads\/infobae-wp\/%77%70%2d%63%6f%6e%74%65%6e%74\/uploads\/2019\/07\/08163550\/56291007_133336427791199_1018310593825734656_o.jpg\" \/><\/div><figcaption class=\"\"><\/figcaption><\/figure>\n<\/div>\n<div class=\"row pb-content-type-text\">\n<div class=\"col-xs-12 col-print-12\">\n<p class=\"element element-paragraph\">En pocos d\u00edas, \u00abun loco hincha de Central que trabaja en una Qu\u00edmica\u00bb mand\u00f3 litros y litros de detergente, cloro, esponjas, desengrasantes. Otro conocido llev\u00f3 ropa. Lo llamaron de Nueva Zelanda para ver qu\u00e9 m\u00e1s necesitaban. Escribi\u00f3 un muchacho desde Italia que le cont\u00f3 que hab\u00eda vivido en un Hogar de ni\u00f1os del barrio, hab\u00eda sido adoptado por una familia \u00abde buen pasar\u00bb cuando ten\u00eda 10 a\u00f1os y ahora quer\u00eda ayudarlos.<\/p>\n<\/div>\n<\/div>\n<div class=\"row pb-content-type-text\">\n<div class=\"col-xs-12 col-print-12\">\n<p class=\"element element-paragraph\"><strong>De darles la merienda pasaron a darles tambi\u00e9n de cenar.\u00a0Por el fr\u00edo, Fabiana termin\u00f3 abriendo las puertas de su casa<\/strong>:\u00a0<strong>40 chicos<\/strong> van a cenar todos los d\u00edas, muchas veces con sus mam\u00e1s. Otros 15 van a buscar comida para llevarse a sus casas. Ahora que empiezan las vacaciones de invierno, tambi\u00e9n van a darles el almuerzo.<\/p>\n<\/div>\n<\/div>\n<div class=\"row pb-content-type-image\">\n<figure class=\"element element-image col-xs-12\">\n<div class=\"single-image\"><img decoding=\"async\" id=\"7TP6FKS2NFBHBFAQD7YR2W32F4\" class=\"image-lazy\" src=\"https:\/\/www.infobae.com\/new-resizer\/-z3mS5XuIKTTiyIip0XJrAQ4EEY=\/750x0\/filters:quality(100)\/s3.amazonaws.com\/arc-wordpress-client-uploads\/infobae-wp\/%77%70%2d%63%6f%6e%74%65%6e%74\/uploads\/2019\/07\/08163423\/35.jpg\" alt=\"\" width=\"750\" height=\"787.5\" data-url=\"https:\/\/www.infobae.com\/sociedad\/2019\/07\/10\/el-chinwenwencha-la-historia-de-un-heroe-anonimo-detras-del-video-que-es-furor-en-las-redes\/%237TP6FKS2NFBHBFAQD7YR2W32F4\" data-original=\"https:\/\/www.infobae.com\/new-resizer\/-z3mS5XuIKTTiyIip0XJrAQ4EEY=\/750x0\/filters:quality(100)\/s3.amazonaws.com\/arc-wordpress-client-uploads\/infobae-wp\/%77%70%2d%63%6f%6e%74%65%6e%74\/uploads\/2019\/07\/08163423\/35.jpg\" \/><\/div><figcaption class=\"\"><\/figcaption><\/figure>\n<\/div>\n<div class=\"row pb-content-type-text\">\n<div class=\"col-xs-12 col-print-12\">\n<p class=\"element element-paragraph\"><strong>\u00abAlgunos solo comen si comen ac\u00e1<\/strong>. Todos los d\u00edas me vienen a preguntar si voy a cocinar. No s\u00f3lo chicos, ahora est\u00e1n viniendo los abuelitos que andan en la calle\u00bb, cuenta Fabiana. \u00abCrecimos mucho -agrega Jairo-, porque empezaron a venir hasta de otros barrios. Crecimos, aunque te digo la verdad: uno no quisiera ver cada vez m\u00e1s chicos con necesidad de comer\u00bb.<\/p>\n<\/div>\n<\/div>\n<div class=\"row pb-content-type-text\">\n<div class=\"col-xs-12 col-print-12\">\n<p class=\"element element-paragraph\">Se corri\u00f3 la voz y le escribieron para regalarle pelotas de f\u00fatbol, bicicletas: \u00abEs que no es s\u00f3lo comer,\u00a0<strong>cuando sos chico necesit\u00e1s m\u00e1s que eso<\/strong>\u00ab, sigue. \u00abEst\u00e1 bueno, los pibitos se ponen re contentos. Comen algo y despu\u00e9s se ponen a jugar\u00bb. A Jairo, adem\u00e1s, empezaron a llamarlo para hacer \u00abpresencias\u00bb en boliches: hay gente que lo espera en la puerta de madrugada con bolsas de ropa para que le lleve a los chicos.<\/p>\n<\/div>\n<\/div>\n<div class=\"row pb-content-type-image\">\n<figure class=\"element element-image col-xs-12\">\n<div class=\"single-image\"><img decoding=\"async\" id=\"RB6J5ILE3NHNBBKXUVK2AXA3LU\" class=\"image-lazy\" src=\"https:\/\/www.infobae.com\/new-resizer\/TreTPMeFqUUBfUPkYOLlb2B7KwE=\/750x0\/filters:quality(100)\/s3.amazonaws.com\/arc-wordpress-client-uploads\/infobae-wp\/%77%70%2d%63%6f%6e%74%65%6e%74\/uploads\/2019\/07\/08163615\/65437148_154087025716139_1888218037371273216_o-1.jpg\" alt=\"\" width=\"750\" height=\"562.5\" data-url=\"https:\/\/www.infobae.com\/sociedad\/2019\/07\/10\/el-chinwenwencha-la-historia-de-un-heroe-anonimo-detras-del-video-que-es-furor-en-las-redes\/%23RB6J5ILE3NHNBBKXUVK2AXA3LU\" data-original=\"https:\/\/www.infobae.com\/new-resizer\/TreTPMeFqUUBfUPkYOLlb2B7KwE=\/750x0\/filters:quality(100)\/s3.amazonaws.com\/arc-wordpress-client-uploads\/infobae-wp\/%77%70%2d%63%6f%6e%74%65%6e%74\/uploads\/2019\/07\/08163615\/65437148_154087025716139_1888218037371273216_o-1.jpg\" \/><\/div><figcaption class=\"\"><\/figcaption><\/figure>\n<\/div>\n<div class=\"row pb-content-type-text\">\n<div class=\"col-xs-12 col-print-12\">\n<p class=\"element element-paragraph\">\u2014\u00bfQu\u00e9 pens\u00e1s de los que tuvieron prejuicios cuando te vieron en el video?<br \/>\n\u2014 Tener un prejuicio habla del otro, de la ignorancia del otro, no de m\u00ed.<\/p>\n<\/div>\n<\/div>\n<div class=\"row pb-content-type-text\">\n<div class=\"col-xs-12 col-print-12\">\n<p class=\"element element-paragraph\">Lo llamaron para conducir un evento solidario en un merendero de Neuqu\u00e9n y Jairo fue. Le pidieron que fuera a otro a Caleta Olivia y tambi\u00e9n fue. \u00abMir\u00e1, yo nunca planifiqu\u00e9 nada la verdad, nunca tuve nada armado. Esta vez s\u00ed,\u00a0<strong>planifiqu\u00e9 usar esto que pas\u00f3 con el video del chinwenwencha para ayudar a estos pibes. Nunca algo me sali\u00f3 tan bien en la vida<\/strong>\u00ab.<\/p>\n<\/div>\n<\/div>\n<div class=\"row pb-content-type-image\">\n<figure class=\"element element-image col-xs-12\">\n<div class=\"single-image\">\n<div class=\"shares\">\n<div class=\"share-button facebook\" data-url=\"https:\/\/www.infobae.com\/sociedad\/2019\/07\/10\/el-chinwenwencha-la-historia-de-un-heroe-anonimo-detras-del-video-que-es-furor-en-las-redes\/%23ZJJN6AJT35CUVFCILU2YRNRZWY\" data-original=\"https:\/\/s3.amazonaws.com\/arc-wordpress-client-uploads\/infobae-wp\/%77%70%2d%63%6f%6e%74%65%6e%74\/uploads\/2019\/07\/08163559\/56775836_634415836985886_7533973681487966302_n.jpg\"><\/div>\n<\/div>\n<p><img decoding=\"async\" id=\"ZJJN6AJT35CUVFCILU2YRNRZWY\" class=\"image-lazy\" src=\"https:\/\/www.infobae.com\/new-resizer\/i6f2-Tpd7ZUR64fcIRHhwwE4Fis=\/750x0\/filters:quality(100)\/s3.amazonaws.com\/arc-wordpress-client-uploads\/infobae-wp\/%77%70%2d%63%6f%6e%74%65%6e%74\/uploads\/2019\/07\/08163559\/56775836_634415836985886_7533973681487966302_n.jpg\" alt=\"Jairo junto a su novia.\" width=\"750\" height=\"750.0\" data-url=\"https:\/\/www.infobae.com\/sociedad\/2019\/07\/10\/el-chinwenwencha-la-historia-de-un-heroe-anonimo-detras-del-video-que-es-furor-en-las-redes\/%23ZJJN6AJT35CUVFCILU2YRNRZWY\" data-original=\"https:\/\/www.infobae.com\/new-resizer\/i6f2-Tpd7ZUR64fcIRHhwwE4Fis=\/750x0\/filters:quality(100)\/s3.amazonaws.com\/arc-wordpress-client-uploads\/infobae-wp\/%77%70%2d%63%6f%6e%74%65%6e%74\/uploads\/2019\/07\/08163559\/56775836_634415836985886_7533973681487966302_n.jpg\" \/><\/div><figcaption class=\"\"><em><span class=\"credit\">Jairo junto a su novia.<\/span><\/em><\/figcaption><\/figure>\n<\/div>\n<div class=\"row pb-content-type-text\">\n<div class=\"col-xs-12 col-print-12\">\n<p class=\"element element-paragraph\">Despu\u00e9s vuelve a casa donde lo espera la otra parte del proyecto de vida que deseaba tener cuando se propuso dejar las drogas: su pareja, Marianela, est\u00e1 embarazada de casi tres meses.<\/p>\n<p><em>Fuente: Infobae\u00a0<\/em><\/p>\n<\/div>\n<\/div>\n","protected":false},"excerpt":{"rendered":"<p>Se llama Jairo Lucero, es taxista y fan\u00e1tico de Rosario Central. Gracias a la viralizaci\u00f3n de una cargada que le mand\u00f3 a un hincha de Newell&#8217;s, m\u00e1s de 50 chicos de Rosario ahora pueden comer.<\/p>\n","protected":false},"author":2,"featured_media":34853,"comment_status":"open","ping_status":"open","sticky":false,"template":"","format":"standard","meta":{"fifu_image_url":"","fifu_image_alt":"","footnotes":""},"categories":[9],"tags":[],"class_list":{"0":"post-34852","1":"post","2":"type-post","3":"status-publish","4":"format-standard","5":"has-post-thumbnail","7":"category-sociedad"},"yoast_head":"<title>&quot;El chinwenwencha&quot;: la historia de un h\u00e9roe an\u00f3nimo detr\u00e1s del video que es furor en las redes - Informe Litoral<\/title>\n<meta name=\"robots\" content=\"index, follow, max-snippet:-1, max-image-preview:large, max-video-preview:-1\" \/>\n<link rel=\"canonical\" href=\"https:\/\/informelitoral.com.ar\/el-chinwenwencha-la-historia-de-un-heroe-anonimo-detras-del-video-que-es-furor-en-las-redes\/\" \/>\n<meta property=\"og:locale\" content=\"es_ES\" \/>\n<meta property=\"og:type\" content=\"article\" \/>\n<meta property=\"og:title\" content=\"&quot;El chinwenwencha&quot;: la historia de un h\u00e9roe an\u00f3nimo detr\u00e1s del video que es furor en las redes - Informe Litoral\" \/>\n<meta property=\"og:description\" content=\"Se llama Jairo Lucero, es taxista y fan\u00e1tico de Rosario Central. Gracias a la viralizaci\u00f3n de una cargada que le mand\u00f3 a un hincha de Newell&#039;s, m\u00e1s de 50 chicos de Rosario ahora pueden comer.\" \/>\n<meta property=\"og:url\" content=\"https:\/\/informelitoral.com.ar\/el-chinwenwencha-la-historia-de-un-heroe-anonimo-detras-del-video-que-es-furor-en-las-redes\/\" \/>\n<meta property=\"og:site_name\" content=\"Informe Litoral\" \/>\n<meta property=\"article:publisher\" content=\"https:\/\/www.facebook.com\/informelitoral\/\" \/>\n<meta property=\"article:published_time\" content=\"2019-07-10T09:05:52+00:00\" \/>\n<meta property=\"article:modified_time\" content=\"2019-07-10T13:12:11+00:00\" \/>\n<meta property=\"og:image\" content=\"https:\/\/informelitoral.com.ar\/%77%70%2d%63%6f%6e%74%65%6e%74\/uploads\/2019\/07\/55560631_2174818452781540_7284051280299819008_n.jpg\" \/>\n\t<meta property=\"og:image:width\" content=\"850\" \/>\n\t<meta property=\"og:image:height\" content=\"453\" \/>\n\t<meta property=\"og:image:type\" content=\"image\/jpeg\" \/>\n<meta name=\"author\" content=\"Gonzalo Schmidt\" \/>\n<meta name=\"twitter:card\" content=\"summary_large_image\" \/>\n<meta name=\"twitter:creator\" content=\"@InformeLitoral\" \/>\n<meta name=\"twitter:site\" content=\"@InformeLitoral\" \/>\n<meta name=\"twitter:label1\" content=\"Escrito por\" \/>\n\t<meta name=\"twitter:data1\" content=\"Gonzalo Schmidt\" \/>\n\t<meta name=\"twitter:label2\" content=\"Tiempo de lectura\" \/>\n\t<meta name=\"twitter:data2\" content=\"7 minutos\" \/>\n<script type=\"application\/ld+json\" class=\"yoast-schema-graph\">{\"@context\":\"https:\\\/\\\/schema.org\",\"@graph\":[{\"@type\":\"Article\",\"@id\":\"https:\\\/\\\/informelitoral.com.ar\\\/el-chinwenwencha-la-historia-de-un-heroe-anonimo-detras-del-video-que-es-furor-en-las-redes\\\/#article\",\"isPartOf\":{\"@id\":\"https:\\\/\\\/informelitoral.com.ar\\\/el-chinwenwencha-la-historia-de-un-heroe-anonimo-detras-del-video-que-es-furor-en-las-redes\\\/\"},\"author\":{\"name\":\"Gonzalo Schmidt\",\"@id\":\"https:\\\/\\\/informelitoral.com.ar\\\/#\\\/schema\\\/person\\\/b9d00407c836482871ef1d57bf8e3180\"},\"headline\":\"\u00abEl chinwenwencha\u00bb: la historia de un h\u00e9roe an\u00f3nimo detr\u00e1s del video que es furor en las redes\",\"datePublished\":\"2019-07-10T09:05:52+00:00\",\"dateModified\":\"2019-07-10T13:12:11+00:00\",\"mainEntityOfPage\":{\"@id\":\"https:\\\/\\\/informelitoral.com.ar\\\/el-chinwenwencha-la-historia-de-un-heroe-anonimo-detras-del-video-que-es-furor-en-las-redes\\\/\"},\"wordCount\":1501,\"commentCount\":0,\"publisher\":{\"@id\":\"https:\\\/\\\/informelitoral.com.ar\\\/#organization\"},\"image\":{\"@id\":\"https:\\\/\\\/informelitoral.com.ar\\\/el-chinwenwencha-la-historia-de-un-heroe-anonimo-detras-del-video-que-es-furor-en-las-redes\\\/#primaryimage\"},\"thumbnailUrl\":\"https:\\\/\\\/informelitoral.com.ar\\\/%77%70%2d%63%6f%6e%74%65%6e%74\\\/uploads\\\/2019\\\/07\\\/55560631_2174818452781540_7284051280299819008_n.jpg\",\"articleSection\":[\"Sociedad\"],\"inLanguage\":\"es\",\"potentialAction\":[{\"@type\":\"CommentAction\",\"name\":\"Comment\",\"target\":[\"https:\\\/\\\/informelitoral.com.ar\\\/el-chinwenwencha-la-historia-de-un-heroe-anonimo-detras-del-video-que-es-furor-en-las-redes\\\/#respond\"]}]},{\"@type\":\"WebPage\",\"@id\":\"https:\\\/\\\/informelitoral.com.ar\\\/el-chinwenwencha-la-historia-de-un-heroe-anonimo-detras-del-video-que-es-furor-en-las-redes\\\/\",\"url\":\"https:\\\/\\\/informelitoral.com.ar\\\/el-chinwenwencha-la-historia-de-un-heroe-anonimo-detras-del-video-que-es-furor-en-las-redes\\\/\",\"name\":\"\\\"El chinwenwencha\\\": la historia de un h\u00e9roe an\u00f3nimo detr\u00e1s del video que es furor en las redes - Informe Litoral\",\"isPartOf\":{\"@id\":\"https:\\\/\\\/informelitoral.com.ar\\\/#website\"},\"primaryImageOfPage\":{\"@id\":\"https:\\\/\\\/informelitoral.com.ar\\\/el-chinwenwencha-la-historia-de-un-heroe-anonimo-detras-del-video-que-es-furor-en-las-redes\\\/#primaryimage\"},\"image\":{\"@id\":\"https:\\\/\\\/informelitoral.com.ar\\\/el-chinwenwencha-la-historia-de-un-heroe-anonimo-detras-del-video-que-es-furor-en-las-redes\\\/#primaryimage\"},\"thumbnailUrl\":\"https:\\\/\\\/informelitoral.com.ar\\\/%77%70%2d%63%6f%6e%74%65%6e%74\\\/uploads\\\/2019\\\/07\\\/55560631_2174818452781540_7284051280299819008_n.jpg\",\"datePublished\":\"2019-07-10T09:05:52+00:00\",\"dateModified\":\"2019-07-10T13:12:11+00:00\",\"breadcrumb\":{\"@id\":\"https:\\\/\\\/informelitoral.com.ar\\\/el-chinwenwencha-la-historia-de-un-heroe-anonimo-detras-del-video-que-es-furor-en-las-redes\\\/#breadcrumb\"},\"inLanguage\":\"es\",\"potentialAction\":[{\"@type\":\"ReadAction\",\"target\":[\"https:\\\/\\\/informelitoral.com.ar\\\/el-chinwenwencha-la-historia-de-un-heroe-anonimo-detras-del-video-que-es-furor-en-las-redes\\\/\"]}]},{\"@type\":\"ImageObject\",\"inLanguage\":\"es\",\"@id\":\"https:\\\/\\\/informelitoral.com.ar\\\/el-chinwenwencha-la-historia-de-un-heroe-anonimo-detras-del-video-que-es-furor-en-las-redes\\\/#primaryimage\",\"url\":\"https:\\\/\\\/informelitoral.com.ar\\\/%77%70%2d%63%6f%6e%74%65%6e%74\\\/uploads\\\/2019\\\/07\\\/55560631_2174818452781540_7284051280299819008_n.jpg\",\"contentUrl\":\"https:\\\/\\\/informelitoral.com.ar\\\/%77%70%2d%63%6f%6e%74%65%6e%74\\\/uploads\\\/2019\\\/07\\\/55560631_2174818452781540_7284051280299819008_n.jpg\",\"width\":850,\"height\":453},{\"@type\":\"BreadcrumbList\",\"@id\":\"https:\\\/\\\/informelitoral.com.ar\\\/el-chinwenwencha-la-historia-de-un-heroe-anonimo-detras-del-video-que-es-furor-en-las-redes\\\/#breadcrumb\",\"itemListElement\":[{\"@type\":\"ListItem\",\"position\":1,\"name\":\"Portada\",\"item\":\"https:\\\/\\\/informelitoral.com.ar\\\/\"},{\"@type\":\"ListItem\",\"position\":2,\"name\":\"\u00abEl chinwenwencha\u00bb: la historia de un h\u00e9roe an\u00f3nimo detr\u00e1s del video que es furor en las redes\"}]},{\"@type\":\"WebSite\",\"@id\":\"https:\\\/\\\/informelitoral.com.ar\\\/#website\",\"url\":\"https:\\\/\\\/informelitoral.com.ar\\\/\",\"name\":\"Informe Litoral\",\"description\":\"&quot;Nos informamos&quot; \",\"publisher\":{\"@id\":\"https:\\\/\\\/informelitoral.com.ar\\\/#organization\"},\"potentialAction\":[{\"@type\":\"SearchAction\",\"target\":{\"@type\":\"EntryPoint\",\"urlTemplate\":\"https:\\\/\\\/informelitoral.com.ar\\\/?s={search_term_string}\"},\"query-input\":{\"@type\":\"PropertyValueSpecification\",\"valueRequired\":true,\"valueName\":\"search_term_string\"}}],\"inLanguage\":\"es\"},{\"@type\":\"Organization\",\"@id\":\"https:\\\/\\\/informelitoral.com.ar\\\/#organization\",\"name\":\"Informe Litoral\",\"url\":\"https:\\\/\\\/informelitoral.com.ar\\\/\",\"logo\":{\"@type\":\"ImageObject\",\"inLanguage\":\"es\",\"@id\":\"https:\\\/\\\/informelitoral.com.ar\\\/#\\\/schema\\\/logo\\\/image\\\/\",\"url\":\"https:\\\/\\\/informelitoral.com.ar\\\/%77%70%2d%63%6f%6e%74%65%6e%74\\\/uploads\\\/2021\\\/01\\\/circulo.png\",\"contentUrl\":\"https:\\\/\\\/informelitoral.com.ar\\\/%77%70%2d%63%6f%6e%74%65%6e%74\\\/uploads\\\/2021\\\/01\\\/circulo.png\",\"width\":723,\"height\":731,\"caption\":\"Informe Litoral\"},\"image\":{\"@id\":\"https:\\\/\\\/informelitoral.com.ar\\\/#\\\/schema\\\/logo\\\/image\\\/\"},\"sameAs\":[\"https:\\\/\\\/www.facebook.com\\\/informelitoral\\\/\",\"https:\\\/\\\/x.com\\\/InformeLitoral\",\"https:\\\/\\\/www.instagram.com\\\/informelitoral\\\/\",\"https:\\\/\\\/www.youtube.com\\\/channel\\\/UCua4Qvz8Icb6MYqhoq9xLXw\"]},{\"@type\":\"Person\",\"@id\":\"https:\\\/\\\/informelitoral.com.ar\\\/#\\\/schema\\\/person\\\/b9d00407c836482871ef1d57bf8e3180\",\"name\":\"Gonzalo Schmidt\",\"image\":{\"@type\":\"ImageObject\",\"inLanguage\":\"es\",\"@id\":\"https:\\\/\\\/secure.gravatar.com\\\/avatar\\\/31a1a7b66ff2de83bd0e9fd79d026630d2d99e55e8bfe501287647b4fd9743de?s=96&d=mm&r=g\",\"url\":\"https:\\\/\\\/secure.gravatar.com\\\/avatar\\\/31a1a7b66ff2de83bd0e9fd79d026630d2d99e55e8bfe501287647b4fd9743de?s=96&d=mm&r=g\",\"contentUrl\":\"https:\\\/\\\/secure.gravatar.com\\\/avatar\\\/31a1a7b66ff2de83bd0e9fd79d026630d2d99e55e8bfe501287647b4fd9743de?s=96&d=mm&r=g\",\"caption\":\"Gonzalo Schmidt\"},\"description\":\"Sitio web de noticias de la provincia de Entre R\u00edos, Argentina. Informaci\u00f3n y entretenimiento. Informe Litoral, nos informamos.\",\"sameAs\":[\"http:\\\/\\\/www.isletasnoticias.com.ar\"],\"url\":\"https:\\\/\\\/informelitoral.com.ar\\\/author\\\/gonzalo\\\/\"}]}<\/script>","yoast_head_json":{"title":"\"El chinwenwencha\": la historia de un h\u00e9roe an\u00f3nimo detr\u00e1s del video que es furor en las redes - Informe Litoral","robots":{"index":"index","follow":"follow","max-snippet":"max-snippet:-1","max-image-preview":"max-image-preview:large","max-video-preview":"max-video-preview:-1"},"canonical":"https:\/\/informelitoral.com.ar\/el-chinwenwencha-la-historia-de-un-heroe-anonimo-detras-del-video-que-es-furor-en-las-redes\/","og_locale":"es_ES","og_type":"article","og_title":"\"El chinwenwencha\": la historia de un h\u00e9roe an\u00f3nimo detr\u00e1s del video que es furor en las redes - Informe Litoral","og_description":"Se llama Jairo Lucero, es taxista y fan\u00e1tico de Rosario Central. Gracias a la viralizaci\u00f3n de una cargada que le mand\u00f3 a un hincha de Newell's, m\u00e1s de 50 chicos de Rosario ahora pueden comer.","og_url":"https:\/\/informelitoral.com.ar\/el-chinwenwencha-la-historia-de-un-heroe-anonimo-detras-del-video-que-es-furor-en-las-redes\/","og_site_name":"Informe Litoral","article_publisher":"https:\/\/www.facebook.com\/informelitoral\/","article_published_time":"2019-07-10T09:05:52+00:00","article_modified_time":"2019-07-10T13:12:11+00:00","og_image":[{"width":850,"height":453,"url":"https:\/\/informelitoral.com.ar\/%77%70%2d%63%6f%6e%74%65%6e%74\/uploads\/2019\/07\/55560631_2174818452781540_7284051280299819008_n.jpg","type":"image\/jpeg"}],"author":"Gonzalo Schmidt","twitter_card":"summary_large_image","twitter_creator":"@InformeLitoral","twitter_site":"@InformeLitoral","twitter_misc":{"Escrito por":"Gonzalo Schmidt","Tiempo de lectura":"7 minutos"},"schema":{"@context":"https:\/\/schema.org","@graph":[{"@type":"Article","@id":"https:\/\/informelitoral.com.ar\/el-chinwenwencha-la-historia-de-un-heroe-anonimo-detras-del-video-que-es-furor-en-las-redes\/#article","isPartOf":{"@id":"https:\/\/informelitoral.com.ar\/el-chinwenwencha-la-historia-de-un-heroe-anonimo-detras-del-video-que-es-furor-en-las-redes\/"},"author":{"name":"Gonzalo Schmidt","@id":"https:\/\/informelitoral.com.ar\/#\/schema\/person\/b9d00407c836482871ef1d57bf8e3180"},"headline":"\u00abEl chinwenwencha\u00bb: la historia de un h\u00e9roe an\u00f3nimo detr\u00e1s del video que es furor en las redes","datePublished":"2019-07-10T09:05:52+00:00","dateModified":"2019-07-10T13:12:11+00:00","mainEntityOfPage":{"@id":"https:\/\/informelitoral.com.ar\/el-chinwenwencha-la-historia-de-un-heroe-anonimo-detras-del-video-que-es-furor-en-las-redes\/"},"wordCount":1501,"commentCount":0,"publisher":{"@id":"https:\/\/informelitoral.com.ar\/#organization"},"image":{"@id":"https:\/\/informelitoral.com.ar\/el-chinwenwencha-la-historia-de-un-heroe-anonimo-detras-del-video-que-es-furor-en-las-redes\/#primaryimage"},"thumbnailUrl":"https:\/\/informelitoral.com.ar\/%77%70%2d%63%6f%6e%74%65%6e%74\/uploads\/2019\/07\/55560631_2174818452781540_7284051280299819008_n.jpg","articleSection":["Sociedad"],"inLanguage":"es","potentialAction":[{"@type":"CommentAction","name":"Comment","target":["https:\/\/informelitoral.com.ar\/el-chinwenwencha-la-historia-de-un-heroe-anonimo-detras-del-video-que-es-furor-en-las-redes\/#respond"]}]},{"@type":"WebPage","@id":"https:\/\/informelitoral.com.ar\/el-chinwenwencha-la-historia-de-un-heroe-anonimo-detras-del-video-que-es-furor-en-las-redes\/","url":"https:\/\/informelitoral.com.ar\/el-chinwenwencha-la-historia-de-un-heroe-anonimo-detras-del-video-que-es-furor-en-las-redes\/","name":"\"El chinwenwencha\": la historia de un h\u00e9roe an\u00f3nimo detr\u00e1s del video que es furor en las redes - Informe Litoral","isPartOf":{"@id":"https:\/\/informelitoral.com.ar\/#website"},"primaryImageOfPage":{"@id":"https:\/\/informelitoral.com.ar\/el-chinwenwencha-la-historia-de-un-heroe-anonimo-detras-del-video-que-es-furor-en-las-redes\/#primaryimage"},"image":{"@id":"https:\/\/informelitoral.com.ar\/el-chinwenwencha-la-historia-de-un-heroe-anonimo-detras-del-video-que-es-furor-en-las-redes\/#primaryimage"},"thumbnailUrl":"https:\/\/informelitoral.com.ar\/%77%70%2d%63%6f%6e%74%65%6e%74\/uploads\/2019\/07\/55560631_2174818452781540_7284051280299819008_n.jpg","datePublished":"2019-07-10T09:05:52+00:00","dateModified":"2019-07-10T13:12:11+00:00","breadcrumb":{"@id":"https:\/\/informelitoral.com.ar\/el-chinwenwencha-la-historia-de-un-heroe-anonimo-detras-del-video-que-es-furor-en-las-redes\/#breadcrumb"},"inLanguage":"es","potentialAction":[{"@type":"ReadAction","target":["https:\/\/informelitoral.com.ar\/el-chinwenwencha-la-historia-de-un-heroe-anonimo-detras-del-video-que-es-furor-en-las-redes\/"]}]},{"@type":"ImageObject","inLanguage":"es","@id":"https:\/\/informelitoral.com.ar\/el-chinwenwencha-la-historia-de-un-heroe-anonimo-detras-del-video-que-es-furor-en-las-redes\/#primaryimage","url":"https:\/\/informelitoral.com.ar\/%77%70%2d%63%6f%6e%74%65%6e%74\/uploads\/2019\/07\/55560631_2174818452781540_7284051280299819008_n.jpg","contentUrl":"https:\/\/informelitoral.com.ar\/%77%70%2d%63%6f%6e%74%65%6e%74\/uploads\/2019\/07\/55560631_2174818452781540_7284051280299819008_n.jpg","width":850,"height":453},{"@type":"BreadcrumbList","@id":"https:\/\/informelitoral.com.ar\/el-chinwenwencha-la-historia-de-un-heroe-anonimo-detras-del-video-que-es-furor-en-las-redes\/#breadcrumb","itemListElement":[{"@type":"ListItem","position":1,"name":"Portada","item":"https:\/\/informelitoral.com.ar\/"},{"@type":"ListItem","position":2,"name":"\u00abEl chinwenwencha\u00bb: la historia de un h\u00e9roe an\u00f3nimo detr\u00e1s del video que es furor en las redes"}]},{"@type":"WebSite","@id":"https:\/\/informelitoral.com.ar\/#website","url":"https:\/\/informelitoral.com.ar\/","name":"Informe Litoral","description":"&quot;Nos informamos&quot; ","publisher":{"@id":"https:\/\/informelitoral.com.ar\/#organization"},"potentialAction":[{"@type":"SearchAction","target":{"@type":"EntryPoint","urlTemplate":"https:\/\/informelitoral.com.ar\/?s={search_term_string}"},"query-input":{"@type":"PropertyValueSpecification","valueRequired":true,"valueName":"search_term_string"}}],"inLanguage":"es"},{"@type":"Organization","@id":"https:\/\/informelitoral.com.ar\/#organization","name":"Informe Litoral","url":"https:\/\/informelitoral.com.ar\/","logo":{"@type":"ImageObject","inLanguage":"es","@id":"https:\/\/informelitoral.com.ar\/#\/schema\/logo\/image\/","url":"https:\/\/informelitoral.com.ar\/%77%70%2d%63%6f%6e%74%65%6e%74\/uploads\/2021\/01\/circulo.png","contentUrl":"https:\/\/informelitoral.com.ar\/%77%70%2d%63%6f%6e%74%65%6e%74\/uploads\/2021\/01\/circulo.png","width":723,"height":731,"caption":"Informe Litoral"},"image":{"@id":"https:\/\/informelitoral.com.ar\/#\/schema\/logo\/image\/"},"sameAs":["https:\/\/www.facebook.com\/informelitoral\/","https:\/\/x.com\/InformeLitoral","https:\/\/www.instagram.com\/informelitoral\/","https:\/\/www.youtube.com\/channel\/UCua4Qvz8Icb6MYqhoq9xLXw"]},{"@type":"Person","@id":"https:\/\/informelitoral.com.ar\/#\/schema\/person\/b9d00407c836482871ef1d57bf8e3180","name":"Gonzalo Schmidt","image":{"@type":"ImageObject","inLanguage":"es","@id":"https:\/\/secure.gravatar.com\/avatar\/31a1a7b66ff2de83bd0e9fd79d026630d2d99e55e8bfe501287647b4fd9743de?s=96&d=mm&r=g","url":"https:\/\/secure.gravatar.com\/avatar\/31a1a7b66ff2de83bd0e9fd79d026630d2d99e55e8bfe501287647b4fd9743de?s=96&d=mm&r=g","contentUrl":"https:\/\/secure.gravatar.com\/avatar\/31a1a7b66ff2de83bd0e9fd79d026630d2d99e55e8bfe501287647b4fd9743de?s=96&d=mm&r=g","caption":"Gonzalo Schmidt"},"description":"Sitio web de noticias de la provincia de Entre R\u00edos, Argentina. Informaci\u00f3n y entretenimiento. Informe Litoral, nos informamos.","sameAs":["http:\/\/www.isletasnoticias.com.ar"],"url":"https:\/\/informelitoral.com.ar\/author\/gonzalo\/"}]}},"_links":{"self":[{"href":"https:\/\/informelitoral.com.ar\/%77%70%2d%6a%73%6f%6e\/wp\/v2\/posts\/34852","targetHints":{"allow":["GET"]}}],"collection":[{"href":"https:\/\/informelitoral.com.ar\/%77%70%2d%6a%73%6f%6e\/wp\/v2\/posts"}],"about":[{"href":"https:\/\/informelitoral.com.ar\/%77%70%2d%6a%73%6f%6e\/wp\/v2\/types\/post"}],"author":[{"embeddable":true,"href":"https:\/\/informelitoral.com.ar\/%77%70%2d%6a%73%6f%6e\/wp\/v2\/users\/2"}],"replies":[{"embeddable":true,"href":"https:\/\/informelitoral.com.ar\/%77%70%2d%6a%73%6f%6e\/wp\/v2\/comments?post=34852"}],"version-history":[{"count":0,"href":"https:\/\/informelitoral.com.ar\/%77%70%2d%6a%73%6f%6e\/wp\/v2\/posts\/34852\/revisions"}],"wp:featuredmedia":[{"embeddable":true,"href":"https:\/\/informelitoral.com.ar\/%77%70%2d%6a%73%6f%6e\/wp\/v2\/media\/34853"}],"wp:attachment":[{"href":"https:\/\/informelitoral.com.ar\/%77%70%2d%6a%73%6f%6e\/wp\/v2\/media?parent=34852"}],"wp:term":[{"taxonomy":"category","embeddable":true,"href":"https:\/\/informelitoral.com.ar\/%77%70%2d%6a%73%6f%6e\/wp\/v2\/categories?post=34852"},{"taxonomy":"post_tag","embeddable":true,"href":"https:\/\/informelitoral.com.ar\/%77%70%2d%6a%73%6f%6e\/wp\/v2\/tags?post=34852"}],"curies":[{"name":"wp","href":"https:\/\/api.w.org\/{rel}","templated":true}]}}