{"id":34842,"date":"2019-07-10T09:38:50","date_gmt":"2019-07-10T12:38:50","guid":{"rendered":"https:\/\/www.isletasnoticias.com.ar\/?p=34842"},"modified":"2019-07-10T09:39:40","modified_gmt":"2019-07-10T12:39:40","slug":"aseguran-que-no-existe-una-decision-politica-de-mejorar-los-caminos-rurales","status":"publish","type":"post","link":"https:\/\/informelitoral.com.ar\/aseguran-que-no-existe-una-decision-politica-de-mejorar-los-caminos-rurales\/","title":{"rendered":"Aseguran que \u00abno existe una decisi\u00f3n pol\u00edtica de mejorar los caminos rurales\u00bb"},"content":{"rendered":"<p>El titular de la Sociedad Rural Gualeguaych\u00fa, J<strong>os\u00e9 Colombatto<\/strong>, se refiri\u00f3 a un tema recurrente como la transitabilidad en la red vial secundaria y terciaria en el departamento. Anunci\u00f3 que la Rural junto al INTA est\u00e1 llevando adelante un ensayo, empleando un sistema agroecol\u00f3gico, en un lote agr\u00edcola. Habl\u00f3 sobre los problemas de sanidad animal que originaron los \u00faltimos temporales.<a href=\"https:\/\/www.isletasnoticias.com.ar\/%77%70%2d%63%6f%6e%74%65%6e%74\/uploads\/2019\/07\/f_1562702195.jpg\"><img loading=\"lazy\" decoding=\"async\" class=\"size-medium wp-image-34843 alignright\" src=\"https:\/\/www.isletasnoticias.com.ar\/%77%70%2d%63%6f%6e%74%65%6e%74\/uploads\/2019\/07\/f_1562702195-300x200.jpg\" alt=\"\" width=\"300\" height=\"200\" srcset=\"https:\/\/informelitoral.com.ar\/%77%70%2d%63%6f%6e%74%65%6e%74\/uploads\/2019\/07\/f_1562702195-300x200.jpg 300w, https:\/\/informelitoral.com.ar\/%77%70%2d%63%6f%6e%74%65%6e%74\/uploads\/2019\/07\/f_1562702195-768x512.jpg 768w, https:\/\/informelitoral.com.ar\/%77%70%2d%63%6f%6e%74%65%6e%74\/uploads\/2019\/07\/f_1562702195-1024x683.jpg 1024w, https:\/\/informelitoral.com.ar\/%77%70%2d%63%6f%6e%74%65%6e%74\/uploads\/2019\/07\/f_1562702195-696x464.jpg 696w, https:\/\/informelitoral.com.ar\/%77%70%2d%63%6f%6e%74%65%6e%74\/uploads\/2019\/07\/f_1562702195-630x420.jpg 630w, https:\/\/informelitoral.com.ar\/%77%70%2d%63%6f%6e%74%65%6e%74\/uploads\/2019\/07\/f_1562702195.jpg 1032w\" sizes=\"auto, (max-width: 300px) 100vw, 300px\" \/><\/a><\/p>\n<p>El dirigente rural indic\u00f3 a <em>Diario EL DIA de Gualeguaych\u00fa<\/em> que los \u00faltimos temporales -seguido de una ola polar- afect\u00f3 a los rodeos vacunos, tanto el de carne como el de leche. Los tambos y los engordes a corral fueron los que m\u00e1s \u201cpadecieron el vendaval de agua y viento que dej\u00f3 a los corrales con mucho barro\u201d. Acot\u00f3 que las \u201cvacas parieron en un clima hostil, registr\u00e1ndose una mortandad importante de terneros y un n\u00famero de ejemplares enfermos a los que hubo que asistir con medicaci\u00f3n\u201d.<\/p>\n<p>Asimismo, Colombatto coment\u00f3 que Cuatro Hermanas se vio severamente afectada por la \u201cinundaci\u00f3n por lluvia\u201d. Dijo que se trata de una zona \u201ctotalmente ganadera, un lugar donde confluyen muchas hect\u00e1reas que den situaciones como las que nos toca vivir quedan anegadas por el agua e improductivas\u201d. Lo m\u00e1s grave es que no se \u201ccuenta con caminos en condiciones para arribar a los campos, y las familias que viven y trabajan en los mismos quedan aisladas, optando muchas por buscar un horizonte m\u00e1s claro y un lugar en donde sus hijos puedan asistir normalmente a la escuela\u201d.<\/p>\n<p>El camino de \u00d1ancay, detalla Colombatto, lo mantiene como puede la Zonal de Islas a cargo de Jos\u00e9 Maetta, pero-destaca- lo que se necesita es una \u201cdecisi\u00f3n pol\u00edtica para encarar-de una buena vez- el tema de los caminos rurales en serio y terminar con parches y arreglos que con la primera lluvia fuerte se desmoronan\u201d.<\/p>\n<p>Dijo que \u201ccada vez cuesta m\u00e1s producir por la falta de caminos en condiciones de ser transitados\u201d. Asegur\u00f3 que desde la Sociedad Rural Gualeguaych\u00fa y la Federaci\u00f3n de Asociaciones Rurales de la provincia no \u201cvamos a bajar los brazos para que la producci\u00f3n entrerriana tenga los caminos que merece\u201d. Asegur\u00f3 que la \u201cgente termina siendo reh\u00e9n de las malas pol\u00edticas de la Direcci\u00f3n Provincial de Vialidad, y esto-aclara- viene desde hace mucho tiempo a esta parte, no pasa por las \u00faltimas dos o tres gestiones en la conducci\u00f3n de la Direcci\u00f3n Provincial de Vialidad. Nadie toma nota y se profundiza el \u00e9xodo rural. La gente est\u00e1 cansada de que sus chicos pierdan semanas de clases, de tener que salir en un tractor o a lomo de caballo en caso de enfermedad\u201d.<\/p>\n<p>Lamentablemente, destaca, el \u201cgobierno con su inacci\u00f3n expulsa a la gente del campo, gener\u00e1ndose un desarraigo muy duro, dado que la gente deja su \u00e1mbito rural para trasladarse a uno urbano con un futuro incierto por delante\u201d.<\/p>\n<p><strong>Capacitaci\u00f3n<\/strong><\/p>\n<p>En otro orden el dirigente anunci\u00f3 que este jueves 11 de julio en las instalaciones de Urquiza 881 se dictar\u00e1 un curso a cargo de la ingeniera agr\u00f3noma Gabriela Zermattem. Se trata de una capacitaci\u00f3n a efectivos de la Polic\u00eda, relacionado a la Ley de Plaguicidas a los efectos de conocer los alcances de la misma.<\/p>\n<p>Sobre el tercer foro provincial de Agroecolog\u00eda que se desarroll\u00f3, d\u00edas pasados, en el sal\u00f3n del Concejo Deliberante, se\u00f1al\u00f3 que \u201cgente de la comisi\u00f3n directiva concurri\u00f3 al evento para ver, escuchar y sacar conclusiones. Seguramente habr\u00e1 gente a las que esa forma de producir le puede resultar rentable, como a otra no. Es bueno que la gente se informe\u201d.<\/p>\n<p>Al respecto indic\u00f3 que la \u201cSociedad Rural Gualeguaych\u00fa est\u00e1 realizando una prueba piloto sobre Agroecolog\u00eda en un campo que es monitoreado por el INTA. Se trata de un trabajo agr\u00edcola muy serio para saber, a ciencia cierta, si la agroecolog\u00eda es viable\u201d. Record\u00f3 que en el gobierno nacional anterior \u201clos productores se inclinaron por la soja a la cual transformaron en un monocultivo porque no les quedaba otra. Fue soja sobre soja. De ah\u00ed partimos, quedando claro que no fue un capricho del productor trabajar \u00fanicamente con la oleaginosa\u201d. Afirm\u00f3 que el \u201cchacarero es el m\u00e1s celoso a la hora de cuidar el medio ambiente, porque trabaja su tierra, cuida el recurso suelo para que sus hijos y nietos contin\u00faen el camino que le legaron sus mayores, haciendo la rotaci\u00f3n correspondiente\u201d.<\/p>\n<p><em><strong>TE PUEDE INTERESAR:\u00a0<\/strong><\/em><\/p>\n<blockquote class=\"wp-embedded-content\" data-secret=\"t1IbbGo0bC\"><p><a href=\"https:\/\/www.isletasnoticias.com.ar\/monge-le-reclama-a-vialidad-provincial-que-mejore-los-caminos-de-la-produccion\/\">Monge le reclama a Vialidad Provincial que mejore los caminos de la producci\u00f3n<\/a><\/p><\/blockquote>\n<p><iframe loading=\"lazy\" title=\"&#171;Monge le reclama a Vialidad Provincial que mejore los caminos de la producci\u00f3n&#187; &#8212; Isletas Noticias\" class=\"wp-embedded-content\" sandbox=\"allow-scripts\" security=\"restricted\" style=\"position: absolute; clip: rect(1px, 1px, 1px, 1px);\" src=\"https:\/\/www.isletasnoticias.com.ar\/monge-le-reclama-a-vialidad-provincial-que-mejore-los-caminos-de-la-produccion\/embed\/#?secret=t1IbbGo0bC\" data-secret=\"t1IbbGo0bC\" width=\"600\" height=\"338\" frameborder=\"0\" marginwidth=\"0\" marginheight=\"0\" scrolling=\"no\"><\/iframe><\/p>\n","protected":false},"excerpt":{"rendered":"<p>Lo dijo el titular de la Sociedad Rural Gualeguaych\u00fa, Jos\u00e9 Colombatto. Adem\u00e1s, cont\u00f3 que junto al INTA est\u00e1n haciendo una prueba piloto sobre Agroecolog\u00eda en un campo.<\/p>\n","protected":false},"author":2,"featured_media":29094,"comment_status":"open","ping_status":"open","sticky":false,"template":"","format":"standard","meta":{"fifu_image_url":"","fifu_image_alt":"","footnotes":""},"categories":[10],"tags":[106,120,865,108],"class_list":{"0":"post-34842","1":"post","2":"type-post","3":"status-publish","4":"format-standard","5":"has-post-thumbnail","7":"category-campo","8":"tag-caminos","9":"tag-produccion","10":"tag-sociedad-rural","11":"tag-vialidad"},"yoast_head":"<title>Aseguran que &quot;no existe una decisi\u00f3n pol\u00edtica de mejorar los caminos rurales&quot; - Informe Litoral<\/title>\n<meta name=\"robots\" content=\"index, follow, max-snippet:-1, max-image-preview:large, max-video-preview:-1\" \/>\n<link rel=\"canonical\" href=\"https:\/\/informelitoral.com.ar\/aseguran-que-no-existe-una-decision-politica-de-mejorar-los-caminos-rurales\/\" \/>\n<meta property=\"og:locale\" content=\"es_ES\" \/>\n<meta property=\"og:type\" content=\"article\" \/>\n<meta property=\"og:title\" content=\"Aseguran que &quot;no existe una decisi\u00f3n pol\u00edtica de mejorar los caminos rurales&quot; - Informe Litoral\" \/>\n<meta property=\"og:description\" content=\"Lo dijo el titular de la Sociedad Rural Gualeguaych\u00fa, Jos\u00e9 Colombatto. Adem\u00e1s, cont\u00f3 que junto al INTA est\u00e1n haciendo una prueba piloto sobre Agroecolog\u00eda en un campo.\" \/>\n<meta property=\"og:url\" content=\"https:\/\/informelitoral.com.ar\/aseguran-que-no-existe-una-decision-politica-de-mejorar-los-caminos-rurales\/\" \/>\n<meta property=\"og:site_name\" content=\"Informe Litoral\" \/>\n<meta property=\"article:publisher\" content=\"https:\/\/www.facebook.com\/informelitoral\/\" \/>\n<meta property=\"article:published_time\" content=\"2019-07-10T12:38:50+00:00\" \/>\n<meta property=\"article:modified_time\" content=\"2019-07-10T12:39:40+00:00\" \/>\n<meta property=\"og:image\" content=\"https:\/\/informelitoral.com.ar\/%77%70%2d%63%6f%6e%74%65%6e%74\/uploads\/2018\/08\/caminosrurales.jpg\" \/>\n\t<meta property=\"og:image:width\" content=\"640\" \/>\n\t<meta property=\"og:image:height\" content=\"462\" \/>\n\t<meta property=\"og:image:type\" content=\"image\/jpeg\" \/>\n<meta name=\"author\" content=\"Gonzalo Schmidt\" \/>\n<meta name=\"twitter:card\" content=\"summary_large_image\" \/>\n<meta name=\"twitter:creator\" content=\"@InformeLitoral\" \/>\n<meta name=\"twitter:site\" content=\"@InformeLitoral\" \/>\n<meta name=\"twitter:label1\" content=\"Escrito por\" \/>\n\t<meta name=\"twitter:data1\" content=\"Gonzalo Schmidt\" \/>\n\t<meta name=\"twitter:label2\" content=\"Tiempo de lectura\" \/>\n\t<meta name=\"twitter:data2\" content=\"4 minutos\" \/>\n<script type=\"application\/ld+json\" class=\"yoast-schema-graph\">{\"@context\":\"https:\\\/\\\/schema.org\",\"@graph\":[{\"@type\":\"Article\",\"@id\":\"https:\\\/\\\/informelitoral.com.ar\\\/aseguran-que-no-existe-una-decision-politica-de-mejorar-los-caminos-rurales\\\/#article\",\"isPartOf\":{\"@id\":\"https:\\\/\\\/informelitoral.com.ar\\\/aseguran-que-no-existe-una-decision-politica-de-mejorar-los-caminos-rurales\\\/\"},\"author\":{\"name\":\"Gonzalo Schmidt\",\"@id\":\"https:\\\/\\\/informelitoral.com.ar\\\/#\\\/schema\\\/person\\\/b9d00407c836482871ef1d57bf8e3180\"},\"headline\":\"Aseguran que \u00abno existe una decisi\u00f3n pol\u00edtica de mejorar los caminos rurales\u00bb\",\"datePublished\":\"2019-07-10T12:38:50+00:00\",\"dateModified\":\"2019-07-10T12:39:40+00:00\",\"mainEntityOfPage\":{\"@id\":\"https:\\\/\\\/informelitoral.com.ar\\\/aseguran-que-no-existe-una-decision-politica-de-mejorar-los-caminos-rurales\\\/\"},\"wordCount\":771,\"commentCount\":0,\"publisher\":{\"@id\":\"https:\\\/\\\/informelitoral.com.ar\\\/#organization\"},\"image\":{\"@id\":\"https:\\\/\\\/informelitoral.com.ar\\\/aseguran-que-no-existe-una-decision-politica-de-mejorar-los-caminos-rurales\\\/#primaryimage\"},\"thumbnailUrl\":\"https:\\\/\\\/informelitoral.com.ar\\\/%77%70%2d%63%6f%6e%74%65%6e%74\\\/uploads\\\/2018\\\/08\\\/caminosrurales.jpg\",\"keywords\":[\"Caminos\",\"Producci\u00f3n\",\"Sociedad Rural\",\"Vialidad\"],\"articleSection\":[\"Campo\"],\"inLanguage\":\"es\",\"potentialAction\":[{\"@type\":\"CommentAction\",\"name\":\"Comment\",\"target\":[\"https:\\\/\\\/informelitoral.com.ar\\\/aseguran-que-no-existe-una-decision-politica-de-mejorar-los-caminos-rurales\\\/#respond\"]}]},{\"@type\":\"WebPage\",\"@id\":\"https:\\\/\\\/informelitoral.com.ar\\\/aseguran-que-no-existe-una-decision-politica-de-mejorar-los-caminos-rurales\\\/\",\"url\":\"https:\\\/\\\/informelitoral.com.ar\\\/aseguran-que-no-existe-una-decision-politica-de-mejorar-los-caminos-rurales\\\/\",\"name\":\"Aseguran que \\\"no existe una decisi\u00f3n pol\u00edtica de mejorar los caminos rurales\\\" - Informe Litoral\",\"isPartOf\":{\"@id\":\"https:\\\/\\\/informelitoral.com.ar\\\/#website\"},\"primaryImageOfPage\":{\"@id\":\"https:\\\/\\\/informelitoral.com.ar\\\/aseguran-que-no-existe-una-decision-politica-de-mejorar-los-caminos-rurales\\\/#primaryimage\"},\"image\":{\"@id\":\"https:\\\/\\\/informelitoral.com.ar\\\/aseguran-que-no-existe-una-decision-politica-de-mejorar-los-caminos-rurales\\\/#primaryimage\"},\"thumbnailUrl\":\"https:\\\/\\\/informelitoral.com.ar\\\/%77%70%2d%63%6f%6e%74%65%6e%74\\\/uploads\\\/2018\\\/08\\\/caminosrurales.jpg\",\"datePublished\":\"2019-07-10T12:38:50+00:00\",\"dateModified\":\"2019-07-10T12:39:40+00:00\",\"breadcrumb\":{\"@id\":\"https:\\\/\\\/informelitoral.com.ar\\\/aseguran-que-no-existe-una-decision-politica-de-mejorar-los-caminos-rurales\\\/#breadcrumb\"},\"inLanguage\":\"es\",\"potentialAction\":[{\"@type\":\"ReadAction\",\"target\":[\"https:\\\/\\\/informelitoral.com.ar\\\/aseguran-que-no-existe-una-decision-politica-de-mejorar-los-caminos-rurales\\\/\"]}]},{\"@type\":\"ImageObject\",\"inLanguage\":\"es\",\"@id\":\"https:\\\/\\\/informelitoral.com.ar\\\/aseguran-que-no-existe-una-decision-politica-de-mejorar-los-caminos-rurales\\\/#primaryimage\",\"url\":\"https:\\\/\\\/informelitoral.com.ar\\\/%77%70%2d%63%6f%6e%74%65%6e%74\\\/uploads\\\/2018\\\/08\\\/caminosrurales.jpg\",\"contentUrl\":\"https:\\\/\\\/informelitoral.com.ar\\\/%77%70%2d%63%6f%6e%74%65%6e%74\\\/uploads\\\/2018\\\/08\\\/caminosrurales.jpg\",\"width\":640,\"height\":462},{\"@type\":\"BreadcrumbList\",\"@id\":\"https:\\\/\\\/informelitoral.com.ar\\\/aseguran-que-no-existe-una-decision-politica-de-mejorar-los-caminos-rurales\\\/#breadcrumb\",\"itemListElement\":[{\"@type\":\"ListItem\",\"position\":1,\"name\":\"Portada\",\"item\":\"https:\\\/\\\/informelitoral.com.ar\\\/\"},{\"@type\":\"ListItem\",\"position\":2,\"name\":\"Aseguran que \u00abno existe una decisi\u00f3n pol\u00edtica de mejorar los caminos rurales\u00bb\"}]},{\"@type\":\"WebSite\",\"@id\":\"https:\\\/\\\/informelitoral.com.ar\\\/#website\",\"url\":\"https:\\\/\\\/informelitoral.com.ar\\\/\",\"name\":\"Informe Litoral\",\"description\":\"&quot;Nos informamos&quot; \",\"publisher\":{\"@id\":\"https:\\\/\\\/informelitoral.com.ar\\\/#organization\"},\"potentialAction\":[{\"@type\":\"SearchAction\",\"target\":{\"@type\":\"EntryPoint\",\"urlTemplate\":\"https:\\\/\\\/informelitoral.com.ar\\\/?s={search_term_string}\"},\"query-input\":{\"@type\":\"PropertyValueSpecification\",\"valueRequired\":true,\"valueName\":\"search_term_string\"}}],\"inLanguage\":\"es\"},{\"@type\":\"Organization\",\"@id\":\"https:\\\/\\\/informelitoral.com.ar\\\/#organization\",\"name\":\"Informe Litoral\",\"url\":\"https:\\\/\\\/informelitoral.com.ar\\\/\",\"logo\":{\"@type\":\"ImageObject\",\"inLanguage\":\"es\",\"@id\":\"https:\\\/\\\/informelitoral.com.ar\\\/#\\\/schema\\\/logo\\\/image\\\/\",\"url\":\"https:\\\/\\\/informelitoral.com.ar\\\/%77%70%2d%63%6f%6e%74%65%6e%74\\\/uploads\\\/2021\\\/01\\\/circulo.png\",\"contentUrl\":\"https:\\\/\\\/informelitoral.com.ar\\\/%77%70%2d%63%6f%6e%74%65%6e%74\\\/uploads\\\/2021\\\/01\\\/circulo.png\",\"width\":723,\"height\":731,\"caption\":\"Informe Litoral\"},\"image\":{\"@id\":\"https:\\\/\\\/informelitoral.com.ar\\\/#\\\/schema\\\/logo\\\/image\\\/\"},\"sameAs\":[\"https:\\\/\\\/www.facebook.com\\\/informelitoral\\\/\",\"https:\\\/\\\/x.com\\\/InformeLitoral\",\"https:\\\/\\\/www.instagram.com\\\/informelitoral\\\/\",\"https:\\\/\\\/www.youtube.com\\\/channel\\\/UCua4Qvz8Icb6MYqhoq9xLXw\"]},{\"@type\":\"Person\",\"@id\":\"https:\\\/\\\/informelitoral.com.ar\\\/#\\\/schema\\\/person\\\/b9d00407c836482871ef1d57bf8e3180\",\"name\":\"Gonzalo Schmidt\",\"image\":{\"@type\":\"ImageObject\",\"inLanguage\":\"es\",\"@id\":\"https:\\\/\\\/secure.gravatar.com\\\/avatar\\\/31a1a7b66ff2de83bd0e9fd79d026630d2d99e55e8bfe501287647b4fd9743de?s=96&d=mm&r=g\",\"url\":\"https:\\\/\\\/secure.gravatar.com\\\/avatar\\\/31a1a7b66ff2de83bd0e9fd79d026630d2d99e55e8bfe501287647b4fd9743de?s=96&d=mm&r=g\",\"contentUrl\":\"https:\\\/\\\/secure.gravatar.com\\\/avatar\\\/31a1a7b66ff2de83bd0e9fd79d026630d2d99e55e8bfe501287647b4fd9743de?s=96&d=mm&r=g\",\"caption\":\"Gonzalo Schmidt\"},\"description\":\"Sitio web de noticias de la provincia de Entre R\u00edos, Argentina. Informaci\u00f3n y entretenimiento. Informe Litoral, nos informamos.\",\"sameAs\":[\"http:\\\/\\\/www.isletasnoticias.com.ar\"],\"url\":\"https:\\\/\\\/informelitoral.com.ar\\\/author\\\/gonzalo\\\/\"}]}<\/script>","yoast_head_json":{"title":"Aseguran que \"no existe una decisi\u00f3n pol\u00edtica de mejorar los caminos rurales\" - Informe Litoral","robots":{"index":"index","follow":"follow","max-snippet":"max-snippet:-1","max-image-preview":"max-image-preview:large","max-video-preview":"max-video-preview:-1"},"canonical":"https:\/\/informelitoral.com.ar\/aseguran-que-no-existe-una-decision-politica-de-mejorar-los-caminos-rurales\/","og_locale":"es_ES","og_type":"article","og_title":"Aseguran que \"no existe una decisi\u00f3n pol\u00edtica de mejorar los caminos rurales\" - Informe Litoral","og_description":"Lo dijo el titular de la Sociedad Rural Gualeguaych\u00fa, Jos\u00e9 Colombatto. Adem\u00e1s, cont\u00f3 que junto al INTA est\u00e1n haciendo una prueba piloto sobre Agroecolog\u00eda en un campo.","og_url":"https:\/\/informelitoral.com.ar\/aseguran-que-no-existe-una-decision-politica-de-mejorar-los-caminos-rurales\/","og_site_name":"Informe Litoral","article_publisher":"https:\/\/www.facebook.com\/informelitoral\/","article_published_time":"2019-07-10T12:38:50+00:00","article_modified_time":"2019-07-10T12:39:40+00:00","og_image":[{"width":640,"height":462,"url":"https:\/\/informelitoral.com.ar\/%77%70%2d%63%6f%6e%74%65%6e%74\/uploads\/2018\/08\/caminosrurales.jpg","type":"image\/jpeg"}],"author":"Gonzalo Schmidt","twitter_card":"summary_large_image","twitter_creator":"@InformeLitoral","twitter_site":"@InformeLitoral","twitter_misc":{"Escrito por":"Gonzalo Schmidt","Tiempo de lectura":"4 minutos"},"schema":{"@context":"https:\/\/schema.org","@graph":[{"@type":"Article","@id":"https:\/\/informelitoral.com.ar\/aseguran-que-no-existe-una-decision-politica-de-mejorar-los-caminos-rurales\/#article","isPartOf":{"@id":"https:\/\/informelitoral.com.ar\/aseguran-que-no-existe-una-decision-politica-de-mejorar-los-caminos-rurales\/"},"author":{"name":"Gonzalo Schmidt","@id":"https:\/\/informelitoral.com.ar\/#\/schema\/person\/b9d00407c836482871ef1d57bf8e3180"},"headline":"Aseguran que \u00abno existe una decisi\u00f3n pol\u00edtica de mejorar los caminos rurales\u00bb","datePublished":"2019-07-10T12:38:50+00:00","dateModified":"2019-07-10T12:39:40+00:00","mainEntityOfPage":{"@id":"https:\/\/informelitoral.com.ar\/aseguran-que-no-existe-una-decision-politica-de-mejorar-los-caminos-rurales\/"},"wordCount":771,"commentCount":0,"publisher":{"@id":"https:\/\/informelitoral.com.ar\/#organization"},"image":{"@id":"https:\/\/informelitoral.com.ar\/aseguran-que-no-existe-una-decision-politica-de-mejorar-los-caminos-rurales\/#primaryimage"},"thumbnailUrl":"https:\/\/informelitoral.com.ar\/%77%70%2d%63%6f%6e%74%65%6e%74\/uploads\/2018\/08\/caminosrurales.jpg","keywords":["Caminos","Producci\u00f3n","Sociedad Rural","Vialidad"],"articleSection":["Campo"],"inLanguage":"es","potentialAction":[{"@type":"CommentAction","name":"Comment","target":["https:\/\/informelitoral.com.ar\/aseguran-que-no-existe-una-decision-politica-de-mejorar-los-caminos-rurales\/#respond"]}]},{"@type":"WebPage","@id":"https:\/\/informelitoral.com.ar\/aseguran-que-no-existe-una-decision-politica-de-mejorar-los-caminos-rurales\/","url":"https:\/\/informelitoral.com.ar\/aseguran-que-no-existe-una-decision-politica-de-mejorar-los-caminos-rurales\/","name":"Aseguran que \"no existe una decisi\u00f3n pol\u00edtica de mejorar los caminos rurales\" - Informe Litoral","isPartOf":{"@id":"https:\/\/informelitoral.com.ar\/#website"},"primaryImageOfPage":{"@id":"https:\/\/informelitoral.com.ar\/aseguran-que-no-existe-una-decision-politica-de-mejorar-los-caminos-rurales\/#primaryimage"},"image":{"@id":"https:\/\/informelitoral.com.ar\/aseguran-que-no-existe-una-decision-politica-de-mejorar-los-caminos-rurales\/#primaryimage"},"thumbnailUrl":"https:\/\/informelitoral.com.ar\/%77%70%2d%63%6f%6e%74%65%6e%74\/uploads\/2018\/08\/caminosrurales.jpg","datePublished":"2019-07-10T12:38:50+00:00","dateModified":"2019-07-10T12:39:40+00:00","breadcrumb":{"@id":"https:\/\/informelitoral.com.ar\/aseguran-que-no-existe-una-decision-politica-de-mejorar-los-caminos-rurales\/#breadcrumb"},"inLanguage":"es","potentialAction":[{"@type":"ReadAction","target":["https:\/\/informelitoral.com.ar\/aseguran-que-no-existe-una-decision-politica-de-mejorar-los-caminos-rurales\/"]}]},{"@type":"ImageObject","inLanguage":"es","@id":"https:\/\/informelitoral.com.ar\/aseguran-que-no-existe-una-decision-politica-de-mejorar-los-caminos-rurales\/#primaryimage","url":"https:\/\/informelitoral.com.ar\/%77%70%2d%63%6f%6e%74%65%6e%74\/uploads\/2018\/08\/caminosrurales.jpg","contentUrl":"https:\/\/informelitoral.com.ar\/%77%70%2d%63%6f%6e%74%65%6e%74\/uploads\/2018\/08\/caminosrurales.jpg","width":640,"height":462},{"@type":"BreadcrumbList","@id":"https:\/\/informelitoral.com.ar\/aseguran-que-no-existe-una-decision-politica-de-mejorar-los-caminos-rurales\/#breadcrumb","itemListElement":[{"@type":"ListItem","position":1,"name":"Portada","item":"https:\/\/informelitoral.com.ar\/"},{"@type":"ListItem","position":2,"name":"Aseguran que \u00abno existe una decisi\u00f3n pol\u00edtica de mejorar los caminos rurales\u00bb"}]},{"@type":"WebSite","@id":"https:\/\/informelitoral.com.ar\/#website","url":"https:\/\/informelitoral.com.ar\/","name":"Informe Litoral","description":"&quot;Nos informamos&quot; ","publisher":{"@id":"https:\/\/informelitoral.com.ar\/#organization"},"potentialAction":[{"@type":"SearchAction","target":{"@type":"EntryPoint","urlTemplate":"https:\/\/informelitoral.com.ar\/?s={search_term_string}"},"query-input":{"@type":"PropertyValueSpecification","valueRequired":true,"valueName":"search_term_string"}}],"inLanguage":"es"},{"@type":"Organization","@id":"https:\/\/informelitoral.com.ar\/#organization","name":"Informe Litoral","url":"https:\/\/informelitoral.com.ar\/","logo":{"@type":"ImageObject","inLanguage":"es","@id":"https:\/\/informelitoral.com.ar\/#\/schema\/logo\/image\/","url":"https:\/\/informelitoral.com.ar\/%77%70%2d%63%6f%6e%74%65%6e%74\/uploads\/2021\/01\/circulo.png","contentUrl":"https:\/\/informelitoral.com.ar\/%77%70%2d%63%6f%6e%74%65%6e%74\/uploads\/2021\/01\/circulo.png","width":723,"height":731,"caption":"Informe Litoral"},"image":{"@id":"https:\/\/informelitoral.com.ar\/#\/schema\/logo\/image\/"},"sameAs":["https:\/\/www.facebook.com\/informelitoral\/","https:\/\/x.com\/InformeLitoral","https:\/\/www.instagram.com\/informelitoral\/","https:\/\/www.youtube.com\/channel\/UCua4Qvz8Icb6MYqhoq9xLXw"]},{"@type":"Person","@id":"https:\/\/informelitoral.com.ar\/#\/schema\/person\/b9d00407c836482871ef1d57bf8e3180","name":"Gonzalo Schmidt","image":{"@type":"ImageObject","inLanguage":"es","@id":"https:\/\/secure.gravatar.com\/avatar\/31a1a7b66ff2de83bd0e9fd79d026630d2d99e55e8bfe501287647b4fd9743de?s=96&d=mm&r=g","url":"https:\/\/secure.gravatar.com\/avatar\/31a1a7b66ff2de83bd0e9fd79d026630d2d99e55e8bfe501287647b4fd9743de?s=96&d=mm&r=g","contentUrl":"https:\/\/secure.gravatar.com\/avatar\/31a1a7b66ff2de83bd0e9fd79d026630d2d99e55e8bfe501287647b4fd9743de?s=96&d=mm&r=g","caption":"Gonzalo Schmidt"},"description":"Sitio web de noticias de la provincia de Entre R\u00edos, Argentina. Informaci\u00f3n y entretenimiento. Informe Litoral, nos informamos.","sameAs":["http:\/\/www.isletasnoticias.com.ar"],"url":"https:\/\/informelitoral.com.ar\/author\/gonzalo\/"}]}},"_links":{"self":[{"href":"https:\/\/informelitoral.com.ar\/%77%70%2d%6a%73%6f%6e\/wp\/v2\/posts\/34842","targetHints":{"allow":["GET"]}}],"collection":[{"href":"https:\/\/informelitoral.com.ar\/%77%70%2d%6a%73%6f%6e\/wp\/v2\/posts"}],"about":[{"href":"https:\/\/informelitoral.com.ar\/%77%70%2d%6a%73%6f%6e\/wp\/v2\/types\/post"}],"author":[{"embeddable":true,"href":"https:\/\/informelitoral.com.ar\/%77%70%2d%6a%73%6f%6e\/wp\/v2\/users\/2"}],"replies":[{"embeddable":true,"href":"https:\/\/informelitoral.com.ar\/%77%70%2d%6a%73%6f%6e\/wp\/v2\/comments?post=34842"}],"version-history":[{"count":0,"href":"https:\/\/informelitoral.com.ar\/%77%70%2d%6a%73%6f%6e\/wp\/v2\/posts\/34842\/revisions"}],"wp:featuredmedia":[{"embeddable":true,"href":"https:\/\/informelitoral.com.ar\/%77%70%2d%6a%73%6f%6e\/wp\/v2\/media\/29094"}],"wp:attachment":[{"href":"https:\/\/informelitoral.com.ar\/%77%70%2d%6a%73%6f%6e\/wp\/v2\/media?parent=34842"}],"wp:term":[{"taxonomy":"category","embeddable":true,"href":"https:\/\/informelitoral.com.ar\/%77%70%2d%6a%73%6f%6e\/wp\/v2\/categories?post=34842"},{"taxonomy":"post_tag","embeddable":true,"href":"https:\/\/informelitoral.com.ar\/%77%70%2d%6a%73%6f%6e\/wp\/v2\/tags?post=34842"}],"curies":[{"name":"wp","href":"https:\/\/api.w.org\/{rel}","templated":true}]}}